{"id":84327,"date":"2026-09-06T15:47:20","date_gmt":"2026-09-06T15:47:20","guid":{"rendered":"https:\/\/ferabrajan.com\/portal\/?p=84327"},"modified":"2026-09-06T15:47:20","modified_gmt":"2026-09-06T15:47:20","slug":"mas-maquinaria-caminos-y-obra-comunitaria-armenta-anuncia-nuevas-inversiones-para-puebla","status":"publish","type":"post","link":"https:\/\/ferabrajan.com\/portal\/2026\/09\/06\/mas-maquinaria-caminos-y-obra-comunitaria-armenta-anuncia-nuevas-inversiones-para-puebla\/","title":{"rendered":"\u00a1M\u00e1s maquinaria, caminos y obra comunitaria! Armenta anuncia nuevas inversiones para Puebla"},"content":{"rendered":"<p class=\"isSelectedEnd\"><strong>Xiutetelco, Pue.<\/strong>\u2013 El gobernador <strong>Alejandro Armenta Mier<\/strong> anunci\u00f3 nuevas inversiones para fortalecer el campo, ampliar el Programa de Obra Comunitaria y mejorar la conectividad regional, durante una jornada de entrega de apoyos realizada en <strong>Xiutetelco<\/strong>, donde adelant\u00f3 la rehabilitaci\u00f3n de la carretera <strong>Xiutetelco-Tepeyahualco-Perote<\/strong>.<\/p>\n<p class=\"isSelectedEnd\">Para 2026, el Gobierno de Puebla destina <strong>mil 500 millones de pesos al Programa de Obra Comunitaria<\/strong>, con una meta de 6 mil acciones, mientras que para 2027 se prev\u00e9 aumentar el presupuesto a <strong>2 mil millones de pesos<\/strong>. Los recursos pueden utilizarse en caminos, agua potable, escuelas, espacios deportivos, mercados, infraestructura tur\u00edstica y proyectos productivos, de acuerdo con las prioridades definidas por las propias comunidades.<\/p>\n<p class=\"isSelectedEnd\">El mandatario tambi\u00e9n destac\u00f3 el crecimiento de la maquinaria disponible para el sector agr\u00edcola. Puebla pas\u00f3 de contar con 800 equipos adquiridos en 2025 a <strong>mil 800 actualmente<\/strong>, con los que se atienden m\u00e1s de 200 mil hect\u00e1reas. La meta es llegar a <strong>2 mil 500 equipos en 2027 y 4 mil para 2030<\/strong>, con la intenci\u00f3n de ampliar la superficie productiva y apoyar a m\u00e1s familias del campo.<\/p>\n<p class=\"isSelectedEnd\">En materia carretera, Armenta anunci\u00f3 el inicio de trabajos para rehabilitar la v\u00eda <strong>Xiutetelco-Tepeyahualco-Perote<\/strong>, adem\u00e1s de atender caminos que conectan con Chilchotla, La Fragua, Quimixtl\u00e1n y la zona de Libres-Oriental. Para acelerar estas obras, el estado cuenta con <strong>13 trenes de pavimento<\/strong>, adquiridos para reducir tiempos y costos de construcci\u00f3n.<\/p>\n<p><img fetchpriority=\"high\" decoding=\"async\" class=\"alignnone size-medium wp-image-84328\" src=\"https:\/\/ferabrajan.com\/portal\/wp-content\/uploads\/2026\/09\/Fotos4_17-300x185.jpeg\" alt=\"\" width=\"300\" height=\"185\" srcset=\"https:\/\/ferabrajan.com\/portal\/wp-content\/uploads\/2026\/09\/Fotos4_17-300x185.jpeg 300w, https:\/\/ferabrajan.com\/portal\/wp-content\/uploads\/2026\/09\/Fotos4_17-1024x632.jpeg 1024w, https:\/\/ferabrajan.com\/portal\/wp-content\/uploads\/2026\/09\/Fotos4_17-768x474.jpeg 768w, https:\/\/ferabrajan.com\/portal\/wp-content\/uploads\/2026\/09\/Fotos4_17.jpeg 1280w\" sizes=\"(max-width: 300px) 100vw, 300px\" \/> <img decoding=\"async\" class=\"alignnone size-medium wp-image-84329\" src=\"https:\/\/ferabrajan.com\/portal\/wp-content\/uploads\/2026\/09\/Fotos1_18-300x200.jpeg\" alt=\"\" width=\"300\" height=\"200\" srcset=\"https:\/\/ferabrajan.com\/portal\/wp-content\/uploads\/2026\/09\/Fotos1_18-300x200.jpeg 300w, https:\/\/ferabrajan.com\/portal\/wp-content\/uploads\/2026\/09\/Fotos1_18-1024x683.jpeg 1024w, https:\/\/ferabrajan.com\/portal\/wp-content\/uploads\/2026\/09\/Fotos1_18-768x512.jpeg 768w, https:\/\/ferabrajan.com\/portal\/wp-content\/uploads\/2026\/09\/Fotos1_18.jpeg 1280w\" sizes=\"(max-width: 300px) 100vw, 300px\" \/> <img decoding=\"async\" class=\"alignnone size-medium wp-image-84330\" src=\"https:\/\/ferabrajan.com\/portal\/wp-content\/uploads\/2026\/09\/Fotos3_18-300x232.jpeg\" alt=\"\" width=\"300\" height=\"232\" srcset=\"https:\/\/ferabrajan.com\/portal\/wp-content\/uploads\/2026\/09\/Fotos3_18-300x232.jpeg 300w, https:\/\/ferabrajan.com\/portal\/wp-content\/uploads\/2026\/09\/Fotos3_18-1024x790.jpeg 1024w, https:\/\/ferabrajan.com\/portal\/wp-content\/uploads\/2026\/09\/Fotos3_18-768x593.jpeg 768w, https:\/\/ferabrajan.com\/portal\/wp-content\/uploads\/2026\/09\/Fotos3_18.jpeg 1280w\" sizes=\"(max-width: 300px) 100vw, 300px\" \/> <img loading=\"lazy\" decoding=\"async\" class=\"alignnone size-medium wp-image-84331\" src=\"https:\/\/ferabrajan.com\/portal\/wp-content\/uploads\/2026\/09\/WhatsApp-Image-2026-09-06-at-9.16.02-AM-300x200.jpeg\" alt=\"\" width=\"300\" height=\"200\" srcset=\"https:\/\/ferabrajan.com\/portal\/wp-content\/uploads\/2026\/09\/WhatsApp-Image-2026-09-06-at-9.16.02-AM-300x200.jpeg 300w, https:\/\/ferabrajan.com\/portal\/wp-content\/uploads\/2026\/09\/WhatsApp-Image-2026-09-06-at-9.16.02-AM-1024x682.jpeg 1024w, https:\/\/ferabrajan.com\/portal\/wp-content\/uploads\/2026\/09\/WhatsApp-Image-2026-09-06-at-9.16.02-AM-768x512.jpeg 768w, https:\/\/ferabrajan.com\/portal\/wp-content\/uploads\/2026\/09\/WhatsApp-Image-2026-09-06-at-9.16.02-AM-1536x1023.jpeg 1536w, https:\/\/ferabrajan.com\/portal\/wp-content\/uploads\/2026\/09\/WhatsApp-Image-2026-09-06-at-9.16.02-AM.jpeg 1600w\" sizes=\"(max-width: 300px) 100vw, 300px\" \/><\/p>\n<p class=\"isSelectedEnd\">La estrategia para el campo contempla una inversi\u00f3n estatal de <strong>mil 700 millones de pesos durante 2026<\/strong>, frente a los m\u00e1s de mil 600 millones ejercidos en 2025, con una proyecci\u00f3n de 2 mil millones para 2027. Tambi\u00e9n se busca incorporar a la actividad productiva m\u00e1s de 700 mil hect\u00e1reas de temporal que actualmente no son sembradas.<\/p>\n<p class=\"isSelectedEnd\">Durante la jornada se entregaron fertilizantes, insumos para el desarrollo pecuario y apoyos para proyectos productivos, entre ellos uno dirigido a mujeres rurales de <strong>San Jos\u00e9 Acateno<\/strong>, quienes buscan dar valor agregado a la vainilla mediante la elaboraci\u00f3n de extractos, perfumes, vinos y licores.<\/p>\n<p>Con estas acciones, el Gobierno estatal busca combinar infraestructura, apoyo al campo y participaci\u00f3n comunitaria para mejorar la conectividad y las condiciones econ\u00f3micas de las familias en las distintas regiones de Puebla.<\/p>\n","protected":false},"excerpt":{"rendered":"<p>Xiutetelco, Pue.\u2013 El gobernador Alejandro Armenta Mier anunci\u00f3 nuevas inversiones para fortalecer el campo, ampliar el Programa de Obra Comunitaria y mejorar la conectividad regional, durante una jornada de entrega de apoyos realizada en Xiutetelco, donde adelant\u00f3 la rehabilitaci\u00f3n de la carretera Xiutetelco-Tepeyahualco-Perote. Para 2026, el Gobierno de Puebla destina mil 500 millones de pesos al Programa de Obra Comunitaria, con una meta de 6 mil acciones, mientras que para 2027 se prev\u00e9 aumentar el presupuesto a 2 mil millones de pesos. Los recursos pueden utilizarse en caminos, agua potable, escuelas, espacios deportivos, mercados, infraestructura tur\u00edstica y proyectos productivos, de acuerdo con las prioridades definidas por las propias comunidades. El mandatario tambi\u00e9n destac\u00f3 el crecimiento de la maquinaria disponible para el sector agr\u00edcola. Puebla pas\u00f3 de contar con 800 equipos adquiridos en 2025 a mil 800 actualmente, con los que se atienden m\u00e1s de 200 mil hect\u00e1reas. La meta es llegar a 2 mil 500 equipos en 2027 y 4 mil para 2030, con la intenci\u00f3n de ampliar la superficie productiva y apoyar a m\u00e1s familias del campo. En materia carretera, Armenta anunci\u00f3 el inicio de trabajos para rehabilitar la v\u00eda Xiutetelco-Tepeyahualco-Perote, adem\u00e1s de atender caminos que conectan con Chilchotla, La Fragua, Quimixtl\u00e1n y la zona de Libres-Oriental. Para acelerar estas obras, el estado cuenta con 13 trenes de pavimento, adquiridos para reducir tiempos y costos de construcci\u00f3n. La estrategia para el campo contempla una inversi\u00f3n estatal de mil 700 millones de pesos durante 2026, frente a los m\u00e1s de mil 600 millones ejercidos en 2025, con una proyecci\u00f3n de 2 mil millones para 2027. Tambi\u00e9n se busca incorporar a la actividad productiva m\u00e1s de 700 mil hect\u00e1reas de temporal que actualmente no son sembradas. Durante la jornada se entregaron fertilizantes, insumos para el desarrollo pecuario y apoyos para proyectos productivos, entre ellos uno dirigido a mujeres rurales de San Jos\u00e9 Acateno, quienes buscan dar valor agregado a la vainilla mediante la elaboraci\u00f3n de extractos, perfumes, vinos y licores. Con estas acciones, el Gobierno estatal busca combinar infraestructura, apoyo al campo y participaci\u00f3n comunitaria para mejorar la conectividad y las condiciones econ\u00f3micas de las familias en las distintas regiones de Puebla.<\/p>\n","protected":false},"author":3,"featured_media":84330,"comment_status":"closed","ping_status":"closed","sticky":false,"template":"","format":"standard","meta":{"_monsterinsights_skip_tracking":false,"_uf_show_specific_survey":0,"_uf_disable_surveys":false,"footnotes":""},"categories":[53,585],"tags":[4089,2115,4666],"class_list":["post-84327","post","type-post","status-publish","format-standard","has-post-thumbnail","hentry","category-local","category-principal","tag-alejandro-armenta-mier","tag-obra-comunitaria","tag-xiutetelco"],"yoast_head":"<!-- This site is optimized with the Yoast SEO plugin v27.5 - https:\/\/yoast.com\/product\/yoast-seo-wordpress\/ -->\n<title>\u00a1M\u00e1s maquinaria, caminos y obra comunitaria! Armenta anuncia nuevas inversiones para Puebla - Fer Abrajan<\/title>\n<meta name=\"robots\" content=\"index, follow, max-snippet:-1, max-image-preview:large, max-video-preview:-1\" \/>\n<link rel=\"canonical\" href=\"https:\/\/ferabrajan.com\/portal\/2026\/09\/06\/mas-maquinaria-caminos-y-obra-comunitaria-armenta-anuncia-nuevas-inversiones-para-puebla\/\" \/>\n<meta property=\"og:locale\" content=\"es_ES\" \/>\n<meta property=\"og:type\" content=\"article\" \/>\n<meta property=\"og:title\" content=\"\u00a1M\u00e1s maquinaria, caminos y obra comunitaria! Armenta anuncia nuevas inversiones para Puebla - Fer Abrajan\" \/>\n<meta property=\"og:description\" content=\"Xiutetelco, Pue.\u2013 El gobernador Alejandro Armenta Mier anunci\u00f3 nuevas inversiones para fortalecer el campo, ampliar el Programa de Obra Comunitaria y mejorar la conectividad regional, durante una jornada de entrega de apoyos realizada en Xiutetelco, donde adelant\u00f3 la rehabilitaci\u00f3n de la carretera Xiutetelco-Tepeyahualco-Perote. Para 2026, el Gobierno de Puebla destina mil 500 millones de pesos al Programa de Obra Comunitaria, con una meta de 6 mil acciones, mientras que para 2027 se prev\u00e9 aumentar el presupuesto a 2 mil millones de pesos. Los recursos pueden utilizarse en caminos, agua potable, escuelas, espacios deportivos, mercados, infraestructura tur\u00edstica y proyectos productivos, de acuerdo con las prioridades definidas por las propias comunidades. El mandatario tambi\u00e9n destac\u00f3 el crecimiento de la maquinaria disponible para el sector agr\u00edcola. Puebla pas\u00f3 de contar con 800 equipos adquiridos en 2025 a mil 800 actualmente, con los que se atienden m\u00e1s de 200 mil hect\u00e1reas. La meta es llegar a 2 mil 500 equipos en 2027 y 4 mil para 2030, con la intenci\u00f3n de ampliar la superficie productiva y apoyar a m\u00e1s familias del campo. En materia carretera, Armenta anunci\u00f3 el inicio de trabajos para rehabilitar la v\u00eda Xiutetelco-Tepeyahualco-Perote, adem\u00e1s de atender caminos que conectan con Chilchotla, La Fragua, Quimixtl\u00e1n y la zona de Libres-Oriental. Para acelerar estas obras, el estado cuenta con 13 trenes de pavimento, adquiridos para reducir tiempos y costos de construcci\u00f3n. La estrategia para el campo contempla una inversi\u00f3n estatal de mil 700 millones de pesos durante 2026, frente a los m\u00e1s de mil 600 millones ejercidos en 2025, con una proyecci\u00f3n de 2 mil millones para 2027. Tambi\u00e9n se busca incorporar a la actividad productiva m\u00e1s de 700 mil hect\u00e1reas de temporal que actualmente no son sembradas. Durante la jornada se entregaron fertilizantes, insumos para el desarrollo pecuario y apoyos para proyectos productivos, entre ellos uno dirigido a mujeres rurales de San Jos\u00e9 Acateno, quienes buscan dar valor agregado a la vainilla mediante la elaboraci\u00f3n de extractos, perfumes, vinos y licores. Con estas acciones, el Gobierno estatal busca combinar infraestructura, apoyo al campo y participaci\u00f3n comunitaria para mejorar la conectividad y las condiciones econ\u00f3micas de las familias en las distintas regiones de Puebla.\" \/>\n<meta property=\"og:url\" content=\"https:\/\/ferabrajan.com\/portal\/2026\/09\/06\/mas-maquinaria-caminos-y-obra-comunitaria-armenta-anuncia-nuevas-inversiones-para-puebla\/\" \/>\n<meta property=\"og:site_name\" content=\"Fer Abrajan\" \/>\n<meta property=\"article:publisher\" content=\"https:\/\/www.facebook.com\/NoticiasconFerAbrajan\/\" \/>\n<meta property=\"article:published_time\" content=\"2026-09-06T15:47:20+00:00\" \/>\n<meta property=\"og:image\" content=\"https:\/\/ferabrajan.com\/portal\/wp-content\/uploads\/2026\/09\/Fotos3_18.jpeg\" \/>\n\t<meta property=\"og:image:width\" content=\"1280\" \/>\n\t<meta property=\"og:image:height\" content=\"988\" \/>\n\t<meta property=\"og:image:type\" content=\"image\/jpeg\" \/>\n<meta name=\"author\" content=\"Rebeca N\u00fa\u00f1ez\" \/>\n<meta name=\"twitter:card\" content=\"summary_large_image\" \/>\n<meta name=\"twitter:creator\" content=\"@ferabrajan1\" \/>\n<meta name=\"twitter:site\" content=\"@ferabrajan1\" \/>\n<meta name=\"twitter:label1\" content=\"Escrito por\" \/>\n\t<meta name=\"twitter:data1\" content=\"Rebeca N\u00fa\u00f1ez\" \/>\n\t<meta name=\"twitter:label2\" content=\"Tiempo de lectura\" \/>\n\t<meta name=\"twitter:data2\" content=\"3 minutos\" \/>\n<script type=\"application\/ld+json\" class=\"yoast-schema-graph\">{\"@context\":\"https:\\\/\\\/schema.org\",\"@graph\":[{\"@type\":\"Article\",\"@id\":\"https:\\\/\\\/ferabrajan.com\\\/portal\\\/2026\\\/09\\\/06\\\/mas-maquinaria-caminos-y-obra-comunitaria-armenta-anuncia-nuevas-inversiones-para-puebla\\\/#article\",\"isPartOf\":{\"@id\":\"https:\\\/\\\/ferabrajan.com\\\/portal\\\/2026\\\/09\\\/06\\\/mas-maquinaria-caminos-y-obra-comunitaria-armenta-anuncia-nuevas-inversiones-para-puebla\\\/\"},\"author\":{\"name\":\"Rebeca N\u00fa\u00f1ez\",\"@id\":\"https:\\\/\\\/ferabrajan.com\\\/portal\\\/#\\\/schema\\\/person\\\/a79364e0091921e733584c4833bc7a50\"},\"headline\":\"\u00a1M\u00e1s maquinaria, caminos y obra comunitaria! Armenta anuncia nuevas inversiones para Puebla\",\"datePublished\":\"2026-09-06T15:47:20+00:00\",\"mainEntityOfPage\":{\"@id\":\"https:\\\/\\\/ferabrajan.com\\\/portal\\\/2026\\\/09\\\/06\\\/mas-maquinaria-caminos-y-obra-comunitaria-armenta-anuncia-nuevas-inversiones-para-puebla\\\/\"},\"wordCount\":373,\"publisher\":{\"@id\":\"https:\\\/\\\/ferabrajan.com\\\/portal\\\/#organization\"},\"image\":{\"@id\":\"https:\\\/\\\/ferabrajan.com\\\/portal\\\/2026\\\/09\\\/06\\\/mas-maquinaria-caminos-y-obra-comunitaria-armenta-anuncia-nuevas-inversiones-para-puebla\\\/#primaryimage\"},\"thumbnailUrl\":\"https:\\\/\\\/ferabrajan.com\\\/portal\\\/wp-content\\\/uploads\\\/2026\\\/09\\\/Fotos3_18.jpeg\",\"keywords\":[\"Alejandro Armenta Mier\",\"Obra comunitaria\",\"Xiutetelco\"],\"articleSection\":[\"Local\",\"Principal\"],\"inLanguage\":\"es\"},{\"@type\":\"WebPage\",\"@id\":\"https:\\\/\\\/ferabrajan.com\\\/portal\\\/2026\\\/09\\\/06\\\/mas-maquinaria-caminos-y-obra-comunitaria-armenta-anuncia-nuevas-inversiones-para-puebla\\\/\",\"url\":\"https:\\\/\\\/ferabrajan.com\\\/portal\\\/2026\\\/09\\\/06\\\/mas-maquinaria-caminos-y-obra-comunitaria-armenta-anuncia-nuevas-inversiones-para-puebla\\\/\",\"name\":\"\u00a1M\u00e1s maquinaria, caminos y obra comunitaria! Armenta anuncia nuevas inversiones para Puebla - Fer Abrajan\",\"isPartOf\":{\"@id\":\"https:\\\/\\\/ferabrajan.com\\\/portal\\\/#website\"},\"primaryImageOfPage\":{\"@id\":\"https:\\\/\\\/ferabrajan.com\\\/portal\\\/2026\\\/09\\\/06\\\/mas-maquinaria-caminos-y-obra-comunitaria-armenta-anuncia-nuevas-inversiones-para-puebla\\\/#primaryimage\"},\"image\":{\"@id\":\"https:\\\/\\\/ferabrajan.com\\\/portal\\\/2026\\\/09\\\/06\\\/mas-maquinaria-caminos-y-obra-comunitaria-armenta-anuncia-nuevas-inversiones-para-puebla\\\/#primaryimage\"},\"thumbnailUrl\":\"https:\\\/\\\/ferabrajan.com\\\/portal\\\/wp-content\\\/uploads\\\/2026\\\/09\\\/Fotos3_18.jpeg\",\"datePublished\":\"2026-09-06T15:47:20+00:00\",\"breadcrumb\":{\"@id\":\"https:\\\/\\\/ferabrajan.com\\\/portal\\\/2026\\\/09\\\/06\\\/mas-maquinaria-caminos-y-obra-comunitaria-armenta-anuncia-nuevas-inversiones-para-puebla\\\/#breadcrumb\"},\"inLanguage\":\"es\",\"potentialAction\":[{\"@type\":\"ReadAction\",\"target\":[\"https:\\\/\\\/ferabrajan.com\\\/portal\\\/2026\\\/09\\\/06\\\/mas-maquinaria-caminos-y-obra-comunitaria-armenta-anuncia-nuevas-inversiones-para-puebla\\\/\"]}]},{\"@type\":\"ImageObject\",\"inLanguage\":\"es\",\"@id\":\"https:\\\/\\\/ferabrajan.com\\\/portal\\\/2026\\\/09\\\/06\\\/mas-maquinaria-caminos-y-obra-comunitaria-armenta-anuncia-nuevas-inversiones-para-puebla\\\/#primaryimage\",\"url\":\"https:\\\/\\\/ferabrajan.com\\\/portal\\\/wp-content\\\/uploads\\\/2026\\\/09\\\/Fotos3_18.jpeg\",\"contentUrl\":\"https:\\\/\\\/ferabrajan.com\\\/portal\\\/wp-content\\\/uploads\\\/2026\\\/09\\\/Fotos3_18.jpeg\",\"width\":1280,\"height\":988},{\"@type\":\"BreadcrumbList\",\"@id\":\"https:\\\/\\\/ferabrajan.com\\\/portal\\\/2026\\\/09\\\/06\\\/mas-maquinaria-caminos-y-obra-comunitaria-armenta-anuncia-nuevas-inversiones-para-puebla\\\/#breadcrumb\",\"itemListElement\":[{\"@type\":\"ListItem\",\"position\":1,\"name\":\"Portada\",\"item\":\"https:\\\/\\\/ferabrajan.com\\\/portal\\\/\"},{\"@type\":\"ListItem\",\"position\":2,\"name\":\"\u00a1M\u00e1s maquinaria, caminos y obra comunitaria! Armenta anuncia nuevas inversiones para Puebla\"}]},{\"@type\":\"WebSite\",\"@id\":\"https:\\\/\\\/ferabrajan.com\\\/portal\\\/#website\",\"url\":\"https:\\\/\\\/ferabrajan.com\\\/portal\\\/\",\"name\":\"Fer Abrajan\",\"description\":\"Noticias de Puebla, opini\u00f3n y radio en vivo\",\"publisher\":{\"@id\":\"https:\\\/\\\/ferabrajan.com\\\/portal\\\/#organization\"},\"potentialAction\":[{\"@type\":\"SearchAction\",\"target\":{\"@type\":\"EntryPoint\",\"urlTemplate\":\"https:\\\/\\\/ferabrajan.com\\\/portal\\\/?s={search_term_string}\"},\"query-input\":{\"@type\":\"PropertyValueSpecification\",\"valueRequired\":true,\"valueName\":\"search_term_string\"}}],\"inLanguage\":\"es\"},{\"@type\":\"Organization\",\"@id\":\"https:\\\/\\\/ferabrajan.com\\\/portal\\\/#organization\",\"name\":\"Fer Abrajan\",\"url\":\"https:\\\/\\\/ferabrajan.com\\\/portal\\\/\",\"logo\":{\"@type\":\"ImageObject\",\"inLanguage\":\"es\",\"@id\":\"https:\\\/\\\/ferabrajan.com\\\/portal\\\/#\\\/schema\\\/logo\\\/image\\\/\",\"url\":\"https:\\\/\\\/ferabrajan.com\\\/portal\\\/wp-content\\\/uploads\\\/2024\\\/10\\\/cropped-logo.jpeg\",\"contentUrl\":\"https:\\\/\\\/ferabrajan.com\\\/portal\\\/wp-content\\\/uploads\\\/2024\\\/10\\\/cropped-logo.jpeg\",\"width\":500,\"height\":250,\"caption\":\"Fer Abrajan\"},\"image\":{\"@id\":\"https:\\\/\\\/ferabrajan.com\\\/portal\\\/#\\\/schema\\\/logo\\\/image\\\/\"},\"sameAs\":[\"https:\\\/\\\/www.facebook.com\\\/NoticiasconFerAbrajan\\\/\",\"https:\\\/\\\/x.com\\\/ferabrajan1\"]},{\"@type\":\"Person\",\"@id\":\"https:\\\/\\\/ferabrajan.com\\\/portal\\\/#\\\/schema\\\/person\\\/a79364e0091921e733584c4833bc7a50\",\"name\":\"Rebeca N\u00fa\u00f1ez\",\"image\":{\"@type\":\"ImageObject\",\"inLanguage\":\"es\",\"@id\":\"https:\\\/\\\/secure.gravatar.com\\\/avatar\\\/c9cbf721287e849268cd37eca93cf4be51b2eed9e71c8d0c6825bd912000b74e?s=96&d=mm&r=g\",\"url\":\"https:\\\/\\\/secure.gravatar.com\\\/avatar\\\/c9cbf721287e849268cd37eca93cf4be51b2eed9e71c8d0c6825bd912000b74e?s=96&d=mm&r=g\",\"contentUrl\":\"https:\\\/\\\/secure.gravatar.com\\\/avatar\\\/c9cbf721287e849268cd37eca93cf4be51b2eed9e71c8d0c6825bd912000b74e?s=96&d=mm&r=g\",\"caption\":\"Rebeca N\u00fa\u00f1ez\"},\"url\":\"https:\\\/\\\/ferabrajan.com\\\/portal\\\/author\\\/rebeca\\\/\"}]}<\/script>\n<!-- \/ Yoast SEO plugin. -->","yoast_head_json":{"title":"\u00a1M\u00e1s maquinaria, caminos y obra comunitaria! Armenta anuncia nuevas inversiones para Puebla - Fer Abrajan","robots":{"index":"index","follow":"follow","max-snippet":"max-snippet:-1","max-image-preview":"max-image-preview:large","max-video-preview":"max-video-preview:-1"},"canonical":"https:\/\/ferabrajan.com\/portal\/2026\/09\/06\/mas-maquinaria-caminos-y-obra-comunitaria-armenta-anuncia-nuevas-inversiones-para-puebla\/","og_locale":"es_ES","og_type":"article","og_title":"\u00a1M\u00e1s maquinaria, caminos y obra comunitaria! Armenta anuncia nuevas inversiones para Puebla - Fer Abrajan","og_description":"Xiutetelco, Pue.\u2013 El gobernador Alejandro Armenta Mier anunci\u00f3 nuevas inversiones para fortalecer el campo, ampliar el Programa de Obra Comunitaria y mejorar la conectividad regional, durante una jornada de entrega de apoyos realizada en Xiutetelco, donde adelant\u00f3 la rehabilitaci\u00f3n de la carretera Xiutetelco-Tepeyahualco-Perote. Para 2026, el Gobierno de Puebla destina mil 500 millones de pesos al Programa de Obra Comunitaria, con una meta de 6 mil acciones, mientras que para 2027 se prev\u00e9 aumentar el presupuesto a 2 mil millones de pesos. Los recursos pueden utilizarse en caminos, agua potable, escuelas, espacios deportivos, mercados, infraestructura tur\u00edstica y proyectos productivos, de acuerdo con las prioridades definidas por las propias comunidades. El mandatario tambi\u00e9n destac\u00f3 el crecimiento de la maquinaria disponible para el sector agr\u00edcola. Puebla pas\u00f3 de contar con 800 equipos adquiridos en 2025 a mil 800 actualmente, con los que se atienden m\u00e1s de 200 mil hect\u00e1reas. La meta es llegar a 2 mil 500 equipos en 2027 y 4 mil para 2030, con la intenci\u00f3n de ampliar la superficie productiva y apoyar a m\u00e1s familias del campo. En materia carretera, Armenta anunci\u00f3 el inicio de trabajos para rehabilitar la v\u00eda Xiutetelco-Tepeyahualco-Perote, adem\u00e1s de atender caminos que conectan con Chilchotla, La Fragua, Quimixtl\u00e1n y la zona de Libres-Oriental. Para acelerar estas obras, el estado cuenta con 13 trenes de pavimento, adquiridos para reducir tiempos y costos de construcci\u00f3n. La estrategia para el campo contempla una inversi\u00f3n estatal de mil 700 millones de pesos durante 2026, frente a los m\u00e1s de mil 600 millones ejercidos en 2025, con una proyecci\u00f3n de 2 mil millones para 2027. Tambi\u00e9n se busca incorporar a la actividad productiva m\u00e1s de 700 mil hect\u00e1reas de temporal que actualmente no son sembradas. Durante la jornada se entregaron fertilizantes, insumos para el desarrollo pecuario y apoyos para proyectos productivos, entre ellos uno dirigido a mujeres rurales de San Jos\u00e9 Acateno, quienes buscan dar valor agregado a la vainilla mediante la elaboraci\u00f3n de extractos, perfumes, vinos y licores. Con estas acciones, el Gobierno estatal busca combinar infraestructura, apoyo al campo y participaci\u00f3n comunitaria para mejorar la conectividad y las condiciones econ\u00f3micas de las familias en las distintas regiones de Puebla.","og_url":"https:\/\/ferabrajan.com\/portal\/2026\/09\/06\/mas-maquinaria-caminos-y-obra-comunitaria-armenta-anuncia-nuevas-inversiones-para-puebla\/","og_site_name":"Fer Abrajan","article_publisher":"https:\/\/www.facebook.com\/NoticiasconFerAbrajan\/","article_published_time":"2026-09-06T15:47:20+00:00","og_image":[{"width":1280,"height":988,"url":"https:\/\/ferabrajan.com\/portal\/wp-content\/uploads\/2026\/09\/Fotos3_18.jpeg","type":"image\/jpeg"}],"author":"Rebeca N\u00fa\u00f1ez","twitter_card":"summary_large_image","twitter_creator":"@ferabrajan1","twitter_site":"@ferabrajan1","twitter_misc":{"Escrito por":"Rebeca N\u00fa\u00f1ez","Tiempo de lectura":"3 minutos"},"schema":{"@context":"https:\/\/schema.org","@graph":[{"@type":"Article","@id":"https:\/\/ferabrajan.com\/portal\/2026\/09\/06\/mas-maquinaria-caminos-y-obra-comunitaria-armenta-anuncia-nuevas-inversiones-para-puebla\/#article","isPartOf":{"@id":"https:\/\/ferabrajan.com\/portal\/2026\/09\/06\/mas-maquinaria-caminos-y-obra-comunitaria-armenta-anuncia-nuevas-inversiones-para-puebla\/"},"author":{"name":"Rebeca N\u00fa\u00f1ez","@id":"https:\/\/ferabrajan.com\/portal\/#\/schema\/person\/a79364e0091921e733584c4833bc7a50"},"headline":"\u00a1M\u00e1s maquinaria, caminos y obra comunitaria! Armenta anuncia nuevas inversiones para Puebla","datePublished":"2026-09-06T15:47:20+00:00","mainEntityOfPage":{"@id":"https:\/\/ferabrajan.com\/portal\/2026\/09\/06\/mas-maquinaria-caminos-y-obra-comunitaria-armenta-anuncia-nuevas-inversiones-para-puebla\/"},"wordCount":373,"publisher":{"@id":"https:\/\/ferabrajan.com\/portal\/#organization"},"image":{"@id":"https:\/\/ferabrajan.com\/portal\/2026\/09\/06\/mas-maquinaria-caminos-y-obra-comunitaria-armenta-anuncia-nuevas-inversiones-para-puebla\/#primaryimage"},"thumbnailUrl":"https:\/\/ferabrajan.com\/portal\/wp-content\/uploads\/2026\/09\/Fotos3_18.jpeg","keywords":["Alejandro Armenta Mier","Obra comunitaria","Xiutetelco"],"articleSection":["Local","Principal"],"inLanguage":"es"},{"@type":"WebPage","@id":"https:\/\/ferabrajan.com\/portal\/2026\/09\/06\/mas-maquinaria-caminos-y-obra-comunitaria-armenta-anuncia-nuevas-inversiones-para-puebla\/","url":"https:\/\/ferabrajan.com\/portal\/2026\/09\/06\/mas-maquinaria-caminos-y-obra-comunitaria-armenta-anuncia-nuevas-inversiones-para-puebla\/","name":"\u00a1M\u00e1s maquinaria, caminos y obra comunitaria! Armenta anuncia nuevas inversiones para Puebla - Fer Abrajan","isPartOf":{"@id":"https:\/\/ferabrajan.com\/portal\/#website"},"primaryImageOfPage":{"@id":"https:\/\/ferabrajan.com\/portal\/2026\/09\/06\/mas-maquinaria-caminos-y-obra-comunitaria-armenta-anuncia-nuevas-inversiones-para-puebla\/#primaryimage"},"image":{"@id":"https:\/\/ferabrajan.com\/portal\/2026\/09\/06\/mas-maquinaria-caminos-y-obra-comunitaria-armenta-anuncia-nuevas-inversiones-para-puebla\/#primaryimage"},"thumbnailUrl":"https:\/\/ferabrajan.com\/portal\/wp-content\/uploads\/2026\/09\/Fotos3_18.jpeg","datePublished":"2026-09-06T15:47:20+00:00","breadcrumb":{"@id":"https:\/\/ferabrajan.com\/portal\/2026\/09\/06\/mas-maquinaria-caminos-y-obra-comunitaria-armenta-anuncia-nuevas-inversiones-para-puebla\/#breadcrumb"},"inLanguage":"es","potentialAction":[{"@type":"ReadAction","target":["https:\/\/ferabrajan.com\/portal\/2026\/09\/06\/mas-maquinaria-caminos-y-obra-comunitaria-armenta-anuncia-nuevas-inversiones-para-puebla\/"]}]},{"@type":"ImageObject","inLanguage":"es","@id":"https:\/\/ferabrajan.com\/portal\/2026\/09\/06\/mas-maquinaria-caminos-y-obra-comunitaria-armenta-anuncia-nuevas-inversiones-para-puebla\/#primaryimage","url":"https:\/\/ferabrajan.com\/portal\/wp-content\/uploads\/2026\/09\/Fotos3_18.jpeg","contentUrl":"https:\/\/ferabrajan.com\/portal\/wp-content\/uploads\/2026\/09\/Fotos3_18.jpeg","width":1280,"height":988},{"@type":"BreadcrumbList","@id":"https:\/\/ferabrajan.com\/portal\/2026\/09\/06\/mas-maquinaria-caminos-y-obra-comunitaria-armenta-anuncia-nuevas-inversiones-para-puebla\/#breadcrumb","itemListElement":[{"@type":"ListItem","position":1,"name":"Portada","item":"https:\/\/ferabrajan.com\/portal\/"},{"@type":"ListItem","position":2,"name":"\u00a1M\u00e1s maquinaria, caminos y obra comunitaria! Armenta anuncia nuevas inversiones para Puebla"}]},{"@type":"WebSite","@id":"https:\/\/ferabrajan.com\/portal\/#website","url":"https:\/\/ferabrajan.com\/portal\/","name":"Fer Abrajan","description":"Noticias de Puebla, opini\u00f3n y radio en vivo","publisher":{"@id":"https:\/\/ferabrajan.com\/portal\/#organization"},"potentialAction":[{"@type":"SearchAction","target":{"@type":"EntryPoint","urlTemplate":"https:\/\/ferabrajan.com\/portal\/?s={search_term_string}"},"query-input":{"@type":"PropertyValueSpecification","valueRequired":true,"valueName":"search_term_string"}}],"inLanguage":"es"},{"@type":"Organization","@id":"https:\/\/ferabrajan.com\/portal\/#organization","name":"Fer Abrajan","url":"https:\/\/ferabrajan.com\/portal\/","logo":{"@type":"ImageObject","inLanguage":"es","@id":"https:\/\/ferabrajan.com\/portal\/#\/schema\/logo\/image\/","url":"https:\/\/ferabrajan.com\/portal\/wp-content\/uploads\/2024\/10\/cropped-logo.jpeg","contentUrl":"https:\/\/ferabrajan.com\/portal\/wp-content\/uploads\/2024\/10\/cropped-logo.jpeg","width":500,"height":250,"caption":"Fer Abrajan"},"image":{"@id":"https:\/\/ferabrajan.com\/portal\/#\/schema\/logo\/image\/"},"sameAs":["https:\/\/www.facebook.com\/NoticiasconFerAbrajan\/","https:\/\/x.com\/ferabrajan1"]},{"@type":"Person","@id":"https:\/\/ferabrajan.com\/portal\/#\/schema\/person\/a79364e0091921e733584c4833bc7a50","name":"Rebeca N\u00fa\u00f1ez","image":{"@type":"ImageObject","inLanguage":"es","@id":"https:\/\/secure.gravatar.com\/avatar\/c9cbf721287e849268cd37eca93cf4be51b2eed9e71c8d0c6825bd912000b74e?s=96&d=mm&r=g","url":"https:\/\/secure.gravatar.com\/avatar\/c9cbf721287e849268cd37eca93cf4be51b2eed9e71c8d0c6825bd912000b74e?s=96&d=mm&r=g","contentUrl":"https:\/\/secure.gravatar.com\/avatar\/c9cbf721287e849268cd37eca93cf4be51b2eed9e71c8d0c6825bd912000b74e?s=96&d=mm&r=g","caption":"Rebeca N\u00fa\u00f1ez"},"url":"https:\/\/ferabrajan.com\/portal\/author\/rebeca\/"}]}},"_links":{"self":[{"href":"https:\/\/ferabrajan.com\/portal\/wp-json\/wp\/v2\/posts\/84327","targetHints":{"allow":["GET"]}}],"collection":[{"href":"https:\/\/ferabrajan.com\/portal\/wp-json\/wp\/v2\/posts"}],"about":[{"href":"https:\/\/ferabrajan.com\/portal\/wp-json\/wp\/v2\/types\/post"}],"author":[{"embeddable":true,"href":"https:\/\/ferabrajan.com\/portal\/wp-json\/wp\/v2\/users\/3"}],"replies":[{"embeddable":true,"href":"https:\/\/ferabrajan.com\/portal\/wp-json\/wp\/v2\/comments?post=84327"}],"version-history":[{"count":1,"href":"https:\/\/ferabrajan.com\/portal\/wp-json\/wp\/v2\/posts\/84327\/revisions"}],"predecessor-version":[{"id":84332,"href":"https:\/\/ferabrajan.com\/portal\/wp-json\/wp\/v2\/posts\/84327\/revisions\/84332"}],"wp:featuredmedia":[{"embeddable":true,"href":"https:\/\/ferabrajan.com\/portal\/wp-json\/wp\/v2\/media\/84330"}],"wp:attachment":[{"href":"https:\/\/ferabrajan.com\/portal\/wp-json\/wp\/v2\/media?parent=84327"}],"wp:term":[{"taxonomy":"category","embeddable":true,"href":"https:\/\/ferabrajan.com\/portal\/wp-json\/wp\/v2\/categories?post=84327"},{"taxonomy":"post_tag","embeddable":true,"href":"https:\/\/ferabrajan.com\/portal\/wp-json\/wp\/v2\/tags?post=84327"}],"curies":[{"name":"wp","href":"https:\/\/api.w.org\/{rel}","templated":true}]}}