{"id":84323,"date":"2026-09-06T15:43:40","date_gmt":"2026-09-06T15:43:40","guid":{"rendered":"https:\/\/ferabrajan.com\/portal\/?p=84323"},"modified":"2026-09-06T15:43:40","modified_gmt":"2026-09-06T15:43:40","slug":"jornadas-imparables-superan-las-10-mil-atenciones-en-puebla-capital","status":"publish","type":"post","link":"https:\/\/ferabrajan.com\/portal\/2026\/09\/06\/jornadas-imparables-superan-las-10-mil-atenciones-en-puebla-capital\/","title":{"rendered":"Jornadas Imparables superan las 10 mil atenciones en Puebla capital"},"content":{"rendered":"<p class=\"isSelectedEnd\"><strong>Puebla, Pue.<\/strong>\u2013 M\u00e1s de <strong>10 mil 400 personas<\/strong> han recibido atenci\u00f3n durante este a\u00f1o a trav\u00e9s de las <strong>Jornadas Imparables<\/strong> del <em><strong>Ayuntamiento de Puebla<\/strong><\/em>, estrategia que ha llevado servicios gratuitos a juntas auxiliares, unidades habitacionales, fraccionamientos e inspector\u00edas de la capital.<\/p>\n<p class=\"isSelectedEnd\">La jornada m\u00e1s reciente se realiz\u00f3 en el <strong>Centro de Desarrollo Comunitario de San Ram\u00f3n<\/strong>, donde dependencias municipales, estatales y federales concentraron distintos servicios para facilitar a las familias el acceso a programas, tr\u00e1mites y orientaci\u00f3n sin necesidad de trasladarse a otros puntos de la ciudad.<\/p>\n<p class=\"isSelectedEnd\">Entre las atenciones ofrecidas se encuentran consultas m\u00e9dicas con personal de la UPAEP, entrega de tarjetas de Financiera para el Bienestar, opciones de cr\u00e9dito, orientaci\u00f3n jur\u00eddica, bolsa de trabajo y talleres relacionados con la prevenci\u00f3n de la violencia familiar y en el noviazgo, bullying y adicciones.<\/p>\n<p class=\"isSelectedEnd\">Tambi\u00e9n se brindaron pl\u00e1ticas para j\u00f3venes, talleres para elaborar huertos urbanos, orientaci\u00f3n en materia de igualdad sustantiva, as\u00ed como informaci\u00f3n y tr\u00e1mites relacionados con <strong>Agua de Puebla y Pensionissste<\/strong>, entre otros servicios.<\/p>\n<p class=\"isSelectedEnd\">La secretaria de Bienestar y Participaci\u00f3n Ciudadana, <strong>Vanesa L\u00f3pez Silva<\/strong>, destac\u00f3 que estas jornadas permiten acercar la atenci\u00f3n de los tres \u00f3rdenes de gobierno directamente a las comunidades, particularmente a sectores que enfrentan mayores dificultades para acceder a determinados servicios.<\/p>\n<p>Con 15 jornadas realizadas durante 2026, el programa contin\u00faa ampliando su cobertura en distintos puntos de Puebla capital, con una estrategia enfocada en acercar servicios de salud, bienestar, empleo, seguridad y orientaci\u00f3n a las familias.<\/p>\n","protected":false},"excerpt":{"rendered":"<p>Puebla, Pue.\u2013 M\u00e1s de 10 mil 400 personas han recibido atenci\u00f3n durante este a\u00f1o a trav\u00e9s de las Jornadas Imparables del Ayuntamiento de Puebla, estrategia que ha llevado servicios gratuitos a juntas auxiliares, unidades habitacionales, fraccionamientos e inspector\u00edas de la capital. La jornada m\u00e1s reciente se realiz\u00f3 en el Centro de Desarrollo Comunitario de San Ram\u00f3n, donde dependencias municipales, estatales y federales concentraron distintos servicios para facilitar a las familias el acceso a programas, tr\u00e1mites y orientaci\u00f3n sin necesidad de trasladarse a otros puntos de la ciudad. Entre las atenciones ofrecidas se encuentran consultas m\u00e9dicas con personal de la UPAEP, entrega de tarjetas de Financiera para el Bienestar, opciones de cr\u00e9dito, orientaci\u00f3n jur\u00eddica, bolsa de trabajo y talleres relacionados con la prevenci\u00f3n de la violencia familiar y en el noviazgo, bullying y adicciones. Tambi\u00e9n se brindaron pl\u00e1ticas para j\u00f3venes, talleres para elaborar huertos urbanos, orientaci\u00f3n en materia de igualdad sustantiva, as\u00ed como informaci\u00f3n y tr\u00e1mites relacionados con Agua de Puebla y Pensionissste, entre otros servicios. La secretaria de Bienestar y Participaci\u00f3n Ciudadana, Vanesa L\u00f3pez Silva, destac\u00f3 que estas jornadas permiten acercar la atenci\u00f3n de los tres \u00f3rdenes de gobierno directamente a las comunidades, particularmente a sectores que enfrentan mayores dificultades para acceder a determinados servicios. Con 15 jornadas realizadas durante 2026, el programa contin\u00faa ampliando su cobertura en distintos puntos de Puebla capital, con una estrategia enfocada en acercar servicios de salud, bienestar, empleo, seguridad y orientaci\u00f3n a las familias.<\/p>\n","protected":false},"author":4,"featured_media":84325,"comment_status":"closed","ping_status":"closed","sticky":false,"template":"","format":"standard","meta":{"_monsterinsights_skip_tracking":false,"_uf_show_specific_survey":0,"_uf_disable_surveys":false,"footnotes":""},"categories":[53,585],"tags":[81,5310],"class_list":["post-84323","post","type-post","status-publish","format-standard","has-post-thumbnail","hentry","category-local","category-principal","tag-ayuntamiento-de-puebla","tag-jornadas-imparables"],"yoast_head":"<!-- This site is optimized with the Yoast SEO plugin v27.5 - https:\/\/yoast.com\/product\/yoast-seo-wordpress\/ -->\n<title>Jornadas Imparables superan las 10 mil atenciones en Puebla capital - Fer Abrajan<\/title>\n<meta name=\"robots\" content=\"index, follow, max-snippet:-1, max-image-preview:large, max-video-preview:-1\" \/>\n<link rel=\"canonical\" href=\"https:\/\/ferabrajan.com\/portal\/2026\/09\/06\/jornadas-imparables-superan-las-10-mil-atenciones-en-puebla-capital\/\" \/>\n<meta property=\"og:locale\" content=\"es_ES\" \/>\n<meta property=\"og:type\" content=\"article\" \/>\n<meta property=\"og:title\" content=\"Jornadas Imparables superan las 10 mil atenciones en Puebla capital - Fer Abrajan\" \/>\n<meta property=\"og:description\" content=\"Puebla, Pue.\u2013 M\u00e1s de 10 mil 400 personas han recibido atenci\u00f3n durante este a\u00f1o a trav\u00e9s de las Jornadas Imparables del Ayuntamiento de Puebla, estrategia que ha llevado servicios gratuitos a juntas auxiliares, unidades habitacionales, fraccionamientos e inspector\u00edas de la capital. La jornada m\u00e1s reciente se realiz\u00f3 en el Centro de Desarrollo Comunitario de San Ram\u00f3n, donde dependencias municipales, estatales y federales concentraron distintos servicios para facilitar a las familias el acceso a programas, tr\u00e1mites y orientaci\u00f3n sin necesidad de trasladarse a otros puntos de la ciudad. Entre las atenciones ofrecidas se encuentran consultas m\u00e9dicas con personal de la UPAEP, entrega de tarjetas de Financiera para el Bienestar, opciones de cr\u00e9dito, orientaci\u00f3n jur\u00eddica, bolsa de trabajo y talleres relacionados con la prevenci\u00f3n de la violencia familiar y en el noviazgo, bullying y adicciones. Tambi\u00e9n se brindaron pl\u00e1ticas para j\u00f3venes, talleres para elaborar huertos urbanos, orientaci\u00f3n en materia de igualdad sustantiva, as\u00ed como informaci\u00f3n y tr\u00e1mites relacionados con Agua de Puebla y Pensionissste, entre otros servicios. La secretaria de Bienestar y Participaci\u00f3n Ciudadana, Vanesa L\u00f3pez Silva, destac\u00f3 que estas jornadas permiten acercar la atenci\u00f3n de los tres \u00f3rdenes de gobierno directamente a las comunidades, particularmente a sectores que enfrentan mayores dificultades para acceder a determinados servicios. Con 15 jornadas realizadas durante 2026, el programa contin\u00faa ampliando su cobertura en distintos puntos de Puebla capital, con una estrategia enfocada en acercar servicios de salud, bienestar, empleo, seguridad y orientaci\u00f3n a las familias.\" \/>\n<meta property=\"og:url\" content=\"https:\/\/ferabrajan.com\/portal\/2026\/09\/06\/jornadas-imparables-superan-las-10-mil-atenciones-en-puebla-capital\/\" \/>\n<meta property=\"og:site_name\" content=\"Fer Abrajan\" \/>\n<meta property=\"article:publisher\" content=\"https:\/\/www.facebook.com\/NoticiasconFerAbrajan\/\" \/>\n<meta property=\"article:published_time\" content=\"2026-09-06T15:43:40+00:00\" \/>\n<meta property=\"og:image\" content=\"https:\/\/ferabrajan.com\/portal\/wp-content\/uploads\/2026\/09\/WhatsApp-Image-2026-09-06-at-9.12.58-AM-1.jpeg\" \/>\n\t<meta property=\"og:image:width\" content=\"1280\" \/>\n\t<meta property=\"og:image:height\" content=\"854\" \/>\n\t<meta property=\"og:image:type\" content=\"image\/jpeg\" \/>\n<meta name=\"author\" content=\"Ismael Rojas\" \/>\n<meta name=\"twitter:card\" content=\"summary_large_image\" \/>\n<meta name=\"twitter:creator\" content=\"@ferabrajan1\" \/>\n<meta name=\"twitter:site\" content=\"@ferabrajan1\" \/>\n<meta name=\"twitter:label1\" content=\"Escrito por\" \/>\n\t<meta name=\"twitter:data1\" content=\"Ismael Rojas\" \/>\n\t<meta name=\"twitter:label2\" content=\"Tiempo de lectura\" \/>\n\t<meta name=\"twitter:data2\" content=\"2 minutos\" \/>\n<script type=\"application\/ld+json\" class=\"yoast-schema-graph\">{\"@context\":\"https:\\\/\\\/schema.org\",\"@graph\":[{\"@type\":\"Article\",\"@id\":\"https:\\\/\\\/ferabrajan.com\\\/portal\\\/2026\\\/09\\\/06\\\/jornadas-imparables-superan-las-10-mil-atenciones-en-puebla-capital\\\/#article\",\"isPartOf\":{\"@id\":\"https:\\\/\\\/ferabrajan.com\\\/portal\\\/2026\\\/09\\\/06\\\/jornadas-imparables-superan-las-10-mil-atenciones-en-puebla-capital\\\/\"},\"author\":{\"name\":\"Ismael Rojas\",\"@id\":\"https:\\\/\\\/ferabrajan.com\\\/portal\\\/#\\\/schema\\\/person\\\/83ed4fff5d7e4c8edf481fa39f71acb2\"},\"headline\":\"Jornadas Imparables superan las 10 mil atenciones en Puebla capital\",\"datePublished\":\"2026-09-06T15:43:40+00:00\",\"mainEntityOfPage\":{\"@id\":\"https:\\\/\\\/ferabrajan.com\\\/portal\\\/2026\\\/09\\\/06\\\/jornadas-imparables-superan-las-10-mil-atenciones-en-puebla-capital\\\/\"},\"wordCount\":270,\"publisher\":{\"@id\":\"https:\\\/\\\/ferabrajan.com\\\/portal\\\/#organization\"},\"image\":{\"@id\":\"https:\\\/\\\/ferabrajan.com\\\/portal\\\/2026\\\/09\\\/06\\\/jornadas-imparables-superan-las-10-mil-atenciones-en-puebla-capital\\\/#primaryimage\"},\"thumbnailUrl\":\"https:\\\/\\\/ferabrajan.com\\\/portal\\\/wp-content\\\/uploads\\\/2026\\\/09\\\/WhatsApp-Image-2026-09-06-at-9.12.58-AM-1.jpeg\",\"keywords\":[\"ayuntamiento de Puebla\",\"Jornadas Imparables\"],\"articleSection\":[\"Local\",\"Principal\"],\"inLanguage\":\"es\"},{\"@type\":\"WebPage\",\"@id\":\"https:\\\/\\\/ferabrajan.com\\\/portal\\\/2026\\\/09\\\/06\\\/jornadas-imparables-superan-las-10-mil-atenciones-en-puebla-capital\\\/\",\"url\":\"https:\\\/\\\/ferabrajan.com\\\/portal\\\/2026\\\/09\\\/06\\\/jornadas-imparables-superan-las-10-mil-atenciones-en-puebla-capital\\\/\",\"name\":\"Jornadas Imparables superan las 10 mil atenciones en Puebla capital - Fer Abrajan\",\"isPartOf\":{\"@id\":\"https:\\\/\\\/ferabrajan.com\\\/portal\\\/#website\"},\"primaryImageOfPage\":{\"@id\":\"https:\\\/\\\/ferabrajan.com\\\/portal\\\/2026\\\/09\\\/06\\\/jornadas-imparables-superan-las-10-mil-atenciones-en-puebla-capital\\\/#primaryimage\"},\"image\":{\"@id\":\"https:\\\/\\\/ferabrajan.com\\\/portal\\\/2026\\\/09\\\/06\\\/jornadas-imparables-superan-las-10-mil-atenciones-en-puebla-capital\\\/#primaryimage\"},\"thumbnailUrl\":\"https:\\\/\\\/ferabrajan.com\\\/portal\\\/wp-content\\\/uploads\\\/2026\\\/09\\\/WhatsApp-Image-2026-09-06-at-9.12.58-AM-1.jpeg\",\"datePublished\":\"2026-09-06T15:43:40+00:00\",\"breadcrumb\":{\"@id\":\"https:\\\/\\\/ferabrajan.com\\\/portal\\\/2026\\\/09\\\/06\\\/jornadas-imparables-superan-las-10-mil-atenciones-en-puebla-capital\\\/#breadcrumb\"},\"inLanguage\":\"es\",\"potentialAction\":[{\"@type\":\"ReadAction\",\"target\":[\"https:\\\/\\\/ferabrajan.com\\\/portal\\\/2026\\\/09\\\/06\\\/jornadas-imparables-superan-las-10-mil-atenciones-en-puebla-capital\\\/\"]}]},{\"@type\":\"ImageObject\",\"inLanguage\":\"es\",\"@id\":\"https:\\\/\\\/ferabrajan.com\\\/portal\\\/2026\\\/09\\\/06\\\/jornadas-imparables-superan-las-10-mil-atenciones-en-puebla-capital\\\/#primaryimage\",\"url\":\"https:\\\/\\\/ferabrajan.com\\\/portal\\\/wp-content\\\/uploads\\\/2026\\\/09\\\/WhatsApp-Image-2026-09-06-at-9.12.58-AM-1.jpeg\",\"contentUrl\":\"https:\\\/\\\/ferabrajan.com\\\/portal\\\/wp-content\\\/uploads\\\/2026\\\/09\\\/WhatsApp-Image-2026-09-06-at-9.12.58-AM-1.jpeg\",\"width\":1280,\"height\":854},{\"@type\":\"BreadcrumbList\",\"@id\":\"https:\\\/\\\/ferabrajan.com\\\/portal\\\/2026\\\/09\\\/06\\\/jornadas-imparables-superan-las-10-mil-atenciones-en-puebla-capital\\\/#breadcrumb\",\"itemListElement\":[{\"@type\":\"ListItem\",\"position\":1,\"name\":\"Portada\",\"item\":\"https:\\\/\\\/ferabrajan.com\\\/portal\\\/\"},{\"@type\":\"ListItem\",\"position\":2,\"name\":\"Jornadas Imparables superan las 10 mil atenciones en Puebla capital\"}]},{\"@type\":\"WebSite\",\"@id\":\"https:\\\/\\\/ferabrajan.com\\\/portal\\\/#website\",\"url\":\"https:\\\/\\\/ferabrajan.com\\\/portal\\\/\",\"name\":\"Fer Abrajan\",\"description\":\"Noticias de Puebla, opini\u00f3n y radio en vivo\",\"publisher\":{\"@id\":\"https:\\\/\\\/ferabrajan.com\\\/portal\\\/#organization\"},\"potentialAction\":[{\"@type\":\"SearchAction\",\"target\":{\"@type\":\"EntryPoint\",\"urlTemplate\":\"https:\\\/\\\/ferabrajan.com\\\/portal\\\/?s={search_term_string}\"},\"query-input\":{\"@type\":\"PropertyValueSpecification\",\"valueRequired\":true,\"valueName\":\"search_term_string\"}}],\"inLanguage\":\"es\"},{\"@type\":\"Organization\",\"@id\":\"https:\\\/\\\/ferabrajan.com\\\/portal\\\/#organization\",\"name\":\"Fer Abrajan\",\"url\":\"https:\\\/\\\/ferabrajan.com\\\/portal\\\/\",\"logo\":{\"@type\":\"ImageObject\",\"inLanguage\":\"es\",\"@id\":\"https:\\\/\\\/ferabrajan.com\\\/portal\\\/#\\\/schema\\\/logo\\\/image\\\/\",\"url\":\"https:\\\/\\\/ferabrajan.com\\\/portal\\\/wp-content\\\/uploads\\\/2024\\\/10\\\/cropped-logo.jpeg\",\"contentUrl\":\"https:\\\/\\\/ferabrajan.com\\\/portal\\\/wp-content\\\/uploads\\\/2024\\\/10\\\/cropped-logo.jpeg\",\"width\":500,\"height\":250,\"caption\":\"Fer Abrajan\"},\"image\":{\"@id\":\"https:\\\/\\\/ferabrajan.com\\\/portal\\\/#\\\/schema\\\/logo\\\/image\\\/\"},\"sameAs\":[\"https:\\\/\\\/www.facebook.com\\\/NoticiasconFerAbrajan\\\/\",\"https:\\\/\\\/x.com\\\/ferabrajan1\"]},{\"@type\":\"Person\",\"@id\":\"https:\\\/\\\/ferabrajan.com\\\/portal\\\/#\\\/schema\\\/person\\\/83ed4fff5d7e4c8edf481fa39f71acb2\",\"name\":\"Ismael Rojas\",\"image\":{\"@type\":\"ImageObject\",\"inLanguage\":\"es\",\"@id\":\"https:\\\/\\\/secure.gravatar.com\\\/avatar\\\/e4a9cb58548fedeb6143fa536c79b44c34454539235177c55c5819d74963e9d6?s=96&d=mm&r=g\",\"url\":\"https:\\\/\\\/secure.gravatar.com\\\/avatar\\\/e4a9cb58548fedeb6143fa536c79b44c34454539235177c55c5819d74963e9d6?s=96&d=mm&r=g\",\"contentUrl\":\"https:\\\/\\\/secure.gravatar.com\\\/avatar\\\/e4a9cb58548fedeb6143fa536c79b44c34454539235177c55c5819d74963e9d6?s=96&d=mm&r=g\",\"caption\":\"Ismael Rojas\"},\"url\":\"https:\\\/\\\/ferabrajan.com\\\/portal\\\/author\\\/ismael\\\/\"}]}<\/script>\n<!-- \/ Yoast SEO plugin. -->","yoast_head_json":{"title":"Jornadas Imparables superan las 10 mil atenciones en Puebla capital - Fer Abrajan","robots":{"index":"index","follow":"follow","max-snippet":"max-snippet:-1","max-image-preview":"max-image-preview:large","max-video-preview":"max-video-preview:-1"},"canonical":"https:\/\/ferabrajan.com\/portal\/2026\/09\/06\/jornadas-imparables-superan-las-10-mil-atenciones-en-puebla-capital\/","og_locale":"es_ES","og_type":"article","og_title":"Jornadas Imparables superan las 10 mil atenciones en Puebla capital - Fer Abrajan","og_description":"Puebla, Pue.\u2013 M\u00e1s de 10 mil 400 personas han recibido atenci\u00f3n durante este a\u00f1o a trav\u00e9s de las Jornadas Imparables del Ayuntamiento de Puebla, estrategia que ha llevado servicios gratuitos a juntas auxiliares, unidades habitacionales, fraccionamientos e inspector\u00edas de la capital. La jornada m\u00e1s reciente se realiz\u00f3 en el Centro de Desarrollo Comunitario de San Ram\u00f3n, donde dependencias municipales, estatales y federales concentraron distintos servicios para facilitar a las familias el acceso a programas, tr\u00e1mites y orientaci\u00f3n sin necesidad de trasladarse a otros puntos de la ciudad. Entre las atenciones ofrecidas se encuentran consultas m\u00e9dicas con personal de la UPAEP, entrega de tarjetas de Financiera para el Bienestar, opciones de cr\u00e9dito, orientaci\u00f3n jur\u00eddica, bolsa de trabajo y talleres relacionados con la prevenci\u00f3n de la violencia familiar y en el noviazgo, bullying y adicciones. Tambi\u00e9n se brindaron pl\u00e1ticas para j\u00f3venes, talleres para elaborar huertos urbanos, orientaci\u00f3n en materia de igualdad sustantiva, as\u00ed como informaci\u00f3n y tr\u00e1mites relacionados con Agua de Puebla y Pensionissste, entre otros servicios. La secretaria de Bienestar y Participaci\u00f3n Ciudadana, Vanesa L\u00f3pez Silva, destac\u00f3 que estas jornadas permiten acercar la atenci\u00f3n de los tres \u00f3rdenes de gobierno directamente a las comunidades, particularmente a sectores que enfrentan mayores dificultades para acceder a determinados servicios. Con 15 jornadas realizadas durante 2026, el programa contin\u00faa ampliando su cobertura en distintos puntos de Puebla capital, con una estrategia enfocada en acercar servicios de salud, bienestar, empleo, seguridad y orientaci\u00f3n a las familias.","og_url":"https:\/\/ferabrajan.com\/portal\/2026\/09\/06\/jornadas-imparables-superan-las-10-mil-atenciones-en-puebla-capital\/","og_site_name":"Fer Abrajan","article_publisher":"https:\/\/www.facebook.com\/NoticiasconFerAbrajan\/","article_published_time":"2026-09-06T15:43:40+00:00","og_image":[{"width":1280,"height":854,"url":"https:\/\/ferabrajan.com\/portal\/wp-content\/uploads\/2026\/09\/WhatsApp-Image-2026-09-06-at-9.12.58-AM-1.jpeg","type":"image\/jpeg"}],"author":"Ismael Rojas","twitter_card":"summary_large_image","twitter_creator":"@ferabrajan1","twitter_site":"@ferabrajan1","twitter_misc":{"Escrito por":"Ismael Rojas","Tiempo de lectura":"2 minutos"},"schema":{"@context":"https:\/\/schema.org","@graph":[{"@type":"Article","@id":"https:\/\/ferabrajan.com\/portal\/2026\/09\/06\/jornadas-imparables-superan-las-10-mil-atenciones-en-puebla-capital\/#article","isPartOf":{"@id":"https:\/\/ferabrajan.com\/portal\/2026\/09\/06\/jornadas-imparables-superan-las-10-mil-atenciones-en-puebla-capital\/"},"author":{"name":"Ismael Rojas","@id":"https:\/\/ferabrajan.com\/portal\/#\/schema\/person\/83ed4fff5d7e4c8edf481fa39f71acb2"},"headline":"Jornadas Imparables superan las 10 mil atenciones en Puebla capital","datePublished":"2026-09-06T15:43:40+00:00","mainEntityOfPage":{"@id":"https:\/\/ferabrajan.com\/portal\/2026\/09\/06\/jornadas-imparables-superan-las-10-mil-atenciones-en-puebla-capital\/"},"wordCount":270,"publisher":{"@id":"https:\/\/ferabrajan.com\/portal\/#organization"},"image":{"@id":"https:\/\/ferabrajan.com\/portal\/2026\/09\/06\/jornadas-imparables-superan-las-10-mil-atenciones-en-puebla-capital\/#primaryimage"},"thumbnailUrl":"https:\/\/ferabrajan.com\/portal\/wp-content\/uploads\/2026\/09\/WhatsApp-Image-2026-09-06-at-9.12.58-AM-1.jpeg","keywords":["ayuntamiento de Puebla","Jornadas Imparables"],"articleSection":["Local","Principal"],"inLanguage":"es"},{"@type":"WebPage","@id":"https:\/\/ferabrajan.com\/portal\/2026\/09\/06\/jornadas-imparables-superan-las-10-mil-atenciones-en-puebla-capital\/","url":"https:\/\/ferabrajan.com\/portal\/2026\/09\/06\/jornadas-imparables-superan-las-10-mil-atenciones-en-puebla-capital\/","name":"Jornadas Imparables superan las 10 mil atenciones en Puebla capital - Fer Abrajan","isPartOf":{"@id":"https:\/\/ferabrajan.com\/portal\/#website"},"primaryImageOfPage":{"@id":"https:\/\/ferabrajan.com\/portal\/2026\/09\/06\/jornadas-imparables-superan-las-10-mil-atenciones-en-puebla-capital\/#primaryimage"},"image":{"@id":"https:\/\/ferabrajan.com\/portal\/2026\/09\/06\/jornadas-imparables-superan-las-10-mil-atenciones-en-puebla-capital\/#primaryimage"},"thumbnailUrl":"https:\/\/ferabrajan.com\/portal\/wp-content\/uploads\/2026\/09\/WhatsApp-Image-2026-09-06-at-9.12.58-AM-1.jpeg","datePublished":"2026-09-06T15:43:40+00:00","breadcrumb":{"@id":"https:\/\/ferabrajan.com\/portal\/2026\/09\/06\/jornadas-imparables-superan-las-10-mil-atenciones-en-puebla-capital\/#breadcrumb"},"inLanguage":"es","potentialAction":[{"@type":"ReadAction","target":["https:\/\/ferabrajan.com\/portal\/2026\/09\/06\/jornadas-imparables-superan-las-10-mil-atenciones-en-puebla-capital\/"]}]},{"@type":"ImageObject","inLanguage":"es","@id":"https:\/\/ferabrajan.com\/portal\/2026\/09\/06\/jornadas-imparables-superan-las-10-mil-atenciones-en-puebla-capital\/#primaryimage","url":"https:\/\/ferabrajan.com\/portal\/wp-content\/uploads\/2026\/09\/WhatsApp-Image-2026-09-06-at-9.12.58-AM-1.jpeg","contentUrl":"https:\/\/ferabrajan.com\/portal\/wp-content\/uploads\/2026\/09\/WhatsApp-Image-2026-09-06-at-9.12.58-AM-1.jpeg","width":1280,"height":854},{"@type":"BreadcrumbList","@id":"https:\/\/ferabrajan.com\/portal\/2026\/09\/06\/jornadas-imparables-superan-las-10-mil-atenciones-en-puebla-capital\/#breadcrumb","itemListElement":[{"@type":"ListItem","position":1,"name":"Portada","item":"https:\/\/ferabrajan.com\/portal\/"},{"@type":"ListItem","position":2,"name":"Jornadas Imparables superan las 10 mil atenciones en Puebla capital"}]},{"@type":"WebSite","@id":"https:\/\/ferabrajan.com\/portal\/#website","url":"https:\/\/ferabrajan.com\/portal\/","name":"Fer Abrajan","description":"Noticias de Puebla, opini\u00f3n y radio en vivo","publisher":{"@id":"https:\/\/ferabrajan.com\/portal\/#organization"},"potentialAction":[{"@type":"SearchAction","target":{"@type":"EntryPoint","urlTemplate":"https:\/\/ferabrajan.com\/portal\/?s={search_term_string}"},"query-input":{"@type":"PropertyValueSpecification","valueRequired":true,"valueName":"search_term_string"}}],"inLanguage":"es"},{"@type":"Organization","@id":"https:\/\/ferabrajan.com\/portal\/#organization","name":"Fer Abrajan","url":"https:\/\/ferabrajan.com\/portal\/","logo":{"@type":"ImageObject","inLanguage":"es","@id":"https:\/\/ferabrajan.com\/portal\/#\/schema\/logo\/image\/","url":"https:\/\/ferabrajan.com\/portal\/wp-content\/uploads\/2024\/10\/cropped-logo.jpeg","contentUrl":"https:\/\/ferabrajan.com\/portal\/wp-content\/uploads\/2024\/10\/cropped-logo.jpeg","width":500,"height":250,"caption":"Fer Abrajan"},"image":{"@id":"https:\/\/ferabrajan.com\/portal\/#\/schema\/logo\/image\/"},"sameAs":["https:\/\/www.facebook.com\/NoticiasconFerAbrajan\/","https:\/\/x.com\/ferabrajan1"]},{"@type":"Person","@id":"https:\/\/ferabrajan.com\/portal\/#\/schema\/person\/83ed4fff5d7e4c8edf481fa39f71acb2","name":"Ismael Rojas","image":{"@type":"ImageObject","inLanguage":"es","@id":"https:\/\/secure.gravatar.com\/avatar\/e4a9cb58548fedeb6143fa536c79b44c34454539235177c55c5819d74963e9d6?s=96&d=mm&r=g","url":"https:\/\/secure.gravatar.com\/avatar\/e4a9cb58548fedeb6143fa536c79b44c34454539235177c55c5819d74963e9d6?s=96&d=mm&r=g","contentUrl":"https:\/\/secure.gravatar.com\/avatar\/e4a9cb58548fedeb6143fa536c79b44c34454539235177c55c5819d74963e9d6?s=96&d=mm&r=g","caption":"Ismael Rojas"},"url":"https:\/\/ferabrajan.com\/portal\/author\/ismael\/"}]}},"_links":{"self":[{"href":"https:\/\/ferabrajan.com\/portal\/wp-json\/wp\/v2\/posts\/84323","targetHints":{"allow":["GET"]}}],"collection":[{"href":"https:\/\/ferabrajan.com\/portal\/wp-json\/wp\/v2\/posts"}],"about":[{"href":"https:\/\/ferabrajan.com\/portal\/wp-json\/wp\/v2\/types\/post"}],"author":[{"embeddable":true,"href":"https:\/\/ferabrajan.com\/portal\/wp-json\/wp\/v2\/users\/4"}],"replies":[{"embeddable":true,"href":"https:\/\/ferabrajan.com\/portal\/wp-json\/wp\/v2\/comments?post=84323"}],"version-history":[{"count":1,"href":"https:\/\/ferabrajan.com\/portal\/wp-json\/wp\/v2\/posts\/84323\/revisions"}],"predecessor-version":[{"id":84326,"href":"https:\/\/ferabrajan.com\/portal\/wp-json\/wp\/v2\/posts\/84323\/revisions\/84326"}],"wp:featuredmedia":[{"embeddable":true,"href":"https:\/\/ferabrajan.com\/portal\/wp-json\/wp\/v2\/media\/84325"}],"wp:attachment":[{"href":"https:\/\/ferabrajan.com\/portal\/wp-json\/wp\/v2\/media?parent=84323"}],"wp:term":[{"taxonomy":"category","embeddable":true,"href":"https:\/\/ferabrajan.com\/portal\/wp-json\/wp\/v2\/categories?post=84323"},{"taxonomy":"post_tag","embeddable":true,"href":"https:\/\/ferabrajan.com\/portal\/wp-json\/wp\/v2\/tags?post=84323"}],"curies":[{"name":"wp","href":"https:\/\/api.w.org\/{rel}","templated":true}]}}