{"id":84318,"date":"2026-09-06T15:39:50","date_gmt":"2026-09-06T15:39:50","guid":{"rendered":"https:\/\/ferabrajan.com\/portal\/?p=84318"},"modified":"2026-09-06T15:39:50","modified_gmt":"2026-09-06T15:39:50","slug":"san-pedro-cholula-bailo-al-ritmo-de-banda-tierra-sagrada-miles-abarrotan-la-feria-milenaria","status":"publish","type":"post","link":"https:\/\/ferabrajan.com\/portal\/2026\/09\/06\/san-pedro-cholula-bailo-al-ritmo-de-banda-tierra-sagrada-miles-abarrotan-la-feria-milenaria\/","title":{"rendered":"\u00a1San Pedro Cholula bail\u00f3 al ritmo de Banda Tierra Sagrada! Miles abarrotan la Feria Milenaria"},"content":{"rendered":"<p class=\"isSelectedEnd\"><strong>San Pedro Cholula, Pue.<\/strong>\u2013 La m\u00fasica regional mexicana hizo vibrar la Plaza de la Concordia durante el quinto d\u00eda de la <strong>Gran Feria Milenaria de San Pedro Cholula<\/strong>, donde miles de personas disfrutaron del concierto de <strong>Banda Tierra Sagrada<\/strong>.<\/p>\n<p class=\"isSelectedEnd\">La agrupaci\u00f3n originaria de Mazatl\u00e1n, Sinaloa, sali\u00f3 al escenario para poner a cantar y bailar al p\u00fablico con algunos de sus temas m\u00e1s conocidos. Desde temprano, decenas de asistentes se dieron cita para ocupar los primeros lugares y disfrutar del espect\u00e1culo.<\/p>\n<p class=\"isSelectedEnd\">Durante m\u00e1s de dos horas, la banda interpret\u00f3 canciones como <em>La Buena y La Mala<\/em>, <em>El Bueno y El Malo<\/em>, <em>Prov\u00f3came<\/em>, <em>As\u00ed Te Quiero Yo<\/em>, <em>Suspiros<\/em> y <em>El Shot<\/em>, entre otros \u00e9xitos que mantuvieron el ambiente festivo en la Plaza de la Concordia.<\/p>\n<p><img fetchpriority=\"high\" decoding=\"async\" class=\"alignnone size-medium wp-image-84319\" src=\"https:\/\/ferabrajan.com\/portal\/wp-content\/uploads\/2026\/09\/WhatsApp-Image-2026-09-06-at-9.04.02-AM-2-300x200.jpeg\" alt=\"\" width=\"300\" height=\"200\" srcset=\"https:\/\/ferabrajan.com\/portal\/wp-content\/uploads\/2026\/09\/WhatsApp-Image-2026-09-06-at-9.04.02-AM-2-300x200.jpeg 300w, https:\/\/ferabrajan.com\/portal\/wp-content\/uploads\/2026\/09\/WhatsApp-Image-2026-09-06-at-9.04.02-AM-2-1024x682.jpeg 1024w, https:\/\/ferabrajan.com\/portal\/wp-content\/uploads\/2026\/09\/WhatsApp-Image-2026-09-06-at-9.04.02-AM-2-768x512.jpeg 768w, https:\/\/ferabrajan.com\/portal\/wp-content\/uploads\/2026\/09\/WhatsApp-Image-2026-09-06-at-9.04.02-AM-2.jpeg 1280w\" sizes=\"(max-width: 300px) 100vw, 300px\" \/> <img decoding=\"async\" class=\"alignnone size-medium wp-image-84320\" src=\"https:\/\/ferabrajan.com\/portal\/wp-content\/uploads\/2026\/09\/WhatsApp-Image-2026-09-06-at-9.04.02-AM-1-300x169.jpeg\" alt=\"\" width=\"300\" height=\"169\" srcset=\"https:\/\/ferabrajan.com\/portal\/wp-content\/uploads\/2026\/09\/WhatsApp-Image-2026-09-06-at-9.04.02-AM-1-300x169.jpeg 300w, https:\/\/ferabrajan.com\/portal\/wp-content\/uploads\/2026\/09\/WhatsApp-Image-2026-09-06-at-9.04.02-AM-1-1024x576.jpeg 1024w, https:\/\/ferabrajan.com\/portal\/wp-content\/uploads\/2026\/09\/WhatsApp-Image-2026-09-06-at-9.04.02-AM-1-768x432.jpeg 768w, https:\/\/ferabrajan.com\/portal\/wp-content\/uploads\/2026\/09\/WhatsApp-Image-2026-09-06-at-9.04.02-AM-1.jpeg 1280w\" sizes=\"(max-width: 300px) 100vw, 300px\" \/> <img decoding=\"async\" class=\"alignnone size-medium wp-image-84321\" src=\"https:\/\/ferabrajan.com\/portal\/wp-content\/uploads\/2026\/09\/WhatsApp-Image-2026-09-06-at-9.04.02-AM-300x208.jpeg\" alt=\"\" width=\"300\" height=\"208\" srcset=\"https:\/\/ferabrajan.com\/portal\/wp-content\/uploads\/2026\/09\/WhatsApp-Image-2026-09-06-at-9.04.02-AM-300x208.jpeg 300w, https:\/\/ferabrajan.com\/portal\/wp-content\/uploads\/2026\/09\/WhatsApp-Image-2026-09-06-at-9.04.02-AM-1024x710.jpeg 1024w, https:\/\/ferabrajan.com\/portal\/wp-content\/uploads\/2026\/09\/WhatsApp-Image-2026-09-06-at-9.04.02-AM-768x532.jpeg 768w, https:\/\/ferabrajan.com\/portal\/wp-content\/uploads\/2026\/09\/WhatsApp-Image-2026-09-06-at-9.04.02-AM.jpeg 1345w\" sizes=\"(max-width: 300px) 100vw, 300px\" \/><\/p>\n<p class=\"isSelectedEnd\">Previo al concierto, los integrantes de Banda Tierra Sagrada destacaron la belleza y relevancia tur\u00edstica de San Pedro Cholula y agradecieron a la presidenta municipal, <strong>Tonantzin Fern\u00e1ndez<\/strong>, por la invitaci\u00f3n para formar parte de la feria.<\/p>\n<p class=\"isSelectedEnd\">La alcaldesa, por su parte, reconoci\u00f3 la trayectoria de la agrupaci\u00f3n e invit\u00f3 a cholultecas y visitantes a continuar recorriendo los espacios gastron\u00f3micos, artesanales y comerciales instalados como parte de la celebraci\u00f3n. La edici\u00f3n 2026 de la Feria Milenaria contempla actividades hasta el 16 de septiembre.<\/p>\n<p>La jornada concluy\u00f3 con <strong>saldo blanco<\/strong>, mientras que la cartelera continuar\u00e1 este domingo 6 de septiembre con la presentaci\u00f3n de <strong>Las Guerreras K-Pop<\/strong> en la Plaza de la Concordia.<\/p>\n","protected":false},"excerpt":{"rendered":"<p>San Pedro Cholula, Pue.\u2013 La m\u00fasica regional mexicana hizo vibrar la Plaza de la Concordia durante el quinto d\u00eda de la Gran Feria Milenaria de San Pedro Cholula, donde miles de personas disfrutaron del concierto de Banda Tierra Sagrada. La agrupaci\u00f3n originaria de Mazatl\u00e1n, Sinaloa, sali\u00f3 al escenario para poner a cantar y bailar al p\u00fablico con algunos de sus temas m\u00e1s conocidos. Desde temprano, decenas de asistentes se dieron cita para ocupar los primeros lugares y disfrutar del espect\u00e1culo. Durante m\u00e1s de dos horas, la banda interpret\u00f3 canciones como La Buena y La Mala, El Bueno y El Malo, Prov\u00f3came, As\u00ed Te Quiero Yo, Suspiros y El Shot, entre otros \u00e9xitos que mantuvieron el ambiente festivo en la Plaza de la Concordia. Previo al concierto, los integrantes de Banda Tierra Sagrada destacaron la belleza y relevancia tur\u00edstica de San Pedro Cholula y agradecieron a la presidenta municipal, Tonantzin Fern\u00e1ndez, por la invitaci\u00f3n para formar parte de la feria. La alcaldesa, por su parte, reconoci\u00f3 la trayectoria de la agrupaci\u00f3n e invit\u00f3 a cholultecas y visitantes a continuar recorriendo los espacios gastron\u00f3micos, artesanales y comerciales instalados como parte de la celebraci\u00f3n. La edici\u00f3n 2026 de la Feria Milenaria contempla actividades hasta el 16 de septiembre. La jornada concluy\u00f3 con saldo blanco, mientras que la cartelera continuar\u00e1 este domingo 6 de septiembre con la presentaci\u00f3n de Las Guerreras K-Pop en la Plaza de la Concordia.<\/p>\n","protected":false},"author":2,"featured_media":84319,"comment_status":"closed","ping_status":"closed","sticky":false,"template":"","format":"standard","meta":{"_monsterinsights_skip_tracking":false,"_uf_show_specific_survey":0,"_uf_disable_surveys":false,"footnotes":""},"categories":[1],"tags":[5309,29,1397],"class_list":["post-84318","post","type-post","status-publish","format-standard","has-post-thumbnail","hentry","category-uncategorized","tag-gran-feria-milenaria","tag-san-pedro-cholula","tag-tonantzin-fernandez"],"yoast_head":"<!-- This site is optimized with the Yoast SEO plugin v27.5 - https:\/\/yoast.com\/product\/yoast-seo-wordpress\/ -->\n<title>\u00a1San Pedro Cholula bail\u00f3 al ritmo de Banda Tierra Sagrada! Miles abarrotan la Feria Milenaria - Fer Abrajan<\/title>\n<meta name=\"robots\" content=\"index, follow, max-snippet:-1, max-image-preview:large, max-video-preview:-1\" \/>\n<link rel=\"canonical\" href=\"https:\/\/ferabrajan.com\/portal\/2026\/09\/06\/san-pedro-cholula-bailo-al-ritmo-de-banda-tierra-sagrada-miles-abarrotan-la-feria-milenaria\/\" \/>\n<meta property=\"og:locale\" content=\"es_ES\" \/>\n<meta property=\"og:type\" content=\"article\" \/>\n<meta property=\"og:title\" content=\"\u00a1San Pedro Cholula bail\u00f3 al ritmo de Banda Tierra Sagrada! Miles abarrotan la Feria Milenaria - Fer Abrajan\" \/>\n<meta property=\"og:description\" content=\"San Pedro Cholula, Pue.\u2013 La m\u00fasica regional mexicana hizo vibrar la Plaza de la Concordia durante el quinto d\u00eda de la Gran Feria Milenaria de San Pedro Cholula, donde miles de personas disfrutaron del concierto de Banda Tierra Sagrada. La agrupaci\u00f3n originaria de Mazatl\u00e1n, Sinaloa, sali\u00f3 al escenario para poner a cantar y bailar al p\u00fablico con algunos de sus temas m\u00e1s conocidos. Desde temprano, decenas de asistentes se dieron cita para ocupar los primeros lugares y disfrutar del espect\u00e1culo. Durante m\u00e1s de dos horas, la banda interpret\u00f3 canciones como La Buena y La Mala, El Bueno y El Malo, Prov\u00f3came, As\u00ed Te Quiero Yo, Suspiros y El Shot, entre otros \u00e9xitos que mantuvieron el ambiente festivo en la Plaza de la Concordia. Previo al concierto, los integrantes de Banda Tierra Sagrada destacaron la belleza y relevancia tur\u00edstica de San Pedro Cholula y agradecieron a la presidenta municipal, Tonantzin Fern\u00e1ndez, por la invitaci\u00f3n para formar parte de la feria. La alcaldesa, por su parte, reconoci\u00f3 la trayectoria de la agrupaci\u00f3n e invit\u00f3 a cholultecas y visitantes a continuar recorriendo los espacios gastron\u00f3micos, artesanales y comerciales instalados como parte de la celebraci\u00f3n. La edici\u00f3n 2026 de la Feria Milenaria contempla actividades hasta el 16 de septiembre. La jornada concluy\u00f3 con saldo blanco, mientras que la cartelera continuar\u00e1 este domingo 6 de septiembre con la presentaci\u00f3n de Las Guerreras K-Pop en la Plaza de la Concordia.\" \/>\n<meta property=\"og:url\" content=\"https:\/\/ferabrajan.com\/portal\/2026\/09\/06\/san-pedro-cholula-bailo-al-ritmo-de-banda-tierra-sagrada-miles-abarrotan-la-feria-milenaria\/\" \/>\n<meta property=\"og:site_name\" content=\"Fer Abrajan\" \/>\n<meta property=\"article:publisher\" content=\"https:\/\/www.facebook.com\/NoticiasconFerAbrajan\/\" \/>\n<meta property=\"article:published_time\" content=\"2026-09-06T15:39:50+00:00\" \/>\n<meta property=\"og:image\" content=\"https:\/\/ferabrajan.com\/portal\/wp-content\/uploads\/2026\/09\/WhatsApp-Image-2026-09-06-at-9.04.02-AM-2.jpeg\" \/>\n\t<meta property=\"og:image:width\" content=\"1280\" \/>\n\t<meta property=\"og:image:height\" content=\"853\" \/>\n\t<meta property=\"og:image:type\" content=\"image\/jpeg\" \/>\n<meta name=\"author\" content=\"Fer Abrajan\" \/>\n<meta name=\"twitter:card\" content=\"summary_large_image\" \/>\n<meta name=\"twitter:creator\" content=\"@ferabrajan1\" \/>\n<meta name=\"twitter:site\" content=\"@ferabrajan1\" \/>\n<meta name=\"twitter:label1\" content=\"Escrito por\" \/>\n\t<meta name=\"twitter:data1\" content=\"Fer Abrajan\" \/>\n\t<meta name=\"twitter:label2\" content=\"Tiempo de lectura\" \/>\n\t<meta name=\"twitter:data2\" content=\"2 minutos\" \/>\n<script type=\"application\/ld+json\" class=\"yoast-schema-graph\">{\"@context\":\"https:\\\/\\\/schema.org\",\"@graph\":[{\"@type\":\"Article\",\"@id\":\"https:\\\/\\\/ferabrajan.com\\\/portal\\\/2026\\\/09\\\/06\\\/san-pedro-cholula-bailo-al-ritmo-de-banda-tierra-sagrada-miles-abarrotan-la-feria-milenaria\\\/#article\",\"isPartOf\":{\"@id\":\"https:\\\/\\\/ferabrajan.com\\\/portal\\\/2026\\\/09\\\/06\\\/san-pedro-cholula-bailo-al-ritmo-de-banda-tierra-sagrada-miles-abarrotan-la-feria-milenaria\\\/\"},\"author\":{\"name\":\"Fer Abrajan\",\"@id\":\"https:\\\/\\\/ferabrajan.com\\\/portal\\\/#\\\/schema\\\/person\\\/409810f04ae2414635b53953eb892c6a\"},\"headline\":\"\u00a1San Pedro Cholula bail\u00f3 al ritmo de Banda Tierra Sagrada! Miles abarrotan la Feria Milenaria\",\"datePublished\":\"2026-09-06T15:39:50+00:00\",\"mainEntityOfPage\":{\"@id\":\"https:\\\/\\\/ferabrajan.com\\\/portal\\\/2026\\\/09\\\/06\\\/san-pedro-cholula-bailo-al-ritmo-de-banda-tierra-sagrada-miles-abarrotan-la-feria-milenaria\\\/\"},\"wordCount\":263,\"publisher\":{\"@id\":\"https:\\\/\\\/ferabrajan.com\\\/portal\\\/#organization\"},\"image\":{\"@id\":\"https:\\\/\\\/ferabrajan.com\\\/portal\\\/2026\\\/09\\\/06\\\/san-pedro-cholula-bailo-al-ritmo-de-banda-tierra-sagrada-miles-abarrotan-la-feria-milenaria\\\/#primaryimage\"},\"thumbnailUrl\":\"https:\\\/\\\/ferabrajan.com\\\/portal\\\/wp-content\\\/uploads\\\/2026\\\/09\\\/WhatsApp-Image-2026-09-06-at-9.04.02-AM-2.jpeg\",\"keywords\":[\"Gran Feria Milenaria\",\"San Pedro Cholula\",\"Tonantzin Fern\u00e1ndez\"],\"articleSection\":[\"Uncategorized\"],\"inLanguage\":\"es\"},{\"@type\":\"WebPage\",\"@id\":\"https:\\\/\\\/ferabrajan.com\\\/portal\\\/2026\\\/09\\\/06\\\/san-pedro-cholula-bailo-al-ritmo-de-banda-tierra-sagrada-miles-abarrotan-la-feria-milenaria\\\/\",\"url\":\"https:\\\/\\\/ferabrajan.com\\\/portal\\\/2026\\\/09\\\/06\\\/san-pedro-cholula-bailo-al-ritmo-de-banda-tierra-sagrada-miles-abarrotan-la-feria-milenaria\\\/\",\"name\":\"\u00a1San Pedro Cholula bail\u00f3 al ritmo de Banda Tierra Sagrada! Miles abarrotan la Feria Milenaria - Fer Abrajan\",\"isPartOf\":{\"@id\":\"https:\\\/\\\/ferabrajan.com\\\/portal\\\/#website\"},\"primaryImageOfPage\":{\"@id\":\"https:\\\/\\\/ferabrajan.com\\\/portal\\\/2026\\\/09\\\/06\\\/san-pedro-cholula-bailo-al-ritmo-de-banda-tierra-sagrada-miles-abarrotan-la-feria-milenaria\\\/#primaryimage\"},\"image\":{\"@id\":\"https:\\\/\\\/ferabrajan.com\\\/portal\\\/2026\\\/09\\\/06\\\/san-pedro-cholula-bailo-al-ritmo-de-banda-tierra-sagrada-miles-abarrotan-la-feria-milenaria\\\/#primaryimage\"},\"thumbnailUrl\":\"https:\\\/\\\/ferabrajan.com\\\/portal\\\/wp-content\\\/uploads\\\/2026\\\/09\\\/WhatsApp-Image-2026-09-06-at-9.04.02-AM-2.jpeg\",\"datePublished\":\"2026-09-06T15:39:50+00:00\",\"breadcrumb\":{\"@id\":\"https:\\\/\\\/ferabrajan.com\\\/portal\\\/2026\\\/09\\\/06\\\/san-pedro-cholula-bailo-al-ritmo-de-banda-tierra-sagrada-miles-abarrotan-la-feria-milenaria\\\/#breadcrumb\"},\"inLanguage\":\"es\",\"potentialAction\":[{\"@type\":\"ReadAction\",\"target\":[\"https:\\\/\\\/ferabrajan.com\\\/portal\\\/2026\\\/09\\\/06\\\/san-pedro-cholula-bailo-al-ritmo-de-banda-tierra-sagrada-miles-abarrotan-la-feria-milenaria\\\/\"]}]},{\"@type\":\"ImageObject\",\"inLanguage\":\"es\",\"@id\":\"https:\\\/\\\/ferabrajan.com\\\/portal\\\/2026\\\/09\\\/06\\\/san-pedro-cholula-bailo-al-ritmo-de-banda-tierra-sagrada-miles-abarrotan-la-feria-milenaria\\\/#primaryimage\",\"url\":\"https:\\\/\\\/ferabrajan.com\\\/portal\\\/wp-content\\\/uploads\\\/2026\\\/09\\\/WhatsApp-Image-2026-09-06-at-9.04.02-AM-2.jpeg\",\"contentUrl\":\"https:\\\/\\\/ferabrajan.com\\\/portal\\\/wp-content\\\/uploads\\\/2026\\\/09\\\/WhatsApp-Image-2026-09-06-at-9.04.02-AM-2.jpeg\",\"width\":1280,\"height\":853},{\"@type\":\"BreadcrumbList\",\"@id\":\"https:\\\/\\\/ferabrajan.com\\\/portal\\\/2026\\\/09\\\/06\\\/san-pedro-cholula-bailo-al-ritmo-de-banda-tierra-sagrada-miles-abarrotan-la-feria-milenaria\\\/#breadcrumb\",\"itemListElement\":[{\"@type\":\"ListItem\",\"position\":1,\"name\":\"Portada\",\"item\":\"https:\\\/\\\/ferabrajan.com\\\/portal\\\/\"},{\"@type\":\"ListItem\",\"position\":2,\"name\":\"\u00a1San Pedro Cholula bail\u00f3 al ritmo de Banda Tierra Sagrada! Miles abarrotan la Feria Milenaria\"}]},{\"@type\":\"WebSite\",\"@id\":\"https:\\\/\\\/ferabrajan.com\\\/portal\\\/#website\",\"url\":\"https:\\\/\\\/ferabrajan.com\\\/portal\\\/\",\"name\":\"Fer Abrajan\",\"description\":\"Noticias de Puebla, opini\u00f3n y radio en vivo\",\"publisher\":{\"@id\":\"https:\\\/\\\/ferabrajan.com\\\/portal\\\/#organization\"},\"potentialAction\":[{\"@type\":\"SearchAction\",\"target\":{\"@type\":\"EntryPoint\",\"urlTemplate\":\"https:\\\/\\\/ferabrajan.com\\\/portal\\\/?s={search_term_string}\"},\"query-input\":{\"@type\":\"PropertyValueSpecification\",\"valueRequired\":true,\"valueName\":\"search_term_string\"}}],\"inLanguage\":\"es\"},{\"@type\":\"Organization\",\"@id\":\"https:\\\/\\\/ferabrajan.com\\\/portal\\\/#organization\",\"name\":\"Fer Abrajan\",\"url\":\"https:\\\/\\\/ferabrajan.com\\\/portal\\\/\",\"logo\":{\"@type\":\"ImageObject\",\"inLanguage\":\"es\",\"@id\":\"https:\\\/\\\/ferabrajan.com\\\/portal\\\/#\\\/schema\\\/logo\\\/image\\\/\",\"url\":\"https:\\\/\\\/ferabrajan.com\\\/portal\\\/wp-content\\\/uploads\\\/2024\\\/10\\\/cropped-logo.jpeg\",\"contentUrl\":\"https:\\\/\\\/ferabrajan.com\\\/portal\\\/wp-content\\\/uploads\\\/2024\\\/10\\\/cropped-logo.jpeg\",\"width\":500,\"height\":250,\"caption\":\"Fer Abrajan\"},\"image\":{\"@id\":\"https:\\\/\\\/ferabrajan.com\\\/portal\\\/#\\\/schema\\\/logo\\\/image\\\/\"},\"sameAs\":[\"https:\\\/\\\/www.facebook.com\\\/NoticiasconFerAbrajan\\\/\",\"https:\\\/\\\/x.com\\\/ferabrajan1\"]},{\"@type\":\"Person\",\"@id\":\"https:\\\/\\\/ferabrajan.com\\\/portal\\\/#\\\/schema\\\/person\\\/409810f04ae2414635b53953eb892c6a\",\"name\":\"Fer Abrajan\",\"image\":{\"@type\":\"ImageObject\",\"inLanguage\":\"es\",\"@id\":\"https:\\\/\\\/secure.gravatar.com\\\/avatar\\\/14a22c98926007f26dad1674f7e574700703d917b7db6886c7b50d7a6d983fca?s=96&d=mm&r=g\",\"url\":\"https:\\\/\\\/secure.gravatar.com\\\/avatar\\\/14a22c98926007f26dad1674f7e574700703d917b7db6886c7b50d7a6d983fca?s=96&d=mm&r=g\",\"contentUrl\":\"https:\\\/\\\/secure.gravatar.com\\\/avatar\\\/14a22c98926007f26dad1674f7e574700703d917b7db6886c7b50d7a6d983fca?s=96&d=mm&r=g\",\"caption\":\"Fer Abrajan\"},\"url\":\"https:\\\/\\\/ferabrajan.com\\\/portal\\\/author\\\/fabrajan\\\/\"}]}<\/script>\n<!-- \/ Yoast SEO plugin. -->","yoast_head_json":{"title":"\u00a1San Pedro Cholula bail\u00f3 al ritmo de Banda Tierra Sagrada! Miles abarrotan la Feria Milenaria - Fer Abrajan","robots":{"index":"index","follow":"follow","max-snippet":"max-snippet:-1","max-image-preview":"max-image-preview:large","max-video-preview":"max-video-preview:-1"},"canonical":"https:\/\/ferabrajan.com\/portal\/2026\/09\/06\/san-pedro-cholula-bailo-al-ritmo-de-banda-tierra-sagrada-miles-abarrotan-la-feria-milenaria\/","og_locale":"es_ES","og_type":"article","og_title":"\u00a1San Pedro Cholula bail\u00f3 al ritmo de Banda Tierra Sagrada! Miles abarrotan la Feria Milenaria - Fer Abrajan","og_description":"San Pedro Cholula, Pue.\u2013 La m\u00fasica regional mexicana hizo vibrar la Plaza de la Concordia durante el quinto d\u00eda de la Gran Feria Milenaria de San Pedro Cholula, donde miles de personas disfrutaron del concierto de Banda Tierra Sagrada. La agrupaci\u00f3n originaria de Mazatl\u00e1n, Sinaloa, sali\u00f3 al escenario para poner a cantar y bailar al p\u00fablico con algunos de sus temas m\u00e1s conocidos. Desde temprano, decenas de asistentes se dieron cita para ocupar los primeros lugares y disfrutar del espect\u00e1culo. Durante m\u00e1s de dos horas, la banda interpret\u00f3 canciones como La Buena y La Mala, El Bueno y El Malo, Prov\u00f3came, As\u00ed Te Quiero Yo, Suspiros y El Shot, entre otros \u00e9xitos que mantuvieron el ambiente festivo en la Plaza de la Concordia. Previo al concierto, los integrantes de Banda Tierra Sagrada destacaron la belleza y relevancia tur\u00edstica de San Pedro Cholula y agradecieron a la presidenta municipal, Tonantzin Fern\u00e1ndez, por la invitaci\u00f3n para formar parte de la feria. La alcaldesa, por su parte, reconoci\u00f3 la trayectoria de la agrupaci\u00f3n e invit\u00f3 a cholultecas y visitantes a continuar recorriendo los espacios gastron\u00f3micos, artesanales y comerciales instalados como parte de la celebraci\u00f3n. La edici\u00f3n 2026 de la Feria Milenaria contempla actividades hasta el 16 de septiembre. La jornada concluy\u00f3 con saldo blanco, mientras que la cartelera continuar\u00e1 este domingo 6 de septiembre con la presentaci\u00f3n de Las Guerreras K-Pop en la Plaza de la Concordia.","og_url":"https:\/\/ferabrajan.com\/portal\/2026\/09\/06\/san-pedro-cholula-bailo-al-ritmo-de-banda-tierra-sagrada-miles-abarrotan-la-feria-milenaria\/","og_site_name":"Fer Abrajan","article_publisher":"https:\/\/www.facebook.com\/NoticiasconFerAbrajan\/","article_published_time":"2026-09-06T15:39:50+00:00","og_image":[{"width":1280,"height":853,"url":"https:\/\/ferabrajan.com\/portal\/wp-content\/uploads\/2026\/09\/WhatsApp-Image-2026-09-06-at-9.04.02-AM-2.jpeg","type":"image\/jpeg"}],"author":"Fer Abrajan","twitter_card":"summary_large_image","twitter_creator":"@ferabrajan1","twitter_site":"@ferabrajan1","twitter_misc":{"Escrito por":"Fer Abrajan","Tiempo de lectura":"2 minutos"},"schema":{"@context":"https:\/\/schema.org","@graph":[{"@type":"Article","@id":"https:\/\/ferabrajan.com\/portal\/2026\/09\/06\/san-pedro-cholula-bailo-al-ritmo-de-banda-tierra-sagrada-miles-abarrotan-la-feria-milenaria\/#article","isPartOf":{"@id":"https:\/\/ferabrajan.com\/portal\/2026\/09\/06\/san-pedro-cholula-bailo-al-ritmo-de-banda-tierra-sagrada-miles-abarrotan-la-feria-milenaria\/"},"author":{"name":"Fer Abrajan","@id":"https:\/\/ferabrajan.com\/portal\/#\/schema\/person\/409810f04ae2414635b53953eb892c6a"},"headline":"\u00a1San Pedro Cholula bail\u00f3 al ritmo de Banda Tierra Sagrada! Miles abarrotan la Feria Milenaria","datePublished":"2026-09-06T15:39:50+00:00","mainEntityOfPage":{"@id":"https:\/\/ferabrajan.com\/portal\/2026\/09\/06\/san-pedro-cholula-bailo-al-ritmo-de-banda-tierra-sagrada-miles-abarrotan-la-feria-milenaria\/"},"wordCount":263,"publisher":{"@id":"https:\/\/ferabrajan.com\/portal\/#organization"},"image":{"@id":"https:\/\/ferabrajan.com\/portal\/2026\/09\/06\/san-pedro-cholula-bailo-al-ritmo-de-banda-tierra-sagrada-miles-abarrotan-la-feria-milenaria\/#primaryimage"},"thumbnailUrl":"https:\/\/ferabrajan.com\/portal\/wp-content\/uploads\/2026\/09\/WhatsApp-Image-2026-09-06-at-9.04.02-AM-2.jpeg","keywords":["Gran Feria Milenaria","San Pedro Cholula","Tonantzin Fern\u00e1ndez"],"articleSection":["Uncategorized"],"inLanguage":"es"},{"@type":"WebPage","@id":"https:\/\/ferabrajan.com\/portal\/2026\/09\/06\/san-pedro-cholula-bailo-al-ritmo-de-banda-tierra-sagrada-miles-abarrotan-la-feria-milenaria\/","url":"https:\/\/ferabrajan.com\/portal\/2026\/09\/06\/san-pedro-cholula-bailo-al-ritmo-de-banda-tierra-sagrada-miles-abarrotan-la-feria-milenaria\/","name":"\u00a1San Pedro Cholula bail\u00f3 al ritmo de Banda Tierra Sagrada! Miles abarrotan la Feria Milenaria - Fer Abrajan","isPartOf":{"@id":"https:\/\/ferabrajan.com\/portal\/#website"},"primaryImageOfPage":{"@id":"https:\/\/ferabrajan.com\/portal\/2026\/09\/06\/san-pedro-cholula-bailo-al-ritmo-de-banda-tierra-sagrada-miles-abarrotan-la-feria-milenaria\/#primaryimage"},"image":{"@id":"https:\/\/ferabrajan.com\/portal\/2026\/09\/06\/san-pedro-cholula-bailo-al-ritmo-de-banda-tierra-sagrada-miles-abarrotan-la-feria-milenaria\/#primaryimage"},"thumbnailUrl":"https:\/\/ferabrajan.com\/portal\/wp-content\/uploads\/2026\/09\/WhatsApp-Image-2026-09-06-at-9.04.02-AM-2.jpeg","datePublished":"2026-09-06T15:39:50+00:00","breadcrumb":{"@id":"https:\/\/ferabrajan.com\/portal\/2026\/09\/06\/san-pedro-cholula-bailo-al-ritmo-de-banda-tierra-sagrada-miles-abarrotan-la-feria-milenaria\/#breadcrumb"},"inLanguage":"es","potentialAction":[{"@type":"ReadAction","target":["https:\/\/ferabrajan.com\/portal\/2026\/09\/06\/san-pedro-cholula-bailo-al-ritmo-de-banda-tierra-sagrada-miles-abarrotan-la-feria-milenaria\/"]}]},{"@type":"ImageObject","inLanguage":"es","@id":"https:\/\/ferabrajan.com\/portal\/2026\/09\/06\/san-pedro-cholula-bailo-al-ritmo-de-banda-tierra-sagrada-miles-abarrotan-la-feria-milenaria\/#primaryimage","url":"https:\/\/ferabrajan.com\/portal\/wp-content\/uploads\/2026\/09\/WhatsApp-Image-2026-09-06-at-9.04.02-AM-2.jpeg","contentUrl":"https:\/\/ferabrajan.com\/portal\/wp-content\/uploads\/2026\/09\/WhatsApp-Image-2026-09-06-at-9.04.02-AM-2.jpeg","width":1280,"height":853},{"@type":"BreadcrumbList","@id":"https:\/\/ferabrajan.com\/portal\/2026\/09\/06\/san-pedro-cholula-bailo-al-ritmo-de-banda-tierra-sagrada-miles-abarrotan-la-feria-milenaria\/#breadcrumb","itemListElement":[{"@type":"ListItem","position":1,"name":"Portada","item":"https:\/\/ferabrajan.com\/portal\/"},{"@type":"ListItem","position":2,"name":"\u00a1San Pedro Cholula bail\u00f3 al ritmo de Banda Tierra Sagrada! Miles abarrotan la Feria Milenaria"}]},{"@type":"WebSite","@id":"https:\/\/ferabrajan.com\/portal\/#website","url":"https:\/\/ferabrajan.com\/portal\/","name":"Fer Abrajan","description":"Noticias de Puebla, opini\u00f3n y radio en vivo","publisher":{"@id":"https:\/\/ferabrajan.com\/portal\/#organization"},"potentialAction":[{"@type":"SearchAction","target":{"@type":"EntryPoint","urlTemplate":"https:\/\/ferabrajan.com\/portal\/?s={search_term_string}"},"query-input":{"@type":"PropertyValueSpecification","valueRequired":true,"valueName":"search_term_string"}}],"inLanguage":"es"},{"@type":"Organization","@id":"https:\/\/ferabrajan.com\/portal\/#organization","name":"Fer Abrajan","url":"https:\/\/ferabrajan.com\/portal\/","logo":{"@type":"ImageObject","inLanguage":"es","@id":"https:\/\/ferabrajan.com\/portal\/#\/schema\/logo\/image\/","url":"https:\/\/ferabrajan.com\/portal\/wp-content\/uploads\/2024\/10\/cropped-logo.jpeg","contentUrl":"https:\/\/ferabrajan.com\/portal\/wp-content\/uploads\/2024\/10\/cropped-logo.jpeg","width":500,"height":250,"caption":"Fer Abrajan"},"image":{"@id":"https:\/\/ferabrajan.com\/portal\/#\/schema\/logo\/image\/"},"sameAs":["https:\/\/www.facebook.com\/NoticiasconFerAbrajan\/","https:\/\/x.com\/ferabrajan1"]},{"@type":"Person","@id":"https:\/\/ferabrajan.com\/portal\/#\/schema\/person\/409810f04ae2414635b53953eb892c6a","name":"Fer Abrajan","image":{"@type":"ImageObject","inLanguage":"es","@id":"https:\/\/secure.gravatar.com\/avatar\/14a22c98926007f26dad1674f7e574700703d917b7db6886c7b50d7a6d983fca?s=96&d=mm&r=g","url":"https:\/\/secure.gravatar.com\/avatar\/14a22c98926007f26dad1674f7e574700703d917b7db6886c7b50d7a6d983fca?s=96&d=mm&r=g","contentUrl":"https:\/\/secure.gravatar.com\/avatar\/14a22c98926007f26dad1674f7e574700703d917b7db6886c7b50d7a6d983fca?s=96&d=mm&r=g","caption":"Fer Abrajan"},"url":"https:\/\/ferabrajan.com\/portal\/author\/fabrajan\/"}]}},"_links":{"self":[{"href":"https:\/\/ferabrajan.com\/portal\/wp-json\/wp\/v2\/posts\/84318","targetHints":{"allow":["GET"]}}],"collection":[{"href":"https:\/\/ferabrajan.com\/portal\/wp-json\/wp\/v2\/posts"}],"about":[{"href":"https:\/\/ferabrajan.com\/portal\/wp-json\/wp\/v2\/types\/post"}],"author":[{"embeddable":true,"href":"https:\/\/ferabrajan.com\/portal\/wp-json\/wp\/v2\/users\/2"}],"replies":[{"embeddable":true,"href":"https:\/\/ferabrajan.com\/portal\/wp-json\/wp\/v2\/comments?post=84318"}],"version-history":[{"count":1,"href":"https:\/\/ferabrajan.com\/portal\/wp-json\/wp\/v2\/posts\/84318\/revisions"}],"predecessor-version":[{"id":84322,"href":"https:\/\/ferabrajan.com\/portal\/wp-json\/wp\/v2\/posts\/84318\/revisions\/84322"}],"wp:featuredmedia":[{"embeddable":true,"href":"https:\/\/ferabrajan.com\/portal\/wp-json\/wp\/v2\/media\/84319"}],"wp:attachment":[{"href":"https:\/\/ferabrajan.com\/portal\/wp-json\/wp\/v2\/media?parent=84318"}],"wp:term":[{"taxonomy":"category","embeddable":true,"href":"https:\/\/ferabrajan.com\/portal\/wp-json\/wp\/v2\/categories?post=84318"},{"taxonomy":"post_tag","embeddable":true,"href":"https:\/\/ferabrajan.com\/portal\/wp-json\/wp\/v2\/tags?post=84318"}],"curies":[{"name":"wp","href":"https:\/\/api.w.org\/{rel}","templated":true}]}}