{"id":84315,"date":"2026-09-06T15:35:54","date_gmt":"2026-09-06T15:35:54","guid":{"rendered":"https:\/\/ferabrajan.com\/portal\/?p=84315"},"modified":"2026-09-06T15:35:54","modified_gmt":"2026-09-06T15:35:54","slug":"vinculan-a-proceso-a-dos-personas-por-presunta-trata-y-pornografia-infantil-en-puebla","status":"publish","type":"post","link":"https:\/\/ferabrajan.com\/portal\/2026\/09\/06\/vinculan-a-proceso-a-dos-personas-por-presunta-trata-y-pornografia-infantil-en-puebla\/","title":{"rendered":"Vinculan a proceso a dos personas por presunta trata y pornograf\u00eda infantil en Puebla"},"content":{"rendered":"<p class=\"isSelectedEnd\"><strong>Puebla, Pue.<\/strong>\u2013 Dos personas fueron vinculadas a proceso por su probable responsabilidad en el delito de trata de personas, en la modalidad de otras formas de explotaci\u00f3n sexual mediante pornograf\u00eda infantil, inform\u00f3 la Fiscal\u00eda General del Estado de Puebla (FGE).<\/p>\n<p class=\"isSelectedEnd\">Se trata de <strong>Roberto Carlos N. y Sandra N.<\/strong>, quienes adem\u00e1s quedaron sujetos a <strong>prisi\u00f3n preventiva oficiosa<\/strong>, luego de que el Ministerio P\u00fablico presentara ante un juez los datos de prueba recabados durante las investigaciones.<\/p>\n<p class=\"isSelectedEnd\">De acuerdo con la Fiscal\u00eda, los hechos habr\u00edan ocurrido entre <strong>abril de 2019 y abril de 2020<\/strong>, periodo en el que los imputados presuntamente estuvieron relacionados con la generaci\u00f3n, almacenamiento y distribuci\u00f3n de material de contenido sexual que involucraba a dos v\u00edctimas menores de edad.<\/p>\n<p class=\"isSelectedEnd\">Como parte de las investigaciones, agentes de la Agencia Estatal de Investigaci\u00f3n ubicaron y aseguraron a ambas personas en inmediaciones de la <strong>unidad habitacional Fuentes de San Bartolo, en el municipio de Puebla<\/strong>, para posteriormente ponerlas a disposici\u00f3n de la autoridad judicial.<\/p>\n<p class=\"isSelectedEnd\">Durante la audiencia, el juez de Control determin\u00f3 la vinculaci\u00f3n a proceso y estableci\u00f3 un plazo de <strong>cuatro meses para el cierre de la investigaci\u00f3n complementaria<\/strong>, mientras los imputados permanecen bajo la medida cautelar de prisi\u00f3n preventiva.<\/p>\n<p>La FGE se\u00f1al\u00f3 que continuar\u00e1 con las investigaciones para esclarecer los hechos y reiter\u00f3 que mantiene como prioridad la protecci\u00f3n de ni\u00f1as, ni\u00f1os y adolescentes frente a delitos que vulneren su integridad y libre desarrollo. La instituci\u00f3n tambi\u00e9n ha reportado acciones espec\u00edficas para combatir la trata de personas y la pornograf\u00eda infantil en Puebla.<\/p>\n","protected":false},"excerpt":{"rendered":"<p>Puebla, Pue.\u2013 Dos personas fueron vinculadas a proceso por su probable responsabilidad en el delito de trata de personas, en la modalidad de otras formas de explotaci\u00f3n sexual mediante pornograf\u00eda infantil, inform\u00f3 la Fiscal\u00eda General del Estado de Puebla (FGE). Se trata de Roberto Carlos N. y Sandra N., quienes adem\u00e1s quedaron sujetos a prisi\u00f3n preventiva oficiosa, luego de que el Ministerio P\u00fablico presentara ante un juez los datos de prueba recabados durante las investigaciones. De acuerdo con la Fiscal\u00eda, los hechos habr\u00edan ocurrido entre abril de 2019 y abril de 2020, periodo en el que los imputados presuntamente estuvieron relacionados con la generaci\u00f3n, almacenamiento y distribuci\u00f3n de material de contenido sexual que involucraba a dos v\u00edctimas menores de edad. Como parte de las investigaciones, agentes de la Agencia Estatal de Investigaci\u00f3n ubicaron y aseguraron a ambas personas en inmediaciones de la unidad habitacional Fuentes de San Bartolo, en el municipio de Puebla, para posteriormente ponerlas a disposici\u00f3n de la autoridad judicial. Durante la audiencia, el juez de Control determin\u00f3 la vinculaci\u00f3n a proceso y estableci\u00f3 un plazo de cuatro meses para el cierre de la investigaci\u00f3n complementaria, mientras los imputados permanecen bajo la medida cautelar de prisi\u00f3n preventiva. La FGE se\u00f1al\u00f3 que continuar\u00e1 con las investigaciones para esclarecer los hechos y reiter\u00f3 que mantiene como prioridad la protecci\u00f3n de ni\u00f1as, ni\u00f1os y adolescentes frente a delitos que vulneren su integridad y libre desarrollo. La instituci\u00f3n tambi\u00e9n ha reportado acciones espec\u00edficas para combatir la trata de personas y la pornograf\u00eda infantil en Puebla.<\/p>\n","protected":false},"author":1,"featured_media":84316,"comment_status":"closed","ping_status":"closed","sticky":false,"template":"","format":"standard","meta":{"_monsterinsights_skip_tracking":false,"_uf_show_specific_survey":0,"_uf_disable_surveys":false,"footnotes":""},"categories":[585,34],"tags":[4399,238,5308,647],"class_list":["post-84315","post","type-post","status-publish","format-standard","has-post-thumbnail","hentry","category-principal","category-puebla","tag-explotacion-sexual","tag-fge","tag-pornografia-infantil","tag-trata-de-personas"],"yoast_head":"<!-- This site is optimized with the Yoast SEO plugin v27.5 - https:\/\/yoast.com\/product\/yoast-seo-wordpress\/ -->\n<title>Vinculan a proceso a dos personas por presunta trata y pornograf\u00eda infantil en Puebla - Fer Abrajan<\/title>\n<meta name=\"robots\" content=\"index, follow, max-snippet:-1, max-image-preview:large, max-video-preview:-1\" \/>\n<link rel=\"canonical\" href=\"https:\/\/ferabrajan.com\/portal\/2026\/09\/06\/vinculan-a-proceso-a-dos-personas-por-presunta-trata-y-pornografia-infantil-en-puebla\/\" \/>\n<meta property=\"og:locale\" content=\"es_ES\" \/>\n<meta property=\"og:type\" content=\"article\" \/>\n<meta property=\"og:title\" content=\"Vinculan a proceso a dos personas por presunta trata y pornograf\u00eda infantil en Puebla - Fer Abrajan\" \/>\n<meta property=\"og:description\" content=\"Puebla, Pue.\u2013 Dos personas fueron vinculadas a proceso por su probable responsabilidad en el delito de trata de personas, en la modalidad de otras formas de explotaci\u00f3n sexual mediante pornograf\u00eda infantil, inform\u00f3 la Fiscal\u00eda General del Estado de Puebla (FGE). Se trata de Roberto Carlos N. y Sandra N., quienes adem\u00e1s quedaron sujetos a prisi\u00f3n preventiva oficiosa, luego de que el Ministerio P\u00fablico presentara ante un juez los datos de prueba recabados durante las investigaciones. De acuerdo con la Fiscal\u00eda, los hechos habr\u00edan ocurrido entre abril de 2019 y abril de 2020, periodo en el que los imputados presuntamente estuvieron relacionados con la generaci\u00f3n, almacenamiento y distribuci\u00f3n de material de contenido sexual que involucraba a dos v\u00edctimas menores de edad. Como parte de las investigaciones, agentes de la Agencia Estatal de Investigaci\u00f3n ubicaron y aseguraron a ambas personas en inmediaciones de la unidad habitacional Fuentes de San Bartolo, en el municipio de Puebla, para posteriormente ponerlas a disposici\u00f3n de la autoridad judicial. Durante la audiencia, el juez de Control determin\u00f3 la vinculaci\u00f3n a proceso y estableci\u00f3 un plazo de cuatro meses para el cierre de la investigaci\u00f3n complementaria, mientras los imputados permanecen bajo la medida cautelar de prisi\u00f3n preventiva. La FGE se\u00f1al\u00f3 que continuar\u00e1 con las investigaciones para esclarecer los hechos y reiter\u00f3 que mantiene como prioridad la protecci\u00f3n de ni\u00f1as, ni\u00f1os y adolescentes frente a delitos que vulneren su integridad y libre desarrollo. La instituci\u00f3n tambi\u00e9n ha reportado acciones espec\u00edficas para combatir la trata de personas y la pornograf\u00eda infantil en Puebla.\" \/>\n<meta property=\"og:url\" content=\"https:\/\/ferabrajan.com\/portal\/2026\/09\/06\/vinculan-a-proceso-a-dos-personas-por-presunta-trata-y-pornografia-infantil-en-puebla\/\" \/>\n<meta property=\"og:site_name\" content=\"Fer Abrajan\" \/>\n<meta property=\"article:publisher\" content=\"https:\/\/www.facebook.com\/NoticiasconFerAbrajan\/\" \/>\n<meta property=\"article:published_time\" content=\"2026-09-06T15:35:54+00:00\" \/>\n<meta property=\"og:image\" content=\"https:\/\/ferabrajan.com\/portal\/wp-content\/uploads\/2026\/09\/471.png\" \/>\n\t<meta property=\"og:image:width\" content=\"1024\" \/>\n\t<meta property=\"og:image:height\" content=\"1280\" \/>\n\t<meta property=\"og:image:type\" content=\"image\/png\" \/>\n<meta name=\"author\" content=\"admin\" \/>\n<meta name=\"twitter:card\" content=\"summary_large_image\" \/>\n<meta name=\"twitter:creator\" content=\"@ferabrajan1\" \/>\n<meta name=\"twitter:site\" content=\"@ferabrajan1\" \/>\n<meta name=\"twitter:label1\" content=\"Escrito por\" \/>\n\t<meta name=\"twitter:data1\" content=\"admin\" \/>\n\t<meta name=\"twitter:label2\" content=\"Tiempo de lectura\" \/>\n\t<meta name=\"twitter:data2\" content=\"2 minutos\" \/>\n<script type=\"application\/ld+json\" class=\"yoast-schema-graph\">{\"@context\":\"https:\\\/\\\/schema.org\",\"@graph\":[{\"@type\":\"Article\",\"@id\":\"https:\\\/\\\/ferabrajan.com\\\/portal\\\/2026\\\/09\\\/06\\\/vinculan-a-proceso-a-dos-personas-por-presunta-trata-y-pornografia-infantil-en-puebla\\\/#article\",\"isPartOf\":{\"@id\":\"https:\\\/\\\/ferabrajan.com\\\/portal\\\/2026\\\/09\\\/06\\\/vinculan-a-proceso-a-dos-personas-por-presunta-trata-y-pornografia-infantil-en-puebla\\\/\"},\"author\":{\"name\":\"admin\",\"@id\":\"https:\\\/\\\/ferabrajan.com\\\/portal\\\/#\\\/schema\\\/person\\\/f6113b3cb1e036d5c6a9505685b257ba\"},\"headline\":\"Vinculan a proceso a dos personas por presunta trata y pornograf\u00eda infantil en Puebla\",\"datePublished\":\"2026-09-06T15:35:54+00:00\",\"mainEntityOfPage\":{\"@id\":\"https:\\\/\\\/ferabrajan.com\\\/portal\\\/2026\\\/09\\\/06\\\/vinculan-a-proceso-a-dos-personas-por-presunta-trata-y-pornografia-infantil-en-puebla\\\/\"},\"wordCount\":290,\"publisher\":{\"@id\":\"https:\\\/\\\/ferabrajan.com\\\/portal\\\/#organization\"},\"image\":{\"@id\":\"https:\\\/\\\/ferabrajan.com\\\/portal\\\/2026\\\/09\\\/06\\\/vinculan-a-proceso-a-dos-personas-por-presunta-trata-y-pornografia-infantil-en-puebla\\\/#primaryimage\"},\"thumbnailUrl\":\"https:\\\/\\\/ferabrajan.com\\\/portal\\\/wp-content\\\/uploads\\\/2026\\\/09\\\/471.png\",\"keywords\":[\"explotaci\u00f3n sexual\",\"FGE\",\"pornograf\u00eda infantil\",\"Trata de personas\"],\"articleSection\":[\"Principal\",\"Puebla\"],\"inLanguage\":\"es\"},{\"@type\":\"WebPage\",\"@id\":\"https:\\\/\\\/ferabrajan.com\\\/portal\\\/2026\\\/09\\\/06\\\/vinculan-a-proceso-a-dos-personas-por-presunta-trata-y-pornografia-infantil-en-puebla\\\/\",\"url\":\"https:\\\/\\\/ferabrajan.com\\\/portal\\\/2026\\\/09\\\/06\\\/vinculan-a-proceso-a-dos-personas-por-presunta-trata-y-pornografia-infantil-en-puebla\\\/\",\"name\":\"Vinculan a proceso a dos personas por presunta trata y pornograf\u00eda infantil en Puebla - Fer Abrajan\",\"isPartOf\":{\"@id\":\"https:\\\/\\\/ferabrajan.com\\\/portal\\\/#website\"},\"primaryImageOfPage\":{\"@id\":\"https:\\\/\\\/ferabrajan.com\\\/portal\\\/2026\\\/09\\\/06\\\/vinculan-a-proceso-a-dos-personas-por-presunta-trata-y-pornografia-infantil-en-puebla\\\/#primaryimage\"},\"image\":{\"@id\":\"https:\\\/\\\/ferabrajan.com\\\/portal\\\/2026\\\/09\\\/06\\\/vinculan-a-proceso-a-dos-personas-por-presunta-trata-y-pornografia-infantil-en-puebla\\\/#primaryimage\"},\"thumbnailUrl\":\"https:\\\/\\\/ferabrajan.com\\\/portal\\\/wp-content\\\/uploads\\\/2026\\\/09\\\/471.png\",\"datePublished\":\"2026-09-06T15:35:54+00:00\",\"breadcrumb\":{\"@id\":\"https:\\\/\\\/ferabrajan.com\\\/portal\\\/2026\\\/09\\\/06\\\/vinculan-a-proceso-a-dos-personas-por-presunta-trata-y-pornografia-infantil-en-puebla\\\/#breadcrumb\"},\"inLanguage\":\"es\",\"potentialAction\":[{\"@type\":\"ReadAction\",\"target\":[\"https:\\\/\\\/ferabrajan.com\\\/portal\\\/2026\\\/09\\\/06\\\/vinculan-a-proceso-a-dos-personas-por-presunta-trata-y-pornografia-infantil-en-puebla\\\/\"]}]},{\"@type\":\"ImageObject\",\"inLanguage\":\"es\",\"@id\":\"https:\\\/\\\/ferabrajan.com\\\/portal\\\/2026\\\/09\\\/06\\\/vinculan-a-proceso-a-dos-personas-por-presunta-trata-y-pornografia-infantil-en-puebla\\\/#primaryimage\",\"url\":\"https:\\\/\\\/ferabrajan.com\\\/portal\\\/wp-content\\\/uploads\\\/2026\\\/09\\\/471.png\",\"contentUrl\":\"https:\\\/\\\/ferabrajan.com\\\/portal\\\/wp-content\\\/uploads\\\/2026\\\/09\\\/471.png\",\"width\":1024,\"height\":1280},{\"@type\":\"BreadcrumbList\",\"@id\":\"https:\\\/\\\/ferabrajan.com\\\/portal\\\/2026\\\/09\\\/06\\\/vinculan-a-proceso-a-dos-personas-por-presunta-trata-y-pornografia-infantil-en-puebla\\\/#breadcrumb\",\"itemListElement\":[{\"@type\":\"ListItem\",\"position\":1,\"name\":\"Portada\",\"item\":\"https:\\\/\\\/ferabrajan.com\\\/portal\\\/\"},{\"@type\":\"ListItem\",\"position\":2,\"name\":\"Vinculan a proceso a dos personas por presunta trata y pornograf\u00eda infantil en Puebla\"}]},{\"@type\":\"WebSite\",\"@id\":\"https:\\\/\\\/ferabrajan.com\\\/portal\\\/#website\",\"url\":\"https:\\\/\\\/ferabrajan.com\\\/portal\\\/\",\"name\":\"Fer Abrajan\",\"description\":\"Noticias de Puebla, opini\u00f3n y radio en vivo\",\"publisher\":{\"@id\":\"https:\\\/\\\/ferabrajan.com\\\/portal\\\/#organization\"},\"potentialAction\":[{\"@type\":\"SearchAction\",\"target\":{\"@type\":\"EntryPoint\",\"urlTemplate\":\"https:\\\/\\\/ferabrajan.com\\\/portal\\\/?s={search_term_string}\"},\"query-input\":{\"@type\":\"PropertyValueSpecification\",\"valueRequired\":true,\"valueName\":\"search_term_string\"}}],\"inLanguage\":\"es\"},{\"@type\":\"Organization\",\"@id\":\"https:\\\/\\\/ferabrajan.com\\\/portal\\\/#organization\",\"name\":\"Fer Abrajan\",\"url\":\"https:\\\/\\\/ferabrajan.com\\\/portal\\\/\",\"logo\":{\"@type\":\"ImageObject\",\"inLanguage\":\"es\",\"@id\":\"https:\\\/\\\/ferabrajan.com\\\/portal\\\/#\\\/schema\\\/logo\\\/image\\\/\",\"url\":\"https:\\\/\\\/ferabrajan.com\\\/portal\\\/wp-content\\\/uploads\\\/2024\\\/10\\\/cropped-logo.jpeg\",\"contentUrl\":\"https:\\\/\\\/ferabrajan.com\\\/portal\\\/wp-content\\\/uploads\\\/2024\\\/10\\\/cropped-logo.jpeg\",\"width\":500,\"height\":250,\"caption\":\"Fer Abrajan\"},\"image\":{\"@id\":\"https:\\\/\\\/ferabrajan.com\\\/portal\\\/#\\\/schema\\\/logo\\\/image\\\/\"},\"sameAs\":[\"https:\\\/\\\/www.facebook.com\\\/NoticiasconFerAbrajan\\\/\",\"https:\\\/\\\/x.com\\\/ferabrajan1\"]},{\"@type\":\"Person\",\"@id\":\"https:\\\/\\\/ferabrajan.com\\\/portal\\\/#\\\/schema\\\/person\\\/f6113b3cb1e036d5c6a9505685b257ba\",\"name\":\"admin\",\"image\":{\"@type\":\"ImageObject\",\"inLanguage\":\"es\",\"@id\":\"https:\\\/\\\/secure.gravatar.com\\\/avatar\\\/072baa72775aad53c748dfc5d3048578e01b6c087eef335459ebfa04344e2d18?s=96&d=mm&r=g\",\"url\":\"https:\\\/\\\/secure.gravatar.com\\\/avatar\\\/072baa72775aad53c748dfc5d3048578e01b6c087eef335459ebfa04344e2d18?s=96&d=mm&r=g\",\"contentUrl\":\"https:\\\/\\\/secure.gravatar.com\\\/avatar\\\/072baa72775aad53c748dfc5d3048578e01b6c087eef335459ebfa04344e2d18?s=96&d=mm&r=g\",\"caption\":\"admin\"},\"sameAs\":[\"https:\\\/\\\/ferabrajan.com\\\/portal\"],\"url\":\"https:\\\/\\\/ferabrajan.com\\\/portal\\\/author\\\/admin\\\/\"}]}<\/script>\n<!-- \/ Yoast SEO plugin. -->","yoast_head_json":{"title":"Vinculan a proceso a dos personas por presunta trata y pornograf\u00eda infantil en Puebla - Fer Abrajan","robots":{"index":"index","follow":"follow","max-snippet":"max-snippet:-1","max-image-preview":"max-image-preview:large","max-video-preview":"max-video-preview:-1"},"canonical":"https:\/\/ferabrajan.com\/portal\/2026\/09\/06\/vinculan-a-proceso-a-dos-personas-por-presunta-trata-y-pornografia-infantil-en-puebla\/","og_locale":"es_ES","og_type":"article","og_title":"Vinculan a proceso a dos personas por presunta trata y pornograf\u00eda infantil en Puebla - Fer Abrajan","og_description":"Puebla, Pue.\u2013 Dos personas fueron vinculadas a proceso por su probable responsabilidad en el delito de trata de personas, en la modalidad de otras formas de explotaci\u00f3n sexual mediante pornograf\u00eda infantil, inform\u00f3 la Fiscal\u00eda General del Estado de Puebla (FGE). Se trata de Roberto Carlos N. y Sandra N., quienes adem\u00e1s quedaron sujetos a prisi\u00f3n preventiva oficiosa, luego de que el Ministerio P\u00fablico presentara ante un juez los datos de prueba recabados durante las investigaciones. De acuerdo con la Fiscal\u00eda, los hechos habr\u00edan ocurrido entre abril de 2019 y abril de 2020, periodo en el que los imputados presuntamente estuvieron relacionados con la generaci\u00f3n, almacenamiento y distribuci\u00f3n de material de contenido sexual que involucraba a dos v\u00edctimas menores de edad. Como parte de las investigaciones, agentes de la Agencia Estatal de Investigaci\u00f3n ubicaron y aseguraron a ambas personas en inmediaciones de la unidad habitacional Fuentes de San Bartolo, en el municipio de Puebla, para posteriormente ponerlas a disposici\u00f3n de la autoridad judicial. Durante la audiencia, el juez de Control determin\u00f3 la vinculaci\u00f3n a proceso y estableci\u00f3 un plazo de cuatro meses para el cierre de la investigaci\u00f3n complementaria, mientras los imputados permanecen bajo la medida cautelar de prisi\u00f3n preventiva. La FGE se\u00f1al\u00f3 que continuar\u00e1 con las investigaciones para esclarecer los hechos y reiter\u00f3 que mantiene como prioridad la protecci\u00f3n de ni\u00f1as, ni\u00f1os y adolescentes frente a delitos que vulneren su integridad y libre desarrollo. La instituci\u00f3n tambi\u00e9n ha reportado acciones espec\u00edficas para combatir la trata de personas y la pornograf\u00eda infantil en Puebla.","og_url":"https:\/\/ferabrajan.com\/portal\/2026\/09\/06\/vinculan-a-proceso-a-dos-personas-por-presunta-trata-y-pornografia-infantil-en-puebla\/","og_site_name":"Fer Abrajan","article_publisher":"https:\/\/www.facebook.com\/NoticiasconFerAbrajan\/","article_published_time":"2026-09-06T15:35:54+00:00","og_image":[{"width":1024,"height":1280,"url":"https:\/\/ferabrajan.com\/portal\/wp-content\/uploads\/2026\/09\/471.png","type":"image\/png"}],"author":"admin","twitter_card":"summary_large_image","twitter_creator":"@ferabrajan1","twitter_site":"@ferabrajan1","twitter_misc":{"Escrito por":"admin","Tiempo de lectura":"2 minutos"},"schema":{"@context":"https:\/\/schema.org","@graph":[{"@type":"Article","@id":"https:\/\/ferabrajan.com\/portal\/2026\/09\/06\/vinculan-a-proceso-a-dos-personas-por-presunta-trata-y-pornografia-infantil-en-puebla\/#article","isPartOf":{"@id":"https:\/\/ferabrajan.com\/portal\/2026\/09\/06\/vinculan-a-proceso-a-dos-personas-por-presunta-trata-y-pornografia-infantil-en-puebla\/"},"author":{"name":"admin","@id":"https:\/\/ferabrajan.com\/portal\/#\/schema\/person\/f6113b3cb1e036d5c6a9505685b257ba"},"headline":"Vinculan a proceso a dos personas por presunta trata y pornograf\u00eda infantil en Puebla","datePublished":"2026-09-06T15:35:54+00:00","mainEntityOfPage":{"@id":"https:\/\/ferabrajan.com\/portal\/2026\/09\/06\/vinculan-a-proceso-a-dos-personas-por-presunta-trata-y-pornografia-infantil-en-puebla\/"},"wordCount":290,"publisher":{"@id":"https:\/\/ferabrajan.com\/portal\/#organization"},"image":{"@id":"https:\/\/ferabrajan.com\/portal\/2026\/09\/06\/vinculan-a-proceso-a-dos-personas-por-presunta-trata-y-pornografia-infantil-en-puebla\/#primaryimage"},"thumbnailUrl":"https:\/\/ferabrajan.com\/portal\/wp-content\/uploads\/2026\/09\/471.png","keywords":["explotaci\u00f3n sexual","FGE","pornograf\u00eda infantil","Trata de personas"],"articleSection":["Principal","Puebla"],"inLanguage":"es"},{"@type":"WebPage","@id":"https:\/\/ferabrajan.com\/portal\/2026\/09\/06\/vinculan-a-proceso-a-dos-personas-por-presunta-trata-y-pornografia-infantil-en-puebla\/","url":"https:\/\/ferabrajan.com\/portal\/2026\/09\/06\/vinculan-a-proceso-a-dos-personas-por-presunta-trata-y-pornografia-infantil-en-puebla\/","name":"Vinculan a proceso a dos personas por presunta trata y pornograf\u00eda infantil en Puebla - Fer Abrajan","isPartOf":{"@id":"https:\/\/ferabrajan.com\/portal\/#website"},"primaryImageOfPage":{"@id":"https:\/\/ferabrajan.com\/portal\/2026\/09\/06\/vinculan-a-proceso-a-dos-personas-por-presunta-trata-y-pornografia-infantil-en-puebla\/#primaryimage"},"image":{"@id":"https:\/\/ferabrajan.com\/portal\/2026\/09\/06\/vinculan-a-proceso-a-dos-personas-por-presunta-trata-y-pornografia-infantil-en-puebla\/#primaryimage"},"thumbnailUrl":"https:\/\/ferabrajan.com\/portal\/wp-content\/uploads\/2026\/09\/471.png","datePublished":"2026-09-06T15:35:54+00:00","breadcrumb":{"@id":"https:\/\/ferabrajan.com\/portal\/2026\/09\/06\/vinculan-a-proceso-a-dos-personas-por-presunta-trata-y-pornografia-infantil-en-puebla\/#breadcrumb"},"inLanguage":"es","potentialAction":[{"@type":"ReadAction","target":["https:\/\/ferabrajan.com\/portal\/2026\/09\/06\/vinculan-a-proceso-a-dos-personas-por-presunta-trata-y-pornografia-infantil-en-puebla\/"]}]},{"@type":"ImageObject","inLanguage":"es","@id":"https:\/\/ferabrajan.com\/portal\/2026\/09\/06\/vinculan-a-proceso-a-dos-personas-por-presunta-trata-y-pornografia-infantil-en-puebla\/#primaryimage","url":"https:\/\/ferabrajan.com\/portal\/wp-content\/uploads\/2026\/09\/471.png","contentUrl":"https:\/\/ferabrajan.com\/portal\/wp-content\/uploads\/2026\/09\/471.png","width":1024,"height":1280},{"@type":"BreadcrumbList","@id":"https:\/\/ferabrajan.com\/portal\/2026\/09\/06\/vinculan-a-proceso-a-dos-personas-por-presunta-trata-y-pornografia-infantil-en-puebla\/#breadcrumb","itemListElement":[{"@type":"ListItem","position":1,"name":"Portada","item":"https:\/\/ferabrajan.com\/portal\/"},{"@type":"ListItem","position":2,"name":"Vinculan a proceso a dos personas por presunta trata y pornograf\u00eda infantil en Puebla"}]},{"@type":"WebSite","@id":"https:\/\/ferabrajan.com\/portal\/#website","url":"https:\/\/ferabrajan.com\/portal\/","name":"Fer Abrajan","description":"Noticias de Puebla, opini\u00f3n y radio en vivo","publisher":{"@id":"https:\/\/ferabrajan.com\/portal\/#organization"},"potentialAction":[{"@type":"SearchAction","target":{"@type":"EntryPoint","urlTemplate":"https:\/\/ferabrajan.com\/portal\/?s={search_term_string}"},"query-input":{"@type":"PropertyValueSpecification","valueRequired":true,"valueName":"search_term_string"}}],"inLanguage":"es"},{"@type":"Organization","@id":"https:\/\/ferabrajan.com\/portal\/#organization","name":"Fer Abrajan","url":"https:\/\/ferabrajan.com\/portal\/","logo":{"@type":"ImageObject","inLanguage":"es","@id":"https:\/\/ferabrajan.com\/portal\/#\/schema\/logo\/image\/","url":"https:\/\/ferabrajan.com\/portal\/wp-content\/uploads\/2024\/10\/cropped-logo.jpeg","contentUrl":"https:\/\/ferabrajan.com\/portal\/wp-content\/uploads\/2024\/10\/cropped-logo.jpeg","width":500,"height":250,"caption":"Fer Abrajan"},"image":{"@id":"https:\/\/ferabrajan.com\/portal\/#\/schema\/logo\/image\/"},"sameAs":["https:\/\/www.facebook.com\/NoticiasconFerAbrajan\/","https:\/\/x.com\/ferabrajan1"]},{"@type":"Person","@id":"https:\/\/ferabrajan.com\/portal\/#\/schema\/person\/f6113b3cb1e036d5c6a9505685b257ba","name":"admin","image":{"@type":"ImageObject","inLanguage":"es","@id":"https:\/\/secure.gravatar.com\/avatar\/072baa72775aad53c748dfc5d3048578e01b6c087eef335459ebfa04344e2d18?s=96&d=mm&r=g","url":"https:\/\/secure.gravatar.com\/avatar\/072baa72775aad53c748dfc5d3048578e01b6c087eef335459ebfa04344e2d18?s=96&d=mm&r=g","contentUrl":"https:\/\/secure.gravatar.com\/avatar\/072baa72775aad53c748dfc5d3048578e01b6c087eef335459ebfa04344e2d18?s=96&d=mm&r=g","caption":"admin"},"sameAs":["https:\/\/ferabrajan.com\/portal"],"url":"https:\/\/ferabrajan.com\/portal\/author\/admin\/"}]}},"_links":{"self":[{"href":"https:\/\/ferabrajan.com\/portal\/wp-json\/wp\/v2\/posts\/84315","targetHints":{"allow":["GET"]}}],"collection":[{"href":"https:\/\/ferabrajan.com\/portal\/wp-json\/wp\/v2\/posts"}],"about":[{"href":"https:\/\/ferabrajan.com\/portal\/wp-json\/wp\/v2\/types\/post"}],"author":[{"embeddable":true,"href":"https:\/\/ferabrajan.com\/portal\/wp-json\/wp\/v2\/users\/1"}],"replies":[{"embeddable":true,"href":"https:\/\/ferabrajan.com\/portal\/wp-json\/wp\/v2\/comments?post=84315"}],"version-history":[{"count":1,"href":"https:\/\/ferabrajan.com\/portal\/wp-json\/wp\/v2\/posts\/84315\/revisions"}],"predecessor-version":[{"id":84317,"href":"https:\/\/ferabrajan.com\/portal\/wp-json\/wp\/v2\/posts\/84315\/revisions\/84317"}],"wp:featuredmedia":[{"embeddable":true,"href":"https:\/\/ferabrajan.com\/portal\/wp-json\/wp\/v2\/media\/84316"}],"wp:attachment":[{"href":"https:\/\/ferabrajan.com\/portal\/wp-json\/wp\/v2\/media?parent=84315"}],"wp:term":[{"taxonomy":"category","embeddable":true,"href":"https:\/\/ferabrajan.com\/portal\/wp-json\/wp\/v2\/categories?post=84315"},{"taxonomy":"post_tag","embeddable":true,"href":"https:\/\/ferabrajan.com\/portal\/wp-json\/wp\/v2\/tags?post=84315"}],"curies":[{"name":"wp","href":"https:\/\/api.w.org\/{rel}","templated":true}]}}