{"id":84298,"date":"2026-09-04T15:59:30","date_gmt":"2026-09-04T15:59:30","guid":{"rendered":"https:\/\/ferabrajan.com\/portal\/?p=84298"},"modified":"2026-09-04T15:59:30","modified_gmt":"2026-09-04T15:59:30","slug":"soledad-amieva-impulsa-presupuesto-y-reformas-para-fortalecer-derechos-de-personas-con-discapacidad-en-puebla","status":"publish","type":"post","link":"https:\/\/ferabrajan.com\/portal\/2026\/09\/04\/soledad-amieva-impulsa-presupuesto-y-reformas-para-fortalecer-derechos-de-personas-con-discapacidad-en-puebla\/","title":{"rendered":"Soledad Amieva impulsa presupuesto y reformas para fortalecer derechos de personas con discapacidad en Puebla"},"content":{"rendered":"<p class=\"isSelectedEnd\">En entrevista con Fer Abraj\u00e1n para el Informativo NTR de W Radio Puebla, la <strong>diputada Mar\u00eda Soledad Amieva Zamora<\/strong> destac\u00f3 el trabajo legislativo que ha impulsado para fortalecer la atenci\u00f3n a las personas con discapacidad y mejorar la capacitaci\u00f3n dentro del sector salud.<\/p>\n<p class=\"isSelectedEnd\">La legisladora se\u00f1al\u00f3 que en Puebla una parte importante de la poblaci\u00f3n vive con alguna discapacidad, por lo que consider\u00f3 necesario que las pol\u00edticas p\u00fablicas no solo contemplen a quienes enfrentan esta condici\u00f3n, sino tambi\u00e9n a sus familias. En este sentido, inform\u00f3 que se mantienen mesas de trabajo para buscar la asignaci\u00f3n de un presupuesto espec\u00edfico para su atenci\u00f3n desde las distintas secretar\u00edas.<\/p>\n<p class=\"isSelectedEnd\">Entre las propuestas que ha presentado se encuentra una reforma a la Ley Estatal de Salud para incorporar los art\u00edculos 126 Bis y 126 Ter, con el objetivo de establecer las bases para una transformaci\u00f3n digital progresiva y segura que permita mejorar la atenci\u00f3n m\u00e9dica, facilitar la coordinaci\u00f3n institucional y dar mayor continuidad a los servicios de salud.<\/p>\n<p class=\"isSelectedEnd\">Amieva Zamora tambi\u00e9n ha impulsado reformas relacionadas con el reconocimiento de la personalidad y capacidad jur\u00eddica de las personas con discapacidad y adultas mayores, para que puedan ejercer sus derechos de manera digna, efectiva y aut\u00f3noma.<\/p>\n<p class=\"isSelectedEnd\">La diputada ha mantenido una agenda enfocada en la inclusi\u00f3n. Entre sus iniciativas recientes se encuentran propuestas para fortalecer la autonom\u00eda jur\u00eddica de las personas con discapacidad, impulsar su inclusi\u00f3n laboral y mejorar su protecci\u00f3n en distintos \u00e1mbitos.<\/p>\n<p>La legisladora sostuvo que el objetivo es avanzar hacia un marco legal que elimine barreras y garantice que las personas con discapacidad participen plenamente en la vida social, econ\u00f3mica y p\u00fablica de Puebla.<\/p>\n","protected":false},"excerpt":{"rendered":"<p>En entrevista con Fer Abraj\u00e1n para el Informativo NTR de W Radio Puebla, la diputada Mar\u00eda Soledad Amieva Zamora destac\u00f3 el trabajo legislativo que ha impulsado para fortalecer la atenci\u00f3n a las personas con discapacidad y mejorar la capacitaci\u00f3n dentro del sector salud. La legisladora se\u00f1al\u00f3 que en Puebla una parte importante de la poblaci\u00f3n vive con alguna discapacidad, por lo que consider\u00f3 necesario que las pol\u00edticas p\u00fablicas no solo contemplen a quienes enfrentan esta condici\u00f3n, sino tambi\u00e9n a sus familias. En este sentido, inform\u00f3 que se mantienen mesas de trabajo para buscar la asignaci\u00f3n de un presupuesto espec\u00edfico para su atenci\u00f3n desde las distintas secretar\u00edas. Entre las propuestas que ha presentado se encuentra una reforma a la Ley Estatal de Salud para incorporar los art\u00edculos 126 Bis y 126 Ter, con el objetivo de establecer las bases para una transformaci\u00f3n digital progresiva y segura que permita mejorar la atenci\u00f3n m\u00e9dica, facilitar la coordinaci\u00f3n institucional y dar mayor continuidad a los servicios de salud. Amieva Zamora tambi\u00e9n ha impulsado reformas relacionadas con el reconocimiento de la personalidad y capacidad jur\u00eddica de las personas con discapacidad y adultas mayores, para que puedan ejercer sus derechos de manera digna, efectiva y aut\u00f3noma. La diputada ha mantenido una agenda enfocada en la inclusi\u00f3n. Entre sus iniciativas recientes se encuentran propuestas para fortalecer la autonom\u00eda jur\u00eddica de las personas con discapacidad, impulsar su inclusi\u00f3n laboral y mejorar su protecci\u00f3n en distintos \u00e1mbitos. La legisladora sostuvo que el objetivo es avanzar hacia un marco legal que elimine barreras y garantice que las personas con discapacidad participen plenamente en la vida social, econ\u00f3mica y p\u00fablica de Puebla.<\/p>\n","protected":false},"author":4,"featured_media":84299,"comment_status":"closed","ping_status":"closed","sticky":false,"template":"","format":"standard","meta":{"_monsterinsights_skip_tracking":false,"_uf_show_specific_survey":0,"_uf_disable_surveys":false,"footnotes":""},"categories":[585],"tags":[127,5305],"class_list":["post-84298","post","type-post","status-publish","format-standard","has-post-thumbnail","hentry","category-principal","tag-congreso-del-estado-de-puebla","tag-diputada-maria-soledad-amieva-zamora"],"yoast_head":"<!-- This site is optimized with the Yoast SEO plugin v27.5 - https:\/\/yoast.com\/product\/yoast-seo-wordpress\/ -->\n<title>Soledad Amieva impulsa presupuesto y reformas para fortalecer derechos de personas con discapacidad en Puebla - Fer Abrajan<\/title>\n<meta name=\"robots\" content=\"index, follow, max-snippet:-1, max-image-preview:large, max-video-preview:-1\" \/>\n<link rel=\"canonical\" href=\"https:\/\/ferabrajan.com\/portal\/2026\/09\/04\/soledad-amieva-impulsa-presupuesto-y-reformas-para-fortalecer-derechos-de-personas-con-discapacidad-en-puebla\/\" \/>\n<meta property=\"og:locale\" content=\"es_ES\" \/>\n<meta property=\"og:type\" content=\"article\" \/>\n<meta property=\"og:title\" content=\"Soledad Amieva impulsa presupuesto y reformas para fortalecer derechos de personas con discapacidad en Puebla - Fer Abrajan\" \/>\n<meta property=\"og:description\" content=\"En entrevista con Fer Abraj\u00e1n para el Informativo NTR de W Radio Puebla, la diputada Mar\u00eda Soledad Amieva Zamora destac\u00f3 el trabajo legislativo que ha impulsado para fortalecer la atenci\u00f3n a las personas con discapacidad y mejorar la capacitaci\u00f3n dentro del sector salud. La legisladora se\u00f1al\u00f3 que en Puebla una parte importante de la poblaci\u00f3n vive con alguna discapacidad, por lo que consider\u00f3 necesario que las pol\u00edticas p\u00fablicas no solo contemplen a quienes enfrentan esta condici\u00f3n, sino tambi\u00e9n a sus familias. En este sentido, inform\u00f3 que se mantienen mesas de trabajo para buscar la asignaci\u00f3n de un presupuesto espec\u00edfico para su atenci\u00f3n desde las distintas secretar\u00edas. Entre las propuestas que ha presentado se encuentra una reforma a la Ley Estatal de Salud para incorporar los art\u00edculos 126 Bis y 126 Ter, con el objetivo de establecer las bases para una transformaci\u00f3n digital progresiva y segura que permita mejorar la atenci\u00f3n m\u00e9dica, facilitar la coordinaci\u00f3n institucional y dar mayor continuidad a los servicios de salud. Amieva Zamora tambi\u00e9n ha impulsado reformas relacionadas con el reconocimiento de la personalidad y capacidad jur\u00eddica de las personas con discapacidad y adultas mayores, para que puedan ejercer sus derechos de manera digna, efectiva y aut\u00f3noma. La diputada ha mantenido una agenda enfocada en la inclusi\u00f3n. Entre sus iniciativas recientes se encuentran propuestas para fortalecer la autonom\u00eda jur\u00eddica de las personas con discapacidad, impulsar su inclusi\u00f3n laboral y mejorar su protecci\u00f3n en distintos \u00e1mbitos. La legisladora sostuvo que el objetivo es avanzar hacia un marco legal que elimine barreras y garantice que las personas con discapacidad participen plenamente en la vida social, econ\u00f3mica y p\u00fablica de Puebla.\" \/>\n<meta property=\"og:url\" content=\"https:\/\/ferabrajan.com\/portal\/2026\/09\/04\/soledad-amieva-impulsa-presupuesto-y-reformas-para-fortalecer-derechos-de-personas-con-discapacidad-en-puebla\/\" \/>\n<meta property=\"og:site_name\" content=\"Fer Abrajan\" \/>\n<meta property=\"article:publisher\" content=\"https:\/\/www.facebook.com\/NoticiasconFerAbrajan\/\" \/>\n<meta property=\"article:published_time\" content=\"2026-09-04T15:59:30+00:00\" \/>\n<meta property=\"og:image\" content=\"https:\/\/ferabrajan.com\/portal\/wp-content\/uploads\/2026\/09\/Captura-de-pantalla_4-9-2026_94912_www.facebook.com_.jpeg\" \/>\n\t<meta property=\"og:image:width\" content=\"1308\" \/>\n\t<meta property=\"og:image:height\" content=\"798\" \/>\n\t<meta property=\"og:image:type\" content=\"image\/jpeg\" \/>\n<meta name=\"author\" content=\"Ismael Rojas\" \/>\n<meta name=\"twitter:card\" content=\"summary_large_image\" \/>\n<meta name=\"twitter:creator\" content=\"@ferabrajan1\" \/>\n<meta name=\"twitter:site\" content=\"@ferabrajan1\" \/>\n<meta name=\"twitter:label1\" content=\"Escrito por\" \/>\n\t<meta name=\"twitter:data1\" content=\"Ismael Rojas\" \/>\n\t<meta name=\"twitter:label2\" content=\"Tiempo de lectura\" \/>\n\t<meta name=\"twitter:data2\" content=\"2 minutos\" \/>\n<script type=\"application\/ld+json\" class=\"yoast-schema-graph\">{\"@context\":\"https:\\\/\\\/schema.org\",\"@graph\":[{\"@type\":\"Article\",\"@id\":\"https:\\\/\\\/ferabrajan.com\\\/portal\\\/2026\\\/09\\\/04\\\/soledad-amieva-impulsa-presupuesto-y-reformas-para-fortalecer-derechos-de-personas-con-discapacidad-en-puebla\\\/#article\",\"isPartOf\":{\"@id\":\"https:\\\/\\\/ferabrajan.com\\\/portal\\\/2026\\\/09\\\/04\\\/soledad-amieva-impulsa-presupuesto-y-reformas-para-fortalecer-derechos-de-personas-con-discapacidad-en-puebla\\\/\"},\"author\":{\"name\":\"Ismael Rojas\",\"@id\":\"https:\\\/\\\/ferabrajan.com\\\/portal\\\/#\\\/schema\\\/person\\\/83ed4fff5d7e4c8edf481fa39f71acb2\"},\"headline\":\"Soledad Amieva impulsa presupuesto y reformas para fortalecer derechos de personas con discapacidad en Puebla\",\"datePublished\":\"2026-09-04T15:59:30+00:00\",\"mainEntityOfPage\":{\"@id\":\"https:\\\/\\\/ferabrajan.com\\\/portal\\\/2026\\\/09\\\/04\\\/soledad-amieva-impulsa-presupuesto-y-reformas-para-fortalecer-derechos-de-personas-con-discapacidad-en-puebla\\\/\"},\"wordCount\":313,\"publisher\":{\"@id\":\"https:\\\/\\\/ferabrajan.com\\\/portal\\\/#organization\"},\"image\":{\"@id\":\"https:\\\/\\\/ferabrajan.com\\\/portal\\\/2026\\\/09\\\/04\\\/soledad-amieva-impulsa-presupuesto-y-reformas-para-fortalecer-derechos-de-personas-con-discapacidad-en-puebla\\\/#primaryimage\"},\"thumbnailUrl\":\"https:\\\/\\\/ferabrajan.com\\\/portal\\\/wp-content\\\/uploads\\\/2026\\\/09\\\/Captura-de-pantalla_4-9-2026_94912_www.facebook.com_.jpeg\",\"keywords\":[\"Congreso del Estado de Puebla\",\"diputada Mar\u00eda Soledad Amieva Zamora\"],\"articleSection\":[\"Principal\"],\"inLanguage\":\"es\"},{\"@type\":\"WebPage\",\"@id\":\"https:\\\/\\\/ferabrajan.com\\\/portal\\\/2026\\\/09\\\/04\\\/soledad-amieva-impulsa-presupuesto-y-reformas-para-fortalecer-derechos-de-personas-con-discapacidad-en-puebla\\\/\",\"url\":\"https:\\\/\\\/ferabrajan.com\\\/portal\\\/2026\\\/09\\\/04\\\/soledad-amieva-impulsa-presupuesto-y-reformas-para-fortalecer-derechos-de-personas-con-discapacidad-en-puebla\\\/\",\"name\":\"Soledad Amieva impulsa presupuesto y reformas para fortalecer derechos de personas con discapacidad en Puebla - Fer Abrajan\",\"isPartOf\":{\"@id\":\"https:\\\/\\\/ferabrajan.com\\\/portal\\\/#website\"},\"primaryImageOfPage\":{\"@id\":\"https:\\\/\\\/ferabrajan.com\\\/portal\\\/2026\\\/09\\\/04\\\/soledad-amieva-impulsa-presupuesto-y-reformas-para-fortalecer-derechos-de-personas-con-discapacidad-en-puebla\\\/#primaryimage\"},\"image\":{\"@id\":\"https:\\\/\\\/ferabrajan.com\\\/portal\\\/2026\\\/09\\\/04\\\/soledad-amieva-impulsa-presupuesto-y-reformas-para-fortalecer-derechos-de-personas-con-discapacidad-en-puebla\\\/#primaryimage\"},\"thumbnailUrl\":\"https:\\\/\\\/ferabrajan.com\\\/portal\\\/wp-content\\\/uploads\\\/2026\\\/09\\\/Captura-de-pantalla_4-9-2026_94912_www.facebook.com_.jpeg\",\"datePublished\":\"2026-09-04T15:59:30+00:00\",\"breadcrumb\":{\"@id\":\"https:\\\/\\\/ferabrajan.com\\\/portal\\\/2026\\\/09\\\/04\\\/soledad-amieva-impulsa-presupuesto-y-reformas-para-fortalecer-derechos-de-personas-con-discapacidad-en-puebla\\\/#breadcrumb\"},\"inLanguage\":\"es\",\"potentialAction\":[{\"@type\":\"ReadAction\",\"target\":[\"https:\\\/\\\/ferabrajan.com\\\/portal\\\/2026\\\/09\\\/04\\\/soledad-amieva-impulsa-presupuesto-y-reformas-para-fortalecer-derechos-de-personas-con-discapacidad-en-puebla\\\/\"]}]},{\"@type\":\"ImageObject\",\"inLanguage\":\"es\",\"@id\":\"https:\\\/\\\/ferabrajan.com\\\/portal\\\/2026\\\/09\\\/04\\\/soledad-amieva-impulsa-presupuesto-y-reformas-para-fortalecer-derechos-de-personas-con-discapacidad-en-puebla\\\/#primaryimage\",\"url\":\"https:\\\/\\\/ferabrajan.com\\\/portal\\\/wp-content\\\/uploads\\\/2026\\\/09\\\/Captura-de-pantalla_4-9-2026_94912_www.facebook.com_.jpeg\",\"contentUrl\":\"https:\\\/\\\/ferabrajan.com\\\/portal\\\/wp-content\\\/uploads\\\/2026\\\/09\\\/Captura-de-pantalla_4-9-2026_94912_www.facebook.com_.jpeg\",\"width\":1308,\"height\":798},{\"@type\":\"BreadcrumbList\",\"@id\":\"https:\\\/\\\/ferabrajan.com\\\/portal\\\/2026\\\/09\\\/04\\\/soledad-amieva-impulsa-presupuesto-y-reformas-para-fortalecer-derechos-de-personas-con-discapacidad-en-puebla\\\/#breadcrumb\",\"itemListElement\":[{\"@type\":\"ListItem\",\"position\":1,\"name\":\"Portada\",\"item\":\"https:\\\/\\\/ferabrajan.com\\\/portal\\\/\"},{\"@type\":\"ListItem\",\"position\":2,\"name\":\"Soledad Amieva impulsa presupuesto y reformas para fortalecer derechos de personas con discapacidad en Puebla\"}]},{\"@type\":\"WebSite\",\"@id\":\"https:\\\/\\\/ferabrajan.com\\\/portal\\\/#website\",\"url\":\"https:\\\/\\\/ferabrajan.com\\\/portal\\\/\",\"name\":\"Fer Abrajan\",\"description\":\"Noticias de Puebla, opini\u00f3n y radio en vivo\",\"publisher\":{\"@id\":\"https:\\\/\\\/ferabrajan.com\\\/portal\\\/#organization\"},\"potentialAction\":[{\"@type\":\"SearchAction\",\"target\":{\"@type\":\"EntryPoint\",\"urlTemplate\":\"https:\\\/\\\/ferabrajan.com\\\/portal\\\/?s={search_term_string}\"},\"query-input\":{\"@type\":\"PropertyValueSpecification\",\"valueRequired\":true,\"valueName\":\"search_term_string\"}}],\"inLanguage\":\"es\"},{\"@type\":\"Organization\",\"@id\":\"https:\\\/\\\/ferabrajan.com\\\/portal\\\/#organization\",\"name\":\"Fer Abrajan\",\"url\":\"https:\\\/\\\/ferabrajan.com\\\/portal\\\/\",\"logo\":{\"@type\":\"ImageObject\",\"inLanguage\":\"es\",\"@id\":\"https:\\\/\\\/ferabrajan.com\\\/portal\\\/#\\\/schema\\\/logo\\\/image\\\/\",\"url\":\"https:\\\/\\\/ferabrajan.com\\\/portal\\\/wp-content\\\/uploads\\\/2024\\\/10\\\/cropped-logo.jpeg\",\"contentUrl\":\"https:\\\/\\\/ferabrajan.com\\\/portal\\\/wp-content\\\/uploads\\\/2024\\\/10\\\/cropped-logo.jpeg\",\"width\":500,\"height\":250,\"caption\":\"Fer Abrajan\"},\"image\":{\"@id\":\"https:\\\/\\\/ferabrajan.com\\\/portal\\\/#\\\/schema\\\/logo\\\/image\\\/\"},\"sameAs\":[\"https:\\\/\\\/www.facebook.com\\\/NoticiasconFerAbrajan\\\/\",\"https:\\\/\\\/x.com\\\/ferabrajan1\"]},{\"@type\":\"Person\",\"@id\":\"https:\\\/\\\/ferabrajan.com\\\/portal\\\/#\\\/schema\\\/person\\\/83ed4fff5d7e4c8edf481fa39f71acb2\",\"name\":\"Ismael Rojas\",\"image\":{\"@type\":\"ImageObject\",\"inLanguage\":\"es\",\"@id\":\"https:\\\/\\\/secure.gravatar.com\\\/avatar\\\/e4a9cb58548fedeb6143fa536c79b44c34454539235177c55c5819d74963e9d6?s=96&d=mm&r=g\",\"url\":\"https:\\\/\\\/secure.gravatar.com\\\/avatar\\\/e4a9cb58548fedeb6143fa536c79b44c34454539235177c55c5819d74963e9d6?s=96&d=mm&r=g\",\"contentUrl\":\"https:\\\/\\\/secure.gravatar.com\\\/avatar\\\/e4a9cb58548fedeb6143fa536c79b44c34454539235177c55c5819d74963e9d6?s=96&d=mm&r=g\",\"caption\":\"Ismael Rojas\"},\"url\":\"https:\\\/\\\/ferabrajan.com\\\/portal\\\/author\\\/ismael\\\/\"}]}<\/script>\n<!-- \/ Yoast SEO plugin. -->","yoast_head_json":{"title":"Soledad Amieva impulsa presupuesto y reformas para fortalecer derechos de personas con discapacidad en Puebla - Fer Abrajan","robots":{"index":"index","follow":"follow","max-snippet":"max-snippet:-1","max-image-preview":"max-image-preview:large","max-video-preview":"max-video-preview:-1"},"canonical":"https:\/\/ferabrajan.com\/portal\/2026\/09\/04\/soledad-amieva-impulsa-presupuesto-y-reformas-para-fortalecer-derechos-de-personas-con-discapacidad-en-puebla\/","og_locale":"es_ES","og_type":"article","og_title":"Soledad Amieva impulsa presupuesto y reformas para fortalecer derechos de personas con discapacidad en Puebla - Fer Abrajan","og_description":"En entrevista con Fer Abraj\u00e1n para el Informativo NTR de W Radio Puebla, la diputada Mar\u00eda Soledad Amieva Zamora destac\u00f3 el trabajo legislativo que ha impulsado para fortalecer la atenci\u00f3n a las personas con discapacidad y mejorar la capacitaci\u00f3n dentro del sector salud. La legisladora se\u00f1al\u00f3 que en Puebla una parte importante de la poblaci\u00f3n vive con alguna discapacidad, por lo que consider\u00f3 necesario que las pol\u00edticas p\u00fablicas no solo contemplen a quienes enfrentan esta condici\u00f3n, sino tambi\u00e9n a sus familias. En este sentido, inform\u00f3 que se mantienen mesas de trabajo para buscar la asignaci\u00f3n de un presupuesto espec\u00edfico para su atenci\u00f3n desde las distintas secretar\u00edas. Entre las propuestas que ha presentado se encuentra una reforma a la Ley Estatal de Salud para incorporar los art\u00edculos 126 Bis y 126 Ter, con el objetivo de establecer las bases para una transformaci\u00f3n digital progresiva y segura que permita mejorar la atenci\u00f3n m\u00e9dica, facilitar la coordinaci\u00f3n institucional y dar mayor continuidad a los servicios de salud. Amieva Zamora tambi\u00e9n ha impulsado reformas relacionadas con el reconocimiento de la personalidad y capacidad jur\u00eddica de las personas con discapacidad y adultas mayores, para que puedan ejercer sus derechos de manera digna, efectiva y aut\u00f3noma. La diputada ha mantenido una agenda enfocada en la inclusi\u00f3n. Entre sus iniciativas recientes se encuentran propuestas para fortalecer la autonom\u00eda jur\u00eddica de las personas con discapacidad, impulsar su inclusi\u00f3n laboral y mejorar su protecci\u00f3n en distintos \u00e1mbitos. La legisladora sostuvo que el objetivo es avanzar hacia un marco legal que elimine barreras y garantice que las personas con discapacidad participen plenamente en la vida social, econ\u00f3mica y p\u00fablica de Puebla.","og_url":"https:\/\/ferabrajan.com\/portal\/2026\/09\/04\/soledad-amieva-impulsa-presupuesto-y-reformas-para-fortalecer-derechos-de-personas-con-discapacidad-en-puebla\/","og_site_name":"Fer Abrajan","article_publisher":"https:\/\/www.facebook.com\/NoticiasconFerAbrajan\/","article_published_time":"2026-09-04T15:59:30+00:00","og_image":[{"width":1308,"height":798,"url":"https:\/\/ferabrajan.com\/portal\/wp-content\/uploads\/2026\/09\/Captura-de-pantalla_4-9-2026_94912_www.facebook.com_.jpeg","type":"image\/jpeg"}],"author":"Ismael Rojas","twitter_card":"summary_large_image","twitter_creator":"@ferabrajan1","twitter_site":"@ferabrajan1","twitter_misc":{"Escrito por":"Ismael Rojas","Tiempo de lectura":"2 minutos"},"schema":{"@context":"https:\/\/schema.org","@graph":[{"@type":"Article","@id":"https:\/\/ferabrajan.com\/portal\/2026\/09\/04\/soledad-amieva-impulsa-presupuesto-y-reformas-para-fortalecer-derechos-de-personas-con-discapacidad-en-puebla\/#article","isPartOf":{"@id":"https:\/\/ferabrajan.com\/portal\/2026\/09\/04\/soledad-amieva-impulsa-presupuesto-y-reformas-para-fortalecer-derechos-de-personas-con-discapacidad-en-puebla\/"},"author":{"name":"Ismael Rojas","@id":"https:\/\/ferabrajan.com\/portal\/#\/schema\/person\/83ed4fff5d7e4c8edf481fa39f71acb2"},"headline":"Soledad Amieva impulsa presupuesto y reformas para fortalecer derechos de personas con discapacidad en Puebla","datePublished":"2026-09-04T15:59:30+00:00","mainEntityOfPage":{"@id":"https:\/\/ferabrajan.com\/portal\/2026\/09\/04\/soledad-amieva-impulsa-presupuesto-y-reformas-para-fortalecer-derechos-de-personas-con-discapacidad-en-puebla\/"},"wordCount":313,"publisher":{"@id":"https:\/\/ferabrajan.com\/portal\/#organization"},"image":{"@id":"https:\/\/ferabrajan.com\/portal\/2026\/09\/04\/soledad-amieva-impulsa-presupuesto-y-reformas-para-fortalecer-derechos-de-personas-con-discapacidad-en-puebla\/#primaryimage"},"thumbnailUrl":"https:\/\/ferabrajan.com\/portal\/wp-content\/uploads\/2026\/09\/Captura-de-pantalla_4-9-2026_94912_www.facebook.com_.jpeg","keywords":["Congreso del Estado de Puebla","diputada Mar\u00eda Soledad Amieva Zamora"],"articleSection":["Principal"],"inLanguage":"es"},{"@type":"WebPage","@id":"https:\/\/ferabrajan.com\/portal\/2026\/09\/04\/soledad-amieva-impulsa-presupuesto-y-reformas-para-fortalecer-derechos-de-personas-con-discapacidad-en-puebla\/","url":"https:\/\/ferabrajan.com\/portal\/2026\/09\/04\/soledad-amieva-impulsa-presupuesto-y-reformas-para-fortalecer-derechos-de-personas-con-discapacidad-en-puebla\/","name":"Soledad Amieva impulsa presupuesto y reformas para fortalecer derechos de personas con discapacidad en Puebla - Fer Abrajan","isPartOf":{"@id":"https:\/\/ferabrajan.com\/portal\/#website"},"primaryImageOfPage":{"@id":"https:\/\/ferabrajan.com\/portal\/2026\/09\/04\/soledad-amieva-impulsa-presupuesto-y-reformas-para-fortalecer-derechos-de-personas-con-discapacidad-en-puebla\/#primaryimage"},"image":{"@id":"https:\/\/ferabrajan.com\/portal\/2026\/09\/04\/soledad-amieva-impulsa-presupuesto-y-reformas-para-fortalecer-derechos-de-personas-con-discapacidad-en-puebla\/#primaryimage"},"thumbnailUrl":"https:\/\/ferabrajan.com\/portal\/wp-content\/uploads\/2026\/09\/Captura-de-pantalla_4-9-2026_94912_www.facebook.com_.jpeg","datePublished":"2026-09-04T15:59:30+00:00","breadcrumb":{"@id":"https:\/\/ferabrajan.com\/portal\/2026\/09\/04\/soledad-amieva-impulsa-presupuesto-y-reformas-para-fortalecer-derechos-de-personas-con-discapacidad-en-puebla\/#breadcrumb"},"inLanguage":"es","potentialAction":[{"@type":"ReadAction","target":["https:\/\/ferabrajan.com\/portal\/2026\/09\/04\/soledad-amieva-impulsa-presupuesto-y-reformas-para-fortalecer-derechos-de-personas-con-discapacidad-en-puebla\/"]}]},{"@type":"ImageObject","inLanguage":"es","@id":"https:\/\/ferabrajan.com\/portal\/2026\/09\/04\/soledad-amieva-impulsa-presupuesto-y-reformas-para-fortalecer-derechos-de-personas-con-discapacidad-en-puebla\/#primaryimage","url":"https:\/\/ferabrajan.com\/portal\/wp-content\/uploads\/2026\/09\/Captura-de-pantalla_4-9-2026_94912_www.facebook.com_.jpeg","contentUrl":"https:\/\/ferabrajan.com\/portal\/wp-content\/uploads\/2026\/09\/Captura-de-pantalla_4-9-2026_94912_www.facebook.com_.jpeg","width":1308,"height":798},{"@type":"BreadcrumbList","@id":"https:\/\/ferabrajan.com\/portal\/2026\/09\/04\/soledad-amieva-impulsa-presupuesto-y-reformas-para-fortalecer-derechos-de-personas-con-discapacidad-en-puebla\/#breadcrumb","itemListElement":[{"@type":"ListItem","position":1,"name":"Portada","item":"https:\/\/ferabrajan.com\/portal\/"},{"@type":"ListItem","position":2,"name":"Soledad Amieva impulsa presupuesto y reformas para fortalecer derechos de personas con discapacidad en Puebla"}]},{"@type":"WebSite","@id":"https:\/\/ferabrajan.com\/portal\/#website","url":"https:\/\/ferabrajan.com\/portal\/","name":"Fer Abrajan","description":"Noticias de Puebla, opini\u00f3n y radio en vivo","publisher":{"@id":"https:\/\/ferabrajan.com\/portal\/#organization"},"potentialAction":[{"@type":"SearchAction","target":{"@type":"EntryPoint","urlTemplate":"https:\/\/ferabrajan.com\/portal\/?s={search_term_string}"},"query-input":{"@type":"PropertyValueSpecification","valueRequired":true,"valueName":"search_term_string"}}],"inLanguage":"es"},{"@type":"Organization","@id":"https:\/\/ferabrajan.com\/portal\/#organization","name":"Fer Abrajan","url":"https:\/\/ferabrajan.com\/portal\/","logo":{"@type":"ImageObject","inLanguage":"es","@id":"https:\/\/ferabrajan.com\/portal\/#\/schema\/logo\/image\/","url":"https:\/\/ferabrajan.com\/portal\/wp-content\/uploads\/2024\/10\/cropped-logo.jpeg","contentUrl":"https:\/\/ferabrajan.com\/portal\/wp-content\/uploads\/2024\/10\/cropped-logo.jpeg","width":500,"height":250,"caption":"Fer Abrajan"},"image":{"@id":"https:\/\/ferabrajan.com\/portal\/#\/schema\/logo\/image\/"},"sameAs":["https:\/\/www.facebook.com\/NoticiasconFerAbrajan\/","https:\/\/x.com\/ferabrajan1"]},{"@type":"Person","@id":"https:\/\/ferabrajan.com\/portal\/#\/schema\/person\/83ed4fff5d7e4c8edf481fa39f71acb2","name":"Ismael Rojas","image":{"@type":"ImageObject","inLanguage":"es","@id":"https:\/\/secure.gravatar.com\/avatar\/e4a9cb58548fedeb6143fa536c79b44c34454539235177c55c5819d74963e9d6?s=96&d=mm&r=g","url":"https:\/\/secure.gravatar.com\/avatar\/e4a9cb58548fedeb6143fa536c79b44c34454539235177c55c5819d74963e9d6?s=96&d=mm&r=g","contentUrl":"https:\/\/secure.gravatar.com\/avatar\/e4a9cb58548fedeb6143fa536c79b44c34454539235177c55c5819d74963e9d6?s=96&d=mm&r=g","caption":"Ismael Rojas"},"url":"https:\/\/ferabrajan.com\/portal\/author\/ismael\/"}]}},"_links":{"self":[{"href":"https:\/\/ferabrajan.com\/portal\/wp-json\/wp\/v2\/posts\/84298","targetHints":{"allow":["GET"]}}],"collection":[{"href":"https:\/\/ferabrajan.com\/portal\/wp-json\/wp\/v2\/posts"}],"about":[{"href":"https:\/\/ferabrajan.com\/portal\/wp-json\/wp\/v2\/types\/post"}],"author":[{"embeddable":true,"href":"https:\/\/ferabrajan.com\/portal\/wp-json\/wp\/v2\/users\/4"}],"replies":[{"embeddable":true,"href":"https:\/\/ferabrajan.com\/portal\/wp-json\/wp\/v2\/comments?post=84298"}],"version-history":[{"count":1,"href":"https:\/\/ferabrajan.com\/portal\/wp-json\/wp\/v2\/posts\/84298\/revisions"}],"predecessor-version":[{"id":84300,"href":"https:\/\/ferabrajan.com\/portal\/wp-json\/wp\/v2\/posts\/84298\/revisions\/84300"}],"wp:featuredmedia":[{"embeddable":true,"href":"https:\/\/ferabrajan.com\/portal\/wp-json\/wp\/v2\/media\/84299"}],"wp:attachment":[{"href":"https:\/\/ferabrajan.com\/portal\/wp-json\/wp\/v2\/media?parent=84298"}],"wp:term":[{"taxonomy":"category","embeddable":true,"href":"https:\/\/ferabrajan.com\/portal\/wp-json\/wp\/v2\/categories?post=84298"},{"taxonomy":"post_tag","embeddable":true,"href":"https:\/\/ferabrajan.com\/portal\/wp-json\/wp\/v2\/tags?post=84298"}],"curies":[{"name":"wp","href":"https:\/\/api.w.org\/{rel}","templated":true}]}}