{"id":84295,"date":"2026-09-04T15:48:44","date_gmt":"2026-09-04T15:48:44","guid":{"rendered":"https:\/\/ferabrajan.com\/portal\/?p=84295"},"modified":"2026-09-04T16:22:05","modified_gmt":"2026-09-04T16:22:05","slug":"julio-huerta-cabildo-acatlaniniciativas-turnadas-y-propone-frenar-recontratacion-de-policias-despedidos","status":"publish","type":"post","link":"https:\/\/ferabrajan.com\/portal\/2026\/09\/04\/julio-huerta-cabildo-acatlaniniciativas-turnadas-y-propone-frenar-recontratacion-de-policias-despedidos\/","title":{"rendered":"Cabildo de Acatl\u00e1n comparecer\u00e1 ante el Congreso; el 13 de septiembre : Julio Huerta"},"content":{"rendered":"<p class=\"isSelectedEnd\">El cabildo de Acatl\u00e1n, incluida la presidenta municipal, deber\u00e1 comparecer el pr\u00f3ximo <strong>10 de septiembre ante el Congreso de Puebla<\/strong>, como parte del procedimiento iniciado para revisar el caso, inform\u00f3 el diputado Julio Huerta en entrevista con Fer Abraj\u00e1n para el Informativo NTR de W Radio Puebla.<\/p>\n<p class=\"isSelectedEnd\">El presidente de la Comisi\u00f3n de Gobernaci\u00f3n y Puntos Constitucionales explic\u00f3 que las y los integrantes del Ayuntamiento fueron notificados y emplazados personalmente para acudir a partir de las <strong>10:00 horas<\/strong>, presentar pruebas y formular los alegatos que consideren pertinentes.<\/p>\n<p class=\"isSelectedEnd\">Huerta subray\u00f3 que el procedimiento <strong>no implica un prejuzgamiento<\/strong> contra ninguna de las personas involucradas y que el Congreso deber\u00e1 conducirse con estricto apego a la ley, conforme a lo establecido en el cap\u00edtulo Vig\u00e9simo Sexto Bis de la Ley Org\u00e1nica Municipal.<\/p>\n<p class=\"isSelectedEnd\">Detall\u00f3 que, tras la sesi\u00f3n en la que se abord\u00f3 el asunto, se determin\u00f3 integrar el expediente y recabar la informaci\u00f3n necesaria para analizar a detalle el caso. Una vez realizada la comparecencia, corresponder\u00e1 al Congreso deliberar y emitir el dictamen, cuya definici\u00f3n est\u00e1 prevista para el <strong>13 de septiembre<\/strong>.<\/p>\n<p class=\"isSelectedEnd\">Por otra parte, el legislador destac\u00f3 el trabajo de la Comisi\u00f3n de Gobernaci\u00f3n y Puntos Constitucionales durante el segundo a\u00f1o legislativo. De acuerdo con el balance disponible del Congreso, la comisi\u00f3n registra <strong>302 iniciativas turnadas, 101 aprobadas y 201 en tr\u00e1mite<\/strong>.<\/p>\n<p>En cuanto a su labor individual, Huerta se\u00f1al\u00f3 que ha presentado <strong>82 iniciativas<\/strong>, entre ellas dos propuestas de car\u00e1cter federal. Una busca modificar el art\u00edculo 123 constitucional, apartado B, en materia relacionada con los despidos de elementos de los cuerpos policiacos y su eventual reincorporaci\u00f3n.<\/p>\n","protected":false},"excerpt":{"rendered":"<p>El cabildo de Acatl\u00e1n, incluida la presidenta municipal, deber\u00e1 comparecer el pr\u00f3ximo 10 de septiembre ante el Congreso de Puebla, como parte del procedimiento iniciado para revisar el caso, inform\u00f3 el diputado Julio Huerta en entrevista con Fer Abraj\u00e1n para el Informativo NTR de W Radio Puebla. El presidente de la Comisi\u00f3n de Gobernaci\u00f3n y Puntos Constitucionales explic\u00f3 que las y los integrantes del Ayuntamiento fueron notificados y emplazados personalmente para acudir a partir de las 10:00 horas, presentar pruebas y formular los alegatos que consideren pertinentes. Huerta subray\u00f3 que el procedimiento no implica un prejuzgamiento contra ninguna de las personas involucradas y que el Congreso deber\u00e1 conducirse con estricto apego a la ley, conforme a lo establecido en el cap\u00edtulo Vig\u00e9simo Sexto Bis de la Ley Org\u00e1nica Municipal. Detall\u00f3 que, tras la sesi\u00f3n en la que se abord\u00f3 el asunto, se determin\u00f3 integrar el expediente y recabar la informaci\u00f3n necesaria para analizar a detalle el caso. Una vez realizada la comparecencia, corresponder\u00e1 al Congreso deliberar y emitir el dictamen, cuya definici\u00f3n est\u00e1 prevista para el 13 de septiembre. Por otra parte, el legislador destac\u00f3 el trabajo de la Comisi\u00f3n de Gobernaci\u00f3n y Puntos Constitucionales durante el segundo a\u00f1o legislativo. De acuerdo con el balance disponible del Congreso, la comisi\u00f3n registra 302 iniciativas turnadas, 101 aprobadas y 201 en tr\u00e1mite. En cuanto a su labor individual, Huerta se\u00f1al\u00f3 que ha presentado 82 iniciativas, entre ellas dos propuestas de car\u00e1cter federal. Una busca modificar el art\u00edculo 123 constitucional, apartado B, en materia relacionada con los despidos de elementos de los cuerpos policiacos y su eventual reincorporaci\u00f3n.<\/p>\n","protected":false},"author":4,"featured_media":84296,"comment_status":"closed","ping_status":"closed","sticky":false,"template":"","format":"standard","meta":{"_monsterinsights_skip_tracking":false,"_uf_show_specific_survey":0,"_uf_disable_surveys":false,"footnotes":""},"categories":[585,34],"tags":[151,323,3192,5303,5304],"class_list":["post-84295","post","type-post","status-publish","format-standard","has-post-thumbnail","hentry","category-principal","category-puebla","tag-acatlan","tag-cabildo","tag-congreso-puebla","tag-dip-julio-huerta","tag-iniciativas"],"yoast_head":"<!-- This site is optimized with the Yoast SEO plugin v27.5 - https:\/\/yoast.com\/product\/yoast-seo-wordpress\/ -->\n<title>Cabildo de Acatl\u00e1n comparecer\u00e1 ante el Congreso; el 13 de septiembre : Julio Huerta - Fer Abrajan<\/title>\n<meta name=\"robots\" content=\"index, follow, max-snippet:-1, max-image-preview:large, max-video-preview:-1\" \/>\n<link rel=\"canonical\" href=\"https:\/\/ferabrajan.com\/portal\/2026\/09\/04\/julio-huerta-cabildo-acatlaniniciativas-turnadas-y-propone-frenar-recontratacion-de-policias-despedidos\/\" \/>\n<meta property=\"og:locale\" content=\"es_ES\" \/>\n<meta property=\"og:type\" content=\"article\" \/>\n<meta property=\"og:title\" content=\"Cabildo de Acatl\u00e1n comparecer\u00e1 ante el Congreso; el 13 de septiembre : Julio Huerta - Fer Abrajan\" \/>\n<meta property=\"og:description\" content=\"El cabildo de Acatl\u00e1n, incluida la presidenta municipal, deber\u00e1 comparecer el pr\u00f3ximo 10 de septiembre ante el Congreso de Puebla, como parte del procedimiento iniciado para revisar el caso, inform\u00f3 el diputado Julio Huerta en entrevista con Fer Abraj\u00e1n para el Informativo NTR de W Radio Puebla. El presidente de la Comisi\u00f3n de Gobernaci\u00f3n y Puntos Constitucionales explic\u00f3 que las y los integrantes del Ayuntamiento fueron notificados y emplazados personalmente para acudir a partir de las 10:00 horas, presentar pruebas y formular los alegatos que consideren pertinentes. Huerta subray\u00f3 que el procedimiento no implica un prejuzgamiento contra ninguna de las personas involucradas y que el Congreso deber\u00e1 conducirse con estricto apego a la ley, conforme a lo establecido en el cap\u00edtulo Vig\u00e9simo Sexto Bis de la Ley Org\u00e1nica Municipal. Detall\u00f3 que, tras la sesi\u00f3n en la que se abord\u00f3 el asunto, se determin\u00f3 integrar el expediente y recabar la informaci\u00f3n necesaria para analizar a detalle el caso. Una vez realizada la comparecencia, corresponder\u00e1 al Congreso deliberar y emitir el dictamen, cuya definici\u00f3n est\u00e1 prevista para el 13 de septiembre. Por otra parte, el legislador destac\u00f3 el trabajo de la Comisi\u00f3n de Gobernaci\u00f3n y Puntos Constitucionales durante el segundo a\u00f1o legislativo. De acuerdo con el balance disponible del Congreso, la comisi\u00f3n registra 302 iniciativas turnadas, 101 aprobadas y 201 en tr\u00e1mite. En cuanto a su labor individual, Huerta se\u00f1al\u00f3 que ha presentado 82 iniciativas, entre ellas dos propuestas de car\u00e1cter federal. Una busca modificar el art\u00edculo 123 constitucional, apartado B, en materia relacionada con los despidos de elementos de los cuerpos policiacos y su eventual reincorporaci\u00f3n.\" \/>\n<meta property=\"og:url\" content=\"https:\/\/ferabrajan.com\/portal\/2026\/09\/04\/julio-huerta-cabildo-acatlaniniciativas-turnadas-y-propone-frenar-recontratacion-de-policias-despedidos\/\" \/>\n<meta property=\"og:site_name\" content=\"Fer Abrajan\" \/>\n<meta property=\"article:publisher\" content=\"https:\/\/www.facebook.com\/NoticiasconFerAbrajan\/\" \/>\n<meta property=\"article:published_time\" content=\"2026-09-04T15:48:44+00:00\" \/>\n<meta property=\"article:modified_time\" content=\"2026-09-04T16:22:05+00:00\" \/>\n<meta property=\"og:image\" content=\"https:\/\/ferabrajan.com\/portal\/wp-content\/uploads\/2026\/09\/Captura-de-pantalla_4-9-2026_9366_www.facebook.com_.jpeg\" \/>\n\t<meta property=\"og:image:width\" content=\"1379\" \/>\n\t<meta property=\"og:image:height\" content=\"793\" \/>\n\t<meta property=\"og:image:type\" content=\"image\/jpeg\" \/>\n<meta name=\"author\" content=\"Ismael Rojas\" \/>\n<meta name=\"twitter:card\" content=\"summary_large_image\" \/>\n<meta name=\"twitter:creator\" content=\"@ferabrajan1\" \/>\n<meta name=\"twitter:site\" content=\"@ferabrajan1\" \/>\n<meta name=\"twitter:label1\" content=\"Escrito por\" \/>\n\t<meta name=\"twitter:data1\" content=\"Ismael Rojas\" \/>\n\t<meta name=\"twitter:label2\" content=\"Tiempo de lectura\" \/>\n\t<meta name=\"twitter:data2\" content=\"2 minutos\" \/>\n<script type=\"application\/ld+json\" class=\"yoast-schema-graph\">{\"@context\":\"https:\\\/\\\/schema.org\",\"@graph\":[{\"@type\":\"Article\",\"@id\":\"https:\\\/\\\/ferabrajan.com\\\/portal\\\/2026\\\/09\\\/04\\\/julio-huerta-cabildo-acatlaniniciativas-turnadas-y-propone-frenar-recontratacion-de-policias-despedidos\\\/#article\",\"isPartOf\":{\"@id\":\"https:\\\/\\\/ferabrajan.com\\\/portal\\\/2026\\\/09\\\/04\\\/julio-huerta-cabildo-acatlaniniciativas-turnadas-y-propone-frenar-recontratacion-de-policias-despedidos\\\/\"},\"author\":{\"name\":\"Ismael Rojas\",\"@id\":\"https:\\\/\\\/ferabrajan.com\\\/portal\\\/#\\\/schema\\\/person\\\/83ed4fff5d7e4c8edf481fa39f71acb2\"},\"headline\":\"Cabildo de Acatl\u00e1n comparecer\u00e1 ante el Congreso; el 13 de septiembre : Julio Huerta\",\"datePublished\":\"2026-09-04T15:48:44+00:00\",\"dateModified\":\"2026-09-04T16:22:05+00:00\",\"mainEntityOfPage\":{\"@id\":\"https:\\\/\\\/ferabrajan.com\\\/portal\\\/2026\\\/09\\\/04\\\/julio-huerta-cabildo-acatlaniniciativas-turnadas-y-propone-frenar-recontratacion-de-policias-despedidos\\\/\"},\"wordCount\":290,\"publisher\":{\"@id\":\"https:\\\/\\\/ferabrajan.com\\\/portal\\\/#organization\"},\"image\":{\"@id\":\"https:\\\/\\\/ferabrajan.com\\\/portal\\\/2026\\\/09\\\/04\\\/julio-huerta-cabildo-acatlaniniciativas-turnadas-y-propone-frenar-recontratacion-de-policias-despedidos\\\/#primaryimage\"},\"thumbnailUrl\":\"https:\\\/\\\/ferabrajan.com\\\/portal\\\/wp-content\\\/uploads\\\/2026\\\/09\\\/Captura-de-pantalla_4-9-2026_9366_www.facebook.com_.jpeg\",\"keywords\":[\"Acatlan\",\"Cabildo\",\"Congreso Puebla\",\"Dip.Julio Huerta\",\"Iniciativas\"],\"articleSection\":[\"Principal\",\"Puebla\"],\"inLanguage\":\"es\"},{\"@type\":\"WebPage\",\"@id\":\"https:\\\/\\\/ferabrajan.com\\\/portal\\\/2026\\\/09\\\/04\\\/julio-huerta-cabildo-acatlaniniciativas-turnadas-y-propone-frenar-recontratacion-de-policias-despedidos\\\/\",\"url\":\"https:\\\/\\\/ferabrajan.com\\\/portal\\\/2026\\\/09\\\/04\\\/julio-huerta-cabildo-acatlaniniciativas-turnadas-y-propone-frenar-recontratacion-de-policias-despedidos\\\/\",\"name\":\"Cabildo de Acatl\u00e1n comparecer\u00e1 ante el Congreso; el 13 de septiembre : Julio Huerta - Fer Abrajan\",\"isPartOf\":{\"@id\":\"https:\\\/\\\/ferabrajan.com\\\/portal\\\/#website\"},\"primaryImageOfPage\":{\"@id\":\"https:\\\/\\\/ferabrajan.com\\\/portal\\\/2026\\\/09\\\/04\\\/julio-huerta-cabildo-acatlaniniciativas-turnadas-y-propone-frenar-recontratacion-de-policias-despedidos\\\/#primaryimage\"},\"image\":{\"@id\":\"https:\\\/\\\/ferabrajan.com\\\/portal\\\/2026\\\/09\\\/04\\\/julio-huerta-cabildo-acatlaniniciativas-turnadas-y-propone-frenar-recontratacion-de-policias-despedidos\\\/#primaryimage\"},\"thumbnailUrl\":\"https:\\\/\\\/ferabrajan.com\\\/portal\\\/wp-content\\\/uploads\\\/2026\\\/09\\\/Captura-de-pantalla_4-9-2026_9366_www.facebook.com_.jpeg\",\"datePublished\":\"2026-09-04T15:48:44+00:00\",\"dateModified\":\"2026-09-04T16:22:05+00:00\",\"breadcrumb\":{\"@id\":\"https:\\\/\\\/ferabrajan.com\\\/portal\\\/2026\\\/09\\\/04\\\/julio-huerta-cabildo-acatlaniniciativas-turnadas-y-propone-frenar-recontratacion-de-policias-despedidos\\\/#breadcrumb\"},\"inLanguage\":\"es\",\"potentialAction\":[{\"@type\":\"ReadAction\",\"target\":[\"https:\\\/\\\/ferabrajan.com\\\/portal\\\/2026\\\/09\\\/04\\\/julio-huerta-cabildo-acatlaniniciativas-turnadas-y-propone-frenar-recontratacion-de-policias-despedidos\\\/\"]}]},{\"@type\":\"ImageObject\",\"inLanguage\":\"es\",\"@id\":\"https:\\\/\\\/ferabrajan.com\\\/portal\\\/2026\\\/09\\\/04\\\/julio-huerta-cabildo-acatlaniniciativas-turnadas-y-propone-frenar-recontratacion-de-policias-despedidos\\\/#primaryimage\",\"url\":\"https:\\\/\\\/ferabrajan.com\\\/portal\\\/wp-content\\\/uploads\\\/2026\\\/09\\\/Captura-de-pantalla_4-9-2026_9366_www.facebook.com_.jpeg\",\"contentUrl\":\"https:\\\/\\\/ferabrajan.com\\\/portal\\\/wp-content\\\/uploads\\\/2026\\\/09\\\/Captura-de-pantalla_4-9-2026_9366_www.facebook.com_.jpeg\",\"width\":1379,\"height\":793},{\"@type\":\"BreadcrumbList\",\"@id\":\"https:\\\/\\\/ferabrajan.com\\\/portal\\\/2026\\\/09\\\/04\\\/julio-huerta-cabildo-acatlaniniciativas-turnadas-y-propone-frenar-recontratacion-de-policias-despedidos\\\/#breadcrumb\",\"itemListElement\":[{\"@type\":\"ListItem\",\"position\":1,\"name\":\"Portada\",\"item\":\"https:\\\/\\\/ferabrajan.com\\\/portal\\\/\"},{\"@type\":\"ListItem\",\"position\":2,\"name\":\"Cabildo de Acatl\u00e1n comparecer\u00e1 ante el Congreso; el 13 de septiembre : Julio Huerta\"}]},{\"@type\":\"WebSite\",\"@id\":\"https:\\\/\\\/ferabrajan.com\\\/portal\\\/#website\",\"url\":\"https:\\\/\\\/ferabrajan.com\\\/portal\\\/\",\"name\":\"Fer Abrajan\",\"description\":\"Noticias de Puebla, opini\u00f3n y radio en vivo\",\"publisher\":{\"@id\":\"https:\\\/\\\/ferabrajan.com\\\/portal\\\/#organization\"},\"potentialAction\":[{\"@type\":\"SearchAction\",\"target\":{\"@type\":\"EntryPoint\",\"urlTemplate\":\"https:\\\/\\\/ferabrajan.com\\\/portal\\\/?s={search_term_string}\"},\"query-input\":{\"@type\":\"PropertyValueSpecification\",\"valueRequired\":true,\"valueName\":\"search_term_string\"}}],\"inLanguage\":\"es\"},{\"@type\":\"Organization\",\"@id\":\"https:\\\/\\\/ferabrajan.com\\\/portal\\\/#organization\",\"name\":\"Fer Abrajan\",\"url\":\"https:\\\/\\\/ferabrajan.com\\\/portal\\\/\",\"logo\":{\"@type\":\"ImageObject\",\"inLanguage\":\"es\",\"@id\":\"https:\\\/\\\/ferabrajan.com\\\/portal\\\/#\\\/schema\\\/logo\\\/image\\\/\",\"url\":\"https:\\\/\\\/ferabrajan.com\\\/portal\\\/wp-content\\\/uploads\\\/2024\\\/10\\\/cropped-logo.jpeg\",\"contentUrl\":\"https:\\\/\\\/ferabrajan.com\\\/portal\\\/wp-content\\\/uploads\\\/2024\\\/10\\\/cropped-logo.jpeg\",\"width\":500,\"height\":250,\"caption\":\"Fer Abrajan\"},\"image\":{\"@id\":\"https:\\\/\\\/ferabrajan.com\\\/portal\\\/#\\\/schema\\\/logo\\\/image\\\/\"},\"sameAs\":[\"https:\\\/\\\/www.facebook.com\\\/NoticiasconFerAbrajan\\\/\",\"https:\\\/\\\/x.com\\\/ferabrajan1\"]},{\"@type\":\"Person\",\"@id\":\"https:\\\/\\\/ferabrajan.com\\\/portal\\\/#\\\/schema\\\/person\\\/83ed4fff5d7e4c8edf481fa39f71acb2\",\"name\":\"Ismael Rojas\",\"image\":{\"@type\":\"ImageObject\",\"inLanguage\":\"es\",\"@id\":\"https:\\\/\\\/secure.gravatar.com\\\/avatar\\\/e4a9cb58548fedeb6143fa536c79b44c34454539235177c55c5819d74963e9d6?s=96&d=mm&r=g\",\"url\":\"https:\\\/\\\/secure.gravatar.com\\\/avatar\\\/e4a9cb58548fedeb6143fa536c79b44c34454539235177c55c5819d74963e9d6?s=96&d=mm&r=g\",\"contentUrl\":\"https:\\\/\\\/secure.gravatar.com\\\/avatar\\\/e4a9cb58548fedeb6143fa536c79b44c34454539235177c55c5819d74963e9d6?s=96&d=mm&r=g\",\"caption\":\"Ismael Rojas\"},\"url\":\"https:\\\/\\\/ferabrajan.com\\\/portal\\\/author\\\/ismael\\\/\"}]}<\/script>\n<!-- \/ Yoast SEO plugin. -->","yoast_head_json":{"title":"Cabildo de Acatl\u00e1n comparecer\u00e1 ante el Congreso; el 13 de septiembre : Julio Huerta - Fer Abrajan","robots":{"index":"index","follow":"follow","max-snippet":"max-snippet:-1","max-image-preview":"max-image-preview:large","max-video-preview":"max-video-preview:-1"},"canonical":"https:\/\/ferabrajan.com\/portal\/2026\/09\/04\/julio-huerta-cabildo-acatlaniniciativas-turnadas-y-propone-frenar-recontratacion-de-policias-despedidos\/","og_locale":"es_ES","og_type":"article","og_title":"Cabildo de Acatl\u00e1n comparecer\u00e1 ante el Congreso; el 13 de septiembre : Julio Huerta - Fer Abrajan","og_description":"El cabildo de Acatl\u00e1n, incluida la presidenta municipal, deber\u00e1 comparecer el pr\u00f3ximo 10 de septiembre ante el Congreso de Puebla, como parte del procedimiento iniciado para revisar el caso, inform\u00f3 el diputado Julio Huerta en entrevista con Fer Abraj\u00e1n para el Informativo NTR de W Radio Puebla. El presidente de la Comisi\u00f3n de Gobernaci\u00f3n y Puntos Constitucionales explic\u00f3 que las y los integrantes del Ayuntamiento fueron notificados y emplazados personalmente para acudir a partir de las 10:00 horas, presentar pruebas y formular los alegatos que consideren pertinentes. Huerta subray\u00f3 que el procedimiento no implica un prejuzgamiento contra ninguna de las personas involucradas y que el Congreso deber\u00e1 conducirse con estricto apego a la ley, conforme a lo establecido en el cap\u00edtulo Vig\u00e9simo Sexto Bis de la Ley Org\u00e1nica Municipal. Detall\u00f3 que, tras la sesi\u00f3n en la que se abord\u00f3 el asunto, se determin\u00f3 integrar el expediente y recabar la informaci\u00f3n necesaria para analizar a detalle el caso. Una vez realizada la comparecencia, corresponder\u00e1 al Congreso deliberar y emitir el dictamen, cuya definici\u00f3n est\u00e1 prevista para el 13 de septiembre. Por otra parte, el legislador destac\u00f3 el trabajo de la Comisi\u00f3n de Gobernaci\u00f3n y Puntos Constitucionales durante el segundo a\u00f1o legislativo. De acuerdo con el balance disponible del Congreso, la comisi\u00f3n registra 302 iniciativas turnadas, 101 aprobadas y 201 en tr\u00e1mite. En cuanto a su labor individual, Huerta se\u00f1al\u00f3 que ha presentado 82 iniciativas, entre ellas dos propuestas de car\u00e1cter federal. Una busca modificar el art\u00edculo 123 constitucional, apartado B, en materia relacionada con los despidos de elementos de los cuerpos policiacos y su eventual reincorporaci\u00f3n.","og_url":"https:\/\/ferabrajan.com\/portal\/2026\/09\/04\/julio-huerta-cabildo-acatlaniniciativas-turnadas-y-propone-frenar-recontratacion-de-policias-despedidos\/","og_site_name":"Fer Abrajan","article_publisher":"https:\/\/www.facebook.com\/NoticiasconFerAbrajan\/","article_published_time":"2026-09-04T15:48:44+00:00","article_modified_time":"2026-09-04T16:22:05+00:00","og_image":[{"width":1379,"height":793,"url":"https:\/\/ferabrajan.com\/portal\/wp-content\/uploads\/2026\/09\/Captura-de-pantalla_4-9-2026_9366_www.facebook.com_.jpeg","type":"image\/jpeg"}],"author":"Ismael Rojas","twitter_card":"summary_large_image","twitter_creator":"@ferabrajan1","twitter_site":"@ferabrajan1","twitter_misc":{"Escrito por":"Ismael Rojas","Tiempo de lectura":"2 minutos"},"schema":{"@context":"https:\/\/schema.org","@graph":[{"@type":"Article","@id":"https:\/\/ferabrajan.com\/portal\/2026\/09\/04\/julio-huerta-cabildo-acatlaniniciativas-turnadas-y-propone-frenar-recontratacion-de-policias-despedidos\/#article","isPartOf":{"@id":"https:\/\/ferabrajan.com\/portal\/2026\/09\/04\/julio-huerta-cabildo-acatlaniniciativas-turnadas-y-propone-frenar-recontratacion-de-policias-despedidos\/"},"author":{"name":"Ismael Rojas","@id":"https:\/\/ferabrajan.com\/portal\/#\/schema\/person\/83ed4fff5d7e4c8edf481fa39f71acb2"},"headline":"Cabildo de Acatl\u00e1n comparecer\u00e1 ante el Congreso; el 13 de septiembre : Julio Huerta","datePublished":"2026-09-04T15:48:44+00:00","dateModified":"2026-09-04T16:22:05+00:00","mainEntityOfPage":{"@id":"https:\/\/ferabrajan.com\/portal\/2026\/09\/04\/julio-huerta-cabildo-acatlaniniciativas-turnadas-y-propone-frenar-recontratacion-de-policias-despedidos\/"},"wordCount":290,"publisher":{"@id":"https:\/\/ferabrajan.com\/portal\/#organization"},"image":{"@id":"https:\/\/ferabrajan.com\/portal\/2026\/09\/04\/julio-huerta-cabildo-acatlaniniciativas-turnadas-y-propone-frenar-recontratacion-de-policias-despedidos\/#primaryimage"},"thumbnailUrl":"https:\/\/ferabrajan.com\/portal\/wp-content\/uploads\/2026\/09\/Captura-de-pantalla_4-9-2026_9366_www.facebook.com_.jpeg","keywords":["Acatlan","Cabildo","Congreso Puebla","Dip.Julio Huerta","Iniciativas"],"articleSection":["Principal","Puebla"],"inLanguage":"es"},{"@type":"WebPage","@id":"https:\/\/ferabrajan.com\/portal\/2026\/09\/04\/julio-huerta-cabildo-acatlaniniciativas-turnadas-y-propone-frenar-recontratacion-de-policias-despedidos\/","url":"https:\/\/ferabrajan.com\/portal\/2026\/09\/04\/julio-huerta-cabildo-acatlaniniciativas-turnadas-y-propone-frenar-recontratacion-de-policias-despedidos\/","name":"Cabildo de Acatl\u00e1n comparecer\u00e1 ante el Congreso; el 13 de septiembre : Julio Huerta - Fer Abrajan","isPartOf":{"@id":"https:\/\/ferabrajan.com\/portal\/#website"},"primaryImageOfPage":{"@id":"https:\/\/ferabrajan.com\/portal\/2026\/09\/04\/julio-huerta-cabildo-acatlaniniciativas-turnadas-y-propone-frenar-recontratacion-de-policias-despedidos\/#primaryimage"},"image":{"@id":"https:\/\/ferabrajan.com\/portal\/2026\/09\/04\/julio-huerta-cabildo-acatlaniniciativas-turnadas-y-propone-frenar-recontratacion-de-policias-despedidos\/#primaryimage"},"thumbnailUrl":"https:\/\/ferabrajan.com\/portal\/wp-content\/uploads\/2026\/09\/Captura-de-pantalla_4-9-2026_9366_www.facebook.com_.jpeg","datePublished":"2026-09-04T15:48:44+00:00","dateModified":"2026-09-04T16:22:05+00:00","breadcrumb":{"@id":"https:\/\/ferabrajan.com\/portal\/2026\/09\/04\/julio-huerta-cabildo-acatlaniniciativas-turnadas-y-propone-frenar-recontratacion-de-policias-despedidos\/#breadcrumb"},"inLanguage":"es","potentialAction":[{"@type":"ReadAction","target":["https:\/\/ferabrajan.com\/portal\/2026\/09\/04\/julio-huerta-cabildo-acatlaniniciativas-turnadas-y-propone-frenar-recontratacion-de-policias-despedidos\/"]}]},{"@type":"ImageObject","inLanguage":"es","@id":"https:\/\/ferabrajan.com\/portal\/2026\/09\/04\/julio-huerta-cabildo-acatlaniniciativas-turnadas-y-propone-frenar-recontratacion-de-policias-despedidos\/#primaryimage","url":"https:\/\/ferabrajan.com\/portal\/wp-content\/uploads\/2026\/09\/Captura-de-pantalla_4-9-2026_9366_www.facebook.com_.jpeg","contentUrl":"https:\/\/ferabrajan.com\/portal\/wp-content\/uploads\/2026\/09\/Captura-de-pantalla_4-9-2026_9366_www.facebook.com_.jpeg","width":1379,"height":793},{"@type":"BreadcrumbList","@id":"https:\/\/ferabrajan.com\/portal\/2026\/09\/04\/julio-huerta-cabildo-acatlaniniciativas-turnadas-y-propone-frenar-recontratacion-de-policias-despedidos\/#breadcrumb","itemListElement":[{"@type":"ListItem","position":1,"name":"Portada","item":"https:\/\/ferabrajan.com\/portal\/"},{"@type":"ListItem","position":2,"name":"Cabildo de Acatl\u00e1n comparecer\u00e1 ante el Congreso; el 13 de septiembre : Julio Huerta"}]},{"@type":"WebSite","@id":"https:\/\/ferabrajan.com\/portal\/#website","url":"https:\/\/ferabrajan.com\/portal\/","name":"Fer Abrajan","description":"Noticias de Puebla, opini\u00f3n y radio en vivo","publisher":{"@id":"https:\/\/ferabrajan.com\/portal\/#organization"},"potentialAction":[{"@type":"SearchAction","target":{"@type":"EntryPoint","urlTemplate":"https:\/\/ferabrajan.com\/portal\/?s={search_term_string}"},"query-input":{"@type":"PropertyValueSpecification","valueRequired":true,"valueName":"search_term_string"}}],"inLanguage":"es"},{"@type":"Organization","@id":"https:\/\/ferabrajan.com\/portal\/#organization","name":"Fer Abrajan","url":"https:\/\/ferabrajan.com\/portal\/","logo":{"@type":"ImageObject","inLanguage":"es","@id":"https:\/\/ferabrajan.com\/portal\/#\/schema\/logo\/image\/","url":"https:\/\/ferabrajan.com\/portal\/wp-content\/uploads\/2024\/10\/cropped-logo.jpeg","contentUrl":"https:\/\/ferabrajan.com\/portal\/wp-content\/uploads\/2024\/10\/cropped-logo.jpeg","width":500,"height":250,"caption":"Fer Abrajan"},"image":{"@id":"https:\/\/ferabrajan.com\/portal\/#\/schema\/logo\/image\/"},"sameAs":["https:\/\/www.facebook.com\/NoticiasconFerAbrajan\/","https:\/\/x.com\/ferabrajan1"]},{"@type":"Person","@id":"https:\/\/ferabrajan.com\/portal\/#\/schema\/person\/83ed4fff5d7e4c8edf481fa39f71acb2","name":"Ismael Rojas","image":{"@type":"ImageObject","inLanguage":"es","@id":"https:\/\/secure.gravatar.com\/avatar\/e4a9cb58548fedeb6143fa536c79b44c34454539235177c55c5819d74963e9d6?s=96&d=mm&r=g","url":"https:\/\/secure.gravatar.com\/avatar\/e4a9cb58548fedeb6143fa536c79b44c34454539235177c55c5819d74963e9d6?s=96&d=mm&r=g","contentUrl":"https:\/\/secure.gravatar.com\/avatar\/e4a9cb58548fedeb6143fa536c79b44c34454539235177c55c5819d74963e9d6?s=96&d=mm&r=g","caption":"Ismael Rojas"},"url":"https:\/\/ferabrajan.com\/portal\/author\/ismael\/"}]}},"_links":{"self":[{"href":"https:\/\/ferabrajan.com\/portal\/wp-json\/wp\/v2\/posts\/84295","targetHints":{"allow":["GET"]}}],"collection":[{"href":"https:\/\/ferabrajan.com\/portal\/wp-json\/wp\/v2\/posts"}],"about":[{"href":"https:\/\/ferabrajan.com\/portal\/wp-json\/wp\/v2\/types\/post"}],"author":[{"embeddable":true,"href":"https:\/\/ferabrajan.com\/portal\/wp-json\/wp\/v2\/users\/4"}],"replies":[{"embeddable":true,"href":"https:\/\/ferabrajan.com\/portal\/wp-json\/wp\/v2\/comments?post=84295"}],"version-history":[{"count":4,"href":"https:\/\/ferabrajan.com\/portal\/wp-json\/wp\/v2\/posts\/84295\/revisions"}],"predecessor-version":[{"id":84303,"href":"https:\/\/ferabrajan.com\/portal\/wp-json\/wp\/v2\/posts\/84295\/revisions\/84303"}],"wp:featuredmedia":[{"embeddable":true,"href":"https:\/\/ferabrajan.com\/portal\/wp-json\/wp\/v2\/media\/84296"}],"wp:attachment":[{"href":"https:\/\/ferabrajan.com\/portal\/wp-json\/wp\/v2\/media?parent=84295"}],"wp:term":[{"taxonomy":"category","embeddable":true,"href":"https:\/\/ferabrajan.com\/portal\/wp-json\/wp\/v2\/categories?post=84295"},{"taxonomy":"post_tag","embeddable":true,"href":"https:\/\/ferabrajan.com\/portal\/wp-json\/wp\/v2\/tags?post=84295"}],"curies":[{"name":"wp","href":"https:\/\/api.w.org\/{rel}","templated":true}]}}