{"id":84292,"date":"2026-09-04T15:37:20","date_gmt":"2026-09-04T15:37:20","guid":{"rendered":"https:\/\/ferabrajan.com\/portal\/?p=84292"},"modified":"2026-09-04T15:37:20","modified_gmt":"2026-09-04T15:37:20","slug":"leonela-martinez-reporta-168-iniciativas-y-busca-crear-el-dia-del-mezcal-poblano","status":"publish","type":"post","link":"https:\/\/ferabrajan.com\/portal\/2026\/09\/04\/leonela-martinez-reporta-168-iniciativas-y-busca-crear-el-dia-del-mezcal-poblano\/","title":{"rendered":"Leonela Mart\u00ednez reporta 168 iniciativas y busca crear el D\u00eda del Mezcal Poblano"},"content":{"rendered":"<p class=\"isSelectedEnd\">En entrevista con Fer Abraj\u00e1n para el Informativo NTR de W Radio Puebla, la diputada local <strong>Leonela Jazm\u00edn Mart\u00ednez Ayala<\/strong>, representante del Distrito 24 con cabecera en Tehuac\u00e1n, destac\u00f3 los resultados de su trabajo legislativo durante los dos primeros a\u00f1os de la actual Legislatura.<\/p>\n<p class=\"isSelectedEnd\">La legisladora inform\u00f3 que ha presentado m\u00e1s de 168 iniciativas de decreto y 69 puntos de acuerdo, mientras que tan solo durante este a\u00f1o ha impulsado alrededor de 90 iniciativas. Se\u00f1al\u00f3 que su agenda se ha concentrado principalmente en atender las necesidades de personas en situaci\u00f3n de vulnerabilidad.<\/p>\n<p class=\"isSelectedEnd\">Entre los sectores prioritarios mencion\u00f3 a ni\u00f1as, ni\u00f1os y adolescentes, as\u00ed como temas de inclusi\u00f3n y educaci\u00f3n. Tambi\u00e9n destac\u00f3 propuestas dirigidas a personas ind\u00edgenas, migrantes y mujeres, adem\u00e1s de acciones de gesti\u00f3n en los 11 municipios que integran su distrito.<\/p>\n<p class=\"isSelectedEnd\">Uno de los proyectos que actualmente impulsa es la creaci\u00f3n del <strong>D\u00eda del Mezcal Poblano<\/strong>, que busca celebrarse en diciembre. Mart\u00ednez Ayala explic\u00f3 que en la Mixteca poblana numerosas familias dependen de la producci\u00f3n y comercializaci\u00f3n de esta bebida, por lo que present\u00f3 una iniciativa de decreto para reconocer su importancia econ\u00f3mica y cultural.<\/p>\n<p class=\"isSelectedEnd\">La diputada se\u00f1al\u00f3 que el respaldo al sector mezcalero tambi\u00e9n contempla el fortalecimiento y tecnificaci\u00f3n del campo, con el objetivo de mejorar las condiciones de producci\u00f3n y apoyar a las familias que dependen de esta actividad en la regi\u00f3n.<\/p>\n<p>El trabajo legislativo de Mart\u00ednez Ayala coincide con iniciativas recientes que ha promovido en materia de educaci\u00f3n, inclusi\u00f3n, prevenci\u00f3n de la violencia, bienestar animal y protecci\u00f3n de personas en situaci\u00f3n de vulnerabilidad.<\/p>\n","protected":false},"excerpt":{"rendered":"<p>En entrevista con Fer Abraj\u00e1n para el Informativo NTR de W Radio Puebla, la diputada local Leonela Jazm\u00edn Mart\u00ednez Ayala, representante del Distrito 24 con cabecera en Tehuac\u00e1n, destac\u00f3 los resultados de su trabajo legislativo durante los dos primeros a\u00f1os de la actual Legislatura. La legisladora inform\u00f3 que ha presentado m\u00e1s de 168 iniciativas de decreto y 69 puntos de acuerdo, mientras que tan solo durante este a\u00f1o ha impulsado alrededor de 90 iniciativas. Se\u00f1al\u00f3 que su agenda se ha concentrado principalmente en atender las necesidades de personas en situaci\u00f3n de vulnerabilidad. Entre los sectores prioritarios mencion\u00f3 a ni\u00f1as, ni\u00f1os y adolescentes, as\u00ed como temas de inclusi\u00f3n y educaci\u00f3n. Tambi\u00e9n destac\u00f3 propuestas dirigidas a personas ind\u00edgenas, migrantes y mujeres, adem\u00e1s de acciones de gesti\u00f3n en los 11 municipios que integran su distrito. Uno de los proyectos que actualmente impulsa es la creaci\u00f3n del D\u00eda del Mezcal Poblano, que busca celebrarse en diciembre. Mart\u00ednez Ayala explic\u00f3 que en la Mixteca poblana numerosas familias dependen de la producci\u00f3n y comercializaci\u00f3n de esta bebida, por lo que present\u00f3 una iniciativa de decreto para reconocer su importancia econ\u00f3mica y cultural. La diputada se\u00f1al\u00f3 que el respaldo al sector mezcalero tambi\u00e9n contempla el fortalecimiento y tecnificaci\u00f3n del campo, con el objetivo de mejorar las condiciones de producci\u00f3n y apoyar a las familias que dependen de esta actividad en la regi\u00f3n. El trabajo legislativo de Mart\u00ednez Ayala coincide con iniciativas recientes que ha promovido en materia de educaci\u00f3n, inclusi\u00f3n, prevenci\u00f3n de la violencia, bienestar animal y protecci\u00f3n de personas en situaci\u00f3n de vulnerabilidad.<\/p>\n","protected":false},"author":4,"featured_media":84293,"comment_status":"closed","ping_status":"closed","sticky":false,"template":"","format":"standard","meta":{"_monsterinsights_skip_tracking":false,"_uf_show_specific_survey":0,"_uf_disable_surveys":false,"footnotes":""},"categories":[53,585],"tags":[5301,5300,5302],"class_list":["post-84292","post","type-post","status-publish","format-standard","has-post-thumbnail","hentry","category-local","category-principal","tag-dia-del-mezcal-poblano","tag-leonela-jazmin-martinez-ayala","tag-rendicion-de-cuentas"],"yoast_head":"<!-- This site is optimized with the Yoast SEO plugin v27.5 - https:\/\/yoast.com\/product\/yoast-seo-wordpress\/ -->\n<title>Leonela Mart\u00ednez reporta 168 iniciativas y busca crear el D\u00eda del Mezcal Poblano - Fer Abrajan<\/title>\n<meta name=\"robots\" content=\"index, follow, max-snippet:-1, max-image-preview:large, max-video-preview:-1\" \/>\n<link rel=\"canonical\" href=\"https:\/\/ferabrajan.com\/portal\/2026\/09\/04\/leonela-martinez-reporta-168-iniciativas-y-busca-crear-el-dia-del-mezcal-poblano\/\" \/>\n<meta property=\"og:locale\" content=\"es_ES\" \/>\n<meta property=\"og:type\" content=\"article\" \/>\n<meta property=\"og:title\" content=\"Leonela Mart\u00ednez reporta 168 iniciativas y busca crear el D\u00eda del Mezcal Poblano - Fer Abrajan\" \/>\n<meta property=\"og:description\" content=\"En entrevista con Fer Abraj\u00e1n para el Informativo NTR de W Radio Puebla, la diputada local Leonela Jazm\u00edn Mart\u00ednez Ayala, representante del Distrito 24 con cabecera en Tehuac\u00e1n, destac\u00f3 los resultados de su trabajo legislativo durante los dos primeros a\u00f1os de la actual Legislatura. La legisladora inform\u00f3 que ha presentado m\u00e1s de 168 iniciativas de decreto y 69 puntos de acuerdo, mientras que tan solo durante este a\u00f1o ha impulsado alrededor de 90 iniciativas. Se\u00f1al\u00f3 que su agenda se ha concentrado principalmente en atender las necesidades de personas en situaci\u00f3n de vulnerabilidad. Entre los sectores prioritarios mencion\u00f3 a ni\u00f1as, ni\u00f1os y adolescentes, as\u00ed como temas de inclusi\u00f3n y educaci\u00f3n. Tambi\u00e9n destac\u00f3 propuestas dirigidas a personas ind\u00edgenas, migrantes y mujeres, adem\u00e1s de acciones de gesti\u00f3n en los 11 municipios que integran su distrito. Uno de los proyectos que actualmente impulsa es la creaci\u00f3n del D\u00eda del Mezcal Poblano, que busca celebrarse en diciembre. Mart\u00ednez Ayala explic\u00f3 que en la Mixteca poblana numerosas familias dependen de la producci\u00f3n y comercializaci\u00f3n de esta bebida, por lo que present\u00f3 una iniciativa de decreto para reconocer su importancia econ\u00f3mica y cultural. La diputada se\u00f1al\u00f3 que el respaldo al sector mezcalero tambi\u00e9n contempla el fortalecimiento y tecnificaci\u00f3n del campo, con el objetivo de mejorar las condiciones de producci\u00f3n y apoyar a las familias que dependen de esta actividad en la regi\u00f3n. El trabajo legislativo de Mart\u00ednez Ayala coincide con iniciativas recientes que ha promovido en materia de educaci\u00f3n, inclusi\u00f3n, prevenci\u00f3n de la violencia, bienestar animal y protecci\u00f3n de personas en situaci\u00f3n de vulnerabilidad.\" \/>\n<meta property=\"og:url\" content=\"https:\/\/ferabrajan.com\/portal\/2026\/09\/04\/leonela-martinez-reporta-168-iniciativas-y-busca-crear-el-dia-del-mezcal-poblano\/\" \/>\n<meta property=\"og:site_name\" content=\"Fer Abrajan\" \/>\n<meta property=\"article:publisher\" content=\"https:\/\/www.facebook.com\/NoticiasconFerAbrajan\/\" \/>\n<meta property=\"article:published_time\" content=\"2026-09-04T15:37:20+00:00\" \/>\n<meta property=\"og:image\" content=\"https:\/\/ferabrajan.com\/portal\/wp-content\/uploads\/2026\/09\/Captura-de-pantalla_4-9-2026_92139_www.facebook.com_.jpeg\" \/>\n\t<meta property=\"og:image:width\" content=\"1304\" \/>\n\t<meta property=\"og:image:height\" content=\"796\" \/>\n\t<meta property=\"og:image:type\" content=\"image\/jpeg\" \/>\n<meta name=\"author\" content=\"Ismael Rojas\" \/>\n<meta name=\"twitter:card\" content=\"summary_large_image\" \/>\n<meta name=\"twitter:creator\" content=\"@ferabrajan1\" \/>\n<meta name=\"twitter:site\" content=\"@ferabrajan1\" \/>\n<meta name=\"twitter:label1\" content=\"Escrito por\" \/>\n\t<meta name=\"twitter:data1\" content=\"Ismael Rojas\" \/>\n\t<meta name=\"twitter:label2\" content=\"Tiempo de lectura\" \/>\n\t<meta name=\"twitter:data2\" content=\"2 minutos\" \/>\n<script type=\"application\/ld+json\" class=\"yoast-schema-graph\">{\"@context\":\"https:\\\/\\\/schema.org\",\"@graph\":[{\"@type\":\"Article\",\"@id\":\"https:\\\/\\\/ferabrajan.com\\\/portal\\\/2026\\\/09\\\/04\\\/leonela-martinez-reporta-168-iniciativas-y-busca-crear-el-dia-del-mezcal-poblano\\\/#article\",\"isPartOf\":{\"@id\":\"https:\\\/\\\/ferabrajan.com\\\/portal\\\/2026\\\/09\\\/04\\\/leonela-martinez-reporta-168-iniciativas-y-busca-crear-el-dia-del-mezcal-poblano\\\/\"},\"author\":{\"name\":\"Ismael Rojas\",\"@id\":\"https:\\\/\\\/ferabrajan.com\\\/portal\\\/#\\\/schema\\\/person\\\/83ed4fff5d7e4c8edf481fa39f71acb2\"},\"headline\":\"Leonela Mart\u00ednez reporta 168 iniciativas y busca crear el D\u00eda del Mezcal Poblano\",\"datePublished\":\"2026-09-04T15:37:20+00:00\",\"mainEntityOfPage\":{\"@id\":\"https:\\\/\\\/ferabrajan.com\\\/portal\\\/2026\\\/09\\\/04\\\/leonela-martinez-reporta-168-iniciativas-y-busca-crear-el-dia-del-mezcal-poblano\\\/\"},\"wordCount\":300,\"publisher\":{\"@id\":\"https:\\\/\\\/ferabrajan.com\\\/portal\\\/#organization\"},\"image\":{\"@id\":\"https:\\\/\\\/ferabrajan.com\\\/portal\\\/2026\\\/09\\\/04\\\/leonela-martinez-reporta-168-iniciativas-y-busca-crear-el-dia-del-mezcal-poblano\\\/#primaryimage\"},\"thumbnailUrl\":\"https:\\\/\\\/ferabrajan.com\\\/portal\\\/wp-content\\\/uploads\\\/2026\\\/09\\\/Captura-de-pantalla_4-9-2026_92139_www.facebook.com_.jpeg\",\"keywords\":[\"D\u00eda del Mezcal Poblano\",\"Leonela Jazm\u00edn Mart\u00ednez Ayala\",\"rendici\u00f3n de cuentas\"],\"articleSection\":[\"Local\",\"Principal\"],\"inLanguage\":\"es\"},{\"@type\":\"WebPage\",\"@id\":\"https:\\\/\\\/ferabrajan.com\\\/portal\\\/2026\\\/09\\\/04\\\/leonela-martinez-reporta-168-iniciativas-y-busca-crear-el-dia-del-mezcal-poblano\\\/\",\"url\":\"https:\\\/\\\/ferabrajan.com\\\/portal\\\/2026\\\/09\\\/04\\\/leonela-martinez-reporta-168-iniciativas-y-busca-crear-el-dia-del-mezcal-poblano\\\/\",\"name\":\"Leonela Mart\u00ednez reporta 168 iniciativas y busca crear el D\u00eda del Mezcal Poblano - Fer Abrajan\",\"isPartOf\":{\"@id\":\"https:\\\/\\\/ferabrajan.com\\\/portal\\\/#website\"},\"primaryImageOfPage\":{\"@id\":\"https:\\\/\\\/ferabrajan.com\\\/portal\\\/2026\\\/09\\\/04\\\/leonela-martinez-reporta-168-iniciativas-y-busca-crear-el-dia-del-mezcal-poblano\\\/#primaryimage\"},\"image\":{\"@id\":\"https:\\\/\\\/ferabrajan.com\\\/portal\\\/2026\\\/09\\\/04\\\/leonela-martinez-reporta-168-iniciativas-y-busca-crear-el-dia-del-mezcal-poblano\\\/#primaryimage\"},\"thumbnailUrl\":\"https:\\\/\\\/ferabrajan.com\\\/portal\\\/wp-content\\\/uploads\\\/2026\\\/09\\\/Captura-de-pantalla_4-9-2026_92139_www.facebook.com_.jpeg\",\"datePublished\":\"2026-09-04T15:37:20+00:00\",\"breadcrumb\":{\"@id\":\"https:\\\/\\\/ferabrajan.com\\\/portal\\\/2026\\\/09\\\/04\\\/leonela-martinez-reporta-168-iniciativas-y-busca-crear-el-dia-del-mezcal-poblano\\\/#breadcrumb\"},\"inLanguage\":\"es\",\"potentialAction\":[{\"@type\":\"ReadAction\",\"target\":[\"https:\\\/\\\/ferabrajan.com\\\/portal\\\/2026\\\/09\\\/04\\\/leonela-martinez-reporta-168-iniciativas-y-busca-crear-el-dia-del-mezcal-poblano\\\/\"]}]},{\"@type\":\"ImageObject\",\"inLanguage\":\"es\",\"@id\":\"https:\\\/\\\/ferabrajan.com\\\/portal\\\/2026\\\/09\\\/04\\\/leonela-martinez-reporta-168-iniciativas-y-busca-crear-el-dia-del-mezcal-poblano\\\/#primaryimage\",\"url\":\"https:\\\/\\\/ferabrajan.com\\\/portal\\\/wp-content\\\/uploads\\\/2026\\\/09\\\/Captura-de-pantalla_4-9-2026_92139_www.facebook.com_.jpeg\",\"contentUrl\":\"https:\\\/\\\/ferabrajan.com\\\/portal\\\/wp-content\\\/uploads\\\/2026\\\/09\\\/Captura-de-pantalla_4-9-2026_92139_www.facebook.com_.jpeg\",\"width\":1304,\"height\":796},{\"@type\":\"BreadcrumbList\",\"@id\":\"https:\\\/\\\/ferabrajan.com\\\/portal\\\/2026\\\/09\\\/04\\\/leonela-martinez-reporta-168-iniciativas-y-busca-crear-el-dia-del-mezcal-poblano\\\/#breadcrumb\",\"itemListElement\":[{\"@type\":\"ListItem\",\"position\":1,\"name\":\"Portada\",\"item\":\"https:\\\/\\\/ferabrajan.com\\\/portal\\\/\"},{\"@type\":\"ListItem\",\"position\":2,\"name\":\"Leonela Mart\u00ednez reporta 168 iniciativas y busca crear el D\u00eda del Mezcal Poblano\"}]},{\"@type\":\"WebSite\",\"@id\":\"https:\\\/\\\/ferabrajan.com\\\/portal\\\/#website\",\"url\":\"https:\\\/\\\/ferabrajan.com\\\/portal\\\/\",\"name\":\"Fer Abrajan\",\"description\":\"Noticias de Puebla, opini\u00f3n y radio en vivo\",\"publisher\":{\"@id\":\"https:\\\/\\\/ferabrajan.com\\\/portal\\\/#organization\"},\"potentialAction\":[{\"@type\":\"SearchAction\",\"target\":{\"@type\":\"EntryPoint\",\"urlTemplate\":\"https:\\\/\\\/ferabrajan.com\\\/portal\\\/?s={search_term_string}\"},\"query-input\":{\"@type\":\"PropertyValueSpecification\",\"valueRequired\":true,\"valueName\":\"search_term_string\"}}],\"inLanguage\":\"es\"},{\"@type\":\"Organization\",\"@id\":\"https:\\\/\\\/ferabrajan.com\\\/portal\\\/#organization\",\"name\":\"Fer Abrajan\",\"url\":\"https:\\\/\\\/ferabrajan.com\\\/portal\\\/\",\"logo\":{\"@type\":\"ImageObject\",\"inLanguage\":\"es\",\"@id\":\"https:\\\/\\\/ferabrajan.com\\\/portal\\\/#\\\/schema\\\/logo\\\/image\\\/\",\"url\":\"https:\\\/\\\/ferabrajan.com\\\/portal\\\/wp-content\\\/uploads\\\/2024\\\/10\\\/cropped-logo.jpeg\",\"contentUrl\":\"https:\\\/\\\/ferabrajan.com\\\/portal\\\/wp-content\\\/uploads\\\/2024\\\/10\\\/cropped-logo.jpeg\",\"width\":500,\"height\":250,\"caption\":\"Fer Abrajan\"},\"image\":{\"@id\":\"https:\\\/\\\/ferabrajan.com\\\/portal\\\/#\\\/schema\\\/logo\\\/image\\\/\"},\"sameAs\":[\"https:\\\/\\\/www.facebook.com\\\/NoticiasconFerAbrajan\\\/\",\"https:\\\/\\\/x.com\\\/ferabrajan1\"]},{\"@type\":\"Person\",\"@id\":\"https:\\\/\\\/ferabrajan.com\\\/portal\\\/#\\\/schema\\\/person\\\/83ed4fff5d7e4c8edf481fa39f71acb2\",\"name\":\"Ismael Rojas\",\"image\":{\"@type\":\"ImageObject\",\"inLanguage\":\"es\",\"@id\":\"https:\\\/\\\/secure.gravatar.com\\\/avatar\\\/e4a9cb58548fedeb6143fa536c79b44c34454539235177c55c5819d74963e9d6?s=96&d=mm&r=g\",\"url\":\"https:\\\/\\\/secure.gravatar.com\\\/avatar\\\/e4a9cb58548fedeb6143fa536c79b44c34454539235177c55c5819d74963e9d6?s=96&d=mm&r=g\",\"contentUrl\":\"https:\\\/\\\/secure.gravatar.com\\\/avatar\\\/e4a9cb58548fedeb6143fa536c79b44c34454539235177c55c5819d74963e9d6?s=96&d=mm&r=g\",\"caption\":\"Ismael Rojas\"},\"url\":\"https:\\\/\\\/ferabrajan.com\\\/portal\\\/author\\\/ismael\\\/\"}]}<\/script>\n<!-- \/ Yoast SEO plugin. -->","yoast_head_json":{"title":"Leonela Mart\u00ednez reporta 168 iniciativas y busca crear el D\u00eda del Mezcal Poblano - Fer Abrajan","robots":{"index":"index","follow":"follow","max-snippet":"max-snippet:-1","max-image-preview":"max-image-preview:large","max-video-preview":"max-video-preview:-1"},"canonical":"https:\/\/ferabrajan.com\/portal\/2026\/09\/04\/leonela-martinez-reporta-168-iniciativas-y-busca-crear-el-dia-del-mezcal-poblano\/","og_locale":"es_ES","og_type":"article","og_title":"Leonela Mart\u00ednez reporta 168 iniciativas y busca crear el D\u00eda del Mezcal Poblano - Fer Abrajan","og_description":"En entrevista con Fer Abraj\u00e1n para el Informativo NTR de W Radio Puebla, la diputada local Leonela Jazm\u00edn Mart\u00ednez Ayala, representante del Distrito 24 con cabecera en Tehuac\u00e1n, destac\u00f3 los resultados de su trabajo legislativo durante los dos primeros a\u00f1os de la actual Legislatura. La legisladora inform\u00f3 que ha presentado m\u00e1s de 168 iniciativas de decreto y 69 puntos de acuerdo, mientras que tan solo durante este a\u00f1o ha impulsado alrededor de 90 iniciativas. Se\u00f1al\u00f3 que su agenda se ha concentrado principalmente en atender las necesidades de personas en situaci\u00f3n de vulnerabilidad. Entre los sectores prioritarios mencion\u00f3 a ni\u00f1as, ni\u00f1os y adolescentes, as\u00ed como temas de inclusi\u00f3n y educaci\u00f3n. Tambi\u00e9n destac\u00f3 propuestas dirigidas a personas ind\u00edgenas, migrantes y mujeres, adem\u00e1s de acciones de gesti\u00f3n en los 11 municipios que integran su distrito. Uno de los proyectos que actualmente impulsa es la creaci\u00f3n del D\u00eda del Mezcal Poblano, que busca celebrarse en diciembre. Mart\u00ednez Ayala explic\u00f3 que en la Mixteca poblana numerosas familias dependen de la producci\u00f3n y comercializaci\u00f3n de esta bebida, por lo que present\u00f3 una iniciativa de decreto para reconocer su importancia econ\u00f3mica y cultural. La diputada se\u00f1al\u00f3 que el respaldo al sector mezcalero tambi\u00e9n contempla el fortalecimiento y tecnificaci\u00f3n del campo, con el objetivo de mejorar las condiciones de producci\u00f3n y apoyar a las familias que dependen de esta actividad en la regi\u00f3n. El trabajo legislativo de Mart\u00ednez Ayala coincide con iniciativas recientes que ha promovido en materia de educaci\u00f3n, inclusi\u00f3n, prevenci\u00f3n de la violencia, bienestar animal y protecci\u00f3n de personas en situaci\u00f3n de vulnerabilidad.","og_url":"https:\/\/ferabrajan.com\/portal\/2026\/09\/04\/leonela-martinez-reporta-168-iniciativas-y-busca-crear-el-dia-del-mezcal-poblano\/","og_site_name":"Fer Abrajan","article_publisher":"https:\/\/www.facebook.com\/NoticiasconFerAbrajan\/","article_published_time":"2026-09-04T15:37:20+00:00","og_image":[{"width":1304,"height":796,"url":"https:\/\/ferabrajan.com\/portal\/wp-content\/uploads\/2026\/09\/Captura-de-pantalla_4-9-2026_92139_www.facebook.com_.jpeg","type":"image\/jpeg"}],"author":"Ismael Rojas","twitter_card":"summary_large_image","twitter_creator":"@ferabrajan1","twitter_site":"@ferabrajan1","twitter_misc":{"Escrito por":"Ismael Rojas","Tiempo de lectura":"2 minutos"},"schema":{"@context":"https:\/\/schema.org","@graph":[{"@type":"Article","@id":"https:\/\/ferabrajan.com\/portal\/2026\/09\/04\/leonela-martinez-reporta-168-iniciativas-y-busca-crear-el-dia-del-mezcal-poblano\/#article","isPartOf":{"@id":"https:\/\/ferabrajan.com\/portal\/2026\/09\/04\/leonela-martinez-reporta-168-iniciativas-y-busca-crear-el-dia-del-mezcal-poblano\/"},"author":{"name":"Ismael Rojas","@id":"https:\/\/ferabrajan.com\/portal\/#\/schema\/person\/83ed4fff5d7e4c8edf481fa39f71acb2"},"headline":"Leonela Mart\u00ednez reporta 168 iniciativas y busca crear el D\u00eda del Mezcal Poblano","datePublished":"2026-09-04T15:37:20+00:00","mainEntityOfPage":{"@id":"https:\/\/ferabrajan.com\/portal\/2026\/09\/04\/leonela-martinez-reporta-168-iniciativas-y-busca-crear-el-dia-del-mezcal-poblano\/"},"wordCount":300,"publisher":{"@id":"https:\/\/ferabrajan.com\/portal\/#organization"},"image":{"@id":"https:\/\/ferabrajan.com\/portal\/2026\/09\/04\/leonela-martinez-reporta-168-iniciativas-y-busca-crear-el-dia-del-mezcal-poblano\/#primaryimage"},"thumbnailUrl":"https:\/\/ferabrajan.com\/portal\/wp-content\/uploads\/2026\/09\/Captura-de-pantalla_4-9-2026_92139_www.facebook.com_.jpeg","keywords":["D\u00eda del Mezcal Poblano","Leonela Jazm\u00edn Mart\u00ednez Ayala","rendici\u00f3n de cuentas"],"articleSection":["Local","Principal"],"inLanguage":"es"},{"@type":"WebPage","@id":"https:\/\/ferabrajan.com\/portal\/2026\/09\/04\/leonela-martinez-reporta-168-iniciativas-y-busca-crear-el-dia-del-mezcal-poblano\/","url":"https:\/\/ferabrajan.com\/portal\/2026\/09\/04\/leonela-martinez-reporta-168-iniciativas-y-busca-crear-el-dia-del-mezcal-poblano\/","name":"Leonela Mart\u00ednez reporta 168 iniciativas y busca crear el D\u00eda del Mezcal Poblano - Fer Abrajan","isPartOf":{"@id":"https:\/\/ferabrajan.com\/portal\/#website"},"primaryImageOfPage":{"@id":"https:\/\/ferabrajan.com\/portal\/2026\/09\/04\/leonela-martinez-reporta-168-iniciativas-y-busca-crear-el-dia-del-mezcal-poblano\/#primaryimage"},"image":{"@id":"https:\/\/ferabrajan.com\/portal\/2026\/09\/04\/leonela-martinez-reporta-168-iniciativas-y-busca-crear-el-dia-del-mezcal-poblano\/#primaryimage"},"thumbnailUrl":"https:\/\/ferabrajan.com\/portal\/wp-content\/uploads\/2026\/09\/Captura-de-pantalla_4-9-2026_92139_www.facebook.com_.jpeg","datePublished":"2026-09-04T15:37:20+00:00","breadcrumb":{"@id":"https:\/\/ferabrajan.com\/portal\/2026\/09\/04\/leonela-martinez-reporta-168-iniciativas-y-busca-crear-el-dia-del-mezcal-poblano\/#breadcrumb"},"inLanguage":"es","potentialAction":[{"@type":"ReadAction","target":["https:\/\/ferabrajan.com\/portal\/2026\/09\/04\/leonela-martinez-reporta-168-iniciativas-y-busca-crear-el-dia-del-mezcal-poblano\/"]}]},{"@type":"ImageObject","inLanguage":"es","@id":"https:\/\/ferabrajan.com\/portal\/2026\/09\/04\/leonela-martinez-reporta-168-iniciativas-y-busca-crear-el-dia-del-mezcal-poblano\/#primaryimage","url":"https:\/\/ferabrajan.com\/portal\/wp-content\/uploads\/2026\/09\/Captura-de-pantalla_4-9-2026_92139_www.facebook.com_.jpeg","contentUrl":"https:\/\/ferabrajan.com\/portal\/wp-content\/uploads\/2026\/09\/Captura-de-pantalla_4-9-2026_92139_www.facebook.com_.jpeg","width":1304,"height":796},{"@type":"BreadcrumbList","@id":"https:\/\/ferabrajan.com\/portal\/2026\/09\/04\/leonela-martinez-reporta-168-iniciativas-y-busca-crear-el-dia-del-mezcal-poblano\/#breadcrumb","itemListElement":[{"@type":"ListItem","position":1,"name":"Portada","item":"https:\/\/ferabrajan.com\/portal\/"},{"@type":"ListItem","position":2,"name":"Leonela Mart\u00ednez reporta 168 iniciativas y busca crear el D\u00eda del Mezcal Poblano"}]},{"@type":"WebSite","@id":"https:\/\/ferabrajan.com\/portal\/#website","url":"https:\/\/ferabrajan.com\/portal\/","name":"Fer Abrajan","description":"Noticias de Puebla, opini\u00f3n y radio en vivo","publisher":{"@id":"https:\/\/ferabrajan.com\/portal\/#organization"},"potentialAction":[{"@type":"SearchAction","target":{"@type":"EntryPoint","urlTemplate":"https:\/\/ferabrajan.com\/portal\/?s={search_term_string}"},"query-input":{"@type":"PropertyValueSpecification","valueRequired":true,"valueName":"search_term_string"}}],"inLanguage":"es"},{"@type":"Organization","@id":"https:\/\/ferabrajan.com\/portal\/#organization","name":"Fer Abrajan","url":"https:\/\/ferabrajan.com\/portal\/","logo":{"@type":"ImageObject","inLanguage":"es","@id":"https:\/\/ferabrajan.com\/portal\/#\/schema\/logo\/image\/","url":"https:\/\/ferabrajan.com\/portal\/wp-content\/uploads\/2024\/10\/cropped-logo.jpeg","contentUrl":"https:\/\/ferabrajan.com\/portal\/wp-content\/uploads\/2024\/10\/cropped-logo.jpeg","width":500,"height":250,"caption":"Fer Abrajan"},"image":{"@id":"https:\/\/ferabrajan.com\/portal\/#\/schema\/logo\/image\/"},"sameAs":["https:\/\/www.facebook.com\/NoticiasconFerAbrajan\/","https:\/\/x.com\/ferabrajan1"]},{"@type":"Person","@id":"https:\/\/ferabrajan.com\/portal\/#\/schema\/person\/83ed4fff5d7e4c8edf481fa39f71acb2","name":"Ismael Rojas","image":{"@type":"ImageObject","inLanguage":"es","@id":"https:\/\/secure.gravatar.com\/avatar\/e4a9cb58548fedeb6143fa536c79b44c34454539235177c55c5819d74963e9d6?s=96&d=mm&r=g","url":"https:\/\/secure.gravatar.com\/avatar\/e4a9cb58548fedeb6143fa536c79b44c34454539235177c55c5819d74963e9d6?s=96&d=mm&r=g","contentUrl":"https:\/\/secure.gravatar.com\/avatar\/e4a9cb58548fedeb6143fa536c79b44c34454539235177c55c5819d74963e9d6?s=96&d=mm&r=g","caption":"Ismael Rojas"},"url":"https:\/\/ferabrajan.com\/portal\/author\/ismael\/"}]}},"_links":{"self":[{"href":"https:\/\/ferabrajan.com\/portal\/wp-json\/wp\/v2\/posts\/84292","targetHints":{"allow":["GET"]}}],"collection":[{"href":"https:\/\/ferabrajan.com\/portal\/wp-json\/wp\/v2\/posts"}],"about":[{"href":"https:\/\/ferabrajan.com\/portal\/wp-json\/wp\/v2\/types\/post"}],"author":[{"embeddable":true,"href":"https:\/\/ferabrajan.com\/portal\/wp-json\/wp\/v2\/users\/4"}],"replies":[{"embeddable":true,"href":"https:\/\/ferabrajan.com\/portal\/wp-json\/wp\/v2\/comments?post=84292"}],"version-history":[{"count":1,"href":"https:\/\/ferabrajan.com\/portal\/wp-json\/wp\/v2\/posts\/84292\/revisions"}],"predecessor-version":[{"id":84294,"href":"https:\/\/ferabrajan.com\/portal\/wp-json\/wp\/v2\/posts\/84292\/revisions\/84294"}],"wp:featuredmedia":[{"embeddable":true,"href":"https:\/\/ferabrajan.com\/portal\/wp-json\/wp\/v2\/media\/84293"}],"wp:attachment":[{"href":"https:\/\/ferabrajan.com\/portal\/wp-json\/wp\/v2\/media?parent=84292"}],"wp:term":[{"taxonomy":"category","embeddable":true,"href":"https:\/\/ferabrajan.com\/portal\/wp-json\/wp\/v2\/categories?post=84292"},{"taxonomy":"post_tag","embeddable":true,"href":"https:\/\/ferabrajan.com\/portal\/wp-json\/wp\/v2\/tags?post=84292"}],"curies":[{"name":"wp","href":"https:\/\/api.w.org\/{rel}","templated":true}]}}