{"id":84284,"date":"2026-09-04T15:17:12","date_gmt":"2026-09-04T15:17:12","guid":{"rendered":"https:\/\/ferabrajan.com\/portal\/?p=84284"},"modified":"2026-09-04T15:17:12","modified_gmt":"2026-09-04T15:17:12","slug":"puebla-presume-su-fuerza-mezcalera-mas-de-20-mil-hectareas-de-agave-y-650-mil-litros-de-produccion","status":"publish","type":"post","link":"https:\/\/ferabrajan.com\/portal\/2026\/09\/04\/puebla-presume-su-fuerza-mezcalera-mas-de-20-mil-hectareas-de-agave-y-650-mil-litros-de-produccion\/","title":{"rendered":"\u00a1Puebla presume su fuerza mezcalera! M\u00e1s de 20 mil hect\u00e1reas de agave y 650 mil litros de producci\u00f3n"},"content":{"rendered":"<p class=\"isSelectedEnd\"><strong>Puebla, Pue.\u2013<\/strong> Con la participaci\u00f3n de <strong>300 marcas de ocho estados<\/strong>, inici\u00f3 en Puebla el Segundo <em><strong>Encuentro Nacional del Mezcal<\/strong> <strong>Puebla 2026<\/strong><\/em>, que re\u00fane durante cuatro d\u00edas a productores, especialistas y consumidores para promover la cultura, tradici\u00f3n y oportunidades comerciales alrededor de esta bebida.<\/p>\n<p class=\"isSelectedEnd\">El gobernador <strong>Alejandro Armenta Mier<\/strong> destac\u00f3 que el mezcal poblano representa identidad, orgullo y una fuente de riqueza para las comunidades productoras. Se\u00f1al\u00f3 que el sector forma parte de la transformaci\u00f3n del campo y que el n\u00famero de equipos agr\u00edcolas pas\u00f3 de 800 en 2025 a mil 800 este a\u00f1o, con una meta de llegar a 2 mil 500 en 2027.<\/p>\n<p class=\"isSelectedEnd\">Puebla cuenta con <strong>m\u00e1s de 20 mil hect\u00e1reas de agave, 250 palenques y una producci\u00f3n superior a 650 mil litros<\/strong>, de acuerdo con la secretaria de Agricultura y Desarrollo Rural, Ana Laura Altamirano P\u00e9rez. La entidad es el segundo estado con mayor superficie de agave y su denominaci\u00f3n de origen aument\u00f3 de 116 a 118 municipios.<\/p>\n<p class=\"isSelectedEnd\">El sector tambi\u00e9n representa una fuente importante de empleo, al generar entre <strong>8 mil 500 y 10 mil puestos de trabajo directos e indirectos<\/strong>. Adem\u00e1s, nueve de cada 10 palenques poblanos pertenecen a peque\u00f1os productores. En 2025, Puebla obtuvo 91 medallas en el Concurso Nacional de Mezcal, de las cuales 52 muestras fueron enviadas al Concurso Mundial de Bruselas.<\/p>\n<p><iframe src=\"\/\/www.youtube.com\/embed\/pn5j0fnp4TM?si=4VAT6KndIgUc0C8K\" width=\"560\" height=\"314\" allowfullscreen=\"allowfullscreen\"><\/iframe><\/p>\n<p class=\"isSelectedEnd\">Durante el encuentro, Armenta anunci\u00f3 la producci\u00f3n de <strong>mil cajas promocionales<\/strong>, cada una integrada por ocho mezcales de los 91 productos ganadores del concurso nacional. Tambi\u00e9n comenz\u00f3 la entrega de apoyos de la estrategia de Impulso al Agave Mezcalero y Pulquero, que este a\u00f1o cuenta con una inversi\u00f3n de <strong>50 millones de pesos<\/strong>. Se entregaron adem\u00e1s reconocimientos a maestros mezcaleros y productores destacados.<\/p>\n<p>El encuentro se desarrolla del <strong>3 al 6 de septiembre en el Centro de Convenciones William O. Jenkins<\/strong>, con representantes de Puebla, Oaxaca, Durango, Guerrero, Guanajuato, Morelos, Estado de M\u00e9xico y Michoac\u00e1n. Los asistentes podr\u00e1n disfrutar de degustaciones, gastronom\u00eda, talleres, ponencias, capacitaci\u00f3n, vinculaci\u00f3n comercial y el Campeonato Nacional de Mixolog\u00eda, en una jornada que busca posicionar al mezcal mexicano y abrir nuevos mercados para los productores.<\/p>\n<p><img fetchpriority=\"high\" decoding=\"async\" class=\"alignnone size-medium wp-image-84285\" src=\"https:\/\/ferabrajan.com\/portal\/wp-content\/uploads\/2026\/09\/Mezcal_poblano_es_orgullo_identidad_y_riqueza_para_sus_comunidades_Armenta_Mier__11-300x200.jpeg\" alt=\"\" width=\"300\" height=\"200\" srcset=\"https:\/\/ferabrajan.com\/portal\/wp-content\/uploads\/2026\/09\/Mezcal_poblano_es_orgullo_identidad_y_riqueza_para_sus_comunidades_Armenta_Mier__11-300x200.jpeg 300w, https:\/\/ferabrajan.com\/portal\/wp-content\/uploads\/2026\/09\/Mezcal_poblano_es_orgullo_identidad_y_riqueza_para_sus_comunidades_Armenta_Mier__11-1024x683.jpeg 1024w, https:\/\/ferabrajan.com\/portal\/wp-content\/uploads\/2026\/09\/Mezcal_poblano_es_orgullo_identidad_y_riqueza_para_sus_comunidades_Armenta_Mier__11-768x512.jpeg 768w, https:\/\/ferabrajan.com\/portal\/wp-content\/uploads\/2026\/09\/Mezcal_poblano_es_orgullo_identidad_y_riqueza_para_sus_comunidades_Armenta_Mier__11.jpeg 1280w\" sizes=\"(max-width: 300px) 100vw, 300px\" \/> <img decoding=\"async\" class=\"alignnone size-medium wp-image-84286\" src=\"https:\/\/ferabrajan.com\/portal\/wp-content\/uploads\/2026\/09\/Mezcal_poblano_es_orgullo_identidad_y_riqueza_para_sus_comunidades_Armenta_Mier__7-300x212.jpeg\" alt=\"\" width=\"300\" height=\"212\" srcset=\"https:\/\/ferabrajan.com\/portal\/wp-content\/uploads\/2026\/09\/Mezcal_poblano_es_orgullo_identidad_y_riqueza_para_sus_comunidades_Armenta_Mier__7-300x212.jpeg 300w, https:\/\/ferabrajan.com\/portal\/wp-content\/uploads\/2026\/09\/Mezcal_poblano_es_orgullo_identidad_y_riqueza_para_sus_comunidades_Armenta_Mier__7-1024x725.jpeg 1024w, https:\/\/ferabrajan.com\/portal\/wp-content\/uploads\/2026\/09\/Mezcal_poblano_es_orgullo_identidad_y_riqueza_para_sus_comunidades_Armenta_Mier__7-768x544.jpeg 768w, https:\/\/ferabrajan.com\/portal\/wp-content\/uploads\/2026\/09\/Mezcal_poblano_es_orgullo_identidad_y_riqueza_para_sus_comunidades_Armenta_Mier__7.jpeg 1280w\" sizes=\"(max-width: 300px) 100vw, 300px\" \/> <img decoding=\"async\" class=\"alignnone size-medium wp-image-84287\" src=\"https:\/\/ferabrajan.com\/portal\/wp-content\/uploads\/2026\/09\/Mezcal_poblano_es_orgullo_identidad_y_riqueza_para_sus_comunidades_Armenta_Mier_1-300x200.jpeg\" alt=\"\" width=\"300\" height=\"200\" srcset=\"https:\/\/ferabrajan.com\/portal\/wp-content\/uploads\/2026\/09\/Mezcal_poblano_es_orgullo_identidad_y_riqueza_para_sus_comunidades_Armenta_Mier_1-300x200.jpeg 300w, https:\/\/ferabrajan.com\/portal\/wp-content\/uploads\/2026\/09\/Mezcal_poblano_es_orgullo_identidad_y_riqueza_para_sus_comunidades_Armenta_Mier_1-1024x683.jpeg 1024w, https:\/\/ferabrajan.com\/portal\/wp-content\/uploads\/2026\/09\/Mezcal_poblano_es_orgullo_identidad_y_riqueza_para_sus_comunidades_Armenta_Mier_1-768x512.jpeg 768w, https:\/\/ferabrajan.com\/portal\/wp-content\/uploads\/2026\/09\/Mezcal_poblano_es_orgullo_identidad_y_riqueza_para_sus_comunidades_Armenta_Mier_1.jpeg 1044w\" sizes=\"(max-width: 300px) 100vw, 300px\" \/><\/p>\n","protected":false},"excerpt":{"rendered":"<p>Puebla, Pue.\u2013 Con la participaci\u00f3n de 300 marcas de ocho estados, inici\u00f3 en Puebla el Segundo Encuentro Nacional del Mezcal Puebla 2026, que re\u00fane durante cuatro d\u00edas a productores, especialistas y consumidores para promover la cultura, tradici\u00f3n y oportunidades comerciales alrededor de esta bebida. El gobernador Alejandro Armenta Mier destac\u00f3 que el mezcal poblano representa identidad, orgullo y una fuente de riqueza para las comunidades productoras. Se\u00f1al\u00f3 que el sector forma parte de la transformaci\u00f3n del campo y que el n\u00famero de equipos agr\u00edcolas pas\u00f3 de 800 en 2025 a mil 800 este a\u00f1o, con una meta de llegar a 2 mil 500 en 2027. Puebla cuenta con m\u00e1s de 20 mil hect\u00e1reas de agave, 250 palenques y una producci\u00f3n superior a 650 mil litros, de acuerdo con la secretaria de Agricultura y Desarrollo Rural, Ana Laura Altamirano P\u00e9rez. La entidad es el segundo estado con mayor superficie de agave y su denominaci\u00f3n de origen aument\u00f3 de 116 a 118 municipios. El sector tambi\u00e9n representa una fuente importante de empleo, al generar entre 8 mil 500 y 10 mil puestos de trabajo directos e indirectos. Adem\u00e1s, nueve de cada 10 palenques poblanos pertenecen a peque\u00f1os productores. En 2025, Puebla obtuvo 91 medallas en el Concurso Nacional de Mezcal, de las cuales 52 muestras fueron enviadas al Concurso Mundial de Bruselas. Durante el encuentro, Armenta anunci\u00f3 la producci\u00f3n de mil cajas promocionales, cada una integrada por ocho mezcales de los 91 productos ganadores del concurso nacional. Tambi\u00e9n comenz\u00f3 la entrega de apoyos de la estrategia de Impulso al Agave Mezcalero y Pulquero, que este a\u00f1o cuenta con una inversi\u00f3n de 50 millones de pesos. Se entregaron adem\u00e1s reconocimientos a maestros mezcaleros y productores destacados. El encuentro se desarrolla del 3 al 6 de septiembre en el Centro de Convenciones William O. Jenkins, con representantes de Puebla, Oaxaca, Durango, Guerrero, Guanajuato, Morelos, Estado de M\u00e9xico y Michoac\u00e1n. Los asistentes podr\u00e1n disfrutar de degustaciones, gastronom\u00eda, talleres, ponencias, capacitaci\u00f3n, vinculaci\u00f3n comercial y el Campeonato Nacional de Mixolog\u00eda, en una jornada que busca posicionar al mezcal mexicano y abrir nuevos mercados para los productores.<\/p>\n","protected":false},"author":4,"featured_media":84287,"comment_status":"closed","ping_status":"closed","sticky":false,"template":"","format":"standard","meta":{"_monsterinsights_skip_tracking":false,"_uf_show_specific_survey":0,"_uf_disable_surveys":false,"footnotes":""},"categories":[585,34],"tags":[4089,5237,5299,5236],"class_list":["post-84284","post","type-post","status-publish","format-standard","has-post-thumbnail","hentry","category-principal","category-puebla","tag-alejandro-armenta-mier","tag-campeonato-nacional-de-mixologia","tag-concurso-nacional-de-mezcal","tag-encuentro-nacional-del-mezcal"],"yoast_head":"<!-- This site is optimized with the Yoast SEO plugin v27.5 - https:\/\/yoast.com\/product\/yoast-seo-wordpress\/ -->\n<title>\u00a1Puebla presume su fuerza mezcalera! M\u00e1s de 20 mil hect\u00e1reas de agave y 650 mil litros de producci\u00f3n - Fer Abrajan<\/title>\n<meta name=\"robots\" content=\"index, follow, max-snippet:-1, max-image-preview:large, max-video-preview:-1\" \/>\n<link rel=\"canonical\" href=\"https:\/\/ferabrajan.com\/portal\/2026\/09\/04\/puebla-presume-su-fuerza-mezcalera-mas-de-20-mil-hectareas-de-agave-y-650-mil-litros-de-produccion\/\" \/>\n<meta property=\"og:locale\" content=\"es_ES\" \/>\n<meta property=\"og:type\" content=\"article\" \/>\n<meta property=\"og:title\" content=\"\u00a1Puebla presume su fuerza mezcalera! M\u00e1s de 20 mil hect\u00e1reas de agave y 650 mil litros de producci\u00f3n - Fer Abrajan\" \/>\n<meta property=\"og:description\" content=\"Puebla, Pue.\u2013 Con la participaci\u00f3n de 300 marcas de ocho estados, inici\u00f3 en Puebla el Segundo Encuentro Nacional del Mezcal Puebla 2026, que re\u00fane durante cuatro d\u00edas a productores, especialistas y consumidores para promover la cultura, tradici\u00f3n y oportunidades comerciales alrededor de esta bebida. El gobernador Alejandro Armenta Mier destac\u00f3 que el mezcal poblano representa identidad, orgullo y una fuente de riqueza para las comunidades productoras. Se\u00f1al\u00f3 que el sector forma parte de la transformaci\u00f3n del campo y que el n\u00famero de equipos agr\u00edcolas pas\u00f3 de 800 en 2025 a mil 800 este a\u00f1o, con una meta de llegar a 2 mil 500 en 2027. Puebla cuenta con m\u00e1s de 20 mil hect\u00e1reas de agave, 250 palenques y una producci\u00f3n superior a 650 mil litros, de acuerdo con la secretaria de Agricultura y Desarrollo Rural, Ana Laura Altamirano P\u00e9rez. La entidad es el segundo estado con mayor superficie de agave y su denominaci\u00f3n de origen aument\u00f3 de 116 a 118 municipios. El sector tambi\u00e9n representa una fuente importante de empleo, al generar entre 8 mil 500 y 10 mil puestos de trabajo directos e indirectos. Adem\u00e1s, nueve de cada 10 palenques poblanos pertenecen a peque\u00f1os productores. En 2025, Puebla obtuvo 91 medallas en el Concurso Nacional de Mezcal, de las cuales 52 muestras fueron enviadas al Concurso Mundial de Bruselas. Durante el encuentro, Armenta anunci\u00f3 la producci\u00f3n de mil cajas promocionales, cada una integrada por ocho mezcales de los 91 productos ganadores del concurso nacional. Tambi\u00e9n comenz\u00f3 la entrega de apoyos de la estrategia de Impulso al Agave Mezcalero y Pulquero, que este a\u00f1o cuenta con una inversi\u00f3n de 50 millones de pesos. Se entregaron adem\u00e1s reconocimientos a maestros mezcaleros y productores destacados. El encuentro se desarrolla del 3 al 6 de septiembre en el Centro de Convenciones William O. Jenkins, con representantes de Puebla, Oaxaca, Durango, Guerrero, Guanajuato, Morelos, Estado de M\u00e9xico y Michoac\u00e1n. Los asistentes podr\u00e1n disfrutar de degustaciones, gastronom\u00eda, talleres, ponencias, capacitaci\u00f3n, vinculaci\u00f3n comercial y el Campeonato Nacional de Mixolog\u00eda, en una jornada que busca posicionar al mezcal mexicano y abrir nuevos mercados para los productores.\" \/>\n<meta property=\"og:url\" content=\"https:\/\/ferabrajan.com\/portal\/2026\/09\/04\/puebla-presume-su-fuerza-mezcalera-mas-de-20-mil-hectareas-de-agave-y-650-mil-litros-de-produccion\/\" \/>\n<meta property=\"og:site_name\" content=\"Fer Abrajan\" \/>\n<meta property=\"article:publisher\" content=\"https:\/\/www.facebook.com\/NoticiasconFerAbrajan\/\" \/>\n<meta property=\"article:published_time\" content=\"2026-09-04T15:17:12+00:00\" \/>\n<meta property=\"og:image\" content=\"https:\/\/ferabrajan.com\/portal\/wp-content\/uploads\/2026\/09\/Mezcal_poblano_es_orgullo_identidad_y_riqueza_para_sus_comunidades_Armenta_Mier_1.jpeg\" \/>\n\t<meta property=\"og:image:width\" content=\"1044\" \/>\n\t<meta property=\"og:image:height\" content=\"696\" \/>\n\t<meta property=\"og:image:type\" content=\"image\/jpeg\" \/>\n<meta name=\"author\" content=\"Ismael Rojas\" \/>\n<meta name=\"twitter:card\" content=\"summary_large_image\" \/>\n<meta name=\"twitter:creator\" content=\"@ferabrajan1\" \/>\n<meta name=\"twitter:site\" content=\"@ferabrajan1\" \/>\n<meta name=\"twitter:label1\" content=\"Escrito por\" \/>\n\t<meta name=\"twitter:data1\" content=\"Ismael Rojas\" \/>\n\t<meta name=\"twitter:label2\" content=\"Tiempo de lectura\" \/>\n\t<meta name=\"twitter:data2\" content=\"3 minutos\" \/>\n<script type=\"application\/ld+json\" class=\"yoast-schema-graph\">{\"@context\":\"https:\\\/\\\/schema.org\",\"@graph\":[{\"@type\":\"Article\",\"@id\":\"https:\\\/\\\/ferabrajan.com\\\/portal\\\/2026\\\/09\\\/04\\\/puebla-presume-su-fuerza-mezcalera-mas-de-20-mil-hectareas-de-agave-y-650-mil-litros-de-produccion\\\/#article\",\"isPartOf\":{\"@id\":\"https:\\\/\\\/ferabrajan.com\\\/portal\\\/2026\\\/09\\\/04\\\/puebla-presume-su-fuerza-mezcalera-mas-de-20-mil-hectareas-de-agave-y-650-mil-litros-de-produccion\\\/\"},\"author\":{\"name\":\"Ismael Rojas\",\"@id\":\"https:\\\/\\\/ferabrajan.com\\\/portal\\\/#\\\/schema\\\/person\\\/83ed4fff5d7e4c8edf481fa39f71acb2\"},\"headline\":\"\u00a1Puebla presume su fuerza mezcalera! M\u00e1s de 20 mil hect\u00e1reas de agave y 650 mil litros de producci\u00f3n\",\"datePublished\":\"2026-09-04T15:17:12+00:00\",\"mainEntityOfPage\":{\"@id\":\"https:\\\/\\\/ferabrajan.com\\\/portal\\\/2026\\\/09\\\/04\\\/puebla-presume-su-fuerza-mezcalera-mas-de-20-mil-hectareas-de-agave-y-650-mil-litros-de-produccion\\\/\"},\"wordCount\":373,\"publisher\":{\"@id\":\"https:\\\/\\\/ferabrajan.com\\\/portal\\\/#organization\"},\"image\":{\"@id\":\"https:\\\/\\\/ferabrajan.com\\\/portal\\\/2026\\\/09\\\/04\\\/puebla-presume-su-fuerza-mezcalera-mas-de-20-mil-hectareas-de-agave-y-650-mil-litros-de-produccion\\\/#primaryimage\"},\"thumbnailUrl\":\"https:\\\/\\\/ferabrajan.com\\\/portal\\\/wp-content\\\/uploads\\\/2026\\\/09\\\/Mezcal_poblano_es_orgullo_identidad_y_riqueza_para_sus_comunidades_Armenta_Mier_1.jpeg\",\"keywords\":[\"Alejandro Armenta Mier\",\"Campeonato Nacional de Mixolog\u00eda\",\"Concurso Nacional de Mezcal\",\"Encuentro Nacional del Mezcal\"],\"articleSection\":[\"Principal\",\"Puebla\"],\"inLanguage\":\"es\"},{\"@type\":\"WebPage\",\"@id\":\"https:\\\/\\\/ferabrajan.com\\\/portal\\\/2026\\\/09\\\/04\\\/puebla-presume-su-fuerza-mezcalera-mas-de-20-mil-hectareas-de-agave-y-650-mil-litros-de-produccion\\\/\",\"url\":\"https:\\\/\\\/ferabrajan.com\\\/portal\\\/2026\\\/09\\\/04\\\/puebla-presume-su-fuerza-mezcalera-mas-de-20-mil-hectareas-de-agave-y-650-mil-litros-de-produccion\\\/\",\"name\":\"\u00a1Puebla presume su fuerza mezcalera! M\u00e1s de 20 mil hect\u00e1reas de agave y 650 mil litros de producci\u00f3n - Fer Abrajan\",\"isPartOf\":{\"@id\":\"https:\\\/\\\/ferabrajan.com\\\/portal\\\/#website\"},\"primaryImageOfPage\":{\"@id\":\"https:\\\/\\\/ferabrajan.com\\\/portal\\\/2026\\\/09\\\/04\\\/puebla-presume-su-fuerza-mezcalera-mas-de-20-mil-hectareas-de-agave-y-650-mil-litros-de-produccion\\\/#primaryimage\"},\"image\":{\"@id\":\"https:\\\/\\\/ferabrajan.com\\\/portal\\\/2026\\\/09\\\/04\\\/puebla-presume-su-fuerza-mezcalera-mas-de-20-mil-hectareas-de-agave-y-650-mil-litros-de-produccion\\\/#primaryimage\"},\"thumbnailUrl\":\"https:\\\/\\\/ferabrajan.com\\\/portal\\\/wp-content\\\/uploads\\\/2026\\\/09\\\/Mezcal_poblano_es_orgullo_identidad_y_riqueza_para_sus_comunidades_Armenta_Mier_1.jpeg\",\"datePublished\":\"2026-09-04T15:17:12+00:00\",\"breadcrumb\":{\"@id\":\"https:\\\/\\\/ferabrajan.com\\\/portal\\\/2026\\\/09\\\/04\\\/puebla-presume-su-fuerza-mezcalera-mas-de-20-mil-hectareas-de-agave-y-650-mil-litros-de-produccion\\\/#breadcrumb\"},\"inLanguage\":\"es\",\"potentialAction\":[{\"@type\":\"ReadAction\",\"target\":[\"https:\\\/\\\/ferabrajan.com\\\/portal\\\/2026\\\/09\\\/04\\\/puebla-presume-su-fuerza-mezcalera-mas-de-20-mil-hectareas-de-agave-y-650-mil-litros-de-produccion\\\/\"]}]},{\"@type\":\"ImageObject\",\"inLanguage\":\"es\",\"@id\":\"https:\\\/\\\/ferabrajan.com\\\/portal\\\/2026\\\/09\\\/04\\\/puebla-presume-su-fuerza-mezcalera-mas-de-20-mil-hectareas-de-agave-y-650-mil-litros-de-produccion\\\/#primaryimage\",\"url\":\"https:\\\/\\\/ferabrajan.com\\\/portal\\\/wp-content\\\/uploads\\\/2026\\\/09\\\/Mezcal_poblano_es_orgullo_identidad_y_riqueza_para_sus_comunidades_Armenta_Mier_1.jpeg\",\"contentUrl\":\"https:\\\/\\\/ferabrajan.com\\\/portal\\\/wp-content\\\/uploads\\\/2026\\\/09\\\/Mezcal_poblano_es_orgullo_identidad_y_riqueza_para_sus_comunidades_Armenta_Mier_1.jpeg\",\"width\":1044,\"height\":696},{\"@type\":\"BreadcrumbList\",\"@id\":\"https:\\\/\\\/ferabrajan.com\\\/portal\\\/2026\\\/09\\\/04\\\/puebla-presume-su-fuerza-mezcalera-mas-de-20-mil-hectareas-de-agave-y-650-mil-litros-de-produccion\\\/#breadcrumb\",\"itemListElement\":[{\"@type\":\"ListItem\",\"position\":1,\"name\":\"Portada\",\"item\":\"https:\\\/\\\/ferabrajan.com\\\/portal\\\/\"},{\"@type\":\"ListItem\",\"position\":2,\"name\":\"\u00a1Puebla presume su fuerza mezcalera! M\u00e1s de 20 mil hect\u00e1reas de agave y 650 mil litros de producci\u00f3n\"}]},{\"@type\":\"WebSite\",\"@id\":\"https:\\\/\\\/ferabrajan.com\\\/portal\\\/#website\",\"url\":\"https:\\\/\\\/ferabrajan.com\\\/portal\\\/\",\"name\":\"Fer Abrajan\",\"description\":\"Noticias de Puebla, opini\u00f3n y radio en vivo\",\"publisher\":{\"@id\":\"https:\\\/\\\/ferabrajan.com\\\/portal\\\/#organization\"},\"potentialAction\":[{\"@type\":\"SearchAction\",\"target\":{\"@type\":\"EntryPoint\",\"urlTemplate\":\"https:\\\/\\\/ferabrajan.com\\\/portal\\\/?s={search_term_string}\"},\"query-input\":{\"@type\":\"PropertyValueSpecification\",\"valueRequired\":true,\"valueName\":\"search_term_string\"}}],\"inLanguage\":\"es\"},{\"@type\":\"Organization\",\"@id\":\"https:\\\/\\\/ferabrajan.com\\\/portal\\\/#organization\",\"name\":\"Fer Abrajan\",\"url\":\"https:\\\/\\\/ferabrajan.com\\\/portal\\\/\",\"logo\":{\"@type\":\"ImageObject\",\"inLanguage\":\"es\",\"@id\":\"https:\\\/\\\/ferabrajan.com\\\/portal\\\/#\\\/schema\\\/logo\\\/image\\\/\",\"url\":\"https:\\\/\\\/ferabrajan.com\\\/portal\\\/wp-content\\\/uploads\\\/2024\\\/10\\\/cropped-logo.jpeg\",\"contentUrl\":\"https:\\\/\\\/ferabrajan.com\\\/portal\\\/wp-content\\\/uploads\\\/2024\\\/10\\\/cropped-logo.jpeg\",\"width\":500,\"height\":250,\"caption\":\"Fer Abrajan\"},\"image\":{\"@id\":\"https:\\\/\\\/ferabrajan.com\\\/portal\\\/#\\\/schema\\\/logo\\\/image\\\/\"},\"sameAs\":[\"https:\\\/\\\/www.facebook.com\\\/NoticiasconFerAbrajan\\\/\",\"https:\\\/\\\/x.com\\\/ferabrajan1\"]},{\"@type\":\"Person\",\"@id\":\"https:\\\/\\\/ferabrajan.com\\\/portal\\\/#\\\/schema\\\/person\\\/83ed4fff5d7e4c8edf481fa39f71acb2\",\"name\":\"Ismael Rojas\",\"image\":{\"@type\":\"ImageObject\",\"inLanguage\":\"es\",\"@id\":\"https:\\\/\\\/secure.gravatar.com\\\/avatar\\\/e4a9cb58548fedeb6143fa536c79b44c34454539235177c55c5819d74963e9d6?s=96&d=mm&r=g\",\"url\":\"https:\\\/\\\/secure.gravatar.com\\\/avatar\\\/e4a9cb58548fedeb6143fa536c79b44c34454539235177c55c5819d74963e9d6?s=96&d=mm&r=g\",\"contentUrl\":\"https:\\\/\\\/secure.gravatar.com\\\/avatar\\\/e4a9cb58548fedeb6143fa536c79b44c34454539235177c55c5819d74963e9d6?s=96&d=mm&r=g\",\"caption\":\"Ismael Rojas\"},\"url\":\"https:\\\/\\\/ferabrajan.com\\\/portal\\\/author\\\/ismael\\\/\"}]}<\/script>\n<!-- \/ Yoast SEO plugin. -->","yoast_head_json":{"title":"\u00a1Puebla presume su fuerza mezcalera! M\u00e1s de 20 mil hect\u00e1reas de agave y 650 mil litros de producci\u00f3n - Fer Abrajan","robots":{"index":"index","follow":"follow","max-snippet":"max-snippet:-1","max-image-preview":"max-image-preview:large","max-video-preview":"max-video-preview:-1"},"canonical":"https:\/\/ferabrajan.com\/portal\/2026\/09\/04\/puebla-presume-su-fuerza-mezcalera-mas-de-20-mil-hectareas-de-agave-y-650-mil-litros-de-produccion\/","og_locale":"es_ES","og_type":"article","og_title":"\u00a1Puebla presume su fuerza mezcalera! M\u00e1s de 20 mil hect\u00e1reas de agave y 650 mil litros de producci\u00f3n - Fer Abrajan","og_description":"Puebla, Pue.\u2013 Con la participaci\u00f3n de 300 marcas de ocho estados, inici\u00f3 en Puebla el Segundo Encuentro Nacional del Mezcal Puebla 2026, que re\u00fane durante cuatro d\u00edas a productores, especialistas y consumidores para promover la cultura, tradici\u00f3n y oportunidades comerciales alrededor de esta bebida. El gobernador Alejandro Armenta Mier destac\u00f3 que el mezcal poblano representa identidad, orgullo y una fuente de riqueza para las comunidades productoras. Se\u00f1al\u00f3 que el sector forma parte de la transformaci\u00f3n del campo y que el n\u00famero de equipos agr\u00edcolas pas\u00f3 de 800 en 2025 a mil 800 este a\u00f1o, con una meta de llegar a 2 mil 500 en 2027. Puebla cuenta con m\u00e1s de 20 mil hect\u00e1reas de agave, 250 palenques y una producci\u00f3n superior a 650 mil litros, de acuerdo con la secretaria de Agricultura y Desarrollo Rural, Ana Laura Altamirano P\u00e9rez. La entidad es el segundo estado con mayor superficie de agave y su denominaci\u00f3n de origen aument\u00f3 de 116 a 118 municipios. El sector tambi\u00e9n representa una fuente importante de empleo, al generar entre 8 mil 500 y 10 mil puestos de trabajo directos e indirectos. Adem\u00e1s, nueve de cada 10 palenques poblanos pertenecen a peque\u00f1os productores. En 2025, Puebla obtuvo 91 medallas en el Concurso Nacional de Mezcal, de las cuales 52 muestras fueron enviadas al Concurso Mundial de Bruselas. Durante el encuentro, Armenta anunci\u00f3 la producci\u00f3n de mil cajas promocionales, cada una integrada por ocho mezcales de los 91 productos ganadores del concurso nacional. Tambi\u00e9n comenz\u00f3 la entrega de apoyos de la estrategia de Impulso al Agave Mezcalero y Pulquero, que este a\u00f1o cuenta con una inversi\u00f3n de 50 millones de pesos. Se entregaron adem\u00e1s reconocimientos a maestros mezcaleros y productores destacados. El encuentro se desarrolla del 3 al 6 de septiembre en el Centro de Convenciones William O. Jenkins, con representantes de Puebla, Oaxaca, Durango, Guerrero, Guanajuato, Morelos, Estado de M\u00e9xico y Michoac\u00e1n. Los asistentes podr\u00e1n disfrutar de degustaciones, gastronom\u00eda, talleres, ponencias, capacitaci\u00f3n, vinculaci\u00f3n comercial y el Campeonato Nacional de Mixolog\u00eda, en una jornada que busca posicionar al mezcal mexicano y abrir nuevos mercados para los productores.","og_url":"https:\/\/ferabrajan.com\/portal\/2026\/09\/04\/puebla-presume-su-fuerza-mezcalera-mas-de-20-mil-hectareas-de-agave-y-650-mil-litros-de-produccion\/","og_site_name":"Fer Abrajan","article_publisher":"https:\/\/www.facebook.com\/NoticiasconFerAbrajan\/","article_published_time":"2026-09-04T15:17:12+00:00","og_image":[{"width":1044,"height":696,"url":"https:\/\/ferabrajan.com\/portal\/wp-content\/uploads\/2026\/09\/Mezcal_poblano_es_orgullo_identidad_y_riqueza_para_sus_comunidades_Armenta_Mier_1.jpeg","type":"image\/jpeg"}],"author":"Ismael Rojas","twitter_card":"summary_large_image","twitter_creator":"@ferabrajan1","twitter_site":"@ferabrajan1","twitter_misc":{"Escrito por":"Ismael Rojas","Tiempo de lectura":"3 minutos"},"schema":{"@context":"https:\/\/schema.org","@graph":[{"@type":"Article","@id":"https:\/\/ferabrajan.com\/portal\/2026\/09\/04\/puebla-presume-su-fuerza-mezcalera-mas-de-20-mil-hectareas-de-agave-y-650-mil-litros-de-produccion\/#article","isPartOf":{"@id":"https:\/\/ferabrajan.com\/portal\/2026\/09\/04\/puebla-presume-su-fuerza-mezcalera-mas-de-20-mil-hectareas-de-agave-y-650-mil-litros-de-produccion\/"},"author":{"name":"Ismael Rojas","@id":"https:\/\/ferabrajan.com\/portal\/#\/schema\/person\/83ed4fff5d7e4c8edf481fa39f71acb2"},"headline":"\u00a1Puebla presume su fuerza mezcalera! M\u00e1s de 20 mil hect\u00e1reas de agave y 650 mil litros de producci\u00f3n","datePublished":"2026-09-04T15:17:12+00:00","mainEntityOfPage":{"@id":"https:\/\/ferabrajan.com\/portal\/2026\/09\/04\/puebla-presume-su-fuerza-mezcalera-mas-de-20-mil-hectareas-de-agave-y-650-mil-litros-de-produccion\/"},"wordCount":373,"publisher":{"@id":"https:\/\/ferabrajan.com\/portal\/#organization"},"image":{"@id":"https:\/\/ferabrajan.com\/portal\/2026\/09\/04\/puebla-presume-su-fuerza-mezcalera-mas-de-20-mil-hectareas-de-agave-y-650-mil-litros-de-produccion\/#primaryimage"},"thumbnailUrl":"https:\/\/ferabrajan.com\/portal\/wp-content\/uploads\/2026\/09\/Mezcal_poblano_es_orgullo_identidad_y_riqueza_para_sus_comunidades_Armenta_Mier_1.jpeg","keywords":["Alejandro Armenta Mier","Campeonato Nacional de Mixolog\u00eda","Concurso Nacional de Mezcal","Encuentro Nacional del Mezcal"],"articleSection":["Principal","Puebla"],"inLanguage":"es"},{"@type":"WebPage","@id":"https:\/\/ferabrajan.com\/portal\/2026\/09\/04\/puebla-presume-su-fuerza-mezcalera-mas-de-20-mil-hectareas-de-agave-y-650-mil-litros-de-produccion\/","url":"https:\/\/ferabrajan.com\/portal\/2026\/09\/04\/puebla-presume-su-fuerza-mezcalera-mas-de-20-mil-hectareas-de-agave-y-650-mil-litros-de-produccion\/","name":"\u00a1Puebla presume su fuerza mezcalera! M\u00e1s de 20 mil hect\u00e1reas de agave y 650 mil litros de producci\u00f3n - Fer Abrajan","isPartOf":{"@id":"https:\/\/ferabrajan.com\/portal\/#website"},"primaryImageOfPage":{"@id":"https:\/\/ferabrajan.com\/portal\/2026\/09\/04\/puebla-presume-su-fuerza-mezcalera-mas-de-20-mil-hectareas-de-agave-y-650-mil-litros-de-produccion\/#primaryimage"},"image":{"@id":"https:\/\/ferabrajan.com\/portal\/2026\/09\/04\/puebla-presume-su-fuerza-mezcalera-mas-de-20-mil-hectareas-de-agave-y-650-mil-litros-de-produccion\/#primaryimage"},"thumbnailUrl":"https:\/\/ferabrajan.com\/portal\/wp-content\/uploads\/2026\/09\/Mezcal_poblano_es_orgullo_identidad_y_riqueza_para_sus_comunidades_Armenta_Mier_1.jpeg","datePublished":"2026-09-04T15:17:12+00:00","breadcrumb":{"@id":"https:\/\/ferabrajan.com\/portal\/2026\/09\/04\/puebla-presume-su-fuerza-mezcalera-mas-de-20-mil-hectareas-de-agave-y-650-mil-litros-de-produccion\/#breadcrumb"},"inLanguage":"es","potentialAction":[{"@type":"ReadAction","target":["https:\/\/ferabrajan.com\/portal\/2026\/09\/04\/puebla-presume-su-fuerza-mezcalera-mas-de-20-mil-hectareas-de-agave-y-650-mil-litros-de-produccion\/"]}]},{"@type":"ImageObject","inLanguage":"es","@id":"https:\/\/ferabrajan.com\/portal\/2026\/09\/04\/puebla-presume-su-fuerza-mezcalera-mas-de-20-mil-hectareas-de-agave-y-650-mil-litros-de-produccion\/#primaryimage","url":"https:\/\/ferabrajan.com\/portal\/wp-content\/uploads\/2026\/09\/Mezcal_poblano_es_orgullo_identidad_y_riqueza_para_sus_comunidades_Armenta_Mier_1.jpeg","contentUrl":"https:\/\/ferabrajan.com\/portal\/wp-content\/uploads\/2026\/09\/Mezcal_poblano_es_orgullo_identidad_y_riqueza_para_sus_comunidades_Armenta_Mier_1.jpeg","width":1044,"height":696},{"@type":"BreadcrumbList","@id":"https:\/\/ferabrajan.com\/portal\/2026\/09\/04\/puebla-presume-su-fuerza-mezcalera-mas-de-20-mil-hectareas-de-agave-y-650-mil-litros-de-produccion\/#breadcrumb","itemListElement":[{"@type":"ListItem","position":1,"name":"Portada","item":"https:\/\/ferabrajan.com\/portal\/"},{"@type":"ListItem","position":2,"name":"\u00a1Puebla presume su fuerza mezcalera! M\u00e1s de 20 mil hect\u00e1reas de agave y 650 mil litros de producci\u00f3n"}]},{"@type":"WebSite","@id":"https:\/\/ferabrajan.com\/portal\/#website","url":"https:\/\/ferabrajan.com\/portal\/","name":"Fer Abrajan","description":"Noticias de Puebla, opini\u00f3n y radio en vivo","publisher":{"@id":"https:\/\/ferabrajan.com\/portal\/#organization"},"potentialAction":[{"@type":"SearchAction","target":{"@type":"EntryPoint","urlTemplate":"https:\/\/ferabrajan.com\/portal\/?s={search_term_string}"},"query-input":{"@type":"PropertyValueSpecification","valueRequired":true,"valueName":"search_term_string"}}],"inLanguage":"es"},{"@type":"Organization","@id":"https:\/\/ferabrajan.com\/portal\/#organization","name":"Fer Abrajan","url":"https:\/\/ferabrajan.com\/portal\/","logo":{"@type":"ImageObject","inLanguage":"es","@id":"https:\/\/ferabrajan.com\/portal\/#\/schema\/logo\/image\/","url":"https:\/\/ferabrajan.com\/portal\/wp-content\/uploads\/2024\/10\/cropped-logo.jpeg","contentUrl":"https:\/\/ferabrajan.com\/portal\/wp-content\/uploads\/2024\/10\/cropped-logo.jpeg","width":500,"height":250,"caption":"Fer Abrajan"},"image":{"@id":"https:\/\/ferabrajan.com\/portal\/#\/schema\/logo\/image\/"},"sameAs":["https:\/\/www.facebook.com\/NoticiasconFerAbrajan\/","https:\/\/x.com\/ferabrajan1"]},{"@type":"Person","@id":"https:\/\/ferabrajan.com\/portal\/#\/schema\/person\/83ed4fff5d7e4c8edf481fa39f71acb2","name":"Ismael Rojas","image":{"@type":"ImageObject","inLanguage":"es","@id":"https:\/\/secure.gravatar.com\/avatar\/e4a9cb58548fedeb6143fa536c79b44c34454539235177c55c5819d74963e9d6?s=96&d=mm&r=g","url":"https:\/\/secure.gravatar.com\/avatar\/e4a9cb58548fedeb6143fa536c79b44c34454539235177c55c5819d74963e9d6?s=96&d=mm&r=g","contentUrl":"https:\/\/secure.gravatar.com\/avatar\/e4a9cb58548fedeb6143fa536c79b44c34454539235177c55c5819d74963e9d6?s=96&d=mm&r=g","caption":"Ismael Rojas"},"url":"https:\/\/ferabrajan.com\/portal\/author\/ismael\/"}]}},"_links":{"self":[{"href":"https:\/\/ferabrajan.com\/portal\/wp-json\/wp\/v2\/posts\/84284","targetHints":{"allow":["GET"]}}],"collection":[{"href":"https:\/\/ferabrajan.com\/portal\/wp-json\/wp\/v2\/posts"}],"about":[{"href":"https:\/\/ferabrajan.com\/portal\/wp-json\/wp\/v2\/types\/post"}],"author":[{"embeddable":true,"href":"https:\/\/ferabrajan.com\/portal\/wp-json\/wp\/v2\/users\/4"}],"replies":[{"embeddable":true,"href":"https:\/\/ferabrajan.com\/portal\/wp-json\/wp\/v2\/comments?post=84284"}],"version-history":[{"count":1,"href":"https:\/\/ferabrajan.com\/portal\/wp-json\/wp\/v2\/posts\/84284\/revisions"}],"predecessor-version":[{"id":84288,"href":"https:\/\/ferabrajan.com\/portal\/wp-json\/wp\/v2\/posts\/84284\/revisions\/84288"}],"wp:featuredmedia":[{"embeddable":true,"href":"https:\/\/ferabrajan.com\/portal\/wp-json\/wp\/v2\/media\/84287"}],"wp:attachment":[{"href":"https:\/\/ferabrajan.com\/portal\/wp-json\/wp\/v2\/media?parent=84284"}],"wp:term":[{"taxonomy":"category","embeddable":true,"href":"https:\/\/ferabrajan.com\/portal\/wp-json\/wp\/v2\/categories?post=84284"},{"taxonomy":"post_tag","embeddable":true,"href":"https:\/\/ferabrajan.com\/portal\/wp-json\/wp\/v2\/tags?post=84284"}],"curies":[{"name":"wp","href":"https:\/\/api.w.org\/{rel}","templated":true}]}}