{"id":84281,"date":"2026-09-04T14:59:21","date_gmt":"2026-09-04T14:59:21","guid":{"rendered":"https:\/\/ferabrajan.com\/portal\/?p=84281"},"modified":"2026-09-04T14:59:21","modified_gmt":"2026-09-04T14:59:21","slug":"trasladan-de-la-ceiba-a-puebla-a-nino-de-5-anos-tras-accidente-en-motocicleta","status":"publish","type":"post","link":"https:\/\/ferabrajan.com\/portal\/2026\/09\/04\/trasladan-de-la-ceiba-a-puebla-a-nino-de-5-anos-tras-accidente-en-motocicleta\/","title":{"rendered":"Trasladan de La Ceiba a Puebla a ni\u00f1o de 5 a\u00f1os tras accidente en motocicleta"},"content":{"rendered":"<p class=\"isSelectedEnd\"><strong>Puebla, Pue.\u2013<\/strong> Un ni\u00f1o de cinco a\u00f1os fue trasladado desde el Hospital Rural \u201cVilla \u00c1vila Camacho\u201d, en <strong>La Ceiba<\/strong>, hacia la ciudad de Puebla, luego de sufrir un accidente en motocicleta que le provoc\u00f3 lesiones que requirieron atenci\u00f3n m\u00e9dica especializada.<\/p>\n<p class=\"isSelectedEnd\">El menor fue movilizado por v\u00eda terrestre a trav\u00e9s del <strong>Sistema de Atenci\u00f3n M\u00e9dica de Urgencias (SAMU)<\/strong>, con apoyo del municipio de Pantepec, para continuar con su atenci\u00f3n en el <strong>Hospital de la Ni\u00f1ez Poblana<\/strong>.<\/p>\n<p class=\"isSelectedEnd\">De acuerdo con el reporte m\u00e9dico, debido a las lesiones derivadas del accidente, el personal del hospital de La Ceiba determin\u00f3 que era necesario trasladarlo a una unidad con capacidad para brindarle atenci\u00f3n especializada.<\/p>\n<p class=\"isSelectedEnd\">La coordinaci\u00f3n entre los Servicios de Salud del Estado y las autoridades municipales permiti\u00f3 realizar el traslado de manera oportuna y segura, con el objetivo de mantener la vigilancia m\u00e9dica del menor y atender sus necesidades espec\u00edficas.<\/p>\n<p>El Gobierno de Puebla destac\u00f3 que continuar\u00e1 trabajando con los municipios para garantizar atenci\u00f3n m\u00e9dica oportuna y de calidad, particularmente para ni\u00f1as y ni\u00f1os que requieran servicios especializados.<\/p>\n","protected":false},"excerpt":{"rendered":"<p>Fue llevado al Hospital de la Ni\u00f1ez Poblana.<\/p>\n","protected":false},"author":3,"featured_media":84282,"comment_status":"closed","ping_status":"closed","sticky":false,"template":"","format":"standard","meta":{"_monsterinsights_skip_tracking":false,"_uf_show_specific_survey":0,"_uf_disable_surveys":false,"footnotes":""},"categories":[34,3434],"tags":[5297,5298,5296],"class_list":["post-84281","post","type-post","status-publish","format-standard","has-post-thumbnail","hentry","category-puebla","category-puebla-3","tag-hospital-rural-villa-avila-camacho","tag-istema-de-atencion-medica-de-urgencias","tag-traslado"],"yoast_head":"<!-- This site is optimized with the Yoast SEO plugin v27.5 - https:\/\/yoast.com\/product\/yoast-seo-wordpress\/ -->\n<title>Trasladan de La Ceiba a Puebla a ni\u00f1o de 5 a\u00f1os tras accidente en motocicleta - Fer Abrajan<\/title>\n<meta name=\"robots\" content=\"index, follow, max-snippet:-1, max-image-preview:large, max-video-preview:-1\" \/>\n<link rel=\"canonical\" href=\"https:\/\/ferabrajan.com\/portal\/2026\/09\/04\/trasladan-de-la-ceiba-a-puebla-a-nino-de-5-anos-tras-accidente-en-motocicleta\/\" \/>\n<meta property=\"og:locale\" content=\"es_ES\" \/>\n<meta property=\"og:type\" content=\"article\" \/>\n<meta property=\"og:title\" content=\"Trasladan de La Ceiba a Puebla a ni\u00f1o de 5 a\u00f1os tras accidente en motocicleta - Fer Abrajan\" \/>\n<meta property=\"og:description\" content=\"Fue llevado al Hospital de la Ni\u00f1ez Poblana.\" \/>\n<meta property=\"og:url\" content=\"https:\/\/ferabrajan.com\/portal\/2026\/09\/04\/trasladan-de-la-ceiba-a-puebla-a-nino-de-5-anos-tras-accidente-en-motocicleta\/\" \/>\n<meta property=\"og:site_name\" content=\"Fer Abrajan\" \/>\n<meta property=\"article:publisher\" content=\"https:\/\/www.facebook.com\/NoticiasconFerAbrajan\/\" \/>\n<meta property=\"article:published_time\" content=\"2026-09-04T14:59:21+00:00\" \/>\n<meta property=\"og:image\" content=\"https:\/\/ferabrajan.com\/portal\/wp-content\/uploads\/2026\/09\/traslado-scaled.jpeg\" \/>\n\t<meta property=\"og:image:width\" content=\"2560\" \/>\n\t<meta property=\"og:image:height\" content=\"1920\" \/>\n\t<meta property=\"og:image:type\" content=\"image\/jpeg\" \/>\n<meta name=\"author\" content=\"Rebeca N\u00fa\u00f1ez\" \/>\n<meta name=\"twitter:card\" content=\"summary_large_image\" \/>\n<meta name=\"twitter:creator\" content=\"@ferabrajan1\" \/>\n<meta name=\"twitter:site\" content=\"@ferabrajan1\" \/>\n<meta name=\"twitter:label1\" content=\"Escrito por\" \/>\n\t<meta name=\"twitter:data1\" content=\"Rebeca N\u00fa\u00f1ez\" \/>\n\t<meta name=\"twitter:label2\" content=\"Tiempo de lectura\" \/>\n\t<meta name=\"twitter:data2\" content=\"1 minuto\" \/>\n<script type=\"application\/ld+json\" class=\"yoast-schema-graph\">{\"@context\":\"https:\\\/\\\/schema.org\",\"@graph\":[{\"@type\":\"Article\",\"@id\":\"https:\\\/\\\/ferabrajan.com\\\/portal\\\/2026\\\/09\\\/04\\\/trasladan-de-la-ceiba-a-puebla-a-nino-de-5-anos-tras-accidente-en-motocicleta\\\/#article\",\"isPartOf\":{\"@id\":\"https:\\\/\\\/ferabrajan.com\\\/portal\\\/2026\\\/09\\\/04\\\/trasladan-de-la-ceiba-a-puebla-a-nino-de-5-anos-tras-accidente-en-motocicleta\\\/\"},\"author\":{\"name\":\"Rebeca N\u00fa\u00f1ez\",\"@id\":\"https:\\\/\\\/ferabrajan.com\\\/portal\\\/#\\\/schema\\\/person\\\/a79364e0091921e733584c4833bc7a50\"},\"headline\":\"Trasladan de La Ceiba a Puebla a ni\u00f1o de 5 a\u00f1os tras accidente en motocicleta\",\"datePublished\":\"2026-09-04T14:59:21+00:00\",\"mainEntityOfPage\":{\"@id\":\"https:\\\/\\\/ferabrajan.com\\\/portal\\\/2026\\\/09\\\/04\\\/trasladan-de-la-ceiba-a-puebla-a-nino-de-5-anos-tras-accidente-en-motocicleta\\\/\"},\"wordCount\":209,\"publisher\":{\"@id\":\"https:\\\/\\\/ferabrajan.com\\\/portal\\\/#organization\"},\"image\":{\"@id\":\"https:\\\/\\\/ferabrajan.com\\\/portal\\\/2026\\\/09\\\/04\\\/trasladan-de-la-ceiba-a-puebla-a-nino-de-5-anos-tras-accidente-en-motocicleta\\\/#primaryimage\"},\"thumbnailUrl\":\"https:\\\/\\\/ferabrajan.com\\\/portal\\\/wp-content\\\/uploads\\\/2026\\\/09\\\/traslado-scaled.jpeg\",\"keywords\":[\"Hospital Rural \u201cVilla \u00c1vila Camacho\u201d\",\"istema de Atenci\u00f3n M\u00e9dica de Urgencias\",\"traslado\"],\"articleSection\":[\"Puebla\",\"Puebla-\"],\"inLanguage\":\"es\"},{\"@type\":\"WebPage\",\"@id\":\"https:\\\/\\\/ferabrajan.com\\\/portal\\\/2026\\\/09\\\/04\\\/trasladan-de-la-ceiba-a-puebla-a-nino-de-5-anos-tras-accidente-en-motocicleta\\\/\",\"url\":\"https:\\\/\\\/ferabrajan.com\\\/portal\\\/2026\\\/09\\\/04\\\/trasladan-de-la-ceiba-a-puebla-a-nino-de-5-anos-tras-accidente-en-motocicleta\\\/\",\"name\":\"Trasladan de La Ceiba a Puebla a ni\u00f1o de 5 a\u00f1os tras accidente en motocicleta - Fer Abrajan\",\"isPartOf\":{\"@id\":\"https:\\\/\\\/ferabrajan.com\\\/portal\\\/#website\"},\"primaryImageOfPage\":{\"@id\":\"https:\\\/\\\/ferabrajan.com\\\/portal\\\/2026\\\/09\\\/04\\\/trasladan-de-la-ceiba-a-puebla-a-nino-de-5-anos-tras-accidente-en-motocicleta\\\/#primaryimage\"},\"image\":{\"@id\":\"https:\\\/\\\/ferabrajan.com\\\/portal\\\/2026\\\/09\\\/04\\\/trasladan-de-la-ceiba-a-puebla-a-nino-de-5-anos-tras-accidente-en-motocicleta\\\/#primaryimage\"},\"thumbnailUrl\":\"https:\\\/\\\/ferabrajan.com\\\/portal\\\/wp-content\\\/uploads\\\/2026\\\/09\\\/traslado-scaled.jpeg\",\"datePublished\":\"2026-09-04T14:59:21+00:00\",\"breadcrumb\":{\"@id\":\"https:\\\/\\\/ferabrajan.com\\\/portal\\\/2026\\\/09\\\/04\\\/trasladan-de-la-ceiba-a-puebla-a-nino-de-5-anos-tras-accidente-en-motocicleta\\\/#breadcrumb\"},\"inLanguage\":\"es\",\"potentialAction\":[{\"@type\":\"ReadAction\",\"target\":[\"https:\\\/\\\/ferabrajan.com\\\/portal\\\/2026\\\/09\\\/04\\\/trasladan-de-la-ceiba-a-puebla-a-nino-de-5-anos-tras-accidente-en-motocicleta\\\/\"]}]},{\"@type\":\"ImageObject\",\"inLanguage\":\"es\",\"@id\":\"https:\\\/\\\/ferabrajan.com\\\/portal\\\/2026\\\/09\\\/04\\\/trasladan-de-la-ceiba-a-puebla-a-nino-de-5-anos-tras-accidente-en-motocicleta\\\/#primaryimage\",\"url\":\"https:\\\/\\\/ferabrajan.com\\\/portal\\\/wp-content\\\/uploads\\\/2026\\\/09\\\/traslado-scaled.jpeg\",\"contentUrl\":\"https:\\\/\\\/ferabrajan.com\\\/portal\\\/wp-content\\\/uploads\\\/2026\\\/09\\\/traslado-scaled.jpeg\",\"width\":2560,\"height\":1920},{\"@type\":\"BreadcrumbList\",\"@id\":\"https:\\\/\\\/ferabrajan.com\\\/portal\\\/2026\\\/09\\\/04\\\/trasladan-de-la-ceiba-a-puebla-a-nino-de-5-anos-tras-accidente-en-motocicleta\\\/#breadcrumb\",\"itemListElement\":[{\"@type\":\"ListItem\",\"position\":1,\"name\":\"Portada\",\"item\":\"https:\\\/\\\/ferabrajan.com\\\/portal\\\/\"},{\"@type\":\"ListItem\",\"position\":2,\"name\":\"Trasladan de La Ceiba a Puebla a ni\u00f1o de 5 a\u00f1os tras accidente en motocicleta\"}]},{\"@type\":\"WebSite\",\"@id\":\"https:\\\/\\\/ferabrajan.com\\\/portal\\\/#website\",\"url\":\"https:\\\/\\\/ferabrajan.com\\\/portal\\\/\",\"name\":\"Fer Abrajan\",\"description\":\"Noticias de Puebla, opini\u00f3n y radio en vivo\",\"publisher\":{\"@id\":\"https:\\\/\\\/ferabrajan.com\\\/portal\\\/#organization\"},\"potentialAction\":[{\"@type\":\"SearchAction\",\"target\":{\"@type\":\"EntryPoint\",\"urlTemplate\":\"https:\\\/\\\/ferabrajan.com\\\/portal\\\/?s={search_term_string}\"},\"query-input\":{\"@type\":\"PropertyValueSpecification\",\"valueRequired\":true,\"valueName\":\"search_term_string\"}}],\"inLanguage\":\"es\"},{\"@type\":\"Organization\",\"@id\":\"https:\\\/\\\/ferabrajan.com\\\/portal\\\/#organization\",\"name\":\"Fer Abrajan\",\"url\":\"https:\\\/\\\/ferabrajan.com\\\/portal\\\/\",\"logo\":{\"@type\":\"ImageObject\",\"inLanguage\":\"es\",\"@id\":\"https:\\\/\\\/ferabrajan.com\\\/portal\\\/#\\\/schema\\\/logo\\\/image\\\/\",\"url\":\"https:\\\/\\\/ferabrajan.com\\\/portal\\\/wp-content\\\/uploads\\\/2024\\\/10\\\/cropped-logo.jpeg\",\"contentUrl\":\"https:\\\/\\\/ferabrajan.com\\\/portal\\\/wp-content\\\/uploads\\\/2024\\\/10\\\/cropped-logo.jpeg\",\"width\":500,\"height\":250,\"caption\":\"Fer Abrajan\"},\"image\":{\"@id\":\"https:\\\/\\\/ferabrajan.com\\\/portal\\\/#\\\/schema\\\/logo\\\/image\\\/\"},\"sameAs\":[\"https:\\\/\\\/www.facebook.com\\\/NoticiasconFerAbrajan\\\/\",\"https:\\\/\\\/x.com\\\/ferabrajan1\"]},{\"@type\":\"Person\",\"@id\":\"https:\\\/\\\/ferabrajan.com\\\/portal\\\/#\\\/schema\\\/person\\\/a79364e0091921e733584c4833bc7a50\",\"name\":\"Rebeca N\u00fa\u00f1ez\",\"image\":{\"@type\":\"ImageObject\",\"inLanguage\":\"es\",\"@id\":\"https:\\\/\\\/secure.gravatar.com\\\/avatar\\\/c9cbf721287e849268cd37eca93cf4be51b2eed9e71c8d0c6825bd912000b74e?s=96&d=mm&r=g\",\"url\":\"https:\\\/\\\/secure.gravatar.com\\\/avatar\\\/c9cbf721287e849268cd37eca93cf4be51b2eed9e71c8d0c6825bd912000b74e?s=96&d=mm&r=g\",\"contentUrl\":\"https:\\\/\\\/secure.gravatar.com\\\/avatar\\\/c9cbf721287e849268cd37eca93cf4be51b2eed9e71c8d0c6825bd912000b74e?s=96&d=mm&r=g\",\"caption\":\"Rebeca N\u00fa\u00f1ez\"},\"url\":\"https:\\\/\\\/ferabrajan.com\\\/portal\\\/author\\\/rebeca\\\/\"}]}<\/script>\n<!-- \/ Yoast SEO plugin. -->","yoast_head_json":{"title":"Trasladan de La Ceiba a Puebla a ni\u00f1o de 5 a\u00f1os tras accidente en motocicleta - Fer Abrajan","robots":{"index":"index","follow":"follow","max-snippet":"max-snippet:-1","max-image-preview":"max-image-preview:large","max-video-preview":"max-video-preview:-1"},"canonical":"https:\/\/ferabrajan.com\/portal\/2026\/09\/04\/trasladan-de-la-ceiba-a-puebla-a-nino-de-5-anos-tras-accidente-en-motocicleta\/","og_locale":"es_ES","og_type":"article","og_title":"Trasladan de La Ceiba a Puebla a ni\u00f1o de 5 a\u00f1os tras accidente en motocicleta - Fer Abrajan","og_description":"Fue llevado al Hospital de la Ni\u00f1ez Poblana.","og_url":"https:\/\/ferabrajan.com\/portal\/2026\/09\/04\/trasladan-de-la-ceiba-a-puebla-a-nino-de-5-anos-tras-accidente-en-motocicleta\/","og_site_name":"Fer Abrajan","article_publisher":"https:\/\/www.facebook.com\/NoticiasconFerAbrajan\/","article_published_time":"2026-09-04T14:59:21+00:00","og_image":[{"width":2560,"height":1920,"url":"https:\/\/ferabrajan.com\/portal\/wp-content\/uploads\/2026\/09\/traslado-scaled.jpeg","type":"image\/jpeg"}],"author":"Rebeca N\u00fa\u00f1ez","twitter_card":"summary_large_image","twitter_creator":"@ferabrajan1","twitter_site":"@ferabrajan1","twitter_misc":{"Escrito por":"Rebeca N\u00fa\u00f1ez","Tiempo de lectura":"1 minuto"},"schema":{"@context":"https:\/\/schema.org","@graph":[{"@type":"Article","@id":"https:\/\/ferabrajan.com\/portal\/2026\/09\/04\/trasladan-de-la-ceiba-a-puebla-a-nino-de-5-anos-tras-accidente-en-motocicleta\/#article","isPartOf":{"@id":"https:\/\/ferabrajan.com\/portal\/2026\/09\/04\/trasladan-de-la-ceiba-a-puebla-a-nino-de-5-anos-tras-accidente-en-motocicleta\/"},"author":{"name":"Rebeca N\u00fa\u00f1ez","@id":"https:\/\/ferabrajan.com\/portal\/#\/schema\/person\/a79364e0091921e733584c4833bc7a50"},"headline":"Trasladan de La Ceiba a Puebla a ni\u00f1o de 5 a\u00f1os tras accidente en motocicleta","datePublished":"2026-09-04T14:59:21+00:00","mainEntityOfPage":{"@id":"https:\/\/ferabrajan.com\/portal\/2026\/09\/04\/trasladan-de-la-ceiba-a-puebla-a-nino-de-5-anos-tras-accidente-en-motocicleta\/"},"wordCount":209,"publisher":{"@id":"https:\/\/ferabrajan.com\/portal\/#organization"},"image":{"@id":"https:\/\/ferabrajan.com\/portal\/2026\/09\/04\/trasladan-de-la-ceiba-a-puebla-a-nino-de-5-anos-tras-accidente-en-motocicleta\/#primaryimage"},"thumbnailUrl":"https:\/\/ferabrajan.com\/portal\/wp-content\/uploads\/2026\/09\/traslado-scaled.jpeg","keywords":["Hospital Rural \u201cVilla \u00c1vila Camacho\u201d","istema de Atenci\u00f3n M\u00e9dica de Urgencias","traslado"],"articleSection":["Puebla","Puebla-"],"inLanguage":"es"},{"@type":"WebPage","@id":"https:\/\/ferabrajan.com\/portal\/2026\/09\/04\/trasladan-de-la-ceiba-a-puebla-a-nino-de-5-anos-tras-accidente-en-motocicleta\/","url":"https:\/\/ferabrajan.com\/portal\/2026\/09\/04\/trasladan-de-la-ceiba-a-puebla-a-nino-de-5-anos-tras-accidente-en-motocicleta\/","name":"Trasladan de La Ceiba a Puebla a ni\u00f1o de 5 a\u00f1os tras accidente en motocicleta - Fer Abrajan","isPartOf":{"@id":"https:\/\/ferabrajan.com\/portal\/#website"},"primaryImageOfPage":{"@id":"https:\/\/ferabrajan.com\/portal\/2026\/09\/04\/trasladan-de-la-ceiba-a-puebla-a-nino-de-5-anos-tras-accidente-en-motocicleta\/#primaryimage"},"image":{"@id":"https:\/\/ferabrajan.com\/portal\/2026\/09\/04\/trasladan-de-la-ceiba-a-puebla-a-nino-de-5-anos-tras-accidente-en-motocicleta\/#primaryimage"},"thumbnailUrl":"https:\/\/ferabrajan.com\/portal\/wp-content\/uploads\/2026\/09\/traslado-scaled.jpeg","datePublished":"2026-09-04T14:59:21+00:00","breadcrumb":{"@id":"https:\/\/ferabrajan.com\/portal\/2026\/09\/04\/trasladan-de-la-ceiba-a-puebla-a-nino-de-5-anos-tras-accidente-en-motocicleta\/#breadcrumb"},"inLanguage":"es","potentialAction":[{"@type":"ReadAction","target":["https:\/\/ferabrajan.com\/portal\/2026\/09\/04\/trasladan-de-la-ceiba-a-puebla-a-nino-de-5-anos-tras-accidente-en-motocicleta\/"]}]},{"@type":"ImageObject","inLanguage":"es","@id":"https:\/\/ferabrajan.com\/portal\/2026\/09\/04\/trasladan-de-la-ceiba-a-puebla-a-nino-de-5-anos-tras-accidente-en-motocicleta\/#primaryimage","url":"https:\/\/ferabrajan.com\/portal\/wp-content\/uploads\/2026\/09\/traslado-scaled.jpeg","contentUrl":"https:\/\/ferabrajan.com\/portal\/wp-content\/uploads\/2026\/09\/traslado-scaled.jpeg","width":2560,"height":1920},{"@type":"BreadcrumbList","@id":"https:\/\/ferabrajan.com\/portal\/2026\/09\/04\/trasladan-de-la-ceiba-a-puebla-a-nino-de-5-anos-tras-accidente-en-motocicleta\/#breadcrumb","itemListElement":[{"@type":"ListItem","position":1,"name":"Portada","item":"https:\/\/ferabrajan.com\/portal\/"},{"@type":"ListItem","position":2,"name":"Trasladan de La Ceiba a Puebla a ni\u00f1o de 5 a\u00f1os tras accidente en motocicleta"}]},{"@type":"WebSite","@id":"https:\/\/ferabrajan.com\/portal\/#website","url":"https:\/\/ferabrajan.com\/portal\/","name":"Fer Abrajan","description":"Noticias de Puebla, opini\u00f3n y radio en vivo","publisher":{"@id":"https:\/\/ferabrajan.com\/portal\/#organization"},"potentialAction":[{"@type":"SearchAction","target":{"@type":"EntryPoint","urlTemplate":"https:\/\/ferabrajan.com\/portal\/?s={search_term_string}"},"query-input":{"@type":"PropertyValueSpecification","valueRequired":true,"valueName":"search_term_string"}}],"inLanguage":"es"},{"@type":"Organization","@id":"https:\/\/ferabrajan.com\/portal\/#organization","name":"Fer Abrajan","url":"https:\/\/ferabrajan.com\/portal\/","logo":{"@type":"ImageObject","inLanguage":"es","@id":"https:\/\/ferabrajan.com\/portal\/#\/schema\/logo\/image\/","url":"https:\/\/ferabrajan.com\/portal\/wp-content\/uploads\/2024\/10\/cropped-logo.jpeg","contentUrl":"https:\/\/ferabrajan.com\/portal\/wp-content\/uploads\/2024\/10\/cropped-logo.jpeg","width":500,"height":250,"caption":"Fer Abrajan"},"image":{"@id":"https:\/\/ferabrajan.com\/portal\/#\/schema\/logo\/image\/"},"sameAs":["https:\/\/www.facebook.com\/NoticiasconFerAbrajan\/","https:\/\/x.com\/ferabrajan1"]},{"@type":"Person","@id":"https:\/\/ferabrajan.com\/portal\/#\/schema\/person\/a79364e0091921e733584c4833bc7a50","name":"Rebeca N\u00fa\u00f1ez","image":{"@type":"ImageObject","inLanguage":"es","@id":"https:\/\/secure.gravatar.com\/avatar\/c9cbf721287e849268cd37eca93cf4be51b2eed9e71c8d0c6825bd912000b74e?s=96&d=mm&r=g","url":"https:\/\/secure.gravatar.com\/avatar\/c9cbf721287e849268cd37eca93cf4be51b2eed9e71c8d0c6825bd912000b74e?s=96&d=mm&r=g","contentUrl":"https:\/\/secure.gravatar.com\/avatar\/c9cbf721287e849268cd37eca93cf4be51b2eed9e71c8d0c6825bd912000b74e?s=96&d=mm&r=g","caption":"Rebeca N\u00fa\u00f1ez"},"url":"https:\/\/ferabrajan.com\/portal\/author\/rebeca\/"}]}},"_links":{"self":[{"href":"https:\/\/ferabrajan.com\/portal\/wp-json\/wp\/v2\/posts\/84281","targetHints":{"allow":["GET"]}}],"collection":[{"href":"https:\/\/ferabrajan.com\/portal\/wp-json\/wp\/v2\/posts"}],"about":[{"href":"https:\/\/ferabrajan.com\/portal\/wp-json\/wp\/v2\/types\/post"}],"author":[{"embeddable":true,"href":"https:\/\/ferabrajan.com\/portal\/wp-json\/wp\/v2\/users\/3"}],"replies":[{"embeddable":true,"href":"https:\/\/ferabrajan.com\/portal\/wp-json\/wp\/v2\/comments?post=84281"}],"version-history":[{"count":1,"href":"https:\/\/ferabrajan.com\/portal\/wp-json\/wp\/v2\/posts\/84281\/revisions"}],"predecessor-version":[{"id":84283,"href":"https:\/\/ferabrajan.com\/portal\/wp-json\/wp\/v2\/posts\/84281\/revisions\/84283"}],"wp:featuredmedia":[{"embeddable":true,"href":"https:\/\/ferabrajan.com\/portal\/wp-json\/wp\/v2\/media\/84282"}],"wp:attachment":[{"href":"https:\/\/ferabrajan.com\/portal\/wp-json\/wp\/v2\/media?parent=84281"}],"wp:term":[{"taxonomy":"category","embeddable":true,"href":"https:\/\/ferabrajan.com\/portal\/wp-json\/wp\/v2\/categories?post=84281"},{"taxonomy":"post_tag","embeddable":true,"href":"https:\/\/ferabrajan.com\/portal\/wp-json\/wp\/v2\/tags?post=84281"}],"curies":[{"name":"wp","href":"https:\/\/api.w.org\/{rel}","templated":true}]}}