{"id":84265,"date":"2026-09-03T15:49:28","date_gmt":"2026-09-03T15:49:28","guid":{"rendered":"https:\/\/ferabrajan.com\/portal\/?p=84265"},"modified":"2026-09-03T15:49:28","modified_gmt":"2026-09-03T15:49:28","slug":"cae-el-amarillo-en-lomas-de-angelopolis-detienen-a-presunto-lider-criminal-ligado-a-los-rusos","status":"publish","type":"post","link":"https:\/\/ferabrajan.com\/portal\/2026\/09\/03\/cae-el-amarillo-en-lomas-de-angelopolis-detienen-a-presunto-lider-criminal-ligado-a-los-rusos\/","title":{"rendered":"\u00a1Cae \u201cEl Amarillo\u201d en Lomas de Angel\u00f3polis! Detienen a presunto l\u00edder criminal ligado a \u201cLos Rusos\u201d"},"content":{"rendered":"<p class=\"isSelectedEnd\"><strong>Puebla, Pue.\u2013<\/strong> En un operativo conjunto realizado en <strong>Lomas de Angel\u00f3polis<\/strong>, fue detenido Gov\u00e9n Ulisses N., alias <strong>\u201cEl Amarillo\u201d o \u201cEl Gob\u00e9n\u201d<\/strong>, identificado como objetivo prioritario y presunto l\u00edder de una c\u00e9lula criminal vinculada con el grupo conocido como \u201cLos Rusos\u201d, con presencia principalmente en Acapulco, Guerrero.<\/p>\n<p class=\"isSelectedEnd\">La captura fue resultado de trabajos de inteligencia e investigaci\u00f3n en los que participaron la Agencia de Investigaci\u00f3n Criminal y la FEMDO de la FGR, la Secretar\u00eda de Seguridad y Protecci\u00f3n Ciudadana y la Secretar\u00eda de Marina, con informaci\u00f3n del Centro Nacional de Inteligencia y coordinaci\u00f3n con autoridades de Puebla y Guerrero.<\/p>\n<p class=\"isSelectedEnd\">De acuerdo con las autoridades, \u201cEl Amarillo\u201d es se\u00f1alado como uno de los principales generadores de violencia de dicha organizaci\u00f3n y estar\u00eda relacionado con delitos como <strong>extorsi\u00f3n, secuestro y privaci\u00f3n ilegal de la libertad, homicidio, as\u00ed como tr\u00e1fico y distribuci\u00f3n de drogas<\/strong>.<\/p>\n<p><img fetchpriority=\"high\" decoding=\"async\" class=\"alignnone size-medium wp-image-84266\" src=\"https:\/\/ferabrajan.com\/portal\/wp-content\/uploads\/2026\/09\/HRSpNvrWAAEmYHv-300x200.jpg\" alt=\"\" width=\"300\" height=\"200\" srcset=\"https:\/\/ferabrajan.com\/portal\/wp-content\/uploads\/2026\/09\/HRSpNvrWAAEmYHv-300x200.jpg 300w, https:\/\/ferabrajan.com\/portal\/wp-content\/uploads\/2026\/09\/HRSpNvrWAAEmYHv-1024x683.jpg 1024w, https:\/\/ferabrajan.com\/portal\/wp-content\/uploads\/2026\/09\/HRSpNvrWAAEmYHv-768x512.jpg 768w, https:\/\/ferabrajan.com\/portal\/wp-content\/uploads\/2026\/09\/HRSpNvrWAAEmYHv-1536x1025.jpg 1536w, https:\/\/ferabrajan.com\/portal\/wp-content\/uploads\/2026\/09\/HRSpNvrWAAEmYHv.jpg 2048w\" sizes=\"(max-width: 300px) 100vw, 300px\" \/> <img decoding=\"async\" class=\"alignnone size-medium wp-image-84267\" src=\"https:\/\/ferabrajan.com\/portal\/wp-content\/uploads\/2026\/09\/HRSpNwPagAARlMC-240x300.jpg\" alt=\"\" width=\"240\" height=\"300\" srcset=\"https:\/\/ferabrajan.com\/portal\/wp-content\/uploads\/2026\/09\/HRSpNwPagAARlMC-240x300.jpg 240w, https:\/\/ferabrajan.com\/portal\/wp-content\/uploads\/2026\/09\/HRSpNwPagAARlMC.jpg 739w\" sizes=\"(max-width: 240px) 100vw, 240px\" \/> <img decoding=\"async\" class=\"alignnone size-medium wp-image-84268\" src=\"https:\/\/ferabrajan.com\/portal\/wp-content\/uploads\/2026\/09\/HRSpNwRacAAM48d-300x225.jpg\" alt=\"\" width=\"300\" height=\"225\" srcset=\"https:\/\/ferabrajan.com\/portal\/wp-content\/uploads\/2026\/09\/HRSpNwRacAAM48d-300x225.jpg 300w, https:\/\/ferabrajan.com\/portal\/wp-content\/uploads\/2026\/09\/HRSpNwRacAAM48d-1024x768.jpg 1024w, https:\/\/ferabrajan.com\/portal\/wp-content\/uploads\/2026\/09\/HRSpNwRacAAM48d-768x576.jpg 768w, https:\/\/ferabrajan.com\/portal\/wp-content\/uploads\/2026\/09\/HRSpNwRacAAM48d-1536x1152.jpg 1536w, https:\/\/ferabrajan.com\/portal\/wp-content\/uploads\/2026\/09\/HRSpNwRacAAM48d.jpg 1600w\" sizes=\"(max-width: 300px) 100vw, 300px\" \/> <img loading=\"lazy\" decoding=\"async\" class=\"alignnone size-medium wp-image-84269\" src=\"https:\/\/ferabrajan.com\/portal\/wp-content\/uploads\/2026\/09\/HRSpNwWbsAAhfXu-300x225.jpg\" alt=\"\" width=\"300\" height=\"225\" srcset=\"https:\/\/ferabrajan.com\/portal\/wp-content\/uploads\/2026\/09\/HRSpNwWbsAAhfXu-300x225.jpg 300w, https:\/\/ferabrajan.com\/portal\/wp-content\/uploads\/2026\/09\/HRSpNwWbsAAhfXu-1024x768.jpg 1024w, https:\/\/ferabrajan.com\/portal\/wp-content\/uploads\/2026\/09\/HRSpNwWbsAAhfXu-768x576.jpg 768w, https:\/\/ferabrajan.com\/portal\/wp-content\/uploads\/2026\/09\/HRSpNwWbsAAhfXu-1536x1152.jpg 1536w, https:\/\/ferabrajan.com\/portal\/wp-content\/uploads\/2026\/09\/HRSpNwWbsAAhfXu.jpg 1600w\" sizes=\"(max-width: 300px) 100vw, 300px\" \/><\/p>\n<p class=\"isSelectedEnd\">Durante el operativo tambi\u00e9n fueron detenidas <strong>dos personas identificadas como sus escoltas<\/strong>. Las autoridades reportaron adem\u00e1s el aseguramiento de <strong>armas, drogas y veh\u00edculos de lujo<\/strong>.<\/p>\n<p class=\"isSelectedEnd\">De manera simult\u00e1nea, contin\u00faan <strong>cateos en distintos puntos de la zona<\/strong> como parte de las investigaciones derivadas de la operaci\u00f3n.<\/p>\n<p>Las autoridades federales reconocieron la coordinaci\u00f3n y apoyo del gobernador de Puebla, <strong>Alejandro Armenta Mier<\/strong>, y de la gobernadora de Guerrero, <strong>Evelyn Salgado Pineda<\/strong>, para el desarrollo del operativo.<\/p>\n","protected":false},"excerpt":{"rendered":"<p>Puebla, Pue.\u2013 En un operativo conjunto realizado en Lomas de Angel\u00f3polis, fue detenido Gov\u00e9n Ulisses N., alias \u201cEl Amarillo\u201d o \u201cEl Gob\u00e9n\u201d, identificado como objetivo prioritario y presunto l\u00edder de una c\u00e9lula criminal vinculada con el grupo conocido como \u201cLos Rusos\u201d, con presencia principalmente en Acapulco, Guerrero. La captura fue resultado de trabajos de inteligencia e investigaci\u00f3n en los que participaron la Agencia de Investigaci\u00f3n Criminal y la FEMDO de la FGR, la Secretar\u00eda de Seguridad y Protecci\u00f3n Ciudadana y la Secretar\u00eda de Marina, con informaci\u00f3n del Centro Nacional de Inteligencia y coordinaci\u00f3n con autoridades de Puebla y Guerrero. De acuerdo con las autoridades, \u201cEl Amarillo\u201d es se\u00f1alado como uno de los principales generadores de violencia de dicha organizaci\u00f3n y estar\u00eda relacionado con delitos como extorsi\u00f3n, secuestro y privaci\u00f3n ilegal de la libertad, homicidio, as\u00ed como tr\u00e1fico y distribuci\u00f3n de drogas. Durante el operativo tambi\u00e9n fueron detenidas dos personas identificadas como sus escoltas. Las autoridades reportaron adem\u00e1s el aseguramiento de armas, drogas y veh\u00edculos de lujo. De manera simult\u00e1nea, contin\u00faan cateos en distintos puntos de la zona como parte de las investigaciones derivadas de la operaci\u00f3n. Las autoridades federales reconocieron la coordinaci\u00f3n y apoyo del gobernador de Puebla, Alejandro Armenta Mier, y de la gobernadora de Guerrero, Evelyn Salgado Pineda, para el desarrollo del operativo.<\/p>\n","protected":false},"author":1,"featured_media":84270,"comment_status":"closed","ping_status":"closed","sticky":false,"template":"","format":"standard","meta":{"_monsterinsights_skip_tracking":false,"_uf_show_specific_survey":0,"_uf_disable_surveys":false,"footnotes":""},"categories":[585,34],"tags":[1273,5228,2396,3799],"class_list":["post-84265","post","type-post","status-publish","format-standard","has-post-thumbnail","hentry","category-principal","category-puebla","tag-fgr","tag-los-rusos","tag-secretaria-de-marina","tag-secretaria-de-seguridad"],"yoast_head":"<!-- This site is optimized with the Yoast SEO plugin v27.5 - https:\/\/yoast.com\/product\/yoast-seo-wordpress\/ -->\n<title>\u00a1Cae \u201cEl Amarillo\u201d en Lomas de Angel\u00f3polis! Detienen a presunto l\u00edder criminal ligado a \u201cLos Rusos\u201d - Fer Abrajan<\/title>\n<meta name=\"robots\" content=\"index, follow, max-snippet:-1, max-image-preview:large, max-video-preview:-1\" \/>\n<link rel=\"canonical\" href=\"https:\/\/ferabrajan.com\/portal\/2026\/09\/03\/cae-el-amarillo-en-lomas-de-angelopolis-detienen-a-presunto-lider-criminal-ligado-a-los-rusos\/\" \/>\n<meta property=\"og:locale\" content=\"es_ES\" \/>\n<meta property=\"og:type\" content=\"article\" \/>\n<meta property=\"og:title\" content=\"\u00a1Cae \u201cEl Amarillo\u201d en Lomas de Angel\u00f3polis! Detienen a presunto l\u00edder criminal ligado a \u201cLos Rusos\u201d - Fer Abrajan\" \/>\n<meta property=\"og:description\" content=\"Puebla, Pue.\u2013 En un operativo conjunto realizado en Lomas de Angel\u00f3polis, fue detenido Gov\u00e9n Ulisses N., alias \u201cEl Amarillo\u201d o \u201cEl Gob\u00e9n\u201d, identificado como objetivo prioritario y presunto l\u00edder de una c\u00e9lula criminal vinculada con el grupo conocido como \u201cLos Rusos\u201d, con presencia principalmente en Acapulco, Guerrero. La captura fue resultado de trabajos de inteligencia e investigaci\u00f3n en los que participaron la Agencia de Investigaci\u00f3n Criminal y la FEMDO de la FGR, la Secretar\u00eda de Seguridad y Protecci\u00f3n Ciudadana y la Secretar\u00eda de Marina, con informaci\u00f3n del Centro Nacional de Inteligencia y coordinaci\u00f3n con autoridades de Puebla y Guerrero. De acuerdo con las autoridades, \u201cEl Amarillo\u201d es se\u00f1alado como uno de los principales generadores de violencia de dicha organizaci\u00f3n y estar\u00eda relacionado con delitos como extorsi\u00f3n, secuestro y privaci\u00f3n ilegal de la libertad, homicidio, as\u00ed como tr\u00e1fico y distribuci\u00f3n de drogas. Durante el operativo tambi\u00e9n fueron detenidas dos personas identificadas como sus escoltas. Las autoridades reportaron adem\u00e1s el aseguramiento de armas, drogas y veh\u00edculos de lujo. De manera simult\u00e1nea, contin\u00faan cateos en distintos puntos de la zona como parte de las investigaciones derivadas de la operaci\u00f3n. Las autoridades federales reconocieron la coordinaci\u00f3n y apoyo del gobernador de Puebla, Alejandro Armenta Mier, y de la gobernadora de Guerrero, Evelyn Salgado Pineda, para el desarrollo del operativo.\" \/>\n<meta property=\"og:url\" content=\"https:\/\/ferabrajan.com\/portal\/2026\/09\/03\/cae-el-amarillo-en-lomas-de-angelopolis-detienen-a-presunto-lider-criminal-ligado-a-los-rusos\/\" \/>\n<meta property=\"og:site_name\" content=\"Fer Abrajan\" \/>\n<meta property=\"article:publisher\" content=\"https:\/\/www.facebook.com\/NoticiasconFerAbrajan\/\" \/>\n<meta property=\"article:published_time\" content=\"2026-09-03T15:49:28+00:00\" \/>\n<meta property=\"og:image\" content=\"https:\/\/ferabrajan.com\/portal\/wp-content\/uploads\/2026\/09\/Fotos-sitio-web-FER.jpg\" \/>\n\t<meta property=\"og:image:width\" content=\"1024\" \/>\n\t<meta property=\"og:image:height\" content=\"683\" \/>\n\t<meta property=\"og:image:type\" content=\"image\/jpeg\" \/>\n<meta name=\"author\" content=\"admin\" \/>\n<meta name=\"twitter:card\" content=\"summary_large_image\" \/>\n<meta name=\"twitter:creator\" content=\"@ferabrajan1\" \/>\n<meta name=\"twitter:site\" content=\"@ferabrajan1\" \/>\n<meta name=\"twitter:label1\" content=\"Escrito por\" \/>\n\t<meta name=\"twitter:data1\" content=\"admin\" \/>\n\t<meta name=\"twitter:label2\" content=\"Tiempo de lectura\" \/>\n\t<meta name=\"twitter:data2\" content=\"2 minutos\" \/>\n<script type=\"application\/ld+json\" class=\"yoast-schema-graph\">{\"@context\":\"https:\\\/\\\/schema.org\",\"@graph\":[{\"@type\":\"Article\",\"@id\":\"https:\\\/\\\/ferabrajan.com\\\/portal\\\/2026\\\/09\\\/03\\\/cae-el-amarillo-en-lomas-de-angelopolis-detienen-a-presunto-lider-criminal-ligado-a-los-rusos\\\/#article\",\"isPartOf\":{\"@id\":\"https:\\\/\\\/ferabrajan.com\\\/portal\\\/2026\\\/09\\\/03\\\/cae-el-amarillo-en-lomas-de-angelopolis-detienen-a-presunto-lider-criminal-ligado-a-los-rusos\\\/\"},\"author\":{\"name\":\"admin\",\"@id\":\"https:\\\/\\\/ferabrajan.com\\\/portal\\\/#\\\/schema\\\/person\\\/f6113b3cb1e036d5c6a9505685b257ba\"},\"headline\":\"\u00a1Cae \u201cEl Amarillo\u201d en Lomas de Angel\u00f3polis! Detienen a presunto l\u00edder criminal ligado a \u201cLos Rusos\u201d\",\"datePublished\":\"2026-09-03T15:49:28+00:00\",\"mainEntityOfPage\":{\"@id\":\"https:\\\/\\\/ferabrajan.com\\\/portal\\\/2026\\\/09\\\/03\\\/cae-el-amarillo-en-lomas-de-angelopolis-detienen-a-presunto-lider-criminal-ligado-a-los-rusos\\\/\"},\"wordCount\":259,\"publisher\":{\"@id\":\"https:\\\/\\\/ferabrajan.com\\\/portal\\\/#organization\"},\"image\":{\"@id\":\"https:\\\/\\\/ferabrajan.com\\\/portal\\\/2026\\\/09\\\/03\\\/cae-el-amarillo-en-lomas-de-angelopolis-detienen-a-presunto-lider-criminal-ligado-a-los-rusos\\\/#primaryimage\"},\"thumbnailUrl\":\"https:\\\/\\\/ferabrajan.com\\\/portal\\\/wp-content\\\/uploads\\\/2026\\\/09\\\/Fotos-sitio-web-FER.jpg\",\"keywords\":[\"FGR\",\"Los Rusos\",\"Secretar\u00eda de Marina\",\"Secretar\u00eda de Seguridad\"],\"articleSection\":[\"Principal\",\"Puebla\"],\"inLanguage\":\"es\"},{\"@type\":\"WebPage\",\"@id\":\"https:\\\/\\\/ferabrajan.com\\\/portal\\\/2026\\\/09\\\/03\\\/cae-el-amarillo-en-lomas-de-angelopolis-detienen-a-presunto-lider-criminal-ligado-a-los-rusos\\\/\",\"url\":\"https:\\\/\\\/ferabrajan.com\\\/portal\\\/2026\\\/09\\\/03\\\/cae-el-amarillo-en-lomas-de-angelopolis-detienen-a-presunto-lider-criminal-ligado-a-los-rusos\\\/\",\"name\":\"\u00a1Cae \u201cEl Amarillo\u201d en Lomas de Angel\u00f3polis! Detienen a presunto l\u00edder criminal ligado a \u201cLos Rusos\u201d - Fer Abrajan\",\"isPartOf\":{\"@id\":\"https:\\\/\\\/ferabrajan.com\\\/portal\\\/#website\"},\"primaryImageOfPage\":{\"@id\":\"https:\\\/\\\/ferabrajan.com\\\/portal\\\/2026\\\/09\\\/03\\\/cae-el-amarillo-en-lomas-de-angelopolis-detienen-a-presunto-lider-criminal-ligado-a-los-rusos\\\/#primaryimage\"},\"image\":{\"@id\":\"https:\\\/\\\/ferabrajan.com\\\/portal\\\/2026\\\/09\\\/03\\\/cae-el-amarillo-en-lomas-de-angelopolis-detienen-a-presunto-lider-criminal-ligado-a-los-rusos\\\/#primaryimage\"},\"thumbnailUrl\":\"https:\\\/\\\/ferabrajan.com\\\/portal\\\/wp-content\\\/uploads\\\/2026\\\/09\\\/Fotos-sitio-web-FER.jpg\",\"datePublished\":\"2026-09-03T15:49:28+00:00\",\"breadcrumb\":{\"@id\":\"https:\\\/\\\/ferabrajan.com\\\/portal\\\/2026\\\/09\\\/03\\\/cae-el-amarillo-en-lomas-de-angelopolis-detienen-a-presunto-lider-criminal-ligado-a-los-rusos\\\/#breadcrumb\"},\"inLanguage\":\"es\",\"potentialAction\":[{\"@type\":\"ReadAction\",\"target\":[\"https:\\\/\\\/ferabrajan.com\\\/portal\\\/2026\\\/09\\\/03\\\/cae-el-amarillo-en-lomas-de-angelopolis-detienen-a-presunto-lider-criminal-ligado-a-los-rusos\\\/\"]}]},{\"@type\":\"ImageObject\",\"inLanguage\":\"es\",\"@id\":\"https:\\\/\\\/ferabrajan.com\\\/portal\\\/2026\\\/09\\\/03\\\/cae-el-amarillo-en-lomas-de-angelopolis-detienen-a-presunto-lider-criminal-ligado-a-los-rusos\\\/#primaryimage\",\"url\":\"https:\\\/\\\/ferabrajan.com\\\/portal\\\/wp-content\\\/uploads\\\/2026\\\/09\\\/Fotos-sitio-web-FER.jpg\",\"contentUrl\":\"https:\\\/\\\/ferabrajan.com\\\/portal\\\/wp-content\\\/uploads\\\/2026\\\/09\\\/Fotos-sitio-web-FER.jpg\",\"width\":1024,\"height\":683},{\"@type\":\"BreadcrumbList\",\"@id\":\"https:\\\/\\\/ferabrajan.com\\\/portal\\\/2026\\\/09\\\/03\\\/cae-el-amarillo-en-lomas-de-angelopolis-detienen-a-presunto-lider-criminal-ligado-a-los-rusos\\\/#breadcrumb\",\"itemListElement\":[{\"@type\":\"ListItem\",\"position\":1,\"name\":\"Portada\",\"item\":\"https:\\\/\\\/ferabrajan.com\\\/portal\\\/\"},{\"@type\":\"ListItem\",\"position\":2,\"name\":\"\u00a1Cae \u201cEl Amarillo\u201d en Lomas de Angel\u00f3polis! Detienen a presunto l\u00edder criminal ligado a \u201cLos Rusos\u201d\"}]},{\"@type\":\"WebSite\",\"@id\":\"https:\\\/\\\/ferabrajan.com\\\/portal\\\/#website\",\"url\":\"https:\\\/\\\/ferabrajan.com\\\/portal\\\/\",\"name\":\"Fer Abrajan\",\"description\":\"Noticias de Puebla, opini\u00f3n y radio en vivo\",\"publisher\":{\"@id\":\"https:\\\/\\\/ferabrajan.com\\\/portal\\\/#organization\"},\"potentialAction\":[{\"@type\":\"SearchAction\",\"target\":{\"@type\":\"EntryPoint\",\"urlTemplate\":\"https:\\\/\\\/ferabrajan.com\\\/portal\\\/?s={search_term_string}\"},\"query-input\":{\"@type\":\"PropertyValueSpecification\",\"valueRequired\":true,\"valueName\":\"search_term_string\"}}],\"inLanguage\":\"es\"},{\"@type\":\"Organization\",\"@id\":\"https:\\\/\\\/ferabrajan.com\\\/portal\\\/#organization\",\"name\":\"Fer Abrajan\",\"url\":\"https:\\\/\\\/ferabrajan.com\\\/portal\\\/\",\"logo\":{\"@type\":\"ImageObject\",\"inLanguage\":\"es\",\"@id\":\"https:\\\/\\\/ferabrajan.com\\\/portal\\\/#\\\/schema\\\/logo\\\/image\\\/\",\"url\":\"https:\\\/\\\/ferabrajan.com\\\/portal\\\/wp-content\\\/uploads\\\/2024\\\/10\\\/cropped-logo.jpeg\",\"contentUrl\":\"https:\\\/\\\/ferabrajan.com\\\/portal\\\/wp-content\\\/uploads\\\/2024\\\/10\\\/cropped-logo.jpeg\",\"width\":500,\"height\":250,\"caption\":\"Fer Abrajan\"},\"image\":{\"@id\":\"https:\\\/\\\/ferabrajan.com\\\/portal\\\/#\\\/schema\\\/logo\\\/image\\\/\"},\"sameAs\":[\"https:\\\/\\\/www.facebook.com\\\/NoticiasconFerAbrajan\\\/\",\"https:\\\/\\\/x.com\\\/ferabrajan1\"]},{\"@type\":\"Person\",\"@id\":\"https:\\\/\\\/ferabrajan.com\\\/portal\\\/#\\\/schema\\\/person\\\/f6113b3cb1e036d5c6a9505685b257ba\",\"name\":\"admin\",\"image\":{\"@type\":\"ImageObject\",\"inLanguage\":\"es\",\"@id\":\"https:\\\/\\\/secure.gravatar.com\\\/avatar\\\/072baa72775aad53c748dfc5d3048578e01b6c087eef335459ebfa04344e2d18?s=96&d=mm&r=g\",\"url\":\"https:\\\/\\\/secure.gravatar.com\\\/avatar\\\/072baa72775aad53c748dfc5d3048578e01b6c087eef335459ebfa04344e2d18?s=96&d=mm&r=g\",\"contentUrl\":\"https:\\\/\\\/secure.gravatar.com\\\/avatar\\\/072baa72775aad53c748dfc5d3048578e01b6c087eef335459ebfa04344e2d18?s=96&d=mm&r=g\",\"caption\":\"admin\"},\"sameAs\":[\"https:\\\/\\\/ferabrajan.com\\\/portal\"],\"url\":\"https:\\\/\\\/ferabrajan.com\\\/portal\\\/author\\\/admin\\\/\"}]}<\/script>\n<!-- \/ Yoast SEO plugin. -->","yoast_head_json":{"title":"\u00a1Cae \u201cEl Amarillo\u201d en Lomas de Angel\u00f3polis! Detienen a presunto l\u00edder criminal ligado a \u201cLos Rusos\u201d - Fer Abrajan","robots":{"index":"index","follow":"follow","max-snippet":"max-snippet:-1","max-image-preview":"max-image-preview:large","max-video-preview":"max-video-preview:-1"},"canonical":"https:\/\/ferabrajan.com\/portal\/2026\/09\/03\/cae-el-amarillo-en-lomas-de-angelopolis-detienen-a-presunto-lider-criminal-ligado-a-los-rusos\/","og_locale":"es_ES","og_type":"article","og_title":"\u00a1Cae \u201cEl Amarillo\u201d en Lomas de Angel\u00f3polis! Detienen a presunto l\u00edder criminal ligado a \u201cLos Rusos\u201d - Fer Abrajan","og_description":"Puebla, Pue.\u2013 En un operativo conjunto realizado en Lomas de Angel\u00f3polis, fue detenido Gov\u00e9n Ulisses N., alias \u201cEl Amarillo\u201d o \u201cEl Gob\u00e9n\u201d, identificado como objetivo prioritario y presunto l\u00edder de una c\u00e9lula criminal vinculada con el grupo conocido como \u201cLos Rusos\u201d, con presencia principalmente en Acapulco, Guerrero. La captura fue resultado de trabajos de inteligencia e investigaci\u00f3n en los que participaron la Agencia de Investigaci\u00f3n Criminal y la FEMDO de la FGR, la Secretar\u00eda de Seguridad y Protecci\u00f3n Ciudadana y la Secretar\u00eda de Marina, con informaci\u00f3n del Centro Nacional de Inteligencia y coordinaci\u00f3n con autoridades de Puebla y Guerrero. De acuerdo con las autoridades, \u201cEl Amarillo\u201d es se\u00f1alado como uno de los principales generadores de violencia de dicha organizaci\u00f3n y estar\u00eda relacionado con delitos como extorsi\u00f3n, secuestro y privaci\u00f3n ilegal de la libertad, homicidio, as\u00ed como tr\u00e1fico y distribuci\u00f3n de drogas. Durante el operativo tambi\u00e9n fueron detenidas dos personas identificadas como sus escoltas. Las autoridades reportaron adem\u00e1s el aseguramiento de armas, drogas y veh\u00edculos de lujo. De manera simult\u00e1nea, contin\u00faan cateos en distintos puntos de la zona como parte de las investigaciones derivadas de la operaci\u00f3n. Las autoridades federales reconocieron la coordinaci\u00f3n y apoyo del gobernador de Puebla, Alejandro Armenta Mier, y de la gobernadora de Guerrero, Evelyn Salgado Pineda, para el desarrollo del operativo.","og_url":"https:\/\/ferabrajan.com\/portal\/2026\/09\/03\/cae-el-amarillo-en-lomas-de-angelopolis-detienen-a-presunto-lider-criminal-ligado-a-los-rusos\/","og_site_name":"Fer Abrajan","article_publisher":"https:\/\/www.facebook.com\/NoticiasconFerAbrajan\/","article_published_time":"2026-09-03T15:49:28+00:00","og_image":[{"width":1024,"height":683,"url":"https:\/\/ferabrajan.com\/portal\/wp-content\/uploads\/2026\/09\/Fotos-sitio-web-FER.jpg","type":"image\/jpeg"}],"author":"admin","twitter_card":"summary_large_image","twitter_creator":"@ferabrajan1","twitter_site":"@ferabrajan1","twitter_misc":{"Escrito por":"admin","Tiempo de lectura":"2 minutos"},"schema":{"@context":"https:\/\/schema.org","@graph":[{"@type":"Article","@id":"https:\/\/ferabrajan.com\/portal\/2026\/09\/03\/cae-el-amarillo-en-lomas-de-angelopolis-detienen-a-presunto-lider-criminal-ligado-a-los-rusos\/#article","isPartOf":{"@id":"https:\/\/ferabrajan.com\/portal\/2026\/09\/03\/cae-el-amarillo-en-lomas-de-angelopolis-detienen-a-presunto-lider-criminal-ligado-a-los-rusos\/"},"author":{"name":"admin","@id":"https:\/\/ferabrajan.com\/portal\/#\/schema\/person\/f6113b3cb1e036d5c6a9505685b257ba"},"headline":"\u00a1Cae \u201cEl Amarillo\u201d en Lomas de Angel\u00f3polis! Detienen a presunto l\u00edder criminal ligado a \u201cLos Rusos\u201d","datePublished":"2026-09-03T15:49:28+00:00","mainEntityOfPage":{"@id":"https:\/\/ferabrajan.com\/portal\/2026\/09\/03\/cae-el-amarillo-en-lomas-de-angelopolis-detienen-a-presunto-lider-criminal-ligado-a-los-rusos\/"},"wordCount":259,"publisher":{"@id":"https:\/\/ferabrajan.com\/portal\/#organization"},"image":{"@id":"https:\/\/ferabrajan.com\/portal\/2026\/09\/03\/cae-el-amarillo-en-lomas-de-angelopolis-detienen-a-presunto-lider-criminal-ligado-a-los-rusos\/#primaryimage"},"thumbnailUrl":"https:\/\/ferabrajan.com\/portal\/wp-content\/uploads\/2026\/09\/Fotos-sitio-web-FER.jpg","keywords":["FGR","Los Rusos","Secretar\u00eda de Marina","Secretar\u00eda de Seguridad"],"articleSection":["Principal","Puebla"],"inLanguage":"es"},{"@type":"WebPage","@id":"https:\/\/ferabrajan.com\/portal\/2026\/09\/03\/cae-el-amarillo-en-lomas-de-angelopolis-detienen-a-presunto-lider-criminal-ligado-a-los-rusos\/","url":"https:\/\/ferabrajan.com\/portal\/2026\/09\/03\/cae-el-amarillo-en-lomas-de-angelopolis-detienen-a-presunto-lider-criminal-ligado-a-los-rusos\/","name":"\u00a1Cae \u201cEl Amarillo\u201d en Lomas de Angel\u00f3polis! Detienen a presunto l\u00edder criminal ligado a \u201cLos Rusos\u201d - Fer Abrajan","isPartOf":{"@id":"https:\/\/ferabrajan.com\/portal\/#website"},"primaryImageOfPage":{"@id":"https:\/\/ferabrajan.com\/portal\/2026\/09\/03\/cae-el-amarillo-en-lomas-de-angelopolis-detienen-a-presunto-lider-criminal-ligado-a-los-rusos\/#primaryimage"},"image":{"@id":"https:\/\/ferabrajan.com\/portal\/2026\/09\/03\/cae-el-amarillo-en-lomas-de-angelopolis-detienen-a-presunto-lider-criminal-ligado-a-los-rusos\/#primaryimage"},"thumbnailUrl":"https:\/\/ferabrajan.com\/portal\/wp-content\/uploads\/2026\/09\/Fotos-sitio-web-FER.jpg","datePublished":"2026-09-03T15:49:28+00:00","breadcrumb":{"@id":"https:\/\/ferabrajan.com\/portal\/2026\/09\/03\/cae-el-amarillo-en-lomas-de-angelopolis-detienen-a-presunto-lider-criminal-ligado-a-los-rusos\/#breadcrumb"},"inLanguage":"es","potentialAction":[{"@type":"ReadAction","target":["https:\/\/ferabrajan.com\/portal\/2026\/09\/03\/cae-el-amarillo-en-lomas-de-angelopolis-detienen-a-presunto-lider-criminal-ligado-a-los-rusos\/"]}]},{"@type":"ImageObject","inLanguage":"es","@id":"https:\/\/ferabrajan.com\/portal\/2026\/09\/03\/cae-el-amarillo-en-lomas-de-angelopolis-detienen-a-presunto-lider-criminal-ligado-a-los-rusos\/#primaryimage","url":"https:\/\/ferabrajan.com\/portal\/wp-content\/uploads\/2026\/09\/Fotos-sitio-web-FER.jpg","contentUrl":"https:\/\/ferabrajan.com\/portal\/wp-content\/uploads\/2026\/09\/Fotos-sitio-web-FER.jpg","width":1024,"height":683},{"@type":"BreadcrumbList","@id":"https:\/\/ferabrajan.com\/portal\/2026\/09\/03\/cae-el-amarillo-en-lomas-de-angelopolis-detienen-a-presunto-lider-criminal-ligado-a-los-rusos\/#breadcrumb","itemListElement":[{"@type":"ListItem","position":1,"name":"Portada","item":"https:\/\/ferabrajan.com\/portal\/"},{"@type":"ListItem","position":2,"name":"\u00a1Cae \u201cEl Amarillo\u201d en Lomas de Angel\u00f3polis! Detienen a presunto l\u00edder criminal ligado a \u201cLos Rusos\u201d"}]},{"@type":"WebSite","@id":"https:\/\/ferabrajan.com\/portal\/#website","url":"https:\/\/ferabrajan.com\/portal\/","name":"Fer Abrajan","description":"Noticias de Puebla, opini\u00f3n y radio en vivo","publisher":{"@id":"https:\/\/ferabrajan.com\/portal\/#organization"},"potentialAction":[{"@type":"SearchAction","target":{"@type":"EntryPoint","urlTemplate":"https:\/\/ferabrajan.com\/portal\/?s={search_term_string}"},"query-input":{"@type":"PropertyValueSpecification","valueRequired":true,"valueName":"search_term_string"}}],"inLanguage":"es"},{"@type":"Organization","@id":"https:\/\/ferabrajan.com\/portal\/#organization","name":"Fer Abrajan","url":"https:\/\/ferabrajan.com\/portal\/","logo":{"@type":"ImageObject","inLanguage":"es","@id":"https:\/\/ferabrajan.com\/portal\/#\/schema\/logo\/image\/","url":"https:\/\/ferabrajan.com\/portal\/wp-content\/uploads\/2024\/10\/cropped-logo.jpeg","contentUrl":"https:\/\/ferabrajan.com\/portal\/wp-content\/uploads\/2024\/10\/cropped-logo.jpeg","width":500,"height":250,"caption":"Fer Abrajan"},"image":{"@id":"https:\/\/ferabrajan.com\/portal\/#\/schema\/logo\/image\/"},"sameAs":["https:\/\/www.facebook.com\/NoticiasconFerAbrajan\/","https:\/\/x.com\/ferabrajan1"]},{"@type":"Person","@id":"https:\/\/ferabrajan.com\/portal\/#\/schema\/person\/f6113b3cb1e036d5c6a9505685b257ba","name":"admin","image":{"@type":"ImageObject","inLanguage":"es","@id":"https:\/\/secure.gravatar.com\/avatar\/072baa72775aad53c748dfc5d3048578e01b6c087eef335459ebfa04344e2d18?s=96&d=mm&r=g","url":"https:\/\/secure.gravatar.com\/avatar\/072baa72775aad53c748dfc5d3048578e01b6c087eef335459ebfa04344e2d18?s=96&d=mm&r=g","contentUrl":"https:\/\/secure.gravatar.com\/avatar\/072baa72775aad53c748dfc5d3048578e01b6c087eef335459ebfa04344e2d18?s=96&d=mm&r=g","caption":"admin"},"sameAs":["https:\/\/ferabrajan.com\/portal"],"url":"https:\/\/ferabrajan.com\/portal\/author\/admin\/"}]}},"_links":{"self":[{"href":"https:\/\/ferabrajan.com\/portal\/wp-json\/wp\/v2\/posts\/84265","targetHints":{"allow":["GET"]}}],"collection":[{"href":"https:\/\/ferabrajan.com\/portal\/wp-json\/wp\/v2\/posts"}],"about":[{"href":"https:\/\/ferabrajan.com\/portal\/wp-json\/wp\/v2\/types\/post"}],"author":[{"embeddable":true,"href":"https:\/\/ferabrajan.com\/portal\/wp-json\/wp\/v2\/users\/1"}],"replies":[{"embeddable":true,"href":"https:\/\/ferabrajan.com\/portal\/wp-json\/wp\/v2\/comments?post=84265"}],"version-history":[{"count":1,"href":"https:\/\/ferabrajan.com\/portal\/wp-json\/wp\/v2\/posts\/84265\/revisions"}],"predecessor-version":[{"id":84271,"href":"https:\/\/ferabrajan.com\/portal\/wp-json\/wp\/v2\/posts\/84265\/revisions\/84271"}],"wp:featuredmedia":[{"embeddable":true,"href":"https:\/\/ferabrajan.com\/portal\/wp-json\/wp\/v2\/media\/84270"}],"wp:attachment":[{"href":"https:\/\/ferabrajan.com\/portal\/wp-json\/wp\/v2\/media?parent=84265"}],"wp:term":[{"taxonomy":"category","embeddable":true,"href":"https:\/\/ferabrajan.com\/portal\/wp-json\/wp\/v2\/categories?post=84265"},{"taxonomy":"post_tag","embeddable":true,"href":"https:\/\/ferabrajan.com\/portal\/wp-json\/wp\/v2\/tags?post=84265"}],"curies":[{"name":"wp","href":"https:\/\/api.w.org\/{rel}","templated":true}]}}