{"id":84262,"date":"2026-09-03T15:20:14","date_gmt":"2026-09-03T15:20:14","guid":{"rendered":"https:\/\/ferabrajan.com\/portal\/?p=84262"},"modified":"2026-09-03T15:20:14","modified_gmt":"2026-09-03T15:20:14","slug":"pension-bienestar-2026-asi-quedo-el-calendario-de-pagos-para-el-mes-de-septiembre","status":"publish","type":"post","link":"https:\/\/ferabrajan.com\/portal\/2026\/09\/03\/pension-bienestar-2026-asi-quedo-el-calendario-de-pagos-para-el-mes-de-septiembre\/","title":{"rendered":"Pensi\u00f3n Bienestar 2026: as\u00ed qued\u00f3 el calendario de pagos para el mes de septiembre"},"content":{"rendered":"<p data-t=\"{&quot;n&quot;:&quot;blueLinks&quot;,&quot;t&quot;:13,&quot;a&quot;:&quot;click&quot;,&quot;b&quot;:76}\"><b>Septiembre\u00a0<\/b>arranc\u00f3 con una noticia esperada por millones de beneficiarios: ya comenz\u00f3 la dispersi\u00f3n de la\u00a0<b>Pensi\u00f3n Bienestar<\/b>\u00a0correspondiente al\u00a0<b>bimestre septiembre-octubre<\/b>.<\/p>\n<p data-t=\"{&quot;n&quot;:&quot;blueLinks&quot;,&quot;t&quot;:13,&quot;a&quot;:&quot;click&quot;,&quot;b&quot;:76}\">Durante este periodo, los recursos llegar\u00e1n directamente a las<b>\u00a0tarjetas del Banco del Bienestar<\/b>\u00a0para quienes forman parte de los distintos programas sociales. Sin embargo, hay un detalle que modificar\u00e1 el ritmo habitual de los dep\u00f3sitos, y es el d\u00eda 16 de septiembre, ya que ser\u00e1 d\u00eda inh\u00e1bil, por lo que no habr\u00e1<b>\u00a0operaciones bancarias<\/b>.<\/p>\n<div class=\"article-image-slot image-slot-placeholder\" data-doc-id=\"cms\/api\/amp\/image\/AA1FdYQB\">\n<div class=\"article-image-slot\">\n<div class=\"article-image-container polished\" data-t=\"{&quot;n&quot;:&quot;OpenModal&quot;,&quot;t&quot;:13,&quot;b&quot;:8,&quot;c.i&quot;:&quot;AA2blX4C&quot;,&quot;c.l&quot;:false,&quot;c.t&quot;:13,&quot;c.v&quot;:&quot;finance&quot;,&quot;c.c&quot;:&quot;government-support-and-welfare&quot;,&quot;c.b&quot;:&quot;El Universal Online&quot;,&quot;c.bi&quot;:&quot;AAMT92V&quot;,&quot;c.tv&quot;:&quot;finance&quot;,&quot;c.tc&quot;:&quot;government-support-and-welfare&quot;,&quot;c.hl&quot;:&quot;Pensi\u00f3n Bienestar 2026: as\u00ed qued\u00f3 el calendario de pagos para el mes de septiembre; \u00bfqui\u00e9n recibe el primer pago?&quot;}\" data-test-id=\"AA1FdYQB\">\n<div><\/div>\n<p><button class=\"article-image-height-wrapper expandable article-image-height-wrapper-new\" data-customhandled=\"true\" data-t=\"{&quot;n&quot;:&quot;OpenModalButton&quot;,&quot;a&quot;:&quot;click&quot;,&quot;b&quot;:8,&quot;c.i&quot;:&quot;AA2blX4C&quot;,&quot;c.l&quot;:false,&quot;c.t&quot;:13,&quot;c.v&quot;:&quot;finance&quot;,&quot;c.c&quot;:&quot;government-support-and-welfare&quot;,&quot;c.b&quot;:&quot;El Universal Online&quot;,&quot;c.bi&quot;:&quot;AAMT92V&quot;,&quot;c.tv&quot;:&quot;finance&quot;,&quot;c.tc&quot;:&quot;government-support-and-welfare&quot;,&quot;c.hl&quot;:&quot;Pensi\u00f3n Bienestar 2026: as\u00ed qued\u00f3 el calendario de pagos para el mes de septiembre; \u00bfqui\u00e9n recibe el primer pago?&quot;}\"><img decoding=\"async\" class=\"article-image article-image-ux-impr article-image-new expandable\" title=\"Pensi\u00f3n Bienestar septiembre - octubre 2026. Foto: El Universal\" src=\"https:\/\/img-s-msn-com.akamaized.net\/tenant\/amp\/entityid\/AA1FdYQB.img?w=768&amp;h=473&amp;m=6\" alt=\"Pensi\u00f3n Bienestar septiembre - octubre 2026. Foto: El Universal\" \/><\/button><\/p>\n<div class=\"image-caption-container image-caption-container-ux-impr articlewc-image-caption-container\"><span class=\"image-caption\">Pensi\u00f3n Bienestar septiembre &#8211; octubre 2026. Foto: El Universal<\/span><\/div>\n<\/div>\n<\/div>\n<\/div>\n<h2 class=\"article-sub-heading\">\u00bfQui\u00e9n recibe el pago de la Pensi\u00f3n Bienestar HOY, 1 de septiembre?<\/h2>\n<p class=\"continue-read-break\" data-t=\"{&quot;n&quot;:&quot;blueLinks&quot;,&quot;t&quot;:13,&quot;a&quot;:&quot;click&quot;,&quot;b&quot;:76}\">El calendario de la\u00a0<b>Pensi\u00f3n Bienestar septiembre-octubre<\/b>\u00a0comienza este martes 1 de septiembre con las personas cuyo primer apellido inicia con la\u00a0<b>letra A<\/b>.<\/p>\n<p data-t=\"{&quot;n&quot;:&quot;blueLinks&quot;,&quot;t&quot;:13,&quot;a&quot;:&quot;click&quot;,&quot;b&quot;:76}\">La entrega del dinero se har\u00e1 de manera\u00a0<b>escalonada\u00a0<\/b>durante septiembre. Esto significa que no todos los beneficiarios recibir\u00e1n el apoyo el mismo d\u00eda, sino que deber\u00e1n identificar la fecha que corresponde a la<b>\u00a0primera letra de su apellido paterno<\/b>.<\/p>\n<div class=\"twitter-slot\">\n<div class=\"article-social-slot\">\n<div class=\"twitter-tweet twitter-tweet-rendered\"><iframe id=\"twitter-widget-0\" class=\"\" title=\"X Post\" src=\"https:\/\/platform.twitter.com\/embed\/Tweet.html?dnt=false&amp;embedId=twitter-widget-0&amp;features=eyJ0ZndfdGltZWxpbmVfbGlzdCI6eyJidWNrZXQiOltdLCJ2ZXJzaW9uIjpudWxsfSwidGZ3X2ZvbGxvd2VyX2NvdW50X3N1bnNldCI6eyJidWNrZXQiOnRydWUsInZlcnNpb24iOm51bGx9LCJ0ZndfdHdlZXRfZWRpdF9iYWNrZW5kIjp7ImJ1Y2tldCI6Im9uIiwidmVyc2lvbiI6bnVsbH0sInRmd19yZWZzcmNfc2Vzc2lvbiI6eyJidWNrZXQiOiJvbiIsInZlcnNpb24iOm51bGx9LCJ0ZndfZm9zbnJfc29mdF9pbnRlcnZlbnRpb25zX2VuYWJsZWQiOnsiYnVja2V0Ijoib24iLCJ2ZXJzaW9uIjpudWxsfSwidGZ3X21peGVkX21lZGlhXzE1ODk3Ijp7ImJ1Y2tldCI6InRyZWF0bWVudCIsInZlcnNpb24iOm51bGx9LCJ0ZndfZXhwZXJpbWVudHNfY29va2llX2V4cGlyYXRpb24iOnsiYnVja2V0IjoxMjA5NjAwLCJ2ZXJzaW9uIjpudWxsfSwidGZ3X3Nob3dfYmlyZHdhdGNoX3Bpdm90c19lbmFibGVkIjp7ImJ1Y2tldCI6Im9uIiwidmVyc2lvbiI6bnVsbH0sInRmd19kdXBsaWNhdGVfc2NyaWJlc190b19zZXR0aW5ncyI6eyJidWNrZXQiOiJvbiIsInZlcnNpb24iOm51bGx9LCJ0ZndfdXNlX3Byb2ZpbGVfaW1hZ2Vfc2hhcGVfZW5hYmxlZCI6eyJidWNrZXQiOiJvbiIsInZlcnNpb24iOm51bGx9LCJ0ZndfdmlkZW9faGxzX2R5bmFtaWNfbWFuaWZlc3RzXzE1MDgyIjp7ImJ1Y2tldCI6InRydWVfYml0cmF0ZSIsInZlcnNpb24iOm51bGx9LCJ0ZndfbGVnYWN5X3RpbWVsaW5lX3N1bnNldCI6eyJidWNrZXQiOnRydWUsInZlcnNpb24iOm51bGx9LCJ0ZndfdHdlZXRfZWRpdF9mcm9udGVuZCI6eyJidWNrZXQiOiJvbiIsInZlcnNpb24iOm51bGx9fQ%3D%3D&amp;frame=false&amp;hideCard=false&amp;hideThread=false&amp;id=2094792052407947683&amp;lang=es&amp;origin=https%3A%2F%2Fwww.eluniversal.com.mx%2Ftendencias%2Fpension-bienestar-2026-asi-quedo-el-calendario-de-pagos-para-el-mes-de-septiembre-quien-recibe-el-primer-pago%2F&amp;sessionId=dca28328f4b888e4f90a75f47b87a6710a9f48bb&amp;theme=light&amp;widgetsVersion=6a3ad42b224df%3A1778106238597&amp;width=550px\" frameborder=\"0\" scrolling=\"no\" allowfullscreen=\"allowfullscreen\" data-tweet-id=\"2094792052407947683\" data-mce-fragment=\"1\"><\/iframe><\/div>\n<\/div>\n<\/div>\n<p data-t=\"{&quot;n&quot;:&quot;blueLinks&quot;,&quot;t&quot;:13,&quot;a&quot;:&quot;click&quot;,&quot;b&quot;:76}\">\n<p data-t=\"{&quot;n&quot;:&quot;blueLinks&quot;,&quot;t&quot;:13,&quot;a&quot;:&quot;click&quot;,&quot;b&quot;:76}\">El \u00faltimo dep\u00f3sito de este operativo est\u00e1 programado para el\u00a0<b>viernes 25 de septiembre<\/b>.<\/p>\n<p class=\"\" data-t=\"{&quot;n&quot;:&quot;blueLinks&quot;,&quot;t&quot;:13,&quot;a&quot;:&quot;click&quot;,&quot;b&quot;:76}\">Cabe recalcar que, el mi\u00e9rcoles 16 de septiembre\u00a0<b>no habr\u00e1 dep\u00f3sitos<\/b>\u00a0debido a que se trata de un d\u00eda de\u00a0<b>descanso obligatorio,<\/b>\u00a0por lo que el calendario salta del martes 15 al jueves 17 de septiembre.<\/p>\n<h2 class=\"article-sub-heading\">\u00bfC\u00f3mo queda el calendario de la Pensi\u00f3n Bienestar septiembre-octubre?<\/h2>\n<p data-t=\"{&quot;n&quot;:&quot;blueLinks&quot;,&quot;t&quot;:13,&quot;a&quot;:&quot;click&quot;,&quot;b&quot;:76}\">Despu\u00e9s del dep\u00f3sito para la letra A de este martes, la dispersi\u00f3n continuar\u00e1 de acuerdo con el siguiente calendario oficial:<\/p>\n<div class=\"article-list-slot\">\n<ul>\n<li data-t=\"{&quot;n&quot;:&quot;blueLinks&quot;,&quot;t&quot;:13,&quot;a&quot;:&quot;click&quot;,&quot;b&quot;:76}\">B: mi\u00e9rcoles 2 de septiembre.<\/li>\n<li data-t=\"{&quot;n&quot;:&quot;blueLinks&quot;,&quot;t&quot;:13,&quot;a&quot;:&quot;click&quot;,&quot;b&quot;:76}\">C: jueves 3 y viernes 4 de septiembre.<\/li>\n<li data-t=\"{&quot;n&quot;:&quot;blueLinks&quot;,&quot;t&quot;:13,&quot;a&quot;:&quot;click&quot;,&quot;b&quot;:76}\">D, E y F: lunes 7 de septiembre.<\/li>\n<li data-t=\"{&quot;n&quot;:&quot;blueLinks&quot;,&quot;t&quot;:13,&quot;a&quot;:&quot;click&quot;,&quot;b&quot;:76}\">G: martes 8 y mi\u00e9rcoles 9 de septiembre.<\/li>\n<li data-t=\"{&quot;n&quot;:&quot;blueLinks&quot;,&quot;t&quot;:13,&quot;a&quot;:&quot;click&quot;,&quot;b&quot;:76}\">H, I, J y K: jueves 10 de septiembre.<\/li>\n<li data-t=\"{&quot;n&quot;:&quot;blueLinks&quot;,&quot;t&quot;:13,&quot;a&quot;:&quot;click&quot;,&quot;b&quot;:76}\">L: viernes 11 de septiembre.<\/li>\n<li data-t=\"{&quot;n&quot;:&quot;blueLinks&quot;,&quot;t&quot;:13,&quot;a&quot;:&quot;click&quot;,&quot;b&quot;:76}\">M: lunes 14 y martes 15 de septiembre.<\/li>\n<li data-t=\"{&quot;n&quot;:&quot;blueLinks&quot;,&quot;t&quot;:13,&quot;a&quot;:&quot;click&quot;,&quot;b&quot;:76}\">N, \u00d1 y O: jueves 17 de septiembre.<\/li>\n<li data-t=\"{&quot;n&quot;:&quot;blueLinks&quot;,&quot;t&quot;:13,&quot;a&quot;:&quot;click&quot;,&quot;b&quot;:76}\">P y Q: viernes 18 de septiembre.<\/li>\n<li data-t=\"{&quot;n&quot;:&quot;blueLinks&quot;,&quot;t&quot;:13,&quot;a&quot;:&quot;click&quot;,&quot;b&quot;:76}\">R: lunes 21 y martes 22 de septiembre.<\/li>\n<li data-t=\"{&quot;n&quot;:&quot;blueLinks&quot;,&quot;t&quot;:13,&quot;a&quot;:&quot;click&quot;,&quot;b&quot;:76}\">S: mi\u00e9rcoles 23 de septiembre.<\/li>\n<li data-t=\"{&quot;n&quot;:&quot;blueLinks&quot;,&quot;t&quot;:13,&quot;a&quot;:&quot;click&quot;,&quot;b&quot;:76}\">T, U y V: jueves 24 de septiembre.<\/li>\n<li data-t=\"{&quot;n&quot;:&quot;blueLinks&quot;,&quot;t&quot;:13,&quot;a&quot;:&quot;click&quot;,&quot;b&quot;:76}\">W, X, Y y Z: viernes 25 de septiembre.<\/li>\n<li data-t=\"{&quot;n&quot;:&quot;blueLinks&quot;,&quot;t&quot;:13,&quot;a&quot;:&quot;click&quot;,&quot;b&quot;:76}\">\n<h2 class=\"article-sub-heading\">\u00bfQu\u00e9 programas reciben el pago de la Pensi\u00f3n Bienestar en septiembre?<\/h2>\n<p data-t=\"{&quot;n&quot;:&quot;blueLinks&quot;,&quot;t&quot;:13,&quot;a&quot;:&quot;click&quot;,&quot;b&quot;:76}\">El operativo no contempla \u00fanicamente a los\u00a0<b>adultos mayores<\/b>. Durante este bimestre tambi\u00e9n se entregar\u00e1n recursos a beneficiarios de la Pensi\u00f3n para el Bienestar de las Personas Adultas Mayores, la Pensi\u00f3n para el Bienestar de las Personas con Discapacidad Permanente, Pensi\u00f3n Mujeres Bienestar y el Programa para el Bienestar de las Ni\u00f1as y Ni\u00f1os, Hijos de Madres Trabajadoras.<\/p>\n<div class=\"article-image-slot image-slot-placeholder\" data-doc-id=\"cms\/api\/amp\/image\/AA1tObIN\">\n<div class=\"article-image-slot\">\n<div class=\"article-image-container polished\" data-t=\"{&quot;n&quot;:&quot;OpenModal&quot;,&quot;t&quot;:13,&quot;b&quot;:8,&quot;c.i&quot;:&quot;AA2blX4C&quot;,&quot;c.l&quot;:false,&quot;c.t&quot;:13,&quot;c.v&quot;:&quot;finance&quot;,&quot;c.c&quot;:&quot;government-support-and-welfare&quot;,&quot;c.b&quot;:&quot;El Universal Online&quot;,&quot;c.bi&quot;:&quot;AAMT92V&quot;,&quot;c.tv&quot;:&quot;finance&quot;,&quot;c.tc&quot;:&quot;government-support-and-welfare&quot;,&quot;c.hl&quot;:&quot;Pensi\u00f3n Bienestar 2026: as\u00ed qued\u00f3 el calendario de pagos para el mes de septiembre; \u00bfqui\u00e9n recibe el primer pago?&quot;}\" data-test-id=\"AA1tObIN\">\n<div><\/div>\n<p><button class=\"article-image-height-wrapper expandable article-image-height-wrapper-new\" data-customhandled=\"true\" data-t=\"{&quot;n&quot;:&quot;OpenModalButton&quot;,&quot;a&quot;:&quot;click&quot;,&quot;b&quot;:8,&quot;c.i&quot;:&quot;AA2blX4C&quot;,&quot;c.l&quot;:false,&quot;c.t&quot;:13,&quot;c.v&quot;:&quot;finance&quot;,&quot;c.c&quot;:&quot;government-support-and-welfare&quot;,&quot;c.b&quot;:&quot;El Universal Online&quot;,&quot;c.bi&quot;:&quot;AAMT92V&quot;,&quot;c.tv&quot;:&quot;finance&quot;,&quot;c.tc&quot;:&quot;government-support-and-welfare&quot;,&quot;c.hl&quot;:&quot;Pensi\u00f3n Bienestar 2026: as\u00ed qued\u00f3 el calendario de pagos para el mes de septiembre; \u00bfqui\u00e9n recibe el primer pago?&quot;}\"><img decoding=\"async\" class=\"article-image article-image-ux-impr article-image-new expandable\" title=\"\u00bfQu\u00e9 programas reciben el pago de la Pensi\u00f3n Bienestar en septiembre? Esto se sabe. Foto: Banco del Bienestar\" src=\"https:\/\/img-s-msn-com.akamaized.net\/tenant\/amp\/entityid\/AA1tObIN.img?w=768&amp;h=474&amp;m=6\" alt=\"\u00bfQu\u00e9 programas reciben el pago de la Pensi\u00f3n Bienestar en septiembre? Esto se sabe. Foto: Banco del Bienestar\" \/><\/button><\/p>\n<div class=\"image-caption-container image-caption-container-ux-impr articlewc-image-caption-container\"><span class=\"image-caption\">\u00bfQu\u00e9 programas reciben el pago de la Pensi\u00f3n Bienestar en septiembre? Esto se sabe. Foto: Banco del Bienestar<\/span><\/div>\n<\/div>\n<\/div>\n<\/div>\n<h2 class=\"article-sub-heading\">\u00bfCu\u00e1nto paga la Pensi\u00f3n Bienestar en septiembre de 2026?<\/h2>\n<p data-t=\"{&quot;n&quot;:&quot;blueLinks&quot;,&quot;t&quot;:13,&quot;a&quot;:&quot;click&quot;,&quot;b&quot;:76}\">Con los ajustes aplicados durante este a\u00f1o, los apoyos econ\u00f3micos quedaron establecidos de la siguiente manera:<\/p>\n<div class=\"article-list-slot\">\n<ul>\n<li data-t=\"{&quot;n&quot;:&quot;blueLinks&quot;,&quot;t&quot;:13,&quot;a&quot;:&quot;click&quot;,&quot;b&quot;:76}\">La Pensi\u00f3n para Adultos Mayores entrega 6,400 pesos por bimestre.<\/li>\n<li data-t=\"{&quot;n&quot;:&quot;blueLinks&quot;,&quot;t&quot;:13,&quot;a&quot;:&quot;click&quot;,&quot;b&quot;:76}\">La Pensi\u00f3n para Personas con Discapacidad contempla un pago de 3,300 pesos.<\/li>\n<li data-t=\"{&quot;n&quot;:&quot;blueLinks&quot;,&quot;t&quot;:13,&quot;a&quot;:&quot;click&quot;,&quot;b&quot;:76}\">En el caso de Pensi\u00f3n Mujeres Bienestar, el dep\u00f3sito es de 3,100 pesos.<\/li>\n<li data-t=\"{&quot;n&quot;:&quot;blueLinks&quot;,&quot;t&quot;:13,&quot;a&quot;:&quot;click&quot;,&quot;b&quot;:76}\">Para el Apoyo para Madres Trabajadoras, el monto correspondiente es de 1,650 pesos.<\/li>\n<\/ul>\n<p>Con Informaci\u00f3n de: <a href=\"https:\/\/www.msn.com\/es-mx\/dinero\/apoyo-y-previsi%C3%B3n-del-gobierno\/pensi%C3%B3n-bienestar-2026-as%C3%AD-qued%C3%B3-el-calendario-de-pagos-para-el-mes-de-septiembre-qui%C3%A9n-recibe-el-primer-pago\/ar-AA2blX4C?ocid=msedgntp&amp;pc=HCTS&amp;cvid=6a998d02594e4d2f84ff12b1a0fe9a2c&amp;ei=45\">Pensi\u00f3n Bienestar 2026: as\u00ed qued\u00f3 el calendario de pagos para el mes de septiembre; \u00bfqui\u00e9n recibe el primer pago?<\/a><\/p>\n<\/div>\n<\/li>\n<\/ul>\n<\/div>\n","protected":false},"excerpt":{"rendered":"<p>Septiembre\u00a0arranc\u00f3 con una noticia esperada por millones de beneficiarios: ya comenz\u00f3 la dispersi\u00f3n de la\u00a0Pensi\u00f3n Bienestar\u00a0correspondiente al\u00a0bimestre septiembre-octubre. Durante este periodo, los recursos llegar\u00e1n directamente a las\u00a0tarjetas del Banco del Bienestar\u00a0para quienes forman parte de los distintos programas sociales. Sin embargo, hay un detalle que modificar\u00e1 el ritmo habitual de los dep\u00f3sitos, y es el d\u00eda 16 de septiembre, ya que ser\u00e1 d\u00eda inh\u00e1bil, por lo que no habr\u00e1\u00a0operaciones bancarias. Pensi\u00f3n Bienestar septiembre &#8211; octubre 2026. Foto: El Universal \u00bfQui\u00e9n recibe el pago de la Pensi\u00f3n Bienestar HOY, 1 de septiembre? El calendario de la\u00a0Pensi\u00f3n Bienestar septiembre-octubre\u00a0comienza este martes 1 de septiembre con las personas cuyo primer apellido inicia con la\u00a0letra A. La entrega del dinero se har\u00e1 de manera\u00a0escalonada\u00a0durante septiembre. Esto significa que no todos los beneficiarios recibir\u00e1n el apoyo el mismo d\u00eda, sino que deber\u00e1n identificar la fecha que corresponde a la\u00a0primera letra de su apellido paterno. El \u00faltimo dep\u00f3sito de este operativo est\u00e1 programado para el\u00a0viernes 25 de septiembre. Cabe recalcar que, el mi\u00e9rcoles 16 de septiembre\u00a0no habr\u00e1 dep\u00f3sitos\u00a0debido a que se trata de un d\u00eda de\u00a0descanso obligatorio,\u00a0por lo que el calendario salta del martes 15 al jueves 17 de septiembre. \u00bfC\u00f3mo queda el calendario de la Pensi\u00f3n Bienestar septiembre-octubre? Despu\u00e9s del dep\u00f3sito para la letra A de este martes, la dispersi\u00f3n continuar\u00e1 de acuerdo con el siguiente calendario oficial: B: mi\u00e9rcoles 2 de septiembre. C: jueves 3 y viernes 4 de septiembre. D, E y F: lunes 7 de septiembre. G: martes 8 y mi\u00e9rcoles 9 de septiembre. H, I, J y K: jueves 10 de septiembre. L: viernes 11 de septiembre. M: lunes 14 y martes 15 de septiembre. N, \u00d1 y O: jueves 17 de septiembre. P y Q: viernes 18 de septiembre. R: lunes 21 y martes 22 de septiembre. S: mi\u00e9rcoles 23 de septiembre. T, U y V: jueves 24 de septiembre. W, X, Y y Z: viernes 25 de septiembre. \u00bfQu\u00e9 programas reciben el pago de la Pensi\u00f3n Bienestar en septiembre? El operativo no contempla \u00fanicamente a los\u00a0adultos mayores. Durante este bimestre tambi\u00e9n se entregar\u00e1n recursos a beneficiarios de la Pensi\u00f3n para el Bienestar de las Personas Adultas Mayores, la Pensi\u00f3n para el Bienestar de las Personas con Discapacidad Permanente, Pensi\u00f3n Mujeres Bienestar y el Programa para el Bienestar de las Ni\u00f1as y Ni\u00f1os, Hijos de Madres Trabajadoras. \u00bfQu\u00e9 programas reciben el pago de la Pensi\u00f3n Bienestar en septiembre? Esto se sabe. Foto: Banco del Bienestar \u00bfCu\u00e1nto paga la Pensi\u00f3n Bienestar en septiembre de 2026? Con los ajustes aplicados durante este a\u00f1o, los apoyos econ\u00f3micos quedaron establecidos de la siguiente manera: La Pensi\u00f3n para Adultos Mayores entrega 6,400 pesos por bimestre. La Pensi\u00f3n para Personas con Discapacidad contempla un pago de 3,300 pesos. En el caso de Pensi\u00f3n Mujeres Bienestar, el dep\u00f3sito es de 3,100 pesos. Para el Apoyo para Madres Trabajadoras, el monto correspondiente es de 1,650 pesos. Con Informaci\u00f3n de: Pensi\u00f3n Bienestar 2026: as\u00ed qued\u00f3 el calendario de pagos para el mes de septiembre; \u00bfqui\u00e9n recibe el primer pago?<\/p>\n","protected":false},"author":1,"featured_media":84263,"comment_status":"closed","ping_status":"closed","sticky":false,"template":"","format":"standard","meta":{"_monsterinsights_skip_tracking":false,"_uf_show_specific_survey":0,"_uf_disable_surveys":false,"footnotes":""},"categories":[52,585],"tags":[3147,2768,201],"class_list":["post-84262","post","type-post","status-publish","format-standard","has-post-thumbnail","hentry","category-nacional","category-principal","tag-calendario","tag-pagos","tag-pension-del-bienestar"],"yoast_head":"<!-- This site is optimized with the Yoast SEO plugin v27.5 - https:\/\/yoast.com\/product\/yoast-seo-wordpress\/ -->\n<title>Pensi\u00f3n Bienestar 2026: as\u00ed qued\u00f3 el calendario de pagos para el mes de septiembre - Fer Abrajan<\/title>\n<meta name=\"robots\" content=\"index, follow, max-snippet:-1, max-image-preview:large, max-video-preview:-1\" \/>\n<link rel=\"canonical\" href=\"https:\/\/ferabrajan.com\/portal\/2026\/09\/03\/pension-bienestar-2026-asi-quedo-el-calendario-de-pagos-para-el-mes-de-septiembre\/\" \/>\n<meta property=\"og:locale\" content=\"es_ES\" \/>\n<meta property=\"og:type\" content=\"article\" \/>\n<meta property=\"og:title\" content=\"Pensi\u00f3n Bienestar 2026: as\u00ed qued\u00f3 el calendario de pagos para el mes de septiembre - Fer Abrajan\" \/>\n<meta property=\"og:description\" content=\"Septiembre\u00a0arranc\u00f3 con una noticia esperada por millones de beneficiarios: ya comenz\u00f3 la dispersi\u00f3n de la\u00a0Pensi\u00f3n Bienestar\u00a0correspondiente al\u00a0bimestre septiembre-octubre. Durante este periodo, los recursos llegar\u00e1n directamente a las\u00a0tarjetas del Banco del Bienestar\u00a0para quienes forman parte de los distintos programas sociales. Sin embargo, hay un detalle que modificar\u00e1 el ritmo habitual de los dep\u00f3sitos, y es el d\u00eda 16 de septiembre, ya que ser\u00e1 d\u00eda inh\u00e1bil, por lo que no habr\u00e1\u00a0operaciones bancarias. Pensi\u00f3n Bienestar septiembre &#8211; octubre 2026. Foto: El Universal \u00bfQui\u00e9n recibe el pago de la Pensi\u00f3n Bienestar HOY, 1 de septiembre? El calendario de la\u00a0Pensi\u00f3n Bienestar septiembre-octubre\u00a0comienza este martes 1 de septiembre con las personas cuyo primer apellido inicia con la\u00a0letra A. La entrega del dinero se har\u00e1 de manera\u00a0escalonada\u00a0durante septiembre. Esto significa que no todos los beneficiarios recibir\u00e1n el apoyo el mismo d\u00eda, sino que deber\u00e1n identificar la fecha que corresponde a la\u00a0primera letra de su apellido paterno. El \u00faltimo dep\u00f3sito de este operativo est\u00e1 programado para el\u00a0viernes 25 de septiembre. Cabe recalcar que, el mi\u00e9rcoles 16 de septiembre\u00a0no habr\u00e1 dep\u00f3sitos\u00a0debido a que se trata de un d\u00eda de\u00a0descanso obligatorio,\u00a0por lo que el calendario salta del martes 15 al jueves 17 de septiembre. \u00bfC\u00f3mo queda el calendario de la Pensi\u00f3n Bienestar septiembre-octubre? Despu\u00e9s del dep\u00f3sito para la letra A de este martes, la dispersi\u00f3n continuar\u00e1 de acuerdo con el siguiente calendario oficial: B: mi\u00e9rcoles 2 de septiembre. C: jueves 3 y viernes 4 de septiembre. D, E y F: lunes 7 de septiembre. G: martes 8 y mi\u00e9rcoles 9 de septiembre. H, I, J y K: jueves 10 de septiembre. L: viernes 11 de septiembre. M: lunes 14 y martes 15 de septiembre. N, \u00d1 y O: jueves 17 de septiembre. P y Q: viernes 18 de septiembre. R: lunes 21 y martes 22 de septiembre. S: mi\u00e9rcoles 23 de septiembre. T, U y V: jueves 24 de septiembre. W, X, Y y Z: viernes 25 de septiembre. \u00bfQu\u00e9 programas reciben el pago de la Pensi\u00f3n Bienestar en septiembre? El operativo no contempla \u00fanicamente a los\u00a0adultos mayores. Durante este bimestre tambi\u00e9n se entregar\u00e1n recursos a beneficiarios de la Pensi\u00f3n para el Bienestar de las Personas Adultas Mayores, la Pensi\u00f3n para el Bienestar de las Personas con Discapacidad Permanente, Pensi\u00f3n Mujeres Bienestar y el Programa para el Bienestar de las Ni\u00f1as y Ni\u00f1os, Hijos de Madres Trabajadoras. \u00bfQu\u00e9 programas reciben el pago de la Pensi\u00f3n Bienestar en septiembre? Esto se sabe. Foto: Banco del Bienestar \u00bfCu\u00e1nto paga la Pensi\u00f3n Bienestar en septiembre de 2026? Con los ajustes aplicados durante este a\u00f1o, los apoyos econ\u00f3micos quedaron establecidos de la siguiente manera: La Pensi\u00f3n para Adultos Mayores entrega 6,400 pesos por bimestre. La Pensi\u00f3n para Personas con Discapacidad contempla un pago de 3,300 pesos. En el caso de Pensi\u00f3n Mujeres Bienestar, el dep\u00f3sito es de 3,100 pesos. Para el Apoyo para Madres Trabajadoras, el monto correspondiente es de 1,650 pesos. Con Informaci\u00f3n de: Pensi\u00f3n Bienestar 2026: as\u00ed qued\u00f3 el calendario de pagos para el mes de septiembre; \u00bfqui\u00e9n recibe el primer pago?\" \/>\n<meta property=\"og:url\" content=\"https:\/\/ferabrajan.com\/portal\/2026\/09\/03\/pension-bienestar-2026-asi-quedo-el-calendario-de-pagos-para-el-mes-de-septiembre\/\" \/>\n<meta property=\"og:site_name\" content=\"Fer Abrajan\" \/>\n<meta property=\"article:publisher\" content=\"https:\/\/www.facebook.com\/NoticiasconFerAbrajan\/\" \/>\n<meta property=\"article:published_time\" content=\"2026-09-03T15:20:14+00:00\" \/>\n<meta property=\"og:image\" content=\"https:\/\/ferabrajan.com\/portal\/wp-content\/uploads\/2026\/09\/pension.jpg\" \/>\n\t<meta property=\"og:image:width\" content=\"768\" \/>\n\t<meta property=\"og:image:height\" content=\"473\" \/>\n\t<meta property=\"og:image:type\" content=\"image\/jpeg\" \/>\n<meta name=\"author\" content=\"admin\" \/>\n<meta name=\"twitter:card\" content=\"summary_large_image\" \/>\n<meta name=\"twitter:creator\" content=\"@ferabrajan1\" \/>\n<meta name=\"twitter:site\" content=\"@ferabrajan1\" \/>\n<meta name=\"twitter:label1\" content=\"Escrito por\" \/>\n\t<meta name=\"twitter:data1\" content=\"admin\" \/>\n\t<meta name=\"twitter:label2\" content=\"Tiempo de lectura\" \/>\n\t<meta name=\"twitter:data2\" content=\"3 minutos\" \/>\n<script type=\"application\/ld+json\" class=\"yoast-schema-graph\">{\"@context\":\"https:\\\/\\\/schema.org\",\"@graph\":[{\"@type\":\"Article\",\"@id\":\"https:\\\/\\\/ferabrajan.com\\\/portal\\\/2026\\\/09\\\/03\\\/pension-bienestar-2026-asi-quedo-el-calendario-de-pagos-para-el-mes-de-septiembre\\\/#article\",\"isPartOf\":{\"@id\":\"https:\\\/\\\/ferabrajan.com\\\/portal\\\/2026\\\/09\\\/03\\\/pension-bienestar-2026-asi-quedo-el-calendario-de-pagos-para-el-mes-de-septiembre\\\/\"},\"author\":{\"name\":\"admin\",\"@id\":\"https:\\\/\\\/ferabrajan.com\\\/portal\\\/#\\\/schema\\\/person\\\/f6113b3cb1e036d5c6a9505685b257ba\"},\"headline\":\"Pensi\u00f3n Bienestar 2026: as\u00ed qued\u00f3 el calendario de pagos para el mes de septiembre\",\"datePublished\":\"2026-09-03T15:20:14+00:00\",\"mainEntityOfPage\":{\"@id\":\"https:\\\/\\\/ferabrajan.com\\\/portal\\\/2026\\\/09\\\/03\\\/pension-bienestar-2026-asi-quedo-el-calendario-de-pagos-para-el-mes-de-septiembre\\\/\"},\"wordCount\":547,\"publisher\":{\"@id\":\"https:\\\/\\\/ferabrajan.com\\\/portal\\\/#organization\"},\"image\":{\"@id\":\"https:\\\/\\\/ferabrajan.com\\\/portal\\\/2026\\\/09\\\/03\\\/pension-bienestar-2026-asi-quedo-el-calendario-de-pagos-para-el-mes-de-septiembre\\\/#primaryimage\"},\"thumbnailUrl\":\"https:\\\/\\\/ferabrajan.com\\\/portal\\\/wp-content\\\/uploads\\\/2026\\\/09\\\/pension.jpg\",\"keywords\":[\"calendario\",\"Pagos\",\"Pensi\u00f3n del Bienestar\"],\"articleSection\":[\"Nacional\",\"Principal\"],\"inLanguage\":\"es\"},{\"@type\":\"WebPage\",\"@id\":\"https:\\\/\\\/ferabrajan.com\\\/portal\\\/2026\\\/09\\\/03\\\/pension-bienestar-2026-asi-quedo-el-calendario-de-pagos-para-el-mes-de-septiembre\\\/\",\"url\":\"https:\\\/\\\/ferabrajan.com\\\/portal\\\/2026\\\/09\\\/03\\\/pension-bienestar-2026-asi-quedo-el-calendario-de-pagos-para-el-mes-de-septiembre\\\/\",\"name\":\"Pensi\u00f3n Bienestar 2026: as\u00ed qued\u00f3 el calendario de pagos para el mes de septiembre - Fer Abrajan\",\"isPartOf\":{\"@id\":\"https:\\\/\\\/ferabrajan.com\\\/portal\\\/#website\"},\"primaryImageOfPage\":{\"@id\":\"https:\\\/\\\/ferabrajan.com\\\/portal\\\/2026\\\/09\\\/03\\\/pension-bienestar-2026-asi-quedo-el-calendario-de-pagos-para-el-mes-de-septiembre\\\/#primaryimage\"},\"image\":{\"@id\":\"https:\\\/\\\/ferabrajan.com\\\/portal\\\/2026\\\/09\\\/03\\\/pension-bienestar-2026-asi-quedo-el-calendario-de-pagos-para-el-mes-de-septiembre\\\/#primaryimage\"},\"thumbnailUrl\":\"https:\\\/\\\/ferabrajan.com\\\/portal\\\/wp-content\\\/uploads\\\/2026\\\/09\\\/pension.jpg\",\"datePublished\":\"2026-09-03T15:20:14+00:00\",\"breadcrumb\":{\"@id\":\"https:\\\/\\\/ferabrajan.com\\\/portal\\\/2026\\\/09\\\/03\\\/pension-bienestar-2026-asi-quedo-el-calendario-de-pagos-para-el-mes-de-septiembre\\\/#breadcrumb\"},\"inLanguage\":\"es\",\"potentialAction\":[{\"@type\":\"ReadAction\",\"target\":[\"https:\\\/\\\/ferabrajan.com\\\/portal\\\/2026\\\/09\\\/03\\\/pension-bienestar-2026-asi-quedo-el-calendario-de-pagos-para-el-mes-de-septiembre\\\/\"]}]},{\"@type\":\"ImageObject\",\"inLanguage\":\"es\",\"@id\":\"https:\\\/\\\/ferabrajan.com\\\/portal\\\/2026\\\/09\\\/03\\\/pension-bienestar-2026-asi-quedo-el-calendario-de-pagos-para-el-mes-de-septiembre\\\/#primaryimage\",\"url\":\"https:\\\/\\\/ferabrajan.com\\\/portal\\\/wp-content\\\/uploads\\\/2026\\\/09\\\/pension.jpg\",\"contentUrl\":\"https:\\\/\\\/ferabrajan.com\\\/portal\\\/wp-content\\\/uploads\\\/2026\\\/09\\\/pension.jpg\",\"width\":768,\"height\":473},{\"@type\":\"BreadcrumbList\",\"@id\":\"https:\\\/\\\/ferabrajan.com\\\/portal\\\/2026\\\/09\\\/03\\\/pension-bienestar-2026-asi-quedo-el-calendario-de-pagos-para-el-mes-de-septiembre\\\/#breadcrumb\",\"itemListElement\":[{\"@type\":\"ListItem\",\"position\":1,\"name\":\"Portada\",\"item\":\"https:\\\/\\\/ferabrajan.com\\\/portal\\\/\"},{\"@type\":\"ListItem\",\"position\":2,\"name\":\"Pensi\u00f3n Bienestar 2026: as\u00ed qued\u00f3 el calendario de pagos para el mes de septiembre\"}]},{\"@type\":\"WebSite\",\"@id\":\"https:\\\/\\\/ferabrajan.com\\\/portal\\\/#website\",\"url\":\"https:\\\/\\\/ferabrajan.com\\\/portal\\\/\",\"name\":\"Fer Abrajan\",\"description\":\"Noticias de Puebla, opini\u00f3n y radio en vivo\",\"publisher\":{\"@id\":\"https:\\\/\\\/ferabrajan.com\\\/portal\\\/#organization\"},\"potentialAction\":[{\"@type\":\"SearchAction\",\"target\":{\"@type\":\"EntryPoint\",\"urlTemplate\":\"https:\\\/\\\/ferabrajan.com\\\/portal\\\/?s={search_term_string}\"},\"query-input\":{\"@type\":\"PropertyValueSpecification\",\"valueRequired\":true,\"valueName\":\"search_term_string\"}}],\"inLanguage\":\"es\"},{\"@type\":\"Organization\",\"@id\":\"https:\\\/\\\/ferabrajan.com\\\/portal\\\/#organization\",\"name\":\"Fer Abrajan\",\"url\":\"https:\\\/\\\/ferabrajan.com\\\/portal\\\/\",\"logo\":{\"@type\":\"ImageObject\",\"inLanguage\":\"es\",\"@id\":\"https:\\\/\\\/ferabrajan.com\\\/portal\\\/#\\\/schema\\\/logo\\\/image\\\/\",\"url\":\"https:\\\/\\\/ferabrajan.com\\\/portal\\\/wp-content\\\/uploads\\\/2024\\\/10\\\/cropped-logo.jpeg\",\"contentUrl\":\"https:\\\/\\\/ferabrajan.com\\\/portal\\\/wp-content\\\/uploads\\\/2024\\\/10\\\/cropped-logo.jpeg\",\"width\":500,\"height\":250,\"caption\":\"Fer Abrajan\"},\"image\":{\"@id\":\"https:\\\/\\\/ferabrajan.com\\\/portal\\\/#\\\/schema\\\/logo\\\/image\\\/\"},\"sameAs\":[\"https:\\\/\\\/www.facebook.com\\\/NoticiasconFerAbrajan\\\/\",\"https:\\\/\\\/x.com\\\/ferabrajan1\"]},{\"@type\":\"Person\",\"@id\":\"https:\\\/\\\/ferabrajan.com\\\/portal\\\/#\\\/schema\\\/person\\\/f6113b3cb1e036d5c6a9505685b257ba\",\"name\":\"admin\",\"image\":{\"@type\":\"ImageObject\",\"inLanguage\":\"es\",\"@id\":\"https:\\\/\\\/secure.gravatar.com\\\/avatar\\\/072baa72775aad53c748dfc5d3048578e01b6c087eef335459ebfa04344e2d18?s=96&d=mm&r=g\",\"url\":\"https:\\\/\\\/secure.gravatar.com\\\/avatar\\\/072baa72775aad53c748dfc5d3048578e01b6c087eef335459ebfa04344e2d18?s=96&d=mm&r=g\",\"contentUrl\":\"https:\\\/\\\/secure.gravatar.com\\\/avatar\\\/072baa72775aad53c748dfc5d3048578e01b6c087eef335459ebfa04344e2d18?s=96&d=mm&r=g\",\"caption\":\"admin\"},\"sameAs\":[\"https:\\\/\\\/ferabrajan.com\\\/portal\"],\"url\":\"https:\\\/\\\/ferabrajan.com\\\/portal\\\/author\\\/admin\\\/\"}]}<\/script>\n<!-- \/ Yoast SEO plugin. -->","yoast_head_json":{"title":"Pensi\u00f3n Bienestar 2026: as\u00ed qued\u00f3 el calendario de pagos para el mes de septiembre - Fer Abrajan","robots":{"index":"index","follow":"follow","max-snippet":"max-snippet:-1","max-image-preview":"max-image-preview:large","max-video-preview":"max-video-preview:-1"},"canonical":"https:\/\/ferabrajan.com\/portal\/2026\/09\/03\/pension-bienestar-2026-asi-quedo-el-calendario-de-pagos-para-el-mes-de-septiembre\/","og_locale":"es_ES","og_type":"article","og_title":"Pensi\u00f3n Bienestar 2026: as\u00ed qued\u00f3 el calendario de pagos para el mes de septiembre - Fer Abrajan","og_description":"Septiembre\u00a0arranc\u00f3 con una noticia esperada por millones de beneficiarios: ya comenz\u00f3 la dispersi\u00f3n de la\u00a0Pensi\u00f3n Bienestar\u00a0correspondiente al\u00a0bimestre septiembre-octubre. Durante este periodo, los recursos llegar\u00e1n directamente a las\u00a0tarjetas del Banco del Bienestar\u00a0para quienes forman parte de los distintos programas sociales. Sin embargo, hay un detalle que modificar\u00e1 el ritmo habitual de los dep\u00f3sitos, y es el d\u00eda 16 de septiembre, ya que ser\u00e1 d\u00eda inh\u00e1bil, por lo que no habr\u00e1\u00a0operaciones bancarias. Pensi\u00f3n Bienestar septiembre &#8211; octubre 2026. Foto: El Universal \u00bfQui\u00e9n recibe el pago de la Pensi\u00f3n Bienestar HOY, 1 de septiembre? El calendario de la\u00a0Pensi\u00f3n Bienestar septiembre-octubre\u00a0comienza este martes 1 de septiembre con las personas cuyo primer apellido inicia con la\u00a0letra A. La entrega del dinero se har\u00e1 de manera\u00a0escalonada\u00a0durante septiembre. Esto significa que no todos los beneficiarios recibir\u00e1n el apoyo el mismo d\u00eda, sino que deber\u00e1n identificar la fecha que corresponde a la\u00a0primera letra de su apellido paterno. El \u00faltimo dep\u00f3sito de este operativo est\u00e1 programado para el\u00a0viernes 25 de septiembre. Cabe recalcar que, el mi\u00e9rcoles 16 de septiembre\u00a0no habr\u00e1 dep\u00f3sitos\u00a0debido a que se trata de un d\u00eda de\u00a0descanso obligatorio,\u00a0por lo que el calendario salta del martes 15 al jueves 17 de septiembre. \u00bfC\u00f3mo queda el calendario de la Pensi\u00f3n Bienestar septiembre-octubre? Despu\u00e9s del dep\u00f3sito para la letra A de este martes, la dispersi\u00f3n continuar\u00e1 de acuerdo con el siguiente calendario oficial: B: mi\u00e9rcoles 2 de septiembre. C: jueves 3 y viernes 4 de septiembre. D, E y F: lunes 7 de septiembre. G: martes 8 y mi\u00e9rcoles 9 de septiembre. H, I, J y K: jueves 10 de septiembre. L: viernes 11 de septiembre. M: lunes 14 y martes 15 de septiembre. N, \u00d1 y O: jueves 17 de septiembre. P y Q: viernes 18 de septiembre. R: lunes 21 y martes 22 de septiembre. S: mi\u00e9rcoles 23 de septiembre. T, U y V: jueves 24 de septiembre. W, X, Y y Z: viernes 25 de septiembre. \u00bfQu\u00e9 programas reciben el pago de la Pensi\u00f3n Bienestar en septiembre? El operativo no contempla \u00fanicamente a los\u00a0adultos mayores. Durante este bimestre tambi\u00e9n se entregar\u00e1n recursos a beneficiarios de la Pensi\u00f3n para el Bienestar de las Personas Adultas Mayores, la Pensi\u00f3n para el Bienestar de las Personas con Discapacidad Permanente, Pensi\u00f3n Mujeres Bienestar y el Programa para el Bienestar de las Ni\u00f1as y Ni\u00f1os, Hijos de Madres Trabajadoras. \u00bfQu\u00e9 programas reciben el pago de la Pensi\u00f3n Bienestar en septiembre? Esto se sabe. Foto: Banco del Bienestar \u00bfCu\u00e1nto paga la Pensi\u00f3n Bienestar en septiembre de 2026? Con los ajustes aplicados durante este a\u00f1o, los apoyos econ\u00f3micos quedaron establecidos de la siguiente manera: La Pensi\u00f3n para Adultos Mayores entrega 6,400 pesos por bimestre. La Pensi\u00f3n para Personas con Discapacidad contempla un pago de 3,300 pesos. En el caso de Pensi\u00f3n Mujeres Bienestar, el dep\u00f3sito es de 3,100 pesos. Para el Apoyo para Madres Trabajadoras, el monto correspondiente es de 1,650 pesos. Con Informaci\u00f3n de: Pensi\u00f3n Bienestar 2026: as\u00ed qued\u00f3 el calendario de pagos para el mes de septiembre; \u00bfqui\u00e9n recibe el primer pago?","og_url":"https:\/\/ferabrajan.com\/portal\/2026\/09\/03\/pension-bienestar-2026-asi-quedo-el-calendario-de-pagos-para-el-mes-de-septiembre\/","og_site_name":"Fer Abrajan","article_publisher":"https:\/\/www.facebook.com\/NoticiasconFerAbrajan\/","article_published_time":"2026-09-03T15:20:14+00:00","og_image":[{"width":768,"height":473,"url":"https:\/\/ferabrajan.com\/portal\/wp-content\/uploads\/2026\/09\/pension.jpg","type":"image\/jpeg"}],"author":"admin","twitter_card":"summary_large_image","twitter_creator":"@ferabrajan1","twitter_site":"@ferabrajan1","twitter_misc":{"Escrito por":"admin","Tiempo de lectura":"3 minutos"},"schema":{"@context":"https:\/\/schema.org","@graph":[{"@type":"Article","@id":"https:\/\/ferabrajan.com\/portal\/2026\/09\/03\/pension-bienestar-2026-asi-quedo-el-calendario-de-pagos-para-el-mes-de-septiembre\/#article","isPartOf":{"@id":"https:\/\/ferabrajan.com\/portal\/2026\/09\/03\/pension-bienestar-2026-asi-quedo-el-calendario-de-pagos-para-el-mes-de-septiembre\/"},"author":{"name":"admin","@id":"https:\/\/ferabrajan.com\/portal\/#\/schema\/person\/f6113b3cb1e036d5c6a9505685b257ba"},"headline":"Pensi\u00f3n Bienestar 2026: as\u00ed qued\u00f3 el calendario de pagos para el mes de septiembre","datePublished":"2026-09-03T15:20:14+00:00","mainEntityOfPage":{"@id":"https:\/\/ferabrajan.com\/portal\/2026\/09\/03\/pension-bienestar-2026-asi-quedo-el-calendario-de-pagos-para-el-mes-de-septiembre\/"},"wordCount":547,"publisher":{"@id":"https:\/\/ferabrajan.com\/portal\/#organization"},"image":{"@id":"https:\/\/ferabrajan.com\/portal\/2026\/09\/03\/pension-bienestar-2026-asi-quedo-el-calendario-de-pagos-para-el-mes-de-septiembre\/#primaryimage"},"thumbnailUrl":"https:\/\/ferabrajan.com\/portal\/wp-content\/uploads\/2026\/09\/pension.jpg","keywords":["calendario","Pagos","Pensi\u00f3n del Bienestar"],"articleSection":["Nacional","Principal"],"inLanguage":"es"},{"@type":"WebPage","@id":"https:\/\/ferabrajan.com\/portal\/2026\/09\/03\/pension-bienestar-2026-asi-quedo-el-calendario-de-pagos-para-el-mes-de-septiembre\/","url":"https:\/\/ferabrajan.com\/portal\/2026\/09\/03\/pension-bienestar-2026-asi-quedo-el-calendario-de-pagos-para-el-mes-de-septiembre\/","name":"Pensi\u00f3n Bienestar 2026: as\u00ed qued\u00f3 el calendario de pagos para el mes de septiembre - Fer Abrajan","isPartOf":{"@id":"https:\/\/ferabrajan.com\/portal\/#website"},"primaryImageOfPage":{"@id":"https:\/\/ferabrajan.com\/portal\/2026\/09\/03\/pension-bienestar-2026-asi-quedo-el-calendario-de-pagos-para-el-mes-de-septiembre\/#primaryimage"},"image":{"@id":"https:\/\/ferabrajan.com\/portal\/2026\/09\/03\/pension-bienestar-2026-asi-quedo-el-calendario-de-pagos-para-el-mes-de-septiembre\/#primaryimage"},"thumbnailUrl":"https:\/\/ferabrajan.com\/portal\/wp-content\/uploads\/2026\/09\/pension.jpg","datePublished":"2026-09-03T15:20:14+00:00","breadcrumb":{"@id":"https:\/\/ferabrajan.com\/portal\/2026\/09\/03\/pension-bienestar-2026-asi-quedo-el-calendario-de-pagos-para-el-mes-de-septiembre\/#breadcrumb"},"inLanguage":"es","potentialAction":[{"@type":"ReadAction","target":["https:\/\/ferabrajan.com\/portal\/2026\/09\/03\/pension-bienestar-2026-asi-quedo-el-calendario-de-pagos-para-el-mes-de-septiembre\/"]}]},{"@type":"ImageObject","inLanguage":"es","@id":"https:\/\/ferabrajan.com\/portal\/2026\/09\/03\/pension-bienestar-2026-asi-quedo-el-calendario-de-pagos-para-el-mes-de-septiembre\/#primaryimage","url":"https:\/\/ferabrajan.com\/portal\/wp-content\/uploads\/2026\/09\/pension.jpg","contentUrl":"https:\/\/ferabrajan.com\/portal\/wp-content\/uploads\/2026\/09\/pension.jpg","width":768,"height":473},{"@type":"BreadcrumbList","@id":"https:\/\/ferabrajan.com\/portal\/2026\/09\/03\/pension-bienestar-2026-asi-quedo-el-calendario-de-pagos-para-el-mes-de-septiembre\/#breadcrumb","itemListElement":[{"@type":"ListItem","position":1,"name":"Portada","item":"https:\/\/ferabrajan.com\/portal\/"},{"@type":"ListItem","position":2,"name":"Pensi\u00f3n Bienestar 2026: as\u00ed qued\u00f3 el calendario de pagos para el mes de septiembre"}]},{"@type":"WebSite","@id":"https:\/\/ferabrajan.com\/portal\/#website","url":"https:\/\/ferabrajan.com\/portal\/","name":"Fer Abrajan","description":"Noticias de Puebla, opini\u00f3n y radio en vivo","publisher":{"@id":"https:\/\/ferabrajan.com\/portal\/#organization"},"potentialAction":[{"@type":"SearchAction","target":{"@type":"EntryPoint","urlTemplate":"https:\/\/ferabrajan.com\/portal\/?s={search_term_string}"},"query-input":{"@type":"PropertyValueSpecification","valueRequired":true,"valueName":"search_term_string"}}],"inLanguage":"es"},{"@type":"Organization","@id":"https:\/\/ferabrajan.com\/portal\/#organization","name":"Fer Abrajan","url":"https:\/\/ferabrajan.com\/portal\/","logo":{"@type":"ImageObject","inLanguage":"es","@id":"https:\/\/ferabrajan.com\/portal\/#\/schema\/logo\/image\/","url":"https:\/\/ferabrajan.com\/portal\/wp-content\/uploads\/2024\/10\/cropped-logo.jpeg","contentUrl":"https:\/\/ferabrajan.com\/portal\/wp-content\/uploads\/2024\/10\/cropped-logo.jpeg","width":500,"height":250,"caption":"Fer Abrajan"},"image":{"@id":"https:\/\/ferabrajan.com\/portal\/#\/schema\/logo\/image\/"},"sameAs":["https:\/\/www.facebook.com\/NoticiasconFerAbrajan\/","https:\/\/x.com\/ferabrajan1"]},{"@type":"Person","@id":"https:\/\/ferabrajan.com\/portal\/#\/schema\/person\/f6113b3cb1e036d5c6a9505685b257ba","name":"admin","image":{"@type":"ImageObject","inLanguage":"es","@id":"https:\/\/secure.gravatar.com\/avatar\/072baa72775aad53c748dfc5d3048578e01b6c087eef335459ebfa04344e2d18?s=96&d=mm&r=g","url":"https:\/\/secure.gravatar.com\/avatar\/072baa72775aad53c748dfc5d3048578e01b6c087eef335459ebfa04344e2d18?s=96&d=mm&r=g","contentUrl":"https:\/\/secure.gravatar.com\/avatar\/072baa72775aad53c748dfc5d3048578e01b6c087eef335459ebfa04344e2d18?s=96&d=mm&r=g","caption":"admin"},"sameAs":["https:\/\/ferabrajan.com\/portal"],"url":"https:\/\/ferabrajan.com\/portal\/author\/admin\/"}]}},"_links":{"self":[{"href":"https:\/\/ferabrajan.com\/portal\/wp-json\/wp\/v2\/posts\/84262","targetHints":{"allow":["GET"]}}],"collection":[{"href":"https:\/\/ferabrajan.com\/portal\/wp-json\/wp\/v2\/posts"}],"about":[{"href":"https:\/\/ferabrajan.com\/portal\/wp-json\/wp\/v2\/types\/post"}],"author":[{"embeddable":true,"href":"https:\/\/ferabrajan.com\/portal\/wp-json\/wp\/v2\/users\/1"}],"replies":[{"embeddable":true,"href":"https:\/\/ferabrajan.com\/portal\/wp-json\/wp\/v2\/comments?post=84262"}],"version-history":[{"count":1,"href":"https:\/\/ferabrajan.com\/portal\/wp-json\/wp\/v2\/posts\/84262\/revisions"}],"predecessor-version":[{"id":84264,"href":"https:\/\/ferabrajan.com\/portal\/wp-json\/wp\/v2\/posts\/84262\/revisions\/84264"}],"wp:featuredmedia":[{"embeddable":true,"href":"https:\/\/ferabrajan.com\/portal\/wp-json\/wp\/v2\/media\/84263"}],"wp:attachment":[{"href":"https:\/\/ferabrajan.com\/portal\/wp-json\/wp\/v2\/media?parent=84262"}],"wp:term":[{"taxonomy":"category","embeddable":true,"href":"https:\/\/ferabrajan.com\/portal\/wp-json\/wp\/v2\/categories?post=84262"},{"taxonomy":"post_tag","embeddable":true,"href":"https:\/\/ferabrajan.com\/portal\/wp-json\/wp\/v2\/tags?post=84262"}],"curies":[{"name":"wp","href":"https:\/\/api.w.org\/{rel}","templated":true}]}}