{"id":84253,"date":"2026-09-03T14:48:55","date_gmt":"2026-09-03T14:48:55","guid":{"rendered":"https:\/\/ferabrajan.com\/portal\/?p=84253"},"modified":"2026-09-03T14:48:55","modified_gmt":"2026-09-03T14:48:55","slug":"puebla-elimina-gestores-en-entrega-de-concesiones-y-acelera-renovacion-del-transporte-publico","status":"publish","type":"post","link":"https:\/\/ferabrajan.com\/portal\/2026\/09\/03\/puebla-elimina-gestores-en-entrega-de-concesiones-y-acelera-renovacion-del-transporte-publico\/","title":{"rendered":"Puebla elimina gestores en entrega de concesiones y acelera renovaci\u00f3n del transporte p\u00fablico"},"content":{"rendered":"<p class=\"isSelectedEnd\"><strong>Puebla, Pue.\u2013<\/strong> La entrega de concesiones del transporte p\u00fablico en Puebla dej\u00f3 atr\u00e1s los gestores y las recomendaciones pol\u00edticas para dar paso a un esquema basado en <strong>diagn\u00f3sticos t\u00e9cnicos, convocatorias y evaluaciones colegiadas<\/strong>, inform\u00f3 el gobernador Alejandro Armenta Mier.<\/p>\n<p class=\"isSelectedEnd\">El mandatario se\u00f1al\u00f3 que este nuevo modelo permite determinar, con criterios objetivos, d\u00f3nde se necesitan nuevas rutas y qu\u00e9 tipo de unidades requiere cada zona. En el proceso participan la Secretar\u00eda de Movilidad y Transporte, universidades, organismos empresariales y una comisi\u00f3n coordinada por el doctor Abraham Quiroz.<\/p>\n<p class=\"isSelectedEnd\">Como parte de la modernizaci\u00f3n, la <em><strong>secretaria de Movilidad y Transporte, Silvia Tan\u00fas Osorio<\/strong><\/em>, inform\u00f3 que el padr\u00f3n estatal est\u00e1 integrado por <strong>22 mil 749 unidades<\/strong>, de las cuales 20 mil 411 ya fueron reemplacadas. Adem\u00e1s, durante la actual administraci\u00f3n se han renovado <strong>6 mil 936 veh\u00edculos<\/strong>, incluidos 5 mil 826 modelos de 2023 a 2027.<\/p>\n<p class=\"isSelectedEnd\">En materia de nuevas concesiones, se han emitido cinco convocatorias que acumulan <strong>88 solicitudes<\/strong>. De ellas, 17 ya fueron evaluadas y aprobadas, mientras que 16 contin\u00faan en revisi\u00f3n. La comisi\u00f3n verifica el cumplimiento de los requisitos antes de determinar cada autorizaci\u00f3n. Tambi\u00e9n se contempla la posibilidad de reactivar concesiones canceladas por abandono mediante la incorporaci\u00f3n de una unidad modelo 2026.<\/p>\n<p class=\"isSelectedEnd\">Armenta destac\u00f3 que la modernizaci\u00f3n no tiene un objetivo recaudatorio y record\u00f3 que el Gobierno estatal dej\u00f3 de percibir <strong>150 millones de pesos<\/strong> en ingresos formales para priorizar la renovaci\u00f3n del servicio. Asimismo, advirti\u00f3 que habr\u00e1 cero tolerancia ante actos de corrupci\u00f3n e invit\u00f3 a la ciudadan\u00eda a denunciar cualquier irregularidad.<\/p>\n<p>Para apoyar a los transportistas, este a\u00f1o se destin\u00f3 un fondo de <strong>200 millones de pesos a fondo perdido<\/strong> para el enganche de unidades nuevas, recurso que tendr\u00e1 continuidad en 2027 con otro monto inicial de 200 millones. El Gobierno estatal se\u00f1al\u00f3 que acompa\u00f1ar\u00e1 a los concesionarios en el retiro o renovaci\u00f3n de unidades que hayan concluido su vigencia, con el objetivo de avanzar hacia un transporte p\u00fablico m\u00e1s moderno, seguro y ordenado.<\/p>\n","protected":false},"excerpt":{"rendered":"<p>6 mil 936 unidades renovadas elevan la seguridad y calidad del servicio para las y los usuarios.<\/p>\n","protected":false},"author":3,"featured_media":84254,"comment_status":"closed","ping_status":"closed","sticky":false,"template":"","format":"standard","meta":{"_monsterinsights_skip_tracking":false,"_uf_show_specific_survey":0,"_uf_disable_surveys":false,"footnotes":""},"categories":[585,34],"tags":[159,1536,4059,265],"class_list":["post-84253","post","type-post","status-publish","format-standard","has-post-thumbnail","hentry","category-principal","category-puebla","tag-concesiones","tag-secretaria-de-movilidad-y-transporte","tag-silvia-tanus-osorio","tag-transporte-publico"],"yoast_head":"<!-- This site is optimized with the Yoast SEO plugin v27.5 - https:\/\/yoast.com\/product\/yoast-seo-wordpress\/ -->\n<title>Puebla elimina gestores en entrega de concesiones y acelera renovaci\u00f3n del transporte p\u00fablico - Fer Abrajan<\/title>\n<meta name=\"robots\" content=\"index, follow, max-snippet:-1, max-image-preview:large, max-video-preview:-1\" \/>\n<link rel=\"canonical\" href=\"https:\/\/ferabrajan.com\/portal\/2026\/09\/03\/puebla-elimina-gestores-en-entrega-de-concesiones-y-acelera-renovacion-del-transporte-publico\/\" \/>\n<meta property=\"og:locale\" content=\"es_ES\" \/>\n<meta property=\"og:type\" content=\"article\" \/>\n<meta property=\"og:title\" content=\"Puebla elimina gestores en entrega de concesiones y acelera renovaci\u00f3n del transporte p\u00fablico - Fer Abrajan\" \/>\n<meta property=\"og:description\" content=\"6 mil 936 unidades renovadas elevan la seguridad y calidad del servicio para las y los usuarios.\" \/>\n<meta property=\"og:url\" content=\"https:\/\/ferabrajan.com\/portal\/2026\/09\/03\/puebla-elimina-gestores-en-entrega-de-concesiones-y-acelera-renovacion-del-transporte-publico\/\" \/>\n<meta property=\"og:site_name\" content=\"Fer Abrajan\" \/>\n<meta property=\"article:publisher\" content=\"https:\/\/www.facebook.com\/NoticiasconFerAbrajan\/\" \/>\n<meta property=\"article:published_time\" content=\"2026-09-03T14:48:55+00:00\" \/>\n<meta property=\"og:image\" content=\"https:\/\/ferabrajan.com\/portal\/wp-content\/uploads\/2026\/09\/Unidades2.jpeg\" \/>\n\t<meta property=\"og:image:width\" content=\"1280\" \/>\n\t<meta property=\"og:image:height\" content=\"852\" \/>\n\t<meta property=\"og:image:type\" content=\"image\/jpeg\" \/>\n<meta name=\"author\" content=\"Rebeca N\u00fa\u00f1ez\" \/>\n<meta name=\"twitter:card\" content=\"summary_large_image\" \/>\n<meta name=\"twitter:creator\" content=\"@ferabrajan1\" \/>\n<meta name=\"twitter:site\" content=\"@ferabrajan1\" \/>\n<meta name=\"twitter:label1\" content=\"Escrito por\" \/>\n\t<meta name=\"twitter:data1\" content=\"Rebeca N\u00fa\u00f1ez\" \/>\n\t<meta name=\"twitter:label2\" content=\"Tiempo de lectura\" \/>\n\t<meta name=\"twitter:data2\" content=\"2 minutos\" \/>\n<script type=\"application\/ld+json\" class=\"yoast-schema-graph\">{\"@context\":\"https:\\\/\\\/schema.org\",\"@graph\":[{\"@type\":\"Article\",\"@id\":\"https:\\\/\\\/ferabrajan.com\\\/portal\\\/2026\\\/09\\\/03\\\/puebla-elimina-gestores-en-entrega-de-concesiones-y-acelera-renovacion-del-transporte-publico\\\/#article\",\"isPartOf\":{\"@id\":\"https:\\\/\\\/ferabrajan.com\\\/portal\\\/2026\\\/09\\\/03\\\/puebla-elimina-gestores-en-entrega-de-concesiones-y-acelera-renovacion-del-transporte-publico\\\/\"},\"author\":{\"name\":\"Rebeca N\u00fa\u00f1ez\",\"@id\":\"https:\\\/\\\/ferabrajan.com\\\/portal\\\/#\\\/schema\\\/person\\\/a79364e0091921e733584c4833bc7a50\"},\"headline\":\"Puebla elimina gestores en entrega de concesiones y acelera renovaci\u00f3n del transporte p\u00fablico\",\"datePublished\":\"2026-09-03T14:48:55+00:00\",\"mainEntityOfPage\":{\"@id\":\"https:\\\/\\\/ferabrajan.com\\\/portal\\\/2026\\\/09\\\/03\\\/puebla-elimina-gestores-en-entrega-de-concesiones-y-acelera-renovacion-del-transporte-publico\\\/\"},\"wordCount\":354,\"publisher\":{\"@id\":\"https:\\\/\\\/ferabrajan.com\\\/portal\\\/#organization\"},\"image\":{\"@id\":\"https:\\\/\\\/ferabrajan.com\\\/portal\\\/2026\\\/09\\\/03\\\/puebla-elimina-gestores-en-entrega-de-concesiones-y-acelera-renovacion-del-transporte-publico\\\/#primaryimage\"},\"thumbnailUrl\":\"https:\\\/\\\/ferabrajan.com\\\/portal\\\/wp-content\\\/uploads\\\/2026\\\/09\\\/Unidades2.jpeg\",\"keywords\":[\"Concesiones\",\"Secretar\u00eda de Movilidad y Transporte\",\"Silvia Tan\u00fas Osorio\",\"Transporte P\u00fablico\"],\"articleSection\":[\"Principal\",\"Puebla\"],\"inLanguage\":\"es\"},{\"@type\":\"WebPage\",\"@id\":\"https:\\\/\\\/ferabrajan.com\\\/portal\\\/2026\\\/09\\\/03\\\/puebla-elimina-gestores-en-entrega-de-concesiones-y-acelera-renovacion-del-transporte-publico\\\/\",\"url\":\"https:\\\/\\\/ferabrajan.com\\\/portal\\\/2026\\\/09\\\/03\\\/puebla-elimina-gestores-en-entrega-de-concesiones-y-acelera-renovacion-del-transporte-publico\\\/\",\"name\":\"Puebla elimina gestores en entrega de concesiones y acelera renovaci\u00f3n del transporte p\u00fablico - Fer Abrajan\",\"isPartOf\":{\"@id\":\"https:\\\/\\\/ferabrajan.com\\\/portal\\\/#website\"},\"primaryImageOfPage\":{\"@id\":\"https:\\\/\\\/ferabrajan.com\\\/portal\\\/2026\\\/09\\\/03\\\/puebla-elimina-gestores-en-entrega-de-concesiones-y-acelera-renovacion-del-transporte-publico\\\/#primaryimage\"},\"image\":{\"@id\":\"https:\\\/\\\/ferabrajan.com\\\/portal\\\/2026\\\/09\\\/03\\\/puebla-elimina-gestores-en-entrega-de-concesiones-y-acelera-renovacion-del-transporte-publico\\\/#primaryimage\"},\"thumbnailUrl\":\"https:\\\/\\\/ferabrajan.com\\\/portal\\\/wp-content\\\/uploads\\\/2026\\\/09\\\/Unidades2.jpeg\",\"datePublished\":\"2026-09-03T14:48:55+00:00\",\"breadcrumb\":{\"@id\":\"https:\\\/\\\/ferabrajan.com\\\/portal\\\/2026\\\/09\\\/03\\\/puebla-elimina-gestores-en-entrega-de-concesiones-y-acelera-renovacion-del-transporte-publico\\\/#breadcrumb\"},\"inLanguage\":\"es\",\"potentialAction\":[{\"@type\":\"ReadAction\",\"target\":[\"https:\\\/\\\/ferabrajan.com\\\/portal\\\/2026\\\/09\\\/03\\\/puebla-elimina-gestores-en-entrega-de-concesiones-y-acelera-renovacion-del-transporte-publico\\\/\"]}]},{\"@type\":\"ImageObject\",\"inLanguage\":\"es\",\"@id\":\"https:\\\/\\\/ferabrajan.com\\\/portal\\\/2026\\\/09\\\/03\\\/puebla-elimina-gestores-en-entrega-de-concesiones-y-acelera-renovacion-del-transporte-publico\\\/#primaryimage\",\"url\":\"https:\\\/\\\/ferabrajan.com\\\/portal\\\/wp-content\\\/uploads\\\/2026\\\/09\\\/Unidades2.jpeg\",\"contentUrl\":\"https:\\\/\\\/ferabrajan.com\\\/portal\\\/wp-content\\\/uploads\\\/2026\\\/09\\\/Unidades2.jpeg\",\"width\":1280,\"height\":852},{\"@type\":\"BreadcrumbList\",\"@id\":\"https:\\\/\\\/ferabrajan.com\\\/portal\\\/2026\\\/09\\\/03\\\/puebla-elimina-gestores-en-entrega-de-concesiones-y-acelera-renovacion-del-transporte-publico\\\/#breadcrumb\",\"itemListElement\":[{\"@type\":\"ListItem\",\"position\":1,\"name\":\"Portada\",\"item\":\"https:\\\/\\\/ferabrajan.com\\\/portal\\\/\"},{\"@type\":\"ListItem\",\"position\":2,\"name\":\"Puebla elimina gestores en entrega de concesiones y acelera renovaci\u00f3n del transporte p\u00fablico\"}]},{\"@type\":\"WebSite\",\"@id\":\"https:\\\/\\\/ferabrajan.com\\\/portal\\\/#website\",\"url\":\"https:\\\/\\\/ferabrajan.com\\\/portal\\\/\",\"name\":\"Fer Abrajan\",\"description\":\"Noticias de Puebla, opini\u00f3n y radio en vivo\",\"publisher\":{\"@id\":\"https:\\\/\\\/ferabrajan.com\\\/portal\\\/#organization\"},\"potentialAction\":[{\"@type\":\"SearchAction\",\"target\":{\"@type\":\"EntryPoint\",\"urlTemplate\":\"https:\\\/\\\/ferabrajan.com\\\/portal\\\/?s={search_term_string}\"},\"query-input\":{\"@type\":\"PropertyValueSpecification\",\"valueRequired\":true,\"valueName\":\"search_term_string\"}}],\"inLanguage\":\"es\"},{\"@type\":\"Organization\",\"@id\":\"https:\\\/\\\/ferabrajan.com\\\/portal\\\/#organization\",\"name\":\"Fer Abrajan\",\"url\":\"https:\\\/\\\/ferabrajan.com\\\/portal\\\/\",\"logo\":{\"@type\":\"ImageObject\",\"inLanguage\":\"es\",\"@id\":\"https:\\\/\\\/ferabrajan.com\\\/portal\\\/#\\\/schema\\\/logo\\\/image\\\/\",\"url\":\"https:\\\/\\\/ferabrajan.com\\\/portal\\\/wp-content\\\/uploads\\\/2024\\\/10\\\/cropped-logo.jpeg\",\"contentUrl\":\"https:\\\/\\\/ferabrajan.com\\\/portal\\\/wp-content\\\/uploads\\\/2024\\\/10\\\/cropped-logo.jpeg\",\"width\":500,\"height\":250,\"caption\":\"Fer Abrajan\"},\"image\":{\"@id\":\"https:\\\/\\\/ferabrajan.com\\\/portal\\\/#\\\/schema\\\/logo\\\/image\\\/\"},\"sameAs\":[\"https:\\\/\\\/www.facebook.com\\\/NoticiasconFerAbrajan\\\/\",\"https:\\\/\\\/x.com\\\/ferabrajan1\"]},{\"@type\":\"Person\",\"@id\":\"https:\\\/\\\/ferabrajan.com\\\/portal\\\/#\\\/schema\\\/person\\\/a79364e0091921e733584c4833bc7a50\",\"name\":\"Rebeca N\u00fa\u00f1ez\",\"image\":{\"@type\":\"ImageObject\",\"inLanguage\":\"es\",\"@id\":\"https:\\\/\\\/secure.gravatar.com\\\/avatar\\\/c9cbf721287e849268cd37eca93cf4be51b2eed9e71c8d0c6825bd912000b74e?s=96&d=mm&r=g\",\"url\":\"https:\\\/\\\/secure.gravatar.com\\\/avatar\\\/c9cbf721287e849268cd37eca93cf4be51b2eed9e71c8d0c6825bd912000b74e?s=96&d=mm&r=g\",\"contentUrl\":\"https:\\\/\\\/secure.gravatar.com\\\/avatar\\\/c9cbf721287e849268cd37eca93cf4be51b2eed9e71c8d0c6825bd912000b74e?s=96&d=mm&r=g\",\"caption\":\"Rebeca N\u00fa\u00f1ez\"},\"url\":\"https:\\\/\\\/ferabrajan.com\\\/portal\\\/author\\\/rebeca\\\/\"}]}<\/script>\n<!-- \/ Yoast SEO plugin. -->","yoast_head_json":{"title":"Puebla elimina gestores en entrega de concesiones y acelera renovaci\u00f3n del transporte p\u00fablico - Fer Abrajan","robots":{"index":"index","follow":"follow","max-snippet":"max-snippet:-1","max-image-preview":"max-image-preview:large","max-video-preview":"max-video-preview:-1"},"canonical":"https:\/\/ferabrajan.com\/portal\/2026\/09\/03\/puebla-elimina-gestores-en-entrega-de-concesiones-y-acelera-renovacion-del-transporte-publico\/","og_locale":"es_ES","og_type":"article","og_title":"Puebla elimina gestores en entrega de concesiones y acelera renovaci\u00f3n del transporte p\u00fablico - Fer Abrajan","og_description":"6 mil 936 unidades renovadas elevan la seguridad y calidad del servicio para las y los usuarios.","og_url":"https:\/\/ferabrajan.com\/portal\/2026\/09\/03\/puebla-elimina-gestores-en-entrega-de-concesiones-y-acelera-renovacion-del-transporte-publico\/","og_site_name":"Fer Abrajan","article_publisher":"https:\/\/www.facebook.com\/NoticiasconFerAbrajan\/","article_published_time":"2026-09-03T14:48:55+00:00","og_image":[{"width":1280,"height":852,"url":"https:\/\/ferabrajan.com\/portal\/wp-content\/uploads\/2026\/09\/Unidades2.jpeg","type":"image\/jpeg"}],"author":"Rebeca N\u00fa\u00f1ez","twitter_card":"summary_large_image","twitter_creator":"@ferabrajan1","twitter_site":"@ferabrajan1","twitter_misc":{"Escrito por":"Rebeca N\u00fa\u00f1ez","Tiempo de lectura":"2 minutos"},"schema":{"@context":"https:\/\/schema.org","@graph":[{"@type":"Article","@id":"https:\/\/ferabrajan.com\/portal\/2026\/09\/03\/puebla-elimina-gestores-en-entrega-de-concesiones-y-acelera-renovacion-del-transporte-publico\/#article","isPartOf":{"@id":"https:\/\/ferabrajan.com\/portal\/2026\/09\/03\/puebla-elimina-gestores-en-entrega-de-concesiones-y-acelera-renovacion-del-transporte-publico\/"},"author":{"name":"Rebeca N\u00fa\u00f1ez","@id":"https:\/\/ferabrajan.com\/portal\/#\/schema\/person\/a79364e0091921e733584c4833bc7a50"},"headline":"Puebla elimina gestores en entrega de concesiones y acelera renovaci\u00f3n del transporte p\u00fablico","datePublished":"2026-09-03T14:48:55+00:00","mainEntityOfPage":{"@id":"https:\/\/ferabrajan.com\/portal\/2026\/09\/03\/puebla-elimina-gestores-en-entrega-de-concesiones-y-acelera-renovacion-del-transporte-publico\/"},"wordCount":354,"publisher":{"@id":"https:\/\/ferabrajan.com\/portal\/#organization"},"image":{"@id":"https:\/\/ferabrajan.com\/portal\/2026\/09\/03\/puebla-elimina-gestores-en-entrega-de-concesiones-y-acelera-renovacion-del-transporte-publico\/#primaryimage"},"thumbnailUrl":"https:\/\/ferabrajan.com\/portal\/wp-content\/uploads\/2026\/09\/Unidades2.jpeg","keywords":["Concesiones","Secretar\u00eda de Movilidad y Transporte","Silvia Tan\u00fas Osorio","Transporte P\u00fablico"],"articleSection":["Principal","Puebla"],"inLanguage":"es"},{"@type":"WebPage","@id":"https:\/\/ferabrajan.com\/portal\/2026\/09\/03\/puebla-elimina-gestores-en-entrega-de-concesiones-y-acelera-renovacion-del-transporte-publico\/","url":"https:\/\/ferabrajan.com\/portal\/2026\/09\/03\/puebla-elimina-gestores-en-entrega-de-concesiones-y-acelera-renovacion-del-transporte-publico\/","name":"Puebla elimina gestores en entrega de concesiones y acelera renovaci\u00f3n del transporte p\u00fablico - Fer Abrajan","isPartOf":{"@id":"https:\/\/ferabrajan.com\/portal\/#website"},"primaryImageOfPage":{"@id":"https:\/\/ferabrajan.com\/portal\/2026\/09\/03\/puebla-elimina-gestores-en-entrega-de-concesiones-y-acelera-renovacion-del-transporte-publico\/#primaryimage"},"image":{"@id":"https:\/\/ferabrajan.com\/portal\/2026\/09\/03\/puebla-elimina-gestores-en-entrega-de-concesiones-y-acelera-renovacion-del-transporte-publico\/#primaryimage"},"thumbnailUrl":"https:\/\/ferabrajan.com\/portal\/wp-content\/uploads\/2026\/09\/Unidades2.jpeg","datePublished":"2026-09-03T14:48:55+00:00","breadcrumb":{"@id":"https:\/\/ferabrajan.com\/portal\/2026\/09\/03\/puebla-elimina-gestores-en-entrega-de-concesiones-y-acelera-renovacion-del-transporte-publico\/#breadcrumb"},"inLanguage":"es","potentialAction":[{"@type":"ReadAction","target":["https:\/\/ferabrajan.com\/portal\/2026\/09\/03\/puebla-elimina-gestores-en-entrega-de-concesiones-y-acelera-renovacion-del-transporte-publico\/"]}]},{"@type":"ImageObject","inLanguage":"es","@id":"https:\/\/ferabrajan.com\/portal\/2026\/09\/03\/puebla-elimina-gestores-en-entrega-de-concesiones-y-acelera-renovacion-del-transporte-publico\/#primaryimage","url":"https:\/\/ferabrajan.com\/portal\/wp-content\/uploads\/2026\/09\/Unidades2.jpeg","contentUrl":"https:\/\/ferabrajan.com\/portal\/wp-content\/uploads\/2026\/09\/Unidades2.jpeg","width":1280,"height":852},{"@type":"BreadcrumbList","@id":"https:\/\/ferabrajan.com\/portal\/2026\/09\/03\/puebla-elimina-gestores-en-entrega-de-concesiones-y-acelera-renovacion-del-transporte-publico\/#breadcrumb","itemListElement":[{"@type":"ListItem","position":1,"name":"Portada","item":"https:\/\/ferabrajan.com\/portal\/"},{"@type":"ListItem","position":2,"name":"Puebla elimina gestores en entrega de concesiones y acelera renovaci\u00f3n del transporte p\u00fablico"}]},{"@type":"WebSite","@id":"https:\/\/ferabrajan.com\/portal\/#website","url":"https:\/\/ferabrajan.com\/portal\/","name":"Fer Abrajan","description":"Noticias de Puebla, opini\u00f3n y radio en vivo","publisher":{"@id":"https:\/\/ferabrajan.com\/portal\/#organization"},"potentialAction":[{"@type":"SearchAction","target":{"@type":"EntryPoint","urlTemplate":"https:\/\/ferabrajan.com\/portal\/?s={search_term_string}"},"query-input":{"@type":"PropertyValueSpecification","valueRequired":true,"valueName":"search_term_string"}}],"inLanguage":"es"},{"@type":"Organization","@id":"https:\/\/ferabrajan.com\/portal\/#organization","name":"Fer Abrajan","url":"https:\/\/ferabrajan.com\/portal\/","logo":{"@type":"ImageObject","inLanguage":"es","@id":"https:\/\/ferabrajan.com\/portal\/#\/schema\/logo\/image\/","url":"https:\/\/ferabrajan.com\/portal\/wp-content\/uploads\/2024\/10\/cropped-logo.jpeg","contentUrl":"https:\/\/ferabrajan.com\/portal\/wp-content\/uploads\/2024\/10\/cropped-logo.jpeg","width":500,"height":250,"caption":"Fer Abrajan"},"image":{"@id":"https:\/\/ferabrajan.com\/portal\/#\/schema\/logo\/image\/"},"sameAs":["https:\/\/www.facebook.com\/NoticiasconFerAbrajan\/","https:\/\/x.com\/ferabrajan1"]},{"@type":"Person","@id":"https:\/\/ferabrajan.com\/portal\/#\/schema\/person\/a79364e0091921e733584c4833bc7a50","name":"Rebeca N\u00fa\u00f1ez","image":{"@type":"ImageObject","inLanguage":"es","@id":"https:\/\/secure.gravatar.com\/avatar\/c9cbf721287e849268cd37eca93cf4be51b2eed9e71c8d0c6825bd912000b74e?s=96&d=mm&r=g","url":"https:\/\/secure.gravatar.com\/avatar\/c9cbf721287e849268cd37eca93cf4be51b2eed9e71c8d0c6825bd912000b74e?s=96&d=mm&r=g","contentUrl":"https:\/\/secure.gravatar.com\/avatar\/c9cbf721287e849268cd37eca93cf4be51b2eed9e71c8d0c6825bd912000b74e?s=96&d=mm&r=g","caption":"Rebeca N\u00fa\u00f1ez"},"url":"https:\/\/ferabrajan.com\/portal\/author\/rebeca\/"}]}},"_links":{"self":[{"href":"https:\/\/ferabrajan.com\/portal\/wp-json\/wp\/v2\/posts\/84253","targetHints":{"allow":["GET"]}}],"collection":[{"href":"https:\/\/ferabrajan.com\/portal\/wp-json\/wp\/v2\/posts"}],"about":[{"href":"https:\/\/ferabrajan.com\/portal\/wp-json\/wp\/v2\/types\/post"}],"author":[{"embeddable":true,"href":"https:\/\/ferabrajan.com\/portal\/wp-json\/wp\/v2\/users\/3"}],"replies":[{"embeddable":true,"href":"https:\/\/ferabrajan.com\/portal\/wp-json\/wp\/v2\/comments?post=84253"}],"version-history":[{"count":1,"href":"https:\/\/ferabrajan.com\/portal\/wp-json\/wp\/v2\/posts\/84253\/revisions"}],"predecessor-version":[{"id":84255,"href":"https:\/\/ferabrajan.com\/portal\/wp-json\/wp\/v2\/posts\/84253\/revisions\/84255"}],"wp:featuredmedia":[{"embeddable":true,"href":"https:\/\/ferabrajan.com\/portal\/wp-json\/wp\/v2\/media\/84254"}],"wp:attachment":[{"href":"https:\/\/ferabrajan.com\/portal\/wp-json\/wp\/v2\/media?parent=84253"}],"wp:term":[{"taxonomy":"category","embeddable":true,"href":"https:\/\/ferabrajan.com\/portal\/wp-json\/wp\/v2\/categories?post=84253"},{"taxonomy":"post_tag","embeddable":true,"href":"https:\/\/ferabrajan.com\/portal\/wp-json\/wp\/v2\/tags?post=84253"}],"curies":[{"name":"wp","href":"https:\/\/api.w.org\/{rel}","templated":true}]}}