{"id":84250,"date":"2026-09-03T14:41:18","date_gmt":"2026-09-03T14:41:18","guid":{"rendered":"https:\/\/ferabrajan.com\/portal\/?p=84250"},"modified":"2026-09-03T14:41:18","modified_gmt":"2026-09-03T14:41:18","slug":"puebla-se-perfila-como-polo-de-innovacion-tecnologica-con-olinia-kutsari-y-yankuilotl","status":"publish","type":"post","link":"https:\/\/ferabrajan.com\/portal\/2026\/09\/03\/puebla-se-perfila-como-polo-de-innovacion-tecnologica-con-olinia-kutsari-y-yankuilotl\/","title":{"rendered":"Puebla se perfila como polo de innovaci\u00f3n tecnol\u00f3gica con Olinia, Kutsari y Yankuilotl"},"content":{"rendered":"<p class=\"isSelectedEnd\"><strong>Puebla, Pue.\u2013<\/strong> Puebla avanza en la consolidaci\u00f3n de un nodo estrat\u00e9gico de innovaci\u00f3n tecnol\u00f3gica con proyectos como <strong>Olinia, Kutsari, la Universidad Nacional Rosario Castellanos y Yankuilotl<\/strong>, que buscan vincular talento, industria, investigaci\u00f3n y conocimiento para generar nuevas oportunidades de desarrollo en la entidad.<\/p>\n<p class=\"isSelectedEnd\">El gobernador <strong>Alejandro Armenta Mier<\/strong> destac\u00f3 que estos proyectos forman parte de la pol\u00edtica nacional impulsada por la presidenta <strong>Claudia Sheinbaum Pardo<\/strong> y se\u00f1al\u00f3 que Puebla aporta infraestructura, vocaci\u00f3n industrial, talento y capacidad cient\u00edfica para iniciativas de alcance nacional.<\/p>\n<p class=\"isSelectedEnd\">En materia educativa, la Universidad Nacional Rosario Castellanos inici\u00f3 actividades acad\u00e9micas el <strong>31 de agosto<\/strong> con <strong>329 estudiantes y 30 docentes<\/strong>. De los alumnos, 281 cursan Medicina Familiar y Comunitaria y 48 Enfermer\u00eda Familiar y Comunitaria. La instituci\u00f3n se suma a la transformaci\u00f3n de m\u00e1s de 15 bachilleratos tecnol\u00f3gicos y busca fortalecer la formaci\u00f3n de profesionales, particularmente en regiones como la Sierra Negra.<\/p>\n<p class=\"isSelectedEnd\">La secretaria de Ciencia, Humanidades, Tecnolog\u00eda e Innovaci\u00f3n, <strong>Miryam Aquino Mena<\/strong>, inform\u00f3 que el Centro de Dise\u00f1o y Prototipado de Olinia ya permiti\u00f3 desarrollar el primer veh\u00edculo del proyecto, con la participaci\u00f3n de m\u00e1s de 80 especialistas del Tecnol\u00f3gico Nacional de M\u00e9xico, UNAM e IPN. Adem\u00e1s, se trabaja en la llegada de una f\u00e1brica de bater\u00edas a San Jos\u00e9 Chiapa, considerada la Capital de la Tecnolog\u00eda y la Sostenibilidad.<\/p>\n<p class=\"isSelectedEnd\">En tanto, <strong>Kutsari<\/strong>, con sede operativa en Cholula y colaboraci\u00f3n con el INAOE, integra las capacidades de m\u00e1s de 50 instituciones y centros de investigaci\u00f3n para avanzar en el dise\u00f1o de circuitos integrados y fortalecer la soberan\u00eda tecnol\u00f3gica. Por su parte, Yankuilotl impulsa proyectos productivos relacionados con ensamble electr\u00f3nico, software y movilidad sustentable, incluido el sistema estatal de bicicletas p\u00fablicas.<\/p>\n<p>La estrategia tecnol\u00f3gica se acompa\u00f1a de acciones en materia ambiental, vivienda y seguridad. Entre ellas destacan el saneamiento de la cuenca del Atoyac mediante plantas de tratamiento y colectores, la construcci\u00f3n de m\u00e1s de <strong>60 mil viviendas<\/strong> y una estrategia de reforestaci\u00f3n con punto de partida nacional en el Iztacc\u00edhuatl. En seguridad, el Gobierno estatal report\u00f3 una reducci\u00f3n superior al <strong>60 por ciento en feminicidios<\/strong> respecto a 2024 y se\u00f1al\u00f3 que la extorsi\u00f3n y el homicidio contin\u00faan como prioridades de la Mesa de Paz.<\/p>\n","protected":false},"excerpt":{"rendered":"<p>Olinia, Kutsari, Universidad Rosario Castellanos y Yankuilotl articulan talento, industria y conocimiento.<\/p>\n","protected":false},"author":4,"featured_media":84251,"comment_status":"closed","ping_status":"closed","sticky":false,"template":"","format":"standard","meta":{"_monsterinsights_skip_tracking":false,"_uf_show_specific_survey":0,"_uf_disable_surveys":false,"footnotes":""},"categories":[585,34],"tags":[106,3074,4599,2195,5291],"class_list":["post-84250","post","type-post","status-publish","format-standard","has-post-thumbnail","hentry","category-principal","category-puebla","tag-alejandro-armenta","tag-innovacion-tecnologica","tag-kutsari","tag-olinia","tag-yankuilotl"],"yoast_head":"<!-- This site is optimized with the Yoast SEO plugin v27.5 - https:\/\/yoast.com\/product\/yoast-seo-wordpress\/ -->\n<title>Puebla se perfila como polo de innovaci\u00f3n tecnol\u00f3gica con Olinia, Kutsari y Yankuilotl - Fer Abrajan<\/title>\n<meta name=\"robots\" content=\"index, follow, max-snippet:-1, max-image-preview:large, max-video-preview:-1\" \/>\n<link rel=\"canonical\" href=\"https:\/\/ferabrajan.com\/portal\/2026\/09\/03\/puebla-se-perfila-como-polo-de-innovacion-tecnologica-con-olinia-kutsari-y-yankuilotl\/\" \/>\n<meta property=\"og:locale\" content=\"es_ES\" \/>\n<meta property=\"og:type\" content=\"article\" \/>\n<meta property=\"og:title\" content=\"Puebla se perfila como polo de innovaci\u00f3n tecnol\u00f3gica con Olinia, Kutsari y Yankuilotl - Fer Abrajan\" \/>\n<meta property=\"og:description\" content=\"Olinia, Kutsari, Universidad Rosario Castellanos y Yankuilotl articulan talento, industria y conocimiento.\" \/>\n<meta property=\"og:url\" content=\"https:\/\/ferabrajan.com\/portal\/2026\/09\/03\/puebla-se-perfila-como-polo-de-innovacion-tecnologica-con-olinia-kutsari-y-yankuilotl\/\" \/>\n<meta property=\"og:site_name\" content=\"Fer Abrajan\" \/>\n<meta property=\"article:publisher\" content=\"https:\/\/www.facebook.com\/NoticiasconFerAbrajan\/\" \/>\n<meta property=\"article:published_time\" content=\"2026-09-03T14:41:18+00:00\" \/>\n<meta property=\"og:image\" content=\"https:\/\/ferabrajan.com\/portal\/wp-content\/uploads\/2026\/09\/foto2_27.jpeg\" \/>\n\t<meta property=\"og:image:width\" content=\"1280\" \/>\n\t<meta property=\"og:image:height\" content=\"877\" \/>\n\t<meta property=\"og:image:type\" content=\"image\/jpeg\" \/>\n<meta name=\"author\" content=\"Ismael Rojas\" \/>\n<meta name=\"twitter:card\" content=\"summary_large_image\" \/>\n<meta name=\"twitter:creator\" content=\"@ferabrajan1\" \/>\n<meta name=\"twitter:site\" content=\"@ferabrajan1\" \/>\n<meta name=\"twitter:label1\" content=\"Escrito por\" \/>\n\t<meta name=\"twitter:data1\" content=\"Ismael Rojas\" \/>\n\t<meta name=\"twitter:label2\" content=\"Tiempo de lectura\" \/>\n\t<meta name=\"twitter:data2\" content=\"2 minutos\" \/>\n<script type=\"application\/ld+json\" class=\"yoast-schema-graph\">{\"@context\":\"https:\\\/\\\/schema.org\",\"@graph\":[{\"@type\":\"Article\",\"@id\":\"https:\\\/\\\/ferabrajan.com\\\/portal\\\/2026\\\/09\\\/03\\\/puebla-se-perfila-como-polo-de-innovacion-tecnologica-con-olinia-kutsari-y-yankuilotl\\\/#article\",\"isPartOf\":{\"@id\":\"https:\\\/\\\/ferabrajan.com\\\/portal\\\/2026\\\/09\\\/03\\\/puebla-se-perfila-como-polo-de-innovacion-tecnologica-con-olinia-kutsari-y-yankuilotl\\\/\"},\"author\":{\"name\":\"Ismael Rojas\",\"@id\":\"https:\\\/\\\/ferabrajan.com\\\/portal\\\/#\\\/schema\\\/person\\\/83ed4fff5d7e4c8edf481fa39f71acb2\"},\"headline\":\"Puebla se perfila como polo de innovaci\u00f3n tecnol\u00f3gica con Olinia, Kutsari y Yankuilotl\",\"datePublished\":\"2026-09-03T14:41:18+00:00\",\"mainEntityOfPage\":{\"@id\":\"https:\\\/\\\/ferabrajan.com\\\/portal\\\/2026\\\/09\\\/03\\\/puebla-se-perfila-como-polo-de-innovacion-tecnologica-con-olinia-kutsari-y-yankuilotl\\\/\"},\"wordCount\":408,\"publisher\":{\"@id\":\"https:\\\/\\\/ferabrajan.com\\\/portal\\\/#organization\"},\"image\":{\"@id\":\"https:\\\/\\\/ferabrajan.com\\\/portal\\\/2026\\\/09\\\/03\\\/puebla-se-perfila-como-polo-de-innovacion-tecnologica-con-olinia-kutsari-y-yankuilotl\\\/#primaryimage\"},\"thumbnailUrl\":\"https:\\\/\\\/ferabrajan.com\\\/portal\\\/wp-content\\\/uploads\\\/2026\\\/09\\\/foto2_27.jpeg\",\"keywords\":[\"Alejandro Armenta\",\"innovaci\u00f3n Tecnol\u00f3gica\",\"Kutsari\",\"Olinia\",\"Yankuilotl\"],\"articleSection\":[\"Principal\",\"Puebla\"],\"inLanguage\":\"es\"},{\"@type\":\"WebPage\",\"@id\":\"https:\\\/\\\/ferabrajan.com\\\/portal\\\/2026\\\/09\\\/03\\\/puebla-se-perfila-como-polo-de-innovacion-tecnologica-con-olinia-kutsari-y-yankuilotl\\\/\",\"url\":\"https:\\\/\\\/ferabrajan.com\\\/portal\\\/2026\\\/09\\\/03\\\/puebla-se-perfila-como-polo-de-innovacion-tecnologica-con-olinia-kutsari-y-yankuilotl\\\/\",\"name\":\"Puebla se perfila como polo de innovaci\u00f3n tecnol\u00f3gica con Olinia, Kutsari y Yankuilotl - Fer Abrajan\",\"isPartOf\":{\"@id\":\"https:\\\/\\\/ferabrajan.com\\\/portal\\\/#website\"},\"primaryImageOfPage\":{\"@id\":\"https:\\\/\\\/ferabrajan.com\\\/portal\\\/2026\\\/09\\\/03\\\/puebla-se-perfila-como-polo-de-innovacion-tecnologica-con-olinia-kutsari-y-yankuilotl\\\/#primaryimage\"},\"image\":{\"@id\":\"https:\\\/\\\/ferabrajan.com\\\/portal\\\/2026\\\/09\\\/03\\\/puebla-se-perfila-como-polo-de-innovacion-tecnologica-con-olinia-kutsari-y-yankuilotl\\\/#primaryimage\"},\"thumbnailUrl\":\"https:\\\/\\\/ferabrajan.com\\\/portal\\\/wp-content\\\/uploads\\\/2026\\\/09\\\/foto2_27.jpeg\",\"datePublished\":\"2026-09-03T14:41:18+00:00\",\"breadcrumb\":{\"@id\":\"https:\\\/\\\/ferabrajan.com\\\/portal\\\/2026\\\/09\\\/03\\\/puebla-se-perfila-como-polo-de-innovacion-tecnologica-con-olinia-kutsari-y-yankuilotl\\\/#breadcrumb\"},\"inLanguage\":\"es\",\"potentialAction\":[{\"@type\":\"ReadAction\",\"target\":[\"https:\\\/\\\/ferabrajan.com\\\/portal\\\/2026\\\/09\\\/03\\\/puebla-se-perfila-como-polo-de-innovacion-tecnologica-con-olinia-kutsari-y-yankuilotl\\\/\"]}]},{\"@type\":\"ImageObject\",\"inLanguage\":\"es\",\"@id\":\"https:\\\/\\\/ferabrajan.com\\\/portal\\\/2026\\\/09\\\/03\\\/puebla-se-perfila-como-polo-de-innovacion-tecnologica-con-olinia-kutsari-y-yankuilotl\\\/#primaryimage\",\"url\":\"https:\\\/\\\/ferabrajan.com\\\/portal\\\/wp-content\\\/uploads\\\/2026\\\/09\\\/foto2_27.jpeg\",\"contentUrl\":\"https:\\\/\\\/ferabrajan.com\\\/portal\\\/wp-content\\\/uploads\\\/2026\\\/09\\\/foto2_27.jpeg\",\"width\":1280,\"height\":877},{\"@type\":\"BreadcrumbList\",\"@id\":\"https:\\\/\\\/ferabrajan.com\\\/portal\\\/2026\\\/09\\\/03\\\/puebla-se-perfila-como-polo-de-innovacion-tecnologica-con-olinia-kutsari-y-yankuilotl\\\/#breadcrumb\",\"itemListElement\":[{\"@type\":\"ListItem\",\"position\":1,\"name\":\"Portada\",\"item\":\"https:\\\/\\\/ferabrajan.com\\\/portal\\\/\"},{\"@type\":\"ListItem\",\"position\":2,\"name\":\"Puebla se perfila como polo de innovaci\u00f3n tecnol\u00f3gica con Olinia, Kutsari y Yankuilotl\"}]},{\"@type\":\"WebSite\",\"@id\":\"https:\\\/\\\/ferabrajan.com\\\/portal\\\/#website\",\"url\":\"https:\\\/\\\/ferabrajan.com\\\/portal\\\/\",\"name\":\"Fer Abrajan\",\"description\":\"Noticias de Puebla, opini\u00f3n y radio en vivo\",\"publisher\":{\"@id\":\"https:\\\/\\\/ferabrajan.com\\\/portal\\\/#organization\"},\"potentialAction\":[{\"@type\":\"SearchAction\",\"target\":{\"@type\":\"EntryPoint\",\"urlTemplate\":\"https:\\\/\\\/ferabrajan.com\\\/portal\\\/?s={search_term_string}\"},\"query-input\":{\"@type\":\"PropertyValueSpecification\",\"valueRequired\":true,\"valueName\":\"search_term_string\"}}],\"inLanguage\":\"es\"},{\"@type\":\"Organization\",\"@id\":\"https:\\\/\\\/ferabrajan.com\\\/portal\\\/#organization\",\"name\":\"Fer Abrajan\",\"url\":\"https:\\\/\\\/ferabrajan.com\\\/portal\\\/\",\"logo\":{\"@type\":\"ImageObject\",\"inLanguage\":\"es\",\"@id\":\"https:\\\/\\\/ferabrajan.com\\\/portal\\\/#\\\/schema\\\/logo\\\/image\\\/\",\"url\":\"https:\\\/\\\/ferabrajan.com\\\/portal\\\/wp-content\\\/uploads\\\/2024\\\/10\\\/cropped-logo.jpeg\",\"contentUrl\":\"https:\\\/\\\/ferabrajan.com\\\/portal\\\/wp-content\\\/uploads\\\/2024\\\/10\\\/cropped-logo.jpeg\",\"width\":500,\"height\":250,\"caption\":\"Fer Abrajan\"},\"image\":{\"@id\":\"https:\\\/\\\/ferabrajan.com\\\/portal\\\/#\\\/schema\\\/logo\\\/image\\\/\"},\"sameAs\":[\"https:\\\/\\\/www.facebook.com\\\/NoticiasconFerAbrajan\\\/\",\"https:\\\/\\\/x.com\\\/ferabrajan1\"]},{\"@type\":\"Person\",\"@id\":\"https:\\\/\\\/ferabrajan.com\\\/portal\\\/#\\\/schema\\\/person\\\/83ed4fff5d7e4c8edf481fa39f71acb2\",\"name\":\"Ismael Rojas\",\"image\":{\"@type\":\"ImageObject\",\"inLanguage\":\"es\",\"@id\":\"https:\\\/\\\/secure.gravatar.com\\\/avatar\\\/e4a9cb58548fedeb6143fa536c79b44c34454539235177c55c5819d74963e9d6?s=96&d=mm&r=g\",\"url\":\"https:\\\/\\\/secure.gravatar.com\\\/avatar\\\/e4a9cb58548fedeb6143fa536c79b44c34454539235177c55c5819d74963e9d6?s=96&d=mm&r=g\",\"contentUrl\":\"https:\\\/\\\/secure.gravatar.com\\\/avatar\\\/e4a9cb58548fedeb6143fa536c79b44c34454539235177c55c5819d74963e9d6?s=96&d=mm&r=g\",\"caption\":\"Ismael Rojas\"},\"url\":\"https:\\\/\\\/ferabrajan.com\\\/portal\\\/author\\\/ismael\\\/\"}]}<\/script>\n<!-- \/ Yoast SEO plugin. -->","yoast_head_json":{"title":"Puebla se perfila como polo de innovaci\u00f3n tecnol\u00f3gica con Olinia, Kutsari y Yankuilotl - Fer Abrajan","robots":{"index":"index","follow":"follow","max-snippet":"max-snippet:-1","max-image-preview":"max-image-preview:large","max-video-preview":"max-video-preview:-1"},"canonical":"https:\/\/ferabrajan.com\/portal\/2026\/09\/03\/puebla-se-perfila-como-polo-de-innovacion-tecnologica-con-olinia-kutsari-y-yankuilotl\/","og_locale":"es_ES","og_type":"article","og_title":"Puebla se perfila como polo de innovaci\u00f3n tecnol\u00f3gica con Olinia, Kutsari y Yankuilotl - Fer Abrajan","og_description":"Olinia, Kutsari, Universidad Rosario Castellanos y Yankuilotl articulan talento, industria y conocimiento.","og_url":"https:\/\/ferabrajan.com\/portal\/2026\/09\/03\/puebla-se-perfila-como-polo-de-innovacion-tecnologica-con-olinia-kutsari-y-yankuilotl\/","og_site_name":"Fer Abrajan","article_publisher":"https:\/\/www.facebook.com\/NoticiasconFerAbrajan\/","article_published_time":"2026-09-03T14:41:18+00:00","og_image":[{"width":1280,"height":877,"url":"https:\/\/ferabrajan.com\/portal\/wp-content\/uploads\/2026\/09\/foto2_27.jpeg","type":"image\/jpeg"}],"author":"Ismael Rojas","twitter_card":"summary_large_image","twitter_creator":"@ferabrajan1","twitter_site":"@ferabrajan1","twitter_misc":{"Escrito por":"Ismael Rojas","Tiempo de lectura":"2 minutos"},"schema":{"@context":"https:\/\/schema.org","@graph":[{"@type":"Article","@id":"https:\/\/ferabrajan.com\/portal\/2026\/09\/03\/puebla-se-perfila-como-polo-de-innovacion-tecnologica-con-olinia-kutsari-y-yankuilotl\/#article","isPartOf":{"@id":"https:\/\/ferabrajan.com\/portal\/2026\/09\/03\/puebla-se-perfila-como-polo-de-innovacion-tecnologica-con-olinia-kutsari-y-yankuilotl\/"},"author":{"name":"Ismael Rojas","@id":"https:\/\/ferabrajan.com\/portal\/#\/schema\/person\/83ed4fff5d7e4c8edf481fa39f71acb2"},"headline":"Puebla se perfila como polo de innovaci\u00f3n tecnol\u00f3gica con Olinia, Kutsari y Yankuilotl","datePublished":"2026-09-03T14:41:18+00:00","mainEntityOfPage":{"@id":"https:\/\/ferabrajan.com\/portal\/2026\/09\/03\/puebla-se-perfila-como-polo-de-innovacion-tecnologica-con-olinia-kutsari-y-yankuilotl\/"},"wordCount":408,"publisher":{"@id":"https:\/\/ferabrajan.com\/portal\/#organization"},"image":{"@id":"https:\/\/ferabrajan.com\/portal\/2026\/09\/03\/puebla-se-perfila-como-polo-de-innovacion-tecnologica-con-olinia-kutsari-y-yankuilotl\/#primaryimage"},"thumbnailUrl":"https:\/\/ferabrajan.com\/portal\/wp-content\/uploads\/2026\/09\/foto2_27.jpeg","keywords":["Alejandro Armenta","innovaci\u00f3n Tecnol\u00f3gica","Kutsari","Olinia","Yankuilotl"],"articleSection":["Principal","Puebla"],"inLanguage":"es"},{"@type":"WebPage","@id":"https:\/\/ferabrajan.com\/portal\/2026\/09\/03\/puebla-se-perfila-como-polo-de-innovacion-tecnologica-con-olinia-kutsari-y-yankuilotl\/","url":"https:\/\/ferabrajan.com\/portal\/2026\/09\/03\/puebla-se-perfila-como-polo-de-innovacion-tecnologica-con-olinia-kutsari-y-yankuilotl\/","name":"Puebla se perfila como polo de innovaci\u00f3n tecnol\u00f3gica con Olinia, Kutsari y Yankuilotl - Fer Abrajan","isPartOf":{"@id":"https:\/\/ferabrajan.com\/portal\/#website"},"primaryImageOfPage":{"@id":"https:\/\/ferabrajan.com\/portal\/2026\/09\/03\/puebla-se-perfila-como-polo-de-innovacion-tecnologica-con-olinia-kutsari-y-yankuilotl\/#primaryimage"},"image":{"@id":"https:\/\/ferabrajan.com\/portal\/2026\/09\/03\/puebla-se-perfila-como-polo-de-innovacion-tecnologica-con-olinia-kutsari-y-yankuilotl\/#primaryimage"},"thumbnailUrl":"https:\/\/ferabrajan.com\/portal\/wp-content\/uploads\/2026\/09\/foto2_27.jpeg","datePublished":"2026-09-03T14:41:18+00:00","breadcrumb":{"@id":"https:\/\/ferabrajan.com\/portal\/2026\/09\/03\/puebla-se-perfila-como-polo-de-innovacion-tecnologica-con-olinia-kutsari-y-yankuilotl\/#breadcrumb"},"inLanguage":"es","potentialAction":[{"@type":"ReadAction","target":["https:\/\/ferabrajan.com\/portal\/2026\/09\/03\/puebla-se-perfila-como-polo-de-innovacion-tecnologica-con-olinia-kutsari-y-yankuilotl\/"]}]},{"@type":"ImageObject","inLanguage":"es","@id":"https:\/\/ferabrajan.com\/portal\/2026\/09\/03\/puebla-se-perfila-como-polo-de-innovacion-tecnologica-con-olinia-kutsari-y-yankuilotl\/#primaryimage","url":"https:\/\/ferabrajan.com\/portal\/wp-content\/uploads\/2026\/09\/foto2_27.jpeg","contentUrl":"https:\/\/ferabrajan.com\/portal\/wp-content\/uploads\/2026\/09\/foto2_27.jpeg","width":1280,"height":877},{"@type":"BreadcrumbList","@id":"https:\/\/ferabrajan.com\/portal\/2026\/09\/03\/puebla-se-perfila-como-polo-de-innovacion-tecnologica-con-olinia-kutsari-y-yankuilotl\/#breadcrumb","itemListElement":[{"@type":"ListItem","position":1,"name":"Portada","item":"https:\/\/ferabrajan.com\/portal\/"},{"@type":"ListItem","position":2,"name":"Puebla se perfila como polo de innovaci\u00f3n tecnol\u00f3gica con Olinia, Kutsari y Yankuilotl"}]},{"@type":"WebSite","@id":"https:\/\/ferabrajan.com\/portal\/#website","url":"https:\/\/ferabrajan.com\/portal\/","name":"Fer Abrajan","description":"Noticias de Puebla, opini\u00f3n y radio en vivo","publisher":{"@id":"https:\/\/ferabrajan.com\/portal\/#organization"},"potentialAction":[{"@type":"SearchAction","target":{"@type":"EntryPoint","urlTemplate":"https:\/\/ferabrajan.com\/portal\/?s={search_term_string}"},"query-input":{"@type":"PropertyValueSpecification","valueRequired":true,"valueName":"search_term_string"}}],"inLanguage":"es"},{"@type":"Organization","@id":"https:\/\/ferabrajan.com\/portal\/#organization","name":"Fer Abrajan","url":"https:\/\/ferabrajan.com\/portal\/","logo":{"@type":"ImageObject","inLanguage":"es","@id":"https:\/\/ferabrajan.com\/portal\/#\/schema\/logo\/image\/","url":"https:\/\/ferabrajan.com\/portal\/wp-content\/uploads\/2024\/10\/cropped-logo.jpeg","contentUrl":"https:\/\/ferabrajan.com\/portal\/wp-content\/uploads\/2024\/10\/cropped-logo.jpeg","width":500,"height":250,"caption":"Fer Abrajan"},"image":{"@id":"https:\/\/ferabrajan.com\/portal\/#\/schema\/logo\/image\/"},"sameAs":["https:\/\/www.facebook.com\/NoticiasconFerAbrajan\/","https:\/\/x.com\/ferabrajan1"]},{"@type":"Person","@id":"https:\/\/ferabrajan.com\/portal\/#\/schema\/person\/83ed4fff5d7e4c8edf481fa39f71acb2","name":"Ismael Rojas","image":{"@type":"ImageObject","inLanguage":"es","@id":"https:\/\/secure.gravatar.com\/avatar\/e4a9cb58548fedeb6143fa536c79b44c34454539235177c55c5819d74963e9d6?s=96&d=mm&r=g","url":"https:\/\/secure.gravatar.com\/avatar\/e4a9cb58548fedeb6143fa536c79b44c34454539235177c55c5819d74963e9d6?s=96&d=mm&r=g","contentUrl":"https:\/\/secure.gravatar.com\/avatar\/e4a9cb58548fedeb6143fa536c79b44c34454539235177c55c5819d74963e9d6?s=96&d=mm&r=g","caption":"Ismael Rojas"},"url":"https:\/\/ferabrajan.com\/portal\/author\/ismael\/"}]}},"_links":{"self":[{"href":"https:\/\/ferabrajan.com\/portal\/wp-json\/wp\/v2\/posts\/84250","targetHints":{"allow":["GET"]}}],"collection":[{"href":"https:\/\/ferabrajan.com\/portal\/wp-json\/wp\/v2\/posts"}],"about":[{"href":"https:\/\/ferabrajan.com\/portal\/wp-json\/wp\/v2\/types\/post"}],"author":[{"embeddable":true,"href":"https:\/\/ferabrajan.com\/portal\/wp-json\/wp\/v2\/users\/4"}],"replies":[{"embeddable":true,"href":"https:\/\/ferabrajan.com\/portal\/wp-json\/wp\/v2\/comments?post=84250"}],"version-history":[{"count":1,"href":"https:\/\/ferabrajan.com\/portal\/wp-json\/wp\/v2\/posts\/84250\/revisions"}],"predecessor-version":[{"id":84252,"href":"https:\/\/ferabrajan.com\/portal\/wp-json\/wp\/v2\/posts\/84250\/revisions\/84252"}],"wp:featuredmedia":[{"embeddable":true,"href":"https:\/\/ferabrajan.com\/portal\/wp-json\/wp\/v2\/media\/84251"}],"wp:attachment":[{"href":"https:\/\/ferabrajan.com\/portal\/wp-json\/wp\/v2\/media?parent=84250"}],"wp:term":[{"taxonomy":"category","embeddable":true,"href":"https:\/\/ferabrajan.com\/portal\/wp-json\/wp\/v2\/categories?post=84250"},{"taxonomy":"post_tag","embeddable":true,"href":"https:\/\/ferabrajan.com\/portal\/wp-json\/wp\/v2\/tags?post=84250"}],"curies":[{"name":"wp","href":"https:\/\/api.w.org\/{rel}","templated":true}]}}