{"id":84247,"date":"2026-09-02T21:28:28","date_gmt":"2026-09-02T21:28:28","guid":{"rendered":"https:\/\/ferabrajan.com\/portal\/?p=84247"},"modified":"2026-09-02T21:28:28","modified_gmt":"2026-09-02T21:28:28","slug":"fiestas-patrias-en-puebla-seran-seguras-preparan-operativo-para-el-15-y-16-de-septiembre","status":"publish","type":"post","link":"https:\/\/ferabrajan.com\/portal\/2026\/09\/02\/fiestas-patrias-en-puebla-seran-seguras-preparan-operativo-para-el-15-y-16-de-septiembre\/","title":{"rendered":"\u00a1Fiestas Patrias en Puebla ser\u00e1n seguras! Preparan operativo para el 15 y 16 de septiembre"},"content":{"rendered":"<p class=\"isSelectedEnd\"><strong>Puebla, Pue.\u2013<\/strong> El Gobierno del Estado asegur\u00f3 que est\u00e1n dadas las condiciones de seguridad para que las familias poblanas disfruten de los festejos patrios del <strong>15 y 16 de septiembre<\/strong>, con operativos coordinados entre autoridades estatales, federales y municipales.<\/p>\n<p class=\"isSelectedEnd\">El gobernador <strong>Alejandro Armenta Mier<\/strong> destac\u00f3 que la Guardia Nacional, DEFENSA, Marina y la Secretar\u00eda de Seguridad P\u00fablica mantienen coordinaci\u00f3n permanente con el Ayuntamiento de Puebla para fortalecer la vigilancia y proteger a quienes participen en las celebraciones.<\/p>\n<p class=\"isSelectedEnd\">El mandatario estatal se\u00f1al\u00f3 que la noche del <strong>15 de septiembre<\/strong> se desarrollar\u00e1 bajo un esquema de seguridad y orden, por lo que invit\u00f3 a las familias a acudir a disfrutar de la celebraci\u00f3n mexicana con tranquilidad.<\/p>\n<p class=\"isSelectedEnd\">Para el <strong>desfile del 16 de septiembre<\/strong>, agreg\u00f3, tambi\u00e9n se contempla la presencia de las instituciones encargadas de preservar el orden y salvaguardar la integridad de la poblaci\u00f3n, con el objetivo de generar un ambiente familiar y seguro.<\/p>\n<p class=\"isSelectedEnd\">Armenta inform\u00f3 adem\u00e1s que en los municipios del interior del estado se implementan las acciones necesarias para mantener la gobernabilidad y garantizar condiciones de tranquilidad durante las actividades relacionadas con las fiestas patrias.<\/p>\n<p>Finalmente, reiter\u00f3 que Puebla mantiene coordinaci\u00f3n con el Gobierno de M\u00e9xico, encabezado por la presidenta <strong>Claudia Sheinbaum Pardo<\/strong>, para fortalecer las estrategias de seguridad y lograr que las celebraciones se desarrollen en paz, con orden y unidad.<\/p>\n","protected":false},"excerpt":{"rendered":"<p>Puebla, Pue.\u2013 El Gobierno del Estado asegur\u00f3 que est\u00e1n dadas las condiciones de seguridad para que las familias poblanas disfruten de los festejos patrios del 15 y 16 de septiembre, con operativos coordinados entre autoridades estatales, federales y municipales. El gobernador Alejandro Armenta Mier destac\u00f3 que la Guardia Nacional, DEFENSA, Marina y la Secretar\u00eda de Seguridad P\u00fablica mantienen coordinaci\u00f3n permanente con el Ayuntamiento de Puebla para fortalecer la vigilancia y proteger a quienes participen en las celebraciones. El mandatario estatal se\u00f1al\u00f3 que la noche del 15 de septiembre se desarrollar\u00e1 bajo un esquema de seguridad y orden, por lo que invit\u00f3 a las familias a acudir a disfrutar de la celebraci\u00f3n mexicana con tranquilidad. Para el desfile del 16 de septiembre, agreg\u00f3, tambi\u00e9n se contempla la presencia de las instituciones encargadas de preservar el orden y salvaguardar la integridad de la poblaci\u00f3n, con el objetivo de generar un ambiente familiar y seguro. Armenta inform\u00f3 adem\u00e1s que en los municipios del interior del estado se implementan las acciones necesarias para mantener la gobernabilidad y garantizar condiciones de tranquilidad durante las actividades relacionadas con las fiestas patrias. Finalmente, reiter\u00f3 que Puebla mantiene coordinaci\u00f3n con el Gobierno de M\u00e9xico, encabezado por la presidenta Claudia Sheinbaum Pardo, para fortalecer las estrategias de seguridad y lograr que las celebraciones se desarrollen en paz, con orden y unidad.<\/p>\n","protected":false},"author":4,"featured_media":84248,"comment_status":"closed","ping_status":"closed","sticky":false,"template":"","format":"standard","meta":{"_monsterinsights_skip_tracking":false,"_uf_show_specific_survey":0,"_uf_disable_surveys":false,"footnotes":""},"categories":[585,34],"tags":[4089,2317,449,441,2242],"class_list":["post-84247","post","type-post","status-publish","format-standard","has-post-thumbnail","hentry","category-principal","category-puebla","tag-alejandro-armenta-mier","tag-defensa","tag-fiestas-patrias","tag-guardia-nacional","tag-marina"],"yoast_head":"<!-- This site is optimized with the Yoast SEO plugin v27.5 - https:\/\/yoast.com\/product\/yoast-seo-wordpress\/ -->\n<title>\u00a1Fiestas Patrias en Puebla ser\u00e1n seguras! Preparan operativo para el 15 y 16 de septiembre - Fer Abrajan<\/title>\n<meta name=\"robots\" content=\"index, follow, max-snippet:-1, max-image-preview:large, max-video-preview:-1\" \/>\n<link rel=\"canonical\" href=\"https:\/\/ferabrajan.com\/portal\/2026\/09\/02\/fiestas-patrias-en-puebla-seran-seguras-preparan-operativo-para-el-15-y-16-de-septiembre\/\" \/>\n<meta property=\"og:locale\" content=\"es_ES\" \/>\n<meta property=\"og:type\" content=\"article\" \/>\n<meta property=\"og:title\" content=\"\u00a1Fiestas Patrias en Puebla ser\u00e1n seguras! Preparan operativo para el 15 y 16 de septiembre - Fer Abrajan\" \/>\n<meta property=\"og:description\" content=\"Puebla, Pue.\u2013 El Gobierno del Estado asegur\u00f3 que est\u00e1n dadas las condiciones de seguridad para que las familias poblanas disfruten de los festejos patrios del 15 y 16 de septiembre, con operativos coordinados entre autoridades estatales, federales y municipales. El gobernador Alejandro Armenta Mier destac\u00f3 que la Guardia Nacional, DEFENSA, Marina y la Secretar\u00eda de Seguridad P\u00fablica mantienen coordinaci\u00f3n permanente con el Ayuntamiento de Puebla para fortalecer la vigilancia y proteger a quienes participen en las celebraciones. El mandatario estatal se\u00f1al\u00f3 que la noche del 15 de septiembre se desarrollar\u00e1 bajo un esquema de seguridad y orden, por lo que invit\u00f3 a las familias a acudir a disfrutar de la celebraci\u00f3n mexicana con tranquilidad. Para el desfile del 16 de septiembre, agreg\u00f3, tambi\u00e9n se contempla la presencia de las instituciones encargadas de preservar el orden y salvaguardar la integridad de la poblaci\u00f3n, con el objetivo de generar un ambiente familiar y seguro. Armenta inform\u00f3 adem\u00e1s que en los municipios del interior del estado se implementan las acciones necesarias para mantener la gobernabilidad y garantizar condiciones de tranquilidad durante las actividades relacionadas con las fiestas patrias. Finalmente, reiter\u00f3 que Puebla mantiene coordinaci\u00f3n con el Gobierno de M\u00e9xico, encabezado por la presidenta Claudia Sheinbaum Pardo, para fortalecer las estrategias de seguridad y lograr que las celebraciones se desarrollen en paz, con orden y unidad.\" \/>\n<meta property=\"og:url\" content=\"https:\/\/ferabrajan.com\/portal\/2026\/09\/02\/fiestas-patrias-en-puebla-seran-seguras-preparan-operativo-para-el-15-y-16-de-septiembre\/\" \/>\n<meta property=\"og:site_name\" content=\"Fer Abrajan\" \/>\n<meta property=\"article:publisher\" content=\"https:\/\/www.facebook.com\/NoticiasconFerAbrajan\/\" \/>\n<meta property=\"article:published_time\" content=\"2026-09-02T21:28:28+00:00\" \/>\n<meta property=\"og:image\" content=\"https:\/\/ferabrajan.com\/portal\/wp-content\/uploads\/2026\/09\/FOTO1_6.jpeg\" \/>\n\t<meta property=\"og:image:width\" content=\"1280\" \/>\n\t<meta property=\"og:image:height\" content=\"952\" \/>\n\t<meta property=\"og:image:type\" content=\"image\/jpeg\" \/>\n<meta name=\"author\" content=\"Ismael Rojas\" \/>\n<meta name=\"twitter:card\" content=\"summary_large_image\" \/>\n<meta name=\"twitter:creator\" content=\"@ferabrajan1\" \/>\n<meta name=\"twitter:site\" content=\"@ferabrajan1\" \/>\n<meta name=\"twitter:label1\" content=\"Escrito por\" \/>\n\t<meta name=\"twitter:data1\" content=\"Ismael Rojas\" \/>\n\t<meta name=\"twitter:label2\" content=\"Tiempo de lectura\" \/>\n\t<meta name=\"twitter:data2\" content=\"2 minutos\" \/>\n<script type=\"application\/ld+json\" class=\"yoast-schema-graph\">{\"@context\":\"https:\\\/\\\/schema.org\",\"@graph\":[{\"@type\":\"Article\",\"@id\":\"https:\\\/\\\/ferabrajan.com\\\/portal\\\/2026\\\/09\\\/02\\\/fiestas-patrias-en-puebla-seran-seguras-preparan-operativo-para-el-15-y-16-de-septiembre\\\/#article\",\"isPartOf\":{\"@id\":\"https:\\\/\\\/ferabrajan.com\\\/portal\\\/2026\\\/09\\\/02\\\/fiestas-patrias-en-puebla-seran-seguras-preparan-operativo-para-el-15-y-16-de-septiembre\\\/\"},\"author\":{\"name\":\"Ismael Rojas\",\"@id\":\"https:\\\/\\\/ferabrajan.com\\\/portal\\\/#\\\/schema\\\/person\\\/83ed4fff5d7e4c8edf481fa39f71acb2\"},\"headline\":\"\u00a1Fiestas Patrias en Puebla ser\u00e1n seguras! Preparan operativo para el 15 y 16 de septiembre\",\"datePublished\":\"2026-09-02T21:28:28+00:00\",\"mainEntityOfPage\":{\"@id\":\"https:\\\/\\\/ferabrajan.com\\\/portal\\\/2026\\\/09\\\/02\\\/fiestas-patrias-en-puebla-seran-seguras-preparan-operativo-para-el-15-y-16-de-septiembre\\\/\"},\"wordCount\":243,\"publisher\":{\"@id\":\"https:\\\/\\\/ferabrajan.com\\\/portal\\\/#organization\"},\"image\":{\"@id\":\"https:\\\/\\\/ferabrajan.com\\\/portal\\\/2026\\\/09\\\/02\\\/fiestas-patrias-en-puebla-seran-seguras-preparan-operativo-para-el-15-y-16-de-septiembre\\\/#primaryimage\"},\"thumbnailUrl\":\"https:\\\/\\\/ferabrajan.com\\\/portal\\\/wp-content\\\/uploads\\\/2026\\\/09\\\/FOTO1_6.jpeg\",\"keywords\":[\"Alejandro Armenta Mier\",\"DEFENSA\",\"Fiestas Patrias\",\"Guardia nacional\",\"Marina\"],\"articleSection\":[\"Principal\",\"Puebla\"],\"inLanguage\":\"es\"},{\"@type\":\"WebPage\",\"@id\":\"https:\\\/\\\/ferabrajan.com\\\/portal\\\/2026\\\/09\\\/02\\\/fiestas-patrias-en-puebla-seran-seguras-preparan-operativo-para-el-15-y-16-de-septiembre\\\/\",\"url\":\"https:\\\/\\\/ferabrajan.com\\\/portal\\\/2026\\\/09\\\/02\\\/fiestas-patrias-en-puebla-seran-seguras-preparan-operativo-para-el-15-y-16-de-septiembre\\\/\",\"name\":\"\u00a1Fiestas Patrias en Puebla ser\u00e1n seguras! Preparan operativo para el 15 y 16 de septiembre - Fer Abrajan\",\"isPartOf\":{\"@id\":\"https:\\\/\\\/ferabrajan.com\\\/portal\\\/#website\"},\"primaryImageOfPage\":{\"@id\":\"https:\\\/\\\/ferabrajan.com\\\/portal\\\/2026\\\/09\\\/02\\\/fiestas-patrias-en-puebla-seran-seguras-preparan-operativo-para-el-15-y-16-de-septiembre\\\/#primaryimage\"},\"image\":{\"@id\":\"https:\\\/\\\/ferabrajan.com\\\/portal\\\/2026\\\/09\\\/02\\\/fiestas-patrias-en-puebla-seran-seguras-preparan-operativo-para-el-15-y-16-de-septiembre\\\/#primaryimage\"},\"thumbnailUrl\":\"https:\\\/\\\/ferabrajan.com\\\/portal\\\/wp-content\\\/uploads\\\/2026\\\/09\\\/FOTO1_6.jpeg\",\"datePublished\":\"2026-09-02T21:28:28+00:00\",\"breadcrumb\":{\"@id\":\"https:\\\/\\\/ferabrajan.com\\\/portal\\\/2026\\\/09\\\/02\\\/fiestas-patrias-en-puebla-seran-seguras-preparan-operativo-para-el-15-y-16-de-septiembre\\\/#breadcrumb\"},\"inLanguage\":\"es\",\"potentialAction\":[{\"@type\":\"ReadAction\",\"target\":[\"https:\\\/\\\/ferabrajan.com\\\/portal\\\/2026\\\/09\\\/02\\\/fiestas-patrias-en-puebla-seran-seguras-preparan-operativo-para-el-15-y-16-de-septiembre\\\/\"]}]},{\"@type\":\"ImageObject\",\"inLanguage\":\"es\",\"@id\":\"https:\\\/\\\/ferabrajan.com\\\/portal\\\/2026\\\/09\\\/02\\\/fiestas-patrias-en-puebla-seran-seguras-preparan-operativo-para-el-15-y-16-de-septiembre\\\/#primaryimage\",\"url\":\"https:\\\/\\\/ferabrajan.com\\\/portal\\\/wp-content\\\/uploads\\\/2026\\\/09\\\/FOTO1_6.jpeg\",\"contentUrl\":\"https:\\\/\\\/ferabrajan.com\\\/portal\\\/wp-content\\\/uploads\\\/2026\\\/09\\\/FOTO1_6.jpeg\",\"width\":1280,\"height\":952},{\"@type\":\"BreadcrumbList\",\"@id\":\"https:\\\/\\\/ferabrajan.com\\\/portal\\\/2026\\\/09\\\/02\\\/fiestas-patrias-en-puebla-seran-seguras-preparan-operativo-para-el-15-y-16-de-septiembre\\\/#breadcrumb\",\"itemListElement\":[{\"@type\":\"ListItem\",\"position\":1,\"name\":\"Portada\",\"item\":\"https:\\\/\\\/ferabrajan.com\\\/portal\\\/\"},{\"@type\":\"ListItem\",\"position\":2,\"name\":\"\u00a1Fiestas Patrias en Puebla ser\u00e1n seguras! Preparan operativo para el 15 y 16 de septiembre\"}]},{\"@type\":\"WebSite\",\"@id\":\"https:\\\/\\\/ferabrajan.com\\\/portal\\\/#website\",\"url\":\"https:\\\/\\\/ferabrajan.com\\\/portal\\\/\",\"name\":\"Fer Abrajan\",\"description\":\"Noticias de Puebla, opini\u00f3n y radio en vivo\",\"publisher\":{\"@id\":\"https:\\\/\\\/ferabrajan.com\\\/portal\\\/#organization\"},\"potentialAction\":[{\"@type\":\"SearchAction\",\"target\":{\"@type\":\"EntryPoint\",\"urlTemplate\":\"https:\\\/\\\/ferabrajan.com\\\/portal\\\/?s={search_term_string}\"},\"query-input\":{\"@type\":\"PropertyValueSpecification\",\"valueRequired\":true,\"valueName\":\"search_term_string\"}}],\"inLanguage\":\"es\"},{\"@type\":\"Organization\",\"@id\":\"https:\\\/\\\/ferabrajan.com\\\/portal\\\/#organization\",\"name\":\"Fer Abrajan\",\"url\":\"https:\\\/\\\/ferabrajan.com\\\/portal\\\/\",\"logo\":{\"@type\":\"ImageObject\",\"inLanguage\":\"es\",\"@id\":\"https:\\\/\\\/ferabrajan.com\\\/portal\\\/#\\\/schema\\\/logo\\\/image\\\/\",\"url\":\"https:\\\/\\\/ferabrajan.com\\\/portal\\\/wp-content\\\/uploads\\\/2024\\\/10\\\/cropped-logo.jpeg\",\"contentUrl\":\"https:\\\/\\\/ferabrajan.com\\\/portal\\\/wp-content\\\/uploads\\\/2024\\\/10\\\/cropped-logo.jpeg\",\"width\":500,\"height\":250,\"caption\":\"Fer Abrajan\"},\"image\":{\"@id\":\"https:\\\/\\\/ferabrajan.com\\\/portal\\\/#\\\/schema\\\/logo\\\/image\\\/\"},\"sameAs\":[\"https:\\\/\\\/www.facebook.com\\\/NoticiasconFerAbrajan\\\/\",\"https:\\\/\\\/x.com\\\/ferabrajan1\"]},{\"@type\":\"Person\",\"@id\":\"https:\\\/\\\/ferabrajan.com\\\/portal\\\/#\\\/schema\\\/person\\\/83ed4fff5d7e4c8edf481fa39f71acb2\",\"name\":\"Ismael Rojas\",\"image\":{\"@type\":\"ImageObject\",\"inLanguage\":\"es\",\"@id\":\"https:\\\/\\\/secure.gravatar.com\\\/avatar\\\/e4a9cb58548fedeb6143fa536c79b44c34454539235177c55c5819d74963e9d6?s=96&d=mm&r=g\",\"url\":\"https:\\\/\\\/secure.gravatar.com\\\/avatar\\\/e4a9cb58548fedeb6143fa536c79b44c34454539235177c55c5819d74963e9d6?s=96&d=mm&r=g\",\"contentUrl\":\"https:\\\/\\\/secure.gravatar.com\\\/avatar\\\/e4a9cb58548fedeb6143fa536c79b44c34454539235177c55c5819d74963e9d6?s=96&d=mm&r=g\",\"caption\":\"Ismael Rojas\"},\"url\":\"https:\\\/\\\/ferabrajan.com\\\/portal\\\/author\\\/ismael\\\/\"}]}<\/script>\n<!-- \/ Yoast SEO plugin. -->","yoast_head_json":{"title":"\u00a1Fiestas Patrias en Puebla ser\u00e1n seguras! Preparan operativo para el 15 y 16 de septiembre - Fer Abrajan","robots":{"index":"index","follow":"follow","max-snippet":"max-snippet:-1","max-image-preview":"max-image-preview:large","max-video-preview":"max-video-preview:-1"},"canonical":"https:\/\/ferabrajan.com\/portal\/2026\/09\/02\/fiestas-patrias-en-puebla-seran-seguras-preparan-operativo-para-el-15-y-16-de-septiembre\/","og_locale":"es_ES","og_type":"article","og_title":"\u00a1Fiestas Patrias en Puebla ser\u00e1n seguras! Preparan operativo para el 15 y 16 de septiembre - Fer Abrajan","og_description":"Puebla, Pue.\u2013 El Gobierno del Estado asegur\u00f3 que est\u00e1n dadas las condiciones de seguridad para que las familias poblanas disfruten de los festejos patrios del 15 y 16 de septiembre, con operativos coordinados entre autoridades estatales, federales y municipales. El gobernador Alejandro Armenta Mier destac\u00f3 que la Guardia Nacional, DEFENSA, Marina y la Secretar\u00eda de Seguridad P\u00fablica mantienen coordinaci\u00f3n permanente con el Ayuntamiento de Puebla para fortalecer la vigilancia y proteger a quienes participen en las celebraciones. El mandatario estatal se\u00f1al\u00f3 que la noche del 15 de septiembre se desarrollar\u00e1 bajo un esquema de seguridad y orden, por lo que invit\u00f3 a las familias a acudir a disfrutar de la celebraci\u00f3n mexicana con tranquilidad. Para el desfile del 16 de septiembre, agreg\u00f3, tambi\u00e9n se contempla la presencia de las instituciones encargadas de preservar el orden y salvaguardar la integridad de la poblaci\u00f3n, con el objetivo de generar un ambiente familiar y seguro. Armenta inform\u00f3 adem\u00e1s que en los municipios del interior del estado se implementan las acciones necesarias para mantener la gobernabilidad y garantizar condiciones de tranquilidad durante las actividades relacionadas con las fiestas patrias. Finalmente, reiter\u00f3 que Puebla mantiene coordinaci\u00f3n con el Gobierno de M\u00e9xico, encabezado por la presidenta Claudia Sheinbaum Pardo, para fortalecer las estrategias de seguridad y lograr que las celebraciones se desarrollen en paz, con orden y unidad.","og_url":"https:\/\/ferabrajan.com\/portal\/2026\/09\/02\/fiestas-patrias-en-puebla-seran-seguras-preparan-operativo-para-el-15-y-16-de-septiembre\/","og_site_name":"Fer Abrajan","article_publisher":"https:\/\/www.facebook.com\/NoticiasconFerAbrajan\/","article_published_time":"2026-09-02T21:28:28+00:00","og_image":[{"width":1280,"height":952,"url":"https:\/\/ferabrajan.com\/portal\/wp-content\/uploads\/2026\/09\/FOTO1_6.jpeg","type":"image\/jpeg"}],"author":"Ismael Rojas","twitter_card":"summary_large_image","twitter_creator":"@ferabrajan1","twitter_site":"@ferabrajan1","twitter_misc":{"Escrito por":"Ismael Rojas","Tiempo de lectura":"2 minutos"},"schema":{"@context":"https:\/\/schema.org","@graph":[{"@type":"Article","@id":"https:\/\/ferabrajan.com\/portal\/2026\/09\/02\/fiestas-patrias-en-puebla-seran-seguras-preparan-operativo-para-el-15-y-16-de-septiembre\/#article","isPartOf":{"@id":"https:\/\/ferabrajan.com\/portal\/2026\/09\/02\/fiestas-patrias-en-puebla-seran-seguras-preparan-operativo-para-el-15-y-16-de-septiembre\/"},"author":{"name":"Ismael Rojas","@id":"https:\/\/ferabrajan.com\/portal\/#\/schema\/person\/83ed4fff5d7e4c8edf481fa39f71acb2"},"headline":"\u00a1Fiestas Patrias en Puebla ser\u00e1n seguras! Preparan operativo para el 15 y 16 de septiembre","datePublished":"2026-09-02T21:28:28+00:00","mainEntityOfPage":{"@id":"https:\/\/ferabrajan.com\/portal\/2026\/09\/02\/fiestas-patrias-en-puebla-seran-seguras-preparan-operativo-para-el-15-y-16-de-septiembre\/"},"wordCount":243,"publisher":{"@id":"https:\/\/ferabrajan.com\/portal\/#organization"},"image":{"@id":"https:\/\/ferabrajan.com\/portal\/2026\/09\/02\/fiestas-patrias-en-puebla-seran-seguras-preparan-operativo-para-el-15-y-16-de-septiembre\/#primaryimage"},"thumbnailUrl":"https:\/\/ferabrajan.com\/portal\/wp-content\/uploads\/2026\/09\/FOTO1_6.jpeg","keywords":["Alejandro Armenta Mier","DEFENSA","Fiestas Patrias","Guardia nacional","Marina"],"articleSection":["Principal","Puebla"],"inLanguage":"es"},{"@type":"WebPage","@id":"https:\/\/ferabrajan.com\/portal\/2026\/09\/02\/fiestas-patrias-en-puebla-seran-seguras-preparan-operativo-para-el-15-y-16-de-septiembre\/","url":"https:\/\/ferabrajan.com\/portal\/2026\/09\/02\/fiestas-patrias-en-puebla-seran-seguras-preparan-operativo-para-el-15-y-16-de-septiembre\/","name":"\u00a1Fiestas Patrias en Puebla ser\u00e1n seguras! Preparan operativo para el 15 y 16 de septiembre - Fer Abrajan","isPartOf":{"@id":"https:\/\/ferabrajan.com\/portal\/#website"},"primaryImageOfPage":{"@id":"https:\/\/ferabrajan.com\/portal\/2026\/09\/02\/fiestas-patrias-en-puebla-seran-seguras-preparan-operativo-para-el-15-y-16-de-septiembre\/#primaryimage"},"image":{"@id":"https:\/\/ferabrajan.com\/portal\/2026\/09\/02\/fiestas-patrias-en-puebla-seran-seguras-preparan-operativo-para-el-15-y-16-de-septiembre\/#primaryimage"},"thumbnailUrl":"https:\/\/ferabrajan.com\/portal\/wp-content\/uploads\/2026\/09\/FOTO1_6.jpeg","datePublished":"2026-09-02T21:28:28+00:00","breadcrumb":{"@id":"https:\/\/ferabrajan.com\/portal\/2026\/09\/02\/fiestas-patrias-en-puebla-seran-seguras-preparan-operativo-para-el-15-y-16-de-septiembre\/#breadcrumb"},"inLanguage":"es","potentialAction":[{"@type":"ReadAction","target":["https:\/\/ferabrajan.com\/portal\/2026\/09\/02\/fiestas-patrias-en-puebla-seran-seguras-preparan-operativo-para-el-15-y-16-de-septiembre\/"]}]},{"@type":"ImageObject","inLanguage":"es","@id":"https:\/\/ferabrajan.com\/portal\/2026\/09\/02\/fiestas-patrias-en-puebla-seran-seguras-preparan-operativo-para-el-15-y-16-de-septiembre\/#primaryimage","url":"https:\/\/ferabrajan.com\/portal\/wp-content\/uploads\/2026\/09\/FOTO1_6.jpeg","contentUrl":"https:\/\/ferabrajan.com\/portal\/wp-content\/uploads\/2026\/09\/FOTO1_6.jpeg","width":1280,"height":952},{"@type":"BreadcrumbList","@id":"https:\/\/ferabrajan.com\/portal\/2026\/09\/02\/fiestas-patrias-en-puebla-seran-seguras-preparan-operativo-para-el-15-y-16-de-septiembre\/#breadcrumb","itemListElement":[{"@type":"ListItem","position":1,"name":"Portada","item":"https:\/\/ferabrajan.com\/portal\/"},{"@type":"ListItem","position":2,"name":"\u00a1Fiestas Patrias en Puebla ser\u00e1n seguras! Preparan operativo para el 15 y 16 de septiembre"}]},{"@type":"WebSite","@id":"https:\/\/ferabrajan.com\/portal\/#website","url":"https:\/\/ferabrajan.com\/portal\/","name":"Fer Abrajan","description":"Noticias de Puebla, opini\u00f3n y radio en vivo","publisher":{"@id":"https:\/\/ferabrajan.com\/portal\/#organization"},"potentialAction":[{"@type":"SearchAction","target":{"@type":"EntryPoint","urlTemplate":"https:\/\/ferabrajan.com\/portal\/?s={search_term_string}"},"query-input":{"@type":"PropertyValueSpecification","valueRequired":true,"valueName":"search_term_string"}}],"inLanguage":"es"},{"@type":"Organization","@id":"https:\/\/ferabrajan.com\/portal\/#organization","name":"Fer Abrajan","url":"https:\/\/ferabrajan.com\/portal\/","logo":{"@type":"ImageObject","inLanguage":"es","@id":"https:\/\/ferabrajan.com\/portal\/#\/schema\/logo\/image\/","url":"https:\/\/ferabrajan.com\/portal\/wp-content\/uploads\/2024\/10\/cropped-logo.jpeg","contentUrl":"https:\/\/ferabrajan.com\/portal\/wp-content\/uploads\/2024\/10\/cropped-logo.jpeg","width":500,"height":250,"caption":"Fer Abrajan"},"image":{"@id":"https:\/\/ferabrajan.com\/portal\/#\/schema\/logo\/image\/"},"sameAs":["https:\/\/www.facebook.com\/NoticiasconFerAbrajan\/","https:\/\/x.com\/ferabrajan1"]},{"@type":"Person","@id":"https:\/\/ferabrajan.com\/portal\/#\/schema\/person\/83ed4fff5d7e4c8edf481fa39f71acb2","name":"Ismael Rojas","image":{"@type":"ImageObject","inLanguage":"es","@id":"https:\/\/secure.gravatar.com\/avatar\/e4a9cb58548fedeb6143fa536c79b44c34454539235177c55c5819d74963e9d6?s=96&d=mm&r=g","url":"https:\/\/secure.gravatar.com\/avatar\/e4a9cb58548fedeb6143fa536c79b44c34454539235177c55c5819d74963e9d6?s=96&d=mm&r=g","contentUrl":"https:\/\/secure.gravatar.com\/avatar\/e4a9cb58548fedeb6143fa536c79b44c34454539235177c55c5819d74963e9d6?s=96&d=mm&r=g","caption":"Ismael Rojas"},"url":"https:\/\/ferabrajan.com\/portal\/author\/ismael\/"}]}},"_links":{"self":[{"href":"https:\/\/ferabrajan.com\/portal\/wp-json\/wp\/v2\/posts\/84247","targetHints":{"allow":["GET"]}}],"collection":[{"href":"https:\/\/ferabrajan.com\/portal\/wp-json\/wp\/v2\/posts"}],"about":[{"href":"https:\/\/ferabrajan.com\/portal\/wp-json\/wp\/v2\/types\/post"}],"author":[{"embeddable":true,"href":"https:\/\/ferabrajan.com\/portal\/wp-json\/wp\/v2\/users\/4"}],"replies":[{"embeddable":true,"href":"https:\/\/ferabrajan.com\/portal\/wp-json\/wp\/v2\/comments?post=84247"}],"version-history":[{"count":1,"href":"https:\/\/ferabrajan.com\/portal\/wp-json\/wp\/v2\/posts\/84247\/revisions"}],"predecessor-version":[{"id":84249,"href":"https:\/\/ferabrajan.com\/portal\/wp-json\/wp\/v2\/posts\/84247\/revisions\/84249"}],"wp:featuredmedia":[{"embeddable":true,"href":"https:\/\/ferabrajan.com\/portal\/wp-json\/wp\/v2\/media\/84248"}],"wp:attachment":[{"href":"https:\/\/ferabrajan.com\/portal\/wp-json\/wp\/v2\/media?parent=84247"}],"wp:term":[{"taxonomy":"category","embeddable":true,"href":"https:\/\/ferabrajan.com\/portal\/wp-json\/wp\/v2\/categories?post=84247"},{"taxonomy":"post_tag","embeddable":true,"href":"https:\/\/ferabrajan.com\/portal\/wp-json\/wp\/v2\/tags?post=84247"}],"curies":[{"name":"wp","href":"https:\/\/api.w.org\/{rel}","templated":true}]}}