{"id":84239,"date":"2026-09-02T20:16:45","date_gmt":"2026-09-02T20:16:45","guid":{"rendered":"https:\/\/ferabrajan.com\/portal\/?p=84239"},"modified":"2026-09-02T20:16:45","modified_gmt":"2026-09-02T20:16:45","slug":"puebla-se-consolida-como-segundo-productor-nacional-de-mezcal-con-industria-de-mil-mdp","status":"publish","type":"post","link":"https:\/\/ferabrajan.com\/portal\/2026\/09\/02\/puebla-se-consolida-como-segundo-productor-nacional-de-mezcal-con-industria-de-mil-mdp\/","title":{"rendered":"Puebla se consolida como segundo productor nacional de mezcal con industria de mil mdp"},"content":{"rendered":"<p data-path-to-node=\"1\">El sector mezcalero de Puebla alcanz\u00f3 un valor de producci\u00f3n anual de mil millones de pesos, posicionando a la entidad como la segunda potencia productora de M\u00e9xico, \u00fanicamente detr\u00e1s de Oaxaca; as\u00ed lo dio a conocer Ana Laura Altamirano P\u00e9rez, titular de la Secretar\u00eda de Agricultura y Desarrollo Rural (SADR) del Gobierno del Estado.<\/p>\n<p data-path-to-node=\"2\">Los datos alcanzados en 2025 destacan el crecimiento exponencial de la cadena agroindustrial en el estado:<\/p>\n<ul data-path-to-node=\"3\">\n<li>\n<p data-path-to-node=\"3,0,0\">Volumen de producci\u00f3n: Se produjeron 650 mil litros de mezcal, de los cuales 110 mil litros se comercializaron envasados en el mercado nacional y 49 mil litros se destinaron a la exportaci\u00f3n.<\/p>\n<\/li>\n<li>\n<p data-path-to-node=\"3,1,0\">Infraestructura agraria: Puebla cuenta con m\u00e1s de 20 mil hect\u00e1reas de agave, 31 especies identificadas y 210 viveros con capacidad para generar 12 millones de plantas al a\u00f1o.<\/p>\n<\/li>\n<li>\n<p data-path-to-node=\"3,2,0\">Cadena de transformaci\u00f3n: Existen en el estado m\u00e1s de 250 f\u00e1bricas y palenques (90% propiedad de peque\u00f1os productores), 70 palenques certificados y 88 envasadores registrados bajo la norma NOM-070.<\/p>\n<\/li>\n<\/ul>\n<p data-path-to-node=\"4\"><strong>Impulso econ\u00f3mico e inversi\u00f3n estatal<\/strong><\/p>\n<p data-path-to-node=\"5\">Para detonar la competitividad del sector, el Gobierno de Alejandro Armenta Mier, mantiene el <i data-path-to-node=\"5\" data-index-in-node=\"134\">Programa Agave Mezcalero<\/i>, el cual destina una inversi\u00f3n anual superior a 50 millones de pesos para la entrega de equipamiento, transferencia tecnol\u00f3gica y acompa\u00f1amiento t\u00e9cnico.<\/p>\n<p data-path-to-node=\"6\">Desde la obtenci\u00f3n de la Denominaci\u00f3n de Origen Mezcal en 2015, la cobertura geogr\u00e1fica del destilado abarca 118 municipios poblanos, de los cuales 110 registran actualmente plantaciones de agave activas.<\/p>\n<p data-path-to-node=\"6\">\n<p data-path-to-node=\"6\"><img fetchpriority=\"high\" decoding=\"async\" class=\"alignnone  wp-image-84240\" src=\"https:\/\/ferabrajan.com\/portal\/wp-content\/uploads\/2026\/09\/Mezcal-poblano-1-300x200.jpeg\" alt=\"\" width=\"383\" height=\"255\" srcset=\"https:\/\/ferabrajan.com\/portal\/wp-content\/uploads\/2026\/09\/Mezcal-poblano-1-300x200.jpeg 300w, https:\/\/ferabrajan.com\/portal\/wp-content\/uploads\/2026\/09\/Mezcal-poblano-1-1024x683.jpeg 1024w, https:\/\/ferabrajan.com\/portal\/wp-content\/uploads\/2026\/09\/Mezcal-poblano-1-768x512.jpeg 768w, https:\/\/ferabrajan.com\/portal\/wp-content\/uploads\/2026\/09\/Mezcal-poblano-1.jpeg 1280w\" sizes=\"(max-width: 383px) 100vw, 383px\" \/><\/p>\n<p data-path-to-node=\"7\"><b data-path-to-node=\"7\" data-index-in-node=\"0\">Calidad galardonada a nivel internacional<\/b><\/p>\n<p data-path-to-node=\"8\">El posicionamiento del mezcal poblano ha sido respaldado por competencias de la industria:<\/p>\n<ol start=\"1\" data-path-to-node=\"9\">\n<li>\n<p data-path-to-node=\"9,0,0\">Quinto Concurso Nacional de Marcas de Mezcal: Puebla arras\u00f3 al obtener 91 de las 112 medallas disputadas.<\/p>\n<\/li>\n<li>\n<p data-path-to-node=\"9,1,0\">Concours Mondial de Bruxelles (edici\u00f3n Portugal): Un total de 52 muestras poblanas compitieron en el certamen internacional.<\/p>\n<\/li>\n<\/ol>\n<p data-path-to-node=\"10\">Con esta estrategia de desarrollo rural, alineada con la pol\u00edtica agr\u00edcola federal de la presidenta Claudia Sheinbaum, Puebla refuerza su presencia en mercados internacionales y consolida al agave como motor de ingresos, empleo y conservaci\u00f3n ambiental en las comunidades del estado.<\/p>\n<p data-path-to-node=\"10\">Vale mencionar que el pr\u00f3ximo jueves 3 de septiembre en Puebla iniciar\u00e1 el Encuentro Nacional Mezcalero que recibir\u00e1 a productores locales y de otras entidades hasta el domingo 6 del mismo mes.<\/p>\n","protected":false},"excerpt":{"rendered":"<p>El sector mezcalero de Puebla alcanz\u00f3 un valor de producci\u00f3n anual de mil millones de pesos, posicionando a la entidad como la segunda potencia productora de M\u00e9xico, \u00fanicamente detr\u00e1s de Oaxaca; as\u00ed lo dio a conocer Ana Laura Altamirano P\u00e9rez, titular de la Secretar\u00eda de Agricultura y Desarrollo Rural (SADR) del Gobierno del Estado. Los datos alcanzados en 2025 destacan el crecimiento exponencial de la cadena agroindustrial en el estado: Volumen de producci\u00f3n: Se produjeron 650 mil litros de mezcal, de los cuales 110 mil litros se comercializaron envasados en el mercado nacional y 49 mil litros se destinaron a la exportaci\u00f3n. Infraestructura agraria: Puebla cuenta con m\u00e1s de 20 mil hect\u00e1reas de agave, 31 especies identificadas y 210 viveros con capacidad para generar 12 millones de plantas al a\u00f1o. Cadena de transformaci\u00f3n: Existen en el estado m\u00e1s de 250 f\u00e1bricas y palenques (90% propiedad de peque\u00f1os productores), 70 palenques certificados y 88 envasadores registrados bajo la norma NOM-070. Impulso econ\u00f3mico e inversi\u00f3n estatal Para detonar la competitividad del sector, el Gobierno de Alejandro Armenta Mier, mantiene el Programa Agave Mezcalero, el cual destina una inversi\u00f3n anual superior a 50 millones de pesos para la entrega de equipamiento, transferencia tecnol\u00f3gica y acompa\u00f1amiento t\u00e9cnico. Desde la obtenci\u00f3n de la Denominaci\u00f3n de Origen Mezcal en 2015, la cobertura geogr\u00e1fica del destilado abarca 118 municipios poblanos, de los cuales 110 registran actualmente plantaciones de agave activas. Calidad galardonada a nivel internacional El posicionamiento del mezcal poblano ha sido respaldado por competencias de la industria: Quinto Concurso Nacional de Marcas de Mezcal: Puebla arras\u00f3 al obtener 91 de las 112 medallas disputadas. Concours Mondial de Bruxelles (edici\u00f3n Portugal): Un total de 52 muestras poblanas compitieron en el certamen internacional. Con esta estrategia de desarrollo rural, alineada con la pol\u00edtica agr\u00edcola federal de la presidenta Claudia Sheinbaum, Puebla refuerza su presencia en mercados internacionales y consolida al agave como motor de ingresos, empleo y conservaci\u00f3n ambiental en las comunidades del estado. Vale mencionar que el pr\u00f3ximo jueves 3 de septiembre en Puebla iniciar\u00e1 el Encuentro Nacional Mezcalero que recibir\u00e1 a productores locales y de otras entidades hasta el domingo 6 del mismo mes.<\/p>\n","protected":false},"author":2,"featured_media":84241,"comment_status":"closed","ping_status":"closed","sticky":false,"template":"","format":"standard","meta":{"_monsterinsights_skip_tracking":false,"_uf_show_specific_survey":0,"_uf_disable_surveys":false,"footnotes":""},"categories":[585,34],"tags":[106,787,5289,26],"class_list":["post-84239","post","type-post","status-publish","format-standard","has-post-thumbnail","hentry","category-principal","category-puebla","tag-alejandro-armenta","tag-mezcal","tag-mezcaleros","tag-puebla"],"yoast_head":"<!-- This site is optimized with the Yoast SEO plugin v27.5 - https:\/\/yoast.com\/product\/yoast-seo-wordpress\/ -->\n<title>Puebla se consolida como segundo productor nacional de mezcal con industria de mil mdp - Fer Abrajan<\/title>\n<meta name=\"robots\" content=\"index, follow, max-snippet:-1, max-image-preview:large, max-video-preview:-1\" \/>\n<link rel=\"canonical\" href=\"https:\/\/ferabrajan.com\/portal\/2026\/09\/02\/puebla-se-consolida-como-segundo-productor-nacional-de-mezcal-con-industria-de-mil-mdp\/\" \/>\n<meta property=\"og:locale\" content=\"es_ES\" \/>\n<meta property=\"og:type\" content=\"article\" \/>\n<meta property=\"og:title\" content=\"Puebla se consolida como segundo productor nacional de mezcal con industria de mil mdp - Fer Abrajan\" \/>\n<meta property=\"og:description\" content=\"El sector mezcalero de Puebla alcanz\u00f3 un valor de producci\u00f3n anual de mil millones de pesos, posicionando a la entidad como la segunda potencia productora de M\u00e9xico, \u00fanicamente detr\u00e1s de Oaxaca; as\u00ed lo dio a conocer Ana Laura Altamirano P\u00e9rez, titular de la Secretar\u00eda de Agricultura y Desarrollo Rural (SADR) del Gobierno del Estado. Los datos alcanzados en 2025 destacan el crecimiento exponencial de la cadena agroindustrial en el estado: Volumen de producci\u00f3n: Se produjeron 650 mil litros de mezcal, de los cuales 110 mil litros se comercializaron envasados en el mercado nacional y 49 mil litros se destinaron a la exportaci\u00f3n. Infraestructura agraria: Puebla cuenta con m\u00e1s de 20 mil hect\u00e1reas de agave, 31 especies identificadas y 210 viveros con capacidad para generar 12 millones de plantas al a\u00f1o. Cadena de transformaci\u00f3n: Existen en el estado m\u00e1s de 250 f\u00e1bricas y palenques (90% propiedad de peque\u00f1os productores), 70 palenques certificados y 88 envasadores registrados bajo la norma NOM-070. Impulso econ\u00f3mico e inversi\u00f3n estatal Para detonar la competitividad del sector, el Gobierno de Alejandro Armenta Mier, mantiene el Programa Agave Mezcalero, el cual destina una inversi\u00f3n anual superior a 50 millones de pesos para la entrega de equipamiento, transferencia tecnol\u00f3gica y acompa\u00f1amiento t\u00e9cnico. Desde la obtenci\u00f3n de la Denominaci\u00f3n de Origen Mezcal en 2015, la cobertura geogr\u00e1fica del destilado abarca 118 municipios poblanos, de los cuales 110 registran actualmente plantaciones de agave activas. Calidad galardonada a nivel internacional El posicionamiento del mezcal poblano ha sido respaldado por competencias de la industria: Quinto Concurso Nacional de Marcas de Mezcal: Puebla arras\u00f3 al obtener 91 de las 112 medallas disputadas. Concours Mondial de Bruxelles (edici\u00f3n Portugal): Un total de 52 muestras poblanas compitieron en el certamen internacional. Con esta estrategia de desarrollo rural, alineada con la pol\u00edtica agr\u00edcola federal de la presidenta Claudia Sheinbaum, Puebla refuerza su presencia en mercados internacionales y consolida al agave como motor de ingresos, empleo y conservaci\u00f3n ambiental en las comunidades del estado. Vale mencionar que el pr\u00f3ximo jueves 3 de septiembre en Puebla iniciar\u00e1 el Encuentro Nacional Mezcalero que recibir\u00e1 a productores locales y de otras entidades hasta el domingo 6 del mismo mes.\" \/>\n<meta property=\"og:url\" content=\"https:\/\/ferabrajan.com\/portal\/2026\/09\/02\/puebla-se-consolida-como-segundo-productor-nacional-de-mezcal-con-industria-de-mil-mdp\/\" \/>\n<meta property=\"og:site_name\" content=\"Fer Abrajan\" \/>\n<meta property=\"article:publisher\" content=\"https:\/\/www.facebook.com\/NoticiasconFerAbrajan\/\" \/>\n<meta property=\"article:published_time\" content=\"2026-09-02T20:16:45+00:00\" \/>\n<meta property=\"og:image\" content=\"https:\/\/ferabrajan.com\/portal\/wp-content\/uploads\/2026\/09\/Mezcal-poblano.jpeg\" \/>\n\t<meta property=\"og:image:width\" content=\"1280\" \/>\n\t<meta property=\"og:image:height\" content=\"854\" \/>\n\t<meta property=\"og:image:type\" content=\"image\/jpeg\" \/>\n<meta name=\"author\" content=\"Fer Abrajan\" \/>\n<meta name=\"twitter:card\" content=\"summary_large_image\" \/>\n<meta name=\"twitter:creator\" content=\"@ferabrajan1\" \/>\n<meta name=\"twitter:site\" content=\"@ferabrajan1\" \/>\n<meta name=\"twitter:label1\" content=\"Escrito por\" \/>\n\t<meta name=\"twitter:data1\" content=\"Fer Abrajan\" \/>\n\t<meta name=\"twitter:label2\" content=\"Tiempo de lectura\" \/>\n\t<meta name=\"twitter:data2\" content=\"3 minutos\" \/>\n<script type=\"application\/ld+json\" class=\"yoast-schema-graph\">{\"@context\":\"https:\\\/\\\/schema.org\",\"@graph\":[{\"@type\":\"Article\",\"@id\":\"https:\\\/\\\/ferabrajan.com\\\/portal\\\/2026\\\/09\\\/02\\\/puebla-se-consolida-como-segundo-productor-nacional-de-mezcal-con-industria-de-mil-mdp\\\/#article\",\"isPartOf\":{\"@id\":\"https:\\\/\\\/ferabrajan.com\\\/portal\\\/2026\\\/09\\\/02\\\/puebla-se-consolida-como-segundo-productor-nacional-de-mezcal-con-industria-de-mil-mdp\\\/\"},\"author\":{\"name\":\"Fer Abrajan\",\"@id\":\"https:\\\/\\\/ferabrajan.com\\\/portal\\\/#\\\/schema\\\/person\\\/409810f04ae2414635b53953eb892c6a\"},\"headline\":\"Puebla se consolida como segundo productor nacional de mezcal con industria de mil mdp\",\"datePublished\":\"2026-09-02T20:16:45+00:00\",\"mainEntityOfPage\":{\"@id\":\"https:\\\/\\\/ferabrajan.com\\\/portal\\\/2026\\\/09\\\/02\\\/puebla-se-consolida-como-segundo-productor-nacional-de-mezcal-con-industria-de-mil-mdp\\\/\"},\"wordCount\":379,\"publisher\":{\"@id\":\"https:\\\/\\\/ferabrajan.com\\\/portal\\\/#organization\"},\"image\":{\"@id\":\"https:\\\/\\\/ferabrajan.com\\\/portal\\\/2026\\\/09\\\/02\\\/puebla-se-consolida-como-segundo-productor-nacional-de-mezcal-con-industria-de-mil-mdp\\\/#primaryimage\"},\"thumbnailUrl\":\"https:\\\/\\\/ferabrajan.com\\\/portal\\\/wp-content\\\/uploads\\\/2026\\\/09\\\/Mezcal-poblano.jpeg\",\"keywords\":[\"Alejandro Armenta\",\"mezcal\",\"Mezcaleros\",\"puebla\"],\"articleSection\":[\"Principal\",\"Puebla\"],\"inLanguage\":\"es\"},{\"@type\":\"WebPage\",\"@id\":\"https:\\\/\\\/ferabrajan.com\\\/portal\\\/2026\\\/09\\\/02\\\/puebla-se-consolida-como-segundo-productor-nacional-de-mezcal-con-industria-de-mil-mdp\\\/\",\"url\":\"https:\\\/\\\/ferabrajan.com\\\/portal\\\/2026\\\/09\\\/02\\\/puebla-se-consolida-como-segundo-productor-nacional-de-mezcal-con-industria-de-mil-mdp\\\/\",\"name\":\"Puebla se consolida como segundo productor nacional de mezcal con industria de mil mdp - Fer Abrajan\",\"isPartOf\":{\"@id\":\"https:\\\/\\\/ferabrajan.com\\\/portal\\\/#website\"},\"primaryImageOfPage\":{\"@id\":\"https:\\\/\\\/ferabrajan.com\\\/portal\\\/2026\\\/09\\\/02\\\/puebla-se-consolida-como-segundo-productor-nacional-de-mezcal-con-industria-de-mil-mdp\\\/#primaryimage\"},\"image\":{\"@id\":\"https:\\\/\\\/ferabrajan.com\\\/portal\\\/2026\\\/09\\\/02\\\/puebla-se-consolida-como-segundo-productor-nacional-de-mezcal-con-industria-de-mil-mdp\\\/#primaryimage\"},\"thumbnailUrl\":\"https:\\\/\\\/ferabrajan.com\\\/portal\\\/wp-content\\\/uploads\\\/2026\\\/09\\\/Mezcal-poblano.jpeg\",\"datePublished\":\"2026-09-02T20:16:45+00:00\",\"breadcrumb\":{\"@id\":\"https:\\\/\\\/ferabrajan.com\\\/portal\\\/2026\\\/09\\\/02\\\/puebla-se-consolida-como-segundo-productor-nacional-de-mezcal-con-industria-de-mil-mdp\\\/#breadcrumb\"},\"inLanguage\":\"es\",\"potentialAction\":[{\"@type\":\"ReadAction\",\"target\":[\"https:\\\/\\\/ferabrajan.com\\\/portal\\\/2026\\\/09\\\/02\\\/puebla-se-consolida-como-segundo-productor-nacional-de-mezcal-con-industria-de-mil-mdp\\\/\"]}]},{\"@type\":\"ImageObject\",\"inLanguage\":\"es\",\"@id\":\"https:\\\/\\\/ferabrajan.com\\\/portal\\\/2026\\\/09\\\/02\\\/puebla-se-consolida-como-segundo-productor-nacional-de-mezcal-con-industria-de-mil-mdp\\\/#primaryimage\",\"url\":\"https:\\\/\\\/ferabrajan.com\\\/portal\\\/wp-content\\\/uploads\\\/2026\\\/09\\\/Mezcal-poblano.jpeg\",\"contentUrl\":\"https:\\\/\\\/ferabrajan.com\\\/portal\\\/wp-content\\\/uploads\\\/2026\\\/09\\\/Mezcal-poblano.jpeg\",\"width\":1280,\"height\":854},{\"@type\":\"BreadcrumbList\",\"@id\":\"https:\\\/\\\/ferabrajan.com\\\/portal\\\/2026\\\/09\\\/02\\\/puebla-se-consolida-como-segundo-productor-nacional-de-mezcal-con-industria-de-mil-mdp\\\/#breadcrumb\",\"itemListElement\":[{\"@type\":\"ListItem\",\"position\":1,\"name\":\"Portada\",\"item\":\"https:\\\/\\\/ferabrajan.com\\\/portal\\\/\"},{\"@type\":\"ListItem\",\"position\":2,\"name\":\"Puebla se consolida como segundo productor nacional de mezcal con industria de mil mdp\"}]},{\"@type\":\"WebSite\",\"@id\":\"https:\\\/\\\/ferabrajan.com\\\/portal\\\/#website\",\"url\":\"https:\\\/\\\/ferabrajan.com\\\/portal\\\/\",\"name\":\"Fer Abrajan\",\"description\":\"Noticias de Puebla, opini\u00f3n y radio en vivo\",\"publisher\":{\"@id\":\"https:\\\/\\\/ferabrajan.com\\\/portal\\\/#organization\"},\"potentialAction\":[{\"@type\":\"SearchAction\",\"target\":{\"@type\":\"EntryPoint\",\"urlTemplate\":\"https:\\\/\\\/ferabrajan.com\\\/portal\\\/?s={search_term_string}\"},\"query-input\":{\"@type\":\"PropertyValueSpecification\",\"valueRequired\":true,\"valueName\":\"search_term_string\"}}],\"inLanguage\":\"es\"},{\"@type\":\"Organization\",\"@id\":\"https:\\\/\\\/ferabrajan.com\\\/portal\\\/#organization\",\"name\":\"Fer Abrajan\",\"url\":\"https:\\\/\\\/ferabrajan.com\\\/portal\\\/\",\"logo\":{\"@type\":\"ImageObject\",\"inLanguage\":\"es\",\"@id\":\"https:\\\/\\\/ferabrajan.com\\\/portal\\\/#\\\/schema\\\/logo\\\/image\\\/\",\"url\":\"https:\\\/\\\/ferabrajan.com\\\/portal\\\/wp-content\\\/uploads\\\/2024\\\/10\\\/cropped-logo.jpeg\",\"contentUrl\":\"https:\\\/\\\/ferabrajan.com\\\/portal\\\/wp-content\\\/uploads\\\/2024\\\/10\\\/cropped-logo.jpeg\",\"width\":500,\"height\":250,\"caption\":\"Fer Abrajan\"},\"image\":{\"@id\":\"https:\\\/\\\/ferabrajan.com\\\/portal\\\/#\\\/schema\\\/logo\\\/image\\\/\"},\"sameAs\":[\"https:\\\/\\\/www.facebook.com\\\/NoticiasconFerAbrajan\\\/\",\"https:\\\/\\\/x.com\\\/ferabrajan1\"]},{\"@type\":\"Person\",\"@id\":\"https:\\\/\\\/ferabrajan.com\\\/portal\\\/#\\\/schema\\\/person\\\/409810f04ae2414635b53953eb892c6a\",\"name\":\"Fer Abrajan\",\"image\":{\"@type\":\"ImageObject\",\"inLanguage\":\"es\",\"@id\":\"https:\\\/\\\/secure.gravatar.com\\\/avatar\\\/14a22c98926007f26dad1674f7e574700703d917b7db6886c7b50d7a6d983fca?s=96&d=mm&r=g\",\"url\":\"https:\\\/\\\/secure.gravatar.com\\\/avatar\\\/14a22c98926007f26dad1674f7e574700703d917b7db6886c7b50d7a6d983fca?s=96&d=mm&r=g\",\"contentUrl\":\"https:\\\/\\\/secure.gravatar.com\\\/avatar\\\/14a22c98926007f26dad1674f7e574700703d917b7db6886c7b50d7a6d983fca?s=96&d=mm&r=g\",\"caption\":\"Fer Abrajan\"},\"url\":\"https:\\\/\\\/ferabrajan.com\\\/portal\\\/author\\\/fabrajan\\\/\"}]}<\/script>\n<!-- \/ Yoast SEO plugin. -->","yoast_head_json":{"title":"Puebla se consolida como segundo productor nacional de mezcal con industria de mil mdp - Fer Abrajan","robots":{"index":"index","follow":"follow","max-snippet":"max-snippet:-1","max-image-preview":"max-image-preview:large","max-video-preview":"max-video-preview:-1"},"canonical":"https:\/\/ferabrajan.com\/portal\/2026\/09\/02\/puebla-se-consolida-como-segundo-productor-nacional-de-mezcal-con-industria-de-mil-mdp\/","og_locale":"es_ES","og_type":"article","og_title":"Puebla se consolida como segundo productor nacional de mezcal con industria de mil mdp - Fer Abrajan","og_description":"El sector mezcalero de Puebla alcanz\u00f3 un valor de producci\u00f3n anual de mil millones de pesos, posicionando a la entidad como la segunda potencia productora de M\u00e9xico, \u00fanicamente detr\u00e1s de Oaxaca; as\u00ed lo dio a conocer Ana Laura Altamirano P\u00e9rez, titular de la Secretar\u00eda de Agricultura y Desarrollo Rural (SADR) del Gobierno del Estado. Los datos alcanzados en 2025 destacan el crecimiento exponencial de la cadena agroindustrial en el estado: Volumen de producci\u00f3n: Se produjeron 650 mil litros de mezcal, de los cuales 110 mil litros se comercializaron envasados en el mercado nacional y 49 mil litros se destinaron a la exportaci\u00f3n. Infraestructura agraria: Puebla cuenta con m\u00e1s de 20 mil hect\u00e1reas de agave, 31 especies identificadas y 210 viveros con capacidad para generar 12 millones de plantas al a\u00f1o. Cadena de transformaci\u00f3n: Existen en el estado m\u00e1s de 250 f\u00e1bricas y palenques (90% propiedad de peque\u00f1os productores), 70 palenques certificados y 88 envasadores registrados bajo la norma NOM-070. Impulso econ\u00f3mico e inversi\u00f3n estatal Para detonar la competitividad del sector, el Gobierno de Alejandro Armenta Mier, mantiene el Programa Agave Mezcalero, el cual destina una inversi\u00f3n anual superior a 50 millones de pesos para la entrega de equipamiento, transferencia tecnol\u00f3gica y acompa\u00f1amiento t\u00e9cnico. Desde la obtenci\u00f3n de la Denominaci\u00f3n de Origen Mezcal en 2015, la cobertura geogr\u00e1fica del destilado abarca 118 municipios poblanos, de los cuales 110 registran actualmente plantaciones de agave activas. Calidad galardonada a nivel internacional El posicionamiento del mezcal poblano ha sido respaldado por competencias de la industria: Quinto Concurso Nacional de Marcas de Mezcal: Puebla arras\u00f3 al obtener 91 de las 112 medallas disputadas. Concours Mondial de Bruxelles (edici\u00f3n Portugal): Un total de 52 muestras poblanas compitieron en el certamen internacional. Con esta estrategia de desarrollo rural, alineada con la pol\u00edtica agr\u00edcola federal de la presidenta Claudia Sheinbaum, Puebla refuerza su presencia en mercados internacionales y consolida al agave como motor de ingresos, empleo y conservaci\u00f3n ambiental en las comunidades del estado. Vale mencionar que el pr\u00f3ximo jueves 3 de septiembre en Puebla iniciar\u00e1 el Encuentro Nacional Mezcalero que recibir\u00e1 a productores locales y de otras entidades hasta el domingo 6 del mismo mes.","og_url":"https:\/\/ferabrajan.com\/portal\/2026\/09\/02\/puebla-se-consolida-como-segundo-productor-nacional-de-mezcal-con-industria-de-mil-mdp\/","og_site_name":"Fer Abrajan","article_publisher":"https:\/\/www.facebook.com\/NoticiasconFerAbrajan\/","article_published_time":"2026-09-02T20:16:45+00:00","og_image":[{"width":1280,"height":854,"url":"https:\/\/ferabrajan.com\/portal\/wp-content\/uploads\/2026\/09\/Mezcal-poblano.jpeg","type":"image\/jpeg"}],"author":"Fer Abrajan","twitter_card":"summary_large_image","twitter_creator":"@ferabrajan1","twitter_site":"@ferabrajan1","twitter_misc":{"Escrito por":"Fer Abrajan","Tiempo de lectura":"3 minutos"},"schema":{"@context":"https:\/\/schema.org","@graph":[{"@type":"Article","@id":"https:\/\/ferabrajan.com\/portal\/2026\/09\/02\/puebla-se-consolida-como-segundo-productor-nacional-de-mezcal-con-industria-de-mil-mdp\/#article","isPartOf":{"@id":"https:\/\/ferabrajan.com\/portal\/2026\/09\/02\/puebla-se-consolida-como-segundo-productor-nacional-de-mezcal-con-industria-de-mil-mdp\/"},"author":{"name":"Fer Abrajan","@id":"https:\/\/ferabrajan.com\/portal\/#\/schema\/person\/409810f04ae2414635b53953eb892c6a"},"headline":"Puebla se consolida como segundo productor nacional de mezcal con industria de mil mdp","datePublished":"2026-09-02T20:16:45+00:00","mainEntityOfPage":{"@id":"https:\/\/ferabrajan.com\/portal\/2026\/09\/02\/puebla-se-consolida-como-segundo-productor-nacional-de-mezcal-con-industria-de-mil-mdp\/"},"wordCount":379,"publisher":{"@id":"https:\/\/ferabrajan.com\/portal\/#organization"},"image":{"@id":"https:\/\/ferabrajan.com\/portal\/2026\/09\/02\/puebla-se-consolida-como-segundo-productor-nacional-de-mezcal-con-industria-de-mil-mdp\/#primaryimage"},"thumbnailUrl":"https:\/\/ferabrajan.com\/portal\/wp-content\/uploads\/2026\/09\/Mezcal-poblano.jpeg","keywords":["Alejandro Armenta","mezcal","Mezcaleros","puebla"],"articleSection":["Principal","Puebla"],"inLanguage":"es"},{"@type":"WebPage","@id":"https:\/\/ferabrajan.com\/portal\/2026\/09\/02\/puebla-se-consolida-como-segundo-productor-nacional-de-mezcal-con-industria-de-mil-mdp\/","url":"https:\/\/ferabrajan.com\/portal\/2026\/09\/02\/puebla-se-consolida-como-segundo-productor-nacional-de-mezcal-con-industria-de-mil-mdp\/","name":"Puebla se consolida como segundo productor nacional de mezcal con industria de mil mdp - Fer Abrajan","isPartOf":{"@id":"https:\/\/ferabrajan.com\/portal\/#website"},"primaryImageOfPage":{"@id":"https:\/\/ferabrajan.com\/portal\/2026\/09\/02\/puebla-se-consolida-como-segundo-productor-nacional-de-mezcal-con-industria-de-mil-mdp\/#primaryimage"},"image":{"@id":"https:\/\/ferabrajan.com\/portal\/2026\/09\/02\/puebla-se-consolida-como-segundo-productor-nacional-de-mezcal-con-industria-de-mil-mdp\/#primaryimage"},"thumbnailUrl":"https:\/\/ferabrajan.com\/portal\/wp-content\/uploads\/2026\/09\/Mezcal-poblano.jpeg","datePublished":"2026-09-02T20:16:45+00:00","breadcrumb":{"@id":"https:\/\/ferabrajan.com\/portal\/2026\/09\/02\/puebla-se-consolida-como-segundo-productor-nacional-de-mezcal-con-industria-de-mil-mdp\/#breadcrumb"},"inLanguage":"es","potentialAction":[{"@type":"ReadAction","target":["https:\/\/ferabrajan.com\/portal\/2026\/09\/02\/puebla-se-consolida-como-segundo-productor-nacional-de-mezcal-con-industria-de-mil-mdp\/"]}]},{"@type":"ImageObject","inLanguage":"es","@id":"https:\/\/ferabrajan.com\/portal\/2026\/09\/02\/puebla-se-consolida-como-segundo-productor-nacional-de-mezcal-con-industria-de-mil-mdp\/#primaryimage","url":"https:\/\/ferabrajan.com\/portal\/wp-content\/uploads\/2026\/09\/Mezcal-poblano.jpeg","contentUrl":"https:\/\/ferabrajan.com\/portal\/wp-content\/uploads\/2026\/09\/Mezcal-poblano.jpeg","width":1280,"height":854},{"@type":"BreadcrumbList","@id":"https:\/\/ferabrajan.com\/portal\/2026\/09\/02\/puebla-se-consolida-como-segundo-productor-nacional-de-mezcal-con-industria-de-mil-mdp\/#breadcrumb","itemListElement":[{"@type":"ListItem","position":1,"name":"Portada","item":"https:\/\/ferabrajan.com\/portal\/"},{"@type":"ListItem","position":2,"name":"Puebla se consolida como segundo productor nacional de mezcal con industria de mil mdp"}]},{"@type":"WebSite","@id":"https:\/\/ferabrajan.com\/portal\/#website","url":"https:\/\/ferabrajan.com\/portal\/","name":"Fer Abrajan","description":"Noticias de Puebla, opini\u00f3n y radio en vivo","publisher":{"@id":"https:\/\/ferabrajan.com\/portal\/#organization"},"potentialAction":[{"@type":"SearchAction","target":{"@type":"EntryPoint","urlTemplate":"https:\/\/ferabrajan.com\/portal\/?s={search_term_string}"},"query-input":{"@type":"PropertyValueSpecification","valueRequired":true,"valueName":"search_term_string"}}],"inLanguage":"es"},{"@type":"Organization","@id":"https:\/\/ferabrajan.com\/portal\/#organization","name":"Fer Abrajan","url":"https:\/\/ferabrajan.com\/portal\/","logo":{"@type":"ImageObject","inLanguage":"es","@id":"https:\/\/ferabrajan.com\/portal\/#\/schema\/logo\/image\/","url":"https:\/\/ferabrajan.com\/portal\/wp-content\/uploads\/2024\/10\/cropped-logo.jpeg","contentUrl":"https:\/\/ferabrajan.com\/portal\/wp-content\/uploads\/2024\/10\/cropped-logo.jpeg","width":500,"height":250,"caption":"Fer Abrajan"},"image":{"@id":"https:\/\/ferabrajan.com\/portal\/#\/schema\/logo\/image\/"},"sameAs":["https:\/\/www.facebook.com\/NoticiasconFerAbrajan\/","https:\/\/x.com\/ferabrajan1"]},{"@type":"Person","@id":"https:\/\/ferabrajan.com\/portal\/#\/schema\/person\/409810f04ae2414635b53953eb892c6a","name":"Fer Abrajan","image":{"@type":"ImageObject","inLanguage":"es","@id":"https:\/\/secure.gravatar.com\/avatar\/14a22c98926007f26dad1674f7e574700703d917b7db6886c7b50d7a6d983fca?s=96&d=mm&r=g","url":"https:\/\/secure.gravatar.com\/avatar\/14a22c98926007f26dad1674f7e574700703d917b7db6886c7b50d7a6d983fca?s=96&d=mm&r=g","contentUrl":"https:\/\/secure.gravatar.com\/avatar\/14a22c98926007f26dad1674f7e574700703d917b7db6886c7b50d7a6d983fca?s=96&d=mm&r=g","caption":"Fer Abrajan"},"url":"https:\/\/ferabrajan.com\/portal\/author\/fabrajan\/"}]}},"_links":{"self":[{"href":"https:\/\/ferabrajan.com\/portal\/wp-json\/wp\/v2\/posts\/84239","targetHints":{"allow":["GET"]}}],"collection":[{"href":"https:\/\/ferabrajan.com\/portal\/wp-json\/wp\/v2\/posts"}],"about":[{"href":"https:\/\/ferabrajan.com\/portal\/wp-json\/wp\/v2\/types\/post"}],"author":[{"embeddable":true,"href":"https:\/\/ferabrajan.com\/portal\/wp-json\/wp\/v2\/users\/2"}],"replies":[{"embeddable":true,"href":"https:\/\/ferabrajan.com\/portal\/wp-json\/wp\/v2\/comments?post=84239"}],"version-history":[{"count":1,"href":"https:\/\/ferabrajan.com\/portal\/wp-json\/wp\/v2\/posts\/84239\/revisions"}],"predecessor-version":[{"id":84242,"href":"https:\/\/ferabrajan.com\/portal\/wp-json\/wp\/v2\/posts\/84239\/revisions\/84242"}],"wp:featuredmedia":[{"embeddable":true,"href":"https:\/\/ferabrajan.com\/portal\/wp-json\/wp\/v2\/media\/84241"}],"wp:attachment":[{"href":"https:\/\/ferabrajan.com\/portal\/wp-json\/wp\/v2\/media?parent=84239"}],"wp:term":[{"taxonomy":"category","embeddable":true,"href":"https:\/\/ferabrajan.com\/portal\/wp-json\/wp\/v2\/categories?post=84239"},{"taxonomy":"post_tag","embeddable":true,"href":"https:\/\/ferabrajan.com\/portal\/wp-json\/wp\/v2\/tags?post=84239"}],"curies":[{"name":"wp","href":"https:\/\/api.w.org\/{rel}","templated":true}]}}