{"id":84236,"date":"2026-09-02T20:06:41","date_gmt":"2026-09-02T20:06:41","guid":{"rendered":"https:\/\/ferabrajan.com\/portal\/?p=84236"},"modified":"2026-09-02T20:06:41","modified_gmt":"2026-09-02T20:06:41","slug":"conductora-se-estampa-y-destroza-adorno-patrio-gigante-de-avenida-reforma","status":"publish","type":"post","link":"https:\/\/ferabrajan.com\/portal\/2026\/09\/02\/conductora-se-estampa-y-destroza-adorno-patrio-gigante-de-avenida-reforma\/","title":{"rendered":"Conductora se estampa y destroza adorno patrio gigante de Avenida Reforma"},"content":{"rendered":"<p data-path-to-node=\"1\">Apenas a unas horas de haber iniciado el mes patrio, un autom\u00f3vil particular derrib\u00f3 una estructura met\u00e1lica de adornos patrios de 6 metros de alto por 20 metros de ancho sobre la avenida Reforma y la 11 Sur, en pleno Centro Hist\u00f3rico de Puebla.<\/p>\n<p data-path-to-node=\"2\">El accidente ocurri\u00f3 la noche del martes, cuando la unidad \u2014conducida por una mujer que presuntamente se encontraba bajo los efectos del alcohol\u2014 perdi\u00f3 el control e impact\u00f3 de lleno la instalaci\u00f3n festiva reci\u00e9n colocada.<\/p>\n<p data-path-to-node=\"4,0,0\">Tras los hechos se hizo un cierre vehicular. La circulaci\u00f3n en el cruce de Reforma y 11 Sur fue cerrada por completo para permitir las labores de auxilio y remoci\u00f3n. Tambi\u00e9n hubo despliegue operativo de Elementos de la Direcci\u00f3n de Peritos acudieron al sitio para realizar el peritaje y deslindar responsabilidades. Y luego llegaron los trabajos de retiro de parte de\u00a0Personal de la empresa Citelum intervino en la zona para desmontar la estructura da\u00f1ada y comenzar las maniobras de reparaci\u00f3n.<\/p>\n<p data-path-to-node=\"5\">El percance dej\u00f3 como saldo cuantiosos da\u00f1os materiales a la infraestructura decorativa del municipio y afectaciones temporales al tr\u00e1nsito del primer cuadro de la ciudad. Las versiones que circulan en redes indican que la conductora no sufri\u00f3 lesiones.<\/p>\n","protected":false},"excerpt":{"rendered":"<p>Apenas a unas horas de haber iniciado el mes patrio, un autom\u00f3vil particular derrib\u00f3 una estructura met\u00e1lica de adornos patrios de 6 metros de alto por 20 metros de ancho sobre la avenida Reforma y la 11 Sur, en pleno Centro Hist\u00f3rico de Puebla. El accidente ocurri\u00f3 la noche del martes, cuando la unidad \u2014conducida por una mujer que presuntamente se encontraba bajo los efectos del alcohol\u2014 perdi\u00f3 el control e impact\u00f3 de lleno la instalaci\u00f3n festiva reci\u00e9n colocada. Tras los hechos se hizo un cierre vehicular. La circulaci\u00f3n en el cruce de Reforma y 11 Sur fue cerrada por completo para permitir las labores de auxilio y remoci\u00f3n. Tambi\u00e9n hubo despliegue operativo de Elementos de la Direcci\u00f3n de Peritos acudieron al sitio para realizar el peritaje y deslindar responsabilidades. Y luego llegaron los trabajos de retiro de parte de\u00a0Personal de la empresa Citelum intervino en la zona para desmontar la estructura da\u00f1ada y comenzar las maniobras de reparaci\u00f3n. El percance dej\u00f3 como saldo cuantiosos da\u00f1os materiales a la infraestructura decorativa del municipio y afectaciones temporales al tr\u00e1nsito del primer cuadro de la ciudad. Las versiones que circulan en redes indican que la conductora no sufri\u00f3 lesiones.<\/p>\n","protected":false},"author":2,"featured_media":84237,"comment_status":"closed","ping_status":"closed","sticky":false,"template":"","format":"standard","meta":{"_monsterinsights_skip_tracking":false,"_uf_show_specific_survey":0,"_uf_disable_surveys":false,"footnotes":""},"categories":[585,34],"tags":[85,5288,26,1833],"class_list":["post-84236","post","type-post","status-publish","format-standard","has-post-thumbnail","hentry","category-principal","category-puebla","tag-centro-historico","tag-fiestras-patrias","tag-puebla","tag-septiembre"],"yoast_head":"<!-- This site is optimized with the Yoast SEO plugin v27.5 - https:\/\/yoast.com\/product\/yoast-seo-wordpress\/ -->\n<title>Conductora se estampa y destroza adorno patrio gigante de Avenida Reforma - Fer Abrajan<\/title>\n<meta name=\"robots\" content=\"index, follow, max-snippet:-1, max-image-preview:large, max-video-preview:-1\" \/>\n<link rel=\"canonical\" href=\"https:\/\/ferabrajan.com\/portal\/2026\/09\/02\/conductora-se-estampa-y-destroza-adorno-patrio-gigante-de-avenida-reforma\/\" \/>\n<meta property=\"og:locale\" content=\"es_ES\" \/>\n<meta property=\"og:type\" content=\"article\" \/>\n<meta property=\"og:title\" content=\"Conductora se estampa y destroza adorno patrio gigante de Avenida Reforma - Fer Abrajan\" \/>\n<meta property=\"og:description\" content=\"Apenas a unas horas de haber iniciado el mes patrio, un autom\u00f3vil particular derrib\u00f3 una estructura met\u00e1lica de adornos patrios de 6 metros de alto por 20 metros de ancho sobre la avenida Reforma y la 11 Sur, en pleno Centro Hist\u00f3rico de Puebla. El accidente ocurri\u00f3 la noche del martes, cuando la unidad \u2014conducida por una mujer que presuntamente se encontraba bajo los efectos del alcohol\u2014 perdi\u00f3 el control e impact\u00f3 de lleno la instalaci\u00f3n festiva reci\u00e9n colocada. Tras los hechos se hizo un cierre vehicular. La circulaci\u00f3n en el cruce de Reforma y 11 Sur fue cerrada por completo para permitir las labores de auxilio y remoci\u00f3n. Tambi\u00e9n hubo despliegue operativo de Elementos de la Direcci\u00f3n de Peritos acudieron al sitio para realizar el peritaje y deslindar responsabilidades. Y luego llegaron los trabajos de retiro de parte de\u00a0Personal de la empresa Citelum intervino en la zona para desmontar la estructura da\u00f1ada y comenzar las maniobras de reparaci\u00f3n. El percance dej\u00f3 como saldo cuantiosos da\u00f1os materiales a la infraestructura decorativa del municipio y afectaciones temporales al tr\u00e1nsito del primer cuadro de la ciudad. Las versiones que circulan en redes indican que la conductora no sufri\u00f3 lesiones.\" \/>\n<meta property=\"og:url\" content=\"https:\/\/ferabrajan.com\/portal\/2026\/09\/02\/conductora-se-estampa-y-destroza-adorno-patrio-gigante-de-avenida-reforma\/\" \/>\n<meta property=\"og:site_name\" content=\"Fer Abrajan\" \/>\n<meta property=\"article:publisher\" content=\"https:\/\/www.facebook.com\/NoticiasconFerAbrajan\/\" \/>\n<meta property=\"article:published_time\" content=\"2026-09-02T20:06:41+00:00\" \/>\n<meta property=\"og:image\" content=\"https:\/\/ferabrajan.com\/portal\/wp-content\/uploads\/2026\/09\/adornos.jpg\" \/>\n\t<meta property=\"og:image:width\" content=\"1280\" \/>\n\t<meta property=\"og:image:height\" content=\"720\" \/>\n\t<meta property=\"og:image:type\" content=\"image\/jpeg\" \/>\n<meta name=\"author\" content=\"Fer Abrajan\" \/>\n<meta name=\"twitter:card\" content=\"summary_large_image\" \/>\n<meta name=\"twitter:creator\" content=\"@ferabrajan1\" \/>\n<meta name=\"twitter:site\" content=\"@ferabrajan1\" \/>\n<meta name=\"twitter:label1\" content=\"Escrito por\" \/>\n\t<meta name=\"twitter:data1\" content=\"Fer Abrajan\" \/>\n\t<meta name=\"twitter:label2\" content=\"Tiempo de lectura\" \/>\n\t<meta name=\"twitter:data2\" content=\"2 minutos\" \/>\n<script type=\"application\/ld+json\" class=\"yoast-schema-graph\">{\"@context\":\"https:\\\/\\\/schema.org\",\"@graph\":[{\"@type\":\"Article\",\"@id\":\"https:\\\/\\\/ferabrajan.com\\\/portal\\\/2026\\\/09\\\/02\\\/conductora-se-estampa-y-destroza-adorno-patrio-gigante-de-avenida-reforma\\\/#article\",\"isPartOf\":{\"@id\":\"https:\\\/\\\/ferabrajan.com\\\/portal\\\/2026\\\/09\\\/02\\\/conductora-se-estampa-y-destroza-adorno-patrio-gigante-de-avenida-reforma\\\/\"},\"author\":{\"name\":\"Fer Abrajan\",\"@id\":\"https:\\\/\\\/ferabrajan.com\\\/portal\\\/#\\\/schema\\\/person\\\/409810f04ae2414635b53953eb892c6a\"},\"headline\":\"Conductora se estampa y destroza adorno patrio gigante de Avenida Reforma\",\"datePublished\":\"2026-09-02T20:06:41+00:00\",\"mainEntityOfPage\":{\"@id\":\"https:\\\/\\\/ferabrajan.com\\\/portal\\\/2026\\\/09\\\/02\\\/conductora-se-estampa-y-destroza-adorno-patrio-gigante-de-avenida-reforma\\\/\"},\"wordCount\":218,\"publisher\":{\"@id\":\"https:\\\/\\\/ferabrajan.com\\\/portal\\\/#organization\"},\"image\":{\"@id\":\"https:\\\/\\\/ferabrajan.com\\\/portal\\\/2026\\\/09\\\/02\\\/conductora-se-estampa-y-destroza-adorno-patrio-gigante-de-avenida-reforma\\\/#primaryimage\"},\"thumbnailUrl\":\"https:\\\/\\\/ferabrajan.com\\\/portal\\\/wp-content\\\/uploads\\\/2026\\\/09\\\/adornos.jpg\",\"keywords\":[\"Centro hist\u00f3rico\",\"Fiestras Patrias\",\"puebla\",\"Septiembre\"],\"articleSection\":[\"Principal\",\"Puebla\"],\"inLanguage\":\"es\"},{\"@type\":\"WebPage\",\"@id\":\"https:\\\/\\\/ferabrajan.com\\\/portal\\\/2026\\\/09\\\/02\\\/conductora-se-estampa-y-destroza-adorno-patrio-gigante-de-avenida-reforma\\\/\",\"url\":\"https:\\\/\\\/ferabrajan.com\\\/portal\\\/2026\\\/09\\\/02\\\/conductora-se-estampa-y-destroza-adorno-patrio-gigante-de-avenida-reforma\\\/\",\"name\":\"Conductora se estampa y destroza adorno patrio gigante de Avenida Reforma - Fer Abrajan\",\"isPartOf\":{\"@id\":\"https:\\\/\\\/ferabrajan.com\\\/portal\\\/#website\"},\"primaryImageOfPage\":{\"@id\":\"https:\\\/\\\/ferabrajan.com\\\/portal\\\/2026\\\/09\\\/02\\\/conductora-se-estampa-y-destroza-adorno-patrio-gigante-de-avenida-reforma\\\/#primaryimage\"},\"image\":{\"@id\":\"https:\\\/\\\/ferabrajan.com\\\/portal\\\/2026\\\/09\\\/02\\\/conductora-se-estampa-y-destroza-adorno-patrio-gigante-de-avenida-reforma\\\/#primaryimage\"},\"thumbnailUrl\":\"https:\\\/\\\/ferabrajan.com\\\/portal\\\/wp-content\\\/uploads\\\/2026\\\/09\\\/adornos.jpg\",\"datePublished\":\"2026-09-02T20:06:41+00:00\",\"breadcrumb\":{\"@id\":\"https:\\\/\\\/ferabrajan.com\\\/portal\\\/2026\\\/09\\\/02\\\/conductora-se-estampa-y-destroza-adorno-patrio-gigante-de-avenida-reforma\\\/#breadcrumb\"},\"inLanguage\":\"es\",\"potentialAction\":[{\"@type\":\"ReadAction\",\"target\":[\"https:\\\/\\\/ferabrajan.com\\\/portal\\\/2026\\\/09\\\/02\\\/conductora-se-estampa-y-destroza-adorno-patrio-gigante-de-avenida-reforma\\\/\"]}]},{\"@type\":\"ImageObject\",\"inLanguage\":\"es\",\"@id\":\"https:\\\/\\\/ferabrajan.com\\\/portal\\\/2026\\\/09\\\/02\\\/conductora-se-estampa-y-destroza-adorno-patrio-gigante-de-avenida-reforma\\\/#primaryimage\",\"url\":\"https:\\\/\\\/ferabrajan.com\\\/portal\\\/wp-content\\\/uploads\\\/2026\\\/09\\\/adornos.jpg\",\"contentUrl\":\"https:\\\/\\\/ferabrajan.com\\\/portal\\\/wp-content\\\/uploads\\\/2026\\\/09\\\/adornos.jpg\",\"width\":1280,\"height\":720,\"caption\":\"Signature: jo7P+lQ1PuxplJQ0GLvm\\\/ybAwMZfTDImqr3lDncSYMPuqxuDkRfsQgE4\\\/1hfEivtahAnl8kGuGAncPaiW1\\\/ClWBOJ2qtX70j876suL1WbnKNz\\\/eVo9+9tO\\\/sfFT07XwYwhXcLxgcKZFcp2sj9b4nNFRlWg+tEgM5nweemAG1ucjP12XtpZpa3EJMKygEGPe1nchAUh40XfLOTBDNNnrWrHcmBgObTDIHQsZdBBQopQvPfl+K5ch3wFJlG7UHsdyKj36UZ5mnu2gbTwR2hly4E9BmXrsOkXMvL6VZYQQOiPpByoAuG+B0KbWobt6ILe5xl9Vbf48pXa1bqQ9KZwOyKJr5EA3dG5KQrEsPsKwgy96MPJpPKaNQjdDfF52y6w2AjRLQ3S0cSXaiX6CyFKN51VNHql2SdWnj5A3iIB6fVvFqGEQlFL17SFzaHrGcqnc3KyDwZzT6D\\\/uox\\\/dASN7N6o7q74QCCd6hDGfpAchsWiAYWGeB3s8i5l5qCE06RFGVZ5Av98OaUry54USFvhGMFGpIGi7kxMICgyAi6XZ2y4dnoOFK9ggQjWzJ2ahMo6axj8FrJKlM+OvbRqu8\\\/lIrOGHWUUvpue1Dq2AHI+j2GUhM5sBpOWF9g\\\/KPQme2D96MIuyz2fcByOMSaSICU9xEM4aRO+nUT8lhPYQAiqlI58CQaryo\\\/8vbQchrI1kvL5RxslwzYhxd75rG00Ee1hJdu0tMixIBk1RmY6KQ3+yvuWmtXRjyAqL7j7LmnqPmpbHi8CbJX8G2nbijwjrSKzcnHTo7N58iW+WkqQTByrHrPW+qtWdxjyHpgEtXeIwFglxgcRolUfICutNFDuxSqJMefKMJHXir2Bqlv+hZ5W83qF7ljIdxSk8ztFJDMCMIPFxD1Yo0lWuHmUYS+uYclSoQqtlE1AdZyQy5QaFYRuYECedL+ORlGCFZWjrEWYiAomYp\"},{\"@type\":\"BreadcrumbList\",\"@id\":\"https:\\\/\\\/ferabrajan.com\\\/portal\\\/2026\\\/09\\\/02\\\/conductora-se-estampa-y-destroza-adorno-patrio-gigante-de-avenida-reforma\\\/#breadcrumb\",\"itemListElement\":[{\"@type\":\"ListItem\",\"position\":1,\"name\":\"Portada\",\"item\":\"https:\\\/\\\/ferabrajan.com\\\/portal\\\/\"},{\"@type\":\"ListItem\",\"position\":2,\"name\":\"Conductora se estampa y destroza adorno patrio gigante de Avenida Reforma\"}]},{\"@type\":\"WebSite\",\"@id\":\"https:\\\/\\\/ferabrajan.com\\\/portal\\\/#website\",\"url\":\"https:\\\/\\\/ferabrajan.com\\\/portal\\\/\",\"name\":\"Fer Abrajan\",\"description\":\"Noticias de Puebla, opini\u00f3n y radio en vivo\",\"publisher\":{\"@id\":\"https:\\\/\\\/ferabrajan.com\\\/portal\\\/#organization\"},\"potentialAction\":[{\"@type\":\"SearchAction\",\"target\":{\"@type\":\"EntryPoint\",\"urlTemplate\":\"https:\\\/\\\/ferabrajan.com\\\/portal\\\/?s={search_term_string}\"},\"query-input\":{\"@type\":\"PropertyValueSpecification\",\"valueRequired\":true,\"valueName\":\"search_term_string\"}}],\"inLanguage\":\"es\"},{\"@type\":\"Organization\",\"@id\":\"https:\\\/\\\/ferabrajan.com\\\/portal\\\/#organization\",\"name\":\"Fer Abrajan\",\"url\":\"https:\\\/\\\/ferabrajan.com\\\/portal\\\/\",\"logo\":{\"@type\":\"ImageObject\",\"inLanguage\":\"es\",\"@id\":\"https:\\\/\\\/ferabrajan.com\\\/portal\\\/#\\\/schema\\\/logo\\\/image\\\/\",\"url\":\"https:\\\/\\\/ferabrajan.com\\\/portal\\\/wp-content\\\/uploads\\\/2024\\\/10\\\/cropped-logo.jpeg\",\"contentUrl\":\"https:\\\/\\\/ferabrajan.com\\\/portal\\\/wp-content\\\/uploads\\\/2024\\\/10\\\/cropped-logo.jpeg\",\"width\":500,\"height\":250,\"caption\":\"Fer Abrajan\"},\"image\":{\"@id\":\"https:\\\/\\\/ferabrajan.com\\\/portal\\\/#\\\/schema\\\/logo\\\/image\\\/\"},\"sameAs\":[\"https:\\\/\\\/www.facebook.com\\\/NoticiasconFerAbrajan\\\/\",\"https:\\\/\\\/x.com\\\/ferabrajan1\"]},{\"@type\":\"Person\",\"@id\":\"https:\\\/\\\/ferabrajan.com\\\/portal\\\/#\\\/schema\\\/person\\\/409810f04ae2414635b53953eb892c6a\",\"name\":\"Fer Abrajan\",\"image\":{\"@type\":\"ImageObject\",\"inLanguage\":\"es\",\"@id\":\"https:\\\/\\\/secure.gravatar.com\\\/avatar\\\/14a22c98926007f26dad1674f7e574700703d917b7db6886c7b50d7a6d983fca?s=96&d=mm&r=g\",\"url\":\"https:\\\/\\\/secure.gravatar.com\\\/avatar\\\/14a22c98926007f26dad1674f7e574700703d917b7db6886c7b50d7a6d983fca?s=96&d=mm&r=g\",\"contentUrl\":\"https:\\\/\\\/secure.gravatar.com\\\/avatar\\\/14a22c98926007f26dad1674f7e574700703d917b7db6886c7b50d7a6d983fca?s=96&d=mm&r=g\",\"caption\":\"Fer Abrajan\"},\"url\":\"https:\\\/\\\/ferabrajan.com\\\/portal\\\/author\\\/fabrajan\\\/\"}]}<\/script>\n<!-- \/ Yoast SEO plugin. -->","yoast_head_json":{"title":"Conductora se estampa y destroza adorno patrio gigante de Avenida Reforma - Fer Abrajan","robots":{"index":"index","follow":"follow","max-snippet":"max-snippet:-1","max-image-preview":"max-image-preview:large","max-video-preview":"max-video-preview:-1"},"canonical":"https:\/\/ferabrajan.com\/portal\/2026\/09\/02\/conductora-se-estampa-y-destroza-adorno-patrio-gigante-de-avenida-reforma\/","og_locale":"es_ES","og_type":"article","og_title":"Conductora se estampa y destroza adorno patrio gigante de Avenida Reforma - Fer Abrajan","og_description":"Apenas a unas horas de haber iniciado el mes patrio, un autom\u00f3vil particular derrib\u00f3 una estructura met\u00e1lica de adornos patrios de 6 metros de alto por 20 metros de ancho sobre la avenida Reforma y la 11 Sur, en pleno Centro Hist\u00f3rico de Puebla. El accidente ocurri\u00f3 la noche del martes, cuando la unidad \u2014conducida por una mujer que presuntamente se encontraba bajo los efectos del alcohol\u2014 perdi\u00f3 el control e impact\u00f3 de lleno la instalaci\u00f3n festiva reci\u00e9n colocada. Tras los hechos se hizo un cierre vehicular. La circulaci\u00f3n en el cruce de Reforma y 11 Sur fue cerrada por completo para permitir las labores de auxilio y remoci\u00f3n. Tambi\u00e9n hubo despliegue operativo de Elementos de la Direcci\u00f3n de Peritos acudieron al sitio para realizar el peritaje y deslindar responsabilidades. Y luego llegaron los trabajos de retiro de parte de\u00a0Personal de la empresa Citelum intervino en la zona para desmontar la estructura da\u00f1ada y comenzar las maniobras de reparaci\u00f3n. El percance dej\u00f3 como saldo cuantiosos da\u00f1os materiales a la infraestructura decorativa del municipio y afectaciones temporales al tr\u00e1nsito del primer cuadro de la ciudad. Las versiones que circulan en redes indican que la conductora no sufri\u00f3 lesiones.","og_url":"https:\/\/ferabrajan.com\/portal\/2026\/09\/02\/conductora-se-estampa-y-destroza-adorno-patrio-gigante-de-avenida-reforma\/","og_site_name":"Fer Abrajan","article_publisher":"https:\/\/www.facebook.com\/NoticiasconFerAbrajan\/","article_published_time":"2026-09-02T20:06:41+00:00","og_image":[{"width":1280,"height":720,"url":"https:\/\/ferabrajan.com\/portal\/wp-content\/uploads\/2026\/09\/adornos.jpg","type":"image\/jpeg"}],"author":"Fer Abrajan","twitter_card":"summary_large_image","twitter_creator":"@ferabrajan1","twitter_site":"@ferabrajan1","twitter_misc":{"Escrito por":"Fer Abrajan","Tiempo de lectura":"2 minutos"},"schema":{"@context":"https:\/\/schema.org","@graph":[{"@type":"Article","@id":"https:\/\/ferabrajan.com\/portal\/2026\/09\/02\/conductora-se-estampa-y-destroza-adorno-patrio-gigante-de-avenida-reforma\/#article","isPartOf":{"@id":"https:\/\/ferabrajan.com\/portal\/2026\/09\/02\/conductora-se-estampa-y-destroza-adorno-patrio-gigante-de-avenida-reforma\/"},"author":{"name":"Fer Abrajan","@id":"https:\/\/ferabrajan.com\/portal\/#\/schema\/person\/409810f04ae2414635b53953eb892c6a"},"headline":"Conductora se estampa y destroza adorno patrio gigante de Avenida Reforma","datePublished":"2026-09-02T20:06:41+00:00","mainEntityOfPage":{"@id":"https:\/\/ferabrajan.com\/portal\/2026\/09\/02\/conductora-se-estampa-y-destroza-adorno-patrio-gigante-de-avenida-reforma\/"},"wordCount":218,"publisher":{"@id":"https:\/\/ferabrajan.com\/portal\/#organization"},"image":{"@id":"https:\/\/ferabrajan.com\/portal\/2026\/09\/02\/conductora-se-estampa-y-destroza-adorno-patrio-gigante-de-avenida-reforma\/#primaryimage"},"thumbnailUrl":"https:\/\/ferabrajan.com\/portal\/wp-content\/uploads\/2026\/09\/adornos.jpg","keywords":["Centro hist\u00f3rico","Fiestras Patrias","puebla","Septiembre"],"articleSection":["Principal","Puebla"],"inLanguage":"es"},{"@type":"WebPage","@id":"https:\/\/ferabrajan.com\/portal\/2026\/09\/02\/conductora-se-estampa-y-destroza-adorno-patrio-gigante-de-avenida-reforma\/","url":"https:\/\/ferabrajan.com\/portal\/2026\/09\/02\/conductora-se-estampa-y-destroza-adorno-patrio-gigante-de-avenida-reforma\/","name":"Conductora se estampa y destroza adorno patrio gigante de Avenida Reforma - Fer Abrajan","isPartOf":{"@id":"https:\/\/ferabrajan.com\/portal\/#website"},"primaryImageOfPage":{"@id":"https:\/\/ferabrajan.com\/portal\/2026\/09\/02\/conductora-se-estampa-y-destroza-adorno-patrio-gigante-de-avenida-reforma\/#primaryimage"},"image":{"@id":"https:\/\/ferabrajan.com\/portal\/2026\/09\/02\/conductora-se-estampa-y-destroza-adorno-patrio-gigante-de-avenida-reforma\/#primaryimage"},"thumbnailUrl":"https:\/\/ferabrajan.com\/portal\/wp-content\/uploads\/2026\/09\/adornos.jpg","datePublished":"2026-09-02T20:06:41+00:00","breadcrumb":{"@id":"https:\/\/ferabrajan.com\/portal\/2026\/09\/02\/conductora-se-estampa-y-destroza-adorno-patrio-gigante-de-avenida-reforma\/#breadcrumb"},"inLanguage":"es","potentialAction":[{"@type":"ReadAction","target":["https:\/\/ferabrajan.com\/portal\/2026\/09\/02\/conductora-se-estampa-y-destroza-adorno-patrio-gigante-de-avenida-reforma\/"]}]},{"@type":"ImageObject","inLanguage":"es","@id":"https:\/\/ferabrajan.com\/portal\/2026\/09\/02\/conductora-se-estampa-y-destroza-adorno-patrio-gigante-de-avenida-reforma\/#primaryimage","url":"https:\/\/ferabrajan.com\/portal\/wp-content\/uploads\/2026\/09\/adornos.jpg","contentUrl":"https:\/\/ferabrajan.com\/portal\/wp-content\/uploads\/2026\/09\/adornos.jpg","width":1280,"height":720,"caption":"Signature: jo7P+lQ1PuxplJQ0GLvm\/ybAwMZfTDImqr3lDncSYMPuqxuDkRfsQgE4\/1hfEivtahAnl8kGuGAncPaiW1\/ClWBOJ2qtX70j876suL1WbnKNz\/eVo9+9tO\/sfFT07XwYwhXcLxgcKZFcp2sj9b4nNFRlWg+tEgM5nweemAG1ucjP12XtpZpa3EJMKygEGPe1nchAUh40XfLOTBDNNnrWrHcmBgObTDIHQsZdBBQopQvPfl+K5ch3wFJlG7UHsdyKj36UZ5mnu2gbTwR2hly4E9BmXrsOkXMvL6VZYQQOiPpByoAuG+B0KbWobt6ILe5xl9Vbf48pXa1bqQ9KZwOyKJr5EA3dG5KQrEsPsKwgy96MPJpPKaNQjdDfF52y6w2AjRLQ3S0cSXaiX6CyFKN51VNHql2SdWnj5A3iIB6fVvFqGEQlFL17SFzaHrGcqnc3KyDwZzT6D\/uox\/dASN7N6o7q74QCCd6hDGfpAchsWiAYWGeB3s8i5l5qCE06RFGVZ5Av98OaUry54USFvhGMFGpIGi7kxMICgyAi6XZ2y4dnoOFK9ggQjWzJ2ahMo6axj8FrJKlM+OvbRqu8\/lIrOGHWUUvpue1Dq2AHI+j2GUhM5sBpOWF9g\/KPQme2D96MIuyz2fcByOMSaSICU9xEM4aRO+nUT8lhPYQAiqlI58CQaryo\/8vbQchrI1kvL5RxslwzYhxd75rG00Ee1hJdu0tMixIBk1RmY6KQ3+yvuWmtXRjyAqL7j7LmnqPmpbHi8CbJX8G2nbijwjrSKzcnHTo7N58iW+WkqQTByrHrPW+qtWdxjyHpgEtXeIwFglxgcRolUfICutNFDuxSqJMefKMJHXir2Bqlv+hZ5W83qF7ljIdxSk8ztFJDMCMIPFxD1Yo0lWuHmUYS+uYclSoQqtlE1AdZyQy5QaFYRuYECedL+ORlGCFZWjrEWYiAomYp"},{"@type":"BreadcrumbList","@id":"https:\/\/ferabrajan.com\/portal\/2026\/09\/02\/conductora-se-estampa-y-destroza-adorno-patrio-gigante-de-avenida-reforma\/#breadcrumb","itemListElement":[{"@type":"ListItem","position":1,"name":"Portada","item":"https:\/\/ferabrajan.com\/portal\/"},{"@type":"ListItem","position":2,"name":"Conductora se estampa y destroza adorno patrio gigante de Avenida Reforma"}]},{"@type":"WebSite","@id":"https:\/\/ferabrajan.com\/portal\/#website","url":"https:\/\/ferabrajan.com\/portal\/","name":"Fer Abrajan","description":"Noticias de Puebla, opini\u00f3n y radio en vivo","publisher":{"@id":"https:\/\/ferabrajan.com\/portal\/#organization"},"potentialAction":[{"@type":"SearchAction","target":{"@type":"EntryPoint","urlTemplate":"https:\/\/ferabrajan.com\/portal\/?s={search_term_string}"},"query-input":{"@type":"PropertyValueSpecification","valueRequired":true,"valueName":"search_term_string"}}],"inLanguage":"es"},{"@type":"Organization","@id":"https:\/\/ferabrajan.com\/portal\/#organization","name":"Fer Abrajan","url":"https:\/\/ferabrajan.com\/portal\/","logo":{"@type":"ImageObject","inLanguage":"es","@id":"https:\/\/ferabrajan.com\/portal\/#\/schema\/logo\/image\/","url":"https:\/\/ferabrajan.com\/portal\/wp-content\/uploads\/2024\/10\/cropped-logo.jpeg","contentUrl":"https:\/\/ferabrajan.com\/portal\/wp-content\/uploads\/2024\/10\/cropped-logo.jpeg","width":500,"height":250,"caption":"Fer Abrajan"},"image":{"@id":"https:\/\/ferabrajan.com\/portal\/#\/schema\/logo\/image\/"},"sameAs":["https:\/\/www.facebook.com\/NoticiasconFerAbrajan\/","https:\/\/x.com\/ferabrajan1"]},{"@type":"Person","@id":"https:\/\/ferabrajan.com\/portal\/#\/schema\/person\/409810f04ae2414635b53953eb892c6a","name":"Fer Abrajan","image":{"@type":"ImageObject","inLanguage":"es","@id":"https:\/\/secure.gravatar.com\/avatar\/14a22c98926007f26dad1674f7e574700703d917b7db6886c7b50d7a6d983fca?s=96&d=mm&r=g","url":"https:\/\/secure.gravatar.com\/avatar\/14a22c98926007f26dad1674f7e574700703d917b7db6886c7b50d7a6d983fca?s=96&d=mm&r=g","contentUrl":"https:\/\/secure.gravatar.com\/avatar\/14a22c98926007f26dad1674f7e574700703d917b7db6886c7b50d7a6d983fca?s=96&d=mm&r=g","caption":"Fer Abrajan"},"url":"https:\/\/ferabrajan.com\/portal\/author\/fabrajan\/"}]}},"_links":{"self":[{"href":"https:\/\/ferabrajan.com\/portal\/wp-json\/wp\/v2\/posts\/84236","targetHints":{"allow":["GET"]}}],"collection":[{"href":"https:\/\/ferabrajan.com\/portal\/wp-json\/wp\/v2\/posts"}],"about":[{"href":"https:\/\/ferabrajan.com\/portal\/wp-json\/wp\/v2\/types\/post"}],"author":[{"embeddable":true,"href":"https:\/\/ferabrajan.com\/portal\/wp-json\/wp\/v2\/users\/2"}],"replies":[{"embeddable":true,"href":"https:\/\/ferabrajan.com\/portal\/wp-json\/wp\/v2\/comments?post=84236"}],"version-history":[{"count":1,"href":"https:\/\/ferabrajan.com\/portal\/wp-json\/wp\/v2\/posts\/84236\/revisions"}],"predecessor-version":[{"id":84238,"href":"https:\/\/ferabrajan.com\/portal\/wp-json\/wp\/v2\/posts\/84236\/revisions\/84238"}],"wp:featuredmedia":[{"embeddable":true,"href":"https:\/\/ferabrajan.com\/portal\/wp-json\/wp\/v2\/media\/84237"}],"wp:attachment":[{"href":"https:\/\/ferabrajan.com\/portal\/wp-json\/wp\/v2\/media?parent=84236"}],"wp:term":[{"taxonomy":"category","embeddable":true,"href":"https:\/\/ferabrajan.com\/portal\/wp-json\/wp\/v2\/categories?post=84236"},{"taxonomy":"post_tag","embeddable":true,"href":"https:\/\/ferabrajan.com\/portal\/wp-json\/wp\/v2\/tags?post=84236"}],"curies":[{"name":"wp","href":"https:\/\/api.w.org\/{rel}","templated":true}]}}