{"id":84228,"date":"2026-09-02T17:15:00","date_gmt":"2026-09-02T17:15:00","guid":{"rendered":"https:\/\/ferabrajan.com\/portal\/?p=84228"},"modified":"2026-09-02T17:15:00","modified_gmt":"2026-09-02T17:15:00","slug":"san-pedro-cholula-luce-su-76a-feria-milenaria-alianzas-turisticas-y-miles-de-asistentes-en-el-arranque","status":"publish","type":"post","link":"https:\/\/ferabrajan.com\/portal\/2026\/09\/02\/san-pedro-cholula-luce-su-76a-feria-milenaria-alianzas-turisticas-y-miles-de-asistentes-en-el-arranque\/","title":{"rendered":"San Pedro Cholula luce su 76\u00aa Feria Milenaria: Alianzas tur\u00edsticas y miles de asistentes en el arranque"},"content":{"rendered":"<p data-path-to-node=\"1\">San Pedro Cholula dio inicio a la 76\u00aa edici\u00f3n de la Gran Feria Milenaria, consolidando a la demarcaci\u00f3n como un polo cultural y econ\u00f3mico clave en la regi\u00f3n. La jornada inaugural reuni\u00f3 a miles de asistentes en la Plaza de la Concordia y el Z\u00f3calo municipal, activando el flujo comercial y la afluencia tur\u00edstica a trav\u00e9s de sus corredores gastron\u00f3micos, comerciales y artesanales. Y en el foro art\u00edstico apareci\u00f3 en escena el artista Manuela Mijares. Pese a la lluvias miles de personas esperaron su presentaci\u00f3n y cantaron sus \u00e9xitos.<\/p>\n<p data-path-to-node=\"3\">En la antesala del corte de list\u00f3n inaugural, la presidenta municipal Tonantzin Fern\u00e1ndez encabez\u00f3 la firma de un convenio de hermanamiento con cinco municipios estrat\u00e9gicos:<\/p>\n<ul data-path-to-node=\"4\">\n<li>\n<p data-path-to-node=\"4,0,0\"><b data-path-to-node=\"4,0,0\" data-index-in-node=\"0\">Puebla:<\/b> Tecali de Herrera, Huauchinango, Xicotepec y Tehuac\u00e1n.<\/p>\n<\/li>\n<li>\n<p data-path-to-node=\"4,1,0\"><b data-path-to-node=\"4,1,0\" data-index-in-node=\"0\">Quintana Roo:<\/b> Puerto Morelos.<\/p>\n<\/li>\n<\/ul>\n<p data-path-to-node=\"5\">El acuerdo, dijo, busca impulsar el turismo estatal y nacional, adem\u00e1s de dinamizar el intercambio cultural y econ\u00f3mico. Durante el acto, Fern\u00e1ndez destac\u00f3 que la promoci\u00f3n tur\u00edstica trasciende fronteras para fortalecer la identidad pluricultural del pa\u00eds.<\/p>\n<p data-path-to-node=\"6\">El evento cont\u00f3 con el respaldo del Gobierno del Estado de Puebla, encabezado por Alejandro Armenta, mediante la presencia de Samuel Aguilar Pala, titular de la Secretar\u00eda de Gobernaci\u00f3n estatal, reafirmando el posicionamiento de San Pedro Cholula como destino tur\u00edstico prioritario.<\/p>\n<p data-path-to-node=\"7\"><b data-path-to-node=\"7\" data-index-in-node=\"0\">Cierre estelar y despliegue operativo<\/b><\/p>\n<p data-path-to-node=\"8\">Tras la apertura formal, las autoridades recorrieron el Pabell\u00f3n de Pueblos M\u00e1gicos y las zonas comerciales. La jornada concluy\u00f3 con un concierto masivo del cantante Mijares en la Plaza de la Concordia, quien recibi\u00f3 un reconocimiento oficial por parte del Ayuntamiento tras convocar a miles de personas en el primer d\u00eda de actividades.<\/p>\n<p data-path-to-node=\"9\">El Ayuntamiento despleg\u00f3 un operativo coordinado entre distintas \u00e1reas municipales para garantizar la seguridad, log\u00edstica y atenci\u00f3n a visitantes locales, nacionales e internacionales durante toda la festividad.<\/p>\n<p data-path-to-node=\"9\">\n<p data-path-to-node=\"9\"><img fetchpriority=\"high\" decoding=\"async\" class=\"alignnone size-medium wp-image-84229\" src=\"https:\/\/ferabrajan.com\/portal\/wp-content\/uploads\/2026\/09\/WhatsApp-Image-2026-09-02-at-6.36.00-AM-300x200.jpeg\" alt=\"\" width=\"300\" height=\"200\" srcset=\"https:\/\/ferabrajan.com\/portal\/wp-content\/uploads\/2026\/09\/WhatsApp-Image-2026-09-02-at-6.36.00-AM-300x200.jpeg 300w, https:\/\/ferabrajan.com\/portal\/wp-content\/uploads\/2026\/09\/WhatsApp-Image-2026-09-02-at-6.36.00-AM-1024x683.jpeg 1024w, https:\/\/ferabrajan.com\/portal\/wp-content\/uploads\/2026\/09\/WhatsApp-Image-2026-09-02-at-6.36.00-AM-768x512.jpeg 768w, https:\/\/ferabrajan.com\/portal\/wp-content\/uploads\/2026\/09\/WhatsApp-Image-2026-09-02-at-6.36.00-AM.jpeg 1123w\" sizes=\"(max-width: 300px) 100vw, 300px\" \/> <img decoding=\"async\" class=\"alignnone size-medium wp-image-84230\" src=\"https:\/\/ferabrajan.com\/portal\/wp-content\/uploads\/2026\/09\/WhatsApp-Image-2026-09-02-at-6.35.59-AM-2-300x169.jpeg\" alt=\"\" width=\"300\" height=\"169\" srcset=\"https:\/\/ferabrajan.com\/portal\/wp-content\/uploads\/2026\/09\/WhatsApp-Image-2026-09-02-at-6.35.59-AM-2-300x169.jpeg 300w, https:\/\/ferabrajan.com\/portal\/wp-content\/uploads\/2026\/09\/WhatsApp-Image-2026-09-02-at-6.35.59-AM-2-1024x576.jpeg 1024w, https:\/\/ferabrajan.com\/portal\/wp-content\/uploads\/2026\/09\/WhatsApp-Image-2026-09-02-at-6.35.59-AM-2-768x432.jpeg 768w, https:\/\/ferabrajan.com\/portal\/wp-content\/uploads\/2026\/09\/WhatsApp-Image-2026-09-02-at-6.35.59-AM-2-1536x864.jpeg 1536w, https:\/\/ferabrajan.com\/portal\/wp-content\/uploads\/2026\/09\/WhatsApp-Image-2026-09-02-at-6.35.59-AM-2.jpeg 1600w\" sizes=\"(max-width: 300px) 100vw, 300px\" \/> <img decoding=\"async\" class=\"alignnone size-medium wp-image-84231\" src=\"https:\/\/ferabrajan.com\/portal\/wp-content\/uploads\/2026\/09\/WhatsApp-Image-2026-09-02-at-6.35.59-AM-1-300x200.jpeg\" alt=\"\" width=\"300\" height=\"200\" srcset=\"https:\/\/ferabrajan.com\/portal\/wp-content\/uploads\/2026\/09\/WhatsApp-Image-2026-09-02-at-6.35.59-AM-1-300x200.jpeg 300w, https:\/\/ferabrajan.com\/portal\/wp-content\/uploads\/2026\/09\/WhatsApp-Image-2026-09-02-at-6.35.59-AM-1-1024x682.jpeg 1024w, https:\/\/ferabrajan.com\/portal\/wp-content\/uploads\/2026\/09\/WhatsApp-Image-2026-09-02-at-6.35.59-AM-1-768x512.jpeg 768w, https:\/\/ferabrajan.com\/portal\/wp-content\/uploads\/2026\/09\/WhatsApp-Image-2026-09-02-at-6.35.59-AM-1.jpeg 1280w\" sizes=\"(max-width: 300px) 100vw, 300px\" \/> <img loading=\"lazy\" decoding=\"async\" class=\"alignnone size-medium wp-image-84232\" src=\"https:\/\/ferabrajan.com\/portal\/wp-content\/uploads\/2026\/09\/WhatsApp-Image-2026-09-02-at-6.35.59-AM-300x209.jpeg\" alt=\"\" width=\"300\" height=\"209\" srcset=\"https:\/\/ferabrajan.com\/portal\/wp-content\/uploads\/2026\/09\/WhatsApp-Image-2026-09-02-at-6.35.59-AM-300x209.jpeg 300w, https:\/\/ferabrajan.com\/portal\/wp-content\/uploads\/2026\/09\/WhatsApp-Image-2026-09-02-at-6.35.59-AM-1024x715.jpeg 1024w, https:\/\/ferabrajan.com\/portal\/wp-content\/uploads\/2026\/09\/WhatsApp-Image-2026-09-02-at-6.35.59-AM-768x536.jpeg 768w, https:\/\/ferabrajan.com\/portal\/wp-content\/uploads\/2026\/09\/WhatsApp-Image-2026-09-02-at-6.35.59-AM.jpeg 1484w\" sizes=\"(max-width: 300px) 100vw, 300px\" \/> <img loading=\"lazy\" decoding=\"async\" class=\"alignnone size-medium wp-image-84233\" src=\"https:\/\/ferabrajan.com\/portal\/wp-content\/uploads\/2026\/09\/WhatsApp-Image-2026-09-02-at-6.35.58-AM-1-300x200.jpeg\" alt=\"\" width=\"300\" height=\"200\" srcset=\"https:\/\/ferabrajan.com\/portal\/wp-content\/uploads\/2026\/09\/WhatsApp-Image-2026-09-02-at-6.35.58-AM-1-300x200.jpeg 300w, https:\/\/ferabrajan.com\/portal\/wp-content\/uploads\/2026\/09\/WhatsApp-Image-2026-09-02-at-6.35.58-AM-1-1024x682.jpeg 1024w, https:\/\/ferabrajan.com\/portal\/wp-content\/uploads\/2026\/09\/WhatsApp-Image-2026-09-02-at-6.35.58-AM-1-768x512.jpeg 768w, https:\/\/ferabrajan.com\/portal\/wp-content\/uploads\/2026\/09\/WhatsApp-Image-2026-09-02-at-6.35.58-AM-1.jpeg 1280w\" sizes=\"(max-width: 300px) 100vw, 300px\" \/> <img loading=\"lazy\" decoding=\"async\" class=\"alignnone size-medium wp-image-84234\" src=\"https:\/\/ferabrajan.com\/portal\/wp-content\/uploads\/2026\/09\/WhatsApp-Image-2026-09-02-at-6.35.58-AM-300x200.jpeg\" alt=\"\" width=\"300\" height=\"200\" srcset=\"https:\/\/ferabrajan.com\/portal\/wp-content\/uploads\/2026\/09\/WhatsApp-Image-2026-09-02-at-6.35.58-AM-300x200.jpeg 300w, https:\/\/ferabrajan.com\/portal\/wp-content\/uploads\/2026\/09\/WhatsApp-Image-2026-09-02-at-6.35.58-AM-1024x682.jpeg 1024w, https:\/\/ferabrajan.com\/portal\/wp-content\/uploads\/2026\/09\/WhatsApp-Image-2026-09-02-at-6.35.58-AM-768x512.jpeg 768w, https:\/\/ferabrajan.com\/portal\/wp-content\/uploads\/2026\/09\/WhatsApp-Image-2026-09-02-at-6.35.58-AM.jpeg 1280w\" sizes=\"(max-width: 300px) 100vw, 300px\" \/><\/p>\n","protected":false},"excerpt":{"rendered":"<p>San Pedro Cholula dio inicio a la 76\u00aa edici\u00f3n de la Gran Feria Milenaria, consolidando a la demarcaci\u00f3n como un polo cultural y econ\u00f3mico clave en la regi\u00f3n. La jornada inaugural reuni\u00f3 a miles de asistentes en la Plaza de la Concordia y el Z\u00f3calo municipal, activando el flujo comercial y la afluencia tur\u00edstica a trav\u00e9s de sus corredores gastron\u00f3micos, comerciales y artesanales. Y en el foro art\u00edstico apareci\u00f3 en escena el artista Manuela Mijares. Pese a la lluvias miles de personas esperaron su presentaci\u00f3n y cantaron sus \u00e9xitos. En la antesala del corte de list\u00f3n inaugural, la presidenta municipal Tonantzin Fern\u00e1ndez encabez\u00f3 la firma de un convenio de hermanamiento con cinco municipios estrat\u00e9gicos: Puebla: Tecali de Herrera, Huauchinango, Xicotepec y Tehuac\u00e1n. Quintana Roo: Puerto Morelos. El acuerdo, dijo, busca impulsar el turismo estatal y nacional, adem\u00e1s de dinamizar el intercambio cultural y econ\u00f3mico. Durante el acto, Fern\u00e1ndez destac\u00f3 que la promoci\u00f3n tur\u00edstica trasciende fronteras para fortalecer la identidad pluricultural del pa\u00eds. El evento cont\u00f3 con el respaldo del Gobierno del Estado de Puebla, encabezado por Alejandro Armenta, mediante la presencia de Samuel Aguilar Pala, titular de la Secretar\u00eda de Gobernaci\u00f3n estatal, reafirmando el posicionamiento de San Pedro Cholula como destino tur\u00edstico prioritario. Cierre estelar y despliegue operativo Tras la apertura formal, las autoridades recorrieron el Pabell\u00f3n de Pueblos M\u00e1gicos y las zonas comerciales. La jornada concluy\u00f3 con un concierto masivo del cantante Mijares en la Plaza de la Concordia, quien recibi\u00f3 un reconocimiento oficial por parte del Ayuntamiento tras convocar a miles de personas en el primer d\u00eda de actividades. El Ayuntamiento despleg\u00f3 un operativo coordinado entre distintas \u00e1reas municipales para garantizar la seguridad, log\u00edstica y atenci\u00f3n a visitantes locales, nacionales e internacionales durante toda la festividad.<\/p>\n","protected":false},"author":2,"featured_media":84231,"comment_status":"closed","ping_status":"closed","sticky":false,"template":"","format":"standard","meta":{"_monsterinsights_skip_tracking":false,"_uf_show_specific_survey":0,"_uf_disable_surveys":false,"footnotes":""},"categories":[53,585,3434],"tags":[3163,29,1397],"class_list":["post-84228","post","type-post","status-publish","format-standard","has-post-thumbnail","hentry","category-local","category-principal","category-puebla-3","tag-feria-de-cholula","tag-san-pedro-cholula","tag-tonantzin-fernandez"],"yoast_head":"<!-- This site is optimized with the Yoast SEO plugin v27.5 - https:\/\/yoast.com\/product\/yoast-seo-wordpress\/ -->\n<title>San Pedro Cholula luce su 76\u00aa Feria Milenaria: Alianzas tur\u00edsticas y miles de asistentes en el arranque - Fer Abrajan<\/title>\n<meta name=\"robots\" content=\"index, follow, max-snippet:-1, max-image-preview:large, max-video-preview:-1\" \/>\n<link rel=\"canonical\" href=\"https:\/\/ferabrajan.com\/portal\/2026\/09\/02\/san-pedro-cholula-luce-su-76a-feria-milenaria-alianzas-turisticas-y-miles-de-asistentes-en-el-arranque\/\" \/>\n<meta property=\"og:locale\" content=\"es_ES\" \/>\n<meta property=\"og:type\" content=\"article\" \/>\n<meta property=\"og:title\" content=\"San Pedro Cholula luce su 76\u00aa Feria Milenaria: Alianzas tur\u00edsticas y miles de asistentes en el arranque - Fer Abrajan\" \/>\n<meta property=\"og:description\" content=\"San Pedro Cholula dio inicio a la 76\u00aa edici\u00f3n de la Gran Feria Milenaria, consolidando a la demarcaci\u00f3n como un polo cultural y econ\u00f3mico clave en la regi\u00f3n. La jornada inaugural reuni\u00f3 a miles de asistentes en la Plaza de la Concordia y el Z\u00f3calo municipal, activando el flujo comercial y la afluencia tur\u00edstica a trav\u00e9s de sus corredores gastron\u00f3micos, comerciales y artesanales. Y en el foro art\u00edstico apareci\u00f3 en escena el artista Manuela Mijares. Pese a la lluvias miles de personas esperaron su presentaci\u00f3n y cantaron sus \u00e9xitos. En la antesala del corte de list\u00f3n inaugural, la presidenta municipal Tonantzin Fern\u00e1ndez encabez\u00f3 la firma de un convenio de hermanamiento con cinco municipios estrat\u00e9gicos: Puebla: Tecali de Herrera, Huauchinango, Xicotepec y Tehuac\u00e1n. Quintana Roo: Puerto Morelos. El acuerdo, dijo, busca impulsar el turismo estatal y nacional, adem\u00e1s de dinamizar el intercambio cultural y econ\u00f3mico. Durante el acto, Fern\u00e1ndez destac\u00f3 que la promoci\u00f3n tur\u00edstica trasciende fronteras para fortalecer la identidad pluricultural del pa\u00eds. El evento cont\u00f3 con el respaldo del Gobierno del Estado de Puebla, encabezado por Alejandro Armenta, mediante la presencia de Samuel Aguilar Pala, titular de la Secretar\u00eda de Gobernaci\u00f3n estatal, reafirmando el posicionamiento de San Pedro Cholula como destino tur\u00edstico prioritario. Cierre estelar y despliegue operativo Tras la apertura formal, las autoridades recorrieron el Pabell\u00f3n de Pueblos M\u00e1gicos y las zonas comerciales. La jornada concluy\u00f3 con un concierto masivo del cantante Mijares en la Plaza de la Concordia, quien recibi\u00f3 un reconocimiento oficial por parte del Ayuntamiento tras convocar a miles de personas en el primer d\u00eda de actividades. El Ayuntamiento despleg\u00f3 un operativo coordinado entre distintas \u00e1reas municipales para garantizar la seguridad, log\u00edstica y atenci\u00f3n a visitantes locales, nacionales e internacionales durante toda la festividad.\" \/>\n<meta property=\"og:url\" content=\"https:\/\/ferabrajan.com\/portal\/2026\/09\/02\/san-pedro-cholula-luce-su-76a-feria-milenaria-alianzas-turisticas-y-miles-de-asistentes-en-el-arranque\/\" \/>\n<meta property=\"og:site_name\" content=\"Fer Abrajan\" \/>\n<meta property=\"article:publisher\" content=\"https:\/\/www.facebook.com\/NoticiasconFerAbrajan\/\" \/>\n<meta property=\"article:published_time\" content=\"2026-09-02T17:15:00+00:00\" \/>\n<meta property=\"og:image\" content=\"https:\/\/ferabrajan.com\/portal\/wp-content\/uploads\/2026\/09\/WhatsApp-Image-2026-09-02-at-6.35.59-AM-1.jpeg\" \/>\n\t<meta property=\"og:image:width\" content=\"1280\" \/>\n\t<meta property=\"og:image:height\" content=\"853\" \/>\n\t<meta property=\"og:image:type\" content=\"image\/jpeg\" \/>\n<meta name=\"author\" content=\"Fer Abrajan\" \/>\n<meta name=\"twitter:card\" content=\"summary_large_image\" \/>\n<meta name=\"twitter:creator\" content=\"@ferabrajan1\" \/>\n<meta name=\"twitter:site\" content=\"@ferabrajan1\" \/>\n<meta name=\"twitter:label1\" content=\"Escrito por\" \/>\n\t<meta name=\"twitter:data1\" content=\"Fer Abrajan\" \/>\n\t<meta name=\"twitter:label2\" content=\"Tiempo de lectura\" \/>\n\t<meta name=\"twitter:data2\" content=\"3 minutos\" \/>\n<script type=\"application\/ld+json\" class=\"yoast-schema-graph\">{\"@context\":\"https:\\\/\\\/schema.org\",\"@graph\":[{\"@type\":\"Article\",\"@id\":\"https:\\\/\\\/ferabrajan.com\\\/portal\\\/2026\\\/09\\\/02\\\/san-pedro-cholula-luce-su-76a-feria-milenaria-alianzas-turisticas-y-miles-de-asistentes-en-el-arranque\\\/#article\",\"isPartOf\":{\"@id\":\"https:\\\/\\\/ferabrajan.com\\\/portal\\\/2026\\\/09\\\/02\\\/san-pedro-cholula-luce-su-76a-feria-milenaria-alianzas-turisticas-y-miles-de-asistentes-en-el-arranque\\\/\"},\"author\":{\"name\":\"Fer Abrajan\",\"@id\":\"https:\\\/\\\/ferabrajan.com\\\/portal\\\/#\\\/schema\\\/person\\\/409810f04ae2414635b53953eb892c6a\"},\"headline\":\"San Pedro Cholula luce su 76\u00aa Feria Milenaria: Alianzas tur\u00edsticas y miles de asistentes en el arranque\",\"datePublished\":\"2026-09-02T17:15:00+00:00\",\"mainEntityOfPage\":{\"@id\":\"https:\\\/\\\/ferabrajan.com\\\/portal\\\/2026\\\/09\\\/02\\\/san-pedro-cholula-luce-su-76a-feria-milenaria-alianzas-turisticas-y-miles-de-asistentes-en-el-arranque\\\/\"},\"wordCount\":332,\"publisher\":{\"@id\":\"https:\\\/\\\/ferabrajan.com\\\/portal\\\/#organization\"},\"image\":{\"@id\":\"https:\\\/\\\/ferabrajan.com\\\/portal\\\/2026\\\/09\\\/02\\\/san-pedro-cholula-luce-su-76a-feria-milenaria-alianzas-turisticas-y-miles-de-asistentes-en-el-arranque\\\/#primaryimage\"},\"thumbnailUrl\":\"https:\\\/\\\/ferabrajan.com\\\/portal\\\/wp-content\\\/uploads\\\/2026\\\/09\\\/WhatsApp-Image-2026-09-02-at-6.35.59-AM-1.jpeg\",\"keywords\":[\"Feria de Cholula\",\"San Pedro Cholula\",\"Tonantzin Fern\u00e1ndez\"],\"articleSection\":[\"Local\",\"Principal\",\"Puebla-\"],\"inLanguage\":\"es\"},{\"@type\":\"WebPage\",\"@id\":\"https:\\\/\\\/ferabrajan.com\\\/portal\\\/2026\\\/09\\\/02\\\/san-pedro-cholula-luce-su-76a-feria-milenaria-alianzas-turisticas-y-miles-de-asistentes-en-el-arranque\\\/\",\"url\":\"https:\\\/\\\/ferabrajan.com\\\/portal\\\/2026\\\/09\\\/02\\\/san-pedro-cholula-luce-su-76a-feria-milenaria-alianzas-turisticas-y-miles-de-asistentes-en-el-arranque\\\/\",\"name\":\"San Pedro Cholula luce su 76\u00aa Feria Milenaria: Alianzas tur\u00edsticas y miles de asistentes en el arranque - Fer Abrajan\",\"isPartOf\":{\"@id\":\"https:\\\/\\\/ferabrajan.com\\\/portal\\\/#website\"},\"primaryImageOfPage\":{\"@id\":\"https:\\\/\\\/ferabrajan.com\\\/portal\\\/2026\\\/09\\\/02\\\/san-pedro-cholula-luce-su-76a-feria-milenaria-alianzas-turisticas-y-miles-de-asistentes-en-el-arranque\\\/#primaryimage\"},\"image\":{\"@id\":\"https:\\\/\\\/ferabrajan.com\\\/portal\\\/2026\\\/09\\\/02\\\/san-pedro-cholula-luce-su-76a-feria-milenaria-alianzas-turisticas-y-miles-de-asistentes-en-el-arranque\\\/#primaryimage\"},\"thumbnailUrl\":\"https:\\\/\\\/ferabrajan.com\\\/portal\\\/wp-content\\\/uploads\\\/2026\\\/09\\\/WhatsApp-Image-2026-09-02-at-6.35.59-AM-1.jpeg\",\"datePublished\":\"2026-09-02T17:15:00+00:00\",\"breadcrumb\":{\"@id\":\"https:\\\/\\\/ferabrajan.com\\\/portal\\\/2026\\\/09\\\/02\\\/san-pedro-cholula-luce-su-76a-feria-milenaria-alianzas-turisticas-y-miles-de-asistentes-en-el-arranque\\\/#breadcrumb\"},\"inLanguage\":\"es\",\"potentialAction\":[{\"@type\":\"ReadAction\",\"target\":[\"https:\\\/\\\/ferabrajan.com\\\/portal\\\/2026\\\/09\\\/02\\\/san-pedro-cholula-luce-su-76a-feria-milenaria-alianzas-turisticas-y-miles-de-asistentes-en-el-arranque\\\/\"]}]},{\"@type\":\"ImageObject\",\"inLanguage\":\"es\",\"@id\":\"https:\\\/\\\/ferabrajan.com\\\/portal\\\/2026\\\/09\\\/02\\\/san-pedro-cholula-luce-su-76a-feria-milenaria-alianzas-turisticas-y-miles-de-asistentes-en-el-arranque\\\/#primaryimage\",\"url\":\"https:\\\/\\\/ferabrajan.com\\\/portal\\\/wp-content\\\/uploads\\\/2026\\\/09\\\/WhatsApp-Image-2026-09-02-at-6.35.59-AM-1.jpeg\",\"contentUrl\":\"https:\\\/\\\/ferabrajan.com\\\/portal\\\/wp-content\\\/uploads\\\/2026\\\/09\\\/WhatsApp-Image-2026-09-02-at-6.35.59-AM-1.jpeg\",\"width\":1280,\"height\":853},{\"@type\":\"BreadcrumbList\",\"@id\":\"https:\\\/\\\/ferabrajan.com\\\/portal\\\/2026\\\/09\\\/02\\\/san-pedro-cholula-luce-su-76a-feria-milenaria-alianzas-turisticas-y-miles-de-asistentes-en-el-arranque\\\/#breadcrumb\",\"itemListElement\":[{\"@type\":\"ListItem\",\"position\":1,\"name\":\"Portada\",\"item\":\"https:\\\/\\\/ferabrajan.com\\\/portal\\\/\"},{\"@type\":\"ListItem\",\"position\":2,\"name\":\"San Pedro Cholula luce su 76\u00aa Feria Milenaria: Alianzas tur\u00edsticas y miles de asistentes en el arranque\"}]},{\"@type\":\"WebSite\",\"@id\":\"https:\\\/\\\/ferabrajan.com\\\/portal\\\/#website\",\"url\":\"https:\\\/\\\/ferabrajan.com\\\/portal\\\/\",\"name\":\"Fer Abrajan\",\"description\":\"Noticias de Puebla, opini\u00f3n y radio en vivo\",\"publisher\":{\"@id\":\"https:\\\/\\\/ferabrajan.com\\\/portal\\\/#organization\"},\"potentialAction\":[{\"@type\":\"SearchAction\",\"target\":{\"@type\":\"EntryPoint\",\"urlTemplate\":\"https:\\\/\\\/ferabrajan.com\\\/portal\\\/?s={search_term_string}\"},\"query-input\":{\"@type\":\"PropertyValueSpecification\",\"valueRequired\":true,\"valueName\":\"search_term_string\"}}],\"inLanguage\":\"es\"},{\"@type\":\"Organization\",\"@id\":\"https:\\\/\\\/ferabrajan.com\\\/portal\\\/#organization\",\"name\":\"Fer Abrajan\",\"url\":\"https:\\\/\\\/ferabrajan.com\\\/portal\\\/\",\"logo\":{\"@type\":\"ImageObject\",\"inLanguage\":\"es\",\"@id\":\"https:\\\/\\\/ferabrajan.com\\\/portal\\\/#\\\/schema\\\/logo\\\/image\\\/\",\"url\":\"https:\\\/\\\/ferabrajan.com\\\/portal\\\/wp-content\\\/uploads\\\/2024\\\/10\\\/cropped-logo.jpeg\",\"contentUrl\":\"https:\\\/\\\/ferabrajan.com\\\/portal\\\/wp-content\\\/uploads\\\/2024\\\/10\\\/cropped-logo.jpeg\",\"width\":500,\"height\":250,\"caption\":\"Fer Abrajan\"},\"image\":{\"@id\":\"https:\\\/\\\/ferabrajan.com\\\/portal\\\/#\\\/schema\\\/logo\\\/image\\\/\"},\"sameAs\":[\"https:\\\/\\\/www.facebook.com\\\/NoticiasconFerAbrajan\\\/\",\"https:\\\/\\\/x.com\\\/ferabrajan1\"]},{\"@type\":\"Person\",\"@id\":\"https:\\\/\\\/ferabrajan.com\\\/portal\\\/#\\\/schema\\\/person\\\/409810f04ae2414635b53953eb892c6a\",\"name\":\"Fer Abrajan\",\"image\":{\"@type\":\"ImageObject\",\"inLanguage\":\"es\",\"@id\":\"https:\\\/\\\/secure.gravatar.com\\\/avatar\\\/14a22c98926007f26dad1674f7e574700703d917b7db6886c7b50d7a6d983fca?s=96&d=mm&r=g\",\"url\":\"https:\\\/\\\/secure.gravatar.com\\\/avatar\\\/14a22c98926007f26dad1674f7e574700703d917b7db6886c7b50d7a6d983fca?s=96&d=mm&r=g\",\"contentUrl\":\"https:\\\/\\\/secure.gravatar.com\\\/avatar\\\/14a22c98926007f26dad1674f7e574700703d917b7db6886c7b50d7a6d983fca?s=96&d=mm&r=g\",\"caption\":\"Fer Abrajan\"},\"url\":\"https:\\\/\\\/ferabrajan.com\\\/portal\\\/author\\\/fabrajan\\\/\"}]}<\/script>\n<!-- \/ Yoast SEO plugin. -->","yoast_head_json":{"title":"San Pedro Cholula luce su 76\u00aa Feria Milenaria: Alianzas tur\u00edsticas y miles de asistentes en el arranque - Fer Abrajan","robots":{"index":"index","follow":"follow","max-snippet":"max-snippet:-1","max-image-preview":"max-image-preview:large","max-video-preview":"max-video-preview:-1"},"canonical":"https:\/\/ferabrajan.com\/portal\/2026\/09\/02\/san-pedro-cholula-luce-su-76a-feria-milenaria-alianzas-turisticas-y-miles-de-asistentes-en-el-arranque\/","og_locale":"es_ES","og_type":"article","og_title":"San Pedro Cholula luce su 76\u00aa Feria Milenaria: Alianzas tur\u00edsticas y miles de asistentes en el arranque - Fer Abrajan","og_description":"San Pedro Cholula dio inicio a la 76\u00aa edici\u00f3n de la Gran Feria Milenaria, consolidando a la demarcaci\u00f3n como un polo cultural y econ\u00f3mico clave en la regi\u00f3n. La jornada inaugural reuni\u00f3 a miles de asistentes en la Plaza de la Concordia y el Z\u00f3calo municipal, activando el flujo comercial y la afluencia tur\u00edstica a trav\u00e9s de sus corredores gastron\u00f3micos, comerciales y artesanales. Y en el foro art\u00edstico apareci\u00f3 en escena el artista Manuela Mijares. Pese a la lluvias miles de personas esperaron su presentaci\u00f3n y cantaron sus \u00e9xitos. En la antesala del corte de list\u00f3n inaugural, la presidenta municipal Tonantzin Fern\u00e1ndez encabez\u00f3 la firma de un convenio de hermanamiento con cinco municipios estrat\u00e9gicos: Puebla: Tecali de Herrera, Huauchinango, Xicotepec y Tehuac\u00e1n. Quintana Roo: Puerto Morelos. El acuerdo, dijo, busca impulsar el turismo estatal y nacional, adem\u00e1s de dinamizar el intercambio cultural y econ\u00f3mico. Durante el acto, Fern\u00e1ndez destac\u00f3 que la promoci\u00f3n tur\u00edstica trasciende fronteras para fortalecer la identidad pluricultural del pa\u00eds. El evento cont\u00f3 con el respaldo del Gobierno del Estado de Puebla, encabezado por Alejandro Armenta, mediante la presencia de Samuel Aguilar Pala, titular de la Secretar\u00eda de Gobernaci\u00f3n estatal, reafirmando el posicionamiento de San Pedro Cholula como destino tur\u00edstico prioritario. Cierre estelar y despliegue operativo Tras la apertura formal, las autoridades recorrieron el Pabell\u00f3n de Pueblos M\u00e1gicos y las zonas comerciales. La jornada concluy\u00f3 con un concierto masivo del cantante Mijares en la Plaza de la Concordia, quien recibi\u00f3 un reconocimiento oficial por parte del Ayuntamiento tras convocar a miles de personas en el primer d\u00eda de actividades. El Ayuntamiento despleg\u00f3 un operativo coordinado entre distintas \u00e1reas municipales para garantizar la seguridad, log\u00edstica y atenci\u00f3n a visitantes locales, nacionales e internacionales durante toda la festividad.","og_url":"https:\/\/ferabrajan.com\/portal\/2026\/09\/02\/san-pedro-cholula-luce-su-76a-feria-milenaria-alianzas-turisticas-y-miles-de-asistentes-en-el-arranque\/","og_site_name":"Fer Abrajan","article_publisher":"https:\/\/www.facebook.com\/NoticiasconFerAbrajan\/","article_published_time":"2026-09-02T17:15:00+00:00","og_image":[{"width":1280,"height":853,"url":"https:\/\/ferabrajan.com\/portal\/wp-content\/uploads\/2026\/09\/WhatsApp-Image-2026-09-02-at-6.35.59-AM-1.jpeg","type":"image\/jpeg"}],"author":"Fer Abrajan","twitter_card":"summary_large_image","twitter_creator":"@ferabrajan1","twitter_site":"@ferabrajan1","twitter_misc":{"Escrito por":"Fer Abrajan","Tiempo de lectura":"3 minutos"},"schema":{"@context":"https:\/\/schema.org","@graph":[{"@type":"Article","@id":"https:\/\/ferabrajan.com\/portal\/2026\/09\/02\/san-pedro-cholula-luce-su-76a-feria-milenaria-alianzas-turisticas-y-miles-de-asistentes-en-el-arranque\/#article","isPartOf":{"@id":"https:\/\/ferabrajan.com\/portal\/2026\/09\/02\/san-pedro-cholula-luce-su-76a-feria-milenaria-alianzas-turisticas-y-miles-de-asistentes-en-el-arranque\/"},"author":{"name":"Fer Abrajan","@id":"https:\/\/ferabrajan.com\/portal\/#\/schema\/person\/409810f04ae2414635b53953eb892c6a"},"headline":"San Pedro Cholula luce su 76\u00aa Feria Milenaria: Alianzas tur\u00edsticas y miles de asistentes en el arranque","datePublished":"2026-09-02T17:15:00+00:00","mainEntityOfPage":{"@id":"https:\/\/ferabrajan.com\/portal\/2026\/09\/02\/san-pedro-cholula-luce-su-76a-feria-milenaria-alianzas-turisticas-y-miles-de-asistentes-en-el-arranque\/"},"wordCount":332,"publisher":{"@id":"https:\/\/ferabrajan.com\/portal\/#organization"},"image":{"@id":"https:\/\/ferabrajan.com\/portal\/2026\/09\/02\/san-pedro-cholula-luce-su-76a-feria-milenaria-alianzas-turisticas-y-miles-de-asistentes-en-el-arranque\/#primaryimage"},"thumbnailUrl":"https:\/\/ferabrajan.com\/portal\/wp-content\/uploads\/2026\/09\/WhatsApp-Image-2026-09-02-at-6.35.59-AM-1.jpeg","keywords":["Feria de Cholula","San Pedro Cholula","Tonantzin Fern\u00e1ndez"],"articleSection":["Local","Principal","Puebla-"],"inLanguage":"es"},{"@type":"WebPage","@id":"https:\/\/ferabrajan.com\/portal\/2026\/09\/02\/san-pedro-cholula-luce-su-76a-feria-milenaria-alianzas-turisticas-y-miles-de-asistentes-en-el-arranque\/","url":"https:\/\/ferabrajan.com\/portal\/2026\/09\/02\/san-pedro-cholula-luce-su-76a-feria-milenaria-alianzas-turisticas-y-miles-de-asistentes-en-el-arranque\/","name":"San Pedro Cholula luce su 76\u00aa Feria Milenaria: Alianzas tur\u00edsticas y miles de asistentes en el arranque - Fer Abrajan","isPartOf":{"@id":"https:\/\/ferabrajan.com\/portal\/#website"},"primaryImageOfPage":{"@id":"https:\/\/ferabrajan.com\/portal\/2026\/09\/02\/san-pedro-cholula-luce-su-76a-feria-milenaria-alianzas-turisticas-y-miles-de-asistentes-en-el-arranque\/#primaryimage"},"image":{"@id":"https:\/\/ferabrajan.com\/portal\/2026\/09\/02\/san-pedro-cholula-luce-su-76a-feria-milenaria-alianzas-turisticas-y-miles-de-asistentes-en-el-arranque\/#primaryimage"},"thumbnailUrl":"https:\/\/ferabrajan.com\/portal\/wp-content\/uploads\/2026\/09\/WhatsApp-Image-2026-09-02-at-6.35.59-AM-1.jpeg","datePublished":"2026-09-02T17:15:00+00:00","breadcrumb":{"@id":"https:\/\/ferabrajan.com\/portal\/2026\/09\/02\/san-pedro-cholula-luce-su-76a-feria-milenaria-alianzas-turisticas-y-miles-de-asistentes-en-el-arranque\/#breadcrumb"},"inLanguage":"es","potentialAction":[{"@type":"ReadAction","target":["https:\/\/ferabrajan.com\/portal\/2026\/09\/02\/san-pedro-cholula-luce-su-76a-feria-milenaria-alianzas-turisticas-y-miles-de-asistentes-en-el-arranque\/"]}]},{"@type":"ImageObject","inLanguage":"es","@id":"https:\/\/ferabrajan.com\/portal\/2026\/09\/02\/san-pedro-cholula-luce-su-76a-feria-milenaria-alianzas-turisticas-y-miles-de-asistentes-en-el-arranque\/#primaryimage","url":"https:\/\/ferabrajan.com\/portal\/wp-content\/uploads\/2026\/09\/WhatsApp-Image-2026-09-02-at-6.35.59-AM-1.jpeg","contentUrl":"https:\/\/ferabrajan.com\/portal\/wp-content\/uploads\/2026\/09\/WhatsApp-Image-2026-09-02-at-6.35.59-AM-1.jpeg","width":1280,"height":853},{"@type":"BreadcrumbList","@id":"https:\/\/ferabrajan.com\/portal\/2026\/09\/02\/san-pedro-cholula-luce-su-76a-feria-milenaria-alianzas-turisticas-y-miles-de-asistentes-en-el-arranque\/#breadcrumb","itemListElement":[{"@type":"ListItem","position":1,"name":"Portada","item":"https:\/\/ferabrajan.com\/portal\/"},{"@type":"ListItem","position":2,"name":"San Pedro Cholula luce su 76\u00aa Feria Milenaria: Alianzas tur\u00edsticas y miles de asistentes en el arranque"}]},{"@type":"WebSite","@id":"https:\/\/ferabrajan.com\/portal\/#website","url":"https:\/\/ferabrajan.com\/portal\/","name":"Fer Abrajan","description":"Noticias de Puebla, opini\u00f3n y radio en vivo","publisher":{"@id":"https:\/\/ferabrajan.com\/portal\/#organization"},"potentialAction":[{"@type":"SearchAction","target":{"@type":"EntryPoint","urlTemplate":"https:\/\/ferabrajan.com\/portal\/?s={search_term_string}"},"query-input":{"@type":"PropertyValueSpecification","valueRequired":true,"valueName":"search_term_string"}}],"inLanguage":"es"},{"@type":"Organization","@id":"https:\/\/ferabrajan.com\/portal\/#organization","name":"Fer Abrajan","url":"https:\/\/ferabrajan.com\/portal\/","logo":{"@type":"ImageObject","inLanguage":"es","@id":"https:\/\/ferabrajan.com\/portal\/#\/schema\/logo\/image\/","url":"https:\/\/ferabrajan.com\/portal\/wp-content\/uploads\/2024\/10\/cropped-logo.jpeg","contentUrl":"https:\/\/ferabrajan.com\/portal\/wp-content\/uploads\/2024\/10\/cropped-logo.jpeg","width":500,"height":250,"caption":"Fer Abrajan"},"image":{"@id":"https:\/\/ferabrajan.com\/portal\/#\/schema\/logo\/image\/"},"sameAs":["https:\/\/www.facebook.com\/NoticiasconFerAbrajan\/","https:\/\/x.com\/ferabrajan1"]},{"@type":"Person","@id":"https:\/\/ferabrajan.com\/portal\/#\/schema\/person\/409810f04ae2414635b53953eb892c6a","name":"Fer Abrajan","image":{"@type":"ImageObject","inLanguage":"es","@id":"https:\/\/secure.gravatar.com\/avatar\/14a22c98926007f26dad1674f7e574700703d917b7db6886c7b50d7a6d983fca?s=96&d=mm&r=g","url":"https:\/\/secure.gravatar.com\/avatar\/14a22c98926007f26dad1674f7e574700703d917b7db6886c7b50d7a6d983fca?s=96&d=mm&r=g","contentUrl":"https:\/\/secure.gravatar.com\/avatar\/14a22c98926007f26dad1674f7e574700703d917b7db6886c7b50d7a6d983fca?s=96&d=mm&r=g","caption":"Fer Abrajan"},"url":"https:\/\/ferabrajan.com\/portal\/author\/fabrajan\/"}]}},"_links":{"self":[{"href":"https:\/\/ferabrajan.com\/portal\/wp-json\/wp\/v2\/posts\/84228","targetHints":{"allow":["GET"]}}],"collection":[{"href":"https:\/\/ferabrajan.com\/portal\/wp-json\/wp\/v2\/posts"}],"about":[{"href":"https:\/\/ferabrajan.com\/portal\/wp-json\/wp\/v2\/types\/post"}],"author":[{"embeddable":true,"href":"https:\/\/ferabrajan.com\/portal\/wp-json\/wp\/v2\/users\/2"}],"replies":[{"embeddable":true,"href":"https:\/\/ferabrajan.com\/portal\/wp-json\/wp\/v2\/comments?post=84228"}],"version-history":[{"count":1,"href":"https:\/\/ferabrajan.com\/portal\/wp-json\/wp\/v2\/posts\/84228\/revisions"}],"predecessor-version":[{"id":84235,"href":"https:\/\/ferabrajan.com\/portal\/wp-json\/wp\/v2\/posts\/84228\/revisions\/84235"}],"wp:featuredmedia":[{"embeddable":true,"href":"https:\/\/ferabrajan.com\/portal\/wp-json\/wp\/v2\/media\/84231"}],"wp:attachment":[{"href":"https:\/\/ferabrajan.com\/portal\/wp-json\/wp\/v2\/media?parent=84228"}],"wp:term":[{"taxonomy":"category","embeddable":true,"href":"https:\/\/ferabrajan.com\/portal\/wp-json\/wp\/v2\/categories?post=84228"},{"taxonomy":"post_tag","embeddable":true,"href":"https:\/\/ferabrajan.com\/portal\/wp-json\/wp\/v2\/tags?post=84228"}],"curies":[{"name":"wp","href":"https:\/\/api.w.org\/{rel}","templated":true}]}}