{"id":84198,"date":"2026-09-01T18:13:24","date_gmt":"2026-09-01T18:13:24","guid":{"rendered":"https:\/\/ferabrajan.com\/portal\/?p=84198"},"modified":"2026-09-01T18:13:24","modified_gmt":"2026-09-01T18:13:24","slug":"puebla-inicia-las-fiestas-patrias-con-la-colocacion-del-bando-solemne","status":"publish","type":"post","link":"https:\/\/ferabrajan.com\/portal\/2026\/09\/01\/puebla-inicia-las-fiestas-patrias-con-la-colocacion-del-bando-solemne\/","title":{"rendered":"Puebla inicia las Fiestas Patrias con la colocaci\u00f3n del Bando Solemne"},"content":{"rendered":"<p class=\"isSelectedEnd\"><strong>Puebla, Pue.\u2013<\/strong> Con la colocaci\u00f3n y lectura del Bando Solemne de las Fiestas Patrias <em>Por Amor a Puebla 2026<\/em>, autoridades estatales, municipales, legislativas, judiciales y Fuerzas Armadas dieron inicio este 1 de septiembre a las actividades conmemorativas por el <strong>216 aniversario de la Independencia de M\u00e9xico<\/strong>.<\/p>\n<p class=\"isSelectedEnd\">El acto se realiz\u00f3 en el Z\u00f3calo de Puebla y fue encabezado por el gobernador <strong>Alejandro Armenta Mier<\/strong>, mientras que el presidente municipal, <strong>Jos\u00e9 Chedraui Budib<\/strong>, fungi\u00f3 como orador oficial. Durante su intervenci\u00f3n, destac\u00f3 la importancia de mantener viva la memoria de quienes participaron en el movimiento independentista y record\u00f3 a figuras como Miguel Hidalgo, Josefa Ortiz T\u00e9llez-Gir\u00f3n, Ignacio Allende y Jos\u00e9 Mar\u00eda Morelos y Pav\u00f3n.<\/p>\n<p class=\"isSelectedEnd\">Chedraui Budib se\u00f1al\u00f3 que la Independencia represent\u00f3 una transformaci\u00f3n hist\u00f3rica para el pa\u00eds y sostuvo que valores como la <strong>libertad, justicia y dignidad<\/strong> deben ser preservados y fortalecidos por cada generaci\u00f3n.<\/p>\n<p><iframe src=\"\/\/www.youtube.com\/embed\/xFAJTGLaGhM?si=0fVQgVeV1nBh-00f\" width=\"560\" height=\"314\" allowfullscreen=\"allowfullscreen\"><\/iframe><\/p>\n<p class=\"isSelectedEnd\">Durante la ceremonia tambi\u00e9n se resalt\u00f3 la coordinaci\u00f3n entre los tres \u00f3rdenes de gobierno, la Secretar\u00eda de la Defensa Nacional, Marina y Guardia Nacional para atender las necesidades de la poblaci\u00f3n y contribuir al desarrollo de Puebla, bajo el liderazgo de la presidenta Claudia Sheinbaum Pardo y en coordinaci\u00f3n con el gobierno estatal.<\/p>\n<p class=\"isSelectedEnd\">El calendario de las <strong>Fiestas Patrias Por Amor a Puebla 2026<\/strong> contempla ceremonias durante todo septiembre. Entre las actividades destacan el aniversario del natalicio de Josefa Ortiz T\u00e9llez-Gir\u00f3n, el aniversario luctuoso de Ignacio Zaragoza, el natalicio de Nicol\u00e1s Bravo, la conmemoraci\u00f3n de los Ni\u00f1os H\u00e9roes, el <strong>Grito de Independencia del 15 de septiembre<\/strong>, el desfile c\u00edvico-militar del 16 de septiembre y la conmemoraci\u00f3n de la Consumaci\u00f3n de la Independencia el 27 de septiembre.<\/p>\n<p>Como parte del protocolo, el Bando Solemne tambi\u00e9n fue colocado en el <strong>Palacio Municipal, Tribunal Superior de Justicia, Congreso del Estado y Casa Aguayo<\/strong>, con lo que quedaron formalmente iniciadas las actividades patrias en Puebla.<\/p>\n","protected":false},"excerpt":{"rendered":"<p>El gobernador Alejandro Armenta Mier encabez\u00f3 en el Z\u00f3calo la Lectura del Bando Solemne Por Amor a Puebla 2026.<\/p>\n","protected":false},"author":4,"featured_media":84199,"comment_status":"closed","ping_status":"closed","sticky":false,"template":"","format":"standard","meta":{"_monsterinsights_skip_tracking":false,"_uf_show_specific_survey":0,"_uf_disable_surveys":false,"footnotes":""},"categories":[585,34],"tags":[4089,5287,449,1973],"class_list":["post-84198","post","type-post","status-publish","format-standard","has-post-thumbnail","hentry","category-principal","category-puebla","tag-alejandro-armenta-mier","tag-bando-solemne","tag-fiestas-patrias","tag-jose-chedraui-budib"],"yoast_head":"<!-- This site is optimized with the Yoast SEO plugin v27.5 - https:\/\/yoast.com\/product\/yoast-seo-wordpress\/ -->\n<title>Puebla inicia las Fiestas Patrias con la colocaci\u00f3n del Bando Solemne - Fer Abrajan<\/title>\n<meta name=\"robots\" content=\"index, follow, max-snippet:-1, max-image-preview:large, max-video-preview:-1\" \/>\n<link rel=\"canonical\" href=\"https:\/\/ferabrajan.com\/portal\/2026\/09\/01\/puebla-inicia-las-fiestas-patrias-con-la-colocacion-del-bando-solemne\/\" \/>\n<meta property=\"og:locale\" content=\"es_ES\" \/>\n<meta property=\"og:type\" content=\"article\" \/>\n<meta property=\"og:title\" content=\"Puebla inicia las Fiestas Patrias con la colocaci\u00f3n del Bando Solemne - Fer Abrajan\" \/>\n<meta property=\"og:description\" content=\"El gobernador Alejandro Armenta Mier encabez\u00f3 en el Z\u00f3calo la Lectura del Bando Solemne Por Amor a Puebla 2026.\" \/>\n<meta property=\"og:url\" content=\"https:\/\/ferabrajan.com\/portal\/2026\/09\/01\/puebla-inicia-las-fiestas-patrias-con-la-colocacion-del-bando-solemne\/\" \/>\n<meta property=\"og:site_name\" content=\"Fer Abrajan\" \/>\n<meta property=\"article:publisher\" content=\"https:\/\/www.facebook.com\/NoticiasconFerAbrajan\/\" \/>\n<meta property=\"article:published_time\" content=\"2026-09-01T18:13:24+00:00\" \/>\n<meta property=\"og:image\" content=\"https:\/\/ferabrajan.com\/portal\/wp-content\/uploads\/2026\/09\/Con_patriotismo_y_amor_por_Puebla_inicia_conmemoracion_del_216_aniversario_de_la_Independencia_de_Mexico_4.jpeg\" \/>\n\t<meta property=\"og:image:width\" content=\"1280\" \/>\n\t<meta property=\"og:image:height\" content=\"853\" \/>\n\t<meta property=\"og:image:type\" content=\"image\/jpeg\" \/>\n<meta name=\"author\" content=\"Ismael Rojas\" \/>\n<meta name=\"twitter:card\" content=\"summary_large_image\" \/>\n<meta name=\"twitter:creator\" content=\"@ferabrajan1\" \/>\n<meta name=\"twitter:site\" content=\"@ferabrajan1\" \/>\n<meta name=\"twitter:label1\" content=\"Escrito por\" \/>\n\t<meta name=\"twitter:data1\" content=\"Ismael Rojas\" \/>\n\t<meta name=\"twitter:label2\" content=\"Tiempo de lectura\" \/>\n\t<meta name=\"twitter:data2\" content=\"2 minutos\" \/>\n<script type=\"application\/ld+json\" class=\"yoast-schema-graph\">{\"@context\":\"https:\\\/\\\/schema.org\",\"@graph\":[{\"@type\":\"Article\",\"@id\":\"https:\\\/\\\/ferabrajan.com\\\/portal\\\/2026\\\/09\\\/01\\\/puebla-inicia-las-fiestas-patrias-con-la-colocacion-del-bando-solemne\\\/#article\",\"isPartOf\":{\"@id\":\"https:\\\/\\\/ferabrajan.com\\\/portal\\\/2026\\\/09\\\/01\\\/puebla-inicia-las-fiestas-patrias-con-la-colocacion-del-bando-solemne\\\/\"},\"author\":{\"name\":\"Ismael Rojas\",\"@id\":\"https:\\\/\\\/ferabrajan.com\\\/portal\\\/#\\\/schema\\\/person\\\/83ed4fff5d7e4c8edf481fa39f71acb2\"},\"headline\":\"Puebla inicia las Fiestas Patrias con la colocaci\u00f3n del Bando Solemne\",\"datePublished\":\"2026-09-01T18:13:24+00:00\",\"mainEntityOfPage\":{\"@id\":\"https:\\\/\\\/ferabrajan.com\\\/portal\\\/2026\\\/09\\\/01\\\/puebla-inicia-las-fiestas-patrias-con-la-colocacion-del-bando-solemne\\\/\"},\"wordCount\":337,\"publisher\":{\"@id\":\"https:\\\/\\\/ferabrajan.com\\\/portal\\\/#organization\"},\"image\":{\"@id\":\"https:\\\/\\\/ferabrajan.com\\\/portal\\\/2026\\\/09\\\/01\\\/puebla-inicia-las-fiestas-patrias-con-la-colocacion-del-bando-solemne\\\/#primaryimage\"},\"thumbnailUrl\":\"https:\\\/\\\/ferabrajan.com\\\/portal\\\/wp-content\\\/uploads\\\/2026\\\/09\\\/Con_patriotismo_y_amor_por_Puebla_inicia_conmemoracion_del_216_aniversario_de_la_Independencia_de_Mexico_4.jpeg\",\"keywords\":[\"Alejandro Armenta Mier\",\"Bando Solemne\",\"Fiestas Patrias\",\"Jos\u00e9 Chedraui Budib\"],\"articleSection\":[\"Principal\",\"Puebla\"],\"inLanguage\":\"es\"},{\"@type\":\"WebPage\",\"@id\":\"https:\\\/\\\/ferabrajan.com\\\/portal\\\/2026\\\/09\\\/01\\\/puebla-inicia-las-fiestas-patrias-con-la-colocacion-del-bando-solemne\\\/\",\"url\":\"https:\\\/\\\/ferabrajan.com\\\/portal\\\/2026\\\/09\\\/01\\\/puebla-inicia-las-fiestas-patrias-con-la-colocacion-del-bando-solemne\\\/\",\"name\":\"Puebla inicia las Fiestas Patrias con la colocaci\u00f3n del Bando Solemne - Fer Abrajan\",\"isPartOf\":{\"@id\":\"https:\\\/\\\/ferabrajan.com\\\/portal\\\/#website\"},\"primaryImageOfPage\":{\"@id\":\"https:\\\/\\\/ferabrajan.com\\\/portal\\\/2026\\\/09\\\/01\\\/puebla-inicia-las-fiestas-patrias-con-la-colocacion-del-bando-solemne\\\/#primaryimage\"},\"image\":{\"@id\":\"https:\\\/\\\/ferabrajan.com\\\/portal\\\/2026\\\/09\\\/01\\\/puebla-inicia-las-fiestas-patrias-con-la-colocacion-del-bando-solemne\\\/#primaryimage\"},\"thumbnailUrl\":\"https:\\\/\\\/ferabrajan.com\\\/portal\\\/wp-content\\\/uploads\\\/2026\\\/09\\\/Con_patriotismo_y_amor_por_Puebla_inicia_conmemoracion_del_216_aniversario_de_la_Independencia_de_Mexico_4.jpeg\",\"datePublished\":\"2026-09-01T18:13:24+00:00\",\"breadcrumb\":{\"@id\":\"https:\\\/\\\/ferabrajan.com\\\/portal\\\/2026\\\/09\\\/01\\\/puebla-inicia-las-fiestas-patrias-con-la-colocacion-del-bando-solemne\\\/#breadcrumb\"},\"inLanguage\":\"es\",\"potentialAction\":[{\"@type\":\"ReadAction\",\"target\":[\"https:\\\/\\\/ferabrajan.com\\\/portal\\\/2026\\\/09\\\/01\\\/puebla-inicia-las-fiestas-patrias-con-la-colocacion-del-bando-solemne\\\/\"]}]},{\"@type\":\"ImageObject\",\"inLanguage\":\"es\",\"@id\":\"https:\\\/\\\/ferabrajan.com\\\/portal\\\/2026\\\/09\\\/01\\\/puebla-inicia-las-fiestas-patrias-con-la-colocacion-del-bando-solemne\\\/#primaryimage\",\"url\":\"https:\\\/\\\/ferabrajan.com\\\/portal\\\/wp-content\\\/uploads\\\/2026\\\/09\\\/Con_patriotismo_y_amor_por_Puebla_inicia_conmemoracion_del_216_aniversario_de_la_Independencia_de_Mexico_4.jpeg\",\"contentUrl\":\"https:\\\/\\\/ferabrajan.com\\\/portal\\\/wp-content\\\/uploads\\\/2026\\\/09\\\/Con_patriotismo_y_amor_por_Puebla_inicia_conmemoracion_del_216_aniversario_de_la_Independencia_de_Mexico_4.jpeg\",\"width\":1280,\"height\":853},{\"@type\":\"BreadcrumbList\",\"@id\":\"https:\\\/\\\/ferabrajan.com\\\/portal\\\/2026\\\/09\\\/01\\\/puebla-inicia-las-fiestas-patrias-con-la-colocacion-del-bando-solemne\\\/#breadcrumb\",\"itemListElement\":[{\"@type\":\"ListItem\",\"position\":1,\"name\":\"Portada\",\"item\":\"https:\\\/\\\/ferabrajan.com\\\/portal\\\/\"},{\"@type\":\"ListItem\",\"position\":2,\"name\":\"Puebla inicia las Fiestas Patrias con la colocaci\u00f3n del Bando Solemne\"}]},{\"@type\":\"WebSite\",\"@id\":\"https:\\\/\\\/ferabrajan.com\\\/portal\\\/#website\",\"url\":\"https:\\\/\\\/ferabrajan.com\\\/portal\\\/\",\"name\":\"Fer Abrajan\",\"description\":\"Noticias de Puebla, opini\u00f3n y radio en vivo\",\"publisher\":{\"@id\":\"https:\\\/\\\/ferabrajan.com\\\/portal\\\/#organization\"},\"potentialAction\":[{\"@type\":\"SearchAction\",\"target\":{\"@type\":\"EntryPoint\",\"urlTemplate\":\"https:\\\/\\\/ferabrajan.com\\\/portal\\\/?s={search_term_string}\"},\"query-input\":{\"@type\":\"PropertyValueSpecification\",\"valueRequired\":true,\"valueName\":\"search_term_string\"}}],\"inLanguage\":\"es\"},{\"@type\":\"Organization\",\"@id\":\"https:\\\/\\\/ferabrajan.com\\\/portal\\\/#organization\",\"name\":\"Fer Abrajan\",\"url\":\"https:\\\/\\\/ferabrajan.com\\\/portal\\\/\",\"logo\":{\"@type\":\"ImageObject\",\"inLanguage\":\"es\",\"@id\":\"https:\\\/\\\/ferabrajan.com\\\/portal\\\/#\\\/schema\\\/logo\\\/image\\\/\",\"url\":\"https:\\\/\\\/ferabrajan.com\\\/portal\\\/wp-content\\\/uploads\\\/2024\\\/10\\\/cropped-logo.jpeg\",\"contentUrl\":\"https:\\\/\\\/ferabrajan.com\\\/portal\\\/wp-content\\\/uploads\\\/2024\\\/10\\\/cropped-logo.jpeg\",\"width\":500,\"height\":250,\"caption\":\"Fer Abrajan\"},\"image\":{\"@id\":\"https:\\\/\\\/ferabrajan.com\\\/portal\\\/#\\\/schema\\\/logo\\\/image\\\/\"},\"sameAs\":[\"https:\\\/\\\/www.facebook.com\\\/NoticiasconFerAbrajan\\\/\",\"https:\\\/\\\/x.com\\\/ferabrajan1\"]},{\"@type\":\"Person\",\"@id\":\"https:\\\/\\\/ferabrajan.com\\\/portal\\\/#\\\/schema\\\/person\\\/83ed4fff5d7e4c8edf481fa39f71acb2\",\"name\":\"Ismael Rojas\",\"image\":{\"@type\":\"ImageObject\",\"inLanguage\":\"es\",\"@id\":\"https:\\\/\\\/secure.gravatar.com\\\/avatar\\\/e4a9cb58548fedeb6143fa536c79b44c34454539235177c55c5819d74963e9d6?s=96&d=mm&r=g\",\"url\":\"https:\\\/\\\/secure.gravatar.com\\\/avatar\\\/e4a9cb58548fedeb6143fa536c79b44c34454539235177c55c5819d74963e9d6?s=96&d=mm&r=g\",\"contentUrl\":\"https:\\\/\\\/secure.gravatar.com\\\/avatar\\\/e4a9cb58548fedeb6143fa536c79b44c34454539235177c55c5819d74963e9d6?s=96&d=mm&r=g\",\"caption\":\"Ismael Rojas\"},\"url\":\"https:\\\/\\\/ferabrajan.com\\\/portal\\\/author\\\/ismael\\\/\"}]}<\/script>\n<!-- \/ Yoast SEO plugin. -->","yoast_head_json":{"title":"Puebla inicia las Fiestas Patrias con la colocaci\u00f3n del Bando Solemne - Fer Abrajan","robots":{"index":"index","follow":"follow","max-snippet":"max-snippet:-1","max-image-preview":"max-image-preview:large","max-video-preview":"max-video-preview:-1"},"canonical":"https:\/\/ferabrajan.com\/portal\/2026\/09\/01\/puebla-inicia-las-fiestas-patrias-con-la-colocacion-del-bando-solemne\/","og_locale":"es_ES","og_type":"article","og_title":"Puebla inicia las Fiestas Patrias con la colocaci\u00f3n del Bando Solemne - Fer Abrajan","og_description":"El gobernador Alejandro Armenta Mier encabez\u00f3 en el Z\u00f3calo la Lectura del Bando Solemne Por Amor a Puebla 2026.","og_url":"https:\/\/ferabrajan.com\/portal\/2026\/09\/01\/puebla-inicia-las-fiestas-patrias-con-la-colocacion-del-bando-solemne\/","og_site_name":"Fer Abrajan","article_publisher":"https:\/\/www.facebook.com\/NoticiasconFerAbrajan\/","article_published_time":"2026-09-01T18:13:24+00:00","og_image":[{"width":1280,"height":853,"url":"https:\/\/ferabrajan.com\/portal\/wp-content\/uploads\/2026\/09\/Con_patriotismo_y_amor_por_Puebla_inicia_conmemoracion_del_216_aniversario_de_la_Independencia_de_Mexico_4.jpeg","type":"image\/jpeg"}],"author":"Ismael Rojas","twitter_card":"summary_large_image","twitter_creator":"@ferabrajan1","twitter_site":"@ferabrajan1","twitter_misc":{"Escrito por":"Ismael Rojas","Tiempo de lectura":"2 minutos"},"schema":{"@context":"https:\/\/schema.org","@graph":[{"@type":"Article","@id":"https:\/\/ferabrajan.com\/portal\/2026\/09\/01\/puebla-inicia-las-fiestas-patrias-con-la-colocacion-del-bando-solemne\/#article","isPartOf":{"@id":"https:\/\/ferabrajan.com\/portal\/2026\/09\/01\/puebla-inicia-las-fiestas-patrias-con-la-colocacion-del-bando-solemne\/"},"author":{"name":"Ismael Rojas","@id":"https:\/\/ferabrajan.com\/portal\/#\/schema\/person\/83ed4fff5d7e4c8edf481fa39f71acb2"},"headline":"Puebla inicia las Fiestas Patrias con la colocaci\u00f3n del Bando Solemne","datePublished":"2026-09-01T18:13:24+00:00","mainEntityOfPage":{"@id":"https:\/\/ferabrajan.com\/portal\/2026\/09\/01\/puebla-inicia-las-fiestas-patrias-con-la-colocacion-del-bando-solemne\/"},"wordCount":337,"publisher":{"@id":"https:\/\/ferabrajan.com\/portal\/#organization"},"image":{"@id":"https:\/\/ferabrajan.com\/portal\/2026\/09\/01\/puebla-inicia-las-fiestas-patrias-con-la-colocacion-del-bando-solemne\/#primaryimage"},"thumbnailUrl":"https:\/\/ferabrajan.com\/portal\/wp-content\/uploads\/2026\/09\/Con_patriotismo_y_amor_por_Puebla_inicia_conmemoracion_del_216_aniversario_de_la_Independencia_de_Mexico_4.jpeg","keywords":["Alejandro Armenta Mier","Bando Solemne","Fiestas Patrias","Jos\u00e9 Chedraui Budib"],"articleSection":["Principal","Puebla"],"inLanguage":"es"},{"@type":"WebPage","@id":"https:\/\/ferabrajan.com\/portal\/2026\/09\/01\/puebla-inicia-las-fiestas-patrias-con-la-colocacion-del-bando-solemne\/","url":"https:\/\/ferabrajan.com\/portal\/2026\/09\/01\/puebla-inicia-las-fiestas-patrias-con-la-colocacion-del-bando-solemne\/","name":"Puebla inicia las Fiestas Patrias con la colocaci\u00f3n del Bando Solemne - Fer Abrajan","isPartOf":{"@id":"https:\/\/ferabrajan.com\/portal\/#website"},"primaryImageOfPage":{"@id":"https:\/\/ferabrajan.com\/portal\/2026\/09\/01\/puebla-inicia-las-fiestas-patrias-con-la-colocacion-del-bando-solemne\/#primaryimage"},"image":{"@id":"https:\/\/ferabrajan.com\/portal\/2026\/09\/01\/puebla-inicia-las-fiestas-patrias-con-la-colocacion-del-bando-solemne\/#primaryimage"},"thumbnailUrl":"https:\/\/ferabrajan.com\/portal\/wp-content\/uploads\/2026\/09\/Con_patriotismo_y_amor_por_Puebla_inicia_conmemoracion_del_216_aniversario_de_la_Independencia_de_Mexico_4.jpeg","datePublished":"2026-09-01T18:13:24+00:00","breadcrumb":{"@id":"https:\/\/ferabrajan.com\/portal\/2026\/09\/01\/puebla-inicia-las-fiestas-patrias-con-la-colocacion-del-bando-solemne\/#breadcrumb"},"inLanguage":"es","potentialAction":[{"@type":"ReadAction","target":["https:\/\/ferabrajan.com\/portal\/2026\/09\/01\/puebla-inicia-las-fiestas-patrias-con-la-colocacion-del-bando-solemne\/"]}]},{"@type":"ImageObject","inLanguage":"es","@id":"https:\/\/ferabrajan.com\/portal\/2026\/09\/01\/puebla-inicia-las-fiestas-patrias-con-la-colocacion-del-bando-solemne\/#primaryimage","url":"https:\/\/ferabrajan.com\/portal\/wp-content\/uploads\/2026\/09\/Con_patriotismo_y_amor_por_Puebla_inicia_conmemoracion_del_216_aniversario_de_la_Independencia_de_Mexico_4.jpeg","contentUrl":"https:\/\/ferabrajan.com\/portal\/wp-content\/uploads\/2026\/09\/Con_patriotismo_y_amor_por_Puebla_inicia_conmemoracion_del_216_aniversario_de_la_Independencia_de_Mexico_4.jpeg","width":1280,"height":853},{"@type":"BreadcrumbList","@id":"https:\/\/ferabrajan.com\/portal\/2026\/09\/01\/puebla-inicia-las-fiestas-patrias-con-la-colocacion-del-bando-solemne\/#breadcrumb","itemListElement":[{"@type":"ListItem","position":1,"name":"Portada","item":"https:\/\/ferabrajan.com\/portal\/"},{"@type":"ListItem","position":2,"name":"Puebla inicia las Fiestas Patrias con la colocaci\u00f3n del Bando Solemne"}]},{"@type":"WebSite","@id":"https:\/\/ferabrajan.com\/portal\/#website","url":"https:\/\/ferabrajan.com\/portal\/","name":"Fer Abrajan","description":"Noticias de Puebla, opini\u00f3n y radio en vivo","publisher":{"@id":"https:\/\/ferabrajan.com\/portal\/#organization"},"potentialAction":[{"@type":"SearchAction","target":{"@type":"EntryPoint","urlTemplate":"https:\/\/ferabrajan.com\/portal\/?s={search_term_string}"},"query-input":{"@type":"PropertyValueSpecification","valueRequired":true,"valueName":"search_term_string"}}],"inLanguage":"es"},{"@type":"Organization","@id":"https:\/\/ferabrajan.com\/portal\/#organization","name":"Fer Abrajan","url":"https:\/\/ferabrajan.com\/portal\/","logo":{"@type":"ImageObject","inLanguage":"es","@id":"https:\/\/ferabrajan.com\/portal\/#\/schema\/logo\/image\/","url":"https:\/\/ferabrajan.com\/portal\/wp-content\/uploads\/2024\/10\/cropped-logo.jpeg","contentUrl":"https:\/\/ferabrajan.com\/portal\/wp-content\/uploads\/2024\/10\/cropped-logo.jpeg","width":500,"height":250,"caption":"Fer Abrajan"},"image":{"@id":"https:\/\/ferabrajan.com\/portal\/#\/schema\/logo\/image\/"},"sameAs":["https:\/\/www.facebook.com\/NoticiasconFerAbrajan\/","https:\/\/x.com\/ferabrajan1"]},{"@type":"Person","@id":"https:\/\/ferabrajan.com\/portal\/#\/schema\/person\/83ed4fff5d7e4c8edf481fa39f71acb2","name":"Ismael Rojas","image":{"@type":"ImageObject","inLanguage":"es","@id":"https:\/\/secure.gravatar.com\/avatar\/e4a9cb58548fedeb6143fa536c79b44c34454539235177c55c5819d74963e9d6?s=96&d=mm&r=g","url":"https:\/\/secure.gravatar.com\/avatar\/e4a9cb58548fedeb6143fa536c79b44c34454539235177c55c5819d74963e9d6?s=96&d=mm&r=g","contentUrl":"https:\/\/secure.gravatar.com\/avatar\/e4a9cb58548fedeb6143fa536c79b44c34454539235177c55c5819d74963e9d6?s=96&d=mm&r=g","caption":"Ismael Rojas"},"url":"https:\/\/ferabrajan.com\/portal\/author\/ismael\/"}]}},"_links":{"self":[{"href":"https:\/\/ferabrajan.com\/portal\/wp-json\/wp\/v2\/posts\/84198","targetHints":{"allow":["GET"]}}],"collection":[{"href":"https:\/\/ferabrajan.com\/portal\/wp-json\/wp\/v2\/posts"}],"about":[{"href":"https:\/\/ferabrajan.com\/portal\/wp-json\/wp\/v2\/types\/post"}],"author":[{"embeddable":true,"href":"https:\/\/ferabrajan.com\/portal\/wp-json\/wp\/v2\/users\/4"}],"replies":[{"embeddable":true,"href":"https:\/\/ferabrajan.com\/portal\/wp-json\/wp\/v2\/comments?post=84198"}],"version-history":[{"count":1,"href":"https:\/\/ferabrajan.com\/portal\/wp-json\/wp\/v2\/posts\/84198\/revisions"}],"predecessor-version":[{"id":84200,"href":"https:\/\/ferabrajan.com\/portal\/wp-json\/wp\/v2\/posts\/84198\/revisions\/84200"}],"wp:featuredmedia":[{"embeddable":true,"href":"https:\/\/ferabrajan.com\/portal\/wp-json\/wp\/v2\/media\/84199"}],"wp:attachment":[{"href":"https:\/\/ferabrajan.com\/portal\/wp-json\/wp\/v2\/media?parent=84198"}],"wp:term":[{"taxonomy":"category","embeddable":true,"href":"https:\/\/ferabrajan.com\/portal\/wp-json\/wp\/v2\/categories?post=84198"},{"taxonomy":"post_tag","embeddable":true,"href":"https:\/\/ferabrajan.com\/portal\/wp-json\/wp\/v2\/tags?post=84198"}],"curies":[{"name":"wp","href":"https:\/\/api.w.org\/{rel}","templated":true}]}}