{"id":84194,"date":"2026-09-01T15:37:55","date_gmt":"2026-09-01T15:37:55","guid":{"rendered":"https:\/\/ferabrajan.com\/portal\/?p=84194"},"modified":"2026-09-01T15:37:55","modified_gmt":"2026-09-01T15:37:55","slug":"nestor-camarillo-repite-como-secretario-de-la-mesa-directiva-del-senado","status":"publish","type":"post","link":"https:\/\/ferabrajan.com\/portal\/2026\/09\/01\/nestor-camarillo-repite-como-secretario-de-la-mesa-directiva-del-senado\/","title":{"rendered":"N\u00e9stor Camarillo repite como secretario de la Mesa Directiva del Senado"},"content":{"rendered":"<p class=\"isSelectedEnd\"><strong>Ciudad de M\u00e9xico.\u2013<\/strong> El senador poblano <strong>N\u00e9stor Camarillo Medina<\/strong> fue ratificado por segundo a\u00f1o consecutivo como secretario de la Mesa Directiva del Senado de la Rep\u00fablica, cargo que ocupar\u00e1 durante el tercer a\u00f1o de la LXVI Legislatura en representaci\u00f3n de Movimiento Ciudadano.<\/p>\n<p class=\"isSelectedEnd\">La nueva Mesa Directiva, encabezada por el senador <strong>Higinio Mart\u00ednez Miranda<\/strong>, obtuvo 116 votos del Pleno, como resultado de un acuerdo entre las distintas fuerzas pol\u00edticas para conducir los trabajos parlamentarios durante el nuevo periodo legislativo.<\/p>\n<p class=\"isSelectedEnd\">Con esta designaci\u00f3n, Puebla mantiene representaci\u00f3n en el \u00f3rgano encargado de conducir las sesiones del Senado y coordinar el desarrollo de las actividades legislativas. Camarillo Medina se\u00f1al\u00f3 que su permanencia en este espacio representa una responsabilidad para continuar llevando a la agenda nacional las necesidades del estado.<\/p>\n<p class=\"isSelectedEnd\">El senador asegur\u00f3 que desde la Mesa Directiva buscar\u00e1 impulsar las causas de las familias poblanas y respaldar las propuestas que beneficien a la entidad, mientras que aquellas decisiones que puedan afectarla ser\u00e1n se\u00f1aladas.<\/p>\n<p class=\"isSelectedEnd\">La Mesa Directiva tambi\u00e9n estar\u00e1 integrada por <strong>Ver\u00f3nica Camino Farjat, Mauricio Vila Dosal y Jorge Carlos Ram\u00edrez Mar\u00edn<\/strong>, como vicepresidentes, adem\u00e1s de otros siete secretarios de distintas fuerzas pol\u00edticas.<\/p>\n<p>De cara al tercer a\u00f1o legislativo, Camarillo Medina adelant\u00f3 que mantendr\u00e1 una agenda enfocada en temas como <strong>seguridad, inversi\u00f3n, empleo, salud, econom\u00eda circular y generaci\u00f3n de oportunidades<\/strong> para las familias de Puebla<\/p>\n","protected":false},"excerpt":{"rendered":"<p>Con esta designaci\u00f3n, Puebla mantiene representaci\u00f3n en el \u00f3rgano encargado de conducir las sesiones del Senado y coordinar el desarrollo de las actividades legislativas.<\/p>\n","protected":false},"author":3,"featured_media":84195,"comment_status":"closed","ping_status":"closed","sticky":false,"template":"","format":"standard","meta":{"_monsterinsights_skip_tracking":false,"_uf_show_specific_survey":0,"_uf_disable_surveys":false,"footnotes":""},"categories":[52,585],"tags":[4553,1241],"class_list":["post-84194","post","type-post","status-publish","format-standard","has-post-thumbnail","hentry","category-nacional","category-principal","tag-nestor-camarillo-medina","tag-senado-de-la-republica"],"yoast_head":"<!-- This site is optimized with the Yoast SEO plugin v27.5 - https:\/\/yoast.com\/product\/yoast-seo-wordpress\/ -->\n<title>N\u00e9stor Camarillo repite como secretario de la Mesa Directiva del Senado - Fer Abrajan<\/title>\n<meta name=\"robots\" content=\"index, follow, max-snippet:-1, max-image-preview:large, max-video-preview:-1\" \/>\n<link rel=\"canonical\" href=\"https:\/\/ferabrajan.com\/portal\/2026\/09\/01\/nestor-camarillo-repite-como-secretario-de-la-mesa-directiva-del-senado\/\" \/>\n<meta property=\"og:locale\" content=\"es_ES\" \/>\n<meta property=\"og:type\" content=\"article\" \/>\n<meta property=\"og:title\" content=\"N\u00e9stor Camarillo repite como secretario de la Mesa Directiva del Senado - Fer Abrajan\" \/>\n<meta property=\"og:description\" content=\"Con esta designaci\u00f3n, Puebla mantiene representaci\u00f3n en el \u00f3rgano encargado de conducir las sesiones del Senado y coordinar el desarrollo de las actividades legislativas.\" \/>\n<meta property=\"og:url\" content=\"https:\/\/ferabrajan.com\/portal\/2026\/09\/01\/nestor-camarillo-repite-como-secretario-de-la-mesa-directiva-del-senado\/\" \/>\n<meta property=\"og:site_name\" content=\"Fer Abrajan\" \/>\n<meta property=\"article:publisher\" content=\"https:\/\/www.facebook.com\/NoticiasconFerAbrajan\/\" \/>\n<meta property=\"article:published_time\" content=\"2026-09-01T15:37:55+00:00\" \/>\n<meta property=\"og:image\" content=\"https:\/\/ferabrajan.com\/portal\/wp-content\/uploads\/2026\/09\/WhatsApp-Image-2026-09-01-at-9.17.50-AM-2.jpeg\" \/>\n\t<meta property=\"og:image:width\" content=\"1600\" \/>\n\t<meta property=\"og:image:height\" content=\"1064\" \/>\n\t<meta property=\"og:image:type\" content=\"image\/jpeg\" \/>\n<meta name=\"author\" content=\"Rebeca N\u00fa\u00f1ez\" \/>\n<meta name=\"twitter:card\" content=\"summary_large_image\" \/>\n<meta name=\"twitter:creator\" content=\"@ferabrajan1\" \/>\n<meta name=\"twitter:site\" content=\"@ferabrajan1\" \/>\n<meta name=\"twitter:label1\" content=\"Escrito por\" \/>\n\t<meta name=\"twitter:data1\" content=\"Rebeca N\u00fa\u00f1ez\" \/>\n\t<meta name=\"twitter:label2\" content=\"Tiempo de lectura\" \/>\n\t<meta name=\"twitter:data2\" content=\"2 minutos\" \/>\n<script type=\"application\/ld+json\" class=\"yoast-schema-graph\">{\"@context\":\"https:\\\/\\\/schema.org\",\"@graph\":[{\"@type\":\"Article\",\"@id\":\"https:\\\/\\\/ferabrajan.com\\\/portal\\\/2026\\\/09\\\/01\\\/nestor-camarillo-repite-como-secretario-de-la-mesa-directiva-del-senado\\\/#article\",\"isPartOf\":{\"@id\":\"https:\\\/\\\/ferabrajan.com\\\/portal\\\/2026\\\/09\\\/01\\\/nestor-camarillo-repite-como-secretario-de-la-mesa-directiva-del-senado\\\/\"},\"author\":{\"name\":\"Rebeca N\u00fa\u00f1ez\",\"@id\":\"https:\\\/\\\/ferabrajan.com\\\/portal\\\/#\\\/schema\\\/person\\\/a79364e0091921e733584c4833bc7a50\"},\"headline\":\"N\u00e9stor Camarillo repite como secretario de la Mesa Directiva del Senado\",\"datePublished\":\"2026-09-01T15:37:55+00:00\",\"mainEntityOfPage\":{\"@id\":\"https:\\\/\\\/ferabrajan.com\\\/portal\\\/2026\\\/09\\\/01\\\/nestor-camarillo-repite-como-secretario-de-la-mesa-directiva-del-senado\\\/\"},\"wordCount\":254,\"publisher\":{\"@id\":\"https:\\\/\\\/ferabrajan.com\\\/portal\\\/#organization\"},\"image\":{\"@id\":\"https:\\\/\\\/ferabrajan.com\\\/portal\\\/2026\\\/09\\\/01\\\/nestor-camarillo-repite-como-secretario-de-la-mesa-directiva-del-senado\\\/#primaryimage\"},\"thumbnailUrl\":\"https:\\\/\\\/ferabrajan.com\\\/portal\\\/wp-content\\\/uploads\\\/2026\\\/09\\\/WhatsApp-Image-2026-09-01-at-9.17.50-AM-2.jpeg\",\"keywords\":[\"N\u00e9stor Camarillo Medina\",\"Senado de la Rep\u00fablica\"],\"articleSection\":[\"Nacional\",\"Principal\"],\"inLanguage\":\"es\"},{\"@type\":\"WebPage\",\"@id\":\"https:\\\/\\\/ferabrajan.com\\\/portal\\\/2026\\\/09\\\/01\\\/nestor-camarillo-repite-como-secretario-de-la-mesa-directiva-del-senado\\\/\",\"url\":\"https:\\\/\\\/ferabrajan.com\\\/portal\\\/2026\\\/09\\\/01\\\/nestor-camarillo-repite-como-secretario-de-la-mesa-directiva-del-senado\\\/\",\"name\":\"N\u00e9stor Camarillo repite como secretario de la Mesa Directiva del Senado - Fer Abrajan\",\"isPartOf\":{\"@id\":\"https:\\\/\\\/ferabrajan.com\\\/portal\\\/#website\"},\"primaryImageOfPage\":{\"@id\":\"https:\\\/\\\/ferabrajan.com\\\/portal\\\/2026\\\/09\\\/01\\\/nestor-camarillo-repite-como-secretario-de-la-mesa-directiva-del-senado\\\/#primaryimage\"},\"image\":{\"@id\":\"https:\\\/\\\/ferabrajan.com\\\/portal\\\/2026\\\/09\\\/01\\\/nestor-camarillo-repite-como-secretario-de-la-mesa-directiva-del-senado\\\/#primaryimage\"},\"thumbnailUrl\":\"https:\\\/\\\/ferabrajan.com\\\/portal\\\/wp-content\\\/uploads\\\/2026\\\/09\\\/WhatsApp-Image-2026-09-01-at-9.17.50-AM-2.jpeg\",\"datePublished\":\"2026-09-01T15:37:55+00:00\",\"breadcrumb\":{\"@id\":\"https:\\\/\\\/ferabrajan.com\\\/portal\\\/2026\\\/09\\\/01\\\/nestor-camarillo-repite-como-secretario-de-la-mesa-directiva-del-senado\\\/#breadcrumb\"},\"inLanguage\":\"es\",\"potentialAction\":[{\"@type\":\"ReadAction\",\"target\":[\"https:\\\/\\\/ferabrajan.com\\\/portal\\\/2026\\\/09\\\/01\\\/nestor-camarillo-repite-como-secretario-de-la-mesa-directiva-del-senado\\\/\"]}]},{\"@type\":\"ImageObject\",\"inLanguage\":\"es\",\"@id\":\"https:\\\/\\\/ferabrajan.com\\\/portal\\\/2026\\\/09\\\/01\\\/nestor-camarillo-repite-como-secretario-de-la-mesa-directiva-del-senado\\\/#primaryimage\",\"url\":\"https:\\\/\\\/ferabrajan.com\\\/portal\\\/wp-content\\\/uploads\\\/2026\\\/09\\\/WhatsApp-Image-2026-09-01-at-9.17.50-AM-2.jpeg\",\"contentUrl\":\"https:\\\/\\\/ferabrajan.com\\\/portal\\\/wp-content\\\/uploads\\\/2026\\\/09\\\/WhatsApp-Image-2026-09-01-at-9.17.50-AM-2.jpeg\",\"width\":1600,\"height\":1064},{\"@type\":\"BreadcrumbList\",\"@id\":\"https:\\\/\\\/ferabrajan.com\\\/portal\\\/2026\\\/09\\\/01\\\/nestor-camarillo-repite-como-secretario-de-la-mesa-directiva-del-senado\\\/#breadcrumb\",\"itemListElement\":[{\"@type\":\"ListItem\",\"position\":1,\"name\":\"Portada\",\"item\":\"https:\\\/\\\/ferabrajan.com\\\/portal\\\/\"},{\"@type\":\"ListItem\",\"position\":2,\"name\":\"N\u00e9stor Camarillo repite como secretario de la Mesa Directiva del Senado\"}]},{\"@type\":\"WebSite\",\"@id\":\"https:\\\/\\\/ferabrajan.com\\\/portal\\\/#website\",\"url\":\"https:\\\/\\\/ferabrajan.com\\\/portal\\\/\",\"name\":\"Fer Abrajan\",\"description\":\"Noticias de Puebla, opini\u00f3n y radio en vivo\",\"publisher\":{\"@id\":\"https:\\\/\\\/ferabrajan.com\\\/portal\\\/#organization\"},\"potentialAction\":[{\"@type\":\"SearchAction\",\"target\":{\"@type\":\"EntryPoint\",\"urlTemplate\":\"https:\\\/\\\/ferabrajan.com\\\/portal\\\/?s={search_term_string}\"},\"query-input\":{\"@type\":\"PropertyValueSpecification\",\"valueRequired\":true,\"valueName\":\"search_term_string\"}}],\"inLanguage\":\"es\"},{\"@type\":\"Organization\",\"@id\":\"https:\\\/\\\/ferabrajan.com\\\/portal\\\/#organization\",\"name\":\"Fer Abrajan\",\"url\":\"https:\\\/\\\/ferabrajan.com\\\/portal\\\/\",\"logo\":{\"@type\":\"ImageObject\",\"inLanguage\":\"es\",\"@id\":\"https:\\\/\\\/ferabrajan.com\\\/portal\\\/#\\\/schema\\\/logo\\\/image\\\/\",\"url\":\"https:\\\/\\\/ferabrajan.com\\\/portal\\\/wp-content\\\/uploads\\\/2024\\\/10\\\/cropped-logo.jpeg\",\"contentUrl\":\"https:\\\/\\\/ferabrajan.com\\\/portal\\\/wp-content\\\/uploads\\\/2024\\\/10\\\/cropped-logo.jpeg\",\"width\":500,\"height\":250,\"caption\":\"Fer Abrajan\"},\"image\":{\"@id\":\"https:\\\/\\\/ferabrajan.com\\\/portal\\\/#\\\/schema\\\/logo\\\/image\\\/\"},\"sameAs\":[\"https:\\\/\\\/www.facebook.com\\\/NoticiasconFerAbrajan\\\/\",\"https:\\\/\\\/x.com\\\/ferabrajan1\"]},{\"@type\":\"Person\",\"@id\":\"https:\\\/\\\/ferabrajan.com\\\/portal\\\/#\\\/schema\\\/person\\\/a79364e0091921e733584c4833bc7a50\",\"name\":\"Rebeca N\u00fa\u00f1ez\",\"image\":{\"@type\":\"ImageObject\",\"inLanguage\":\"es\",\"@id\":\"https:\\\/\\\/secure.gravatar.com\\\/avatar\\\/c9cbf721287e849268cd37eca93cf4be51b2eed9e71c8d0c6825bd912000b74e?s=96&d=mm&r=g\",\"url\":\"https:\\\/\\\/secure.gravatar.com\\\/avatar\\\/c9cbf721287e849268cd37eca93cf4be51b2eed9e71c8d0c6825bd912000b74e?s=96&d=mm&r=g\",\"contentUrl\":\"https:\\\/\\\/secure.gravatar.com\\\/avatar\\\/c9cbf721287e849268cd37eca93cf4be51b2eed9e71c8d0c6825bd912000b74e?s=96&d=mm&r=g\",\"caption\":\"Rebeca N\u00fa\u00f1ez\"},\"url\":\"https:\\\/\\\/ferabrajan.com\\\/portal\\\/author\\\/rebeca\\\/\"}]}<\/script>\n<!-- \/ Yoast SEO plugin. -->","yoast_head_json":{"title":"N\u00e9stor Camarillo repite como secretario de la Mesa Directiva del Senado - Fer Abrajan","robots":{"index":"index","follow":"follow","max-snippet":"max-snippet:-1","max-image-preview":"max-image-preview:large","max-video-preview":"max-video-preview:-1"},"canonical":"https:\/\/ferabrajan.com\/portal\/2026\/09\/01\/nestor-camarillo-repite-como-secretario-de-la-mesa-directiva-del-senado\/","og_locale":"es_ES","og_type":"article","og_title":"N\u00e9stor Camarillo repite como secretario de la Mesa Directiva del Senado - Fer Abrajan","og_description":"Con esta designaci\u00f3n, Puebla mantiene representaci\u00f3n en el \u00f3rgano encargado de conducir las sesiones del Senado y coordinar el desarrollo de las actividades legislativas.","og_url":"https:\/\/ferabrajan.com\/portal\/2026\/09\/01\/nestor-camarillo-repite-como-secretario-de-la-mesa-directiva-del-senado\/","og_site_name":"Fer Abrajan","article_publisher":"https:\/\/www.facebook.com\/NoticiasconFerAbrajan\/","article_published_time":"2026-09-01T15:37:55+00:00","og_image":[{"width":1600,"height":1064,"url":"https:\/\/ferabrajan.com\/portal\/wp-content\/uploads\/2026\/09\/WhatsApp-Image-2026-09-01-at-9.17.50-AM-2.jpeg","type":"image\/jpeg"}],"author":"Rebeca N\u00fa\u00f1ez","twitter_card":"summary_large_image","twitter_creator":"@ferabrajan1","twitter_site":"@ferabrajan1","twitter_misc":{"Escrito por":"Rebeca N\u00fa\u00f1ez","Tiempo de lectura":"2 minutos"},"schema":{"@context":"https:\/\/schema.org","@graph":[{"@type":"Article","@id":"https:\/\/ferabrajan.com\/portal\/2026\/09\/01\/nestor-camarillo-repite-como-secretario-de-la-mesa-directiva-del-senado\/#article","isPartOf":{"@id":"https:\/\/ferabrajan.com\/portal\/2026\/09\/01\/nestor-camarillo-repite-como-secretario-de-la-mesa-directiva-del-senado\/"},"author":{"name":"Rebeca N\u00fa\u00f1ez","@id":"https:\/\/ferabrajan.com\/portal\/#\/schema\/person\/a79364e0091921e733584c4833bc7a50"},"headline":"N\u00e9stor Camarillo repite como secretario de la Mesa Directiva del Senado","datePublished":"2026-09-01T15:37:55+00:00","mainEntityOfPage":{"@id":"https:\/\/ferabrajan.com\/portal\/2026\/09\/01\/nestor-camarillo-repite-como-secretario-de-la-mesa-directiva-del-senado\/"},"wordCount":254,"publisher":{"@id":"https:\/\/ferabrajan.com\/portal\/#organization"},"image":{"@id":"https:\/\/ferabrajan.com\/portal\/2026\/09\/01\/nestor-camarillo-repite-como-secretario-de-la-mesa-directiva-del-senado\/#primaryimage"},"thumbnailUrl":"https:\/\/ferabrajan.com\/portal\/wp-content\/uploads\/2026\/09\/WhatsApp-Image-2026-09-01-at-9.17.50-AM-2.jpeg","keywords":["N\u00e9stor Camarillo Medina","Senado de la Rep\u00fablica"],"articleSection":["Nacional","Principal"],"inLanguage":"es"},{"@type":"WebPage","@id":"https:\/\/ferabrajan.com\/portal\/2026\/09\/01\/nestor-camarillo-repite-como-secretario-de-la-mesa-directiva-del-senado\/","url":"https:\/\/ferabrajan.com\/portal\/2026\/09\/01\/nestor-camarillo-repite-como-secretario-de-la-mesa-directiva-del-senado\/","name":"N\u00e9stor Camarillo repite como secretario de la Mesa Directiva del Senado - Fer Abrajan","isPartOf":{"@id":"https:\/\/ferabrajan.com\/portal\/#website"},"primaryImageOfPage":{"@id":"https:\/\/ferabrajan.com\/portal\/2026\/09\/01\/nestor-camarillo-repite-como-secretario-de-la-mesa-directiva-del-senado\/#primaryimage"},"image":{"@id":"https:\/\/ferabrajan.com\/portal\/2026\/09\/01\/nestor-camarillo-repite-como-secretario-de-la-mesa-directiva-del-senado\/#primaryimage"},"thumbnailUrl":"https:\/\/ferabrajan.com\/portal\/wp-content\/uploads\/2026\/09\/WhatsApp-Image-2026-09-01-at-9.17.50-AM-2.jpeg","datePublished":"2026-09-01T15:37:55+00:00","breadcrumb":{"@id":"https:\/\/ferabrajan.com\/portal\/2026\/09\/01\/nestor-camarillo-repite-como-secretario-de-la-mesa-directiva-del-senado\/#breadcrumb"},"inLanguage":"es","potentialAction":[{"@type":"ReadAction","target":["https:\/\/ferabrajan.com\/portal\/2026\/09\/01\/nestor-camarillo-repite-como-secretario-de-la-mesa-directiva-del-senado\/"]}]},{"@type":"ImageObject","inLanguage":"es","@id":"https:\/\/ferabrajan.com\/portal\/2026\/09\/01\/nestor-camarillo-repite-como-secretario-de-la-mesa-directiva-del-senado\/#primaryimage","url":"https:\/\/ferabrajan.com\/portal\/wp-content\/uploads\/2026\/09\/WhatsApp-Image-2026-09-01-at-9.17.50-AM-2.jpeg","contentUrl":"https:\/\/ferabrajan.com\/portal\/wp-content\/uploads\/2026\/09\/WhatsApp-Image-2026-09-01-at-9.17.50-AM-2.jpeg","width":1600,"height":1064},{"@type":"BreadcrumbList","@id":"https:\/\/ferabrajan.com\/portal\/2026\/09\/01\/nestor-camarillo-repite-como-secretario-de-la-mesa-directiva-del-senado\/#breadcrumb","itemListElement":[{"@type":"ListItem","position":1,"name":"Portada","item":"https:\/\/ferabrajan.com\/portal\/"},{"@type":"ListItem","position":2,"name":"N\u00e9stor Camarillo repite como secretario de la Mesa Directiva del Senado"}]},{"@type":"WebSite","@id":"https:\/\/ferabrajan.com\/portal\/#website","url":"https:\/\/ferabrajan.com\/portal\/","name":"Fer Abrajan","description":"Noticias de Puebla, opini\u00f3n y radio en vivo","publisher":{"@id":"https:\/\/ferabrajan.com\/portal\/#organization"},"potentialAction":[{"@type":"SearchAction","target":{"@type":"EntryPoint","urlTemplate":"https:\/\/ferabrajan.com\/portal\/?s={search_term_string}"},"query-input":{"@type":"PropertyValueSpecification","valueRequired":true,"valueName":"search_term_string"}}],"inLanguage":"es"},{"@type":"Organization","@id":"https:\/\/ferabrajan.com\/portal\/#organization","name":"Fer Abrajan","url":"https:\/\/ferabrajan.com\/portal\/","logo":{"@type":"ImageObject","inLanguage":"es","@id":"https:\/\/ferabrajan.com\/portal\/#\/schema\/logo\/image\/","url":"https:\/\/ferabrajan.com\/portal\/wp-content\/uploads\/2024\/10\/cropped-logo.jpeg","contentUrl":"https:\/\/ferabrajan.com\/portal\/wp-content\/uploads\/2024\/10\/cropped-logo.jpeg","width":500,"height":250,"caption":"Fer Abrajan"},"image":{"@id":"https:\/\/ferabrajan.com\/portal\/#\/schema\/logo\/image\/"},"sameAs":["https:\/\/www.facebook.com\/NoticiasconFerAbrajan\/","https:\/\/x.com\/ferabrajan1"]},{"@type":"Person","@id":"https:\/\/ferabrajan.com\/portal\/#\/schema\/person\/a79364e0091921e733584c4833bc7a50","name":"Rebeca N\u00fa\u00f1ez","image":{"@type":"ImageObject","inLanguage":"es","@id":"https:\/\/secure.gravatar.com\/avatar\/c9cbf721287e849268cd37eca93cf4be51b2eed9e71c8d0c6825bd912000b74e?s=96&d=mm&r=g","url":"https:\/\/secure.gravatar.com\/avatar\/c9cbf721287e849268cd37eca93cf4be51b2eed9e71c8d0c6825bd912000b74e?s=96&d=mm&r=g","contentUrl":"https:\/\/secure.gravatar.com\/avatar\/c9cbf721287e849268cd37eca93cf4be51b2eed9e71c8d0c6825bd912000b74e?s=96&d=mm&r=g","caption":"Rebeca N\u00fa\u00f1ez"},"url":"https:\/\/ferabrajan.com\/portal\/author\/rebeca\/"}]}},"_links":{"self":[{"href":"https:\/\/ferabrajan.com\/portal\/wp-json\/wp\/v2\/posts\/84194","targetHints":{"allow":["GET"]}}],"collection":[{"href":"https:\/\/ferabrajan.com\/portal\/wp-json\/wp\/v2\/posts"}],"about":[{"href":"https:\/\/ferabrajan.com\/portal\/wp-json\/wp\/v2\/types\/post"}],"author":[{"embeddable":true,"href":"https:\/\/ferabrajan.com\/portal\/wp-json\/wp\/v2\/users\/3"}],"replies":[{"embeddable":true,"href":"https:\/\/ferabrajan.com\/portal\/wp-json\/wp\/v2\/comments?post=84194"}],"version-history":[{"count":1,"href":"https:\/\/ferabrajan.com\/portal\/wp-json\/wp\/v2\/posts\/84194\/revisions"}],"predecessor-version":[{"id":84196,"href":"https:\/\/ferabrajan.com\/portal\/wp-json\/wp\/v2\/posts\/84194\/revisions\/84196"}],"wp:featuredmedia":[{"embeddable":true,"href":"https:\/\/ferabrajan.com\/portal\/wp-json\/wp\/v2\/media\/84195"}],"wp:attachment":[{"href":"https:\/\/ferabrajan.com\/portal\/wp-json\/wp\/v2\/media?parent=84194"}],"wp:term":[{"taxonomy":"category","embeddable":true,"href":"https:\/\/ferabrajan.com\/portal\/wp-json\/wp\/v2\/categories?post=84194"},{"taxonomy":"post_tag","embeddable":true,"href":"https:\/\/ferabrajan.com\/portal\/wp-json\/wp\/v2\/tags?post=84194"}],"curies":[{"name":"wp","href":"https:\/\/api.w.org\/{rel}","templated":true}]}}