{"id":84183,"date":"2026-09-01T14:42:19","date_gmt":"2026-09-01T14:42:19","guid":{"rendered":"https:\/\/ferabrajan.com\/portal\/?p=84183"},"modified":"2026-09-01T14:42:19","modified_gmt":"2026-09-01T14:42:19","slug":"26-estados-en-alerta-por-diluvios-tormentas-electricas-y-granizo","status":"publish","type":"post","link":"https:\/\/ferabrajan.com\/portal\/2026\/09\/01\/26-estados-en-alerta-por-diluvios-tormentas-electricas-y-granizo\/","title":{"rendered":"26 estados en alerta por DILUVIOS, tormentas el\u00e9ctricas y granizo"},"content":{"rendered":"<p>El\u00a0Servicio Meteorol\u00f3gico Nacional (SMN)\u00a0inform\u00f3 que para este<strong>\u00a0martes 1 de septiembre\u00a0<\/strong>se tiene previsto que las lluvias prevalezcan en gran parte del territorio nacional\u00a0y se precis\u00f3 que\u00a0<strong>las tormentas m\u00e1s intensas se concentrar\u00e1n en 26 estados de la Rep\u00fablica mexicana<\/strong>, donde tambi\u00e9n se esperan\u00a0tormentas el\u00e9ctricas y ca\u00edda de granizo,\u00a0asimismo, se advirti\u00f3 que una\u00a0onda de calor\u00a0seguir\u00e1 causando estragos en por lo menos 4\u00a0entidades, por lo que si quieres saber c\u00f3mo ser\u00e1 el clima en tu regi\u00f3n en esta nota te diremos todo lo que hay que saber al respecto.<\/p>\n<p>De acuerdo con lo que se indica en el pron\u00f3stico meteorol\u00f3gico general para este martes 1 de septiembre l\u00a0monz\u00f3n mexicano\u00a0sobre el noroeste del territorio nacional e\u00a0inestabilidad atmosf\u00e9rica\u00a0mantendr\u00e1n las condiciones para<strong>\u00a0lluvias puntuales muy fuertes<\/strong>\u00a0en zonas de Baja California Sur, Sonora, Chihuahua, Durango, Sinaloa y Nayarit; y<strong>\u00a0lluvias aisladas<\/strong>\u00a0en Baja California.<\/p>\n<aside class=\"htmlinline\">\n<div id=\"div-gpt-ad-interarticle(1)\" data-google-query-id=\"CNubufDNzZYDFS517QId2PQ5qw\">\n<div id=\"google_ads_iframe_\/21791093160\/interarticle(1)_0__container__\"><\/div>\n<\/div>\n<\/aside>\n<figure class=\"image\"><img fetchpriority=\"high\" decoding=\"async\" src=\"https:\/\/heraldodemexico.com.mx\/u\/fotografias\/m\/2026\/8\/14\/f768x1-1318127_1318254_5050.jpeg\" alt=\"\" width=\"768\" height=\"435\" \/><figcaption>Las lluvias pronosticadas para este 1 de septiembre podr\u00edan originar encharcamientos e inundaciones de consideraci\u00f3n. Foto: Cuartoscuro\u00a0<\/figcaption><\/figure>\n<p>A su vez,\u00a0canales de baja presi\u00f3n\u00a0en el interior del pa\u00eds,\u00a0circulaciones cicl\u00f3nicas\u00a0y\u00a0vaguadas en niveles altos de la atm\u00f3sfera, as\u00ed como el desplazamiento de la\u00a0onda tropical n\u00famero 35\u00a0sobre el sureste del territorio nacional, y de la\u00a0onda tropical n\u00famero 34\u00a0frente a costas del Pac\u00edfico sur mexicano, aunado al\u00a0cicl\u00f3n tropical Marie\u00a0frente a las costas del Pac\u00edfico central mexicano, cuya extensa circulaci\u00f3n reforzar\u00e1 el aporte de humedad en los estados del occidente del pa\u00eds, generar\u00e1n<strong>\u00a0lluvias puntuales muy fuertes<\/strong>\u00a0en zonas de Zacatecas, Jalisco, Guanajuato, Hidalgo, Estado de M\u00e9xico, Guerrero y Oaxaca<strong>; puntuales fuertes<\/strong>\u00a0en zonas de Chihuahua, Nuevo Le\u00f3n, Aguascalientes, San Luis Potos\u00ed, Quer\u00e9taro, Puebla, Veracruz, Tabasco, Chiapas, Campeche y Yucat\u00e1n;\u00a0<strong>y lluvias con intervalos de chubascos<\/strong>\u00a0en Tlaxcala, Morelos, Ciudad de M\u00e9xico y Quintana Roo; asimismo, se producir\u00e1\u00a0<strong>oleaje de 2.0 a 3.0 metros de altura\u00a0<\/strong>en las costas de Baja California Sur (sur), Jalisco, Colima y Michoac\u00e1n.<\/p>\n<div data-google-query-id=\"CNubufDNzZYDFS517QId2PQ5qw\">\n<p>Para finalizar, el\u00a0Servicio Meteorol\u00f3gico Nacional (SMN)\u00a0se\u00f1al\u00f3 que, una\u00a0circulaci\u00f3n anticicl\u00f3nica en niveles medios de la atm\u00f3sfera\u00a0propiciar\u00e1\u00a0<strong>ambiente vespertino caluroso a muy caluroso<\/strong>\u00a0en el norte del territorio mexicano, prevaleciendo la\u00a0<strong>onda de calor<\/strong>\u00a0en Coahuila (norte y sur), Nuevo Le\u00f3n (centro, sur y este) y Tamaulipas (oeste), iniciando a partir de este d\u00eda en Sinaloa (centro y sur).<\/p>\n<\/div>\n<div class=\"widget-youtube\">Con informaci\u00f3n de: <a href=\"https:\/\/heraldodemexico.com.mx\/nacional\/2026\/9\/1\/estos-son-los-26-estados-en-alerta-por-diluvios-tormentas-electricas-granizo-hoy-martes-de-septiembre-880097.html\">Estos son los 26 estados en alerta por DILUVIOS, tormentas el\u00e9ctricas y granizo HOY martes 1 de septiembre &#8211; El Heraldo de M\u00e9xico<\/a><\/div>\n","protected":false},"excerpt":{"rendered":"<p>El Servicio Meteorol\u00f3gico Nacional tambi\u00e9n advirti\u00f3 que una onda de calor provocar\u00e1 afectaciones en al menos 7 entidades<\/p>\n","protected":false},"author":1,"featured_media":84184,"comment_status":"closed","ping_status":"closed","sticky":false,"template":"","format":"standard","meta":{"_monsterinsights_skip_tracking":false,"_uf_show_specific_survey":0,"_uf_disable_surveys":false,"footnotes":""},"categories":[52,585],"tags":[9,977,5282],"class_list":["post-84183","post","type-post","status-publish","format-standard","has-post-thumbnail","hentry","category-nacional","category-principal","tag-breaking-news","tag-clima","tag-tormentas"],"yoast_head":"<!-- This site is optimized with the Yoast SEO plugin v27.5 - https:\/\/yoast.com\/product\/yoast-seo-wordpress\/ -->\n<title>26 estados en alerta por DILUVIOS, tormentas el\u00e9ctricas y granizo - Fer Abrajan<\/title>\n<meta name=\"robots\" content=\"index, follow, max-snippet:-1, max-image-preview:large, max-video-preview:-1\" \/>\n<link rel=\"canonical\" href=\"https:\/\/ferabrajan.com\/portal\/2026\/09\/01\/26-estados-en-alerta-por-diluvios-tormentas-electricas-y-granizo\/\" \/>\n<meta property=\"og:locale\" content=\"es_ES\" \/>\n<meta property=\"og:type\" content=\"article\" \/>\n<meta property=\"og:title\" content=\"26 estados en alerta por DILUVIOS, tormentas el\u00e9ctricas y granizo - Fer Abrajan\" \/>\n<meta property=\"og:description\" content=\"El Servicio Meteorol\u00f3gico Nacional tambi\u00e9n advirti\u00f3 que una onda de calor provocar\u00e1 afectaciones en al menos 7 entidades\" \/>\n<meta property=\"og:url\" content=\"https:\/\/ferabrajan.com\/portal\/2026\/09\/01\/26-estados-en-alerta-por-diluvios-tormentas-electricas-y-granizo\/\" \/>\n<meta property=\"og:site_name\" content=\"Fer Abrajan\" \/>\n<meta property=\"article:publisher\" content=\"https:\/\/www.facebook.com\/NoticiasconFerAbrajan\/\" \/>\n<meta property=\"article:published_time\" content=\"2026-09-01T14:42:19+00:00\" \/>\n<meta property=\"og:image\" content=\"https:\/\/ferabrajan.com\/portal\/wp-content\/uploads\/2026\/09\/clima1-scaled.jpg\" \/>\n\t<meta property=\"og:image:width\" content=\"2560\" \/>\n\t<meta property=\"og:image:height\" content=\"1440\" \/>\n\t<meta property=\"og:image:type\" content=\"image\/jpeg\" \/>\n<meta name=\"author\" content=\"admin\" \/>\n<meta name=\"twitter:card\" content=\"summary_large_image\" \/>\n<meta name=\"twitter:creator\" content=\"@ferabrajan1\" \/>\n<meta name=\"twitter:site\" content=\"@ferabrajan1\" \/>\n<meta name=\"twitter:label1\" content=\"Escrito por\" \/>\n\t<meta name=\"twitter:data1\" content=\"admin\" \/>\n\t<meta name=\"twitter:label2\" content=\"Tiempo de lectura\" \/>\n\t<meta name=\"twitter:data2\" content=\"3 minutos\" \/>\n<script type=\"application\/ld+json\" class=\"yoast-schema-graph\">{\"@context\":\"https:\\\/\\\/schema.org\",\"@graph\":[{\"@type\":\"Article\",\"@id\":\"https:\\\/\\\/ferabrajan.com\\\/portal\\\/2026\\\/09\\\/01\\\/26-estados-en-alerta-por-diluvios-tormentas-electricas-y-granizo\\\/#article\",\"isPartOf\":{\"@id\":\"https:\\\/\\\/ferabrajan.com\\\/portal\\\/2026\\\/09\\\/01\\\/26-estados-en-alerta-por-diluvios-tormentas-electricas-y-granizo\\\/\"},\"author\":{\"name\":\"admin\",\"@id\":\"https:\\\/\\\/ferabrajan.com\\\/portal\\\/#\\\/schema\\\/person\\\/f6113b3cb1e036d5c6a9505685b257ba\"},\"headline\":\"26 estados en alerta por DILUVIOS, tormentas el\u00e9ctricas y granizo\",\"datePublished\":\"2026-09-01T14:42:19+00:00\",\"mainEntityOfPage\":{\"@id\":\"https:\\\/\\\/ferabrajan.com\\\/portal\\\/2026\\\/09\\\/01\\\/26-estados-en-alerta-por-diluvios-tormentas-electricas-y-granizo\\\/\"},\"wordCount\":455,\"publisher\":{\"@id\":\"https:\\\/\\\/ferabrajan.com\\\/portal\\\/#organization\"},\"image\":{\"@id\":\"https:\\\/\\\/ferabrajan.com\\\/portal\\\/2026\\\/09\\\/01\\\/26-estados-en-alerta-por-diluvios-tormentas-electricas-y-granizo\\\/#primaryimage\"},\"thumbnailUrl\":\"https:\\\/\\\/ferabrajan.com\\\/portal\\\/wp-content\\\/uploads\\\/2026\\\/09\\\/clima1-scaled.jpg\",\"keywords\":[\"Breaking News\",\"clima\",\"tormentas\"],\"articleSection\":[\"Nacional\",\"Principal\"],\"inLanguage\":\"es\"},{\"@type\":\"WebPage\",\"@id\":\"https:\\\/\\\/ferabrajan.com\\\/portal\\\/2026\\\/09\\\/01\\\/26-estados-en-alerta-por-diluvios-tormentas-electricas-y-granizo\\\/\",\"url\":\"https:\\\/\\\/ferabrajan.com\\\/portal\\\/2026\\\/09\\\/01\\\/26-estados-en-alerta-por-diluvios-tormentas-electricas-y-granizo\\\/\",\"name\":\"26 estados en alerta por DILUVIOS, tormentas el\u00e9ctricas y granizo - Fer Abrajan\",\"isPartOf\":{\"@id\":\"https:\\\/\\\/ferabrajan.com\\\/portal\\\/#website\"},\"primaryImageOfPage\":{\"@id\":\"https:\\\/\\\/ferabrajan.com\\\/portal\\\/2026\\\/09\\\/01\\\/26-estados-en-alerta-por-diluvios-tormentas-electricas-y-granizo\\\/#primaryimage\"},\"image\":{\"@id\":\"https:\\\/\\\/ferabrajan.com\\\/portal\\\/2026\\\/09\\\/01\\\/26-estados-en-alerta-por-diluvios-tormentas-electricas-y-granizo\\\/#primaryimage\"},\"thumbnailUrl\":\"https:\\\/\\\/ferabrajan.com\\\/portal\\\/wp-content\\\/uploads\\\/2026\\\/09\\\/clima1-scaled.jpg\",\"datePublished\":\"2026-09-01T14:42:19+00:00\",\"breadcrumb\":{\"@id\":\"https:\\\/\\\/ferabrajan.com\\\/portal\\\/2026\\\/09\\\/01\\\/26-estados-en-alerta-por-diluvios-tormentas-electricas-y-granizo\\\/#breadcrumb\"},\"inLanguage\":\"es\",\"potentialAction\":[{\"@type\":\"ReadAction\",\"target\":[\"https:\\\/\\\/ferabrajan.com\\\/portal\\\/2026\\\/09\\\/01\\\/26-estados-en-alerta-por-diluvios-tormentas-electricas-y-granizo\\\/\"]}]},{\"@type\":\"ImageObject\",\"inLanguage\":\"es\",\"@id\":\"https:\\\/\\\/ferabrajan.com\\\/portal\\\/2026\\\/09\\\/01\\\/26-estados-en-alerta-por-diluvios-tormentas-electricas-y-granizo\\\/#primaryimage\",\"url\":\"https:\\\/\\\/ferabrajan.com\\\/portal\\\/wp-content\\\/uploads\\\/2026\\\/09\\\/clima1-scaled.jpg\",\"contentUrl\":\"https:\\\/\\\/ferabrajan.com\\\/portal\\\/wp-content\\\/uploads\\\/2026\\\/09\\\/clima1-scaled.jpg\",\"width\":2560,\"height\":1440},{\"@type\":\"BreadcrumbList\",\"@id\":\"https:\\\/\\\/ferabrajan.com\\\/portal\\\/2026\\\/09\\\/01\\\/26-estados-en-alerta-por-diluvios-tormentas-electricas-y-granizo\\\/#breadcrumb\",\"itemListElement\":[{\"@type\":\"ListItem\",\"position\":1,\"name\":\"Portada\",\"item\":\"https:\\\/\\\/ferabrajan.com\\\/portal\\\/\"},{\"@type\":\"ListItem\",\"position\":2,\"name\":\"26 estados en alerta por DILUVIOS, tormentas el\u00e9ctricas y granizo\"}]},{\"@type\":\"WebSite\",\"@id\":\"https:\\\/\\\/ferabrajan.com\\\/portal\\\/#website\",\"url\":\"https:\\\/\\\/ferabrajan.com\\\/portal\\\/\",\"name\":\"Fer Abrajan\",\"description\":\"Noticias de Puebla, opini\u00f3n y radio en vivo\",\"publisher\":{\"@id\":\"https:\\\/\\\/ferabrajan.com\\\/portal\\\/#organization\"},\"potentialAction\":[{\"@type\":\"SearchAction\",\"target\":{\"@type\":\"EntryPoint\",\"urlTemplate\":\"https:\\\/\\\/ferabrajan.com\\\/portal\\\/?s={search_term_string}\"},\"query-input\":{\"@type\":\"PropertyValueSpecification\",\"valueRequired\":true,\"valueName\":\"search_term_string\"}}],\"inLanguage\":\"es\"},{\"@type\":\"Organization\",\"@id\":\"https:\\\/\\\/ferabrajan.com\\\/portal\\\/#organization\",\"name\":\"Fer Abrajan\",\"url\":\"https:\\\/\\\/ferabrajan.com\\\/portal\\\/\",\"logo\":{\"@type\":\"ImageObject\",\"inLanguage\":\"es\",\"@id\":\"https:\\\/\\\/ferabrajan.com\\\/portal\\\/#\\\/schema\\\/logo\\\/image\\\/\",\"url\":\"https:\\\/\\\/ferabrajan.com\\\/portal\\\/wp-content\\\/uploads\\\/2024\\\/10\\\/cropped-logo.jpeg\",\"contentUrl\":\"https:\\\/\\\/ferabrajan.com\\\/portal\\\/wp-content\\\/uploads\\\/2024\\\/10\\\/cropped-logo.jpeg\",\"width\":500,\"height\":250,\"caption\":\"Fer Abrajan\"},\"image\":{\"@id\":\"https:\\\/\\\/ferabrajan.com\\\/portal\\\/#\\\/schema\\\/logo\\\/image\\\/\"},\"sameAs\":[\"https:\\\/\\\/www.facebook.com\\\/NoticiasconFerAbrajan\\\/\",\"https:\\\/\\\/x.com\\\/ferabrajan1\"]},{\"@type\":\"Person\",\"@id\":\"https:\\\/\\\/ferabrajan.com\\\/portal\\\/#\\\/schema\\\/person\\\/f6113b3cb1e036d5c6a9505685b257ba\",\"name\":\"admin\",\"image\":{\"@type\":\"ImageObject\",\"inLanguage\":\"es\",\"@id\":\"https:\\\/\\\/secure.gravatar.com\\\/avatar\\\/072baa72775aad53c748dfc5d3048578e01b6c087eef335459ebfa04344e2d18?s=96&d=mm&r=g\",\"url\":\"https:\\\/\\\/secure.gravatar.com\\\/avatar\\\/072baa72775aad53c748dfc5d3048578e01b6c087eef335459ebfa04344e2d18?s=96&d=mm&r=g\",\"contentUrl\":\"https:\\\/\\\/secure.gravatar.com\\\/avatar\\\/072baa72775aad53c748dfc5d3048578e01b6c087eef335459ebfa04344e2d18?s=96&d=mm&r=g\",\"caption\":\"admin\"},\"sameAs\":[\"https:\\\/\\\/ferabrajan.com\\\/portal\"],\"url\":\"https:\\\/\\\/ferabrajan.com\\\/portal\\\/author\\\/admin\\\/\"}]}<\/script>\n<!-- \/ Yoast SEO plugin. -->","yoast_head_json":{"title":"26 estados en alerta por DILUVIOS, tormentas el\u00e9ctricas y granizo - Fer Abrajan","robots":{"index":"index","follow":"follow","max-snippet":"max-snippet:-1","max-image-preview":"max-image-preview:large","max-video-preview":"max-video-preview:-1"},"canonical":"https:\/\/ferabrajan.com\/portal\/2026\/09\/01\/26-estados-en-alerta-por-diluvios-tormentas-electricas-y-granizo\/","og_locale":"es_ES","og_type":"article","og_title":"26 estados en alerta por DILUVIOS, tormentas el\u00e9ctricas y granizo - Fer Abrajan","og_description":"El Servicio Meteorol\u00f3gico Nacional tambi\u00e9n advirti\u00f3 que una onda de calor provocar\u00e1 afectaciones en al menos 7 entidades","og_url":"https:\/\/ferabrajan.com\/portal\/2026\/09\/01\/26-estados-en-alerta-por-diluvios-tormentas-electricas-y-granizo\/","og_site_name":"Fer Abrajan","article_publisher":"https:\/\/www.facebook.com\/NoticiasconFerAbrajan\/","article_published_time":"2026-09-01T14:42:19+00:00","og_image":[{"width":2560,"height":1440,"url":"https:\/\/ferabrajan.com\/portal\/wp-content\/uploads\/2026\/09\/clima1-scaled.jpg","type":"image\/jpeg"}],"author":"admin","twitter_card":"summary_large_image","twitter_creator":"@ferabrajan1","twitter_site":"@ferabrajan1","twitter_misc":{"Escrito por":"admin","Tiempo de lectura":"3 minutos"},"schema":{"@context":"https:\/\/schema.org","@graph":[{"@type":"Article","@id":"https:\/\/ferabrajan.com\/portal\/2026\/09\/01\/26-estados-en-alerta-por-diluvios-tormentas-electricas-y-granizo\/#article","isPartOf":{"@id":"https:\/\/ferabrajan.com\/portal\/2026\/09\/01\/26-estados-en-alerta-por-diluvios-tormentas-electricas-y-granizo\/"},"author":{"name":"admin","@id":"https:\/\/ferabrajan.com\/portal\/#\/schema\/person\/f6113b3cb1e036d5c6a9505685b257ba"},"headline":"26 estados en alerta por DILUVIOS, tormentas el\u00e9ctricas y granizo","datePublished":"2026-09-01T14:42:19+00:00","mainEntityOfPage":{"@id":"https:\/\/ferabrajan.com\/portal\/2026\/09\/01\/26-estados-en-alerta-por-diluvios-tormentas-electricas-y-granizo\/"},"wordCount":455,"publisher":{"@id":"https:\/\/ferabrajan.com\/portal\/#organization"},"image":{"@id":"https:\/\/ferabrajan.com\/portal\/2026\/09\/01\/26-estados-en-alerta-por-diluvios-tormentas-electricas-y-granizo\/#primaryimage"},"thumbnailUrl":"https:\/\/ferabrajan.com\/portal\/wp-content\/uploads\/2026\/09\/clima1-scaled.jpg","keywords":["Breaking News","clima","tormentas"],"articleSection":["Nacional","Principal"],"inLanguage":"es"},{"@type":"WebPage","@id":"https:\/\/ferabrajan.com\/portal\/2026\/09\/01\/26-estados-en-alerta-por-diluvios-tormentas-electricas-y-granizo\/","url":"https:\/\/ferabrajan.com\/portal\/2026\/09\/01\/26-estados-en-alerta-por-diluvios-tormentas-electricas-y-granizo\/","name":"26 estados en alerta por DILUVIOS, tormentas el\u00e9ctricas y granizo - Fer Abrajan","isPartOf":{"@id":"https:\/\/ferabrajan.com\/portal\/#website"},"primaryImageOfPage":{"@id":"https:\/\/ferabrajan.com\/portal\/2026\/09\/01\/26-estados-en-alerta-por-diluvios-tormentas-electricas-y-granizo\/#primaryimage"},"image":{"@id":"https:\/\/ferabrajan.com\/portal\/2026\/09\/01\/26-estados-en-alerta-por-diluvios-tormentas-electricas-y-granizo\/#primaryimage"},"thumbnailUrl":"https:\/\/ferabrajan.com\/portal\/wp-content\/uploads\/2026\/09\/clima1-scaled.jpg","datePublished":"2026-09-01T14:42:19+00:00","breadcrumb":{"@id":"https:\/\/ferabrajan.com\/portal\/2026\/09\/01\/26-estados-en-alerta-por-diluvios-tormentas-electricas-y-granizo\/#breadcrumb"},"inLanguage":"es","potentialAction":[{"@type":"ReadAction","target":["https:\/\/ferabrajan.com\/portal\/2026\/09\/01\/26-estados-en-alerta-por-diluvios-tormentas-electricas-y-granizo\/"]}]},{"@type":"ImageObject","inLanguage":"es","@id":"https:\/\/ferabrajan.com\/portal\/2026\/09\/01\/26-estados-en-alerta-por-diluvios-tormentas-electricas-y-granizo\/#primaryimage","url":"https:\/\/ferabrajan.com\/portal\/wp-content\/uploads\/2026\/09\/clima1-scaled.jpg","contentUrl":"https:\/\/ferabrajan.com\/portal\/wp-content\/uploads\/2026\/09\/clima1-scaled.jpg","width":2560,"height":1440},{"@type":"BreadcrumbList","@id":"https:\/\/ferabrajan.com\/portal\/2026\/09\/01\/26-estados-en-alerta-por-diluvios-tormentas-electricas-y-granizo\/#breadcrumb","itemListElement":[{"@type":"ListItem","position":1,"name":"Portada","item":"https:\/\/ferabrajan.com\/portal\/"},{"@type":"ListItem","position":2,"name":"26 estados en alerta por DILUVIOS, tormentas el\u00e9ctricas y granizo"}]},{"@type":"WebSite","@id":"https:\/\/ferabrajan.com\/portal\/#website","url":"https:\/\/ferabrajan.com\/portal\/","name":"Fer Abrajan","description":"Noticias de Puebla, opini\u00f3n y radio en vivo","publisher":{"@id":"https:\/\/ferabrajan.com\/portal\/#organization"},"potentialAction":[{"@type":"SearchAction","target":{"@type":"EntryPoint","urlTemplate":"https:\/\/ferabrajan.com\/portal\/?s={search_term_string}"},"query-input":{"@type":"PropertyValueSpecification","valueRequired":true,"valueName":"search_term_string"}}],"inLanguage":"es"},{"@type":"Organization","@id":"https:\/\/ferabrajan.com\/portal\/#organization","name":"Fer Abrajan","url":"https:\/\/ferabrajan.com\/portal\/","logo":{"@type":"ImageObject","inLanguage":"es","@id":"https:\/\/ferabrajan.com\/portal\/#\/schema\/logo\/image\/","url":"https:\/\/ferabrajan.com\/portal\/wp-content\/uploads\/2024\/10\/cropped-logo.jpeg","contentUrl":"https:\/\/ferabrajan.com\/portal\/wp-content\/uploads\/2024\/10\/cropped-logo.jpeg","width":500,"height":250,"caption":"Fer Abrajan"},"image":{"@id":"https:\/\/ferabrajan.com\/portal\/#\/schema\/logo\/image\/"},"sameAs":["https:\/\/www.facebook.com\/NoticiasconFerAbrajan\/","https:\/\/x.com\/ferabrajan1"]},{"@type":"Person","@id":"https:\/\/ferabrajan.com\/portal\/#\/schema\/person\/f6113b3cb1e036d5c6a9505685b257ba","name":"admin","image":{"@type":"ImageObject","inLanguage":"es","@id":"https:\/\/secure.gravatar.com\/avatar\/072baa72775aad53c748dfc5d3048578e01b6c087eef335459ebfa04344e2d18?s=96&d=mm&r=g","url":"https:\/\/secure.gravatar.com\/avatar\/072baa72775aad53c748dfc5d3048578e01b6c087eef335459ebfa04344e2d18?s=96&d=mm&r=g","contentUrl":"https:\/\/secure.gravatar.com\/avatar\/072baa72775aad53c748dfc5d3048578e01b6c087eef335459ebfa04344e2d18?s=96&d=mm&r=g","caption":"admin"},"sameAs":["https:\/\/ferabrajan.com\/portal"],"url":"https:\/\/ferabrajan.com\/portal\/author\/admin\/"}]}},"_links":{"self":[{"href":"https:\/\/ferabrajan.com\/portal\/wp-json\/wp\/v2\/posts\/84183","targetHints":{"allow":["GET"]}}],"collection":[{"href":"https:\/\/ferabrajan.com\/portal\/wp-json\/wp\/v2\/posts"}],"about":[{"href":"https:\/\/ferabrajan.com\/portal\/wp-json\/wp\/v2\/types\/post"}],"author":[{"embeddable":true,"href":"https:\/\/ferabrajan.com\/portal\/wp-json\/wp\/v2\/users\/1"}],"replies":[{"embeddable":true,"href":"https:\/\/ferabrajan.com\/portal\/wp-json\/wp\/v2\/comments?post=84183"}],"version-history":[{"count":1,"href":"https:\/\/ferabrajan.com\/portal\/wp-json\/wp\/v2\/posts\/84183\/revisions"}],"predecessor-version":[{"id":84185,"href":"https:\/\/ferabrajan.com\/portal\/wp-json\/wp\/v2\/posts\/84183\/revisions\/84185"}],"wp:featuredmedia":[{"embeddable":true,"href":"https:\/\/ferabrajan.com\/portal\/wp-json\/wp\/v2\/media\/84184"}],"wp:attachment":[{"href":"https:\/\/ferabrajan.com\/portal\/wp-json\/wp\/v2\/media?parent=84183"}],"wp:term":[{"taxonomy":"category","embeddable":true,"href":"https:\/\/ferabrajan.com\/portal\/wp-json\/wp\/v2\/categories?post=84183"},{"taxonomy":"post_tag","embeddable":true,"href":"https:\/\/ferabrajan.com\/portal\/wp-json\/wp\/v2\/tags?post=84183"}],"curies":[{"name":"wp","href":"https:\/\/api.w.org\/{rel}","templated":true}]}}