{"id":84167,"date":"2026-08-31T15:52:47","date_gmt":"2026-08-31T15:52:47","guid":{"rendered":"https:\/\/ferabrajan.com\/portal\/?p=84167"},"modified":"2026-08-31T15:52:47","modified_gmt":"2026-08-31T15:52:47","slug":"agua-de-puebla-refuerza-acciones-para-proteger-el-agua-y-el-medio-ambiente","status":"publish","type":"post","link":"https:\/\/ferabrajan.com\/portal\/2026\/08\/31\/agua-de-puebla-refuerza-acciones-para-proteger-el-agua-y-el-medio-ambiente\/","title":{"rendered":"Agua de Puebla refuerza acciones para proteger el agua y el medio ambiente"},"content":{"rendered":"<p class=\"PDq2pG_selectionAnchorContainer\" data-start=\"226\" data-end=\"776\"><strong data-start=\"226\" data-end=\"243\">Puebla, Pue.\u2014<\/strong> Agua de Puebla mantiene sus campa\u00f1as de reciclaje y cuidado ambiental como parte de sus acciones de responsabilidad social, con programas que buscan fomentar entre la ciudadan\u00eda el manejo adecuado de residuos y la protecci\u00f3n de los recursos h\u00eddricos. Entre estas iniciativas destaca el acopio de aceite comestible usado, del cual se han recolectado <strong data-start=\"593\" data-end=\"629\">1,500 litros de enero a la fecha<\/strong> en sus 11 sucursales. El material es donado al <strong data-start=\"677\" data-end=\"697\">CAM Telpochcalli<\/strong>, donde alumnos lo aprovechan para elaborar jabones artesanales biodegradables.<\/p>\n<p data-start=\"778\" data-end=\"1244\">La empresa record\u00f3 que desechar aceite en fregaderos o alcantarillas puede provocar <strong data-start=\"862\" data-end=\"900\">obstrucciones en la red de drenaje<\/strong>, aumentar la contaminaci\u00f3n del agua residual y dificultar los procesos de tratamiento. Por ello, llam\u00f3 a restaurantes, hoteles, industrias, centros comerciales y otros establecimientos que generan grasas y aceites a contar con <strong data-start=\"1128\" data-end=\"1148\">trampas de grasa<\/strong> y mantenerlas en condiciones adecuadas para evitar afectaciones a la infraestructura sanitaria.<\/p>\n<p data-start=\"1246\" data-end=\"1641\">Asimismo, Agua de Puebla se\u00f1al\u00f3 que el <strong data-start=\"1285\" data-end=\"1295\">SOAPAP<\/strong> vigila el cumplimiento del art\u00edculo 67 de la Ley del Agua para el Estado de Puebla, relacionado con las descargas al drenaje p\u00fablico. Los establecimientos que realizan procesos productivos o de transformaci\u00f3n deben contar con sistemas de pretratamiento que permitan reducir la cantidad de grasas, aceites y s\u00f3lidos que llegan a la red sanitaria.<\/p>\n<p data-start=\"1643\" data-end=\"2120\">En materia de reforestaci\u00f3n, mediante la <strong data-start=\"1684\" data-end=\"1713\">\u201cCampa\u00f1a Arbolitros 2026\u201d<\/strong> se plantaron <strong data-start=\"1727\" data-end=\"1744\">3,500 \u00e1rboles<\/strong> en zonas estrat\u00e9gicas para la recarga de mantos acu\u00edferos, entre ellas Barranca del Conde, Santa Rita Tlahuapan, La Malinche y Chignahuapan. De acuerdo con la empresa, esta acci\u00f3n permitir\u00e1 mitigar <strong data-start=\"1943\" data-end=\"1968\">39.6 toneladas de CO\u2082<\/strong>, generar ox\u00edgeno para aproximadamente <strong data-start=\"2007\" data-end=\"2033\">13,200 personas al a\u00f1o<\/strong> y favorecer la infiltraci\u00f3n de cerca de <strong data-start=\"2074\" data-end=\"2107\">49,500 metros c\u00fabicos de agua<\/strong> al subsuelo.<\/p>\n<p data-start=\"2122\" data-end=\"2519\">Las acciones de reciclaje tambi\u00e9n permitieron reunir <strong data-start=\"2175\" data-end=\"2216\">1,300 kilogramos de tapitas pl\u00e1sticas<\/strong>, con lo que Agua de Puebla obtuvo por segundo a\u00f1o consecutivo el primer lugar en la <strong data-start=\"2301\" data-end=\"2333\">\u201cGuerra de Tapitas\u201d de AMANC<\/strong>, iniciativa destinada a apoyar el tratamiento de ni\u00f1as y ni\u00f1os con c\u00e1ncer. A ello se sumaron <strong data-start=\"2427\" data-end=\"2479\">150 kilogramos de papel y 15 kilogramos de pilas<\/strong> para su manejo y disposici\u00f3n adecuados.<\/p>\n<p data-start=\"2521\" data-end=\"2835\" data-is-last-node=\"\" data-is-only-node=\"\">Con estas estrategias, Agua de Puebla busca fortalecer la participaci\u00f3n ciudadana en el cuidado ambiental, prevenir problemas en la infraestructura de drenaje y promover una cultura de aprovechamiento responsable de los residuos, con el objetivo de contribuir a un entorno m\u00e1s saludable para las familias poblanas.<\/p>\n","protected":false},"excerpt":{"rendered":"<p>En lo que va del a\u00f1o recolect\u00f3 1,500 litros de aceite usado, 1,300 kilogramos de tapitas, 150 kilogramos de papel y 15 kilogramos de pilas para su correcta disposici\u00f3n<\/p>\n","protected":false},"author":4,"featured_media":84168,"comment_status":"closed","ping_status":"closed","sticky":false,"template":"","format":"standard","meta":{"_monsterinsights_skip_tracking":false,"_uf_show_specific_survey":0,"_uf_disable_surveys":false,"footnotes":""},"categories":[585,34],"tags":[467,3999,5278,5279,5280],"class_list":["post-84167","post","type-post","status-publish","format-standard","has-post-thumbnail","hentry","category-principal","category-puebla","tag-agua-de-puebla","tag-amanc","tag-cam-telpochcalli","tag-campana-arbolitros-2026","tag-guerra-de-tapitas"],"yoast_head":"<!-- This site is optimized with the Yoast SEO plugin v27.5 - https:\/\/yoast.com\/product\/yoast-seo-wordpress\/ -->\n<title>Agua de Puebla refuerza acciones para proteger el agua y el medio ambiente - Fer Abrajan<\/title>\n<meta name=\"robots\" content=\"index, follow, max-snippet:-1, max-image-preview:large, max-video-preview:-1\" \/>\n<link rel=\"canonical\" href=\"https:\/\/ferabrajan.com\/portal\/2026\/08\/31\/agua-de-puebla-refuerza-acciones-para-proteger-el-agua-y-el-medio-ambiente\/\" \/>\n<meta property=\"og:locale\" content=\"es_ES\" \/>\n<meta property=\"og:type\" content=\"article\" \/>\n<meta property=\"og:title\" content=\"Agua de Puebla refuerza acciones para proteger el agua y el medio ambiente - Fer Abrajan\" \/>\n<meta property=\"og:description\" content=\"En lo que va del a\u00f1o recolect\u00f3 1,500 litros de aceite usado, 1,300 kilogramos de tapitas, 150 kilogramos de papel y 15 kilogramos de pilas para su correcta disposici\u00f3n\" \/>\n<meta property=\"og:url\" content=\"https:\/\/ferabrajan.com\/portal\/2026\/08\/31\/agua-de-puebla-refuerza-acciones-para-proteger-el-agua-y-el-medio-ambiente\/\" \/>\n<meta property=\"og:site_name\" content=\"Fer Abrajan\" \/>\n<meta property=\"article:publisher\" content=\"https:\/\/www.facebook.com\/NoticiasconFerAbrajan\/\" \/>\n<meta property=\"article:published_time\" content=\"2026-08-31T15:52:47+00:00\" \/>\n<meta property=\"og:image\" content=\"https:\/\/ferabrajan.com\/portal\/wp-content\/uploads\/2026\/08\/WhatsApp-Image-2026-08-31-at-9.19.12-AM.jpeg\" \/>\n\t<meta property=\"og:image:width\" content=\"1600\" \/>\n\t<meta property=\"og:image:height\" content=\"800\" \/>\n\t<meta property=\"og:image:type\" content=\"image\/jpeg\" \/>\n<meta name=\"author\" content=\"Ismael Rojas\" \/>\n<meta name=\"twitter:card\" content=\"summary_large_image\" \/>\n<meta name=\"twitter:creator\" content=\"@ferabrajan1\" \/>\n<meta name=\"twitter:site\" content=\"@ferabrajan1\" \/>\n<meta name=\"twitter:label1\" content=\"Escrito por\" \/>\n\t<meta name=\"twitter:data1\" content=\"Ismael Rojas\" \/>\n\t<meta name=\"twitter:label2\" content=\"Tiempo de lectura\" \/>\n\t<meta name=\"twitter:data2\" content=\"2 minutos\" \/>\n<script type=\"application\/ld+json\" class=\"yoast-schema-graph\">{\"@context\":\"https:\\\/\\\/schema.org\",\"@graph\":[{\"@type\":\"Article\",\"@id\":\"https:\\\/\\\/ferabrajan.com\\\/portal\\\/2026\\\/08\\\/31\\\/agua-de-puebla-refuerza-acciones-para-proteger-el-agua-y-el-medio-ambiente\\\/#article\",\"isPartOf\":{\"@id\":\"https:\\\/\\\/ferabrajan.com\\\/portal\\\/2026\\\/08\\\/31\\\/agua-de-puebla-refuerza-acciones-para-proteger-el-agua-y-el-medio-ambiente\\\/\"},\"author\":{\"name\":\"Ismael Rojas\",\"@id\":\"https:\\\/\\\/ferabrajan.com\\\/portal\\\/#\\\/schema\\\/person\\\/83ed4fff5d7e4c8edf481fa39f71acb2\"},\"headline\":\"Agua de Puebla refuerza acciones para proteger el agua y el medio ambiente\",\"datePublished\":\"2026-08-31T15:52:47+00:00\",\"mainEntityOfPage\":{\"@id\":\"https:\\\/\\\/ferabrajan.com\\\/portal\\\/2026\\\/08\\\/31\\\/agua-de-puebla-refuerza-acciones-para-proteger-el-agua-y-el-medio-ambiente\\\/\"},\"wordCount\":419,\"publisher\":{\"@id\":\"https:\\\/\\\/ferabrajan.com\\\/portal\\\/#organization\"},\"image\":{\"@id\":\"https:\\\/\\\/ferabrajan.com\\\/portal\\\/2026\\\/08\\\/31\\\/agua-de-puebla-refuerza-acciones-para-proteger-el-agua-y-el-medio-ambiente\\\/#primaryimage\"},\"thumbnailUrl\":\"https:\\\/\\\/ferabrajan.com\\\/portal\\\/wp-content\\\/uploads\\\/2026\\\/08\\\/WhatsApp-Image-2026-08-31-at-9.19.12-AM.jpeg\",\"keywords\":[\"Agua de Puebla\",\"AMANC\",\"CAM Telpochcalli\",\"Campa\u00f1a Arbolitros 2026\",\"Guerra de Tapitas\"],\"articleSection\":[\"Principal\",\"Puebla\"],\"inLanguage\":\"es\"},{\"@type\":\"WebPage\",\"@id\":\"https:\\\/\\\/ferabrajan.com\\\/portal\\\/2026\\\/08\\\/31\\\/agua-de-puebla-refuerza-acciones-para-proteger-el-agua-y-el-medio-ambiente\\\/\",\"url\":\"https:\\\/\\\/ferabrajan.com\\\/portal\\\/2026\\\/08\\\/31\\\/agua-de-puebla-refuerza-acciones-para-proteger-el-agua-y-el-medio-ambiente\\\/\",\"name\":\"Agua de Puebla refuerza acciones para proteger el agua y el medio ambiente - Fer Abrajan\",\"isPartOf\":{\"@id\":\"https:\\\/\\\/ferabrajan.com\\\/portal\\\/#website\"},\"primaryImageOfPage\":{\"@id\":\"https:\\\/\\\/ferabrajan.com\\\/portal\\\/2026\\\/08\\\/31\\\/agua-de-puebla-refuerza-acciones-para-proteger-el-agua-y-el-medio-ambiente\\\/#primaryimage\"},\"image\":{\"@id\":\"https:\\\/\\\/ferabrajan.com\\\/portal\\\/2026\\\/08\\\/31\\\/agua-de-puebla-refuerza-acciones-para-proteger-el-agua-y-el-medio-ambiente\\\/#primaryimage\"},\"thumbnailUrl\":\"https:\\\/\\\/ferabrajan.com\\\/portal\\\/wp-content\\\/uploads\\\/2026\\\/08\\\/WhatsApp-Image-2026-08-31-at-9.19.12-AM.jpeg\",\"datePublished\":\"2026-08-31T15:52:47+00:00\",\"breadcrumb\":{\"@id\":\"https:\\\/\\\/ferabrajan.com\\\/portal\\\/2026\\\/08\\\/31\\\/agua-de-puebla-refuerza-acciones-para-proteger-el-agua-y-el-medio-ambiente\\\/#breadcrumb\"},\"inLanguage\":\"es\",\"potentialAction\":[{\"@type\":\"ReadAction\",\"target\":[\"https:\\\/\\\/ferabrajan.com\\\/portal\\\/2026\\\/08\\\/31\\\/agua-de-puebla-refuerza-acciones-para-proteger-el-agua-y-el-medio-ambiente\\\/\"]}]},{\"@type\":\"ImageObject\",\"inLanguage\":\"es\",\"@id\":\"https:\\\/\\\/ferabrajan.com\\\/portal\\\/2026\\\/08\\\/31\\\/agua-de-puebla-refuerza-acciones-para-proteger-el-agua-y-el-medio-ambiente\\\/#primaryimage\",\"url\":\"https:\\\/\\\/ferabrajan.com\\\/portal\\\/wp-content\\\/uploads\\\/2026\\\/08\\\/WhatsApp-Image-2026-08-31-at-9.19.12-AM.jpeg\",\"contentUrl\":\"https:\\\/\\\/ferabrajan.com\\\/portal\\\/wp-content\\\/uploads\\\/2026\\\/08\\\/WhatsApp-Image-2026-08-31-at-9.19.12-AM.jpeg\",\"width\":1600,\"height\":800},{\"@type\":\"BreadcrumbList\",\"@id\":\"https:\\\/\\\/ferabrajan.com\\\/portal\\\/2026\\\/08\\\/31\\\/agua-de-puebla-refuerza-acciones-para-proteger-el-agua-y-el-medio-ambiente\\\/#breadcrumb\",\"itemListElement\":[{\"@type\":\"ListItem\",\"position\":1,\"name\":\"Portada\",\"item\":\"https:\\\/\\\/ferabrajan.com\\\/portal\\\/\"},{\"@type\":\"ListItem\",\"position\":2,\"name\":\"Agua de Puebla refuerza acciones para proteger el agua y el medio ambiente\"}]},{\"@type\":\"WebSite\",\"@id\":\"https:\\\/\\\/ferabrajan.com\\\/portal\\\/#website\",\"url\":\"https:\\\/\\\/ferabrajan.com\\\/portal\\\/\",\"name\":\"Fer Abrajan\",\"description\":\"Noticias de Puebla, opini\u00f3n y radio en vivo\",\"publisher\":{\"@id\":\"https:\\\/\\\/ferabrajan.com\\\/portal\\\/#organization\"},\"potentialAction\":[{\"@type\":\"SearchAction\",\"target\":{\"@type\":\"EntryPoint\",\"urlTemplate\":\"https:\\\/\\\/ferabrajan.com\\\/portal\\\/?s={search_term_string}\"},\"query-input\":{\"@type\":\"PropertyValueSpecification\",\"valueRequired\":true,\"valueName\":\"search_term_string\"}}],\"inLanguage\":\"es\"},{\"@type\":\"Organization\",\"@id\":\"https:\\\/\\\/ferabrajan.com\\\/portal\\\/#organization\",\"name\":\"Fer Abrajan\",\"url\":\"https:\\\/\\\/ferabrajan.com\\\/portal\\\/\",\"logo\":{\"@type\":\"ImageObject\",\"inLanguage\":\"es\",\"@id\":\"https:\\\/\\\/ferabrajan.com\\\/portal\\\/#\\\/schema\\\/logo\\\/image\\\/\",\"url\":\"https:\\\/\\\/ferabrajan.com\\\/portal\\\/wp-content\\\/uploads\\\/2024\\\/10\\\/cropped-logo.jpeg\",\"contentUrl\":\"https:\\\/\\\/ferabrajan.com\\\/portal\\\/wp-content\\\/uploads\\\/2024\\\/10\\\/cropped-logo.jpeg\",\"width\":500,\"height\":250,\"caption\":\"Fer Abrajan\"},\"image\":{\"@id\":\"https:\\\/\\\/ferabrajan.com\\\/portal\\\/#\\\/schema\\\/logo\\\/image\\\/\"},\"sameAs\":[\"https:\\\/\\\/www.facebook.com\\\/NoticiasconFerAbrajan\\\/\",\"https:\\\/\\\/x.com\\\/ferabrajan1\"]},{\"@type\":\"Person\",\"@id\":\"https:\\\/\\\/ferabrajan.com\\\/portal\\\/#\\\/schema\\\/person\\\/83ed4fff5d7e4c8edf481fa39f71acb2\",\"name\":\"Ismael Rojas\",\"image\":{\"@type\":\"ImageObject\",\"inLanguage\":\"es\",\"@id\":\"https:\\\/\\\/secure.gravatar.com\\\/avatar\\\/e4a9cb58548fedeb6143fa536c79b44c34454539235177c55c5819d74963e9d6?s=96&d=mm&r=g\",\"url\":\"https:\\\/\\\/secure.gravatar.com\\\/avatar\\\/e4a9cb58548fedeb6143fa536c79b44c34454539235177c55c5819d74963e9d6?s=96&d=mm&r=g\",\"contentUrl\":\"https:\\\/\\\/secure.gravatar.com\\\/avatar\\\/e4a9cb58548fedeb6143fa536c79b44c34454539235177c55c5819d74963e9d6?s=96&d=mm&r=g\",\"caption\":\"Ismael Rojas\"},\"url\":\"https:\\\/\\\/ferabrajan.com\\\/portal\\\/author\\\/ismael\\\/\"}]}<\/script>\n<!-- \/ Yoast SEO plugin. -->","yoast_head_json":{"title":"Agua de Puebla refuerza acciones para proteger el agua y el medio ambiente - Fer Abrajan","robots":{"index":"index","follow":"follow","max-snippet":"max-snippet:-1","max-image-preview":"max-image-preview:large","max-video-preview":"max-video-preview:-1"},"canonical":"https:\/\/ferabrajan.com\/portal\/2026\/08\/31\/agua-de-puebla-refuerza-acciones-para-proteger-el-agua-y-el-medio-ambiente\/","og_locale":"es_ES","og_type":"article","og_title":"Agua de Puebla refuerza acciones para proteger el agua y el medio ambiente - Fer Abrajan","og_description":"En lo que va del a\u00f1o recolect\u00f3 1,500 litros de aceite usado, 1,300 kilogramos de tapitas, 150 kilogramos de papel y 15 kilogramos de pilas para su correcta disposici\u00f3n","og_url":"https:\/\/ferabrajan.com\/portal\/2026\/08\/31\/agua-de-puebla-refuerza-acciones-para-proteger-el-agua-y-el-medio-ambiente\/","og_site_name":"Fer Abrajan","article_publisher":"https:\/\/www.facebook.com\/NoticiasconFerAbrajan\/","article_published_time":"2026-08-31T15:52:47+00:00","og_image":[{"width":1600,"height":800,"url":"https:\/\/ferabrajan.com\/portal\/wp-content\/uploads\/2026\/08\/WhatsApp-Image-2026-08-31-at-9.19.12-AM.jpeg","type":"image\/jpeg"}],"author":"Ismael Rojas","twitter_card":"summary_large_image","twitter_creator":"@ferabrajan1","twitter_site":"@ferabrajan1","twitter_misc":{"Escrito por":"Ismael Rojas","Tiempo de lectura":"2 minutos"},"schema":{"@context":"https:\/\/schema.org","@graph":[{"@type":"Article","@id":"https:\/\/ferabrajan.com\/portal\/2026\/08\/31\/agua-de-puebla-refuerza-acciones-para-proteger-el-agua-y-el-medio-ambiente\/#article","isPartOf":{"@id":"https:\/\/ferabrajan.com\/portal\/2026\/08\/31\/agua-de-puebla-refuerza-acciones-para-proteger-el-agua-y-el-medio-ambiente\/"},"author":{"name":"Ismael Rojas","@id":"https:\/\/ferabrajan.com\/portal\/#\/schema\/person\/83ed4fff5d7e4c8edf481fa39f71acb2"},"headline":"Agua de Puebla refuerza acciones para proteger el agua y el medio ambiente","datePublished":"2026-08-31T15:52:47+00:00","mainEntityOfPage":{"@id":"https:\/\/ferabrajan.com\/portal\/2026\/08\/31\/agua-de-puebla-refuerza-acciones-para-proteger-el-agua-y-el-medio-ambiente\/"},"wordCount":419,"publisher":{"@id":"https:\/\/ferabrajan.com\/portal\/#organization"},"image":{"@id":"https:\/\/ferabrajan.com\/portal\/2026\/08\/31\/agua-de-puebla-refuerza-acciones-para-proteger-el-agua-y-el-medio-ambiente\/#primaryimage"},"thumbnailUrl":"https:\/\/ferabrajan.com\/portal\/wp-content\/uploads\/2026\/08\/WhatsApp-Image-2026-08-31-at-9.19.12-AM.jpeg","keywords":["Agua de Puebla","AMANC","CAM Telpochcalli","Campa\u00f1a Arbolitros 2026","Guerra de Tapitas"],"articleSection":["Principal","Puebla"],"inLanguage":"es"},{"@type":"WebPage","@id":"https:\/\/ferabrajan.com\/portal\/2026\/08\/31\/agua-de-puebla-refuerza-acciones-para-proteger-el-agua-y-el-medio-ambiente\/","url":"https:\/\/ferabrajan.com\/portal\/2026\/08\/31\/agua-de-puebla-refuerza-acciones-para-proteger-el-agua-y-el-medio-ambiente\/","name":"Agua de Puebla refuerza acciones para proteger el agua y el medio ambiente - Fer Abrajan","isPartOf":{"@id":"https:\/\/ferabrajan.com\/portal\/#website"},"primaryImageOfPage":{"@id":"https:\/\/ferabrajan.com\/portal\/2026\/08\/31\/agua-de-puebla-refuerza-acciones-para-proteger-el-agua-y-el-medio-ambiente\/#primaryimage"},"image":{"@id":"https:\/\/ferabrajan.com\/portal\/2026\/08\/31\/agua-de-puebla-refuerza-acciones-para-proteger-el-agua-y-el-medio-ambiente\/#primaryimage"},"thumbnailUrl":"https:\/\/ferabrajan.com\/portal\/wp-content\/uploads\/2026\/08\/WhatsApp-Image-2026-08-31-at-9.19.12-AM.jpeg","datePublished":"2026-08-31T15:52:47+00:00","breadcrumb":{"@id":"https:\/\/ferabrajan.com\/portal\/2026\/08\/31\/agua-de-puebla-refuerza-acciones-para-proteger-el-agua-y-el-medio-ambiente\/#breadcrumb"},"inLanguage":"es","potentialAction":[{"@type":"ReadAction","target":["https:\/\/ferabrajan.com\/portal\/2026\/08\/31\/agua-de-puebla-refuerza-acciones-para-proteger-el-agua-y-el-medio-ambiente\/"]}]},{"@type":"ImageObject","inLanguage":"es","@id":"https:\/\/ferabrajan.com\/portal\/2026\/08\/31\/agua-de-puebla-refuerza-acciones-para-proteger-el-agua-y-el-medio-ambiente\/#primaryimage","url":"https:\/\/ferabrajan.com\/portal\/wp-content\/uploads\/2026\/08\/WhatsApp-Image-2026-08-31-at-9.19.12-AM.jpeg","contentUrl":"https:\/\/ferabrajan.com\/portal\/wp-content\/uploads\/2026\/08\/WhatsApp-Image-2026-08-31-at-9.19.12-AM.jpeg","width":1600,"height":800},{"@type":"BreadcrumbList","@id":"https:\/\/ferabrajan.com\/portal\/2026\/08\/31\/agua-de-puebla-refuerza-acciones-para-proteger-el-agua-y-el-medio-ambiente\/#breadcrumb","itemListElement":[{"@type":"ListItem","position":1,"name":"Portada","item":"https:\/\/ferabrajan.com\/portal\/"},{"@type":"ListItem","position":2,"name":"Agua de Puebla refuerza acciones para proteger el agua y el medio ambiente"}]},{"@type":"WebSite","@id":"https:\/\/ferabrajan.com\/portal\/#website","url":"https:\/\/ferabrajan.com\/portal\/","name":"Fer Abrajan","description":"Noticias de Puebla, opini\u00f3n y radio en vivo","publisher":{"@id":"https:\/\/ferabrajan.com\/portal\/#organization"},"potentialAction":[{"@type":"SearchAction","target":{"@type":"EntryPoint","urlTemplate":"https:\/\/ferabrajan.com\/portal\/?s={search_term_string}"},"query-input":{"@type":"PropertyValueSpecification","valueRequired":true,"valueName":"search_term_string"}}],"inLanguage":"es"},{"@type":"Organization","@id":"https:\/\/ferabrajan.com\/portal\/#organization","name":"Fer Abrajan","url":"https:\/\/ferabrajan.com\/portal\/","logo":{"@type":"ImageObject","inLanguage":"es","@id":"https:\/\/ferabrajan.com\/portal\/#\/schema\/logo\/image\/","url":"https:\/\/ferabrajan.com\/portal\/wp-content\/uploads\/2024\/10\/cropped-logo.jpeg","contentUrl":"https:\/\/ferabrajan.com\/portal\/wp-content\/uploads\/2024\/10\/cropped-logo.jpeg","width":500,"height":250,"caption":"Fer Abrajan"},"image":{"@id":"https:\/\/ferabrajan.com\/portal\/#\/schema\/logo\/image\/"},"sameAs":["https:\/\/www.facebook.com\/NoticiasconFerAbrajan\/","https:\/\/x.com\/ferabrajan1"]},{"@type":"Person","@id":"https:\/\/ferabrajan.com\/portal\/#\/schema\/person\/83ed4fff5d7e4c8edf481fa39f71acb2","name":"Ismael Rojas","image":{"@type":"ImageObject","inLanguage":"es","@id":"https:\/\/secure.gravatar.com\/avatar\/e4a9cb58548fedeb6143fa536c79b44c34454539235177c55c5819d74963e9d6?s=96&d=mm&r=g","url":"https:\/\/secure.gravatar.com\/avatar\/e4a9cb58548fedeb6143fa536c79b44c34454539235177c55c5819d74963e9d6?s=96&d=mm&r=g","contentUrl":"https:\/\/secure.gravatar.com\/avatar\/e4a9cb58548fedeb6143fa536c79b44c34454539235177c55c5819d74963e9d6?s=96&d=mm&r=g","caption":"Ismael Rojas"},"url":"https:\/\/ferabrajan.com\/portal\/author\/ismael\/"}]}},"_links":{"self":[{"href":"https:\/\/ferabrajan.com\/portal\/wp-json\/wp\/v2\/posts\/84167","targetHints":{"allow":["GET"]}}],"collection":[{"href":"https:\/\/ferabrajan.com\/portal\/wp-json\/wp\/v2\/posts"}],"about":[{"href":"https:\/\/ferabrajan.com\/portal\/wp-json\/wp\/v2\/types\/post"}],"author":[{"embeddable":true,"href":"https:\/\/ferabrajan.com\/portal\/wp-json\/wp\/v2\/users\/4"}],"replies":[{"embeddable":true,"href":"https:\/\/ferabrajan.com\/portal\/wp-json\/wp\/v2\/comments?post=84167"}],"version-history":[{"count":1,"href":"https:\/\/ferabrajan.com\/portal\/wp-json\/wp\/v2\/posts\/84167\/revisions"}],"predecessor-version":[{"id":84169,"href":"https:\/\/ferabrajan.com\/portal\/wp-json\/wp\/v2\/posts\/84167\/revisions\/84169"}],"wp:featuredmedia":[{"embeddable":true,"href":"https:\/\/ferabrajan.com\/portal\/wp-json\/wp\/v2\/media\/84168"}],"wp:attachment":[{"href":"https:\/\/ferabrajan.com\/portal\/wp-json\/wp\/v2\/media?parent=84167"}],"wp:term":[{"taxonomy":"category","embeddable":true,"href":"https:\/\/ferabrajan.com\/portal\/wp-json\/wp\/v2\/categories?post=84167"},{"taxonomy":"post_tag","embeddable":true,"href":"https:\/\/ferabrajan.com\/portal\/wp-json\/wp\/v2\/tags?post=84167"}],"curies":[{"name":"wp","href":"https:\/\/api.w.org\/{rel}","templated":true}]}}