{"id":84164,"date":"2026-08-31T15:45:36","date_gmt":"2026-08-31T15:45:36","guid":{"rendered":"https:\/\/ferabrajan.com\/portal\/?p=84164"},"modified":"2026-08-31T15:45:36","modified_gmt":"2026-08-31T15:45:36","slug":"con-deporte-y-convivencia-350-ninas-ninos-y-jovenes-concluyen-el-curso-entre-aves-en-cholula","status":"publish","type":"post","link":"https:\/\/ferabrajan.com\/portal\/2026\/08\/31\/con-deporte-y-convivencia-350-ninas-ninos-y-jovenes-concluyen-el-curso-entre-aves-en-cholula\/","title":{"rendered":"Con deporte y convivencia, 350 ni\u00f1as, ni\u00f1os y j\u00f3venes concluyen el curso \u201cEntre Aves\u201d en Cholula"},"content":{"rendered":"<p class=\"PDq2pG_selectionAnchorContainer\" data-start=\"102\" data-end=\"451\"><strong data-start=\"102\" data-end=\"130\">San Pedro Cholula, Pue.\u2014<\/strong> Con la participaci\u00f3n de <strong data-start=\"155\" data-end=\"185\">350 ni\u00f1as, ni\u00f1os y j\u00f3venes<\/strong>, concluy\u00f3 el curso de verano <strong data-start=\"215\" data-end=\"231\">\u201cEntre Aves\u201d<\/strong>, impulsado por el Ayuntamiento de San Pedro Cholula y coordinado por la Direcci\u00f3n de Deportes, como parte de las acciones para brindar a las nuevas generaciones espacios de aprendizaje, convivencia y sano esparcimiento.<\/p>\n<p data-start=\"453\" data-end=\"804\">El curso comenz\u00f3 el pasado <strong data-start=\"480\" data-end=\"520\">27 de julio en el Deportivo Tlachtli<\/strong>, donde durante varias semanas las y los participantes practicaron disciplinas como <strong data-start=\"604\" data-end=\"663\">nataci\u00f3n, f\u00fatbol, b\u00e1squetbol, voleibol, taekwondo y box<\/strong>, fortaleciendo sus capacidades f\u00edsicas y desarrollando valores como la disciplina, el compa\u00f1erismo, la perseverancia y el trabajo en equipo.<\/p>\n<p data-start=\"806\" data-end=\"1174\">Durante la clausura, la presidenta municipal <strong data-start=\"851\" data-end=\"874\">Tonantzin Fern\u00e1ndez<\/strong> reconoci\u00f3 el entusiasmo y compromiso mostrado por las y los participantes, adem\u00e1s de agradecer a madres y padres de familia por confiar en el gobierno municipal. Destac\u00f3 que todas y todos obtuvieron una <strong data-start=\"1078\" data-end=\"1100\">calificaci\u00f3n de 10<\/strong>, como reconocimiento a su desempe\u00f1o y participaci\u00f3n a lo largo del curso.<\/p>\n<p data-start=\"1176\" data-end=\"1514\">En el cierre tambi\u00e9n estuvieron presentes la presidenta honoraria del DIF Municipal, <strong data-start=\"1261\" data-end=\"1281\">Lupita Fern\u00e1ndez<\/strong>, as\u00ed como integrantes del Cabildo y representantes del Ayuntamiento. Las y los menores recibieron <strong data-start=\"1380\" data-end=\"1401\">playeras y termos<\/strong> como recuerdo de esta experiencia, mientras que la alcaldesa convivi\u00f3 con ellos y les obsequi\u00f3 paletas de hielo.<\/p>\n<p data-start=\"1516\" data-end=\"1742\">Tonantzin Fern\u00e1ndez dese\u00f3 \u00e9xito a las ni\u00f1as, ni\u00f1os y j\u00f3venes en el regreso a clases y los invit\u00f3 a disfrutar de las actividades de la <strong data-start=\"1650\" data-end=\"1674\">Feria Milenaria 2026<\/strong>, una de las celebraciones m\u00e1s representativas de San Pedro Cholula.<\/p>\n<p data-start=\"1744\" data-end=\"1985\" data-is-last-node=\"\" data-is-only-node=\"\">Con este tipo de iniciativas, el Gobierno de San Pedro Cholula busca promover el <strong data-start=\"1825\" data-end=\"1877\">deporte, la convivencia y el desarrollo integral<\/strong> de las nuevas generaciones, al tiempo que genera espacios seguros para el aprovechamiento del tiempo libre.<\/p>\n","protected":false},"excerpt":{"rendered":"<p>Las actividades permitieron fortalecer habilidades, fomentar la disciplina y promover la convivencia entre las nuevas generaciones.<\/p>\n","protected":false},"author":4,"featured_media":84165,"comment_status":"closed","ping_status":"closed","sticky":false,"template":"","format":"standard","meta":{"_monsterinsights_skip_tracking":false,"_uf_show_specific_survey":0,"_uf_disable_surveys":false,"footnotes":""},"categories":[53,585],"tags":[576,5276,5277,29,1397],"class_list":["post-84164","post","type-post","status-publish","format-standard","has-post-thumbnail","hentry","category-local","category-principal","tag-dif-municipal","tag-entre-aves","tag-feria-milenaria-2026","tag-san-pedro-cholula","tag-tonantzin-fernandez"],"yoast_head":"<!-- This site is optimized with the Yoast SEO plugin v27.5 - https:\/\/yoast.com\/product\/yoast-seo-wordpress\/ -->\n<title>Con deporte y convivencia, 350 ni\u00f1as, ni\u00f1os y j\u00f3venes concluyen el curso \u201cEntre Aves\u201d en Cholula - Fer Abrajan<\/title>\n<meta name=\"robots\" content=\"index, follow, max-snippet:-1, max-image-preview:large, max-video-preview:-1\" \/>\n<link rel=\"canonical\" href=\"https:\/\/ferabrajan.com\/portal\/2026\/08\/31\/con-deporte-y-convivencia-350-ninas-ninos-y-jovenes-concluyen-el-curso-entre-aves-en-cholula\/\" \/>\n<meta property=\"og:locale\" content=\"es_ES\" \/>\n<meta property=\"og:type\" content=\"article\" \/>\n<meta property=\"og:title\" content=\"Con deporte y convivencia, 350 ni\u00f1as, ni\u00f1os y j\u00f3venes concluyen el curso \u201cEntre Aves\u201d en Cholula - Fer Abrajan\" \/>\n<meta property=\"og:description\" content=\"Las actividades permitieron fortalecer habilidades, fomentar la disciplina y promover la convivencia entre las nuevas generaciones.\" \/>\n<meta property=\"og:url\" content=\"https:\/\/ferabrajan.com\/portal\/2026\/08\/31\/con-deporte-y-convivencia-350-ninas-ninos-y-jovenes-concluyen-el-curso-entre-aves-en-cholula\/\" \/>\n<meta property=\"og:site_name\" content=\"Fer Abrajan\" \/>\n<meta property=\"article:publisher\" content=\"https:\/\/www.facebook.com\/NoticiasconFerAbrajan\/\" \/>\n<meta property=\"article:published_time\" content=\"2026-08-31T15:45:36+00:00\" \/>\n<meta property=\"og:image\" content=\"https:\/\/ferabrajan.com\/portal\/wp-content\/uploads\/2026\/08\/WhatsApp-Image-2026-08-31-at-9.19.14-AM.jpeg\" \/>\n\t<meta property=\"og:image:width\" content=\"1545\" \/>\n\t<meta property=\"og:image:height\" content=\"1032\" \/>\n\t<meta property=\"og:image:type\" content=\"image\/jpeg\" \/>\n<meta name=\"author\" content=\"Ismael Rojas\" \/>\n<meta name=\"twitter:card\" content=\"summary_large_image\" \/>\n<meta name=\"twitter:creator\" content=\"@ferabrajan1\" \/>\n<meta name=\"twitter:site\" content=\"@ferabrajan1\" \/>\n<meta name=\"twitter:label1\" content=\"Escrito por\" \/>\n\t<meta name=\"twitter:data1\" content=\"Ismael Rojas\" \/>\n\t<meta name=\"twitter:label2\" content=\"Tiempo de lectura\" \/>\n\t<meta name=\"twitter:data2\" content=\"2 minutos\" \/>\n<script type=\"application\/ld+json\" class=\"yoast-schema-graph\">{\"@context\":\"https:\\\/\\\/schema.org\",\"@graph\":[{\"@type\":\"Article\",\"@id\":\"https:\\\/\\\/ferabrajan.com\\\/portal\\\/2026\\\/08\\\/31\\\/con-deporte-y-convivencia-350-ninas-ninos-y-jovenes-concluyen-el-curso-entre-aves-en-cholula\\\/#article\",\"isPartOf\":{\"@id\":\"https:\\\/\\\/ferabrajan.com\\\/portal\\\/2026\\\/08\\\/31\\\/con-deporte-y-convivencia-350-ninas-ninos-y-jovenes-concluyen-el-curso-entre-aves-en-cholula\\\/\"},\"author\":{\"name\":\"Ismael Rojas\",\"@id\":\"https:\\\/\\\/ferabrajan.com\\\/portal\\\/#\\\/schema\\\/person\\\/83ed4fff5d7e4c8edf481fa39f71acb2\"},\"headline\":\"Con deporte y convivencia, 350 ni\u00f1as, ni\u00f1os y j\u00f3venes concluyen el curso \u201cEntre Aves\u201d en Cholula\",\"datePublished\":\"2026-08-31T15:45:36+00:00\",\"mainEntityOfPage\":{\"@id\":\"https:\\\/\\\/ferabrajan.com\\\/portal\\\/2026\\\/08\\\/31\\\/con-deporte-y-convivencia-350-ninas-ninos-y-jovenes-concluyen-el-curso-entre-aves-en-cholula\\\/\"},\"wordCount\":318,\"publisher\":{\"@id\":\"https:\\\/\\\/ferabrajan.com\\\/portal\\\/#organization\"},\"image\":{\"@id\":\"https:\\\/\\\/ferabrajan.com\\\/portal\\\/2026\\\/08\\\/31\\\/con-deporte-y-convivencia-350-ninas-ninos-y-jovenes-concluyen-el-curso-entre-aves-en-cholula\\\/#primaryimage\"},\"thumbnailUrl\":\"https:\\\/\\\/ferabrajan.com\\\/portal\\\/wp-content\\\/uploads\\\/2026\\\/08\\\/WhatsApp-Image-2026-08-31-at-9.19.14-AM.jpeg\",\"keywords\":[\"DIF Municipal\",\"Entre Aves\",\"Feria Milenaria 2026\",\"San Pedro Cholula\",\"Tonantzin Fern\u00e1ndez\"],\"articleSection\":[\"Local\",\"Principal\"],\"inLanguage\":\"es\"},{\"@type\":\"WebPage\",\"@id\":\"https:\\\/\\\/ferabrajan.com\\\/portal\\\/2026\\\/08\\\/31\\\/con-deporte-y-convivencia-350-ninas-ninos-y-jovenes-concluyen-el-curso-entre-aves-en-cholula\\\/\",\"url\":\"https:\\\/\\\/ferabrajan.com\\\/portal\\\/2026\\\/08\\\/31\\\/con-deporte-y-convivencia-350-ninas-ninos-y-jovenes-concluyen-el-curso-entre-aves-en-cholula\\\/\",\"name\":\"Con deporte y convivencia, 350 ni\u00f1as, ni\u00f1os y j\u00f3venes concluyen el curso \u201cEntre Aves\u201d en Cholula - Fer Abrajan\",\"isPartOf\":{\"@id\":\"https:\\\/\\\/ferabrajan.com\\\/portal\\\/#website\"},\"primaryImageOfPage\":{\"@id\":\"https:\\\/\\\/ferabrajan.com\\\/portal\\\/2026\\\/08\\\/31\\\/con-deporte-y-convivencia-350-ninas-ninos-y-jovenes-concluyen-el-curso-entre-aves-en-cholula\\\/#primaryimage\"},\"image\":{\"@id\":\"https:\\\/\\\/ferabrajan.com\\\/portal\\\/2026\\\/08\\\/31\\\/con-deporte-y-convivencia-350-ninas-ninos-y-jovenes-concluyen-el-curso-entre-aves-en-cholula\\\/#primaryimage\"},\"thumbnailUrl\":\"https:\\\/\\\/ferabrajan.com\\\/portal\\\/wp-content\\\/uploads\\\/2026\\\/08\\\/WhatsApp-Image-2026-08-31-at-9.19.14-AM.jpeg\",\"datePublished\":\"2026-08-31T15:45:36+00:00\",\"breadcrumb\":{\"@id\":\"https:\\\/\\\/ferabrajan.com\\\/portal\\\/2026\\\/08\\\/31\\\/con-deporte-y-convivencia-350-ninas-ninos-y-jovenes-concluyen-el-curso-entre-aves-en-cholula\\\/#breadcrumb\"},\"inLanguage\":\"es\",\"potentialAction\":[{\"@type\":\"ReadAction\",\"target\":[\"https:\\\/\\\/ferabrajan.com\\\/portal\\\/2026\\\/08\\\/31\\\/con-deporte-y-convivencia-350-ninas-ninos-y-jovenes-concluyen-el-curso-entre-aves-en-cholula\\\/\"]}]},{\"@type\":\"ImageObject\",\"inLanguage\":\"es\",\"@id\":\"https:\\\/\\\/ferabrajan.com\\\/portal\\\/2026\\\/08\\\/31\\\/con-deporte-y-convivencia-350-ninas-ninos-y-jovenes-concluyen-el-curso-entre-aves-en-cholula\\\/#primaryimage\",\"url\":\"https:\\\/\\\/ferabrajan.com\\\/portal\\\/wp-content\\\/uploads\\\/2026\\\/08\\\/WhatsApp-Image-2026-08-31-at-9.19.14-AM.jpeg\",\"contentUrl\":\"https:\\\/\\\/ferabrajan.com\\\/portal\\\/wp-content\\\/uploads\\\/2026\\\/08\\\/WhatsApp-Image-2026-08-31-at-9.19.14-AM.jpeg\",\"width\":1545,\"height\":1032},{\"@type\":\"BreadcrumbList\",\"@id\":\"https:\\\/\\\/ferabrajan.com\\\/portal\\\/2026\\\/08\\\/31\\\/con-deporte-y-convivencia-350-ninas-ninos-y-jovenes-concluyen-el-curso-entre-aves-en-cholula\\\/#breadcrumb\",\"itemListElement\":[{\"@type\":\"ListItem\",\"position\":1,\"name\":\"Portada\",\"item\":\"https:\\\/\\\/ferabrajan.com\\\/portal\\\/\"},{\"@type\":\"ListItem\",\"position\":2,\"name\":\"Con deporte y convivencia, 350 ni\u00f1as, ni\u00f1os y j\u00f3venes concluyen el curso \u201cEntre Aves\u201d en Cholula\"}]},{\"@type\":\"WebSite\",\"@id\":\"https:\\\/\\\/ferabrajan.com\\\/portal\\\/#website\",\"url\":\"https:\\\/\\\/ferabrajan.com\\\/portal\\\/\",\"name\":\"Fer Abrajan\",\"description\":\"Noticias de Puebla, opini\u00f3n y radio en vivo\",\"publisher\":{\"@id\":\"https:\\\/\\\/ferabrajan.com\\\/portal\\\/#organization\"},\"potentialAction\":[{\"@type\":\"SearchAction\",\"target\":{\"@type\":\"EntryPoint\",\"urlTemplate\":\"https:\\\/\\\/ferabrajan.com\\\/portal\\\/?s={search_term_string}\"},\"query-input\":{\"@type\":\"PropertyValueSpecification\",\"valueRequired\":true,\"valueName\":\"search_term_string\"}}],\"inLanguage\":\"es\"},{\"@type\":\"Organization\",\"@id\":\"https:\\\/\\\/ferabrajan.com\\\/portal\\\/#organization\",\"name\":\"Fer Abrajan\",\"url\":\"https:\\\/\\\/ferabrajan.com\\\/portal\\\/\",\"logo\":{\"@type\":\"ImageObject\",\"inLanguage\":\"es\",\"@id\":\"https:\\\/\\\/ferabrajan.com\\\/portal\\\/#\\\/schema\\\/logo\\\/image\\\/\",\"url\":\"https:\\\/\\\/ferabrajan.com\\\/portal\\\/wp-content\\\/uploads\\\/2024\\\/10\\\/cropped-logo.jpeg\",\"contentUrl\":\"https:\\\/\\\/ferabrajan.com\\\/portal\\\/wp-content\\\/uploads\\\/2024\\\/10\\\/cropped-logo.jpeg\",\"width\":500,\"height\":250,\"caption\":\"Fer Abrajan\"},\"image\":{\"@id\":\"https:\\\/\\\/ferabrajan.com\\\/portal\\\/#\\\/schema\\\/logo\\\/image\\\/\"},\"sameAs\":[\"https:\\\/\\\/www.facebook.com\\\/NoticiasconFerAbrajan\\\/\",\"https:\\\/\\\/x.com\\\/ferabrajan1\"]},{\"@type\":\"Person\",\"@id\":\"https:\\\/\\\/ferabrajan.com\\\/portal\\\/#\\\/schema\\\/person\\\/83ed4fff5d7e4c8edf481fa39f71acb2\",\"name\":\"Ismael Rojas\",\"image\":{\"@type\":\"ImageObject\",\"inLanguage\":\"es\",\"@id\":\"https:\\\/\\\/secure.gravatar.com\\\/avatar\\\/e4a9cb58548fedeb6143fa536c79b44c34454539235177c55c5819d74963e9d6?s=96&d=mm&r=g\",\"url\":\"https:\\\/\\\/secure.gravatar.com\\\/avatar\\\/e4a9cb58548fedeb6143fa536c79b44c34454539235177c55c5819d74963e9d6?s=96&d=mm&r=g\",\"contentUrl\":\"https:\\\/\\\/secure.gravatar.com\\\/avatar\\\/e4a9cb58548fedeb6143fa536c79b44c34454539235177c55c5819d74963e9d6?s=96&d=mm&r=g\",\"caption\":\"Ismael Rojas\"},\"url\":\"https:\\\/\\\/ferabrajan.com\\\/portal\\\/author\\\/ismael\\\/\"}]}<\/script>\n<!-- \/ Yoast SEO plugin. -->","yoast_head_json":{"title":"Con deporte y convivencia, 350 ni\u00f1as, ni\u00f1os y j\u00f3venes concluyen el curso \u201cEntre Aves\u201d en Cholula - Fer Abrajan","robots":{"index":"index","follow":"follow","max-snippet":"max-snippet:-1","max-image-preview":"max-image-preview:large","max-video-preview":"max-video-preview:-1"},"canonical":"https:\/\/ferabrajan.com\/portal\/2026\/08\/31\/con-deporte-y-convivencia-350-ninas-ninos-y-jovenes-concluyen-el-curso-entre-aves-en-cholula\/","og_locale":"es_ES","og_type":"article","og_title":"Con deporte y convivencia, 350 ni\u00f1as, ni\u00f1os y j\u00f3venes concluyen el curso \u201cEntre Aves\u201d en Cholula - Fer Abrajan","og_description":"Las actividades permitieron fortalecer habilidades, fomentar la disciplina y promover la convivencia entre las nuevas generaciones.","og_url":"https:\/\/ferabrajan.com\/portal\/2026\/08\/31\/con-deporte-y-convivencia-350-ninas-ninos-y-jovenes-concluyen-el-curso-entre-aves-en-cholula\/","og_site_name":"Fer Abrajan","article_publisher":"https:\/\/www.facebook.com\/NoticiasconFerAbrajan\/","article_published_time":"2026-08-31T15:45:36+00:00","og_image":[{"width":1545,"height":1032,"url":"https:\/\/ferabrajan.com\/portal\/wp-content\/uploads\/2026\/08\/WhatsApp-Image-2026-08-31-at-9.19.14-AM.jpeg","type":"image\/jpeg"}],"author":"Ismael Rojas","twitter_card":"summary_large_image","twitter_creator":"@ferabrajan1","twitter_site":"@ferabrajan1","twitter_misc":{"Escrito por":"Ismael Rojas","Tiempo de lectura":"2 minutos"},"schema":{"@context":"https:\/\/schema.org","@graph":[{"@type":"Article","@id":"https:\/\/ferabrajan.com\/portal\/2026\/08\/31\/con-deporte-y-convivencia-350-ninas-ninos-y-jovenes-concluyen-el-curso-entre-aves-en-cholula\/#article","isPartOf":{"@id":"https:\/\/ferabrajan.com\/portal\/2026\/08\/31\/con-deporte-y-convivencia-350-ninas-ninos-y-jovenes-concluyen-el-curso-entre-aves-en-cholula\/"},"author":{"name":"Ismael Rojas","@id":"https:\/\/ferabrajan.com\/portal\/#\/schema\/person\/83ed4fff5d7e4c8edf481fa39f71acb2"},"headline":"Con deporte y convivencia, 350 ni\u00f1as, ni\u00f1os y j\u00f3venes concluyen el curso \u201cEntre Aves\u201d en Cholula","datePublished":"2026-08-31T15:45:36+00:00","mainEntityOfPage":{"@id":"https:\/\/ferabrajan.com\/portal\/2026\/08\/31\/con-deporte-y-convivencia-350-ninas-ninos-y-jovenes-concluyen-el-curso-entre-aves-en-cholula\/"},"wordCount":318,"publisher":{"@id":"https:\/\/ferabrajan.com\/portal\/#organization"},"image":{"@id":"https:\/\/ferabrajan.com\/portal\/2026\/08\/31\/con-deporte-y-convivencia-350-ninas-ninos-y-jovenes-concluyen-el-curso-entre-aves-en-cholula\/#primaryimage"},"thumbnailUrl":"https:\/\/ferabrajan.com\/portal\/wp-content\/uploads\/2026\/08\/WhatsApp-Image-2026-08-31-at-9.19.14-AM.jpeg","keywords":["DIF Municipal","Entre Aves","Feria Milenaria 2026","San Pedro Cholula","Tonantzin Fern\u00e1ndez"],"articleSection":["Local","Principal"],"inLanguage":"es"},{"@type":"WebPage","@id":"https:\/\/ferabrajan.com\/portal\/2026\/08\/31\/con-deporte-y-convivencia-350-ninas-ninos-y-jovenes-concluyen-el-curso-entre-aves-en-cholula\/","url":"https:\/\/ferabrajan.com\/portal\/2026\/08\/31\/con-deporte-y-convivencia-350-ninas-ninos-y-jovenes-concluyen-el-curso-entre-aves-en-cholula\/","name":"Con deporte y convivencia, 350 ni\u00f1as, ni\u00f1os y j\u00f3venes concluyen el curso \u201cEntre Aves\u201d en Cholula - Fer Abrajan","isPartOf":{"@id":"https:\/\/ferabrajan.com\/portal\/#website"},"primaryImageOfPage":{"@id":"https:\/\/ferabrajan.com\/portal\/2026\/08\/31\/con-deporte-y-convivencia-350-ninas-ninos-y-jovenes-concluyen-el-curso-entre-aves-en-cholula\/#primaryimage"},"image":{"@id":"https:\/\/ferabrajan.com\/portal\/2026\/08\/31\/con-deporte-y-convivencia-350-ninas-ninos-y-jovenes-concluyen-el-curso-entre-aves-en-cholula\/#primaryimage"},"thumbnailUrl":"https:\/\/ferabrajan.com\/portal\/wp-content\/uploads\/2026\/08\/WhatsApp-Image-2026-08-31-at-9.19.14-AM.jpeg","datePublished":"2026-08-31T15:45:36+00:00","breadcrumb":{"@id":"https:\/\/ferabrajan.com\/portal\/2026\/08\/31\/con-deporte-y-convivencia-350-ninas-ninos-y-jovenes-concluyen-el-curso-entre-aves-en-cholula\/#breadcrumb"},"inLanguage":"es","potentialAction":[{"@type":"ReadAction","target":["https:\/\/ferabrajan.com\/portal\/2026\/08\/31\/con-deporte-y-convivencia-350-ninas-ninos-y-jovenes-concluyen-el-curso-entre-aves-en-cholula\/"]}]},{"@type":"ImageObject","inLanguage":"es","@id":"https:\/\/ferabrajan.com\/portal\/2026\/08\/31\/con-deporte-y-convivencia-350-ninas-ninos-y-jovenes-concluyen-el-curso-entre-aves-en-cholula\/#primaryimage","url":"https:\/\/ferabrajan.com\/portal\/wp-content\/uploads\/2026\/08\/WhatsApp-Image-2026-08-31-at-9.19.14-AM.jpeg","contentUrl":"https:\/\/ferabrajan.com\/portal\/wp-content\/uploads\/2026\/08\/WhatsApp-Image-2026-08-31-at-9.19.14-AM.jpeg","width":1545,"height":1032},{"@type":"BreadcrumbList","@id":"https:\/\/ferabrajan.com\/portal\/2026\/08\/31\/con-deporte-y-convivencia-350-ninas-ninos-y-jovenes-concluyen-el-curso-entre-aves-en-cholula\/#breadcrumb","itemListElement":[{"@type":"ListItem","position":1,"name":"Portada","item":"https:\/\/ferabrajan.com\/portal\/"},{"@type":"ListItem","position":2,"name":"Con deporte y convivencia, 350 ni\u00f1as, ni\u00f1os y j\u00f3venes concluyen el curso \u201cEntre Aves\u201d en Cholula"}]},{"@type":"WebSite","@id":"https:\/\/ferabrajan.com\/portal\/#website","url":"https:\/\/ferabrajan.com\/portal\/","name":"Fer Abrajan","description":"Noticias de Puebla, opini\u00f3n y radio en vivo","publisher":{"@id":"https:\/\/ferabrajan.com\/portal\/#organization"},"potentialAction":[{"@type":"SearchAction","target":{"@type":"EntryPoint","urlTemplate":"https:\/\/ferabrajan.com\/portal\/?s={search_term_string}"},"query-input":{"@type":"PropertyValueSpecification","valueRequired":true,"valueName":"search_term_string"}}],"inLanguage":"es"},{"@type":"Organization","@id":"https:\/\/ferabrajan.com\/portal\/#organization","name":"Fer Abrajan","url":"https:\/\/ferabrajan.com\/portal\/","logo":{"@type":"ImageObject","inLanguage":"es","@id":"https:\/\/ferabrajan.com\/portal\/#\/schema\/logo\/image\/","url":"https:\/\/ferabrajan.com\/portal\/wp-content\/uploads\/2024\/10\/cropped-logo.jpeg","contentUrl":"https:\/\/ferabrajan.com\/portal\/wp-content\/uploads\/2024\/10\/cropped-logo.jpeg","width":500,"height":250,"caption":"Fer Abrajan"},"image":{"@id":"https:\/\/ferabrajan.com\/portal\/#\/schema\/logo\/image\/"},"sameAs":["https:\/\/www.facebook.com\/NoticiasconFerAbrajan\/","https:\/\/x.com\/ferabrajan1"]},{"@type":"Person","@id":"https:\/\/ferabrajan.com\/portal\/#\/schema\/person\/83ed4fff5d7e4c8edf481fa39f71acb2","name":"Ismael Rojas","image":{"@type":"ImageObject","inLanguage":"es","@id":"https:\/\/secure.gravatar.com\/avatar\/e4a9cb58548fedeb6143fa536c79b44c34454539235177c55c5819d74963e9d6?s=96&d=mm&r=g","url":"https:\/\/secure.gravatar.com\/avatar\/e4a9cb58548fedeb6143fa536c79b44c34454539235177c55c5819d74963e9d6?s=96&d=mm&r=g","contentUrl":"https:\/\/secure.gravatar.com\/avatar\/e4a9cb58548fedeb6143fa536c79b44c34454539235177c55c5819d74963e9d6?s=96&d=mm&r=g","caption":"Ismael Rojas"},"url":"https:\/\/ferabrajan.com\/portal\/author\/ismael\/"}]}},"_links":{"self":[{"href":"https:\/\/ferabrajan.com\/portal\/wp-json\/wp\/v2\/posts\/84164","targetHints":{"allow":["GET"]}}],"collection":[{"href":"https:\/\/ferabrajan.com\/portal\/wp-json\/wp\/v2\/posts"}],"about":[{"href":"https:\/\/ferabrajan.com\/portal\/wp-json\/wp\/v2\/types\/post"}],"author":[{"embeddable":true,"href":"https:\/\/ferabrajan.com\/portal\/wp-json\/wp\/v2\/users\/4"}],"replies":[{"embeddable":true,"href":"https:\/\/ferabrajan.com\/portal\/wp-json\/wp\/v2\/comments?post=84164"}],"version-history":[{"count":1,"href":"https:\/\/ferabrajan.com\/portal\/wp-json\/wp\/v2\/posts\/84164\/revisions"}],"predecessor-version":[{"id":84166,"href":"https:\/\/ferabrajan.com\/portal\/wp-json\/wp\/v2\/posts\/84164\/revisions\/84166"}],"wp:featuredmedia":[{"embeddable":true,"href":"https:\/\/ferabrajan.com\/portal\/wp-json\/wp\/v2\/media\/84165"}],"wp:attachment":[{"href":"https:\/\/ferabrajan.com\/portal\/wp-json\/wp\/v2\/media?parent=84164"}],"wp:term":[{"taxonomy":"category","embeddable":true,"href":"https:\/\/ferabrajan.com\/portal\/wp-json\/wp\/v2\/categories?post=84164"},{"taxonomy":"post_tag","embeddable":true,"href":"https:\/\/ferabrajan.com\/portal\/wp-json\/wp\/v2\/tags?post=84164"}],"curies":[{"name":"wp","href":"https:\/\/api.w.org\/{rel}","templated":true}]}}