{"id":84161,"date":"2026-08-31T15:43:27","date_gmt":"2026-08-31T15:43:27","guid":{"rendered":"https:\/\/ferabrajan.com\/portal\/?p=84161"},"modified":"2026-08-31T15:43:27","modified_gmt":"2026-08-31T15:43:27","slug":"mas-de-mil-130-policias-refuerzan-la-seguridad-en-puebla-durante-el-regreso-a-clases","status":"publish","type":"post","link":"https:\/\/ferabrajan.com\/portal\/2026\/08\/31\/mas-de-mil-130-policias-refuerzan-la-seguridad-en-puebla-durante-el-regreso-a-clases\/","title":{"rendered":"M\u00e1s de mil 130 polic\u00edas refuerzan la seguridad en Puebla durante el regreso a clases"},"content":{"rendered":"<p class=\"PDq2pG_selectionAnchorContainer\" data-start=\"90\" data-end=\"412\"><strong data-start=\"90\" data-end=\"107\">Puebla, Pue.\u2014<\/strong> Con el objetivo de garantizar un regreso a clases seguro y ordenado, m\u00e1s de <strong data-start=\"184\" data-end=\"214\">mil 130 polic\u00edas estatales<\/strong> participan en el Operativo Regreso a Clases, en coordinaci\u00f3n con autoridades federales y municipales, para fortalecer la prevenci\u00f3n, vigilancia y proximidad social en las zonas escolares de Puebla.<\/p>\n<p data-start=\"414\" data-end=\"686\">El operativo contempla recorridos y vigilancia <strong data-start=\"461\" data-end=\"482\">por tierra y aire<\/strong> en accesos a escuelas, principales vialidades, paraderos de transporte p\u00fablico y puntos de concentraci\u00f3n de estudiantes, docentes y familias, con mayor presencia durante los horarios de entrada y salida.<\/p>\n<p data-start=\"688\" data-end=\"929\">Como parte del despliegue se incorporaron <strong data-start=\"730\" data-end=\"807\">binomios caninos, unidades equinas y un helic\u00f3ptero de la Polic\u00eda Estatal<\/strong>, que realizar\u00e1n labores de supervisi\u00f3n y apoyo en puntos estrat\u00e9gicos para reforzar la seguridad de la comunidad escolar.<\/p>\n<p data-start=\"931\" data-end=\"1205\">Adem\u00e1s, autoridades de los tres \u00f3rdenes de gobierno fortalecer\u00e1n el programa <strong data-start=\"1008\" data-end=\"1030\">\u201cSenderos Seguros\u201d<\/strong>, mediante el cual, junto con instituciones educativas, se identifican las rutas con mayor tr\u00e1nsito peatonal y posibles factores de riesgo para establecer medidas preventivas.<\/p>\n<p data-start=\"1207\" data-end=\"1576\" data-is-last-node=\"\" data-is-only-node=\"\">El Gobierno del Estado exhort\u00f3 a la ciudadan\u00eda a mantenerse atenta durante sus traslados y reportar cualquier situaci\u00f3n de riesgo al <strong data-start=\"1340\" data-end=\"1349\">9-1-1<\/strong>. Estas acciones se realizan con la participaci\u00f3n de la <strong data-start=\"1405\" data-end=\"1479\">Secretar\u00eda de Marina, Defensa, Guardia Nacional y polic\u00edas municipales<\/strong>, para proteger a ni\u00f1as, ni\u00f1os, adolescentes, docentes y familias durante el regreso a las aulas.<\/p>\n","protected":false},"excerpt":{"rendered":"<p>Mediante el programa \u201cSenderos Seguros\u201d se identifican rutas prioritarias y atienden factores de riesgo, en coordinaci\u00f3n con escuelas.<\/p>\n","protected":false},"author":3,"featured_media":84162,"comment_status":"closed","ping_status":"closed","sticky":false,"template":"","format":"standard","meta":{"_monsterinsights_skip_tracking":false,"_uf_show_specific_survey":0,"_uf_disable_surveys":false,"footnotes":""},"categories":[585,34],"tags":[2317,441,5275,1071,3488,2396,5274],"class_list":["post-84161","post","type-post","status-publish","format-standard","has-post-thumbnail","hentry","category-principal","category-puebla","tag-defensa","tag-guardia-nacional","tag-operativo-regreso-a-clases","tag-policia-estatal","tag-policias-municipales","tag-secretaria-de-marina","tag-senderos-seguros"],"yoast_head":"<!-- This site is optimized with the Yoast SEO plugin v27.5 - https:\/\/yoast.com\/product\/yoast-seo-wordpress\/ -->\n<title>M\u00e1s de mil 130 polic\u00edas refuerzan la seguridad en Puebla durante el regreso a clases - Fer Abrajan<\/title>\n<meta name=\"robots\" content=\"index, follow, max-snippet:-1, max-image-preview:large, max-video-preview:-1\" \/>\n<link rel=\"canonical\" href=\"https:\/\/ferabrajan.com\/portal\/2026\/08\/31\/mas-de-mil-130-policias-refuerzan-la-seguridad-en-puebla-durante-el-regreso-a-clases\/\" \/>\n<meta property=\"og:locale\" content=\"es_ES\" \/>\n<meta property=\"og:type\" content=\"article\" \/>\n<meta property=\"og:title\" content=\"M\u00e1s de mil 130 polic\u00edas refuerzan la seguridad en Puebla durante el regreso a clases - Fer Abrajan\" \/>\n<meta property=\"og:description\" content=\"Mediante el programa \u201cSenderos Seguros\u201d se identifican rutas prioritarias y atienden factores de riesgo, en coordinaci\u00f3n con escuelas.\" \/>\n<meta property=\"og:url\" content=\"https:\/\/ferabrajan.com\/portal\/2026\/08\/31\/mas-de-mil-130-policias-refuerzan-la-seguridad-en-puebla-durante-el-regreso-a-clases\/\" \/>\n<meta property=\"og:site_name\" content=\"Fer Abrajan\" \/>\n<meta property=\"article:publisher\" content=\"https:\/\/www.facebook.com\/NoticiasconFerAbrajan\/\" \/>\n<meta property=\"article:published_time\" content=\"2026-08-31T15:43:27+00:00\" \/>\n<meta property=\"og:image\" content=\"https:\/\/ferabrajan.com\/portal\/wp-content\/uploads\/2026\/08\/WhatsApp-Image-2026-08-31-at-9.19.15-AM.jpeg\" \/>\n\t<meta property=\"og:image:width\" content=\"1280\" \/>\n\t<meta property=\"og:image:height\" content=\"720\" \/>\n\t<meta property=\"og:image:type\" content=\"image\/jpeg\" \/>\n<meta name=\"author\" content=\"Rebeca N\u00fa\u00f1ez\" \/>\n<meta name=\"twitter:card\" content=\"summary_large_image\" \/>\n<meta name=\"twitter:creator\" content=\"@ferabrajan1\" \/>\n<meta name=\"twitter:site\" content=\"@ferabrajan1\" \/>\n<meta name=\"twitter:label1\" content=\"Escrito por\" \/>\n\t<meta name=\"twitter:data1\" content=\"Rebeca N\u00fa\u00f1ez\" \/>\n\t<meta name=\"twitter:label2\" content=\"Tiempo de lectura\" \/>\n\t<meta name=\"twitter:data2\" content=\"2 minutos\" \/>\n<script type=\"application\/ld+json\" class=\"yoast-schema-graph\">{\"@context\":\"https:\\\/\\\/schema.org\",\"@graph\":[{\"@type\":\"Article\",\"@id\":\"https:\\\/\\\/ferabrajan.com\\\/portal\\\/2026\\\/08\\\/31\\\/mas-de-mil-130-policias-refuerzan-la-seguridad-en-puebla-durante-el-regreso-a-clases\\\/#article\",\"isPartOf\":{\"@id\":\"https:\\\/\\\/ferabrajan.com\\\/portal\\\/2026\\\/08\\\/31\\\/mas-de-mil-130-policias-refuerzan-la-seguridad-en-puebla-durante-el-regreso-a-clases\\\/\"},\"author\":{\"name\":\"Rebeca N\u00fa\u00f1ez\",\"@id\":\"https:\\\/\\\/ferabrajan.com\\\/portal\\\/#\\\/schema\\\/person\\\/a79364e0091921e733584c4833bc7a50\"},\"headline\":\"M\u00e1s de mil 130 polic\u00edas refuerzan la seguridad en Puebla durante el regreso a clases\",\"datePublished\":\"2026-08-31T15:43:27+00:00\",\"mainEntityOfPage\":{\"@id\":\"https:\\\/\\\/ferabrajan.com\\\/portal\\\/2026\\\/08\\\/31\\\/mas-de-mil-130-policias-refuerzan-la-seguridad-en-puebla-durante-el-regreso-a-clases\\\/\"},\"wordCount\":251,\"publisher\":{\"@id\":\"https:\\\/\\\/ferabrajan.com\\\/portal\\\/#organization\"},\"image\":{\"@id\":\"https:\\\/\\\/ferabrajan.com\\\/portal\\\/2026\\\/08\\\/31\\\/mas-de-mil-130-policias-refuerzan-la-seguridad-en-puebla-durante-el-regreso-a-clases\\\/#primaryimage\"},\"thumbnailUrl\":\"https:\\\/\\\/ferabrajan.com\\\/portal\\\/wp-content\\\/uploads\\\/2026\\\/08\\\/WhatsApp-Image-2026-08-31-at-9.19.15-AM.jpeg\",\"keywords\":[\"DEFENSA\",\"Guardia nacional\",\"Operativo Regreso a Clases\",\"polic\u00eda estatal\",\"Polic\u00edas Municipales\",\"Secretar\u00eda de Marina\",\"Senderos Seguros\"],\"articleSection\":[\"Principal\",\"Puebla\"],\"inLanguage\":\"es\"},{\"@type\":\"WebPage\",\"@id\":\"https:\\\/\\\/ferabrajan.com\\\/portal\\\/2026\\\/08\\\/31\\\/mas-de-mil-130-policias-refuerzan-la-seguridad-en-puebla-durante-el-regreso-a-clases\\\/\",\"url\":\"https:\\\/\\\/ferabrajan.com\\\/portal\\\/2026\\\/08\\\/31\\\/mas-de-mil-130-policias-refuerzan-la-seguridad-en-puebla-durante-el-regreso-a-clases\\\/\",\"name\":\"M\u00e1s de mil 130 polic\u00edas refuerzan la seguridad en Puebla durante el regreso a clases - Fer Abrajan\",\"isPartOf\":{\"@id\":\"https:\\\/\\\/ferabrajan.com\\\/portal\\\/#website\"},\"primaryImageOfPage\":{\"@id\":\"https:\\\/\\\/ferabrajan.com\\\/portal\\\/2026\\\/08\\\/31\\\/mas-de-mil-130-policias-refuerzan-la-seguridad-en-puebla-durante-el-regreso-a-clases\\\/#primaryimage\"},\"image\":{\"@id\":\"https:\\\/\\\/ferabrajan.com\\\/portal\\\/2026\\\/08\\\/31\\\/mas-de-mil-130-policias-refuerzan-la-seguridad-en-puebla-durante-el-regreso-a-clases\\\/#primaryimage\"},\"thumbnailUrl\":\"https:\\\/\\\/ferabrajan.com\\\/portal\\\/wp-content\\\/uploads\\\/2026\\\/08\\\/WhatsApp-Image-2026-08-31-at-9.19.15-AM.jpeg\",\"datePublished\":\"2026-08-31T15:43:27+00:00\",\"breadcrumb\":{\"@id\":\"https:\\\/\\\/ferabrajan.com\\\/portal\\\/2026\\\/08\\\/31\\\/mas-de-mil-130-policias-refuerzan-la-seguridad-en-puebla-durante-el-regreso-a-clases\\\/#breadcrumb\"},\"inLanguage\":\"es\",\"potentialAction\":[{\"@type\":\"ReadAction\",\"target\":[\"https:\\\/\\\/ferabrajan.com\\\/portal\\\/2026\\\/08\\\/31\\\/mas-de-mil-130-policias-refuerzan-la-seguridad-en-puebla-durante-el-regreso-a-clases\\\/\"]}]},{\"@type\":\"ImageObject\",\"inLanguage\":\"es\",\"@id\":\"https:\\\/\\\/ferabrajan.com\\\/portal\\\/2026\\\/08\\\/31\\\/mas-de-mil-130-policias-refuerzan-la-seguridad-en-puebla-durante-el-regreso-a-clases\\\/#primaryimage\",\"url\":\"https:\\\/\\\/ferabrajan.com\\\/portal\\\/wp-content\\\/uploads\\\/2026\\\/08\\\/WhatsApp-Image-2026-08-31-at-9.19.15-AM.jpeg\",\"contentUrl\":\"https:\\\/\\\/ferabrajan.com\\\/portal\\\/wp-content\\\/uploads\\\/2026\\\/08\\\/WhatsApp-Image-2026-08-31-at-9.19.15-AM.jpeg\",\"width\":1280,\"height\":720},{\"@type\":\"BreadcrumbList\",\"@id\":\"https:\\\/\\\/ferabrajan.com\\\/portal\\\/2026\\\/08\\\/31\\\/mas-de-mil-130-policias-refuerzan-la-seguridad-en-puebla-durante-el-regreso-a-clases\\\/#breadcrumb\",\"itemListElement\":[{\"@type\":\"ListItem\",\"position\":1,\"name\":\"Portada\",\"item\":\"https:\\\/\\\/ferabrajan.com\\\/portal\\\/\"},{\"@type\":\"ListItem\",\"position\":2,\"name\":\"M\u00e1s de mil 130 polic\u00edas refuerzan la seguridad en Puebla durante el regreso a clases\"}]},{\"@type\":\"WebSite\",\"@id\":\"https:\\\/\\\/ferabrajan.com\\\/portal\\\/#website\",\"url\":\"https:\\\/\\\/ferabrajan.com\\\/portal\\\/\",\"name\":\"Fer Abrajan\",\"description\":\"Noticias de Puebla, opini\u00f3n y radio en vivo\",\"publisher\":{\"@id\":\"https:\\\/\\\/ferabrajan.com\\\/portal\\\/#organization\"},\"potentialAction\":[{\"@type\":\"SearchAction\",\"target\":{\"@type\":\"EntryPoint\",\"urlTemplate\":\"https:\\\/\\\/ferabrajan.com\\\/portal\\\/?s={search_term_string}\"},\"query-input\":{\"@type\":\"PropertyValueSpecification\",\"valueRequired\":true,\"valueName\":\"search_term_string\"}}],\"inLanguage\":\"es\"},{\"@type\":\"Organization\",\"@id\":\"https:\\\/\\\/ferabrajan.com\\\/portal\\\/#organization\",\"name\":\"Fer Abrajan\",\"url\":\"https:\\\/\\\/ferabrajan.com\\\/portal\\\/\",\"logo\":{\"@type\":\"ImageObject\",\"inLanguage\":\"es\",\"@id\":\"https:\\\/\\\/ferabrajan.com\\\/portal\\\/#\\\/schema\\\/logo\\\/image\\\/\",\"url\":\"https:\\\/\\\/ferabrajan.com\\\/portal\\\/wp-content\\\/uploads\\\/2024\\\/10\\\/cropped-logo.jpeg\",\"contentUrl\":\"https:\\\/\\\/ferabrajan.com\\\/portal\\\/wp-content\\\/uploads\\\/2024\\\/10\\\/cropped-logo.jpeg\",\"width\":500,\"height\":250,\"caption\":\"Fer Abrajan\"},\"image\":{\"@id\":\"https:\\\/\\\/ferabrajan.com\\\/portal\\\/#\\\/schema\\\/logo\\\/image\\\/\"},\"sameAs\":[\"https:\\\/\\\/www.facebook.com\\\/NoticiasconFerAbrajan\\\/\",\"https:\\\/\\\/x.com\\\/ferabrajan1\"]},{\"@type\":\"Person\",\"@id\":\"https:\\\/\\\/ferabrajan.com\\\/portal\\\/#\\\/schema\\\/person\\\/a79364e0091921e733584c4833bc7a50\",\"name\":\"Rebeca N\u00fa\u00f1ez\",\"image\":{\"@type\":\"ImageObject\",\"inLanguage\":\"es\",\"@id\":\"https:\\\/\\\/secure.gravatar.com\\\/avatar\\\/c9cbf721287e849268cd37eca93cf4be51b2eed9e71c8d0c6825bd912000b74e?s=96&d=mm&r=g\",\"url\":\"https:\\\/\\\/secure.gravatar.com\\\/avatar\\\/c9cbf721287e849268cd37eca93cf4be51b2eed9e71c8d0c6825bd912000b74e?s=96&d=mm&r=g\",\"contentUrl\":\"https:\\\/\\\/secure.gravatar.com\\\/avatar\\\/c9cbf721287e849268cd37eca93cf4be51b2eed9e71c8d0c6825bd912000b74e?s=96&d=mm&r=g\",\"caption\":\"Rebeca N\u00fa\u00f1ez\"},\"url\":\"https:\\\/\\\/ferabrajan.com\\\/portal\\\/author\\\/rebeca\\\/\"}]}<\/script>\n<!-- \/ Yoast SEO plugin. -->","yoast_head_json":{"title":"M\u00e1s de mil 130 polic\u00edas refuerzan la seguridad en Puebla durante el regreso a clases - Fer Abrajan","robots":{"index":"index","follow":"follow","max-snippet":"max-snippet:-1","max-image-preview":"max-image-preview:large","max-video-preview":"max-video-preview:-1"},"canonical":"https:\/\/ferabrajan.com\/portal\/2026\/08\/31\/mas-de-mil-130-policias-refuerzan-la-seguridad-en-puebla-durante-el-regreso-a-clases\/","og_locale":"es_ES","og_type":"article","og_title":"M\u00e1s de mil 130 polic\u00edas refuerzan la seguridad en Puebla durante el regreso a clases - Fer Abrajan","og_description":"Mediante el programa \u201cSenderos Seguros\u201d se identifican rutas prioritarias y atienden factores de riesgo, en coordinaci\u00f3n con escuelas.","og_url":"https:\/\/ferabrajan.com\/portal\/2026\/08\/31\/mas-de-mil-130-policias-refuerzan-la-seguridad-en-puebla-durante-el-regreso-a-clases\/","og_site_name":"Fer Abrajan","article_publisher":"https:\/\/www.facebook.com\/NoticiasconFerAbrajan\/","article_published_time":"2026-08-31T15:43:27+00:00","og_image":[{"width":1280,"height":720,"url":"https:\/\/ferabrajan.com\/portal\/wp-content\/uploads\/2026\/08\/WhatsApp-Image-2026-08-31-at-9.19.15-AM.jpeg","type":"image\/jpeg"}],"author":"Rebeca N\u00fa\u00f1ez","twitter_card":"summary_large_image","twitter_creator":"@ferabrajan1","twitter_site":"@ferabrajan1","twitter_misc":{"Escrito por":"Rebeca N\u00fa\u00f1ez","Tiempo de lectura":"2 minutos"},"schema":{"@context":"https:\/\/schema.org","@graph":[{"@type":"Article","@id":"https:\/\/ferabrajan.com\/portal\/2026\/08\/31\/mas-de-mil-130-policias-refuerzan-la-seguridad-en-puebla-durante-el-regreso-a-clases\/#article","isPartOf":{"@id":"https:\/\/ferabrajan.com\/portal\/2026\/08\/31\/mas-de-mil-130-policias-refuerzan-la-seguridad-en-puebla-durante-el-regreso-a-clases\/"},"author":{"name":"Rebeca N\u00fa\u00f1ez","@id":"https:\/\/ferabrajan.com\/portal\/#\/schema\/person\/a79364e0091921e733584c4833bc7a50"},"headline":"M\u00e1s de mil 130 polic\u00edas refuerzan la seguridad en Puebla durante el regreso a clases","datePublished":"2026-08-31T15:43:27+00:00","mainEntityOfPage":{"@id":"https:\/\/ferabrajan.com\/portal\/2026\/08\/31\/mas-de-mil-130-policias-refuerzan-la-seguridad-en-puebla-durante-el-regreso-a-clases\/"},"wordCount":251,"publisher":{"@id":"https:\/\/ferabrajan.com\/portal\/#organization"},"image":{"@id":"https:\/\/ferabrajan.com\/portal\/2026\/08\/31\/mas-de-mil-130-policias-refuerzan-la-seguridad-en-puebla-durante-el-regreso-a-clases\/#primaryimage"},"thumbnailUrl":"https:\/\/ferabrajan.com\/portal\/wp-content\/uploads\/2026\/08\/WhatsApp-Image-2026-08-31-at-9.19.15-AM.jpeg","keywords":["DEFENSA","Guardia nacional","Operativo Regreso a Clases","polic\u00eda estatal","Polic\u00edas Municipales","Secretar\u00eda de Marina","Senderos Seguros"],"articleSection":["Principal","Puebla"],"inLanguage":"es"},{"@type":"WebPage","@id":"https:\/\/ferabrajan.com\/portal\/2026\/08\/31\/mas-de-mil-130-policias-refuerzan-la-seguridad-en-puebla-durante-el-regreso-a-clases\/","url":"https:\/\/ferabrajan.com\/portal\/2026\/08\/31\/mas-de-mil-130-policias-refuerzan-la-seguridad-en-puebla-durante-el-regreso-a-clases\/","name":"M\u00e1s de mil 130 polic\u00edas refuerzan la seguridad en Puebla durante el regreso a clases - Fer Abrajan","isPartOf":{"@id":"https:\/\/ferabrajan.com\/portal\/#website"},"primaryImageOfPage":{"@id":"https:\/\/ferabrajan.com\/portal\/2026\/08\/31\/mas-de-mil-130-policias-refuerzan-la-seguridad-en-puebla-durante-el-regreso-a-clases\/#primaryimage"},"image":{"@id":"https:\/\/ferabrajan.com\/portal\/2026\/08\/31\/mas-de-mil-130-policias-refuerzan-la-seguridad-en-puebla-durante-el-regreso-a-clases\/#primaryimage"},"thumbnailUrl":"https:\/\/ferabrajan.com\/portal\/wp-content\/uploads\/2026\/08\/WhatsApp-Image-2026-08-31-at-9.19.15-AM.jpeg","datePublished":"2026-08-31T15:43:27+00:00","breadcrumb":{"@id":"https:\/\/ferabrajan.com\/portal\/2026\/08\/31\/mas-de-mil-130-policias-refuerzan-la-seguridad-en-puebla-durante-el-regreso-a-clases\/#breadcrumb"},"inLanguage":"es","potentialAction":[{"@type":"ReadAction","target":["https:\/\/ferabrajan.com\/portal\/2026\/08\/31\/mas-de-mil-130-policias-refuerzan-la-seguridad-en-puebla-durante-el-regreso-a-clases\/"]}]},{"@type":"ImageObject","inLanguage":"es","@id":"https:\/\/ferabrajan.com\/portal\/2026\/08\/31\/mas-de-mil-130-policias-refuerzan-la-seguridad-en-puebla-durante-el-regreso-a-clases\/#primaryimage","url":"https:\/\/ferabrajan.com\/portal\/wp-content\/uploads\/2026\/08\/WhatsApp-Image-2026-08-31-at-9.19.15-AM.jpeg","contentUrl":"https:\/\/ferabrajan.com\/portal\/wp-content\/uploads\/2026\/08\/WhatsApp-Image-2026-08-31-at-9.19.15-AM.jpeg","width":1280,"height":720},{"@type":"BreadcrumbList","@id":"https:\/\/ferabrajan.com\/portal\/2026\/08\/31\/mas-de-mil-130-policias-refuerzan-la-seguridad-en-puebla-durante-el-regreso-a-clases\/#breadcrumb","itemListElement":[{"@type":"ListItem","position":1,"name":"Portada","item":"https:\/\/ferabrajan.com\/portal\/"},{"@type":"ListItem","position":2,"name":"M\u00e1s de mil 130 polic\u00edas refuerzan la seguridad en Puebla durante el regreso a clases"}]},{"@type":"WebSite","@id":"https:\/\/ferabrajan.com\/portal\/#website","url":"https:\/\/ferabrajan.com\/portal\/","name":"Fer Abrajan","description":"Noticias de Puebla, opini\u00f3n y radio en vivo","publisher":{"@id":"https:\/\/ferabrajan.com\/portal\/#organization"},"potentialAction":[{"@type":"SearchAction","target":{"@type":"EntryPoint","urlTemplate":"https:\/\/ferabrajan.com\/portal\/?s={search_term_string}"},"query-input":{"@type":"PropertyValueSpecification","valueRequired":true,"valueName":"search_term_string"}}],"inLanguage":"es"},{"@type":"Organization","@id":"https:\/\/ferabrajan.com\/portal\/#organization","name":"Fer Abrajan","url":"https:\/\/ferabrajan.com\/portal\/","logo":{"@type":"ImageObject","inLanguage":"es","@id":"https:\/\/ferabrajan.com\/portal\/#\/schema\/logo\/image\/","url":"https:\/\/ferabrajan.com\/portal\/wp-content\/uploads\/2024\/10\/cropped-logo.jpeg","contentUrl":"https:\/\/ferabrajan.com\/portal\/wp-content\/uploads\/2024\/10\/cropped-logo.jpeg","width":500,"height":250,"caption":"Fer Abrajan"},"image":{"@id":"https:\/\/ferabrajan.com\/portal\/#\/schema\/logo\/image\/"},"sameAs":["https:\/\/www.facebook.com\/NoticiasconFerAbrajan\/","https:\/\/x.com\/ferabrajan1"]},{"@type":"Person","@id":"https:\/\/ferabrajan.com\/portal\/#\/schema\/person\/a79364e0091921e733584c4833bc7a50","name":"Rebeca N\u00fa\u00f1ez","image":{"@type":"ImageObject","inLanguage":"es","@id":"https:\/\/secure.gravatar.com\/avatar\/c9cbf721287e849268cd37eca93cf4be51b2eed9e71c8d0c6825bd912000b74e?s=96&d=mm&r=g","url":"https:\/\/secure.gravatar.com\/avatar\/c9cbf721287e849268cd37eca93cf4be51b2eed9e71c8d0c6825bd912000b74e?s=96&d=mm&r=g","contentUrl":"https:\/\/secure.gravatar.com\/avatar\/c9cbf721287e849268cd37eca93cf4be51b2eed9e71c8d0c6825bd912000b74e?s=96&d=mm&r=g","caption":"Rebeca N\u00fa\u00f1ez"},"url":"https:\/\/ferabrajan.com\/portal\/author\/rebeca\/"}]}},"_links":{"self":[{"href":"https:\/\/ferabrajan.com\/portal\/wp-json\/wp\/v2\/posts\/84161","targetHints":{"allow":["GET"]}}],"collection":[{"href":"https:\/\/ferabrajan.com\/portal\/wp-json\/wp\/v2\/posts"}],"about":[{"href":"https:\/\/ferabrajan.com\/portal\/wp-json\/wp\/v2\/types\/post"}],"author":[{"embeddable":true,"href":"https:\/\/ferabrajan.com\/portal\/wp-json\/wp\/v2\/users\/3"}],"replies":[{"embeddable":true,"href":"https:\/\/ferabrajan.com\/portal\/wp-json\/wp\/v2\/comments?post=84161"}],"version-history":[{"count":1,"href":"https:\/\/ferabrajan.com\/portal\/wp-json\/wp\/v2\/posts\/84161\/revisions"}],"predecessor-version":[{"id":84163,"href":"https:\/\/ferabrajan.com\/portal\/wp-json\/wp\/v2\/posts\/84161\/revisions\/84163"}],"wp:featuredmedia":[{"embeddable":true,"href":"https:\/\/ferabrajan.com\/portal\/wp-json\/wp\/v2\/media\/84162"}],"wp:attachment":[{"href":"https:\/\/ferabrajan.com\/portal\/wp-json\/wp\/v2\/media?parent=84161"}],"wp:term":[{"taxonomy":"category","embeddable":true,"href":"https:\/\/ferabrajan.com\/portal\/wp-json\/wp\/v2\/categories?post=84161"},{"taxonomy":"post_tag","embeddable":true,"href":"https:\/\/ferabrajan.com\/portal\/wp-json\/wp\/v2\/tags?post=84161"}],"curies":[{"name":"wp","href":"https:\/\/api.w.org\/{rel}","templated":true}]}}