{"id":83312,"date":"2026-07-17T14:49:06","date_gmt":"2026-07-17T14:49:06","guid":{"rendered":"https:\/\/ferabrajan.com\/portal\/?p=83312"},"modified":"2026-07-17T14:49:06","modified_gmt":"2026-07-17T14:49:06","slug":"feminicidios-caen-66-7-en-puebla-durante-el-primer-semestre-de-2026","status":"publish","type":"post","link":"https:\/\/ferabrajan.com\/portal\/2026\/07\/17\/feminicidios-caen-66-7-en-puebla-durante-el-primer-semestre-de-2026\/","title":{"rendered":"Feminicidios caen 66.7% en Puebla durante el primer semestre de 2026"},"content":{"rendered":"<p class=\"PDq2pG_selectionAnchorContainer\" data-start=\"78\" data-end=\"372\"><strong data-start=\"78\" data-end=\"100\">Ciudad de M\u00e9xico.-<\/strong> Los casos de <strong data-start=\"114\" data-end=\"168\">feminicidio en Puebla disminuyeron 66.7 por ciento<\/strong> durante el primer semestre de 2026, en comparaci\u00f3n con el mismo periodo del a\u00f1o anterior, inform\u00f3 la Fiscal\u00eda General del Estado (FGE) al presentar un balance de los principales indicadores de seguridad.<\/p>\n<p data-start=\"374\" data-end=\"642\">De acuerdo con la fiscal general, <strong data-start=\"408\" data-end=\"436\">Idamis Pastor Betancourt<\/strong>, la reducci\u00f3n forma parte de una tendencia que tambi\u00e9n incluye otros delitos de alto impacto, como el secuestro (-61.5%), la extorsi\u00f3n (-30.5%), el robo de veh\u00edculo (-25.2%) y el homicidio doloso (-21.5%).<\/p>\n<p data-start=\"644\" data-end=\"950\">Durante la presentaci\u00f3n de los resultados, el gobernador <strong data-start=\"701\" data-end=\"722\">Alejandro Armenta<\/strong> se\u00f1al\u00f3 que la estrategia estatal para atender la violencia contra las mujeres se fortalece mediante las <strong data-start=\"827\" data-end=\"850\">Casas Carmen Serd\u00e1n<\/strong>, espacios donde se brinda atenci\u00f3n jur\u00eddica, psicol\u00f3gica y acompa\u00f1amiento especializado a v\u00edctimas.<\/p>\n<p data-start=\"952\" data-end=\"1186\">La fiscal explic\u00f3 que la descentralizaci\u00f3n de los servicios y la operaci\u00f3n de estos centros han permitido acercar la atenci\u00f3n a las mujeres, facilitar la presentaci\u00f3n de denuncias e impulsar investigaciones contra presuntos agresores.<\/p>\n<p data-start=\"1188\" data-end=\"1524\" data-is-last-node=\"\" data-is-only-node=\"\">El informe tambi\u00e9n reporta reducciones en otros delitos, entre ellos el robo de mercanc\u00eda (-35.6%), la privaci\u00f3n ilegal de la libertad (-27.3%), la desaparici\u00f3n de personas (-12.8%) y el robo a comercio (-9.3%), resultados que las autoridades atribuyeron a la coordinaci\u00f3n entre las instituciones de seguridad y procuraci\u00f3n de justicia.<\/p>\n<p data-start=\"1188\" data-end=\"1524\" data-is-last-node=\"\" data-is-only-node=\"\"><iframe src=\"\/\/www.youtube.com\/embed\/hojfrt519HA?si=KN0JT9_XwP7NDATE\" width=\"560\" height=\"314\" allowfullscreen=\"allowfullscreen\"><\/iframe><\/p>\n","protected":false},"excerpt":{"rendered":"<p>-La coordinaci\u00f3n con la Fiscal\u00eda General del Estado consolida resultados con reducciones en delitos de alto impacto durante el primer semestre de 2026.<\/p>\n","protected":false},"author":4,"featured_media":83313,"comment_status":"closed","ping_status":"closed","sticky":false,"template":"","format":"standard","meta":{"_monsterinsights_skip_tracking":false,"_uf_show_specific_survey":0,"_uf_disable_surveys":false,"footnotes":""},"categories":[34,3434],"tags":[103,238,3338],"class_list":["post-83312","post","type-post","status-publish","format-standard","has-post-thumbnail","hentry","category-puebla","category-puebla-3","tag-feminicidio","tag-fge","tag-idamis-pastor-betancourt"],"yoast_head":"<!-- This site is optimized with the Yoast SEO plugin v27.5 - https:\/\/yoast.com\/product\/yoast-seo-wordpress\/ -->\n<title>Feminicidios caen 66.7% en Puebla durante el primer semestre de 2026 - Fer Abrajan<\/title>\n<meta name=\"robots\" content=\"index, follow, max-snippet:-1, max-image-preview:large, max-video-preview:-1\" \/>\n<link rel=\"canonical\" href=\"https:\/\/ferabrajan.com\/portal\/2026\/07\/17\/feminicidios-caen-66-7-en-puebla-durante-el-primer-semestre-de-2026\/\" \/>\n<meta property=\"og:locale\" content=\"es_ES\" \/>\n<meta property=\"og:type\" content=\"article\" \/>\n<meta property=\"og:title\" content=\"Feminicidios caen 66.7% en Puebla durante el primer semestre de 2026 - Fer Abrajan\" \/>\n<meta property=\"og:description\" content=\"-La coordinaci\u00f3n con la Fiscal\u00eda General del Estado consolida resultados con reducciones en delitos de alto impacto durante el primer semestre de 2026.\" \/>\n<meta property=\"og:url\" content=\"https:\/\/ferabrajan.com\/portal\/2026\/07\/17\/feminicidios-caen-66-7-en-puebla-durante-el-primer-semestre-de-2026\/\" \/>\n<meta property=\"og:site_name\" content=\"Fer Abrajan\" \/>\n<meta property=\"article:publisher\" content=\"https:\/\/www.facebook.com\/NoticiasconFerAbrajan\/\" \/>\n<meta property=\"article:published_time\" content=\"2026-07-17T14:49:06+00:00\" \/>\n<meta property=\"og:image\" content=\"https:\/\/ferabrajan.com\/portal\/wp-content\/uploads\/2026\/07\/feminicidios_1.jpeg\" \/>\n\t<meta property=\"og:image:width\" content=\"1280\" \/>\n\t<meta property=\"og:image:height\" content=\"853\" \/>\n\t<meta property=\"og:image:type\" content=\"image\/jpeg\" \/>\n<meta name=\"author\" content=\"Ismael Rojas\" \/>\n<meta name=\"twitter:card\" content=\"summary_large_image\" \/>\n<meta name=\"twitter:creator\" content=\"@ferabrajan1\" \/>\n<meta name=\"twitter:site\" content=\"@ferabrajan1\" \/>\n<meta name=\"twitter:label1\" content=\"Escrito por\" \/>\n\t<meta name=\"twitter:data1\" content=\"Ismael Rojas\" \/>\n\t<meta name=\"twitter:label2\" content=\"Tiempo de lectura\" \/>\n\t<meta name=\"twitter:data2\" content=\"2 minutos\" \/>\n<script type=\"application\/ld+json\" class=\"yoast-schema-graph\">{\"@context\":\"https:\\\/\\\/schema.org\",\"@graph\":[{\"@type\":\"Article\",\"@id\":\"https:\\\/\\\/ferabrajan.com\\\/portal\\\/2026\\\/07\\\/17\\\/feminicidios-caen-66-7-en-puebla-durante-el-primer-semestre-de-2026\\\/#article\",\"isPartOf\":{\"@id\":\"https:\\\/\\\/ferabrajan.com\\\/portal\\\/2026\\\/07\\\/17\\\/feminicidios-caen-66-7-en-puebla-durante-el-primer-semestre-de-2026\\\/\"},\"author\":{\"name\":\"Ismael Rojas\",\"@id\":\"https:\\\/\\\/ferabrajan.com\\\/portal\\\/#\\\/schema\\\/person\\\/83ed4fff5d7e4c8edf481fa39f71acb2\"},\"headline\":\"Feminicidios caen 66.7% en Puebla durante el primer semestre de 2026\",\"datePublished\":\"2026-07-17T14:49:06+00:00\",\"mainEntityOfPage\":{\"@id\":\"https:\\\/\\\/ferabrajan.com\\\/portal\\\/2026\\\/07\\\/17\\\/feminicidios-caen-66-7-en-puebla-durante-el-primer-semestre-de-2026\\\/\"},\"wordCount\":245,\"publisher\":{\"@id\":\"https:\\\/\\\/ferabrajan.com\\\/portal\\\/#organization\"},\"image\":{\"@id\":\"https:\\\/\\\/ferabrajan.com\\\/portal\\\/2026\\\/07\\\/17\\\/feminicidios-caen-66-7-en-puebla-durante-el-primer-semestre-de-2026\\\/#primaryimage\"},\"thumbnailUrl\":\"https:\\\/\\\/ferabrajan.com\\\/portal\\\/wp-content\\\/uploads\\\/2026\\\/07\\\/feminicidios_1.jpeg\",\"keywords\":[\"Feminicidio\",\"FGE\",\"Idamis Pastor Betancourt\"],\"articleSection\":[\"Puebla\",\"Puebla-\"],\"inLanguage\":\"es\"},{\"@type\":\"WebPage\",\"@id\":\"https:\\\/\\\/ferabrajan.com\\\/portal\\\/2026\\\/07\\\/17\\\/feminicidios-caen-66-7-en-puebla-durante-el-primer-semestre-de-2026\\\/\",\"url\":\"https:\\\/\\\/ferabrajan.com\\\/portal\\\/2026\\\/07\\\/17\\\/feminicidios-caen-66-7-en-puebla-durante-el-primer-semestre-de-2026\\\/\",\"name\":\"Feminicidios caen 66.7% en Puebla durante el primer semestre de 2026 - Fer Abrajan\",\"isPartOf\":{\"@id\":\"https:\\\/\\\/ferabrajan.com\\\/portal\\\/#website\"},\"primaryImageOfPage\":{\"@id\":\"https:\\\/\\\/ferabrajan.com\\\/portal\\\/2026\\\/07\\\/17\\\/feminicidios-caen-66-7-en-puebla-durante-el-primer-semestre-de-2026\\\/#primaryimage\"},\"image\":{\"@id\":\"https:\\\/\\\/ferabrajan.com\\\/portal\\\/2026\\\/07\\\/17\\\/feminicidios-caen-66-7-en-puebla-durante-el-primer-semestre-de-2026\\\/#primaryimage\"},\"thumbnailUrl\":\"https:\\\/\\\/ferabrajan.com\\\/portal\\\/wp-content\\\/uploads\\\/2026\\\/07\\\/feminicidios_1.jpeg\",\"datePublished\":\"2026-07-17T14:49:06+00:00\",\"breadcrumb\":{\"@id\":\"https:\\\/\\\/ferabrajan.com\\\/portal\\\/2026\\\/07\\\/17\\\/feminicidios-caen-66-7-en-puebla-durante-el-primer-semestre-de-2026\\\/#breadcrumb\"},\"inLanguage\":\"es\",\"potentialAction\":[{\"@type\":\"ReadAction\",\"target\":[\"https:\\\/\\\/ferabrajan.com\\\/portal\\\/2026\\\/07\\\/17\\\/feminicidios-caen-66-7-en-puebla-durante-el-primer-semestre-de-2026\\\/\"]}]},{\"@type\":\"ImageObject\",\"inLanguage\":\"es\",\"@id\":\"https:\\\/\\\/ferabrajan.com\\\/portal\\\/2026\\\/07\\\/17\\\/feminicidios-caen-66-7-en-puebla-durante-el-primer-semestre-de-2026\\\/#primaryimage\",\"url\":\"https:\\\/\\\/ferabrajan.com\\\/portal\\\/wp-content\\\/uploads\\\/2026\\\/07\\\/feminicidios_1.jpeg\",\"contentUrl\":\"https:\\\/\\\/ferabrajan.com\\\/portal\\\/wp-content\\\/uploads\\\/2026\\\/07\\\/feminicidios_1.jpeg\",\"width\":1280,\"height\":853},{\"@type\":\"BreadcrumbList\",\"@id\":\"https:\\\/\\\/ferabrajan.com\\\/portal\\\/2026\\\/07\\\/17\\\/feminicidios-caen-66-7-en-puebla-durante-el-primer-semestre-de-2026\\\/#breadcrumb\",\"itemListElement\":[{\"@type\":\"ListItem\",\"position\":1,\"name\":\"Portada\",\"item\":\"https:\\\/\\\/ferabrajan.com\\\/portal\\\/\"},{\"@type\":\"ListItem\",\"position\":2,\"name\":\"Feminicidios caen 66.7% en Puebla durante el primer semestre de 2026\"}]},{\"@type\":\"WebSite\",\"@id\":\"https:\\\/\\\/ferabrajan.com\\\/portal\\\/#website\",\"url\":\"https:\\\/\\\/ferabrajan.com\\\/portal\\\/\",\"name\":\"Fer Abrajan\",\"description\":\"Noticias de Puebla, opini\u00f3n y radio en vivo\",\"publisher\":{\"@id\":\"https:\\\/\\\/ferabrajan.com\\\/portal\\\/#organization\"},\"potentialAction\":[{\"@type\":\"SearchAction\",\"target\":{\"@type\":\"EntryPoint\",\"urlTemplate\":\"https:\\\/\\\/ferabrajan.com\\\/portal\\\/?s={search_term_string}\"},\"query-input\":{\"@type\":\"PropertyValueSpecification\",\"valueRequired\":true,\"valueName\":\"search_term_string\"}}],\"inLanguage\":\"es\"},{\"@type\":\"Organization\",\"@id\":\"https:\\\/\\\/ferabrajan.com\\\/portal\\\/#organization\",\"name\":\"Fer Abrajan\",\"url\":\"https:\\\/\\\/ferabrajan.com\\\/portal\\\/\",\"logo\":{\"@type\":\"ImageObject\",\"inLanguage\":\"es\",\"@id\":\"https:\\\/\\\/ferabrajan.com\\\/portal\\\/#\\\/schema\\\/logo\\\/image\\\/\",\"url\":\"https:\\\/\\\/ferabrajan.com\\\/portal\\\/wp-content\\\/uploads\\\/2024\\\/10\\\/cropped-logo.jpeg\",\"contentUrl\":\"https:\\\/\\\/ferabrajan.com\\\/portal\\\/wp-content\\\/uploads\\\/2024\\\/10\\\/cropped-logo.jpeg\",\"width\":500,\"height\":250,\"caption\":\"Fer Abrajan\"},\"image\":{\"@id\":\"https:\\\/\\\/ferabrajan.com\\\/portal\\\/#\\\/schema\\\/logo\\\/image\\\/\"},\"sameAs\":[\"https:\\\/\\\/www.facebook.com\\\/NoticiasconFerAbrajan\\\/\",\"https:\\\/\\\/x.com\\\/ferabrajan1\"]},{\"@type\":\"Person\",\"@id\":\"https:\\\/\\\/ferabrajan.com\\\/portal\\\/#\\\/schema\\\/person\\\/83ed4fff5d7e4c8edf481fa39f71acb2\",\"name\":\"Ismael Rojas\",\"image\":{\"@type\":\"ImageObject\",\"inLanguage\":\"es\",\"@id\":\"https:\\\/\\\/secure.gravatar.com\\\/avatar\\\/e4a9cb58548fedeb6143fa536c79b44c34454539235177c55c5819d74963e9d6?s=96&d=mm&r=g\",\"url\":\"https:\\\/\\\/secure.gravatar.com\\\/avatar\\\/e4a9cb58548fedeb6143fa536c79b44c34454539235177c55c5819d74963e9d6?s=96&d=mm&r=g\",\"contentUrl\":\"https:\\\/\\\/secure.gravatar.com\\\/avatar\\\/e4a9cb58548fedeb6143fa536c79b44c34454539235177c55c5819d74963e9d6?s=96&d=mm&r=g\",\"caption\":\"Ismael Rojas\"},\"url\":\"https:\\\/\\\/ferabrajan.com\\\/portal\\\/author\\\/ismael\\\/\"}]}<\/script>\n<!-- \/ Yoast SEO plugin. -->","yoast_head_json":{"title":"Feminicidios caen 66.7% en Puebla durante el primer semestre de 2026 - Fer Abrajan","robots":{"index":"index","follow":"follow","max-snippet":"max-snippet:-1","max-image-preview":"max-image-preview:large","max-video-preview":"max-video-preview:-1"},"canonical":"https:\/\/ferabrajan.com\/portal\/2026\/07\/17\/feminicidios-caen-66-7-en-puebla-durante-el-primer-semestre-de-2026\/","og_locale":"es_ES","og_type":"article","og_title":"Feminicidios caen 66.7% en Puebla durante el primer semestre de 2026 - Fer Abrajan","og_description":"-La coordinaci\u00f3n con la Fiscal\u00eda General del Estado consolida resultados con reducciones en delitos de alto impacto durante el primer semestre de 2026.","og_url":"https:\/\/ferabrajan.com\/portal\/2026\/07\/17\/feminicidios-caen-66-7-en-puebla-durante-el-primer-semestre-de-2026\/","og_site_name":"Fer Abrajan","article_publisher":"https:\/\/www.facebook.com\/NoticiasconFerAbrajan\/","article_published_time":"2026-07-17T14:49:06+00:00","og_image":[{"width":1280,"height":853,"url":"https:\/\/ferabrajan.com\/portal\/wp-content\/uploads\/2026\/07\/feminicidios_1.jpeg","type":"image\/jpeg"}],"author":"Ismael Rojas","twitter_card":"summary_large_image","twitter_creator":"@ferabrajan1","twitter_site":"@ferabrajan1","twitter_misc":{"Escrito por":"Ismael Rojas","Tiempo de lectura":"2 minutos"},"schema":{"@context":"https:\/\/schema.org","@graph":[{"@type":"Article","@id":"https:\/\/ferabrajan.com\/portal\/2026\/07\/17\/feminicidios-caen-66-7-en-puebla-durante-el-primer-semestre-de-2026\/#article","isPartOf":{"@id":"https:\/\/ferabrajan.com\/portal\/2026\/07\/17\/feminicidios-caen-66-7-en-puebla-durante-el-primer-semestre-de-2026\/"},"author":{"name":"Ismael Rojas","@id":"https:\/\/ferabrajan.com\/portal\/#\/schema\/person\/83ed4fff5d7e4c8edf481fa39f71acb2"},"headline":"Feminicidios caen 66.7% en Puebla durante el primer semestre de 2026","datePublished":"2026-07-17T14:49:06+00:00","mainEntityOfPage":{"@id":"https:\/\/ferabrajan.com\/portal\/2026\/07\/17\/feminicidios-caen-66-7-en-puebla-durante-el-primer-semestre-de-2026\/"},"wordCount":245,"publisher":{"@id":"https:\/\/ferabrajan.com\/portal\/#organization"},"image":{"@id":"https:\/\/ferabrajan.com\/portal\/2026\/07\/17\/feminicidios-caen-66-7-en-puebla-durante-el-primer-semestre-de-2026\/#primaryimage"},"thumbnailUrl":"https:\/\/ferabrajan.com\/portal\/wp-content\/uploads\/2026\/07\/feminicidios_1.jpeg","keywords":["Feminicidio","FGE","Idamis Pastor Betancourt"],"articleSection":["Puebla","Puebla-"],"inLanguage":"es"},{"@type":"WebPage","@id":"https:\/\/ferabrajan.com\/portal\/2026\/07\/17\/feminicidios-caen-66-7-en-puebla-durante-el-primer-semestre-de-2026\/","url":"https:\/\/ferabrajan.com\/portal\/2026\/07\/17\/feminicidios-caen-66-7-en-puebla-durante-el-primer-semestre-de-2026\/","name":"Feminicidios caen 66.7% en Puebla durante el primer semestre de 2026 - Fer Abrajan","isPartOf":{"@id":"https:\/\/ferabrajan.com\/portal\/#website"},"primaryImageOfPage":{"@id":"https:\/\/ferabrajan.com\/portal\/2026\/07\/17\/feminicidios-caen-66-7-en-puebla-durante-el-primer-semestre-de-2026\/#primaryimage"},"image":{"@id":"https:\/\/ferabrajan.com\/portal\/2026\/07\/17\/feminicidios-caen-66-7-en-puebla-durante-el-primer-semestre-de-2026\/#primaryimage"},"thumbnailUrl":"https:\/\/ferabrajan.com\/portal\/wp-content\/uploads\/2026\/07\/feminicidios_1.jpeg","datePublished":"2026-07-17T14:49:06+00:00","breadcrumb":{"@id":"https:\/\/ferabrajan.com\/portal\/2026\/07\/17\/feminicidios-caen-66-7-en-puebla-durante-el-primer-semestre-de-2026\/#breadcrumb"},"inLanguage":"es","potentialAction":[{"@type":"ReadAction","target":["https:\/\/ferabrajan.com\/portal\/2026\/07\/17\/feminicidios-caen-66-7-en-puebla-durante-el-primer-semestre-de-2026\/"]}]},{"@type":"ImageObject","inLanguage":"es","@id":"https:\/\/ferabrajan.com\/portal\/2026\/07\/17\/feminicidios-caen-66-7-en-puebla-durante-el-primer-semestre-de-2026\/#primaryimage","url":"https:\/\/ferabrajan.com\/portal\/wp-content\/uploads\/2026\/07\/feminicidios_1.jpeg","contentUrl":"https:\/\/ferabrajan.com\/portal\/wp-content\/uploads\/2026\/07\/feminicidios_1.jpeg","width":1280,"height":853},{"@type":"BreadcrumbList","@id":"https:\/\/ferabrajan.com\/portal\/2026\/07\/17\/feminicidios-caen-66-7-en-puebla-durante-el-primer-semestre-de-2026\/#breadcrumb","itemListElement":[{"@type":"ListItem","position":1,"name":"Portada","item":"https:\/\/ferabrajan.com\/portal\/"},{"@type":"ListItem","position":2,"name":"Feminicidios caen 66.7% en Puebla durante el primer semestre de 2026"}]},{"@type":"WebSite","@id":"https:\/\/ferabrajan.com\/portal\/#website","url":"https:\/\/ferabrajan.com\/portal\/","name":"Fer Abrajan","description":"Noticias de Puebla, opini\u00f3n y radio en vivo","publisher":{"@id":"https:\/\/ferabrajan.com\/portal\/#organization"},"potentialAction":[{"@type":"SearchAction","target":{"@type":"EntryPoint","urlTemplate":"https:\/\/ferabrajan.com\/portal\/?s={search_term_string}"},"query-input":{"@type":"PropertyValueSpecification","valueRequired":true,"valueName":"search_term_string"}}],"inLanguage":"es"},{"@type":"Organization","@id":"https:\/\/ferabrajan.com\/portal\/#organization","name":"Fer Abrajan","url":"https:\/\/ferabrajan.com\/portal\/","logo":{"@type":"ImageObject","inLanguage":"es","@id":"https:\/\/ferabrajan.com\/portal\/#\/schema\/logo\/image\/","url":"https:\/\/ferabrajan.com\/portal\/wp-content\/uploads\/2024\/10\/cropped-logo.jpeg","contentUrl":"https:\/\/ferabrajan.com\/portal\/wp-content\/uploads\/2024\/10\/cropped-logo.jpeg","width":500,"height":250,"caption":"Fer Abrajan"},"image":{"@id":"https:\/\/ferabrajan.com\/portal\/#\/schema\/logo\/image\/"},"sameAs":["https:\/\/www.facebook.com\/NoticiasconFerAbrajan\/","https:\/\/x.com\/ferabrajan1"]},{"@type":"Person","@id":"https:\/\/ferabrajan.com\/portal\/#\/schema\/person\/83ed4fff5d7e4c8edf481fa39f71acb2","name":"Ismael Rojas","image":{"@type":"ImageObject","inLanguage":"es","@id":"https:\/\/secure.gravatar.com\/avatar\/e4a9cb58548fedeb6143fa536c79b44c34454539235177c55c5819d74963e9d6?s=96&d=mm&r=g","url":"https:\/\/secure.gravatar.com\/avatar\/e4a9cb58548fedeb6143fa536c79b44c34454539235177c55c5819d74963e9d6?s=96&d=mm&r=g","contentUrl":"https:\/\/secure.gravatar.com\/avatar\/e4a9cb58548fedeb6143fa536c79b44c34454539235177c55c5819d74963e9d6?s=96&d=mm&r=g","caption":"Ismael Rojas"},"url":"https:\/\/ferabrajan.com\/portal\/author\/ismael\/"}]}},"_links":{"self":[{"href":"https:\/\/ferabrajan.com\/portal\/wp-json\/wp\/v2\/posts\/83312","targetHints":{"allow":["GET"]}}],"collection":[{"href":"https:\/\/ferabrajan.com\/portal\/wp-json\/wp\/v2\/posts"}],"about":[{"href":"https:\/\/ferabrajan.com\/portal\/wp-json\/wp\/v2\/types\/post"}],"author":[{"embeddable":true,"href":"https:\/\/ferabrajan.com\/portal\/wp-json\/wp\/v2\/users\/4"}],"replies":[{"embeddable":true,"href":"https:\/\/ferabrajan.com\/portal\/wp-json\/wp\/v2\/comments?post=83312"}],"version-history":[{"count":1,"href":"https:\/\/ferabrajan.com\/portal\/wp-json\/wp\/v2\/posts\/83312\/revisions"}],"predecessor-version":[{"id":83314,"href":"https:\/\/ferabrajan.com\/portal\/wp-json\/wp\/v2\/posts\/83312\/revisions\/83314"}],"wp:featuredmedia":[{"embeddable":true,"href":"https:\/\/ferabrajan.com\/portal\/wp-json\/wp\/v2\/media\/83313"}],"wp:attachment":[{"href":"https:\/\/ferabrajan.com\/portal\/wp-json\/wp\/v2\/media?parent=83312"}],"wp:term":[{"taxonomy":"category","embeddable":true,"href":"https:\/\/ferabrajan.com\/portal\/wp-json\/wp\/v2\/categories?post=83312"},{"taxonomy":"post_tag","embeddable":true,"href":"https:\/\/ferabrajan.com\/portal\/wp-json\/wp\/v2\/tags?post=83312"}],"curies":[{"name":"wp","href":"https:\/\/api.w.org\/{rel}","templated":true}]}}