{"id":83306,"date":"2026-07-17T14:40:13","date_gmt":"2026-07-17T14:40:13","guid":{"rendered":"https:\/\/ferabrajan.com\/portal\/?p=83306"},"modified":"2026-07-17T14:40:13","modified_gmt":"2026-07-17T14:40:13","slug":"vacaciones-de-verano-arrancan-con-operativo-de-seguridad-en-todo-puebla","status":"publish","type":"post","link":"https:\/\/ferabrajan.com\/portal\/2026\/07\/17\/vacaciones-de-verano-arrancan-con-operativo-de-seguridad-en-todo-puebla\/","title":{"rendered":"Vacaciones de verano arrancan con operativo de seguridad en todo Puebla"},"content":{"rendered":"<p class=\"PDq2pG_selectionAnchorContainer\" data-start=\"608\" data-end=\"951\"><strong data-start=\"608\" data-end=\"625\">Puebla, Pue.-<\/strong> M\u00e1s de <strong data-start=\"633\" data-end=\"652\">2 mil elementos<\/strong> de corporaciones federales, estatales y municipales participar\u00e1n en el operativo <strong data-start=\"734\" data-end=\"773\">\u00abVacaciones Seguras de Verano 2026\u00bb<\/strong>, con el que se reforzar\u00e1 la vigilancia en carreteras, centros tur\u00edsticos, terminales de autobuses, balnearios, Pueblos M\u00e1gicos y zonas comerciales durante el periodo vacacional.<\/p>\n<p data-start=\"953\" data-end=\"1201\">El dispositivo incluye patrullajes terrestres, sobrevuelos de dos helic\u00f3pteros y monitoreo permanente mediante las c\u00e1maras del <strong data-start=\"1080\" data-end=\"1087\">C5i<\/strong> y torres m\u00f3viles de videovigilancia, con el objetivo de prevenir delitos y atender emergencias de forma oportuna.<\/p>\n<p data-start=\"1203\" data-end=\"1518\">Las autoridades tambi\u00e9n llamaron a la poblaci\u00f3n a extremar precauciones antes de salir de viaje, como verificar el cierre de puertas y ventanas, desconectar aparatos el\u00e9ctricos, cerrar el suministro de gas y agua, adem\u00e1s de respetar los l\u00edmites de velocidad y evitar el uso del tel\u00e9fono celular mientras se conduce.<\/p>\n<p data-start=\"1520\" data-end=\"1781\">El operativo ser\u00e1 coordinado por la <strong data-start=\"1556\" data-end=\"1649\">Marina, Defensa, Guardia Nacional, Secretar\u00eda de Seguridad P\u00fablica y polic\u00edas municipales<\/strong>, quienes mantendr\u00e1n presencia en los principales puntos tur\u00edsticos y de mayor afluencia del estado durante la temporada vacacional.<\/p>\n","protected":false},"excerpt":{"rendered":"<p>Puebla, Pue.- M\u00e1s de 2 mil elementos de corporaciones federales, estatales y municipales participar\u00e1n en el operativo \u00abVacaciones Seguras de Verano 2026\u00bb, con el que se reforzar\u00e1 la vigilancia en carreteras, centros tur\u00edsticos, terminales de autobuses, balnearios, Pueblos M\u00e1gicos y zonas comerciales durante el periodo vacacional. El dispositivo incluye patrullajes terrestres, sobrevuelos de dos helic\u00f3pteros y monitoreo permanente mediante las c\u00e1maras del C5i y torres m\u00f3viles de videovigilancia, con el objetivo de prevenir delitos y atender emergencias de forma oportuna. Las autoridades tambi\u00e9n llamaron a la poblaci\u00f3n a extremar precauciones antes de salir de viaje, como verificar el cierre de puertas y ventanas, desconectar aparatos el\u00e9ctricos, cerrar el suministro de gas y agua, adem\u00e1s de respetar los l\u00edmites de velocidad y evitar el uso del tel\u00e9fono celular mientras se conduce. El operativo ser\u00e1 coordinado por la Marina, Defensa, Guardia Nacional, Secretar\u00eda de Seguridad P\u00fablica y polic\u00edas municipales, quienes mantendr\u00e1n presencia en los principales puntos tur\u00edsticos y de mayor afluencia del estado durante la temporada vacacional.<\/p>\n","protected":false},"author":3,"featured_media":83307,"comment_status":"closed","ping_status":"closed","sticky":false,"template":"","format":"standard","meta":{"_monsterinsights_skip_tracking":false,"_uf_show_specific_survey":0,"_uf_disable_surveys":false,"footnotes":""},"categories":[585,34],"tags":[4958,991,1603],"class_list":["post-83306","post","type-post","status-publish","format-standard","has-post-thumbnail","hentry","category-principal","category-puebla","tag-operativo-seguridad","tag-vacaciones","tag-verano"],"yoast_head":"<!-- This site is optimized with the Yoast SEO plugin v27.5 - https:\/\/yoast.com\/product\/yoast-seo-wordpress\/ -->\n<title>Vacaciones de verano arrancan con operativo de seguridad en todo Puebla - Fer Abrajan<\/title>\n<meta name=\"robots\" content=\"index, follow, max-snippet:-1, max-image-preview:large, max-video-preview:-1\" \/>\n<link rel=\"canonical\" href=\"https:\/\/ferabrajan.com\/portal\/2026\/07\/17\/vacaciones-de-verano-arrancan-con-operativo-de-seguridad-en-todo-puebla\/\" \/>\n<meta property=\"og:locale\" content=\"es_ES\" \/>\n<meta property=\"og:type\" content=\"article\" \/>\n<meta property=\"og:title\" content=\"Vacaciones de verano arrancan con operativo de seguridad en todo Puebla - Fer Abrajan\" \/>\n<meta property=\"og:description\" content=\"Puebla, Pue.- M\u00e1s de 2 mil elementos de corporaciones federales, estatales y municipales participar\u00e1n en el operativo \u00abVacaciones Seguras de Verano 2026\u00bb, con el que se reforzar\u00e1 la vigilancia en carreteras, centros tur\u00edsticos, terminales de autobuses, balnearios, Pueblos M\u00e1gicos y zonas comerciales durante el periodo vacacional. El dispositivo incluye patrullajes terrestres, sobrevuelos de dos helic\u00f3pteros y monitoreo permanente mediante las c\u00e1maras del C5i y torres m\u00f3viles de videovigilancia, con el objetivo de prevenir delitos y atender emergencias de forma oportuna. Las autoridades tambi\u00e9n llamaron a la poblaci\u00f3n a extremar precauciones antes de salir de viaje, como verificar el cierre de puertas y ventanas, desconectar aparatos el\u00e9ctricos, cerrar el suministro de gas y agua, adem\u00e1s de respetar los l\u00edmites de velocidad y evitar el uso del tel\u00e9fono celular mientras se conduce. El operativo ser\u00e1 coordinado por la Marina, Defensa, Guardia Nacional, Secretar\u00eda de Seguridad P\u00fablica y polic\u00edas municipales, quienes mantendr\u00e1n presencia en los principales puntos tur\u00edsticos y de mayor afluencia del estado durante la temporada vacacional.\" \/>\n<meta property=\"og:url\" content=\"https:\/\/ferabrajan.com\/portal\/2026\/07\/17\/vacaciones-de-verano-arrancan-con-operativo-de-seguridad-en-todo-puebla\/\" \/>\n<meta property=\"og:site_name\" content=\"Fer Abrajan\" \/>\n<meta property=\"article:publisher\" content=\"https:\/\/www.facebook.com\/NoticiasconFerAbrajan\/\" \/>\n<meta property=\"article:published_time\" content=\"2026-07-17T14:40:13+00:00\" \/>\n<meta property=\"og:image\" content=\"https:\/\/ferabrajan.com\/portal\/wp-content\/uploads\/2026\/07\/SSP_4_3.jpeg\" \/>\n\t<meta property=\"og:image:width\" content=\"1280\" \/>\n\t<meta property=\"og:image:height\" content=\"853\" \/>\n\t<meta property=\"og:image:type\" content=\"image\/jpeg\" \/>\n<meta name=\"author\" content=\"Rebeca N\u00fa\u00f1ez\" \/>\n<meta name=\"twitter:card\" content=\"summary_large_image\" \/>\n<meta name=\"twitter:creator\" content=\"@ferabrajan1\" \/>\n<meta name=\"twitter:site\" content=\"@ferabrajan1\" \/>\n<meta name=\"twitter:label1\" content=\"Escrito por\" \/>\n\t<meta name=\"twitter:data1\" content=\"Rebeca N\u00fa\u00f1ez\" \/>\n\t<meta name=\"twitter:label2\" content=\"Tiempo de lectura\" \/>\n\t<meta name=\"twitter:data2\" content=\"1 minuto\" \/>\n<script type=\"application\/ld+json\" class=\"yoast-schema-graph\">{\"@context\":\"https:\\\/\\\/schema.org\",\"@graph\":[{\"@type\":\"Article\",\"@id\":\"https:\\\/\\\/ferabrajan.com\\\/portal\\\/2026\\\/07\\\/17\\\/vacaciones-de-verano-arrancan-con-operativo-de-seguridad-en-todo-puebla\\\/#article\",\"isPartOf\":{\"@id\":\"https:\\\/\\\/ferabrajan.com\\\/portal\\\/2026\\\/07\\\/17\\\/vacaciones-de-verano-arrancan-con-operativo-de-seguridad-en-todo-puebla\\\/\"},\"author\":{\"name\":\"Rebeca N\u00fa\u00f1ez\",\"@id\":\"https:\\\/\\\/ferabrajan.com\\\/portal\\\/#\\\/schema\\\/person\\\/a79364e0091921e733584c4833bc7a50\"},\"headline\":\"Vacaciones de verano arrancan con operativo de seguridad en todo Puebla\",\"datePublished\":\"2026-07-17T14:40:13+00:00\",\"mainEntityOfPage\":{\"@id\":\"https:\\\/\\\/ferabrajan.com\\\/portal\\\/2026\\\/07\\\/17\\\/vacaciones-de-verano-arrancan-con-operativo-de-seguridad-en-todo-puebla\\\/\"},\"wordCount\":194,\"publisher\":{\"@id\":\"https:\\\/\\\/ferabrajan.com\\\/portal\\\/#organization\"},\"image\":{\"@id\":\"https:\\\/\\\/ferabrajan.com\\\/portal\\\/2026\\\/07\\\/17\\\/vacaciones-de-verano-arrancan-con-operativo-de-seguridad-en-todo-puebla\\\/#primaryimage\"},\"thumbnailUrl\":\"https:\\\/\\\/ferabrajan.com\\\/portal\\\/wp-content\\\/uploads\\\/2026\\\/07\\\/SSP_4_3.jpeg\",\"keywords\":[\"Operativo seguridad\",\"vacaciones\",\"verano\"],\"articleSection\":[\"Principal\",\"Puebla\"],\"inLanguage\":\"es\"},{\"@type\":\"WebPage\",\"@id\":\"https:\\\/\\\/ferabrajan.com\\\/portal\\\/2026\\\/07\\\/17\\\/vacaciones-de-verano-arrancan-con-operativo-de-seguridad-en-todo-puebla\\\/\",\"url\":\"https:\\\/\\\/ferabrajan.com\\\/portal\\\/2026\\\/07\\\/17\\\/vacaciones-de-verano-arrancan-con-operativo-de-seguridad-en-todo-puebla\\\/\",\"name\":\"Vacaciones de verano arrancan con operativo de seguridad en todo Puebla - Fer Abrajan\",\"isPartOf\":{\"@id\":\"https:\\\/\\\/ferabrajan.com\\\/portal\\\/#website\"},\"primaryImageOfPage\":{\"@id\":\"https:\\\/\\\/ferabrajan.com\\\/portal\\\/2026\\\/07\\\/17\\\/vacaciones-de-verano-arrancan-con-operativo-de-seguridad-en-todo-puebla\\\/#primaryimage\"},\"image\":{\"@id\":\"https:\\\/\\\/ferabrajan.com\\\/portal\\\/2026\\\/07\\\/17\\\/vacaciones-de-verano-arrancan-con-operativo-de-seguridad-en-todo-puebla\\\/#primaryimage\"},\"thumbnailUrl\":\"https:\\\/\\\/ferabrajan.com\\\/portal\\\/wp-content\\\/uploads\\\/2026\\\/07\\\/SSP_4_3.jpeg\",\"datePublished\":\"2026-07-17T14:40:13+00:00\",\"breadcrumb\":{\"@id\":\"https:\\\/\\\/ferabrajan.com\\\/portal\\\/2026\\\/07\\\/17\\\/vacaciones-de-verano-arrancan-con-operativo-de-seguridad-en-todo-puebla\\\/#breadcrumb\"},\"inLanguage\":\"es\",\"potentialAction\":[{\"@type\":\"ReadAction\",\"target\":[\"https:\\\/\\\/ferabrajan.com\\\/portal\\\/2026\\\/07\\\/17\\\/vacaciones-de-verano-arrancan-con-operativo-de-seguridad-en-todo-puebla\\\/\"]}]},{\"@type\":\"ImageObject\",\"inLanguage\":\"es\",\"@id\":\"https:\\\/\\\/ferabrajan.com\\\/portal\\\/2026\\\/07\\\/17\\\/vacaciones-de-verano-arrancan-con-operativo-de-seguridad-en-todo-puebla\\\/#primaryimage\",\"url\":\"https:\\\/\\\/ferabrajan.com\\\/portal\\\/wp-content\\\/uploads\\\/2026\\\/07\\\/SSP_4_3.jpeg\",\"contentUrl\":\"https:\\\/\\\/ferabrajan.com\\\/portal\\\/wp-content\\\/uploads\\\/2026\\\/07\\\/SSP_4_3.jpeg\",\"width\":1280,\"height\":853},{\"@type\":\"BreadcrumbList\",\"@id\":\"https:\\\/\\\/ferabrajan.com\\\/portal\\\/2026\\\/07\\\/17\\\/vacaciones-de-verano-arrancan-con-operativo-de-seguridad-en-todo-puebla\\\/#breadcrumb\",\"itemListElement\":[{\"@type\":\"ListItem\",\"position\":1,\"name\":\"Portada\",\"item\":\"https:\\\/\\\/ferabrajan.com\\\/portal\\\/\"},{\"@type\":\"ListItem\",\"position\":2,\"name\":\"Vacaciones de verano arrancan con operativo de seguridad en todo Puebla\"}]},{\"@type\":\"WebSite\",\"@id\":\"https:\\\/\\\/ferabrajan.com\\\/portal\\\/#website\",\"url\":\"https:\\\/\\\/ferabrajan.com\\\/portal\\\/\",\"name\":\"Fer Abrajan\",\"description\":\"Noticias de Puebla, opini\u00f3n y radio en vivo\",\"publisher\":{\"@id\":\"https:\\\/\\\/ferabrajan.com\\\/portal\\\/#organization\"},\"potentialAction\":[{\"@type\":\"SearchAction\",\"target\":{\"@type\":\"EntryPoint\",\"urlTemplate\":\"https:\\\/\\\/ferabrajan.com\\\/portal\\\/?s={search_term_string}\"},\"query-input\":{\"@type\":\"PropertyValueSpecification\",\"valueRequired\":true,\"valueName\":\"search_term_string\"}}],\"inLanguage\":\"es\"},{\"@type\":\"Organization\",\"@id\":\"https:\\\/\\\/ferabrajan.com\\\/portal\\\/#organization\",\"name\":\"Fer Abrajan\",\"url\":\"https:\\\/\\\/ferabrajan.com\\\/portal\\\/\",\"logo\":{\"@type\":\"ImageObject\",\"inLanguage\":\"es\",\"@id\":\"https:\\\/\\\/ferabrajan.com\\\/portal\\\/#\\\/schema\\\/logo\\\/image\\\/\",\"url\":\"https:\\\/\\\/ferabrajan.com\\\/portal\\\/wp-content\\\/uploads\\\/2024\\\/10\\\/cropped-logo.jpeg\",\"contentUrl\":\"https:\\\/\\\/ferabrajan.com\\\/portal\\\/wp-content\\\/uploads\\\/2024\\\/10\\\/cropped-logo.jpeg\",\"width\":500,\"height\":250,\"caption\":\"Fer Abrajan\"},\"image\":{\"@id\":\"https:\\\/\\\/ferabrajan.com\\\/portal\\\/#\\\/schema\\\/logo\\\/image\\\/\"},\"sameAs\":[\"https:\\\/\\\/www.facebook.com\\\/NoticiasconFerAbrajan\\\/\",\"https:\\\/\\\/x.com\\\/ferabrajan1\"]},{\"@type\":\"Person\",\"@id\":\"https:\\\/\\\/ferabrajan.com\\\/portal\\\/#\\\/schema\\\/person\\\/a79364e0091921e733584c4833bc7a50\",\"name\":\"Rebeca N\u00fa\u00f1ez\",\"image\":{\"@type\":\"ImageObject\",\"inLanguage\":\"es\",\"@id\":\"https:\\\/\\\/secure.gravatar.com\\\/avatar\\\/c9cbf721287e849268cd37eca93cf4be51b2eed9e71c8d0c6825bd912000b74e?s=96&d=mm&r=g\",\"url\":\"https:\\\/\\\/secure.gravatar.com\\\/avatar\\\/c9cbf721287e849268cd37eca93cf4be51b2eed9e71c8d0c6825bd912000b74e?s=96&d=mm&r=g\",\"contentUrl\":\"https:\\\/\\\/secure.gravatar.com\\\/avatar\\\/c9cbf721287e849268cd37eca93cf4be51b2eed9e71c8d0c6825bd912000b74e?s=96&d=mm&r=g\",\"caption\":\"Rebeca N\u00fa\u00f1ez\"},\"url\":\"https:\\\/\\\/ferabrajan.com\\\/portal\\\/author\\\/rebeca\\\/\"}]}<\/script>\n<!-- \/ Yoast SEO plugin. -->","yoast_head_json":{"title":"Vacaciones de verano arrancan con operativo de seguridad en todo Puebla - Fer Abrajan","robots":{"index":"index","follow":"follow","max-snippet":"max-snippet:-1","max-image-preview":"max-image-preview:large","max-video-preview":"max-video-preview:-1"},"canonical":"https:\/\/ferabrajan.com\/portal\/2026\/07\/17\/vacaciones-de-verano-arrancan-con-operativo-de-seguridad-en-todo-puebla\/","og_locale":"es_ES","og_type":"article","og_title":"Vacaciones de verano arrancan con operativo de seguridad en todo Puebla - Fer Abrajan","og_description":"Puebla, Pue.- M\u00e1s de 2 mil elementos de corporaciones federales, estatales y municipales participar\u00e1n en el operativo \u00abVacaciones Seguras de Verano 2026\u00bb, con el que se reforzar\u00e1 la vigilancia en carreteras, centros tur\u00edsticos, terminales de autobuses, balnearios, Pueblos M\u00e1gicos y zonas comerciales durante el periodo vacacional. El dispositivo incluye patrullajes terrestres, sobrevuelos de dos helic\u00f3pteros y monitoreo permanente mediante las c\u00e1maras del C5i y torres m\u00f3viles de videovigilancia, con el objetivo de prevenir delitos y atender emergencias de forma oportuna. Las autoridades tambi\u00e9n llamaron a la poblaci\u00f3n a extremar precauciones antes de salir de viaje, como verificar el cierre de puertas y ventanas, desconectar aparatos el\u00e9ctricos, cerrar el suministro de gas y agua, adem\u00e1s de respetar los l\u00edmites de velocidad y evitar el uso del tel\u00e9fono celular mientras se conduce. El operativo ser\u00e1 coordinado por la Marina, Defensa, Guardia Nacional, Secretar\u00eda de Seguridad P\u00fablica y polic\u00edas municipales, quienes mantendr\u00e1n presencia en los principales puntos tur\u00edsticos y de mayor afluencia del estado durante la temporada vacacional.","og_url":"https:\/\/ferabrajan.com\/portal\/2026\/07\/17\/vacaciones-de-verano-arrancan-con-operativo-de-seguridad-en-todo-puebla\/","og_site_name":"Fer Abrajan","article_publisher":"https:\/\/www.facebook.com\/NoticiasconFerAbrajan\/","article_published_time":"2026-07-17T14:40:13+00:00","og_image":[{"width":1280,"height":853,"url":"https:\/\/ferabrajan.com\/portal\/wp-content\/uploads\/2026\/07\/SSP_4_3.jpeg","type":"image\/jpeg"}],"author":"Rebeca N\u00fa\u00f1ez","twitter_card":"summary_large_image","twitter_creator":"@ferabrajan1","twitter_site":"@ferabrajan1","twitter_misc":{"Escrito por":"Rebeca N\u00fa\u00f1ez","Tiempo de lectura":"1 minuto"},"schema":{"@context":"https:\/\/schema.org","@graph":[{"@type":"Article","@id":"https:\/\/ferabrajan.com\/portal\/2026\/07\/17\/vacaciones-de-verano-arrancan-con-operativo-de-seguridad-en-todo-puebla\/#article","isPartOf":{"@id":"https:\/\/ferabrajan.com\/portal\/2026\/07\/17\/vacaciones-de-verano-arrancan-con-operativo-de-seguridad-en-todo-puebla\/"},"author":{"name":"Rebeca N\u00fa\u00f1ez","@id":"https:\/\/ferabrajan.com\/portal\/#\/schema\/person\/a79364e0091921e733584c4833bc7a50"},"headline":"Vacaciones de verano arrancan con operativo de seguridad en todo Puebla","datePublished":"2026-07-17T14:40:13+00:00","mainEntityOfPage":{"@id":"https:\/\/ferabrajan.com\/portal\/2026\/07\/17\/vacaciones-de-verano-arrancan-con-operativo-de-seguridad-en-todo-puebla\/"},"wordCount":194,"publisher":{"@id":"https:\/\/ferabrajan.com\/portal\/#organization"},"image":{"@id":"https:\/\/ferabrajan.com\/portal\/2026\/07\/17\/vacaciones-de-verano-arrancan-con-operativo-de-seguridad-en-todo-puebla\/#primaryimage"},"thumbnailUrl":"https:\/\/ferabrajan.com\/portal\/wp-content\/uploads\/2026\/07\/SSP_4_3.jpeg","keywords":["Operativo seguridad","vacaciones","verano"],"articleSection":["Principal","Puebla"],"inLanguage":"es"},{"@type":"WebPage","@id":"https:\/\/ferabrajan.com\/portal\/2026\/07\/17\/vacaciones-de-verano-arrancan-con-operativo-de-seguridad-en-todo-puebla\/","url":"https:\/\/ferabrajan.com\/portal\/2026\/07\/17\/vacaciones-de-verano-arrancan-con-operativo-de-seguridad-en-todo-puebla\/","name":"Vacaciones de verano arrancan con operativo de seguridad en todo Puebla - Fer Abrajan","isPartOf":{"@id":"https:\/\/ferabrajan.com\/portal\/#website"},"primaryImageOfPage":{"@id":"https:\/\/ferabrajan.com\/portal\/2026\/07\/17\/vacaciones-de-verano-arrancan-con-operativo-de-seguridad-en-todo-puebla\/#primaryimage"},"image":{"@id":"https:\/\/ferabrajan.com\/portal\/2026\/07\/17\/vacaciones-de-verano-arrancan-con-operativo-de-seguridad-en-todo-puebla\/#primaryimage"},"thumbnailUrl":"https:\/\/ferabrajan.com\/portal\/wp-content\/uploads\/2026\/07\/SSP_4_3.jpeg","datePublished":"2026-07-17T14:40:13+00:00","breadcrumb":{"@id":"https:\/\/ferabrajan.com\/portal\/2026\/07\/17\/vacaciones-de-verano-arrancan-con-operativo-de-seguridad-en-todo-puebla\/#breadcrumb"},"inLanguage":"es","potentialAction":[{"@type":"ReadAction","target":["https:\/\/ferabrajan.com\/portal\/2026\/07\/17\/vacaciones-de-verano-arrancan-con-operativo-de-seguridad-en-todo-puebla\/"]}]},{"@type":"ImageObject","inLanguage":"es","@id":"https:\/\/ferabrajan.com\/portal\/2026\/07\/17\/vacaciones-de-verano-arrancan-con-operativo-de-seguridad-en-todo-puebla\/#primaryimage","url":"https:\/\/ferabrajan.com\/portal\/wp-content\/uploads\/2026\/07\/SSP_4_3.jpeg","contentUrl":"https:\/\/ferabrajan.com\/portal\/wp-content\/uploads\/2026\/07\/SSP_4_3.jpeg","width":1280,"height":853},{"@type":"BreadcrumbList","@id":"https:\/\/ferabrajan.com\/portal\/2026\/07\/17\/vacaciones-de-verano-arrancan-con-operativo-de-seguridad-en-todo-puebla\/#breadcrumb","itemListElement":[{"@type":"ListItem","position":1,"name":"Portada","item":"https:\/\/ferabrajan.com\/portal\/"},{"@type":"ListItem","position":2,"name":"Vacaciones de verano arrancan con operativo de seguridad en todo Puebla"}]},{"@type":"WebSite","@id":"https:\/\/ferabrajan.com\/portal\/#website","url":"https:\/\/ferabrajan.com\/portal\/","name":"Fer Abrajan","description":"Noticias de Puebla, opini\u00f3n y radio en vivo","publisher":{"@id":"https:\/\/ferabrajan.com\/portal\/#organization"},"potentialAction":[{"@type":"SearchAction","target":{"@type":"EntryPoint","urlTemplate":"https:\/\/ferabrajan.com\/portal\/?s={search_term_string}"},"query-input":{"@type":"PropertyValueSpecification","valueRequired":true,"valueName":"search_term_string"}}],"inLanguage":"es"},{"@type":"Organization","@id":"https:\/\/ferabrajan.com\/portal\/#organization","name":"Fer Abrajan","url":"https:\/\/ferabrajan.com\/portal\/","logo":{"@type":"ImageObject","inLanguage":"es","@id":"https:\/\/ferabrajan.com\/portal\/#\/schema\/logo\/image\/","url":"https:\/\/ferabrajan.com\/portal\/wp-content\/uploads\/2024\/10\/cropped-logo.jpeg","contentUrl":"https:\/\/ferabrajan.com\/portal\/wp-content\/uploads\/2024\/10\/cropped-logo.jpeg","width":500,"height":250,"caption":"Fer Abrajan"},"image":{"@id":"https:\/\/ferabrajan.com\/portal\/#\/schema\/logo\/image\/"},"sameAs":["https:\/\/www.facebook.com\/NoticiasconFerAbrajan\/","https:\/\/x.com\/ferabrajan1"]},{"@type":"Person","@id":"https:\/\/ferabrajan.com\/portal\/#\/schema\/person\/a79364e0091921e733584c4833bc7a50","name":"Rebeca N\u00fa\u00f1ez","image":{"@type":"ImageObject","inLanguage":"es","@id":"https:\/\/secure.gravatar.com\/avatar\/c9cbf721287e849268cd37eca93cf4be51b2eed9e71c8d0c6825bd912000b74e?s=96&d=mm&r=g","url":"https:\/\/secure.gravatar.com\/avatar\/c9cbf721287e849268cd37eca93cf4be51b2eed9e71c8d0c6825bd912000b74e?s=96&d=mm&r=g","contentUrl":"https:\/\/secure.gravatar.com\/avatar\/c9cbf721287e849268cd37eca93cf4be51b2eed9e71c8d0c6825bd912000b74e?s=96&d=mm&r=g","caption":"Rebeca N\u00fa\u00f1ez"},"url":"https:\/\/ferabrajan.com\/portal\/author\/rebeca\/"}]}},"_links":{"self":[{"href":"https:\/\/ferabrajan.com\/portal\/wp-json\/wp\/v2\/posts\/83306","targetHints":{"allow":["GET"]}}],"collection":[{"href":"https:\/\/ferabrajan.com\/portal\/wp-json\/wp\/v2\/posts"}],"about":[{"href":"https:\/\/ferabrajan.com\/portal\/wp-json\/wp\/v2\/types\/post"}],"author":[{"embeddable":true,"href":"https:\/\/ferabrajan.com\/portal\/wp-json\/wp\/v2\/users\/3"}],"replies":[{"embeddable":true,"href":"https:\/\/ferabrajan.com\/portal\/wp-json\/wp\/v2\/comments?post=83306"}],"version-history":[{"count":1,"href":"https:\/\/ferabrajan.com\/portal\/wp-json\/wp\/v2\/posts\/83306\/revisions"}],"predecessor-version":[{"id":83308,"href":"https:\/\/ferabrajan.com\/portal\/wp-json\/wp\/v2\/posts\/83306\/revisions\/83308"}],"wp:featuredmedia":[{"embeddable":true,"href":"https:\/\/ferabrajan.com\/portal\/wp-json\/wp\/v2\/media\/83307"}],"wp:attachment":[{"href":"https:\/\/ferabrajan.com\/portal\/wp-json\/wp\/v2\/media?parent=83306"}],"wp:term":[{"taxonomy":"category","embeddable":true,"href":"https:\/\/ferabrajan.com\/portal\/wp-json\/wp\/v2\/categories?post=83306"},{"taxonomy":"post_tag","embeddable":true,"href":"https:\/\/ferabrajan.com\/portal\/wp-json\/wp\/v2\/tags?post=83306"}],"curies":[{"name":"wp","href":"https:\/\/api.w.org\/{rel}","templated":true}]}}