{"id":83303,"date":"2026-07-17T14:34:33","date_gmt":"2026-07-17T14:34:33","guid":{"rendered":"https:\/\/ferabrajan.com\/portal\/?p=83303"},"modified":"2026-07-17T14:34:33","modified_gmt":"2026-07-17T14:34:33","slug":"gobierno-de-puebla-activa-protocolos-tras-ataque-a-periodista","status":"publish","type":"post","link":"https:\/\/ferabrajan.com\/portal\/2026\/07\/17\/gobierno-de-puebla-activa-protocolos-tras-ataque-a-periodista\/","title":{"rendered":"Gobierno de Puebla activa protocolos tras ataque a periodista"},"content":{"rendered":"<div class=\"qMYqUG_convSearchResultHighlightRoot\">\n<div class=\"\" data-turn-id-container=\"request-6a50fe79-fbd8-83e8-99c2-a6efdd97c70b-0\" data-is-intersecting=\"true\">\n<section class=\"text-token-text-primary w-full focus:outline-none has-data-writing-block:pointer-events-none [&amp;:has([data-writing-block])&gt;*]:pointer-events-auto R6Vx5W_threadScrollVars scroll-mb-[calc(var(--scroll-root-safe-area-inset-bottom,0px)+var(--thread-response-height))] scroll-mt-[calc(var(--header-height)+min(200px,max(70px,20svh)))]\" dir=\"auto\" data-turn-id=\"request-6a50fe79-fbd8-83e8-99c2-a6efdd97c70b-0\" data-turn-id-container=\"request-6a50fe79-fbd8-83e8-99c2-a6efdd97c70b-0\" data-testid=\"conversation-turn-70\" data-turn=\"assistant\">\n<div class=\"text-base my-auto mx-auto pb-15 [--thread-content-margin:var(--thread-content-margin-xs,calc(var(--spacing)*4))] @w-sm\/main:[--thread-content-margin:var(--thread-content-margin-sm,calc(var(--spacing)*6))] @w-lg\/main:[--thread-content-margin:var(--thread-content-margin-lg,calc(var(--spacing)*16))] px-(--thread-content-margin)\">\n<div class=\"[--thread-content-max-width:40rem] @w-lg\/main:[--thread-content-max-width:48rem] mx-auto max-w-(--thread-content-max-width) flex-1 group\/turn-messages focus-visible:outline-hidden relative flex w-full min-w-0 flex-col agent-turn\" data-conversation-screenshot-content=\"\">\n<div class=\"flex max-w-full flex-col gap-4 grow\">\n<div class=\"min-h-8 text-message relative flex w-full flex-col items-end gap-2 text-start break-words whitespace-normal outline-none keyboard-focused:focus-ring [.text-message+&amp;]:mt-1\" dir=\"auto\" tabindex=\"0\" data-message-author-role=\"assistant\" data-message-id=\"d74a77cb-3c47-434c-8264-572aacd280f2\" data-message-model-slug=\"gpt-5-5\" data-turn-start-message=\"true\">\n<div class=\"flex w-full flex-col gap-1 empty:hidden\">\n<div class=\"markdown prose dark:prose-invert wrap-break-word w-full light markdown-new-styling\">\n<p class=\"PDq2pG_selectionAnchorContainer\" data-start=\"71\" data-end=\"340\"><strong data-start=\"71\" data-end=\"88\">Puebla, Pue.-<\/strong> La Secretar\u00eda de Gobernaci\u00f3n del Estado inform\u00f3 que activ\u00f3 los protocolos de atenci\u00f3n y mantiene comunicaci\u00f3n permanente con los familiares del comunicador <strong data-start=\"245\" data-end=\"273\">Josu\u00e9 Mart\u00ednez Contreras<\/strong>, tras el ataque ocurrido este jueves en <strong data-start=\"314\" data-end=\"339\">San Mart\u00edn Texmelucan<\/strong>.<\/p>\n<p data-start=\"342\" data-end=\"641\">La directora general de Derechos Humanos de la dependencia, <strong data-start=\"402\" data-end=\"423\">Paola Angon Silva<\/strong>, conden\u00f3 los hechos y asegur\u00f3 que se dar\u00e1 seguimiento al caso, al tiempo que expres\u00f3 su confianza en que las autoridades competentes realicen las investigaciones correspondientes para evitar que el hecho quede impune.<\/p>\n<p data-start=\"643\" data-end=\"933\" data-is-last-node=\"\" data-is-only-node=\"\">La funcionaria reiter\u00f3 que, por instrucci\u00f3n del gobernador <strong data-start=\"702\" data-end=\"728\">Alejandro Armenta Mier<\/strong>, el Gobierno del Estado mantiene el compromiso de trabajar con respeto a la libertad de expresi\u00f3n y a los derechos humanos, adem\u00e1s de brindar acompa\u00f1amiento institucional a los familiares del comunicador.<\/p>\n<\/div>\n<\/div>\n<\/div>\n<\/div>\n<div class=\"z-0 flex min-h-[46px] justify-start\"><\/div>\n<div class=\"mt-3 w-full empty:hidden\">\n<div class=\"text-center\"><\/div>\n<\/div>\n<\/div>\n<div class=\"[--thread-content-max-width:40rem] @w-lg\/main:[--thread-content-max-width:48rem] mx-auto max-w-(--thread-content-max-width) flex-1\" data-conversation-screenshot-content=\"\">\n<div><\/div>\n<\/div>\n<\/div>\n<\/section>\n<\/div>\n<\/div>\n<div class=\"pointer-events-none -mt-px h-px translate-y-(--scroll-root-safe-area-inset-bottom)\" aria-hidden=\"true\"><\/div>\n","protected":false},"excerpt":{"rendered":"<p>Puebla, Pue.- La Secretar\u00eda de Gobernaci\u00f3n del Estado inform\u00f3 que activ\u00f3 los protocolos de atenci\u00f3n y mantiene comunicaci\u00f3n permanente con los familiares del comunicador Josu\u00e9 Mart\u00ednez Contreras, tras el ataque ocurrido este jueves en San Mart\u00edn Texmelucan. La directora general de Derechos Humanos de la dependencia, Paola Angon Silva, conden\u00f3 los hechos y asegur\u00f3 que se dar\u00e1 seguimiento al caso, al tiempo que expres\u00f3 su confianza en que las autoridades competentes realicen las investigaciones correspondientes para evitar que el hecho quede impune. La funcionaria reiter\u00f3 que, por instrucci\u00f3n del gobernador Alejandro Armenta Mier, el Gobierno del Estado mantiene el compromiso de trabajar con respeto a la libertad de expresi\u00f3n y a los derechos humanos, adem\u00e1s de brindar acompa\u00f1amiento institucional a los familiares del comunicador.<\/p>\n","protected":false},"author":1,"featured_media":83304,"comment_status":"closed","ping_status":"closed","sticky":false,"template":"","format":"standard","meta":{"_monsterinsights_skip_tracking":false,"_uf_show_specific_survey":0,"_uf_disable_surveys":false,"footnotes":""},"categories":[585,34],"tags":[3630,4956,4954,4957,4955],"class_list":["post-83303","post","type-post","status-publish","format-standard","has-post-thumbnail","hentry","category-principal","category-puebla","tag-atencion","tag-comunicador","tag-gobernacion-del-estado","tag-josue-martinez-contreras","tag-protocolos"],"yoast_head":"<!-- This site is optimized with the Yoast SEO plugin v27.5 - https:\/\/yoast.com\/product\/yoast-seo-wordpress\/ -->\n<title>Gobierno de Puebla activa protocolos tras ataque a periodista - Fer Abrajan<\/title>\n<meta name=\"robots\" content=\"index, follow, max-snippet:-1, max-image-preview:large, max-video-preview:-1\" \/>\n<link rel=\"canonical\" href=\"https:\/\/ferabrajan.com\/portal\/2026\/07\/17\/gobierno-de-puebla-activa-protocolos-tras-ataque-a-periodista\/\" \/>\n<meta property=\"og:locale\" content=\"es_ES\" \/>\n<meta property=\"og:type\" content=\"article\" \/>\n<meta property=\"og:title\" content=\"Gobierno de Puebla activa protocolos tras ataque a periodista - Fer Abrajan\" \/>\n<meta property=\"og:description\" content=\"Puebla, Pue.- La Secretar\u00eda de Gobernaci\u00f3n del Estado inform\u00f3 que activ\u00f3 los protocolos de atenci\u00f3n y mantiene comunicaci\u00f3n permanente con los familiares del comunicador Josu\u00e9 Mart\u00ednez Contreras, tras el ataque ocurrido este jueves en San Mart\u00edn Texmelucan. La directora general de Derechos Humanos de la dependencia, Paola Angon Silva, conden\u00f3 los hechos y asegur\u00f3 que se dar\u00e1 seguimiento al caso, al tiempo que expres\u00f3 su confianza en que las autoridades competentes realicen las investigaciones correspondientes para evitar que el hecho quede impune. La funcionaria reiter\u00f3 que, por instrucci\u00f3n del gobernador Alejandro Armenta Mier, el Gobierno del Estado mantiene el compromiso de trabajar con respeto a la libertad de expresi\u00f3n y a los derechos humanos, adem\u00e1s de brindar acompa\u00f1amiento institucional a los familiares del comunicador.\" \/>\n<meta property=\"og:url\" content=\"https:\/\/ferabrajan.com\/portal\/2026\/07\/17\/gobierno-de-puebla-activa-protocolos-tras-ataque-a-periodista\/\" \/>\n<meta property=\"og:site_name\" content=\"Fer Abrajan\" \/>\n<meta property=\"article:publisher\" content=\"https:\/\/www.facebook.com\/NoticiasconFerAbrajan\/\" \/>\n<meta property=\"article:published_time\" content=\"2026-07-17T14:34:33+00:00\" \/>\n<meta property=\"og:image\" content=\"https:\/\/ferabrajan.com\/portal\/wp-content\/uploads\/2026\/07\/Fotos-sitio-web-FER.jpg\" \/>\n\t<meta property=\"og:image:width\" content=\"1024\" \/>\n\t<meta property=\"og:image:height\" content=\"683\" \/>\n\t<meta property=\"og:image:type\" content=\"image\/jpeg\" \/>\n<meta name=\"author\" content=\"admin\" \/>\n<meta name=\"twitter:card\" content=\"summary_large_image\" \/>\n<meta name=\"twitter:creator\" content=\"@ferabrajan1\" \/>\n<meta name=\"twitter:site\" content=\"@ferabrajan1\" \/>\n<meta name=\"twitter:label1\" content=\"Escrito por\" \/>\n\t<meta name=\"twitter:data1\" content=\"admin\" \/>\n\t<meta name=\"twitter:label2\" content=\"Tiempo de lectura\" \/>\n\t<meta name=\"twitter:data2\" content=\"1 minuto\" \/>\n<script type=\"application\/ld+json\" class=\"yoast-schema-graph\">{\"@context\":\"https:\\\/\\\/schema.org\",\"@graph\":[{\"@type\":\"Article\",\"@id\":\"https:\\\/\\\/ferabrajan.com\\\/portal\\\/2026\\\/07\\\/17\\\/gobierno-de-puebla-activa-protocolos-tras-ataque-a-periodista\\\/#article\",\"isPartOf\":{\"@id\":\"https:\\\/\\\/ferabrajan.com\\\/portal\\\/2026\\\/07\\\/17\\\/gobierno-de-puebla-activa-protocolos-tras-ataque-a-periodista\\\/\"},\"author\":{\"name\":\"admin\",\"@id\":\"https:\\\/\\\/ferabrajan.com\\\/portal\\\/#\\\/schema\\\/person\\\/f6113b3cb1e036d5c6a9505685b257ba\"},\"headline\":\"Gobierno de Puebla activa protocolos tras ataque a periodista\",\"datePublished\":\"2026-07-17T14:34:33+00:00\",\"mainEntityOfPage\":{\"@id\":\"https:\\\/\\\/ferabrajan.com\\\/portal\\\/2026\\\/07\\\/17\\\/gobierno-de-puebla-activa-protocolos-tras-ataque-a-periodista\\\/\"},\"wordCount\":144,\"publisher\":{\"@id\":\"https:\\\/\\\/ferabrajan.com\\\/portal\\\/#organization\"},\"image\":{\"@id\":\"https:\\\/\\\/ferabrajan.com\\\/portal\\\/2026\\\/07\\\/17\\\/gobierno-de-puebla-activa-protocolos-tras-ataque-a-periodista\\\/#primaryimage\"},\"thumbnailUrl\":\"https:\\\/\\\/ferabrajan.com\\\/portal\\\/wp-content\\\/uploads\\\/2026\\\/07\\\/Fotos-sitio-web-FER.jpg\",\"keywords\":[\"atenci\u00f3n\",\"comunicador\",\"Gobernaci\u00f3n del Estado\",\"Josu\u00e9 Mart\u00ednez Contreras\",\"protocolos\"],\"articleSection\":[\"Principal\",\"Puebla\"],\"inLanguage\":\"es\"},{\"@type\":\"WebPage\",\"@id\":\"https:\\\/\\\/ferabrajan.com\\\/portal\\\/2026\\\/07\\\/17\\\/gobierno-de-puebla-activa-protocolos-tras-ataque-a-periodista\\\/\",\"url\":\"https:\\\/\\\/ferabrajan.com\\\/portal\\\/2026\\\/07\\\/17\\\/gobierno-de-puebla-activa-protocolos-tras-ataque-a-periodista\\\/\",\"name\":\"Gobierno de Puebla activa protocolos tras ataque a periodista - Fer Abrajan\",\"isPartOf\":{\"@id\":\"https:\\\/\\\/ferabrajan.com\\\/portal\\\/#website\"},\"primaryImageOfPage\":{\"@id\":\"https:\\\/\\\/ferabrajan.com\\\/portal\\\/2026\\\/07\\\/17\\\/gobierno-de-puebla-activa-protocolos-tras-ataque-a-periodista\\\/#primaryimage\"},\"image\":{\"@id\":\"https:\\\/\\\/ferabrajan.com\\\/portal\\\/2026\\\/07\\\/17\\\/gobierno-de-puebla-activa-protocolos-tras-ataque-a-periodista\\\/#primaryimage\"},\"thumbnailUrl\":\"https:\\\/\\\/ferabrajan.com\\\/portal\\\/wp-content\\\/uploads\\\/2026\\\/07\\\/Fotos-sitio-web-FER.jpg\",\"datePublished\":\"2026-07-17T14:34:33+00:00\",\"breadcrumb\":{\"@id\":\"https:\\\/\\\/ferabrajan.com\\\/portal\\\/2026\\\/07\\\/17\\\/gobierno-de-puebla-activa-protocolos-tras-ataque-a-periodista\\\/#breadcrumb\"},\"inLanguage\":\"es\",\"potentialAction\":[{\"@type\":\"ReadAction\",\"target\":[\"https:\\\/\\\/ferabrajan.com\\\/portal\\\/2026\\\/07\\\/17\\\/gobierno-de-puebla-activa-protocolos-tras-ataque-a-periodista\\\/\"]}]},{\"@type\":\"ImageObject\",\"inLanguage\":\"es\",\"@id\":\"https:\\\/\\\/ferabrajan.com\\\/portal\\\/2026\\\/07\\\/17\\\/gobierno-de-puebla-activa-protocolos-tras-ataque-a-periodista\\\/#primaryimage\",\"url\":\"https:\\\/\\\/ferabrajan.com\\\/portal\\\/wp-content\\\/uploads\\\/2026\\\/07\\\/Fotos-sitio-web-FER.jpg\",\"contentUrl\":\"https:\\\/\\\/ferabrajan.com\\\/portal\\\/wp-content\\\/uploads\\\/2026\\\/07\\\/Fotos-sitio-web-FER.jpg\",\"width\":1024,\"height\":683},{\"@type\":\"BreadcrumbList\",\"@id\":\"https:\\\/\\\/ferabrajan.com\\\/portal\\\/2026\\\/07\\\/17\\\/gobierno-de-puebla-activa-protocolos-tras-ataque-a-periodista\\\/#breadcrumb\",\"itemListElement\":[{\"@type\":\"ListItem\",\"position\":1,\"name\":\"Portada\",\"item\":\"https:\\\/\\\/ferabrajan.com\\\/portal\\\/\"},{\"@type\":\"ListItem\",\"position\":2,\"name\":\"Gobierno de Puebla activa protocolos tras ataque a periodista\"}]},{\"@type\":\"WebSite\",\"@id\":\"https:\\\/\\\/ferabrajan.com\\\/portal\\\/#website\",\"url\":\"https:\\\/\\\/ferabrajan.com\\\/portal\\\/\",\"name\":\"Fer Abrajan\",\"description\":\"Noticias de Puebla, opini\u00f3n y radio en vivo\",\"publisher\":{\"@id\":\"https:\\\/\\\/ferabrajan.com\\\/portal\\\/#organization\"},\"potentialAction\":[{\"@type\":\"SearchAction\",\"target\":{\"@type\":\"EntryPoint\",\"urlTemplate\":\"https:\\\/\\\/ferabrajan.com\\\/portal\\\/?s={search_term_string}\"},\"query-input\":{\"@type\":\"PropertyValueSpecification\",\"valueRequired\":true,\"valueName\":\"search_term_string\"}}],\"inLanguage\":\"es\"},{\"@type\":\"Organization\",\"@id\":\"https:\\\/\\\/ferabrajan.com\\\/portal\\\/#organization\",\"name\":\"Fer Abrajan\",\"url\":\"https:\\\/\\\/ferabrajan.com\\\/portal\\\/\",\"logo\":{\"@type\":\"ImageObject\",\"inLanguage\":\"es\",\"@id\":\"https:\\\/\\\/ferabrajan.com\\\/portal\\\/#\\\/schema\\\/logo\\\/image\\\/\",\"url\":\"https:\\\/\\\/ferabrajan.com\\\/portal\\\/wp-content\\\/uploads\\\/2024\\\/10\\\/cropped-logo.jpeg\",\"contentUrl\":\"https:\\\/\\\/ferabrajan.com\\\/portal\\\/wp-content\\\/uploads\\\/2024\\\/10\\\/cropped-logo.jpeg\",\"width\":500,\"height\":250,\"caption\":\"Fer Abrajan\"},\"image\":{\"@id\":\"https:\\\/\\\/ferabrajan.com\\\/portal\\\/#\\\/schema\\\/logo\\\/image\\\/\"},\"sameAs\":[\"https:\\\/\\\/www.facebook.com\\\/NoticiasconFerAbrajan\\\/\",\"https:\\\/\\\/x.com\\\/ferabrajan1\"]},{\"@type\":\"Person\",\"@id\":\"https:\\\/\\\/ferabrajan.com\\\/portal\\\/#\\\/schema\\\/person\\\/f6113b3cb1e036d5c6a9505685b257ba\",\"name\":\"admin\",\"image\":{\"@type\":\"ImageObject\",\"inLanguage\":\"es\",\"@id\":\"https:\\\/\\\/secure.gravatar.com\\\/avatar\\\/072baa72775aad53c748dfc5d3048578e01b6c087eef335459ebfa04344e2d18?s=96&d=mm&r=g\",\"url\":\"https:\\\/\\\/secure.gravatar.com\\\/avatar\\\/072baa72775aad53c748dfc5d3048578e01b6c087eef335459ebfa04344e2d18?s=96&d=mm&r=g\",\"contentUrl\":\"https:\\\/\\\/secure.gravatar.com\\\/avatar\\\/072baa72775aad53c748dfc5d3048578e01b6c087eef335459ebfa04344e2d18?s=96&d=mm&r=g\",\"caption\":\"admin\"},\"sameAs\":[\"https:\\\/\\\/ferabrajan.com\\\/portal\"],\"url\":\"https:\\\/\\\/ferabrajan.com\\\/portal\\\/author\\\/admin\\\/\"}]}<\/script>\n<!-- \/ Yoast SEO plugin. -->","yoast_head_json":{"title":"Gobierno de Puebla activa protocolos tras ataque a periodista - Fer Abrajan","robots":{"index":"index","follow":"follow","max-snippet":"max-snippet:-1","max-image-preview":"max-image-preview:large","max-video-preview":"max-video-preview:-1"},"canonical":"https:\/\/ferabrajan.com\/portal\/2026\/07\/17\/gobierno-de-puebla-activa-protocolos-tras-ataque-a-periodista\/","og_locale":"es_ES","og_type":"article","og_title":"Gobierno de Puebla activa protocolos tras ataque a periodista - Fer Abrajan","og_description":"Puebla, Pue.- La Secretar\u00eda de Gobernaci\u00f3n del Estado inform\u00f3 que activ\u00f3 los protocolos de atenci\u00f3n y mantiene comunicaci\u00f3n permanente con los familiares del comunicador Josu\u00e9 Mart\u00ednez Contreras, tras el ataque ocurrido este jueves en San Mart\u00edn Texmelucan. La directora general de Derechos Humanos de la dependencia, Paola Angon Silva, conden\u00f3 los hechos y asegur\u00f3 que se dar\u00e1 seguimiento al caso, al tiempo que expres\u00f3 su confianza en que las autoridades competentes realicen las investigaciones correspondientes para evitar que el hecho quede impune. La funcionaria reiter\u00f3 que, por instrucci\u00f3n del gobernador Alejandro Armenta Mier, el Gobierno del Estado mantiene el compromiso de trabajar con respeto a la libertad de expresi\u00f3n y a los derechos humanos, adem\u00e1s de brindar acompa\u00f1amiento institucional a los familiares del comunicador.","og_url":"https:\/\/ferabrajan.com\/portal\/2026\/07\/17\/gobierno-de-puebla-activa-protocolos-tras-ataque-a-periodista\/","og_site_name":"Fer Abrajan","article_publisher":"https:\/\/www.facebook.com\/NoticiasconFerAbrajan\/","article_published_time":"2026-07-17T14:34:33+00:00","og_image":[{"width":1024,"height":683,"url":"https:\/\/ferabrajan.com\/portal\/wp-content\/uploads\/2026\/07\/Fotos-sitio-web-FER.jpg","type":"image\/jpeg"}],"author":"admin","twitter_card":"summary_large_image","twitter_creator":"@ferabrajan1","twitter_site":"@ferabrajan1","twitter_misc":{"Escrito por":"admin","Tiempo de lectura":"1 minuto"},"schema":{"@context":"https:\/\/schema.org","@graph":[{"@type":"Article","@id":"https:\/\/ferabrajan.com\/portal\/2026\/07\/17\/gobierno-de-puebla-activa-protocolos-tras-ataque-a-periodista\/#article","isPartOf":{"@id":"https:\/\/ferabrajan.com\/portal\/2026\/07\/17\/gobierno-de-puebla-activa-protocolos-tras-ataque-a-periodista\/"},"author":{"name":"admin","@id":"https:\/\/ferabrajan.com\/portal\/#\/schema\/person\/f6113b3cb1e036d5c6a9505685b257ba"},"headline":"Gobierno de Puebla activa protocolos tras ataque a periodista","datePublished":"2026-07-17T14:34:33+00:00","mainEntityOfPage":{"@id":"https:\/\/ferabrajan.com\/portal\/2026\/07\/17\/gobierno-de-puebla-activa-protocolos-tras-ataque-a-periodista\/"},"wordCount":144,"publisher":{"@id":"https:\/\/ferabrajan.com\/portal\/#organization"},"image":{"@id":"https:\/\/ferabrajan.com\/portal\/2026\/07\/17\/gobierno-de-puebla-activa-protocolos-tras-ataque-a-periodista\/#primaryimage"},"thumbnailUrl":"https:\/\/ferabrajan.com\/portal\/wp-content\/uploads\/2026\/07\/Fotos-sitio-web-FER.jpg","keywords":["atenci\u00f3n","comunicador","Gobernaci\u00f3n del Estado","Josu\u00e9 Mart\u00ednez Contreras","protocolos"],"articleSection":["Principal","Puebla"],"inLanguage":"es"},{"@type":"WebPage","@id":"https:\/\/ferabrajan.com\/portal\/2026\/07\/17\/gobierno-de-puebla-activa-protocolos-tras-ataque-a-periodista\/","url":"https:\/\/ferabrajan.com\/portal\/2026\/07\/17\/gobierno-de-puebla-activa-protocolos-tras-ataque-a-periodista\/","name":"Gobierno de Puebla activa protocolos tras ataque a periodista - Fer Abrajan","isPartOf":{"@id":"https:\/\/ferabrajan.com\/portal\/#website"},"primaryImageOfPage":{"@id":"https:\/\/ferabrajan.com\/portal\/2026\/07\/17\/gobierno-de-puebla-activa-protocolos-tras-ataque-a-periodista\/#primaryimage"},"image":{"@id":"https:\/\/ferabrajan.com\/portal\/2026\/07\/17\/gobierno-de-puebla-activa-protocolos-tras-ataque-a-periodista\/#primaryimage"},"thumbnailUrl":"https:\/\/ferabrajan.com\/portal\/wp-content\/uploads\/2026\/07\/Fotos-sitio-web-FER.jpg","datePublished":"2026-07-17T14:34:33+00:00","breadcrumb":{"@id":"https:\/\/ferabrajan.com\/portal\/2026\/07\/17\/gobierno-de-puebla-activa-protocolos-tras-ataque-a-periodista\/#breadcrumb"},"inLanguage":"es","potentialAction":[{"@type":"ReadAction","target":["https:\/\/ferabrajan.com\/portal\/2026\/07\/17\/gobierno-de-puebla-activa-protocolos-tras-ataque-a-periodista\/"]}]},{"@type":"ImageObject","inLanguage":"es","@id":"https:\/\/ferabrajan.com\/portal\/2026\/07\/17\/gobierno-de-puebla-activa-protocolos-tras-ataque-a-periodista\/#primaryimage","url":"https:\/\/ferabrajan.com\/portal\/wp-content\/uploads\/2026\/07\/Fotos-sitio-web-FER.jpg","contentUrl":"https:\/\/ferabrajan.com\/portal\/wp-content\/uploads\/2026\/07\/Fotos-sitio-web-FER.jpg","width":1024,"height":683},{"@type":"BreadcrumbList","@id":"https:\/\/ferabrajan.com\/portal\/2026\/07\/17\/gobierno-de-puebla-activa-protocolos-tras-ataque-a-periodista\/#breadcrumb","itemListElement":[{"@type":"ListItem","position":1,"name":"Portada","item":"https:\/\/ferabrajan.com\/portal\/"},{"@type":"ListItem","position":2,"name":"Gobierno de Puebla activa protocolos tras ataque a periodista"}]},{"@type":"WebSite","@id":"https:\/\/ferabrajan.com\/portal\/#website","url":"https:\/\/ferabrajan.com\/portal\/","name":"Fer Abrajan","description":"Noticias de Puebla, opini\u00f3n y radio en vivo","publisher":{"@id":"https:\/\/ferabrajan.com\/portal\/#organization"},"potentialAction":[{"@type":"SearchAction","target":{"@type":"EntryPoint","urlTemplate":"https:\/\/ferabrajan.com\/portal\/?s={search_term_string}"},"query-input":{"@type":"PropertyValueSpecification","valueRequired":true,"valueName":"search_term_string"}}],"inLanguage":"es"},{"@type":"Organization","@id":"https:\/\/ferabrajan.com\/portal\/#organization","name":"Fer Abrajan","url":"https:\/\/ferabrajan.com\/portal\/","logo":{"@type":"ImageObject","inLanguage":"es","@id":"https:\/\/ferabrajan.com\/portal\/#\/schema\/logo\/image\/","url":"https:\/\/ferabrajan.com\/portal\/wp-content\/uploads\/2024\/10\/cropped-logo.jpeg","contentUrl":"https:\/\/ferabrajan.com\/portal\/wp-content\/uploads\/2024\/10\/cropped-logo.jpeg","width":500,"height":250,"caption":"Fer Abrajan"},"image":{"@id":"https:\/\/ferabrajan.com\/portal\/#\/schema\/logo\/image\/"},"sameAs":["https:\/\/www.facebook.com\/NoticiasconFerAbrajan\/","https:\/\/x.com\/ferabrajan1"]},{"@type":"Person","@id":"https:\/\/ferabrajan.com\/portal\/#\/schema\/person\/f6113b3cb1e036d5c6a9505685b257ba","name":"admin","image":{"@type":"ImageObject","inLanguage":"es","@id":"https:\/\/secure.gravatar.com\/avatar\/072baa72775aad53c748dfc5d3048578e01b6c087eef335459ebfa04344e2d18?s=96&d=mm&r=g","url":"https:\/\/secure.gravatar.com\/avatar\/072baa72775aad53c748dfc5d3048578e01b6c087eef335459ebfa04344e2d18?s=96&d=mm&r=g","contentUrl":"https:\/\/secure.gravatar.com\/avatar\/072baa72775aad53c748dfc5d3048578e01b6c087eef335459ebfa04344e2d18?s=96&d=mm&r=g","caption":"admin"},"sameAs":["https:\/\/ferabrajan.com\/portal"],"url":"https:\/\/ferabrajan.com\/portal\/author\/admin\/"}]}},"_links":{"self":[{"href":"https:\/\/ferabrajan.com\/portal\/wp-json\/wp\/v2\/posts\/83303","targetHints":{"allow":["GET"]}}],"collection":[{"href":"https:\/\/ferabrajan.com\/portal\/wp-json\/wp\/v2\/posts"}],"about":[{"href":"https:\/\/ferabrajan.com\/portal\/wp-json\/wp\/v2\/types\/post"}],"author":[{"embeddable":true,"href":"https:\/\/ferabrajan.com\/portal\/wp-json\/wp\/v2\/users\/1"}],"replies":[{"embeddable":true,"href":"https:\/\/ferabrajan.com\/portal\/wp-json\/wp\/v2\/comments?post=83303"}],"version-history":[{"count":1,"href":"https:\/\/ferabrajan.com\/portal\/wp-json\/wp\/v2\/posts\/83303\/revisions"}],"predecessor-version":[{"id":83305,"href":"https:\/\/ferabrajan.com\/portal\/wp-json\/wp\/v2\/posts\/83303\/revisions\/83305"}],"wp:featuredmedia":[{"embeddable":true,"href":"https:\/\/ferabrajan.com\/portal\/wp-json\/wp\/v2\/media\/83304"}],"wp:attachment":[{"href":"https:\/\/ferabrajan.com\/portal\/wp-json\/wp\/v2\/media?parent=83303"}],"wp:term":[{"taxonomy":"category","embeddable":true,"href":"https:\/\/ferabrajan.com\/portal\/wp-json\/wp\/v2\/categories?post=83303"},{"taxonomy":"post_tag","embeddable":true,"href":"https:\/\/ferabrajan.com\/portal\/wp-json\/wp\/v2\/tags?post=83303"}],"curies":[{"name":"wp","href":"https:\/\/api.w.org\/{rel}","templated":true}]}}