{"id":83279,"date":"2026-07-16T07:00:08","date_gmt":"2026-07-16T07:00:08","guid":{"rendered":"https:\/\/ferabrajan.com\/portal\/?p=83279"},"modified":"2026-07-16T03:27:37","modified_gmt":"2026-07-16T03:27:37","slug":"garcia-parra-defiende-en-el-congreso-el-proyecto-del-cablebus","status":"publish","type":"post","link":"https:\/\/ferabrajan.com\/portal\/2026\/07\/16\/garcia-parra-defiende-en-el-congreso-el-proyecto-del-cablebus\/","title":{"rendered":"Garc\u00eda Parra defiende en el Congreso el proyecto del Cableb\u00fas"},"content":{"rendered":"<p class=\"PDq2pG_selectionAnchorContainer\" data-start=\"71\" data-end=\"385\">El coordinador de Gabinete del Gobierno de Puebla, <strong data-start=\"122\" data-end=\"148\">Jos\u00e9 Luis Garc\u00eda Parra<\/strong>, present\u00f3 ante el Congreso del Estado los alcances del <strong data-start=\"204\" data-end=\"237\">Sistema Integral de Movilidad<\/strong>, que incluye el <strong data-start=\"254\" data-end=\"289\">Sistema de Transporte por Cable<\/strong>, y llam\u00f3 a las y los diputados a respaldar el proyecto por encima de las diferencias pol\u00edticas.<\/p>\n<p data-start=\"387\" data-end=\"643\">Durante su comparecencia, explic\u00f3 que el sistema contempla <strong data-start=\"446\" data-end=\"525\">cuatro l\u00edneas, nueve nodos de transferencia y 14.58 kil\u00f3metros de recorrido<\/strong>, con una inversi\u00f3n de <strong data-start=\"548\" data-end=\"579\">6 mil 752 millones de pesos<\/strong>, para beneficiar a <strong data-start=\"599\" data-end=\"619\">774 mil usuarios<\/strong> del transporte p\u00fablico.<\/p>\n<p data-start=\"645\" data-end=\"952\">Garc\u00eda Parra se\u00f1al\u00f3 que el proyecto permitir\u00e1 <strong data-start=\"691\" data-end=\"750\">reducir el tiempo de traslado de hasta 100 a 44 minutos<\/strong>, disminuir la emisi\u00f3n de <strong data-start=\"776\" data-end=\"829\">18 mil 500 toneladas de di\u00f3xido de carbono al a\u00f1o<\/strong> y ofrecer <strong data-start=\"840\" data-end=\"863\">transporte gratuito<\/strong> a estudiantes de educaci\u00f3n b\u00e1sica, personas adultas mayores y personas con discapacidad.<\/p>\n<p data-start=\"954\" data-end=\"1310\">El funcionario destac\u00f3 que la propuesta est\u00e1 respaldada por <strong data-start=\"1014\" data-end=\"1086\">m\u00e1s de 70 estudios t\u00e9cnicos, financieros, ambientales y de movilidad<\/strong>, adem\u00e1s de un an\u00e1lisis costo-beneficio elaborado conforme a la metodolog\u00eda de la Secretar\u00eda de Hacienda. Tambi\u00e9n asegur\u00f3 que el redise\u00f1o del proyecto redujo de <strong data-start=\"1247\" data-end=\"1259\">980 a 77<\/strong> el n\u00famero de \u00e1rboles que requerir\u00edan intervenci\u00f3n.<\/p>\n<p data-start=\"1312\" data-end=\"1582\" data-is-last-node=\"\" data-is-only-node=\"\">Durante la sesi\u00f3n, diputadas y diputados de distintas fuerzas pol\u00edticas plantearon dudas sobre la viabilidad, transparencia, impacto ambiental y operaci\u00f3n del sistema, las cuales fueron respondidas por el representante del Ejecutivo con informaci\u00f3n t\u00e9cnica y documental.<\/p>\n<p data-start=\"1312\" data-end=\"1582\" data-is-last-node=\"\" data-is-only-node=\"\"><iframe src=\"\/\/www.youtube.com\/embed\/A7QQHiuy1hg?si=DepN0J9viHaBCsK9\" width=\"560\" height=\"314\" allowfullscreen=\"allowfullscreen\"><\/iframe><\/p>\n","protected":false},"excerpt":{"rendered":"<p>El coordinador de Gabinete del Gobierno de Puebla, Jos\u00e9 Luis Garc\u00eda Parra, present\u00f3 ante el Congreso del Estado los alcances del Sistema Integral de Movilidad, que incluye el Sistema de Transporte por Cable, y llam\u00f3 a las y los diputados a respaldar el proyecto por encima de las diferencias pol\u00edticas. Durante su comparecencia, explic\u00f3 que el sistema contempla cuatro l\u00edneas, nueve nodos de transferencia y 14.58 kil\u00f3metros de recorrido, con una inversi\u00f3n de 6 mil 752 millones de pesos, para beneficiar a 774 mil usuarios del transporte p\u00fablico. Garc\u00eda Parra se\u00f1al\u00f3 que el proyecto permitir\u00e1 reducir el tiempo de traslado de hasta 100 a 44 minutos, disminuir la emisi\u00f3n de 18 mil 500 toneladas de di\u00f3xido de carbono al a\u00f1o y ofrecer transporte gratuito a estudiantes de educaci\u00f3n b\u00e1sica, personas adultas mayores y personas con discapacidad. El funcionario destac\u00f3 que la propuesta est\u00e1 respaldada por m\u00e1s de 70 estudios t\u00e9cnicos, financieros, ambientales y de movilidad, adem\u00e1s de un an\u00e1lisis costo-beneficio elaborado conforme a la metodolog\u00eda de la Secretar\u00eda de Hacienda. Tambi\u00e9n asegur\u00f3 que el redise\u00f1o del proyecto redujo de 980 a 77 el n\u00famero de \u00e1rboles que requerir\u00edan intervenci\u00f3n. Durante la sesi\u00f3n, diputadas y diputados de distintas fuerzas pol\u00edticas plantearon dudas sobre la viabilidad, transparencia, impacto ambiental y operaci\u00f3n del sistema, las cuales fueron respondidas por el representante del Ejecutivo con informaci\u00f3n t\u00e9cnica y documental.<\/p>\n","protected":false},"author":3,"featured_media":83280,"comment_status":"closed","ping_status":"closed","sticky":false,"template":"","format":"standard","meta":{"_monsterinsights_skip_tracking":false,"_uf_show_specific_survey":0,"_uf_disable_surveys":false,"footnotes":""},"categories":[585,34],"tags":[102,3290,4510],"class_list":["post-83279","post","type-post","status-publish","format-standard","has-post-thumbnail","hentry","category-principal","category-puebla","tag-congreso-del-estado","tag-jose-luis-garcia-parra","tag-sistema-integral-de-movilidad"],"yoast_head":"<!-- This site is optimized with the Yoast SEO plugin v27.5 - https:\/\/yoast.com\/product\/yoast-seo-wordpress\/ -->\n<title>Garc\u00eda Parra defiende en el Congreso el proyecto del Cableb\u00fas - Fer Abrajan<\/title>\n<meta name=\"robots\" content=\"index, follow, max-snippet:-1, max-image-preview:large, max-video-preview:-1\" \/>\n<link rel=\"canonical\" href=\"https:\/\/ferabrajan.com\/portal\/2026\/07\/16\/garcia-parra-defiende-en-el-congreso-el-proyecto-del-cablebus\/\" \/>\n<meta property=\"og:locale\" content=\"es_ES\" \/>\n<meta property=\"og:type\" content=\"article\" \/>\n<meta property=\"og:title\" content=\"Garc\u00eda Parra defiende en el Congreso el proyecto del Cableb\u00fas - Fer Abrajan\" \/>\n<meta property=\"og:description\" content=\"El coordinador de Gabinete del Gobierno de Puebla, Jos\u00e9 Luis Garc\u00eda Parra, present\u00f3 ante el Congreso del Estado los alcances del Sistema Integral de Movilidad, que incluye el Sistema de Transporte por Cable, y llam\u00f3 a las y los diputados a respaldar el proyecto por encima de las diferencias pol\u00edticas. Durante su comparecencia, explic\u00f3 que el sistema contempla cuatro l\u00edneas, nueve nodos de transferencia y 14.58 kil\u00f3metros de recorrido, con una inversi\u00f3n de 6 mil 752 millones de pesos, para beneficiar a 774 mil usuarios del transporte p\u00fablico. Garc\u00eda Parra se\u00f1al\u00f3 que el proyecto permitir\u00e1 reducir el tiempo de traslado de hasta 100 a 44 minutos, disminuir la emisi\u00f3n de 18 mil 500 toneladas de di\u00f3xido de carbono al a\u00f1o y ofrecer transporte gratuito a estudiantes de educaci\u00f3n b\u00e1sica, personas adultas mayores y personas con discapacidad. El funcionario destac\u00f3 que la propuesta est\u00e1 respaldada por m\u00e1s de 70 estudios t\u00e9cnicos, financieros, ambientales y de movilidad, adem\u00e1s de un an\u00e1lisis costo-beneficio elaborado conforme a la metodolog\u00eda de la Secretar\u00eda de Hacienda. Tambi\u00e9n asegur\u00f3 que el redise\u00f1o del proyecto redujo de 980 a 77 el n\u00famero de \u00e1rboles que requerir\u00edan intervenci\u00f3n. Durante la sesi\u00f3n, diputadas y diputados de distintas fuerzas pol\u00edticas plantearon dudas sobre la viabilidad, transparencia, impacto ambiental y operaci\u00f3n del sistema, las cuales fueron respondidas por el representante del Ejecutivo con informaci\u00f3n t\u00e9cnica y documental.\" \/>\n<meta property=\"og:url\" content=\"https:\/\/ferabrajan.com\/portal\/2026\/07\/16\/garcia-parra-defiende-en-el-congreso-el-proyecto-del-cablebus\/\" \/>\n<meta property=\"og:site_name\" content=\"Fer Abrajan\" \/>\n<meta property=\"article:publisher\" content=\"https:\/\/www.facebook.com\/NoticiasconFerAbrajan\/\" \/>\n<meta property=\"article:published_time\" content=\"2026-07-16T07:00:08+00:00\" \/>\n<meta property=\"og:image\" content=\"https:\/\/ferabrajan.com\/portal\/wp-content\/uploads\/2026\/07\/AA_1507_2.jpeg\" \/>\n\t<meta property=\"og:image:width\" content=\"1280\" \/>\n\t<meta property=\"og:image:height\" content=\"854\" \/>\n\t<meta property=\"og:image:type\" content=\"image\/jpeg\" \/>\n<meta name=\"author\" content=\"Rebeca N\u00fa\u00f1ez\" \/>\n<meta name=\"twitter:card\" content=\"summary_large_image\" \/>\n<meta name=\"twitter:creator\" content=\"@ferabrajan1\" \/>\n<meta name=\"twitter:site\" content=\"@ferabrajan1\" \/>\n<meta name=\"twitter:label1\" content=\"Escrito por\" \/>\n\t<meta name=\"twitter:data1\" content=\"Rebeca N\u00fa\u00f1ez\" \/>\n\t<meta name=\"twitter:label2\" content=\"Tiempo de lectura\" \/>\n\t<meta name=\"twitter:data2\" content=\"2 minutos\" \/>\n<script type=\"application\/ld+json\" class=\"yoast-schema-graph\">{\"@context\":\"https:\\\/\\\/schema.org\",\"@graph\":[{\"@type\":\"Article\",\"@id\":\"https:\\\/\\\/ferabrajan.com\\\/portal\\\/2026\\\/07\\\/16\\\/garcia-parra-defiende-en-el-congreso-el-proyecto-del-cablebus\\\/#article\",\"isPartOf\":{\"@id\":\"https:\\\/\\\/ferabrajan.com\\\/portal\\\/2026\\\/07\\\/16\\\/garcia-parra-defiende-en-el-congreso-el-proyecto-del-cablebus\\\/\"},\"author\":{\"name\":\"Rebeca N\u00fa\u00f1ez\",\"@id\":\"https:\\\/\\\/ferabrajan.com\\\/portal\\\/#\\\/schema\\\/person\\\/a79364e0091921e733584c4833bc7a50\"},\"headline\":\"Garc\u00eda Parra defiende en el Congreso el proyecto del Cableb\u00fas\",\"datePublished\":\"2026-07-16T07:00:08+00:00\",\"mainEntityOfPage\":{\"@id\":\"https:\\\/\\\/ferabrajan.com\\\/portal\\\/2026\\\/07\\\/16\\\/garcia-parra-defiende-en-el-congreso-el-proyecto-del-cablebus\\\/\"},\"wordCount\":255,\"publisher\":{\"@id\":\"https:\\\/\\\/ferabrajan.com\\\/portal\\\/#organization\"},\"image\":{\"@id\":\"https:\\\/\\\/ferabrajan.com\\\/portal\\\/2026\\\/07\\\/16\\\/garcia-parra-defiende-en-el-congreso-el-proyecto-del-cablebus\\\/#primaryimage\"},\"thumbnailUrl\":\"https:\\\/\\\/ferabrajan.com\\\/portal\\\/wp-content\\\/uploads\\\/2026\\\/07\\\/AA_1507_2.jpeg\",\"keywords\":[\"Congreso del Estado\",\"Jos\u00e9 Luis Garc\u00eda Parra\",\"Sistema Integral de Movilidad\"],\"articleSection\":[\"Principal\",\"Puebla\"],\"inLanguage\":\"es\"},{\"@type\":\"WebPage\",\"@id\":\"https:\\\/\\\/ferabrajan.com\\\/portal\\\/2026\\\/07\\\/16\\\/garcia-parra-defiende-en-el-congreso-el-proyecto-del-cablebus\\\/\",\"url\":\"https:\\\/\\\/ferabrajan.com\\\/portal\\\/2026\\\/07\\\/16\\\/garcia-parra-defiende-en-el-congreso-el-proyecto-del-cablebus\\\/\",\"name\":\"Garc\u00eda Parra defiende en el Congreso el proyecto del Cableb\u00fas - Fer Abrajan\",\"isPartOf\":{\"@id\":\"https:\\\/\\\/ferabrajan.com\\\/portal\\\/#website\"},\"primaryImageOfPage\":{\"@id\":\"https:\\\/\\\/ferabrajan.com\\\/portal\\\/2026\\\/07\\\/16\\\/garcia-parra-defiende-en-el-congreso-el-proyecto-del-cablebus\\\/#primaryimage\"},\"image\":{\"@id\":\"https:\\\/\\\/ferabrajan.com\\\/portal\\\/2026\\\/07\\\/16\\\/garcia-parra-defiende-en-el-congreso-el-proyecto-del-cablebus\\\/#primaryimage\"},\"thumbnailUrl\":\"https:\\\/\\\/ferabrajan.com\\\/portal\\\/wp-content\\\/uploads\\\/2026\\\/07\\\/AA_1507_2.jpeg\",\"datePublished\":\"2026-07-16T07:00:08+00:00\",\"breadcrumb\":{\"@id\":\"https:\\\/\\\/ferabrajan.com\\\/portal\\\/2026\\\/07\\\/16\\\/garcia-parra-defiende-en-el-congreso-el-proyecto-del-cablebus\\\/#breadcrumb\"},\"inLanguage\":\"es\",\"potentialAction\":[{\"@type\":\"ReadAction\",\"target\":[\"https:\\\/\\\/ferabrajan.com\\\/portal\\\/2026\\\/07\\\/16\\\/garcia-parra-defiende-en-el-congreso-el-proyecto-del-cablebus\\\/\"]}]},{\"@type\":\"ImageObject\",\"inLanguage\":\"es\",\"@id\":\"https:\\\/\\\/ferabrajan.com\\\/portal\\\/2026\\\/07\\\/16\\\/garcia-parra-defiende-en-el-congreso-el-proyecto-del-cablebus\\\/#primaryimage\",\"url\":\"https:\\\/\\\/ferabrajan.com\\\/portal\\\/wp-content\\\/uploads\\\/2026\\\/07\\\/AA_1507_2.jpeg\",\"contentUrl\":\"https:\\\/\\\/ferabrajan.com\\\/portal\\\/wp-content\\\/uploads\\\/2026\\\/07\\\/AA_1507_2.jpeg\",\"width\":1280,\"height\":854},{\"@type\":\"BreadcrumbList\",\"@id\":\"https:\\\/\\\/ferabrajan.com\\\/portal\\\/2026\\\/07\\\/16\\\/garcia-parra-defiende-en-el-congreso-el-proyecto-del-cablebus\\\/#breadcrumb\",\"itemListElement\":[{\"@type\":\"ListItem\",\"position\":1,\"name\":\"Portada\",\"item\":\"https:\\\/\\\/ferabrajan.com\\\/portal\\\/\"},{\"@type\":\"ListItem\",\"position\":2,\"name\":\"Garc\u00eda Parra defiende en el Congreso el proyecto del Cableb\u00fas\"}]},{\"@type\":\"WebSite\",\"@id\":\"https:\\\/\\\/ferabrajan.com\\\/portal\\\/#website\",\"url\":\"https:\\\/\\\/ferabrajan.com\\\/portal\\\/\",\"name\":\"Fer Abrajan\",\"description\":\"Noticias de Puebla, opini\u00f3n y radio en vivo\",\"publisher\":{\"@id\":\"https:\\\/\\\/ferabrajan.com\\\/portal\\\/#organization\"},\"potentialAction\":[{\"@type\":\"SearchAction\",\"target\":{\"@type\":\"EntryPoint\",\"urlTemplate\":\"https:\\\/\\\/ferabrajan.com\\\/portal\\\/?s={search_term_string}\"},\"query-input\":{\"@type\":\"PropertyValueSpecification\",\"valueRequired\":true,\"valueName\":\"search_term_string\"}}],\"inLanguage\":\"es\"},{\"@type\":\"Organization\",\"@id\":\"https:\\\/\\\/ferabrajan.com\\\/portal\\\/#organization\",\"name\":\"Fer Abrajan\",\"url\":\"https:\\\/\\\/ferabrajan.com\\\/portal\\\/\",\"logo\":{\"@type\":\"ImageObject\",\"inLanguage\":\"es\",\"@id\":\"https:\\\/\\\/ferabrajan.com\\\/portal\\\/#\\\/schema\\\/logo\\\/image\\\/\",\"url\":\"https:\\\/\\\/ferabrajan.com\\\/portal\\\/wp-content\\\/uploads\\\/2024\\\/10\\\/cropped-logo.jpeg\",\"contentUrl\":\"https:\\\/\\\/ferabrajan.com\\\/portal\\\/wp-content\\\/uploads\\\/2024\\\/10\\\/cropped-logo.jpeg\",\"width\":500,\"height\":250,\"caption\":\"Fer Abrajan\"},\"image\":{\"@id\":\"https:\\\/\\\/ferabrajan.com\\\/portal\\\/#\\\/schema\\\/logo\\\/image\\\/\"},\"sameAs\":[\"https:\\\/\\\/www.facebook.com\\\/NoticiasconFerAbrajan\\\/\",\"https:\\\/\\\/x.com\\\/ferabrajan1\"]},{\"@type\":\"Person\",\"@id\":\"https:\\\/\\\/ferabrajan.com\\\/portal\\\/#\\\/schema\\\/person\\\/a79364e0091921e733584c4833bc7a50\",\"name\":\"Rebeca N\u00fa\u00f1ez\",\"image\":{\"@type\":\"ImageObject\",\"inLanguage\":\"es\",\"@id\":\"https:\\\/\\\/secure.gravatar.com\\\/avatar\\\/c9cbf721287e849268cd37eca93cf4be51b2eed9e71c8d0c6825bd912000b74e?s=96&d=mm&r=g\",\"url\":\"https:\\\/\\\/secure.gravatar.com\\\/avatar\\\/c9cbf721287e849268cd37eca93cf4be51b2eed9e71c8d0c6825bd912000b74e?s=96&d=mm&r=g\",\"contentUrl\":\"https:\\\/\\\/secure.gravatar.com\\\/avatar\\\/c9cbf721287e849268cd37eca93cf4be51b2eed9e71c8d0c6825bd912000b74e?s=96&d=mm&r=g\",\"caption\":\"Rebeca N\u00fa\u00f1ez\"},\"url\":\"https:\\\/\\\/ferabrajan.com\\\/portal\\\/author\\\/rebeca\\\/\"}]}<\/script>\n<!-- \/ Yoast SEO plugin. -->","yoast_head_json":{"title":"Garc\u00eda Parra defiende en el Congreso el proyecto del Cableb\u00fas - Fer Abrajan","robots":{"index":"index","follow":"follow","max-snippet":"max-snippet:-1","max-image-preview":"max-image-preview:large","max-video-preview":"max-video-preview:-1"},"canonical":"https:\/\/ferabrajan.com\/portal\/2026\/07\/16\/garcia-parra-defiende-en-el-congreso-el-proyecto-del-cablebus\/","og_locale":"es_ES","og_type":"article","og_title":"Garc\u00eda Parra defiende en el Congreso el proyecto del Cableb\u00fas - Fer Abrajan","og_description":"El coordinador de Gabinete del Gobierno de Puebla, Jos\u00e9 Luis Garc\u00eda Parra, present\u00f3 ante el Congreso del Estado los alcances del Sistema Integral de Movilidad, que incluye el Sistema de Transporte por Cable, y llam\u00f3 a las y los diputados a respaldar el proyecto por encima de las diferencias pol\u00edticas. Durante su comparecencia, explic\u00f3 que el sistema contempla cuatro l\u00edneas, nueve nodos de transferencia y 14.58 kil\u00f3metros de recorrido, con una inversi\u00f3n de 6 mil 752 millones de pesos, para beneficiar a 774 mil usuarios del transporte p\u00fablico. Garc\u00eda Parra se\u00f1al\u00f3 que el proyecto permitir\u00e1 reducir el tiempo de traslado de hasta 100 a 44 minutos, disminuir la emisi\u00f3n de 18 mil 500 toneladas de di\u00f3xido de carbono al a\u00f1o y ofrecer transporte gratuito a estudiantes de educaci\u00f3n b\u00e1sica, personas adultas mayores y personas con discapacidad. El funcionario destac\u00f3 que la propuesta est\u00e1 respaldada por m\u00e1s de 70 estudios t\u00e9cnicos, financieros, ambientales y de movilidad, adem\u00e1s de un an\u00e1lisis costo-beneficio elaborado conforme a la metodolog\u00eda de la Secretar\u00eda de Hacienda. Tambi\u00e9n asegur\u00f3 que el redise\u00f1o del proyecto redujo de 980 a 77 el n\u00famero de \u00e1rboles que requerir\u00edan intervenci\u00f3n. Durante la sesi\u00f3n, diputadas y diputados de distintas fuerzas pol\u00edticas plantearon dudas sobre la viabilidad, transparencia, impacto ambiental y operaci\u00f3n del sistema, las cuales fueron respondidas por el representante del Ejecutivo con informaci\u00f3n t\u00e9cnica y documental.","og_url":"https:\/\/ferabrajan.com\/portal\/2026\/07\/16\/garcia-parra-defiende-en-el-congreso-el-proyecto-del-cablebus\/","og_site_name":"Fer Abrajan","article_publisher":"https:\/\/www.facebook.com\/NoticiasconFerAbrajan\/","article_published_time":"2026-07-16T07:00:08+00:00","og_image":[{"width":1280,"height":854,"url":"https:\/\/ferabrajan.com\/portal\/wp-content\/uploads\/2026\/07\/AA_1507_2.jpeg","type":"image\/jpeg"}],"author":"Rebeca N\u00fa\u00f1ez","twitter_card":"summary_large_image","twitter_creator":"@ferabrajan1","twitter_site":"@ferabrajan1","twitter_misc":{"Escrito por":"Rebeca N\u00fa\u00f1ez","Tiempo de lectura":"2 minutos"},"schema":{"@context":"https:\/\/schema.org","@graph":[{"@type":"Article","@id":"https:\/\/ferabrajan.com\/portal\/2026\/07\/16\/garcia-parra-defiende-en-el-congreso-el-proyecto-del-cablebus\/#article","isPartOf":{"@id":"https:\/\/ferabrajan.com\/portal\/2026\/07\/16\/garcia-parra-defiende-en-el-congreso-el-proyecto-del-cablebus\/"},"author":{"name":"Rebeca N\u00fa\u00f1ez","@id":"https:\/\/ferabrajan.com\/portal\/#\/schema\/person\/a79364e0091921e733584c4833bc7a50"},"headline":"Garc\u00eda Parra defiende en el Congreso el proyecto del Cableb\u00fas","datePublished":"2026-07-16T07:00:08+00:00","mainEntityOfPage":{"@id":"https:\/\/ferabrajan.com\/portal\/2026\/07\/16\/garcia-parra-defiende-en-el-congreso-el-proyecto-del-cablebus\/"},"wordCount":255,"publisher":{"@id":"https:\/\/ferabrajan.com\/portal\/#organization"},"image":{"@id":"https:\/\/ferabrajan.com\/portal\/2026\/07\/16\/garcia-parra-defiende-en-el-congreso-el-proyecto-del-cablebus\/#primaryimage"},"thumbnailUrl":"https:\/\/ferabrajan.com\/portal\/wp-content\/uploads\/2026\/07\/AA_1507_2.jpeg","keywords":["Congreso del Estado","Jos\u00e9 Luis Garc\u00eda Parra","Sistema Integral de Movilidad"],"articleSection":["Principal","Puebla"],"inLanguage":"es"},{"@type":"WebPage","@id":"https:\/\/ferabrajan.com\/portal\/2026\/07\/16\/garcia-parra-defiende-en-el-congreso-el-proyecto-del-cablebus\/","url":"https:\/\/ferabrajan.com\/portal\/2026\/07\/16\/garcia-parra-defiende-en-el-congreso-el-proyecto-del-cablebus\/","name":"Garc\u00eda Parra defiende en el Congreso el proyecto del Cableb\u00fas - Fer Abrajan","isPartOf":{"@id":"https:\/\/ferabrajan.com\/portal\/#website"},"primaryImageOfPage":{"@id":"https:\/\/ferabrajan.com\/portal\/2026\/07\/16\/garcia-parra-defiende-en-el-congreso-el-proyecto-del-cablebus\/#primaryimage"},"image":{"@id":"https:\/\/ferabrajan.com\/portal\/2026\/07\/16\/garcia-parra-defiende-en-el-congreso-el-proyecto-del-cablebus\/#primaryimage"},"thumbnailUrl":"https:\/\/ferabrajan.com\/portal\/wp-content\/uploads\/2026\/07\/AA_1507_2.jpeg","datePublished":"2026-07-16T07:00:08+00:00","breadcrumb":{"@id":"https:\/\/ferabrajan.com\/portal\/2026\/07\/16\/garcia-parra-defiende-en-el-congreso-el-proyecto-del-cablebus\/#breadcrumb"},"inLanguage":"es","potentialAction":[{"@type":"ReadAction","target":["https:\/\/ferabrajan.com\/portal\/2026\/07\/16\/garcia-parra-defiende-en-el-congreso-el-proyecto-del-cablebus\/"]}]},{"@type":"ImageObject","inLanguage":"es","@id":"https:\/\/ferabrajan.com\/portal\/2026\/07\/16\/garcia-parra-defiende-en-el-congreso-el-proyecto-del-cablebus\/#primaryimage","url":"https:\/\/ferabrajan.com\/portal\/wp-content\/uploads\/2026\/07\/AA_1507_2.jpeg","contentUrl":"https:\/\/ferabrajan.com\/portal\/wp-content\/uploads\/2026\/07\/AA_1507_2.jpeg","width":1280,"height":854},{"@type":"BreadcrumbList","@id":"https:\/\/ferabrajan.com\/portal\/2026\/07\/16\/garcia-parra-defiende-en-el-congreso-el-proyecto-del-cablebus\/#breadcrumb","itemListElement":[{"@type":"ListItem","position":1,"name":"Portada","item":"https:\/\/ferabrajan.com\/portal\/"},{"@type":"ListItem","position":2,"name":"Garc\u00eda Parra defiende en el Congreso el proyecto del Cableb\u00fas"}]},{"@type":"WebSite","@id":"https:\/\/ferabrajan.com\/portal\/#website","url":"https:\/\/ferabrajan.com\/portal\/","name":"Fer Abrajan","description":"Noticias de Puebla, opini\u00f3n y radio en vivo","publisher":{"@id":"https:\/\/ferabrajan.com\/portal\/#organization"},"potentialAction":[{"@type":"SearchAction","target":{"@type":"EntryPoint","urlTemplate":"https:\/\/ferabrajan.com\/portal\/?s={search_term_string}"},"query-input":{"@type":"PropertyValueSpecification","valueRequired":true,"valueName":"search_term_string"}}],"inLanguage":"es"},{"@type":"Organization","@id":"https:\/\/ferabrajan.com\/portal\/#organization","name":"Fer Abrajan","url":"https:\/\/ferabrajan.com\/portal\/","logo":{"@type":"ImageObject","inLanguage":"es","@id":"https:\/\/ferabrajan.com\/portal\/#\/schema\/logo\/image\/","url":"https:\/\/ferabrajan.com\/portal\/wp-content\/uploads\/2024\/10\/cropped-logo.jpeg","contentUrl":"https:\/\/ferabrajan.com\/portal\/wp-content\/uploads\/2024\/10\/cropped-logo.jpeg","width":500,"height":250,"caption":"Fer Abrajan"},"image":{"@id":"https:\/\/ferabrajan.com\/portal\/#\/schema\/logo\/image\/"},"sameAs":["https:\/\/www.facebook.com\/NoticiasconFerAbrajan\/","https:\/\/x.com\/ferabrajan1"]},{"@type":"Person","@id":"https:\/\/ferabrajan.com\/portal\/#\/schema\/person\/a79364e0091921e733584c4833bc7a50","name":"Rebeca N\u00fa\u00f1ez","image":{"@type":"ImageObject","inLanguage":"es","@id":"https:\/\/secure.gravatar.com\/avatar\/c9cbf721287e849268cd37eca93cf4be51b2eed9e71c8d0c6825bd912000b74e?s=96&d=mm&r=g","url":"https:\/\/secure.gravatar.com\/avatar\/c9cbf721287e849268cd37eca93cf4be51b2eed9e71c8d0c6825bd912000b74e?s=96&d=mm&r=g","contentUrl":"https:\/\/secure.gravatar.com\/avatar\/c9cbf721287e849268cd37eca93cf4be51b2eed9e71c8d0c6825bd912000b74e?s=96&d=mm&r=g","caption":"Rebeca N\u00fa\u00f1ez"},"url":"https:\/\/ferabrajan.com\/portal\/author\/rebeca\/"}]}},"_links":{"self":[{"href":"https:\/\/ferabrajan.com\/portal\/wp-json\/wp\/v2\/posts\/83279","targetHints":{"allow":["GET"]}}],"collection":[{"href":"https:\/\/ferabrajan.com\/portal\/wp-json\/wp\/v2\/posts"}],"about":[{"href":"https:\/\/ferabrajan.com\/portal\/wp-json\/wp\/v2\/types\/post"}],"author":[{"embeddable":true,"href":"https:\/\/ferabrajan.com\/portal\/wp-json\/wp\/v2\/users\/3"}],"replies":[{"embeddable":true,"href":"https:\/\/ferabrajan.com\/portal\/wp-json\/wp\/v2\/comments?post=83279"}],"version-history":[{"count":1,"href":"https:\/\/ferabrajan.com\/portal\/wp-json\/wp\/v2\/posts\/83279\/revisions"}],"predecessor-version":[{"id":83281,"href":"https:\/\/ferabrajan.com\/portal\/wp-json\/wp\/v2\/posts\/83279\/revisions\/83281"}],"wp:featuredmedia":[{"embeddable":true,"href":"https:\/\/ferabrajan.com\/portal\/wp-json\/wp\/v2\/media\/83280"}],"wp:attachment":[{"href":"https:\/\/ferabrajan.com\/portal\/wp-json\/wp\/v2\/media?parent=83279"}],"wp:term":[{"taxonomy":"category","embeddable":true,"href":"https:\/\/ferabrajan.com\/portal\/wp-json\/wp\/v2\/categories?post=83279"},{"taxonomy":"post_tag","embeddable":true,"href":"https:\/\/ferabrajan.com\/portal\/wp-json\/wp\/v2\/tags?post=83279"}],"curies":[{"name":"wp","href":"https:\/\/api.w.org\/{rel}","templated":true}]}}