{"id":83270,"date":"2026-07-15T15:32:00","date_gmt":"2026-07-15T15:32:00","guid":{"rendered":"https:\/\/ferabrajan.com\/portal\/?p=83270"},"modified":"2026-07-15T15:32:00","modified_gmt":"2026-07-15T15:32:00","slug":"tonantzin-refuerza-mantenimiento-de-calles-y-espacios-publicos-en-cholula","status":"publish","type":"post","link":"https:\/\/ferabrajan.com\/portal\/2026\/07\/15\/tonantzin-refuerza-mantenimiento-de-calles-y-espacios-publicos-en-cholula\/","title":{"rendered":"Tonantzin refuerza mantenimiento de calles y espacios p\u00fablicos en Cholula"},"content":{"rendered":"<p class=\"PDq2pG_selectionAnchorContainer\" data-start=\"83\" data-end=\"349\">El Gobierno de <strong data-start=\"98\" data-end=\"119\">San Pedro Cholula<\/strong>, encabezado por <strong data-start=\"136\" data-end=\"159\">Tonantzin Fern\u00e1ndez<\/strong>, intensific\u00f3 las labores de mantenimiento urbano con acciones de alumbrado p\u00fablico, conservaci\u00f3n de \u00e1reas verdes y atenci\u00f3n a espacios p\u00fablicos en la cabecera municipal y juntas auxiliares.<\/p>\n<p data-start=\"351\" data-end=\"651\">Durante la \u00faltima semana, la Direcci\u00f3n de Servicios P\u00fablicos Municipales realiz\u00f3 <strong data-start=\"432\" data-end=\"461\">146 acciones de alumbrado<\/strong>, entre ellas <strong data-start=\"475\" data-end=\"509\">113 reparaciones de luminarias<\/strong>, <strong data-start=\"511\" data-end=\"540\">21 supervisiones t\u00e9cnicas<\/strong> y trabajos de mantenimiento en centros de carga para mejorar la iluminaci\u00f3n en distintos puntos del municipio.<\/p>\n<p data-start=\"653\" data-end=\"880\">Asimismo, el \u00e1rea de <strong data-start=\"674\" data-end=\"696\">Parques y Jardines<\/strong> llev\u00f3 a cabo <strong data-start=\"710\" data-end=\"731\">94 intervenciones<\/strong>, que incluyeron <strong data-start=\"748\" data-end=\"771\">17 podas de \u00e1rboles<\/strong>, adem\u00e1s de labores de deshierbe y barrido en <strong data-start=\"817\" data-end=\"830\">12 puntos<\/strong> de la cabecera municipal y las juntas auxiliares.<\/p>\n<p data-start=\"882\" data-end=\"1114\" data-is-last-node=\"\" data-is-only-node=\"\">La presidenta municipal, <strong data-start=\"907\" data-end=\"930\">Tonantzin Fern\u00e1ndez<\/strong>, afirm\u00f3 que estas acciones buscan mantener un municipio limpio, seguro y con espacios p\u00fablicos en mejores condiciones, mediante la atenci\u00f3n permanente a los reportes de la ciudadan\u00eda.<\/p>\n","protected":false},"excerpt":{"rendered":"<p>El Gobierno de San Pedro Cholula, encabezado por Tonantzin Fern\u00e1ndez, intensific\u00f3 las labores de mantenimiento urbano con acciones de alumbrado p\u00fablico, conservaci\u00f3n de \u00e1reas verdes y atenci\u00f3n a espacios p\u00fablicos en la cabecera municipal y juntas auxiliares. Durante la \u00faltima semana, la Direcci\u00f3n de Servicios P\u00fablicos Municipales realiz\u00f3 146 acciones de alumbrado, entre ellas 113 reparaciones de luminarias, 21 supervisiones t\u00e9cnicas y trabajos de mantenimiento en centros de carga para mejorar la iluminaci\u00f3n en distintos puntos del municipio. Asimismo, el \u00e1rea de Parques y Jardines llev\u00f3 a cabo 94 intervenciones, que incluyeron 17 podas de \u00e1rboles, adem\u00e1s de labores de deshierbe y barrido en 12 puntos de la cabecera municipal y las juntas auxiliares. La presidenta municipal, Tonantzin Fern\u00e1ndez, afirm\u00f3 que estas acciones buscan mantener un municipio limpio, seguro y con espacios p\u00fablicos en mejores condiciones, mediante la atenci\u00f3n permanente a los reportes de la ciudadan\u00eda.<\/p>\n","protected":false},"author":3,"featured_media":83271,"comment_status":"closed","ping_status":"closed","sticky":false,"template":"","format":"standard","meta":{"_monsterinsights_skip_tracking":false,"_uf_show_specific_survey":0,"_uf_disable_surveys":false,"footnotes":""},"categories":[53,585],"tags":[4951,29,1397],"class_list":["post-83270","post","type-post","status-publish","format-standard","has-post-thumbnail","hentry","category-local","category-principal","tag-mantenimiento-de-calles","tag-san-pedro-cholula","tag-tonantzin-fernandez"],"yoast_head":"<!-- This site is optimized with the Yoast SEO plugin v27.5 - https:\/\/yoast.com\/product\/yoast-seo-wordpress\/ -->\n<title>Tonantzin refuerza mantenimiento de calles y espacios p\u00fablicos en Cholula - Fer Abrajan<\/title>\n<meta name=\"robots\" content=\"index, follow, max-snippet:-1, max-image-preview:large, max-video-preview:-1\" \/>\n<link rel=\"canonical\" href=\"https:\/\/ferabrajan.com\/portal\/2026\/07\/15\/tonantzin-refuerza-mantenimiento-de-calles-y-espacios-publicos-en-cholula\/\" \/>\n<meta property=\"og:locale\" content=\"es_ES\" \/>\n<meta property=\"og:type\" content=\"article\" \/>\n<meta property=\"og:title\" content=\"Tonantzin refuerza mantenimiento de calles y espacios p\u00fablicos en Cholula - Fer Abrajan\" \/>\n<meta property=\"og:description\" content=\"El Gobierno de San Pedro Cholula, encabezado por Tonantzin Fern\u00e1ndez, intensific\u00f3 las labores de mantenimiento urbano con acciones de alumbrado p\u00fablico, conservaci\u00f3n de \u00e1reas verdes y atenci\u00f3n a espacios p\u00fablicos en la cabecera municipal y juntas auxiliares. Durante la \u00faltima semana, la Direcci\u00f3n de Servicios P\u00fablicos Municipales realiz\u00f3 146 acciones de alumbrado, entre ellas 113 reparaciones de luminarias, 21 supervisiones t\u00e9cnicas y trabajos de mantenimiento en centros de carga para mejorar la iluminaci\u00f3n en distintos puntos del municipio. Asimismo, el \u00e1rea de Parques y Jardines llev\u00f3 a cabo 94 intervenciones, que incluyeron 17 podas de \u00e1rboles, adem\u00e1s de labores de deshierbe y barrido en 12 puntos de la cabecera municipal y las juntas auxiliares. La presidenta municipal, Tonantzin Fern\u00e1ndez, afirm\u00f3 que estas acciones buscan mantener un municipio limpio, seguro y con espacios p\u00fablicos en mejores condiciones, mediante la atenci\u00f3n permanente a los reportes de la ciudadan\u00eda.\" \/>\n<meta property=\"og:url\" content=\"https:\/\/ferabrajan.com\/portal\/2026\/07\/15\/tonantzin-refuerza-mantenimiento-de-calles-y-espacios-publicos-en-cholula\/\" \/>\n<meta property=\"og:site_name\" content=\"Fer Abrajan\" \/>\n<meta property=\"article:publisher\" content=\"https:\/\/www.facebook.com\/NoticiasconFerAbrajan\/\" \/>\n<meta property=\"article:published_time\" content=\"2026-07-15T15:32:00+00:00\" \/>\n<meta property=\"og:image\" content=\"https:\/\/ferabrajan.com\/portal\/wp-content\/uploads\/2026\/07\/c12c0b9f-53b9-4991-be41-ada8c12a14f2.jpg\" \/>\n\t<meta property=\"og:image:width\" content=\"1280\" \/>\n\t<meta property=\"og:image:height\" content=\"960\" \/>\n\t<meta property=\"og:image:type\" content=\"image\/jpeg\" \/>\n<meta name=\"author\" content=\"Rebeca N\u00fa\u00f1ez\" \/>\n<meta name=\"twitter:card\" content=\"summary_large_image\" \/>\n<meta name=\"twitter:creator\" content=\"@ferabrajan1\" \/>\n<meta name=\"twitter:site\" content=\"@ferabrajan1\" \/>\n<meta name=\"twitter:label1\" content=\"Escrito por\" \/>\n\t<meta name=\"twitter:data1\" content=\"Rebeca N\u00fa\u00f1ez\" \/>\n\t<meta name=\"twitter:label2\" content=\"Tiempo de lectura\" \/>\n\t<meta name=\"twitter:data2\" content=\"1 minuto\" \/>\n<script type=\"application\/ld+json\" class=\"yoast-schema-graph\">{\"@context\":\"https:\\\/\\\/schema.org\",\"@graph\":[{\"@type\":\"Article\",\"@id\":\"https:\\\/\\\/ferabrajan.com\\\/portal\\\/2026\\\/07\\\/15\\\/tonantzin-refuerza-mantenimiento-de-calles-y-espacios-publicos-en-cholula\\\/#article\",\"isPartOf\":{\"@id\":\"https:\\\/\\\/ferabrajan.com\\\/portal\\\/2026\\\/07\\\/15\\\/tonantzin-refuerza-mantenimiento-de-calles-y-espacios-publicos-en-cholula\\\/\"},\"author\":{\"name\":\"Rebeca N\u00fa\u00f1ez\",\"@id\":\"https:\\\/\\\/ferabrajan.com\\\/portal\\\/#\\\/schema\\\/person\\\/a79364e0091921e733584c4833bc7a50\"},\"headline\":\"Tonantzin refuerza mantenimiento de calles y espacios p\u00fablicos en Cholula\",\"datePublished\":\"2026-07-15T15:32:00+00:00\",\"mainEntityOfPage\":{\"@id\":\"https:\\\/\\\/ferabrajan.com\\\/portal\\\/2026\\\/07\\\/15\\\/tonantzin-refuerza-mantenimiento-de-calles-y-espacios-publicos-en-cholula\\\/\"},\"wordCount\":165,\"publisher\":{\"@id\":\"https:\\\/\\\/ferabrajan.com\\\/portal\\\/#organization\"},\"image\":{\"@id\":\"https:\\\/\\\/ferabrajan.com\\\/portal\\\/2026\\\/07\\\/15\\\/tonantzin-refuerza-mantenimiento-de-calles-y-espacios-publicos-en-cholula\\\/#primaryimage\"},\"thumbnailUrl\":\"https:\\\/\\\/ferabrajan.com\\\/portal\\\/wp-content\\\/uploads\\\/2026\\\/07\\\/c12c0b9f-53b9-4991-be41-ada8c12a14f2.jpg\",\"keywords\":[\"mantenimiento de calles\",\"San Pedro Cholula\",\"Tonantzin Fern\u00e1ndez\"],\"articleSection\":[\"Local\",\"Principal\"],\"inLanguage\":\"es\"},{\"@type\":\"WebPage\",\"@id\":\"https:\\\/\\\/ferabrajan.com\\\/portal\\\/2026\\\/07\\\/15\\\/tonantzin-refuerza-mantenimiento-de-calles-y-espacios-publicos-en-cholula\\\/\",\"url\":\"https:\\\/\\\/ferabrajan.com\\\/portal\\\/2026\\\/07\\\/15\\\/tonantzin-refuerza-mantenimiento-de-calles-y-espacios-publicos-en-cholula\\\/\",\"name\":\"Tonantzin refuerza mantenimiento de calles y espacios p\u00fablicos en Cholula - Fer Abrajan\",\"isPartOf\":{\"@id\":\"https:\\\/\\\/ferabrajan.com\\\/portal\\\/#website\"},\"primaryImageOfPage\":{\"@id\":\"https:\\\/\\\/ferabrajan.com\\\/portal\\\/2026\\\/07\\\/15\\\/tonantzin-refuerza-mantenimiento-de-calles-y-espacios-publicos-en-cholula\\\/#primaryimage\"},\"image\":{\"@id\":\"https:\\\/\\\/ferabrajan.com\\\/portal\\\/2026\\\/07\\\/15\\\/tonantzin-refuerza-mantenimiento-de-calles-y-espacios-publicos-en-cholula\\\/#primaryimage\"},\"thumbnailUrl\":\"https:\\\/\\\/ferabrajan.com\\\/portal\\\/wp-content\\\/uploads\\\/2026\\\/07\\\/c12c0b9f-53b9-4991-be41-ada8c12a14f2.jpg\",\"datePublished\":\"2026-07-15T15:32:00+00:00\",\"breadcrumb\":{\"@id\":\"https:\\\/\\\/ferabrajan.com\\\/portal\\\/2026\\\/07\\\/15\\\/tonantzin-refuerza-mantenimiento-de-calles-y-espacios-publicos-en-cholula\\\/#breadcrumb\"},\"inLanguage\":\"es\",\"potentialAction\":[{\"@type\":\"ReadAction\",\"target\":[\"https:\\\/\\\/ferabrajan.com\\\/portal\\\/2026\\\/07\\\/15\\\/tonantzin-refuerza-mantenimiento-de-calles-y-espacios-publicos-en-cholula\\\/\"]}]},{\"@type\":\"ImageObject\",\"inLanguage\":\"es\",\"@id\":\"https:\\\/\\\/ferabrajan.com\\\/portal\\\/2026\\\/07\\\/15\\\/tonantzin-refuerza-mantenimiento-de-calles-y-espacios-publicos-en-cholula\\\/#primaryimage\",\"url\":\"https:\\\/\\\/ferabrajan.com\\\/portal\\\/wp-content\\\/uploads\\\/2026\\\/07\\\/c12c0b9f-53b9-4991-be41-ada8c12a14f2.jpg\",\"contentUrl\":\"https:\\\/\\\/ferabrajan.com\\\/portal\\\/wp-content\\\/uploads\\\/2026\\\/07\\\/c12c0b9f-53b9-4991-be41-ada8c12a14f2.jpg\",\"width\":1280,\"height\":960},{\"@type\":\"BreadcrumbList\",\"@id\":\"https:\\\/\\\/ferabrajan.com\\\/portal\\\/2026\\\/07\\\/15\\\/tonantzin-refuerza-mantenimiento-de-calles-y-espacios-publicos-en-cholula\\\/#breadcrumb\",\"itemListElement\":[{\"@type\":\"ListItem\",\"position\":1,\"name\":\"Portada\",\"item\":\"https:\\\/\\\/ferabrajan.com\\\/portal\\\/\"},{\"@type\":\"ListItem\",\"position\":2,\"name\":\"Tonantzin refuerza mantenimiento de calles y espacios p\u00fablicos en Cholula\"}]},{\"@type\":\"WebSite\",\"@id\":\"https:\\\/\\\/ferabrajan.com\\\/portal\\\/#website\",\"url\":\"https:\\\/\\\/ferabrajan.com\\\/portal\\\/\",\"name\":\"Fer Abrajan\",\"description\":\"Noticias de Puebla, opini\u00f3n y radio en vivo\",\"publisher\":{\"@id\":\"https:\\\/\\\/ferabrajan.com\\\/portal\\\/#organization\"},\"potentialAction\":[{\"@type\":\"SearchAction\",\"target\":{\"@type\":\"EntryPoint\",\"urlTemplate\":\"https:\\\/\\\/ferabrajan.com\\\/portal\\\/?s={search_term_string}\"},\"query-input\":{\"@type\":\"PropertyValueSpecification\",\"valueRequired\":true,\"valueName\":\"search_term_string\"}}],\"inLanguage\":\"es\"},{\"@type\":\"Organization\",\"@id\":\"https:\\\/\\\/ferabrajan.com\\\/portal\\\/#organization\",\"name\":\"Fer Abrajan\",\"url\":\"https:\\\/\\\/ferabrajan.com\\\/portal\\\/\",\"logo\":{\"@type\":\"ImageObject\",\"inLanguage\":\"es\",\"@id\":\"https:\\\/\\\/ferabrajan.com\\\/portal\\\/#\\\/schema\\\/logo\\\/image\\\/\",\"url\":\"https:\\\/\\\/ferabrajan.com\\\/portal\\\/wp-content\\\/uploads\\\/2024\\\/10\\\/cropped-logo.jpeg\",\"contentUrl\":\"https:\\\/\\\/ferabrajan.com\\\/portal\\\/wp-content\\\/uploads\\\/2024\\\/10\\\/cropped-logo.jpeg\",\"width\":500,\"height\":250,\"caption\":\"Fer Abrajan\"},\"image\":{\"@id\":\"https:\\\/\\\/ferabrajan.com\\\/portal\\\/#\\\/schema\\\/logo\\\/image\\\/\"},\"sameAs\":[\"https:\\\/\\\/www.facebook.com\\\/NoticiasconFerAbrajan\\\/\",\"https:\\\/\\\/x.com\\\/ferabrajan1\"]},{\"@type\":\"Person\",\"@id\":\"https:\\\/\\\/ferabrajan.com\\\/portal\\\/#\\\/schema\\\/person\\\/a79364e0091921e733584c4833bc7a50\",\"name\":\"Rebeca N\u00fa\u00f1ez\",\"image\":{\"@type\":\"ImageObject\",\"inLanguage\":\"es\",\"@id\":\"https:\\\/\\\/secure.gravatar.com\\\/avatar\\\/c9cbf721287e849268cd37eca93cf4be51b2eed9e71c8d0c6825bd912000b74e?s=96&d=mm&r=g\",\"url\":\"https:\\\/\\\/secure.gravatar.com\\\/avatar\\\/c9cbf721287e849268cd37eca93cf4be51b2eed9e71c8d0c6825bd912000b74e?s=96&d=mm&r=g\",\"contentUrl\":\"https:\\\/\\\/secure.gravatar.com\\\/avatar\\\/c9cbf721287e849268cd37eca93cf4be51b2eed9e71c8d0c6825bd912000b74e?s=96&d=mm&r=g\",\"caption\":\"Rebeca N\u00fa\u00f1ez\"},\"url\":\"https:\\\/\\\/ferabrajan.com\\\/portal\\\/author\\\/rebeca\\\/\"}]}<\/script>\n<!-- \/ Yoast SEO plugin. -->","yoast_head_json":{"title":"Tonantzin refuerza mantenimiento de calles y espacios p\u00fablicos en Cholula - Fer Abrajan","robots":{"index":"index","follow":"follow","max-snippet":"max-snippet:-1","max-image-preview":"max-image-preview:large","max-video-preview":"max-video-preview:-1"},"canonical":"https:\/\/ferabrajan.com\/portal\/2026\/07\/15\/tonantzin-refuerza-mantenimiento-de-calles-y-espacios-publicos-en-cholula\/","og_locale":"es_ES","og_type":"article","og_title":"Tonantzin refuerza mantenimiento de calles y espacios p\u00fablicos en Cholula - Fer Abrajan","og_description":"El Gobierno de San Pedro Cholula, encabezado por Tonantzin Fern\u00e1ndez, intensific\u00f3 las labores de mantenimiento urbano con acciones de alumbrado p\u00fablico, conservaci\u00f3n de \u00e1reas verdes y atenci\u00f3n a espacios p\u00fablicos en la cabecera municipal y juntas auxiliares. Durante la \u00faltima semana, la Direcci\u00f3n de Servicios P\u00fablicos Municipales realiz\u00f3 146 acciones de alumbrado, entre ellas 113 reparaciones de luminarias, 21 supervisiones t\u00e9cnicas y trabajos de mantenimiento en centros de carga para mejorar la iluminaci\u00f3n en distintos puntos del municipio. Asimismo, el \u00e1rea de Parques y Jardines llev\u00f3 a cabo 94 intervenciones, que incluyeron 17 podas de \u00e1rboles, adem\u00e1s de labores de deshierbe y barrido en 12 puntos de la cabecera municipal y las juntas auxiliares. La presidenta municipal, Tonantzin Fern\u00e1ndez, afirm\u00f3 que estas acciones buscan mantener un municipio limpio, seguro y con espacios p\u00fablicos en mejores condiciones, mediante la atenci\u00f3n permanente a los reportes de la ciudadan\u00eda.","og_url":"https:\/\/ferabrajan.com\/portal\/2026\/07\/15\/tonantzin-refuerza-mantenimiento-de-calles-y-espacios-publicos-en-cholula\/","og_site_name":"Fer Abrajan","article_publisher":"https:\/\/www.facebook.com\/NoticiasconFerAbrajan\/","article_published_time":"2026-07-15T15:32:00+00:00","og_image":[{"width":1280,"height":960,"url":"https:\/\/ferabrajan.com\/portal\/wp-content\/uploads\/2026\/07\/c12c0b9f-53b9-4991-be41-ada8c12a14f2.jpg","type":"image\/jpeg"}],"author":"Rebeca N\u00fa\u00f1ez","twitter_card":"summary_large_image","twitter_creator":"@ferabrajan1","twitter_site":"@ferabrajan1","twitter_misc":{"Escrito por":"Rebeca N\u00fa\u00f1ez","Tiempo de lectura":"1 minuto"},"schema":{"@context":"https:\/\/schema.org","@graph":[{"@type":"Article","@id":"https:\/\/ferabrajan.com\/portal\/2026\/07\/15\/tonantzin-refuerza-mantenimiento-de-calles-y-espacios-publicos-en-cholula\/#article","isPartOf":{"@id":"https:\/\/ferabrajan.com\/portal\/2026\/07\/15\/tonantzin-refuerza-mantenimiento-de-calles-y-espacios-publicos-en-cholula\/"},"author":{"name":"Rebeca N\u00fa\u00f1ez","@id":"https:\/\/ferabrajan.com\/portal\/#\/schema\/person\/a79364e0091921e733584c4833bc7a50"},"headline":"Tonantzin refuerza mantenimiento de calles y espacios p\u00fablicos en Cholula","datePublished":"2026-07-15T15:32:00+00:00","mainEntityOfPage":{"@id":"https:\/\/ferabrajan.com\/portal\/2026\/07\/15\/tonantzin-refuerza-mantenimiento-de-calles-y-espacios-publicos-en-cholula\/"},"wordCount":165,"publisher":{"@id":"https:\/\/ferabrajan.com\/portal\/#organization"},"image":{"@id":"https:\/\/ferabrajan.com\/portal\/2026\/07\/15\/tonantzin-refuerza-mantenimiento-de-calles-y-espacios-publicos-en-cholula\/#primaryimage"},"thumbnailUrl":"https:\/\/ferabrajan.com\/portal\/wp-content\/uploads\/2026\/07\/c12c0b9f-53b9-4991-be41-ada8c12a14f2.jpg","keywords":["mantenimiento de calles","San Pedro Cholula","Tonantzin Fern\u00e1ndez"],"articleSection":["Local","Principal"],"inLanguage":"es"},{"@type":"WebPage","@id":"https:\/\/ferabrajan.com\/portal\/2026\/07\/15\/tonantzin-refuerza-mantenimiento-de-calles-y-espacios-publicos-en-cholula\/","url":"https:\/\/ferabrajan.com\/portal\/2026\/07\/15\/tonantzin-refuerza-mantenimiento-de-calles-y-espacios-publicos-en-cholula\/","name":"Tonantzin refuerza mantenimiento de calles y espacios p\u00fablicos en Cholula - Fer Abrajan","isPartOf":{"@id":"https:\/\/ferabrajan.com\/portal\/#website"},"primaryImageOfPage":{"@id":"https:\/\/ferabrajan.com\/portal\/2026\/07\/15\/tonantzin-refuerza-mantenimiento-de-calles-y-espacios-publicos-en-cholula\/#primaryimage"},"image":{"@id":"https:\/\/ferabrajan.com\/portal\/2026\/07\/15\/tonantzin-refuerza-mantenimiento-de-calles-y-espacios-publicos-en-cholula\/#primaryimage"},"thumbnailUrl":"https:\/\/ferabrajan.com\/portal\/wp-content\/uploads\/2026\/07\/c12c0b9f-53b9-4991-be41-ada8c12a14f2.jpg","datePublished":"2026-07-15T15:32:00+00:00","breadcrumb":{"@id":"https:\/\/ferabrajan.com\/portal\/2026\/07\/15\/tonantzin-refuerza-mantenimiento-de-calles-y-espacios-publicos-en-cholula\/#breadcrumb"},"inLanguage":"es","potentialAction":[{"@type":"ReadAction","target":["https:\/\/ferabrajan.com\/portal\/2026\/07\/15\/tonantzin-refuerza-mantenimiento-de-calles-y-espacios-publicos-en-cholula\/"]}]},{"@type":"ImageObject","inLanguage":"es","@id":"https:\/\/ferabrajan.com\/portal\/2026\/07\/15\/tonantzin-refuerza-mantenimiento-de-calles-y-espacios-publicos-en-cholula\/#primaryimage","url":"https:\/\/ferabrajan.com\/portal\/wp-content\/uploads\/2026\/07\/c12c0b9f-53b9-4991-be41-ada8c12a14f2.jpg","contentUrl":"https:\/\/ferabrajan.com\/portal\/wp-content\/uploads\/2026\/07\/c12c0b9f-53b9-4991-be41-ada8c12a14f2.jpg","width":1280,"height":960},{"@type":"BreadcrumbList","@id":"https:\/\/ferabrajan.com\/portal\/2026\/07\/15\/tonantzin-refuerza-mantenimiento-de-calles-y-espacios-publicos-en-cholula\/#breadcrumb","itemListElement":[{"@type":"ListItem","position":1,"name":"Portada","item":"https:\/\/ferabrajan.com\/portal\/"},{"@type":"ListItem","position":2,"name":"Tonantzin refuerza mantenimiento de calles y espacios p\u00fablicos en Cholula"}]},{"@type":"WebSite","@id":"https:\/\/ferabrajan.com\/portal\/#website","url":"https:\/\/ferabrajan.com\/portal\/","name":"Fer Abrajan","description":"Noticias de Puebla, opini\u00f3n y radio en vivo","publisher":{"@id":"https:\/\/ferabrajan.com\/portal\/#organization"},"potentialAction":[{"@type":"SearchAction","target":{"@type":"EntryPoint","urlTemplate":"https:\/\/ferabrajan.com\/portal\/?s={search_term_string}"},"query-input":{"@type":"PropertyValueSpecification","valueRequired":true,"valueName":"search_term_string"}}],"inLanguage":"es"},{"@type":"Organization","@id":"https:\/\/ferabrajan.com\/portal\/#organization","name":"Fer Abrajan","url":"https:\/\/ferabrajan.com\/portal\/","logo":{"@type":"ImageObject","inLanguage":"es","@id":"https:\/\/ferabrajan.com\/portal\/#\/schema\/logo\/image\/","url":"https:\/\/ferabrajan.com\/portal\/wp-content\/uploads\/2024\/10\/cropped-logo.jpeg","contentUrl":"https:\/\/ferabrajan.com\/portal\/wp-content\/uploads\/2024\/10\/cropped-logo.jpeg","width":500,"height":250,"caption":"Fer Abrajan"},"image":{"@id":"https:\/\/ferabrajan.com\/portal\/#\/schema\/logo\/image\/"},"sameAs":["https:\/\/www.facebook.com\/NoticiasconFerAbrajan\/","https:\/\/x.com\/ferabrajan1"]},{"@type":"Person","@id":"https:\/\/ferabrajan.com\/portal\/#\/schema\/person\/a79364e0091921e733584c4833bc7a50","name":"Rebeca N\u00fa\u00f1ez","image":{"@type":"ImageObject","inLanguage":"es","@id":"https:\/\/secure.gravatar.com\/avatar\/c9cbf721287e849268cd37eca93cf4be51b2eed9e71c8d0c6825bd912000b74e?s=96&d=mm&r=g","url":"https:\/\/secure.gravatar.com\/avatar\/c9cbf721287e849268cd37eca93cf4be51b2eed9e71c8d0c6825bd912000b74e?s=96&d=mm&r=g","contentUrl":"https:\/\/secure.gravatar.com\/avatar\/c9cbf721287e849268cd37eca93cf4be51b2eed9e71c8d0c6825bd912000b74e?s=96&d=mm&r=g","caption":"Rebeca N\u00fa\u00f1ez"},"url":"https:\/\/ferabrajan.com\/portal\/author\/rebeca\/"}]}},"_links":{"self":[{"href":"https:\/\/ferabrajan.com\/portal\/wp-json\/wp\/v2\/posts\/83270","targetHints":{"allow":["GET"]}}],"collection":[{"href":"https:\/\/ferabrajan.com\/portal\/wp-json\/wp\/v2\/posts"}],"about":[{"href":"https:\/\/ferabrajan.com\/portal\/wp-json\/wp\/v2\/types\/post"}],"author":[{"embeddable":true,"href":"https:\/\/ferabrajan.com\/portal\/wp-json\/wp\/v2\/users\/3"}],"replies":[{"embeddable":true,"href":"https:\/\/ferabrajan.com\/portal\/wp-json\/wp\/v2\/comments?post=83270"}],"version-history":[{"count":1,"href":"https:\/\/ferabrajan.com\/portal\/wp-json\/wp\/v2\/posts\/83270\/revisions"}],"predecessor-version":[{"id":83272,"href":"https:\/\/ferabrajan.com\/portal\/wp-json\/wp\/v2\/posts\/83270\/revisions\/83272"}],"wp:featuredmedia":[{"embeddable":true,"href":"https:\/\/ferabrajan.com\/portal\/wp-json\/wp\/v2\/media\/83271"}],"wp:attachment":[{"href":"https:\/\/ferabrajan.com\/portal\/wp-json\/wp\/v2\/media?parent=83270"}],"wp:term":[{"taxonomy":"category","embeddable":true,"href":"https:\/\/ferabrajan.com\/portal\/wp-json\/wp\/v2\/categories?post=83270"},{"taxonomy":"post_tag","embeddable":true,"href":"https:\/\/ferabrajan.com\/portal\/wp-json\/wp\/v2\/tags?post=83270"}],"curies":[{"name":"wp","href":"https:\/\/api.w.org\/{rel}","templated":true}]}}