{"id":83267,"date":"2026-07-15T15:10:26","date_gmt":"2026-07-15T15:10:26","guid":{"rendered":"https:\/\/ferabrajan.com\/portal\/?p=83267"},"modified":"2026-07-15T15:10:26","modified_gmt":"2026-07-15T15:10:26","slug":"sorpresa-mundialista-tom-cruise-y-robbie-williams-encabezaran-la-ceremonia-de-clausura-del-mundial-2026","status":"publish","type":"post","link":"https:\/\/ferabrajan.com\/portal\/2026\/07\/15\/sorpresa-mundialista-tom-cruise-y-robbie-williams-encabezaran-la-ceremonia-de-clausura-del-mundial-2026\/","title":{"rendered":"\u00a1Sorpresa mundialista! Tom Cruise y Robbie Williams encabezar\u00e1n la ceremonia de clausura del Mundial 2026"},"content":{"rendered":"<p>La\u00a0<b>FIFA<\/b>\u00a0revel\u00f3 el elenco estelar que brillar\u00e1 en la\u00a0<b>ceremonia de clausura de la Copa Mundial de la FIFA 2026<\/b>, un espect\u00e1culo que promete ser uno de los m\u00e1s memorables de la historia del torneo. El evento se llevar\u00e1 a cabo el\u00a0<b>domingo 19 de julio de 2026<\/b>\u00a0en el\u00a0<b>Estadio Nueva York<\/b>\u00a0(Estadio MetLife), 90 minutos antes del pitazo inicial de la\u00a0<b>gran final<\/b>.<\/p>\n<h2 class=\"article-sub-heading\"><b>\u00bfQui\u00e9nes actuar\u00e1n en la ceremonia de clausura del Mundial 2026?<\/b><\/h2>\n<p data-t=\"{&quot;n&quot;:&quot;blueLinks&quot;,&quot;t&quot;:13,&quot;a&quot;:&quot;click&quot;,&quot;b&quot;:76}\">Seg\u00fan el comunicado oficial de la\u00a0<b>FIFA<\/b>, el lineup incluye figuras de Hollywood, la m\u00fasica internacional y el mundo digital:<\/p>\n<div class=\"article-list-slot\">\n<ul>\n<li data-t=\"{&quot;n&quot;:&quot;blueLinks&quot;,&quot;t&quot;:13,&quot;a&quot;:&quot;click&quot;,&quot;b&quot;:76}\"><b>Tom Cruise<\/b>\u00a0\u2014 El ic\u00f3nico actor de Hollywood tendr\u00e1 una aparici\u00f3n especial como uno de los grandes protagonistas.<\/li>\n<li class=\"continue-read-break\" data-t=\"{&quot;n&quot;:&quot;blueLinks&quot;,&quot;t&quot;:13,&quot;a&quot;:&quot;click&quot;,&quot;b&quot;:76}\"><b>Robbie Williams<\/b>\u00a0\u2014 El brit\u00e1nico, uno de los solistas m\u00e1s exitosos de todos los tiempos, ser\u00e1 otra de las estrellas principales.<\/li>\n<li data-t=\"{&quot;n&quot;:&quot;blueLinks&quot;,&quot;t&quot;:13,&quot;a&quot;:&quot;click&quot;,&quot;b&quot;:76}\"><b>Laura Pausini<\/b>\u00a0\u2014 La diva italiana interpretar\u00e1, junto a\u00a0<b>Robbie Williams<\/b>, el\u00a0<b>himno oficial del Mundial \u201cDesire\u201d<\/b>.<\/li>\n<li data-t=\"{&quot;n&quot;:&quot;blueLinks&quot;,&quot;t&quot;:13,&quot;a&quot;:&quot;click&quot;,&quot;b&quot;:76}\"><b>Nicole Scherzinger<\/b>\u00a0\u2014 La ex Pussycat Dolls sumar\u00e1 su potente voz al show.<\/li>\n<li data-t=\"{&quot;n&quot;:&quot;blueLinks&quot;,&quot;t&quot;:13,&quot;a&quot;:&quot;click&quot;,&quot;b&quot;:76}\"><b>iShowSpeed<\/b>\u00a0\u2014 El popular streamer llevar\u00e1 energ\u00eda y viralidad a la ceremonia.<\/li>\n<li data-t=\"{&quot;n&quot;:&quot;blueLinks&quot;,&quot;t&quot;:13,&quot;a&quot;:&quot;click&quot;,&quot;b&quot;:76}\"><b>Jennifer Hudson<\/b>\u00a0\u2014 La ganadora del EGOT (Emmy, Grammy, Oscar y Tony) cantar\u00e1 una versi\u00f3n especial del himno nacional de Estados Unidos justo antes del inicio del partido.<\/li>\n<li data-t=\"{&quot;n&quot;:&quot;blueLinks&quot;,&quot;t&quot;:13,&quot;a&quot;:&quot;click&quot;,&quot;b&quot;:76}\">\n<p data-t=\"{&quot;n&quot;:&quot;blueLinks&quot;,&quot;t&quot;:13,&quot;a&quot;:&quot;click&quot;,&quot;b&quot;:76}\">La producci\u00f3n estar\u00e1 a cargo de\u00a0<b>Balich Wonder Studio<\/b>, la misma empresa responsable de las ceremonias de apertura en\u00a0<b>M\u00e9xico, Estados Unidos y Canad\u00e1<\/b>. La\u00a0<b>FIFA<\/b>\u00a0adelant\u00f3 que a\u00fan hay invitados sorpresa por confirmar, por lo que el espect\u00e1culo podr\u00eda crecer a\u00fan m\u00e1s en los pr\u00f3ximos d\u00edas.<\/p>\n<h2 class=\"article-sub-heading\"><b>Fecha, hora y c\u00f3mo ver la ceremonia en vivo<\/b><\/h2>\n<div class=\"article-list-slot\">\n<ul>\n<li data-t=\"{&quot;n&quot;:&quot;blueLinks&quot;,&quot;t&quot;:13,&quot;a&quot;:&quot;click&quot;,&quot;b&quot;:76}\"><b>Ceremonia de clausura<\/b>:\u00a0<b>11:30 a.m. (hora del Centro de M\u00e9xico)<\/b>\u00a0\u2013\u00a0<b>Estadio MetLife<\/b>.<\/li>\n<li data-t=\"{&quot;n&quot;:&quot;blueLinks&quot;,&quot;t&quot;:13,&quot;a&quot;:&quot;click&quot;,&quot;b&quot;:76}\">Puertas del estadio: Abren a las 11:00 a.m. (hora local).<\/li>\n<li data-t=\"{&quot;n&quot;:&quot;blueLinks&quot;,&quot;t&quot;:13,&quot;a&quot;:&quot;click&quot;,&quot;b&quot;:76}\"><b>Final del Mundial 2026<\/b>:\u00a0<b>13:00 horas (Centro de M\u00e9xico)<\/b>.<\/li>\n<\/ul>\n<\/div>\n<p data-t=\"{&quot;n&quot;:&quot;blueLinks&quot;,&quot;t&quot;:13,&quot;a&quot;:&quot;click&quot;,&quot;b&quot;:76}\">Los aficionados que asistan al estadio podr\u00e1n disfrutar de activaciones previas y un ambiente festivo desde temprano.<\/p>\n<div class=\"twitter-slot\">\n<div class=\"article-social-slot\">\n<div class=\"twitter-tweet twitter-tweet-rendered\"><iframe id=\"twitter-widget-0\" class=\"\" title=\"X Post\" src=\"https:\/\/platform.twitter.com\/embed\/Tweet.html?dnt=false&amp;embedId=twitter-widget-0&amp;features=eyJ0ZndfdGltZWxpbmVfbGlzdCI6eyJidWNrZXQiOltdLCJ2ZXJzaW9uIjpudWxsfSwidGZ3X2ZvbGxvd2VyX2NvdW50X3N1bnNldCI6eyJidWNrZXQiOnRydWUsInZlcnNpb24iOm51bGx9LCJ0ZndfdHdlZXRfZWRpdF9iYWNrZW5kIjp7ImJ1Y2tldCI6Im9uIiwidmVyc2lvbiI6bnVsbH0sInRmd19yZWZzcmNfc2Vzc2lvbiI6eyJidWNrZXQiOiJvbiIsInZlcnNpb24iOm51bGx9LCJ0ZndfZm9zbnJfc29mdF9pbnRlcnZlbnRpb25zX2VuYWJsZWQiOnsiYnVja2V0Ijoib24iLCJ2ZXJzaW9uIjpudWxsfSwidGZ3X21peGVkX21lZGlhXzE1ODk3Ijp7ImJ1Y2tldCI6InRyZWF0bWVudCIsInZlcnNpb24iOm51bGx9LCJ0ZndfZXhwZXJpbWVudHNfY29va2llX2V4cGlyYXRpb24iOnsiYnVja2V0IjoxMjA5NjAwLCJ2ZXJzaW9uIjpudWxsfSwidGZ3X3Nob3dfYmlyZHdhdGNoX3Bpdm90c19lbmFibGVkIjp7ImJ1Y2tldCI6Im9uIiwidmVyc2lvbiI6bnVsbH0sInRmd19kdXBsaWNhdGVfc2NyaWJlc190b19zZXR0aW5ncyI6eyJidWNrZXQiOiJvbiIsInZlcnNpb24iOm51bGx9LCJ0ZndfdXNlX3Byb2ZpbGVfaW1hZ2Vfc2hhcGVfZW5hYmxlZCI6eyJidWNrZXQiOiJvbiIsInZlcnNpb24iOm51bGx9LCJ0ZndfdmlkZW9faGxzX2R5bmFtaWNfbWFuaWZlc3RzXzE1MDgyIjp7ImJ1Y2tldCI6InRydWVfYml0cmF0ZSIsInZlcnNpb24iOm51bGx9LCJ0ZndfbGVnYWN5X3RpbWVsaW5lX3N1bnNldCI6eyJidWNrZXQiOnRydWUsInZlcnNpb24iOm51bGx9LCJ0ZndfdHdlZXRfZWRpdF9mcm9udGVuZCI6eyJidWNrZXQiOiJvbiIsInZlcnNpb24iOm51bGx9fQ%3D%3D&amp;frame=false&amp;hideCard=false&amp;hideThread=false&amp;id=2077038291199590807&amp;lang=es&amp;origin=https%3A%2F%2Fwww.msn.com%2Fes-mx%2Fnoticias%2Fother%2Fsorpresa-mundialista-tom-cruise-y-robbie-williams-encabezar%25C3%25A1n-la-ceremonia-de-clausura-del-mundial-2026-cu%25C3%25A1ndo-y-d%25C3%25B3nde-verla%2Far-AA27V1MW%3Focid%3Dmsedgntp%26pc%3DHCTS%26cvid%3D6a57973516a04f41aad71e95df71c912%26ei%3D138&amp;sessionId=e7933477417727551a5cc0c1ff7977724c8ee573&amp;theme=light&amp;widgetsVersion=6a3ad42b224df%3A1778106238597&amp;width=550px\" frameborder=\"0\" scrolling=\"no\" allowfullscreen=\"allowfullscreen\" data-tweet-id=\"2077038291199590807\"><\/iframe><\/div>\n<div><\/div>\n<\/div>\n<\/div>\n<p data-t=\"{&quot;n&quot;:&quot;blueLinks&quot;,&quot;t&quot;:13,&quot;a&quot;:&quot;click&quot;,&quot;b&quot;:76}\">\n<h2 class=\"article-sub-heading\"><b>El cierre de un Mundial hist\u00f3rico<\/b><\/h2>\n<p data-t=\"{&quot;n&quot;:&quot;blueLinks&quot;,&quot;t&quot;:13,&quot;a&quot;:&quot;click&quot;,&quot;b&quot;:76}\"><b>Heimo Schirgi<\/b>, director de Operaciones del\u00a0<b>Mundial 2026<\/b>, destac\u00f3: \u201cLa ceremonia de clausura evocar\u00e1 la misma emoci\u00f3n con la que dimos la bienvenida al mundo en las aperturas y cerrar\u00e1 el c\u00edrculo de este torneo que ha marcado un antes y un despu\u00e9s en el f\u00fatbol\u201d.<\/p>\n<p data-t=\"{&quot;n&quot;:&quot;blueLinks&quot;,&quot;t&quot;:13,&quot;a&quot;:&quot;click&quot;,&quot;b&quot;:76}\">Tras m\u00e1s de un mes de competencia con\u00a0<b>48 selecciones<\/b>, el\u00a0<b>Mundial 2026<\/b>\u00a0coronar\u00e1 a su campe\u00f3n en un escenario que combinar\u00e1 f\u00fatbol, m\u00fasica y cultura global.<\/p>\n<\/li>\n<\/ul>\n<\/div>\n<p>Con Informaci\u00f3n de; <a href=\"https:\/\/www.msn.com\/es-mx\/noticias\/other\/sorpresa-mundialista-tom-cruise-y-robbie-williams-encabezar%C3%A1n-la-ceremonia-de-clausura-del-mundial-2026-cu%C3%A1ndo-y-d%C3%B3nde-verla\/ar-AA27V1MW?ocid=msedgntp&amp;pc=HCTS&amp;cvid=6a57973516a04f41aad71e95df71c912&amp;ei=138\">\u00a1Sorpresa mundialista! Tom Cruise y Robbie Williams encabezar\u00e1n la ceremonia de clausura del Mundial 2026: \u00bfCu\u00e1ndo y d\u00f3nde verla?<\/a><\/p>\n","protected":false},"excerpt":{"rendered":"<p>La\u00a0FIFA\u00a0revel\u00f3 el elenco estelar que brillar\u00e1 en la\u00a0ceremonia de clausura de la Copa Mundial de la FIFA 2026, un espect\u00e1culo que promete ser uno de los m\u00e1s memorables de la historia del torneo. El evento se llevar\u00e1 a cabo el\u00a0domingo 19 de julio de 2026\u00a0en el\u00a0Estadio Nueva York\u00a0(Estadio MetLife), 90 minutos antes del pitazo inicial de la\u00a0gran final. \u00bfQui\u00e9nes actuar\u00e1n en la ceremonia de clausura del Mundial 2026? Seg\u00fan el comunicado oficial de la\u00a0FIFA, el lineup incluye figuras de Hollywood, la m\u00fasica internacional y el mundo digital: Tom Cruise\u00a0\u2014 El ic\u00f3nico actor de Hollywood tendr\u00e1 una aparici\u00f3n especial como uno de los grandes protagonistas. Robbie Williams\u00a0\u2014 El brit\u00e1nico, uno de los solistas m\u00e1s exitosos de todos los tiempos, ser\u00e1 otra de las estrellas principales. Laura Pausini\u00a0\u2014 La diva italiana interpretar\u00e1, junto a\u00a0Robbie Williams, el\u00a0himno oficial del Mundial \u201cDesire\u201d. Nicole Scherzinger\u00a0\u2014 La ex Pussycat Dolls sumar\u00e1 su potente voz al show. iShowSpeed\u00a0\u2014 El popular streamer llevar\u00e1 energ\u00eda y viralidad a la ceremonia. Jennifer Hudson\u00a0\u2014 La ganadora del EGOT (Emmy, Grammy, Oscar y Tony) cantar\u00e1 una versi\u00f3n especial del himno nacional de Estados Unidos justo antes del inicio del partido. La producci\u00f3n estar\u00e1 a cargo de\u00a0Balich Wonder Studio, la misma empresa responsable de las ceremonias de apertura en\u00a0M\u00e9xico, Estados Unidos y Canad\u00e1. La\u00a0FIFA\u00a0adelant\u00f3 que a\u00fan hay invitados sorpresa por confirmar, por lo que el espect\u00e1culo podr\u00eda crecer a\u00fan m\u00e1s en los pr\u00f3ximos d\u00edas. Fecha, hora y c\u00f3mo ver la ceremonia en vivo Ceremonia de clausura:\u00a011:30 a.m. (hora del Centro de M\u00e9xico)\u00a0\u2013\u00a0Estadio MetLife. Puertas del estadio: Abren a las 11:00 a.m. (hora local). Final del Mundial 2026:\u00a013:00 horas (Centro de M\u00e9xico). Los aficionados que asistan al estadio podr\u00e1n disfrutar de activaciones previas y un ambiente festivo desde temprano. El cierre de un Mundial hist\u00f3rico Heimo Schirgi, director de Operaciones del\u00a0Mundial 2026, destac\u00f3: \u201cLa ceremonia de clausura evocar\u00e1 la misma emoci\u00f3n con la que dimos la bienvenida al mundo en las aperturas y cerrar\u00e1 el c\u00edrculo de este torneo que ha marcado un antes y un despu\u00e9s en el f\u00fatbol\u201d. Tras m\u00e1s de un mes de competencia con\u00a048 selecciones, el\u00a0Mundial 2026\u00a0coronar\u00e1 a su campe\u00f3n en un escenario que combinar\u00e1 f\u00fatbol, m\u00fasica y cultura global. Con Informaci\u00f3n de; \u00a1Sorpresa mundialista! Tom Cruise y Robbie Williams encabezar\u00e1n la ceremonia de clausura del Mundial 2026: \u00bfCu\u00e1ndo y d\u00f3nde verla?<\/p>\n","protected":false},"author":1,"featured_media":83268,"comment_status":"closed","ping_status":"closed","sticky":false,"template":"","format":"standard","meta":{"_monsterinsights_skip_tracking":false,"_uf_show_specific_survey":0,"_uf_disable_surveys":false,"footnotes":""},"categories":[36,585],"tags":[2896,4259,4950,4949],"class_list":["post-83267","post","type-post","status-publish","format-standard","has-post-thumbnail","hentry","category-el-mundo","category-principal","tag-clausura","tag-mundial","tag-robbie-williams","tag-tom-cruise"],"yoast_head":"<!-- This site is optimized with the Yoast SEO plugin v27.5 - https:\/\/yoast.com\/product\/yoast-seo-wordpress\/ -->\n<title>\u00a1Sorpresa mundialista! Tom Cruise y Robbie Williams encabezar\u00e1n la ceremonia de clausura del Mundial 2026 - Fer Abrajan<\/title>\n<meta name=\"robots\" content=\"index, follow, max-snippet:-1, max-image-preview:large, max-video-preview:-1\" \/>\n<link rel=\"canonical\" href=\"https:\/\/ferabrajan.com\/portal\/2026\/07\/15\/sorpresa-mundialista-tom-cruise-y-robbie-williams-encabezaran-la-ceremonia-de-clausura-del-mundial-2026\/\" \/>\n<meta property=\"og:locale\" content=\"es_ES\" \/>\n<meta property=\"og:type\" content=\"article\" \/>\n<meta property=\"og:title\" content=\"\u00a1Sorpresa mundialista! Tom Cruise y Robbie Williams encabezar\u00e1n la ceremonia de clausura del Mundial 2026 - Fer Abrajan\" \/>\n<meta property=\"og:description\" content=\"La\u00a0FIFA\u00a0revel\u00f3 el elenco estelar que brillar\u00e1 en la\u00a0ceremonia de clausura de la Copa Mundial de la FIFA 2026, un espect\u00e1culo que promete ser uno de los m\u00e1s memorables de la historia del torneo. El evento se llevar\u00e1 a cabo el\u00a0domingo 19 de julio de 2026\u00a0en el\u00a0Estadio Nueva York\u00a0(Estadio MetLife), 90 minutos antes del pitazo inicial de la\u00a0gran final. \u00bfQui\u00e9nes actuar\u00e1n en la ceremonia de clausura del Mundial 2026? Seg\u00fan el comunicado oficial de la\u00a0FIFA, el lineup incluye figuras de Hollywood, la m\u00fasica internacional y el mundo digital: Tom Cruise\u00a0\u2014 El ic\u00f3nico actor de Hollywood tendr\u00e1 una aparici\u00f3n especial como uno de los grandes protagonistas. Robbie Williams\u00a0\u2014 El brit\u00e1nico, uno de los solistas m\u00e1s exitosos de todos los tiempos, ser\u00e1 otra de las estrellas principales. Laura Pausini\u00a0\u2014 La diva italiana interpretar\u00e1, junto a\u00a0Robbie Williams, el\u00a0himno oficial del Mundial \u201cDesire\u201d. Nicole Scherzinger\u00a0\u2014 La ex Pussycat Dolls sumar\u00e1 su potente voz al show. iShowSpeed\u00a0\u2014 El popular streamer llevar\u00e1 energ\u00eda y viralidad a la ceremonia. Jennifer Hudson\u00a0\u2014 La ganadora del EGOT (Emmy, Grammy, Oscar y Tony) cantar\u00e1 una versi\u00f3n especial del himno nacional de Estados Unidos justo antes del inicio del partido. La producci\u00f3n estar\u00e1 a cargo de\u00a0Balich Wonder Studio, la misma empresa responsable de las ceremonias de apertura en\u00a0M\u00e9xico, Estados Unidos y Canad\u00e1. La\u00a0FIFA\u00a0adelant\u00f3 que a\u00fan hay invitados sorpresa por confirmar, por lo que el espect\u00e1culo podr\u00eda crecer a\u00fan m\u00e1s en los pr\u00f3ximos d\u00edas. Fecha, hora y c\u00f3mo ver la ceremonia en vivo Ceremonia de clausura:\u00a011:30 a.m. (hora del Centro de M\u00e9xico)\u00a0\u2013\u00a0Estadio MetLife. Puertas del estadio: Abren a las 11:00 a.m. (hora local). Final del Mundial 2026:\u00a013:00 horas (Centro de M\u00e9xico). Los aficionados que asistan al estadio podr\u00e1n disfrutar de activaciones previas y un ambiente festivo desde temprano. El cierre de un Mundial hist\u00f3rico Heimo Schirgi, director de Operaciones del\u00a0Mundial 2026, destac\u00f3: \u201cLa ceremonia de clausura evocar\u00e1 la misma emoci\u00f3n con la que dimos la bienvenida al mundo en las aperturas y cerrar\u00e1 el c\u00edrculo de este torneo que ha marcado un antes y un despu\u00e9s en el f\u00fatbol\u201d. Tras m\u00e1s de un mes de competencia con\u00a048 selecciones, el\u00a0Mundial 2026\u00a0coronar\u00e1 a su campe\u00f3n en un escenario que combinar\u00e1 f\u00fatbol, m\u00fasica y cultura global. Con Informaci\u00f3n de; \u00a1Sorpresa mundialista! Tom Cruise y Robbie Williams encabezar\u00e1n la ceremonia de clausura del Mundial 2026: \u00bfCu\u00e1ndo y d\u00f3nde verla?\" \/>\n<meta property=\"og:url\" content=\"https:\/\/ferabrajan.com\/portal\/2026\/07\/15\/sorpresa-mundialista-tom-cruise-y-robbie-williams-encabezaran-la-ceremonia-de-clausura-del-mundial-2026\/\" \/>\n<meta property=\"og:site_name\" content=\"Fer Abrajan\" \/>\n<meta property=\"article:publisher\" content=\"https:\/\/www.facebook.com\/NoticiasconFerAbrajan\/\" \/>\n<meta property=\"article:published_time\" content=\"2026-07-15T15:10:26+00:00\" \/>\n<meta property=\"og:image\" content=\"https:\/\/ferabrajan.com\/portal\/wp-content\/uploads\/2026\/07\/AA27UHM3.jpg\" \/>\n\t<meta property=\"og:image:width\" content=\"768\" \/>\n\t<meta property=\"og:image:height\" content=\"575\" \/>\n\t<meta property=\"og:image:type\" content=\"image\/jpeg\" \/>\n<meta name=\"author\" content=\"admin\" \/>\n<meta name=\"twitter:card\" content=\"summary_large_image\" \/>\n<meta name=\"twitter:creator\" content=\"@ferabrajan1\" \/>\n<meta name=\"twitter:site\" content=\"@ferabrajan1\" \/>\n<meta name=\"twitter:label1\" content=\"Escrito por\" \/>\n\t<meta name=\"twitter:data1\" content=\"admin\" \/>\n\t<meta name=\"twitter:label2\" content=\"Tiempo de lectura\" \/>\n\t<meta name=\"twitter:data2\" content=\"3 minutos\" \/>\n<script type=\"application\/ld+json\" class=\"yoast-schema-graph\">{\"@context\":\"https:\\\/\\\/schema.org\",\"@graph\":[{\"@type\":\"Article\",\"@id\":\"https:\\\/\\\/ferabrajan.com\\\/portal\\\/2026\\\/07\\\/15\\\/sorpresa-mundialista-tom-cruise-y-robbie-williams-encabezaran-la-ceremonia-de-clausura-del-mundial-2026\\\/#article\",\"isPartOf\":{\"@id\":\"https:\\\/\\\/ferabrajan.com\\\/portal\\\/2026\\\/07\\\/15\\\/sorpresa-mundialista-tom-cruise-y-robbie-williams-encabezaran-la-ceremonia-de-clausura-del-mundial-2026\\\/\"},\"author\":{\"name\":\"admin\",\"@id\":\"https:\\\/\\\/ferabrajan.com\\\/portal\\\/#\\\/schema\\\/person\\\/f6113b3cb1e036d5c6a9505685b257ba\"},\"headline\":\"\u00a1Sorpresa mundialista! Tom Cruise y Robbie Williams encabezar\u00e1n la ceremonia de clausura del Mundial 2026\",\"datePublished\":\"2026-07-15T15:10:26+00:00\",\"mainEntityOfPage\":{\"@id\":\"https:\\\/\\\/ferabrajan.com\\\/portal\\\/2026\\\/07\\\/15\\\/sorpresa-mundialista-tom-cruise-y-robbie-williams-encabezaran-la-ceremonia-de-clausura-del-mundial-2026\\\/\"},\"wordCount\":446,\"publisher\":{\"@id\":\"https:\\\/\\\/ferabrajan.com\\\/portal\\\/#organization\"},\"image\":{\"@id\":\"https:\\\/\\\/ferabrajan.com\\\/portal\\\/2026\\\/07\\\/15\\\/sorpresa-mundialista-tom-cruise-y-robbie-williams-encabezaran-la-ceremonia-de-clausura-del-mundial-2026\\\/#primaryimage\"},\"thumbnailUrl\":\"https:\\\/\\\/ferabrajan.com\\\/portal\\\/wp-content\\\/uploads\\\/2026\\\/07\\\/AA27UHM3.jpg\",\"keywords\":[\"Clausura\",\"Mundial\",\"Robbie Williams\",\"Tom Cruise\"],\"articleSection\":[\"El Mundo\",\"Principal\"],\"inLanguage\":\"es\"},{\"@type\":\"WebPage\",\"@id\":\"https:\\\/\\\/ferabrajan.com\\\/portal\\\/2026\\\/07\\\/15\\\/sorpresa-mundialista-tom-cruise-y-robbie-williams-encabezaran-la-ceremonia-de-clausura-del-mundial-2026\\\/\",\"url\":\"https:\\\/\\\/ferabrajan.com\\\/portal\\\/2026\\\/07\\\/15\\\/sorpresa-mundialista-tom-cruise-y-robbie-williams-encabezaran-la-ceremonia-de-clausura-del-mundial-2026\\\/\",\"name\":\"\u00a1Sorpresa mundialista! Tom Cruise y Robbie Williams encabezar\u00e1n la ceremonia de clausura del Mundial 2026 - Fer Abrajan\",\"isPartOf\":{\"@id\":\"https:\\\/\\\/ferabrajan.com\\\/portal\\\/#website\"},\"primaryImageOfPage\":{\"@id\":\"https:\\\/\\\/ferabrajan.com\\\/portal\\\/2026\\\/07\\\/15\\\/sorpresa-mundialista-tom-cruise-y-robbie-williams-encabezaran-la-ceremonia-de-clausura-del-mundial-2026\\\/#primaryimage\"},\"image\":{\"@id\":\"https:\\\/\\\/ferabrajan.com\\\/portal\\\/2026\\\/07\\\/15\\\/sorpresa-mundialista-tom-cruise-y-robbie-williams-encabezaran-la-ceremonia-de-clausura-del-mundial-2026\\\/#primaryimage\"},\"thumbnailUrl\":\"https:\\\/\\\/ferabrajan.com\\\/portal\\\/wp-content\\\/uploads\\\/2026\\\/07\\\/AA27UHM3.jpg\",\"datePublished\":\"2026-07-15T15:10:26+00:00\",\"breadcrumb\":{\"@id\":\"https:\\\/\\\/ferabrajan.com\\\/portal\\\/2026\\\/07\\\/15\\\/sorpresa-mundialista-tom-cruise-y-robbie-williams-encabezaran-la-ceremonia-de-clausura-del-mundial-2026\\\/#breadcrumb\"},\"inLanguage\":\"es\",\"potentialAction\":[{\"@type\":\"ReadAction\",\"target\":[\"https:\\\/\\\/ferabrajan.com\\\/portal\\\/2026\\\/07\\\/15\\\/sorpresa-mundialista-tom-cruise-y-robbie-williams-encabezaran-la-ceremonia-de-clausura-del-mundial-2026\\\/\"]}]},{\"@type\":\"ImageObject\",\"inLanguage\":\"es\",\"@id\":\"https:\\\/\\\/ferabrajan.com\\\/portal\\\/2026\\\/07\\\/15\\\/sorpresa-mundialista-tom-cruise-y-robbie-williams-encabezaran-la-ceremonia-de-clausura-del-mundial-2026\\\/#primaryimage\",\"url\":\"https:\\\/\\\/ferabrajan.com\\\/portal\\\/wp-content\\\/uploads\\\/2026\\\/07\\\/AA27UHM3.jpg\",\"contentUrl\":\"https:\\\/\\\/ferabrajan.com\\\/portal\\\/wp-content\\\/uploads\\\/2026\\\/07\\\/AA27UHM3.jpg\",\"width\":768,\"height\":575},{\"@type\":\"BreadcrumbList\",\"@id\":\"https:\\\/\\\/ferabrajan.com\\\/portal\\\/2026\\\/07\\\/15\\\/sorpresa-mundialista-tom-cruise-y-robbie-williams-encabezaran-la-ceremonia-de-clausura-del-mundial-2026\\\/#breadcrumb\",\"itemListElement\":[{\"@type\":\"ListItem\",\"position\":1,\"name\":\"Portada\",\"item\":\"https:\\\/\\\/ferabrajan.com\\\/portal\\\/\"},{\"@type\":\"ListItem\",\"position\":2,\"name\":\"\u00a1Sorpresa mundialista! Tom Cruise y Robbie Williams encabezar\u00e1n la ceremonia de clausura del Mundial 2026\"}]},{\"@type\":\"WebSite\",\"@id\":\"https:\\\/\\\/ferabrajan.com\\\/portal\\\/#website\",\"url\":\"https:\\\/\\\/ferabrajan.com\\\/portal\\\/\",\"name\":\"Fer Abrajan\",\"description\":\"Noticias de Puebla, opini\u00f3n y radio en vivo\",\"publisher\":{\"@id\":\"https:\\\/\\\/ferabrajan.com\\\/portal\\\/#organization\"},\"potentialAction\":[{\"@type\":\"SearchAction\",\"target\":{\"@type\":\"EntryPoint\",\"urlTemplate\":\"https:\\\/\\\/ferabrajan.com\\\/portal\\\/?s={search_term_string}\"},\"query-input\":{\"@type\":\"PropertyValueSpecification\",\"valueRequired\":true,\"valueName\":\"search_term_string\"}}],\"inLanguage\":\"es\"},{\"@type\":\"Organization\",\"@id\":\"https:\\\/\\\/ferabrajan.com\\\/portal\\\/#organization\",\"name\":\"Fer Abrajan\",\"url\":\"https:\\\/\\\/ferabrajan.com\\\/portal\\\/\",\"logo\":{\"@type\":\"ImageObject\",\"inLanguage\":\"es\",\"@id\":\"https:\\\/\\\/ferabrajan.com\\\/portal\\\/#\\\/schema\\\/logo\\\/image\\\/\",\"url\":\"https:\\\/\\\/ferabrajan.com\\\/portal\\\/wp-content\\\/uploads\\\/2024\\\/10\\\/cropped-logo.jpeg\",\"contentUrl\":\"https:\\\/\\\/ferabrajan.com\\\/portal\\\/wp-content\\\/uploads\\\/2024\\\/10\\\/cropped-logo.jpeg\",\"width\":500,\"height\":250,\"caption\":\"Fer Abrajan\"},\"image\":{\"@id\":\"https:\\\/\\\/ferabrajan.com\\\/portal\\\/#\\\/schema\\\/logo\\\/image\\\/\"},\"sameAs\":[\"https:\\\/\\\/www.facebook.com\\\/NoticiasconFerAbrajan\\\/\",\"https:\\\/\\\/x.com\\\/ferabrajan1\"]},{\"@type\":\"Person\",\"@id\":\"https:\\\/\\\/ferabrajan.com\\\/portal\\\/#\\\/schema\\\/person\\\/f6113b3cb1e036d5c6a9505685b257ba\",\"name\":\"admin\",\"image\":{\"@type\":\"ImageObject\",\"inLanguage\":\"es\",\"@id\":\"https:\\\/\\\/secure.gravatar.com\\\/avatar\\\/072baa72775aad53c748dfc5d3048578e01b6c087eef335459ebfa04344e2d18?s=96&d=mm&r=g\",\"url\":\"https:\\\/\\\/secure.gravatar.com\\\/avatar\\\/072baa72775aad53c748dfc5d3048578e01b6c087eef335459ebfa04344e2d18?s=96&d=mm&r=g\",\"contentUrl\":\"https:\\\/\\\/secure.gravatar.com\\\/avatar\\\/072baa72775aad53c748dfc5d3048578e01b6c087eef335459ebfa04344e2d18?s=96&d=mm&r=g\",\"caption\":\"admin\"},\"sameAs\":[\"https:\\\/\\\/ferabrajan.com\\\/portal\"],\"url\":\"https:\\\/\\\/ferabrajan.com\\\/portal\\\/author\\\/admin\\\/\"}]}<\/script>\n<!-- \/ Yoast SEO plugin. -->","yoast_head_json":{"title":"\u00a1Sorpresa mundialista! Tom Cruise y Robbie Williams encabezar\u00e1n la ceremonia de clausura del Mundial 2026 - Fer Abrajan","robots":{"index":"index","follow":"follow","max-snippet":"max-snippet:-1","max-image-preview":"max-image-preview:large","max-video-preview":"max-video-preview:-1"},"canonical":"https:\/\/ferabrajan.com\/portal\/2026\/07\/15\/sorpresa-mundialista-tom-cruise-y-robbie-williams-encabezaran-la-ceremonia-de-clausura-del-mundial-2026\/","og_locale":"es_ES","og_type":"article","og_title":"\u00a1Sorpresa mundialista! Tom Cruise y Robbie Williams encabezar\u00e1n la ceremonia de clausura del Mundial 2026 - Fer Abrajan","og_description":"La\u00a0FIFA\u00a0revel\u00f3 el elenco estelar que brillar\u00e1 en la\u00a0ceremonia de clausura de la Copa Mundial de la FIFA 2026, un espect\u00e1culo que promete ser uno de los m\u00e1s memorables de la historia del torneo. El evento se llevar\u00e1 a cabo el\u00a0domingo 19 de julio de 2026\u00a0en el\u00a0Estadio Nueva York\u00a0(Estadio MetLife), 90 minutos antes del pitazo inicial de la\u00a0gran final. \u00bfQui\u00e9nes actuar\u00e1n en la ceremonia de clausura del Mundial 2026? Seg\u00fan el comunicado oficial de la\u00a0FIFA, el lineup incluye figuras de Hollywood, la m\u00fasica internacional y el mundo digital: Tom Cruise\u00a0\u2014 El ic\u00f3nico actor de Hollywood tendr\u00e1 una aparici\u00f3n especial como uno de los grandes protagonistas. Robbie Williams\u00a0\u2014 El brit\u00e1nico, uno de los solistas m\u00e1s exitosos de todos los tiempos, ser\u00e1 otra de las estrellas principales. Laura Pausini\u00a0\u2014 La diva italiana interpretar\u00e1, junto a\u00a0Robbie Williams, el\u00a0himno oficial del Mundial \u201cDesire\u201d. Nicole Scherzinger\u00a0\u2014 La ex Pussycat Dolls sumar\u00e1 su potente voz al show. iShowSpeed\u00a0\u2014 El popular streamer llevar\u00e1 energ\u00eda y viralidad a la ceremonia. Jennifer Hudson\u00a0\u2014 La ganadora del EGOT (Emmy, Grammy, Oscar y Tony) cantar\u00e1 una versi\u00f3n especial del himno nacional de Estados Unidos justo antes del inicio del partido. La producci\u00f3n estar\u00e1 a cargo de\u00a0Balich Wonder Studio, la misma empresa responsable de las ceremonias de apertura en\u00a0M\u00e9xico, Estados Unidos y Canad\u00e1. La\u00a0FIFA\u00a0adelant\u00f3 que a\u00fan hay invitados sorpresa por confirmar, por lo que el espect\u00e1culo podr\u00eda crecer a\u00fan m\u00e1s en los pr\u00f3ximos d\u00edas. Fecha, hora y c\u00f3mo ver la ceremonia en vivo Ceremonia de clausura:\u00a011:30 a.m. (hora del Centro de M\u00e9xico)\u00a0\u2013\u00a0Estadio MetLife. Puertas del estadio: Abren a las 11:00 a.m. (hora local). Final del Mundial 2026:\u00a013:00 horas (Centro de M\u00e9xico). Los aficionados que asistan al estadio podr\u00e1n disfrutar de activaciones previas y un ambiente festivo desde temprano. El cierre de un Mundial hist\u00f3rico Heimo Schirgi, director de Operaciones del\u00a0Mundial 2026, destac\u00f3: \u201cLa ceremonia de clausura evocar\u00e1 la misma emoci\u00f3n con la que dimos la bienvenida al mundo en las aperturas y cerrar\u00e1 el c\u00edrculo de este torneo que ha marcado un antes y un despu\u00e9s en el f\u00fatbol\u201d. Tras m\u00e1s de un mes de competencia con\u00a048 selecciones, el\u00a0Mundial 2026\u00a0coronar\u00e1 a su campe\u00f3n en un escenario que combinar\u00e1 f\u00fatbol, m\u00fasica y cultura global. Con Informaci\u00f3n de; \u00a1Sorpresa mundialista! Tom Cruise y Robbie Williams encabezar\u00e1n la ceremonia de clausura del Mundial 2026: \u00bfCu\u00e1ndo y d\u00f3nde verla?","og_url":"https:\/\/ferabrajan.com\/portal\/2026\/07\/15\/sorpresa-mundialista-tom-cruise-y-robbie-williams-encabezaran-la-ceremonia-de-clausura-del-mundial-2026\/","og_site_name":"Fer Abrajan","article_publisher":"https:\/\/www.facebook.com\/NoticiasconFerAbrajan\/","article_published_time":"2026-07-15T15:10:26+00:00","og_image":[{"width":768,"height":575,"url":"https:\/\/ferabrajan.com\/portal\/wp-content\/uploads\/2026\/07\/AA27UHM3.jpg","type":"image\/jpeg"}],"author":"admin","twitter_card":"summary_large_image","twitter_creator":"@ferabrajan1","twitter_site":"@ferabrajan1","twitter_misc":{"Escrito por":"admin","Tiempo de lectura":"3 minutos"},"schema":{"@context":"https:\/\/schema.org","@graph":[{"@type":"Article","@id":"https:\/\/ferabrajan.com\/portal\/2026\/07\/15\/sorpresa-mundialista-tom-cruise-y-robbie-williams-encabezaran-la-ceremonia-de-clausura-del-mundial-2026\/#article","isPartOf":{"@id":"https:\/\/ferabrajan.com\/portal\/2026\/07\/15\/sorpresa-mundialista-tom-cruise-y-robbie-williams-encabezaran-la-ceremonia-de-clausura-del-mundial-2026\/"},"author":{"name":"admin","@id":"https:\/\/ferabrajan.com\/portal\/#\/schema\/person\/f6113b3cb1e036d5c6a9505685b257ba"},"headline":"\u00a1Sorpresa mundialista! Tom Cruise y Robbie Williams encabezar\u00e1n la ceremonia de clausura del Mundial 2026","datePublished":"2026-07-15T15:10:26+00:00","mainEntityOfPage":{"@id":"https:\/\/ferabrajan.com\/portal\/2026\/07\/15\/sorpresa-mundialista-tom-cruise-y-robbie-williams-encabezaran-la-ceremonia-de-clausura-del-mundial-2026\/"},"wordCount":446,"publisher":{"@id":"https:\/\/ferabrajan.com\/portal\/#organization"},"image":{"@id":"https:\/\/ferabrajan.com\/portal\/2026\/07\/15\/sorpresa-mundialista-tom-cruise-y-robbie-williams-encabezaran-la-ceremonia-de-clausura-del-mundial-2026\/#primaryimage"},"thumbnailUrl":"https:\/\/ferabrajan.com\/portal\/wp-content\/uploads\/2026\/07\/AA27UHM3.jpg","keywords":["Clausura","Mundial","Robbie Williams","Tom Cruise"],"articleSection":["El Mundo","Principal"],"inLanguage":"es"},{"@type":"WebPage","@id":"https:\/\/ferabrajan.com\/portal\/2026\/07\/15\/sorpresa-mundialista-tom-cruise-y-robbie-williams-encabezaran-la-ceremonia-de-clausura-del-mundial-2026\/","url":"https:\/\/ferabrajan.com\/portal\/2026\/07\/15\/sorpresa-mundialista-tom-cruise-y-robbie-williams-encabezaran-la-ceremonia-de-clausura-del-mundial-2026\/","name":"\u00a1Sorpresa mundialista! Tom Cruise y Robbie Williams encabezar\u00e1n la ceremonia de clausura del Mundial 2026 - Fer Abrajan","isPartOf":{"@id":"https:\/\/ferabrajan.com\/portal\/#website"},"primaryImageOfPage":{"@id":"https:\/\/ferabrajan.com\/portal\/2026\/07\/15\/sorpresa-mundialista-tom-cruise-y-robbie-williams-encabezaran-la-ceremonia-de-clausura-del-mundial-2026\/#primaryimage"},"image":{"@id":"https:\/\/ferabrajan.com\/portal\/2026\/07\/15\/sorpresa-mundialista-tom-cruise-y-robbie-williams-encabezaran-la-ceremonia-de-clausura-del-mundial-2026\/#primaryimage"},"thumbnailUrl":"https:\/\/ferabrajan.com\/portal\/wp-content\/uploads\/2026\/07\/AA27UHM3.jpg","datePublished":"2026-07-15T15:10:26+00:00","breadcrumb":{"@id":"https:\/\/ferabrajan.com\/portal\/2026\/07\/15\/sorpresa-mundialista-tom-cruise-y-robbie-williams-encabezaran-la-ceremonia-de-clausura-del-mundial-2026\/#breadcrumb"},"inLanguage":"es","potentialAction":[{"@type":"ReadAction","target":["https:\/\/ferabrajan.com\/portal\/2026\/07\/15\/sorpresa-mundialista-tom-cruise-y-robbie-williams-encabezaran-la-ceremonia-de-clausura-del-mundial-2026\/"]}]},{"@type":"ImageObject","inLanguage":"es","@id":"https:\/\/ferabrajan.com\/portal\/2026\/07\/15\/sorpresa-mundialista-tom-cruise-y-robbie-williams-encabezaran-la-ceremonia-de-clausura-del-mundial-2026\/#primaryimage","url":"https:\/\/ferabrajan.com\/portal\/wp-content\/uploads\/2026\/07\/AA27UHM3.jpg","contentUrl":"https:\/\/ferabrajan.com\/portal\/wp-content\/uploads\/2026\/07\/AA27UHM3.jpg","width":768,"height":575},{"@type":"BreadcrumbList","@id":"https:\/\/ferabrajan.com\/portal\/2026\/07\/15\/sorpresa-mundialista-tom-cruise-y-robbie-williams-encabezaran-la-ceremonia-de-clausura-del-mundial-2026\/#breadcrumb","itemListElement":[{"@type":"ListItem","position":1,"name":"Portada","item":"https:\/\/ferabrajan.com\/portal\/"},{"@type":"ListItem","position":2,"name":"\u00a1Sorpresa mundialista! Tom Cruise y Robbie Williams encabezar\u00e1n la ceremonia de clausura del Mundial 2026"}]},{"@type":"WebSite","@id":"https:\/\/ferabrajan.com\/portal\/#website","url":"https:\/\/ferabrajan.com\/portal\/","name":"Fer Abrajan","description":"Noticias de Puebla, opini\u00f3n y radio en vivo","publisher":{"@id":"https:\/\/ferabrajan.com\/portal\/#organization"},"potentialAction":[{"@type":"SearchAction","target":{"@type":"EntryPoint","urlTemplate":"https:\/\/ferabrajan.com\/portal\/?s={search_term_string}"},"query-input":{"@type":"PropertyValueSpecification","valueRequired":true,"valueName":"search_term_string"}}],"inLanguage":"es"},{"@type":"Organization","@id":"https:\/\/ferabrajan.com\/portal\/#organization","name":"Fer Abrajan","url":"https:\/\/ferabrajan.com\/portal\/","logo":{"@type":"ImageObject","inLanguage":"es","@id":"https:\/\/ferabrajan.com\/portal\/#\/schema\/logo\/image\/","url":"https:\/\/ferabrajan.com\/portal\/wp-content\/uploads\/2024\/10\/cropped-logo.jpeg","contentUrl":"https:\/\/ferabrajan.com\/portal\/wp-content\/uploads\/2024\/10\/cropped-logo.jpeg","width":500,"height":250,"caption":"Fer Abrajan"},"image":{"@id":"https:\/\/ferabrajan.com\/portal\/#\/schema\/logo\/image\/"},"sameAs":["https:\/\/www.facebook.com\/NoticiasconFerAbrajan\/","https:\/\/x.com\/ferabrajan1"]},{"@type":"Person","@id":"https:\/\/ferabrajan.com\/portal\/#\/schema\/person\/f6113b3cb1e036d5c6a9505685b257ba","name":"admin","image":{"@type":"ImageObject","inLanguage":"es","@id":"https:\/\/secure.gravatar.com\/avatar\/072baa72775aad53c748dfc5d3048578e01b6c087eef335459ebfa04344e2d18?s=96&d=mm&r=g","url":"https:\/\/secure.gravatar.com\/avatar\/072baa72775aad53c748dfc5d3048578e01b6c087eef335459ebfa04344e2d18?s=96&d=mm&r=g","contentUrl":"https:\/\/secure.gravatar.com\/avatar\/072baa72775aad53c748dfc5d3048578e01b6c087eef335459ebfa04344e2d18?s=96&d=mm&r=g","caption":"admin"},"sameAs":["https:\/\/ferabrajan.com\/portal"],"url":"https:\/\/ferabrajan.com\/portal\/author\/admin\/"}]}},"_links":{"self":[{"href":"https:\/\/ferabrajan.com\/portal\/wp-json\/wp\/v2\/posts\/83267","targetHints":{"allow":["GET"]}}],"collection":[{"href":"https:\/\/ferabrajan.com\/portal\/wp-json\/wp\/v2\/posts"}],"about":[{"href":"https:\/\/ferabrajan.com\/portal\/wp-json\/wp\/v2\/types\/post"}],"author":[{"embeddable":true,"href":"https:\/\/ferabrajan.com\/portal\/wp-json\/wp\/v2\/users\/1"}],"replies":[{"embeddable":true,"href":"https:\/\/ferabrajan.com\/portal\/wp-json\/wp\/v2\/comments?post=83267"}],"version-history":[{"count":1,"href":"https:\/\/ferabrajan.com\/portal\/wp-json\/wp\/v2\/posts\/83267\/revisions"}],"predecessor-version":[{"id":83269,"href":"https:\/\/ferabrajan.com\/portal\/wp-json\/wp\/v2\/posts\/83267\/revisions\/83269"}],"wp:featuredmedia":[{"embeddable":true,"href":"https:\/\/ferabrajan.com\/portal\/wp-json\/wp\/v2\/media\/83268"}],"wp:attachment":[{"href":"https:\/\/ferabrajan.com\/portal\/wp-json\/wp\/v2\/media?parent=83267"}],"wp:term":[{"taxonomy":"category","embeddable":true,"href":"https:\/\/ferabrajan.com\/portal\/wp-json\/wp\/v2\/categories?post=83267"},{"taxonomy":"post_tag","embeddable":true,"href":"https:\/\/ferabrajan.com\/portal\/wp-json\/wp\/v2\/tags?post=83267"}],"curies":[{"name":"wp","href":"https:\/\/api.w.org\/{rel}","templated":true}]}}