{"id":83261,"date":"2026-07-15T14:42:16","date_gmt":"2026-07-15T14:42:16","guid":{"rendered":"https:\/\/ferabrajan.com\/portal\/?p=83261"},"modified":"2026-07-15T14:42:16","modified_gmt":"2026-07-15T14:42:16","slug":"adultos-mayores-concluyen-estudios-en-la-buap","status":"publish","type":"post","link":"https:\/\/ferabrajan.com\/portal\/2026\/07\/15\/adultos-mayores-concluyen-estudios-en-la-buap\/","title":{"rendered":"Adultos mayores concluyen estudios en la BUAP"},"content":{"rendered":"<p class=\"PDq2pG_selectionAnchorContainer\" data-start=\"55\" data-end=\"311\">La rectora <strong data-start=\"66\" data-end=\"91\">Lilia Cedillo Ram\u00edrez<\/strong> reconoci\u00f3 a las y los egresados de la <strong data-start=\"130\" data-end=\"158\">Universidad para Adultos<\/strong> como un ejemplo de esfuerzo y superaci\u00f3n, al destacar que representan un referente para la comunidad universitaria por su compromiso con el aprendizaje.<\/p>\n<p data-start=\"313\" data-end=\"547\">Durante la ceremonia de graduaci\u00f3n, la rectora se\u00f1al\u00f3 que las y los estudiantes demostraron que <strong data-start=\"409\" data-end=\"452\">nunca es tarde para seguir prepar\u00e1ndose<\/strong>, adem\u00e1s de agradecer la confianza depositada en la BUAP para continuar su formaci\u00f3n acad\u00e9mica.<\/p>\n<p data-start=\"549\" data-end=\"757\">La <strong data-start=\"552\" data-end=\"580\">Universidad para Adultos<\/strong> ofrece espacios de aprendizaje y desarrollo personal dirigidos a personas mayores, con el prop\u00f3sito de fomentar la educaci\u00f3n continua, la inclusi\u00f3n y una mejor calidad de vida.<\/p>\n<p data-start=\"759\" data-end=\"919\" data-is-last-node=\"\" data-is-only-node=\"\">Lilia Cedillo reiter\u00f3 que la BUAP mantiene su compromiso de impulsar programas que fortalezcan el acceso a la educaci\u00f3n para todos los sectores de la poblaci\u00f3n.<\/p>\n","protected":false},"excerpt":{"rendered":"<p>La rectora Lilia Cedillo Ram\u00edrez reconoci\u00f3 a las y los egresados de la Universidad para Adultos como un ejemplo de esfuerzo y superaci\u00f3n, al destacar que representan un referente para la comunidad universitaria por su compromiso con el aprendizaje. Durante la ceremonia de graduaci\u00f3n, la rectora se\u00f1al\u00f3 que las y los estudiantes demostraron que nunca es tarde para seguir prepar\u00e1ndose, adem\u00e1s de agradecer la confianza depositada en la BUAP para continuar su formaci\u00f3n acad\u00e9mica. La Universidad para Adultos ofrece espacios de aprendizaje y desarrollo personal dirigidos a personas mayores, con el prop\u00f3sito de fomentar la educaci\u00f3n continua, la inclusi\u00f3n y una mejor calidad de vida. Lilia Cedillo reiter\u00f3 que la BUAP mantiene su compromiso de impulsar programas que fortalezcan el acceso a la educaci\u00f3n para todos los sectores de la poblaci\u00f3n.<\/p>\n","protected":false},"author":3,"featured_media":83262,"comment_status":"closed","ping_status":"closed","sticky":false,"template":"","format":"standard","meta":{"_monsterinsights_skip_tracking":false,"_uf_show_specific_survey":0,"_uf_disable_surveys":false,"footnotes":""},"categories":[585,34],"tags":[510,1021,4947,615],"class_list":["post-83261","post","type-post","status-publish","format-standard","has-post-thumbnail","hentry","category-principal","category-puebla","tag-adultos-mayores","tag-buao","tag-egresados","tag-lilia-cedillo"],"yoast_head":"<!-- This site is optimized with the Yoast SEO plugin v27.5 - https:\/\/yoast.com\/product\/yoast-seo-wordpress\/ -->\n<title>Adultos mayores concluyen estudios en la BUAP - Fer Abrajan<\/title>\n<meta name=\"robots\" content=\"index, follow, max-snippet:-1, max-image-preview:large, max-video-preview:-1\" \/>\n<link rel=\"canonical\" href=\"https:\/\/ferabrajan.com\/portal\/2026\/07\/15\/adultos-mayores-concluyen-estudios-en-la-buap\/\" \/>\n<meta property=\"og:locale\" content=\"es_ES\" \/>\n<meta property=\"og:type\" content=\"article\" \/>\n<meta property=\"og:title\" content=\"Adultos mayores concluyen estudios en la BUAP - Fer Abrajan\" \/>\n<meta property=\"og:description\" content=\"La rectora Lilia Cedillo Ram\u00edrez reconoci\u00f3 a las y los egresados de la Universidad para Adultos como un ejemplo de esfuerzo y superaci\u00f3n, al destacar que representan un referente para la comunidad universitaria por su compromiso con el aprendizaje. Durante la ceremonia de graduaci\u00f3n, la rectora se\u00f1al\u00f3 que las y los estudiantes demostraron que nunca es tarde para seguir prepar\u00e1ndose, adem\u00e1s de agradecer la confianza depositada en la BUAP para continuar su formaci\u00f3n acad\u00e9mica. La Universidad para Adultos ofrece espacios de aprendizaje y desarrollo personal dirigidos a personas mayores, con el prop\u00f3sito de fomentar la educaci\u00f3n continua, la inclusi\u00f3n y una mejor calidad de vida. Lilia Cedillo reiter\u00f3 que la BUAP mantiene su compromiso de impulsar programas que fortalezcan el acceso a la educaci\u00f3n para todos los sectores de la poblaci\u00f3n.\" \/>\n<meta property=\"og:url\" content=\"https:\/\/ferabrajan.com\/portal\/2026\/07\/15\/adultos-mayores-concluyen-estudios-en-la-buap\/\" \/>\n<meta property=\"og:site_name\" content=\"Fer Abrajan\" \/>\n<meta property=\"article:publisher\" content=\"https:\/\/www.facebook.com\/NoticiasconFerAbrajan\/\" \/>\n<meta property=\"article:published_time\" content=\"2026-07-15T14:42:16+00:00\" \/>\n<meta property=\"og:image\" content=\"https:\/\/ferabrajan.com\/portal\/wp-content\/uploads\/2026\/07\/A-Graduacion-UPA-scaled.jpg\" \/>\n\t<meta property=\"og:image:width\" content=\"2560\" \/>\n\t<meta property=\"og:image:height\" content=\"1280\" \/>\n\t<meta property=\"og:image:type\" content=\"image\/jpeg\" \/>\n<meta name=\"author\" content=\"Rebeca N\u00fa\u00f1ez\" \/>\n<meta name=\"twitter:card\" content=\"summary_large_image\" \/>\n<meta name=\"twitter:creator\" content=\"@ferabrajan1\" \/>\n<meta name=\"twitter:site\" content=\"@ferabrajan1\" \/>\n<meta name=\"twitter:label1\" content=\"Escrito por\" \/>\n\t<meta name=\"twitter:data1\" content=\"Rebeca N\u00fa\u00f1ez\" \/>\n\t<meta name=\"twitter:label2\" content=\"Tiempo de lectura\" \/>\n\t<meta name=\"twitter:data2\" content=\"1 minuto\" \/>\n<script type=\"application\/ld+json\" class=\"yoast-schema-graph\">{\"@context\":\"https:\\\/\\\/schema.org\",\"@graph\":[{\"@type\":\"Article\",\"@id\":\"https:\\\/\\\/ferabrajan.com\\\/portal\\\/2026\\\/07\\\/15\\\/adultos-mayores-concluyen-estudios-en-la-buap\\\/#article\",\"isPartOf\":{\"@id\":\"https:\\\/\\\/ferabrajan.com\\\/portal\\\/2026\\\/07\\\/15\\\/adultos-mayores-concluyen-estudios-en-la-buap\\\/\"},\"author\":{\"name\":\"Rebeca N\u00fa\u00f1ez\",\"@id\":\"https:\\\/\\\/ferabrajan.com\\\/portal\\\/#\\\/schema\\\/person\\\/a79364e0091921e733584c4833bc7a50\"},\"headline\":\"Adultos mayores concluyen estudios en la BUAP\",\"datePublished\":\"2026-07-15T14:42:16+00:00\",\"mainEntityOfPage\":{\"@id\":\"https:\\\/\\\/ferabrajan.com\\\/portal\\\/2026\\\/07\\\/15\\\/adultos-mayores-concluyen-estudios-en-la-buap\\\/\"},\"wordCount\":151,\"publisher\":{\"@id\":\"https:\\\/\\\/ferabrajan.com\\\/portal\\\/#organization\"},\"image\":{\"@id\":\"https:\\\/\\\/ferabrajan.com\\\/portal\\\/2026\\\/07\\\/15\\\/adultos-mayores-concluyen-estudios-en-la-buap\\\/#primaryimage\"},\"thumbnailUrl\":\"https:\\\/\\\/ferabrajan.com\\\/portal\\\/wp-content\\\/uploads\\\/2026\\\/07\\\/A-Graduacion-UPA-scaled.jpg\",\"keywords\":[\"Adultos mayores\",\"BUAO\",\"Egresados\",\"Lilia Cedillo\"],\"articleSection\":[\"Principal\",\"Puebla\"],\"inLanguage\":\"es\"},{\"@type\":\"WebPage\",\"@id\":\"https:\\\/\\\/ferabrajan.com\\\/portal\\\/2026\\\/07\\\/15\\\/adultos-mayores-concluyen-estudios-en-la-buap\\\/\",\"url\":\"https:\\\/\\\/ferabrajan.com\\\/portal\\\/2026\\\/07\\\/15\\\/adultos-mayores-concluyen-estudios-en-la-buap\\\/\",\"name\":\"Adultos mayores concluyen estudios en la BUAP - Fer Abrajan\",\"isPartOf\":{\"@id\":\"https:\\\/\\\/ferabrajan.com\\\/portal\\\/#website\"},\"primaryImageOfPage\":{\"@id\":\"https:\\\/\\\/ferabrajan.com\\\/portal\\\/2026\\\/07\\\/15\\\/adultos-mayores-concluyen-estudios-en-la-buap\\\/#primaryimage\"},\"image\":{\"@id\":\"https:\\\/\\\/ferabrajan.com\\\/portal\\\/2026\\\/07\\\/15\\\/adultos-mayores-concluyen-estudios-en-la-buap\\\/#primaryimage\"},\"thumbnailUrl\":\"https:\\\/\\\/ferabrajan.com\\\/portal\\\/wp-content\\\/uploads\\\/2026\\\/07\\\/A-Graduacion-UPA-scaled.jpg\",\"datePublished\":\"2026-07-15T14:42:16+00:00\",\"breadcrumb\":{\"@id\":\"https:\\\/\\\/ferabrajan.com\\\/portal\\\/2026\\\/07\\\/15\\\/adultos-mayores-concluyen-estudios-en-la-buap\\\/#breadcrumb\"},\"inLanguage\":\"es\",\"potentialAction\":[{\"@type\":\"ReadAction\",\"target\":[\"https:\\\/\\\/ferabrajan.com\\\/portal\\\/2026\\\/07\\\/15\\\/adultos-mayores-concluyen-estudios-en-la-buap\\\/\"]}]},{\"@type\":\"ImageObject\",\"inLanguage\":\"es\",\"@id\":\"https:\\\/\\\/ferabrajan.com\\\/portal\\\/2026\\\/07\\\/15\\\/adultos-mayores-concluyen-estudios-en-la-buap\\\/#primaryimage\",\"url\":\"https:\\\/\\\/ferabrajan.com\\\/portal\\\/wp-content\\\/uploads\\\/2026\\\/07\\\/A-Graduacion-UPA-scaled.jpg\",\"contentUrl\":\"https:\\\/\\\/ferabrajan.com\\\/portal\\\/wp-content\\\/uploads\\\/2026\\\/07\\\/A-Graduacion-UPA-scaled.jpg\",\"width\":2560,\"height\":1280},{\"@type\":\"BreadcrumbList\",\"@id\":\"https:\\\/\\\/ferabrajan.com\\\/portal\\\/2026\\\/07\\\/15\\\/adultos-mayores-concluyen-estudios-en-la-buap\\\/#breadcrumb\",\"itemListElement\":[{\"@type\":\"ListItem\",\"position\":1,\"name\":\"Portada\",\"item\":\"https:\\\/\\\/ferabrajan.com\\\/portal\\\/\"},{\"@type\":\"ListItem\",\"position\":2,\"name\":\"Adultos mayores concluyen estudios en la BUAP\"}]},{\"@type\":\"WebSite\",\"@id\":\"https:\\\/\\\/ferabrajan.com\\\/portal\\\/#website\",\"url\":\"https:\\\/\\\/ferabrajan.com\\\/portal\\\/\",\"name\":\"Fer Abrajan\",\"description\":\"Noticias de Puebla, opini\u00f3n y radio en vivo\",\"publisher\":{\"@id\":\"https:\\\/\\\/ferabrajan.com\\\/portal\\\/#organization\"},\"potentialAction\":[{\"@type\":\"SearchAction\",\"target\":{\"@type\":\"EntryPoint\",\"urlTemplate\":\"https:\\\/\\\/ferabrajan.com\\\/portal\\\/?s={search_term_string}\"},\"query-input\":{\"@type\":\"PropertyValueSpecification\",\"valueRequired\":true,\"valueName\":\"search_term_string\"}}],\"inLanguage\":\"es\"},{\"@type\":\"Organization\",\"@id\":\"https:\\\/\\\/ferabrajan.com\\\/portal\\\/#organization\",\"name\":\"Fer Abrajan\",\"url\":\"https:\\\/\\\/ferabrajan.com\\\/portal\\\/\",\"logo\":{\"@type\":\"ImageObject\",\"inLanguage\":\"es\",\"@id\":\"https:\\\/\\\/ferabrajan.com\\\/portal\\\/#\\\/schema\\\/logo\\\/image\\\/\",\"url\":\"https:\\\/\\\/ferabrajan.com\\\/portal\\\/wp-content\\\/uploads\\\/2024\\\/10\\\/cropped-logo.jpeg\",\"contentUrl\":\"https:\\\/\\\/ferabrajan.com\\\/portal\\\/wp-content\\\/uploads\\\/2024\\\/10\\\/cropped-logo.jpeg\",\"width\":500,\"height\":250,\"caption\":\"Fer Abrajan\"},\"image\":{\"@id\":\"https:\\\/\\\/ferabrajan.com\\\/portal\\\/#\\\/schema\\\/logo\\\/image\\\/\"},\"sameAs\":[\"https:\\\/\\\/www.facebook.com\\\/NoticiasconFerAbrajan\\\/\",\"https:\\\/\\\/x.com\\\/ferabrajan1\"]},{\"@type\":\"Person\",\"@id\":\"https:\\\/\\\/ferabrajan.com\\\/portal\\\/#\\\/schema\\\/person\\\/a79364e0091921e733584c4833bc7a50\",\"name\":\"Rebeca N\u00fa\u00f1ez\",\"image\":{\"@type\":\"ImageObject\",\"inLanguage\":\"es\",\"@id\":\"https:\\\/\\\/secure.gravatar.com\\\/avatar\\\/c9cbf721287e849268cd37eca93cf4be51b2eed9e71c8d0c6825bd912000b74e?s=96&d=mm&r=g\",\"url\":\"https:\\\/\\\/secure.gravatar.com\\\/avatar\\\/c9cbf721287e849268cd37eca93cf4be51b2eed9e71c8d0c6825bd912000b74e?s=96&d=mm&r=g\",\"contentUrl\":\"https:\\\/\\\/secure.gravatar.com\\\/avatar\\\/c9cbf721287e849268cd37eca93cf4be51b2eed9e71c8d0c6825bd912000b74e?s=96&d=mm&r=g\",\"caption\":\"Rebeca N\u00fa\u00f1ez\"},\"url\":\"https:\\\/\\\/ferabrajan.com\\\/portal\\\/author\\\/rebeca\\\/\"}]}<\/script>\n<!-- \/ Yoast SEO plugin. -->","yoast_head_json":{"title":"Adultos mayores concluyen estudios en la BUAP - Fer Abrajan","robots":{"index":"index","follow":"follow","max-snippet":"max-snippet:-1","max-image-preview":"max-image-preview:large","max-video-preview":"max-video-preview:-1"},"canonical":"https:\/\/ferabrajan.com\/portal\/2026\/07\/15\/adultos-mayores-concluyen-estudios-en-la-buap\/","og_locale":"es_ES","og_type":"article","og_title":"Adultos mayores concluyen estudios en la BUAP - Fer Abrajan","og_description":"La rectora Lilia Cedillo Ram\u00edrez reconoci\u00f3 a las y los egresados de la Universidad para Adultos como un ejemplo de esfuerzo y superaci\u00f3n, al destacar que representan un referente para la comunidad universitaria por su compromiso con el aprendizaje. Durante la ceremonia de graduaci\u00f3n, la rectora se\u00f1al\u00f3 que las y los estudiantes demostraron que nunca es tarde para seguir prepar\u00e1ndose, adem\u00e1s de agradecer la confianza depositada en la BUAP para continuar su formaci\u00f3n acad\u00e9mica. La Universidad para Adultos ofrece espacios de aprendizaje y desarrollo personal dirigidos a personas mayores, con el prop\u00f3sito de fomentar la educaci\u00f3n continua, la inclusi\u00f3n y una mejor calidad de vida. Lilia Cedillo reiter\u00f3 que la BUAP mantiene su compromiso de impulsar programas que fortalezcan el acceso a la educaci\u00f3n para todos los sectores de la poblaci\u00f3n.","og_url":"https:\/\/ferabrajan.com\/portal\/2026\/07\/15\/adultos-mayores-concluyen-estudios-en-la-buap\/","og_site_name":"Fer Abrajan","article_publisher":"https:\/\/www.facebook.com\/NoticiasconFerAbrajan\/","article_published_time":"2026-07-15T14:42:16+00:00","og_image":[{"width":2560,"height":1280,"url":"https:\/\/ferabrajan.com\/portal\/wp-content\/uploads\/2026\/07\/A-Graduacion-UPA-scaled.jpg","type":"image\/jpeg"}],"author":"Rebeca N\u00fa\u00f1ez","twitter_card":"summary_large_image","twitter_creator":"@ferabrajan1","twitter_site":"@ferabrajan1","twitter_misc":{"Escrito por":"Rebeca N\u00fa\u00f1ez","Tiempo de lectura":"1 minuto"},"schema":{"@context":"https:\/\/schema.org","@graph":[{"@type":"Article","@id":"https:\/\/ferabrajan.com\/portal\/2026\/07\/15\/adultos-mayores-concluyen-estudios-en-la-buap\/#article","isPartOf":{"@id":"https:\/\/ferabrajan.com\/portal\/2026\/07\/15\/adultos-mayores-concluyen-estudios-en-la-buap\/"},"author":{"name":"Rebeca N\u00fa\u00f1ez","@id":"https:\/\/ferabrajan.com\/portal\/#\/schema\/person\/a79364e0091921e733584c4833bc7a50"},"headline":"Adultos mayores concluyen estudios en la BUAP","datePublished":"2026-07-15T14:42:16+00:00","mainEntityOfPage":{"@id":"https:\/\/ferabrajan.com\/portal\/2026\/07\/15\/adultos-mayores-concluyen-estudios-en-la-buap\/"},"wordCount":151,"publisher":{"@id":"https:\/\/ferabrajan.com\/portal\/#organization"},"image":{"@id":"https:\/\/ferabrajan.com\/portal\/2026\/07\/15\/adultos-mayores-concluyen-estudios-en-la-buap\/#primaryimage"},"thumbnailUrl":"https:\/\/ferabrajan.com\/portal\/wp-content\/uploads\/2026\/07\/A-Graduacion-UPA-scaled.jpg","keywords":["Adultos mayores","BUAO","Egresados","Lilia Cedillo"],"articleSection":["Principal","Puebla"],"inLanguage":"es"},{"@type":"WebPage","@id":"https:\/\/ferabrajan.com\/portal\/2026\/07\/15\/adultos-mayores-concluyen-estudios-en-la-buap\/","url":"https:\/\/ferabrajan.com\/portal\/2026\/07\/15\/adultos-mayores-concluyen-estudios-en-la-buap\/","name":"Adultos mayores concluyen estudios en la BUAP - Fer Abrajan","isPartOf":{"@id":"https:\/\/ferabrajan.com\/portal\/#website"},"primaryImageOfPage":{"@id":"https:\/\/ferabrajan.com\/portal\/2026\/07\/15\/adultos-mayores-concluyen-estudios-en-la-buap\/#primaryimage"},"image":{"@id":"https:\/\/ferabrajan.com\/portal\/2026\/07\/15\/adultos-mayores-concluyen-estudios-en-la-buap\/#primaryimage"},"thumbnailUrl":"https:\/\/ferabrajan.com\/portal\/wp-content\/uploads\/2026\/07\/A-Graduacion-UPA-scaled.jpg","datePublished":"2026-07-15T14:42:16+00:00","breadcrumb":{"@id":"https:\/\/ferabrajan.com\/portal\/2026\/07\/15\/adultos-mayores-concluyen-estudios-en-la-buap\/#breadcrumb"},"inLanguage":"es","potentialAction":[{"@type":"ReadAction","target":["https:\/\/ferabrajan.com\/portal\/2026\/07\/15\/adultos-mayores-concluyen-estudios-en-la-buap\/"]}]},{"@type":"ImageObject","inLanguage":"es","@id":"https:\/\/ferabrajan.com\/portal\/2026\/07\/15\/adultos-mayores-concluyen-estudios-en-la-buap\/#primaryimage","url":"https:\/\/ferabrajan.com\/portal\/wp-content\/uploads\/2026\/07\/A-Graduacion-UPA-scaled.jpg","contentUrl":"https:\/\/ferabrajan.com\/portal\/wp-content\/uploads\/2026\/07\/A-Graduacion-UPA-scaled.jpg","width":2560,"height":1280},{"@type":"BreadcrumbList","@id":"https:\/\/ferabrajan.com\/portal\/2026\/07\/15\/adultos-mayores-concluyen-estudios-en-la-buap\/#breadcrumb","itemListElement":[{"@type":"ListItem","position":1,"name":"Portada","item":"https:\/\/ferabrajan.com\/portal\/"},{"@type":"ListItem","position":2,"name":"Adultos mayores concluyen estudios en la BUAP"}]},{"@type":"WebSite","@id":"https:\/\/ferabrajan.com\/portal\/#website","url":"https:\/\/ferabrajan.com\/portal\/","name":"Fer Abrajan","description":"Noticias de Puebla, opini\u00f3n y radio en vivo","publisher":{"@id":"https:\/\/ferabrajan.com\/portal\/#organization"},"potentialAction":[{"@type":"SearchAction","target":{"@type":"EntryPoint","urlTemplate":"https:\/\/ferabrajan.com\/portal\/?s={search_term_string}"},"query-input":{"@type":"PropertyValueSpecification","valueRequired":true,"valueName":"search_term_string"}}],"inLanguage":"es"},{"@type":"Organization","@id":"https:\/\/ferabrajan.com\/portal\/#organization","name":"Fer Abrajan","url":"https:\/\/ferabrajan.com\/portal\/","logo":{"@type":"ImageObject","inLanguage":"es","@id":"https:\/\/ferabrajan.com\/portal\/#\/schema\/logo\/image\/","url":"https:\/\/ferabrajan.com\/portal\/wp-content\/uploads\/2024\/10\/cropped-logo.jpeg","contentUrl":"https:\/\/ferabrajan.com\/portal\/wp-content\/uploads\/2024\/10\/cropped-logo.jpeg","width":500,"height":250,"caption":"Fer Abrajan"},"image":{"@id":"https:\/\/ferabrajan.com\/portal\/#\/schema\/logo\/image\/"},"sameAs":["https:\/\/www.facebook.com\/NoticiasconFerAbrajan\/","https:\/\/x.com\/ferabrajan1"]},{"@type":"Person","@id":"https:\/\/ferabrajan.com\/portal\/#\/schema\/person\/a79364e0091921e733584c4833bc7a50","name":"Rebeca N\u00fa\u00f1ez","image":{"@type":"ImageObject","inLanguage":"es","@id":"https:\/\/secure.gravatar.com\/avatar\/c9cbf721287e849268cd37eca93cf4be51b2eed9e71c8d0c6825bd912000b74e?s=96&d=mm&r=g","url":"https:\/\/secure.gravatar.com\/avatar\/c9cbf721287e849268cd37eca93cf4be51b2eed9e71c8d0c6825bd912000b74e?s=96&d=mm&r=g","contentUrl":"https:\/\/secure.gravatar.com\/avatar\/c9cbf721287e849268cd37eca93cf4be51b2eed9e71c8d0c6825bd912000b74e?s=96&d=mm&r=g","caption":"Rebeca N\u00fa\u00f1ez"},"url":"https:\/\/ferabrajan.com\/portal\/author\/rebeca\/"}]}},"_links":{"self":[{"href":"https:\/\/ferabrajan.com\/portal\/wp-json\/wp\/v2\/posts\/83261","targetHints":{"allow":["GET"]}}],"collection":[{"href":"https:\/\/ferabrajan.com\/portal\/wp-json\/wp\/v2\/posts"}],"about":[{"href":"https:\/\/ferabrajan.com\/portal\/wp-json\/wp\/v2\/types\/post"}],"author":[{"embeddable":true,"href":"https:\/\/ferabrajan.com\/portal\/wp-json\/wp\/v2\/users\/3"}],"replies":[{"embeddable":true,"href":"https:\/\/ferabrajan.com\/portal\/wp-json\/wp\/v2\/comments?post=83261"}],"version-history":[{"count":1,"href":"https:\/\/ferabrajan.com\/portal\/wp-json\/wp\/v2\/posts\/83261\/revisions"}],"predecessor-version":[{"id":83263,"href":"https:\/\/ferabrajan.com\/portal\/wp-json\/wp\/v2\/posts\/83261\/revisions\/83263"}],"wp:featuredmedia":[{"embeddable":true,"href":"https:\/\/ferabrajan.com\/portal\/wp-json\/wp\/v2\/media\/83262"}],"wp:attachment":[{"href":"https:\/\/ferabrajan.com\/portal\/wp-json\/wp\/v2\/media?parent=83261"}],"wp:term":[{"taxonomy":"category","embeddable":true,"href":"https:\/\/ferabrajan.com\/portal\/wp-json\/wp\/v2\/categories?post=83261"},{"taxonomy":"post_tag","embeddable":true,"href":"https:\/\/ferabrajan.com\/portal\/wp-json\/wp\/v2\/tags?post=83261"}],"curies":[{"name":"wp","href":"https:\/\/api.w.org\/{rel}","templated":true}]}}