{"id":83258,"date":"2026-07-15T14:36:12","date_gmt":"2026-07-15T14:36:12","guid":{"rendered":"https:\/\/ferabrajan.com\/portal\/?p=83258"},"modified":"2026-07-15T14:36:12","modified_gmt":"2026-07-15T14:36:12","slug":"armenta-proyecta-a-san-jose-chiapa-como-nuevo-polo-tecnologico","status":"publish","type":"post","link":"https:\/\/ferabrajan.com\/portal\/2026\/07\/15\/armenta-proyecta-a-san-jose-chiapa-como-nuevo-polo-tecnologico\/","title":{"rendered":"Armenta proyecta a San Jos\u00e9 Chiapa como nuevo polo tecnol\u00f3gico"},"content":{"rendered":"<div class=\"qMYqUG_convSearchResultHighlightRoot\">\n<div class=\"\" data-turn-id-container=\"request-6a50fe79-fbd8-83e8-99c2-a6efdd97c70b-3\" data-is-intersecting=\"true\">\n<section class=\"text-token-text-primary w-full focus:outline-none has-data-writing-block:pointer-events-none [&amp;:has([data-writing-block])&gt;*]:pointer-events-auto R6Vx5W_threadScrollVars scroll-mb-[calc(var(--scroll-root-safe-area-inset-bottom,0px)+var(--thread-response-height))] scroll-mt-[calc(var(--header-height)+min(200px,max(70px,20svh)))]\" dir=\"auto\" data-turn-id=\"request-6a50fe79-fbd8-83e8-99c2-a6efdd97c70b-3\" data-turn-id-container=\"request-6a50fe79-fbd8-83e8-99c2-a6efdd97c70b-3\" data-testid=\"conversation-turn-48\" data-turn=\"assistant\">\n<div class=\"text-base my-auto mx-auto pb-15 [--thread-content-margin:var(--thread-content-margin-xs,calc(var(--spacing)*4))] @w-sm\/main:[--thread-content-margin:var(--thread-content-margin-sm,calc(var(--spacing)*6))] @w-lg\/main:[--thread-content-margin:var(--thread-content-margin-lg,calc(var(--spacing)*16))] px-(--thread-content-margin)\">\n<div class=\"[--thread-content-max-width:40rem] @w-lg\/main:[--thread-content-max-width:48rem] mx-auto max-w-(--thread-content-max-width) flex-1 group\/turn-messages focus-visible:outline-hidden relative flex w-full min-w-0 flex-col agent-turn\" data-conversation-screenshot-content=\"\">\n<div class=\"flex max-w-full flex-col gap-4 grow\">\n<div class=\"min-h-8 text-message relative flex w-full flex-col items-end gap-2 text-start break-words whitespace-normal outline-none keyboard-focused:focus-ring [.text-message+&amp;]:mt-1\" dir=\"auto\" tabindex=\"0\" data-message-author-role=\"assistant\" data-message-id=\"de9cd291-6b1c-41db-926e-d7e83c72e4f3\" data-message-model-slug=\"gpt-5-5\" data-turn-start-message=\"true\">\n<div class=\"flex w-full flex-col gap-1 empty:hidden\">\n<div class=\"markdown prose dark:prose-invert wrap-break-word w-full light markdown-new-styling\">\n<p class=\"PDq2pG_selectionAnchorContainer\" data-start=\"72\" data-end=\"343\">El gobernador <strong data-start=\"86\" data-end=\"107\">Alejandro Armenta<\/strong> present\u00f3 la <strong data-start=\"120\" data-end=\"165\">Capital de la Tecnolog\u00eda y Sostenibilidad<\/strong>, un proyecto que busca convertir a <strong data-start=\"201\" data-end=\"220\">San Jos\u00e9 Chiapa<\/strong> en un polo de innovaci\u00f3n, desarrollo industrial y generaci\u00f3n de empleo con el respaldo de los gobiernos estatal y federal.<\/p>\n<p data-start=\"345\" data-end=\"731\">Entre los proyectos anunciados destacan la instalaci\u00f3n de la <strong data-start=\"406\" data-end=\"468\">f\u00e1brica de bater\u00edas de litio para el auto el\u00e9ctrico Olinia<\/strong>, una planta de <strong data-start=\"484\" data-end=\"503\">paneles solares<\/strong>, el <strong data-start=\"508\" data-end=\"582\">Centro Integral de Innovaci\u00f3n y Transformaci\u00f3n Agroindustrial (CIITRA)<\/strong>, la industria <strong data-start=\"597\" data-end=\"615\">Caf\u00e9 Bienestar<\/strong>, un centro para el aprovechamiento de residuos y la construcci\u00f3n de vivienda para elementos de seguridad y j\u00f3venes.<\/p>\n<p data-start=\"733\" data-end=\"1071\">El complejo tambi\u00e9n integrar\u00e1 <strong data-start=\"763\" data-end=\"823\">29 laboratorios del Instituto Polit\u00e9cnico Nacional (IPN)<\/strong>, espacios para emprendedores y un taller especializado en electromovilidad, con el objetivo de impulsar la investigaci\u00f3n, el desarrollo tecnol\u00f3gico y la transferencia de conocimiento a sectores como el automotriz, agroindustrial, h\u00eddrico y textil.<\/p>\n<p data-start=\"1073\" data-end=\"1384\" data-is-last-node=\"\" data-is-only-node=\"\">Durante la presentaci\u00f3n tambi\u00e9n se mostraron proyectos de innovaci\u00f3n desarrollados en Puebla, como un <strong data-start=\"1175\" data-end=\"1230\">atole prote\u00ednico fortificado elaborado con amaranto<\/strong> y <strong data-start=\"1233\" data-end=\"1243\">Xchair<\/strong>, una silla de ruedas controlada mediante se\u00f1ales cerebrales, como ejemplos del potencial tecnol\u00f3gico que busca consolidar el nuevo complejo.<\/p>\n<\/div>\n<\/div>\n<\/div>\n<\/div>\n<div class=\"z-0 flex min-h-[46px] justify-start\"><\/div>\n<div class=\"mt-3 w-full empty:hidden\">\n<div class=\"text-center\"><\/div>\n<\/div>\n<\/div>\n<\/div>\n<\/section>\n<\/div>\n<\/div>\n<div class=\"pointer-events-none -mt-px h-px translate-y-(--scroll-root-safe-area-inset-bottom)\" aria-hidden=\"true\"><\/div>\n","protected":false},"excerpt":{"rendered":"<p>Con respaldo del gobierno federal y estatal, el complejo concentrar\u00e1 innovaci\u00f3n, industrias estrat\u00e9gicas, investigaci\u00f3n, vivienda y proyectos de alto impacto.<\/p>\n","protected":false},"author":4,"featured_media":83259,"comment_status":"closed","ping_status":"closed","sticky":false,"template":"","format":"standard","meta":{"_monsterinsights_skip_tracking":false,"_uf_show_specific_survey":0,"_uf_disable_surveys":false,"footnotes":""},"categories":[585,34],"tags":[106,4946,2082,1265],"class_list":["post-83258","post","type-post","status-publish","format-standard","has-post-thumbnail","hentry","category-principal","category-puebla","tag-alejandro-armenta","tag-desarrollo-industrial","tag-innovacion","tag-san-jose-chiapa"],"yoast_head":"<!-- This site is optimized with the Yoast SEO plugin v27.5 - https:\/\/yoast.com\/product\/yoast-seo-wordpress\/ -->\n<title>Armenta proyecta a San Jos\u00e9 Chiapa como nuevo polo tecnol\u00f3gico - Fer Abrajan<\/title>\n<meta name=\"robots\" content=\"index, follow, max-snippet:-1, max-image-preview:large, max-video-preview:-1\" \/>\n<link rel=\"canonical\" href=\"https:\/\/ferabrajan.com\/portal\/2026\/07\/15\/armenta-proyecta-a-san-jose-chiapa-como-nuevo-polo-tecnologico\/\" \/>\n<meta property=\"og:locale\" content=\"es_ES\" \/>\n<meta property=\"og:type\" content=\"article\" \/>\n<meta property=\"og:title\" content=\"Armenta proyecta a San Jos\u00e9 Chiapa como nuevo polo tecnol\u00f3gico - Fer Abrajan\" \/>\n<meta property=\"og:description\" content=\"Con respaldo del gobierno federal y estatal, el complejo concentrar\u00e1 innovaci\u00f3n, industrias estrat\u00e9gicas, investigaci\u00f3n, vivienda y proyectos de alto impacto.\" \/>\n<meta property=\"og:url\" content=\"https:\/\/ferabrajan.com\/portal\/2026\/07\/15\/armenta-proyecta-a-san-jose-chiapa-como-nuevo-polo-tecnologico\/\" \/>\n<meta property=\"og:site_name\" content=\"Fer Abrajan\" \/>\n<meta property=\"article:publisher\" content=\"https:\/\/www.facebook.com\/NoticiasconFerAbrajan\/\" \/>\n<meta property=\"article:published_time\" content=\"2026-07-15T14:36:12+00:00\" \/>\n<meta property=\"og:image\" content=\"https:\/\/ferabrajan.com\/portal\/wp-content\/uploads\/2026\/07\/armenta.jpeg\" \/>\n\t<meta property=\"og:image:width\" content=\"1280\" \/>\n\t<meta property=\"og:image:height\" content=\"853\" \/>\n\t<meta property=\"og:image:type\" content=\"image\/jpeg\" \/>\n<meta name=\"author\" content=\"Ismael Rojas\" \/>\n<meta name=\"twitter:card\" content=\"summary_large_image\" \/>\n<meta name=\"twitter:creator\" content=\"@ferabrajan1\" \/>\n<meta name=\"twitter:site\" content=\"@ferabrajan1\" \/>\n<meta name=\"twitter:label1\" content=\"Escrito por\" \/>\n\t<meta name=\"twitter:data1\" content=\"Ismael Rojas\" \/>\n\t<meta name=\"twitter:label2\" content=\"Tiempo de lectura\" \/>\n\t<meta name=\"twitter:data2\" content=\"2 minutos\" \/>\n<script type=\"application\/ld+json\" class=\"yoast-schema-graph\">{\"@context\":\"https:\\\/\\\/schema.org\",\"@graph\":[{\"@type\":\"Article\",\"@id\":\"https:\\\/\\\/ferabrajan.com\\\/portal\\\/2026\\\/07\\\/15\\\/armenta-proyecta-a-san-jose-chiapa-como-nuevo-polo-tecnologico\\\/#article\",\"isPartOf\":{\"@id\":\"https:\\\/\\\/ferabrajan.com\\\/portal\\\/2026\\\/07\\\/15\\\/armenta-proyecta-a-san-jose-chiapa-como-nuevo-polo-tecnologico\\\/\"},\"author\":{\"name\":\"Ismael Rojas\",\"@id\":\"https:\\\/\\\/ferabrajan.com\\\/portal\\\/#\\\/schema\\\/person\\\/83ed4fff5d7e4c8edf481fa39f71acb2\"},\"headline\":\"Armenta proyecta a San Jos\u00e9 Chiapa como nuevo polo tecnol\u00f3gico\",\"datePublished\":\"2026-07-15T14:36:12+00:00\",\"mainEntityOfPage\":{\"@id\":\"https:\\\/\\\/ferabrajan.com\\\/portal\\\/2026\\\/07\\\/15\\\/armenta-proyecta-a-san-jose-chiapa-como-nuevo-polo-tecnologico\\\/\"},\"wordCount\":213,\"publisher\":{\"@id\":\"https:\\\/\\\/ferabrajan.com\\\/portal\\\/#organization\"},\"image\":{\"@id\":\"https:\\\/\\\/ferabrajan.com\\\/portal\\\/2026\\\/07\\\/15\\\/armenta-proyecta-a-san-jose-chiapa-como-nuevo-polo-tecnologico\\\/#primaryimage\"},\"thumbnailUrl\":\"https:\\\/\\\/ferabrajan.com\\\/portal\\\/wp-content\\\/uploads\\\/2026\\\/07\\\/armenta.jpeg\",\"keywords\":[\"Alejandro Armenta\",\"desarrollo industrial\",\"Innovaci\u00f3n\",\"San Jos\u00e9 Chiapa\"],\"articleSection\":[\"Principal\",\"Puebla\"],\"inLanguage\":\"es\"},{\"@type\":\"WebPage\",\"@id\":\"https:\\\/\\\/ferabrajan.com\\\/portal\\\/2026\\\/07\\\/15\\\/armenta-proyecta-a-san-jose-chiapa-como-nuevo-polo-tecnologico\\\/\",\"url\":\"https:\\\/\\\/ferabrajan.com\\\/portal\\\/2026\\\/07\\\/15\\\/armenta-proyecta-a-san-jose-chiapa-como-nuevo-polo-tecnologico\\\/\",\"name\":\"Armenta proyecta a San Jos\u00e9 Chiapa como nuevo polo tecnol\u00f3gico - Fer Abrajan\",\"isPartOf\":{\"@id\":\"https:\\\/\\\/ferabrajan.com\\\/portal\\\/#website\"},\"primaryImageOfPage\":{\"@id\":\"https:\\\/\\\/ferabrajan.com\\\/portal\\\/2026\\\/07\\\/15\\\/armenta-proyecta-a-san-jose-chiapa-como-nuevo-polo-tecnologico\\\/#primaryimage\"},\"image\":{\"@id\":\"https:\\\/\\\/ferabrajan.com\\\/portal\\\/2026\\\/07\\\/15\\\/armenta-proyecta-a-san-jose-chiapa-como-nuevo-polo-tecnologico\\\/#primaryimage\"},\"thumbnailUrl\":\"https:\\\/\\\/ferabrajan.com\\\/portal\\\/wp-content\\\/uploads\\\/2026\\\/07\\\/armenta.jpeg\",\"datePublished\":\"2026-07-15T14:36:12+00:00\",\"breadcrumb\":{\"@id\":\"https:\\\/\\\/ferabrajan.com\\\/portal\\\/2026\\\/07\\\/15\\\/armenta-proyecta-a-san-jose-chiapa-como-nuevo-polo-tecnologico\\\/#breadcrumb\"},\"inLanguage\":\"es\",\"potentialAction\":[{\"@type\":\"ReadAction\",\"target\":[\"https:\\\/\\\/ferabrajan.com\\\/portal\\\/2026\\\/07\\\/15\\\/armenta-proyecta-a-san-jose-chiapa-como-nuevo-polo-tecnologico\\\/\"]}]},{\"@type\":\"ImageObject\",\"inLanguage\":\"es\",\"@id\":\"https:\\\/\\\/ferabrajan.com\\\/portal\\\/2026\\\/07\\\/15\\\/armenta-proyecta-a-san-jose-chiapa-como-nuevo-polo-tecnologico\\\/#primaryimage\",\"url\":\"https:\\\/\\\/ferabrajan.com\\\/portal\\\/wp-content\\\/uploads\\\/2026\\\/07\\\/armenta.jpeg\",\"contentUrl\":\"https:\\\/\\\/ferabrajan.com\\\/portal\\\/wp-content\\\/uploads\\\/2026\\\/07\\\/armenta.jpeg\",\"width\":1280,\"height\":853},{\"@type\":\"BreadcrumbList\",\"@id\":\"https:\\\/\\\/ferabrajan.com\\\/portal\\\/2026\\\/07\\\/15\\\/armenta-proyecta-a-san-jose-chiapa-como-nuevo-polo-tecnologico\\\/#breadcrumb\",\"itemListElement\":[{\"@type\":\"ListItem\",\"position\":1,\"name\":\"Portada\",\"item\":\"https:\\\/\\\/ferabrajan.com\\\/portal\\\/\"},{\"@type\":\"ListItem\",\"position\":2,\"name\":\"Armenta proyecta a San Jos\u00e9 Chiapa como nuevo polo tecnol\u00f3gico\"}]},{\"@type\":\"WebSite\",\"@id\":\"https:\\\/\\\/ferabrajan.com\\\/portal\\\/#website\",\"url\":\"https:\\\/\\\/ferabrajan.com\\\/portal\\\/\",\"name\":\"Fer Abrajan\",\"description\":\"Noticias de Puebla, opini\u00f3n y radio en vivo\",\"publisher\":{\"@id\":\"https:\\\/\\\/ferabrajan.com\\\/portal\\\/#organization\"},\"potentialAction\":[{\"@type\":\"SearchAction\",\"target\":{\"@type\":\"EntryPoint\",\"urlTemplate\":\"https:\\\/\\\/ferabrajan.com\\\/portal\\\/?s={search_term_string}\"},\"query-input\":{\"@type\":\"PropertyValueSpecification\",\"valueRequired\":true,\"valueName\":\"search_term_string\"}}],\"inLanguage\":\"es\"},{\"@type\":\"Organization\",\"@id\":\"https:\\\/\\\/ferabrajan.com\\\/portal\\\/#organization\",\"name\":\"Fer Abrajan\",\"url\":\"https:\\\/\\\/ferabrajan.com\\\/portal\\\/\",\"logo\":{\"@type\":\"ImageObject\",\"inLanguage\":\"es\",\"@id\":\"https:\\\/\\\/ferabrajan.com\\\/portal\\\/#\\\/schema\\\/logo\\\/image\\\/\",\"url\":\"https:\\\/\\\/ferabrajan.com\\\/portal\\\/wp-content\\\/uploads\\\/2024\\\/10\\\/cropped-logo.jpeg\",\"contentUrl\":\"https:\\\/\\\/ferabrajan.com\\\/portal\\\/wp-content\\\/uploads\\\/2024\\\/10\\\/cropped-logo.jpeg\",\"width\":500,\"height\":250,\"caption\":\"Fer Abrajan\"},\"image\":{\"@id\":\"https:\\\/\\\/ferabrajan.com\\\/portal\\\/#\\\/schema\\\/logo\\\/image\\\/\"},\"sameAs\":[\"https:\\\/\\\/www.facebook.com\\\/NoticiasconFerAbrajan\\\/\",\"https:\\\/\\\/x.com\\\/ferabrajan1\"]},{\"@type\":\"Person\",\"@id\":\"https:\\\/\\\/ferabrajan.com\\\/portal\\\/#\\\/schema\\\/person\\\/83ed4fff5d7e4c8edf481fa39f71acb2\",\"name\":\"Ismael Rojas\",\"image\":{\"@type\":\"ImageObject\",\"inLanguage\":\"es\",\"@id\":\"https:\\\/\\\/secure.gravatar.com\\\/avatar\\\/e4a9cb58548fedeb6143fa536c79b44c34454539235177c55c5819d74963e9d6?s=96&d=mm&r=g\",\"url\":\"https:\\\/\\\/secure.gravatar.com\\\/avatar\\\/e4a9cb58548fedeb6143fa536c79b44c34454539235177c55c5819d74963e9d6?s=96&d=mm&r=g\",\"contentUrl\":\"https:\\\/\\\/secure.gravatar.com\\\/avatar\\\/e4a9cb58548fedeb6143fa536c79b44c34454539235177c55c5819d74963e9d6?s=96&d=mm&r=g\",\"caption\":\"Ismael Rojas\"},\"url\":\"https:\\\/\\\/ferabrajan.com\\\/portal\\\/author\\\/ismael\\\/\"}]}<\/script>\n<!-- \/ Yoast SEO plugin. -->","yoast_head_json":{"title":"Armenta proyecta a San Jos\u00e9 Chiapa como nuevo polo tecnol\u00f3gico - Fer Abrajan","robots":{"index":"index","follow":"follow","max-snippet":"max-snippet:-1","max-image-preview":"max-image-preview:large","max-video-preview":"max-video-preview:-1"},"canonical":"https:\/\/ferabrajan.com\/portal\/2026\/07\/15\/armenta-proyecta-a-san-jose-chiapa-como-nuevo-polo-tecnologico\/","og_locale":"es_ES","og_type":"article","og_title":"Armenta proyecta a San Jos\u00e9 Chiapa como nuevo polo tecnol\u00f3gico - Fer Abrajan","og_description":"Con respaldo del gobierno federal y estatal, el complejo concentrar\u00e1 innovaci\u00f3n, industrias estrat\u00e9gicas, investigaci\u00f3n, vivienda y proyectos de alto impacto.","og_url":"https:\/\/ferabrajan.com\/portal\/2026\/07\/15\/armenta-proyecta-a-san-jose-chiapa-como-nuevo-polo-tecnologico\/","og_site_name":"Fer Abrajan","article_publisher":"https:\/\/www.facebook.com\/NoticiasconFerAbrajan\/","article_published_time":"2026-07-15T14:36:12+00:00","og_image":[{"width":1280,"height":853,"url":"https:\/\/ferabrajan.com\/portal\/wp-content\/uploads\/2026\/07\/armenta.jpeg","type":"image\/jpeg"}],"author":"Ismael Rojas","twitter_card":"summary_large_image","twitter_creator":"@ferabrajan1","twitter_site":"@ferabrajan1","twitter_misc":{"Escrito por":"Ismael Rojas","Tiempo de lectura":"2 minutos"},"schema":{"@context":"https:\/\/schema.org","@graph":[{"@type":"Article","@id":"https:\/\/ferabrajan.com\/portal\/2026\/07\/15\/armenta-proyecta-a-san-jose-chiapa-como-nuevo-polo-tecnologico\/#article","isPartOf":{"@id":"https:\/\/ferabrajan.com\/portal\/2026\/07\/15\/armenta-proyecta-a-san-jose-chiapa-como-nuevo-polo-tecnologico\/"},"author":{"name":"Ismael Rojas","@id":"https:\/\/ferabrajan.com\/portal\/#\/schema\/person\/83ed4fff5d7e4c8edf481fa39f71acb2"},"headline":"Armenta proyecta a San Jos\u00e9 Chiapa como nuevo polo tecnol\u00f3gico","datePublished":"2026-07-15T14:36:12+00:00","mainEntityOfPage":{"@id":"https:\/\/ferabrajan.com\/portal\/2026\/07\/15\/armenta-proyecta-a-san-jose-chiapa-como-nuevo-polo-tecnologico\/"},"wordCount":213,"publisher":{"@id":"https:\/\/ferabrajan.com\/portal\/#organization"},"image":{"@id":"https:\/\/ferabrajan.com\/portal\/2026\/07\/15\/armenta-proyecta-a-san-jose-chiapa-como-nuevo-polo-tecnologico\/#primaryimage"},"thumbnailUrl":"https:\/\/ferabrajan.com\/portal\/wp-content\/uploads\/2026\/07\/armenta.jpeg","keywords":["Alejandro Armenta","desarrollo industrial","Innovaci\u00f3n","San Jos\u00e9 Chiapa"],"articleSection":["Principal","Puebla"],"inLanguage":"es"},{"@type":"WebPage","@id":"https:\/\/ferabrajan.com\/portal\/2026\/07\/15\/armenta-proyecta-a-san-jose-chiapa-como-nuevo-polo-tecnologico\/","url":"https:\/\/ferabrajan.com\/portal\/2026\/07\/15\/armenta-proyecta-a-san-jose-chiapa-como-nuevo-polo-tecnologico\/","name":"Armenta proyecta a San Jos\u00e9 Chiapa como nuevo polo tecnol\u00f3gico - Fer Abrajan","isPartOf":{"@id":"https:\/\/ferabrajan.com\/portal\/#website"},"primaryImageOfPage":{"@id":"https:\/\/ferabrajan.com\/portal\/2026\/07\/15\/armenta-proyecta-a-san-jose-chiapa-como-nuevo-polo-tecnologico\/#primaryimage"},"image":{"@id":"https:\/\/ferabrajan.com\/portal\/2026\/07\/15\/armenta-proyecta-a-san-jose-chiapa-como-nuevo-polo-tecnologico\/#primaryimage"},"thumbnailUrl":"https:\/\/ferabrajan.com\/portal\/wp-content\/uploads\/2026\/07\/armenta.jpeg","datePublished":"2026-07-15T14:36:12+00:00","breadcrumb":{"@id":"https:\/\/ferabrajan.com\/portal\/2026\/07\/15\/armenta-proyecta-a-san-jose-chiapa-como-nuevo-polo-tecnologico\/#breadcrumb"},"inLanguage":"es","potentialAction":[{"@type":"ReadAction","target":["https:\/\/ferabrajan.com\/portal\/2026\/07\/15\/armenta-proyecta-a-san-jose-chiapa-como-nuevo-polo-tecnologico\/"]}]},{"@type":"ImageObject","inLanguage":"es","@id":"https:\/\/ferabrajan.com\/portal\/2026\/07\/15\/armenta-proyecta-a-san-jose-chiapa-como-nuevo-polo-tecnologico\/#primaryimage","url":"https:\/\/ferabrajan.com\/portal\/wp-content\/uploads\/2026\/07\/armenta.jpeg","contentUrl":"https:\/\/ferabrajan.com\/portal\/wp-content\/uploads\/2026\/07\/armenta.jpeg","width":1280,"height":853},{"@type":"BreadcrumbList","@id":"https:\/\/ferabrajan.com\/portal\/2026\/07\/15\/armenta-proyecta-a-san-jose-chiapa-como-nuevo-polo-tecnologico\/#breadcrumb","itemListElement":[{"@type":"ListItem","position":1,"name":"Portada","item":"https:\/\/ferabrajan.com\/portal\/"},{"@type":"ListItem","position":2,"name":"Armenta proyecta a San Jos\u00e9 Chiapa como nuevo polo tecnol\u00f3gico"}]},{"@type":"WebSite","@id":"https:\/\/ferabrajan.com\/portal\/#website","url":"https:\/\/ferabrajan.com\/portal\/","name":"Fer Abrajan","description":"Noticias de Puebla, opini\u00f3n y radio en vivo","publisher":{"@id":"https:\/\/ferabrajan.com\/portal\/#organization"},"potentialAction":[{"@type":"SearchAction","target":{"@type":"EntryPoint","urlTemplate":"https:\/\/ferabrajan.com\/portal\/?s={search_term_string}"},"query-input":{"@type":"PropertyValueSpecification","valueRequired":true,"valueName":"search_term_string"}}],"inLanguage":"es"},{"@type":"Organization","@id":"https:\/\/ferabrajan.com\/portal\/#organization","name":"Fer Abrajan","url":"https:\/\/ferabrajan.com\/portal\/","logo":{"@type":"ImageObject","inLanguage":"es","@id":"https:\/\/ferabrajan.com\/portal\/#\/schema\/logo\/image\/","url":"https:\/\/ferabrajan.com\/portal\/wp-content\/uploads\/2024\/10\/cropped-logo.jpeg","contentUrl":"https:\/\/ferabrajan.com\/portal\/wp-content\/uploads\/2024\/10\/cropped-logo.jpeg","width":500,"height":250,"caption":"Fer Abrajan"},"image":{"@id":"https:\/\/ferabrajan.com\/portal\/#\/schema\/logo\/image\/"},"sameAs":["https:\/\/www.facebook.com\/NoticiasconFerAbrajan\/","https:\/\/x.com\/ferabrajan1"]},{"@type":"Person","@id":"https:\/\/ferabrajan.com\/portal\/#\/schema\/person\/83ed4fff5d7e4c8edf481fa39f71acb2","name":"Ismael Rojas","image":{"@type":"ImageObject","inLanguage":"es","@id":"https:\/\/secure.gravatar.com\/avatar\/e4a9cb58548fedeb6143fa536c79b44c34454539235177c55c5819d74963e9d6?s=96&d=mm&r=g","url":"https:\/\/secure.gravatar.com\/avatar\/e4a9cb58548fedeb6143fa536c79b44c34454539235177c55c5819d74963e9d6?s=96&d=mm&r=g","contentUrl":"https:\/\/secure.gravatar.com\/avatar\/e4a9cb58548fedeb6143fa536c79b44c34454539235177c55c5819d74963e9d6?s=96&d=mm&r=g","caption":"Ismael Rojas"},"url":"https:\/\/ferabrajan.com\/portal\/author\/ismael\/"}]}},"_links":{"self":[{"href":"https:\/\/ferabrajan.com\/portal\/wp-json\/wp\/v2\/posts\/83258","targetHints":{"allow":["GET"]}}],"collection":[{"href":"https:\/\/ferabrajan.com\/portal\/wp-json\/wp\/v2\/posts"}],"about":[{"href":"https:\/\/ferabrajan.com\/portal\/wp-json\/wp\/v2\/types\/post"}],"author":[{"embeddable":true,"href":"https:\/\/ferabrajan.com\/portal\/wp-json\/wp\/v2\/users\/4"}],"replies":[{"embeddable":true,"href":"https:\/\/ferabrajan.com\/portal\/wp-json\/wp\/v2\/comments?post=83258"}],"version-history":[{"count":1,"href":"https:\/\/ferabrajan.com\/portal\/wp-json\/wp\/v2\/posts\/83258\/revisions"}],"predecessor-version":[{"id":83260,"href":"https:\/\/ferabrajan.com\/portal\/wp-json\/wp\/v2\/posts\/83258\/revisions\/83260"}],"wp:featuredmedia":[{"embeddable":true,"href":"https:\/\/ferabrajan.com\/portal\/wp-json\/wp\/v2\/media\/83259"}],"wp:attachment":[{"href":"https:\/\/ferabrajan.com\/portal\/wp-json\/wp\/v2\/media?parent=83258"}],"wp:term":[{"taxonomy":"category","embeddable":true,"href":"https:\/\/ferabrajan.com\/portal\/wp-json\/wp\/v2\/categories?post=83258"},{"taxonomy":"post_tag","embeddable":true,"href":"https:\/\/ferabrajan.com\/portal\/wp-json\/wp\/v2\/tags?post=83258"}],"curies":[{"name":"wp","href":"https:\/\/api.w.org\/{rel}","templated":true}]}}