{"id":83256,"date":"2026-07-15T14:32:59","date_gmt":"2026-07-15T14:32:59","guid":{"rendered":"https:\/\/ferabrajan.com\/portal\/?p=83256"},"modified":"2026-07-15T15:59:09","modified_gmt":"2026-07-15T15:59:09","slug":"cae-presunto-tirador-de-la-via-atlixcayotl-tras-operativo-en-cholula","status":"publish","type":"post","link":"https:\/\/ferabrajan.com\/portal\/2026\/07\/15\/cae-presunto-tirador-de-la-via-atlixcayotl-tras-operativo-en-cholula\/","title":{"rendered":"Cae presunto tirador de la V\u00eda Atlixc\u00e1yotl tras operativo en Cholula"},"content":{"rendered":"<p class=\"PDq2pG_selectionAnchorContainer\" data-start=\"78\" data-end=\"421\">Un operativo conjunto entre la <strong data-start=\"109\" data-end=\"146\">Fiscal\u00eda General del Estado (FGE)<\/strong>, la <strong data-start=\"151\" data-end=\"192\">Secretar\u00eda de Seguridad P\u00fablica (SSP)<\/strong> y la <strong data-start=\"198\" data-end=\"245\">Secretar\u00eda de la Defensa Nacional (Defensa)<\/strong> permiti\u00f3 la captura de <strong data-start=\"269\" data-end=\"282\">Rafael N.<\/strong>, se\u00f1alado como el probable responsable de realizar disparos contra veh\u00edculos que circulaban sobre la <strong data-start=\"384\" data-end=\"403\">V\u00eda Atlixc\u00e1yotl<\/strong> y zonas aleda\u00f1as.<\/p>\n<p data-start=\"423\" data-end=\"744\">La detenci\u00f3n se llev\u00f3 a cabo durante un cateo en el fraccionamiento <strong data-start=\"491\" data-end=\"503\">Santa Fe<\/strong>, en <strong data-start=\"508\" data-end=\"530\">San Andr\u00e9s Cholula<\/strong>, donde, de acuerdo con las autoridades, el sospechoso abri\u00f3 fuego contra los agentes que cumplimentaban una orden de aprehensi\u00f3n. La agresi\u00f3n fue repelida y el operativo concluy\u00f3 con el aseguramiento del inmueble.<\/p>\n<p data-start=\"746\" data-end=\"1121\">En el primer cateo fueron decomisadas <strong data-start=\"784\" data-end=\"807\">tres armas de fuego<\/strong>, cartuchos \u00fatiles y una camioneta <strong data-start=\"842\" data-end=\"856\">GMC Denali<\/strong>. De forma paralela, un segundo cateo realizado en la colonia <strong data-start=\"918\" data-end=\"929\">Anzures<\/strong>, en la ciudad de Puebla, permiti\u00f3 el aseguramiento de <strong data-start=\"984\" data-end=\"1120\">dos armas calibre .22, m\u00e1s de 550 cartuchos, equipos de c\u00f3mputo, dispositivos de almacenamiento y cerca de 730 mil pesos en efectivo<\/strong>.<\/p>\n<p data-start=\"1123\" data-end=\"1394\">La investigaci\u00f3n, desarrollada mediante labores de inteligencia, an\u00e1lisis bal\u00edstico, videovigilancia y reconstrucci\u00f3n de los hechos, permiti\u00f3 relacionar diversas denuncias por disparos registrados en la V\u00eda Atlixc\u00e1yotl y establecer la probable participaci\u00f3n del detenido.<\/p>\n<p data-start=\"1396\" data-end=\"1642\" data-is-last-node=\"\" data-is-only-node=\"\">La Fiscal\u00eda inform\u00f3 que ser\u00e1 el Poder Judicial quien determine la situaci\u00f3n jur\u00eddica de <strong data-start=\"1484\" data-end=\"1497\">Rafael N.<\/strong>, mientras el Gobierno del Estado afirm\u00f3 que continuar\u00e1 con las acciones coordinadas para mantener la estrategia de <strong data-start=\"1613\" data-end=\"1631\">cero impunidad<\/strong> en Puebla.<\/p>\n<p data-start=\"1396\" data-end=\"1642\" data-is-last-node=\"\" data-is-only-node=\"\"><iframe src=\"\/\/www.youtube.com\/embed\/tIrXElBNXQQ?si=SkQDekthafGEj5Yd\" width=\"560\" height=\"314\" allowfullscreen=\"allowfullscreen\"><\/iframe><\/p>\n","protected":false},"excerpt":{"rendered":"<p>Un operativo conjunto entre la Fiscal\u00eda General del Estado (FGE), la Secretar\u00eda de Seguridad P\u00fablica (SSP) y la Secretar\u00eda de la Defensa Nacional (Defensa) permiti\u00f3 la captura de Rafael N., se\u00f1alado como el probable responsable de realizar disparos contra veh\u00edculos que circulaban sobre la V\u00eda Atlixc\u00e1yotl y zonas aleda\u00f1as. La detenci\u00f3n se llev\u00f3 a cabo durante un cateo en el fraccionamiento Santa Fe, en San Andr\u00e9s Cholula, donde, de acuerdo con las autoridades, el sospechoso abri\u00f3 fuego contra los agentes que cumplimentaban una orden de aprehensi\u00f3n. La agresi\u00f3n fue repelida y el operativo concluy\u00f3 con el aseguramiento del inmueble. En el primer cateo fueron decomisadas tres armas de fuego, cartuchos \u00fatiles y una camioneta GMC Denali. De forma paralela, un segundo cateo realizado en la colonia Anzures, en la ciudad de Puebla, permiti\u00f3 el aseguramiento de dos armas calibre .22, m\u00e1s de 550 cartuchos, equipos de c\u00f3mputo, dispositivos de almacenamiento y cerca de 730 mil pesos en efectivo. La investigaci\u00f3n, desarrollada mediante labores de inteligencia, an\u00e1lisis bal\u00edstico, videovigilancia y reconstrucci\u00f3n de los hechos, permiti\u00f3 relacionar diversas denuncias por disparos registrados en la V\u00eda Atlixc\u00e1yotl y establecer la probable participaci\u00f3n del detenido. La Fiscal\u00eda inform\u00f3 que ser\u00e1 el Poder Judicial quien determine la situaci\u00f3n jur\u00eddica de Rafael N., mientras el Gobierno del Estado afirm\u00f3 que continuar\u00e1 con las acciones coordinadas para mantener la estrategia de cero impunidad en Puebla.<\/p>\n","protected":false},"author":3,"featured_media":83273,"comment_status":"closed","ping_status":"closed","sticky":false,"template":"","format":"standard","meta":{"_monsterinsights_skip_tracking":false,"_uf_show_specific_survey":0,"_uf_disable_surveys":false,"footnotes":""},"categories":[585,34],"tags":[2341,238,921,1260],"class_list":["post-83256","post","type-post","status-publish","format-standard","has-post-thumbnail","hentry","category-principal","category-puebla","tag-defensa-nacional","tag-fge","tag-ssp","tag-via-atlixcayotl"],"yoast_head":"<!-- This site is optimized with the Yoast SEO plugin v27.5 - https:\/\/yoast.com\/product\/yoast-seo-wordpress\/ -->\n<title>Cae presunto tirador de la V\u00eda Atlixc\u00e1yotl tras operativo en Cholula - Fer Abrajan<\/title>\n<meta name=\"robots\" content=\"index, follow, max-snippet:-1, max-image-preview:large, max-video-preview:-1\" \/>\n<link rel=\"canonical\" href=\"https:\/\/ferabrajan.com\/portal\/2026\/07\/15\/cae-presunto-tirador-de-la-via-atlixcayotl-tras-operativo-en-cholula\/\" \/>\n<meta property=\"og:locale\" content=\"es_ES\" \/>\n<meta property=\"og:type\" content=\"article\" \/>\n<meta property=\"og:title\" content=\"Cae presunto tirador de la V\u00eda Atlixc\u00e1yotl tras operativo en Cholula - Fer Abrajan\" \/>\n<meta property=\"og:description\" content=\"Un operativo conjunto entre la Fiscal\u00eda General del Estado (FGE), la Secretar\u00eda de Seguridad P\u00fablica (SSP) y la Secretar\u00eda de la Defensa Nacional (Defensa) permiti\u00f3 la captura de Rafael N., se\u00f1alado como el probable responsable de realizar disparos contra veh\u00edculos que circulaban sobre la V\u00eda Atlixc\u00e1yotl y zonas aleda\u00f1as. La detenci\u00f3n se llev\u00f3 a cabo durante un cateo en el fraccionamiento Santa Fe, en San Andr\u00e9s Cholula, donde, de acuerdo con las autoridades, el sospechoso abri\u00f3 fuego contra los agentes que cumplimentaban una orden de aprehensi\u00f3n. La agresi\u00f3n fue repelida y el operativo concluy\u00f3 con el aseguramiento del inmueble. En el primer cateo fueron decomisadas tres armas de fuego, cartuchos \u00fatiles y una camioneta GMC Denali. De forma paralela, un segundo cateo realizado en la colonia Anzures, en la ciudad de Puebla, permiti\u00f3 el aseguramiento de dos armas calibre .22, m\u00e1s de 550 cartuchos, equipos de c\u00f3mputo, dispositivos de almacenamiento y cerca de 730 mil pesos en efectivo. La investigaci\u00f3n, desarrollada mediante labores de inteligencia, an\u00e1lisis bal\u00edstico, videovigilancia y reconstrucci\u00f3n de los hechos, permiti\u00f3 relacionar diversas denuncias por disparos registrados en la V\u00eda Atlixc\u00e1yotl y establecer la probable participaci\u00f3n del detenido. La Fiscal\u00eda inform\u00f3 que ser\u00e1 el Poder Judicial quien determine la situaci\u00f3n jur\u00eddica de Rafael N., mientras el Gobierno del Estado afirm\u00f3 que continuar\u00e1 con las acciones coordinadas para mantener la estrategia de cero impunidad en Puebla.\" \/>\n<meta property=\"og:url\" content=\"https:\/\/ferabrajan.com\/portal\/2026\/07\/15\/cae-presunto-tirador-de-la-via-atlixcayotl-tras-operativo-en-cholula\/\" \/>\n<meta property=\"og:site_name\" content=\"Fer Abrajan\" \/>\n<meta property=\"article:publisher\" content=\"https:\/\/www.facebook.com\/NoticiasconFerAbrajan\/\" \/>\n<meta property=\"article:published_time\" content=\"2026-07-15T14:32:59+00:00\" \/>\n<meta property=\"article:modified_time\" content=\"2026-07-15T15:59:09+00:00\" \/>\n<meta property=\"og:image\" content=\"https:\/\/ferabrajan.com\/portal\/wp-content\/uploads\/2026\/07\/SSP_1407_4.jpeg\" \/>\n\t<meta property=\"og:image:width\" content=\"1280\" \/>\n\t<meta property=\"og:image:height\" content=\"855\" \/>\n\t<meta property=\"og:image:type\" content=\"image\/jpeg\" \/>\n<meta name=\"author\" content=\"Rebeca N\u00fa\u00f1ez\" \/>\n<meta name=\"twitter:card\" content=\"summary_large_image\" \/>\n<meta name=\"twitter:creator\" content=\"@ferabrajan1\" \/>\n<meta name=\"twitter:site\" content=\"@ferabrajan1\" \/>\n<meta name=\"twitter:label1\" content=\"Escrito por\" \/>\n\t<meta name=\"twitter:data1\" content=\"Rebeca N\u00fa\u00f1ez\" \/>\n\t<meta name=\"twitter:label2\" content=\"Tiempo de lectura\" \/>\n\t<meta name=\"twitter:data2\" content=\"2 minutos\" \/>\n<script type=\"application\/ld+json\" class=\"yoast-schema-graph\">{\"@context\":\"https:\\\/\\\/schema.org\",\"@graph\":[{\"@type\":\"Article\",\"@id\":\"https:\\\/\\\/ferabrajan.com\\\/portal\\\/2026\\\/07\\\/15\\\/cae-presunto-tirador-de-la-via-atlixcayotl-tras-operativo-en-cholula\\\/#article\",\"isPartOf\":{\"@id\":\"https:\\\/\\\/ferabrajan.com\\\/portal\\\/2026\\\/07\\\/15\\\/cae-presunto-tirador-de-la-via-atlixcayotl-tras-operativo-en-cholula\\\/\"},\"author\":{\"name\":\"Rebeca N\u00fa\u00f1ez\",\"@id\":\"https:\\\/\\\/ferabrajan.com\\\/portal\\\/#\\\/schema\\\/person\\\/a79364e0091921e733584c4833bc7a50\"},\"headline\":\"Cae presunto tirador de la V\u00eda Atlixc\u00e1yotl tras operativo en Cholula\",\"datePublished\":\"2026-07-15T14:32:59+00:00\",\"dateModified\":\"2026-07-15T15:59:09+00:00\",\"mainEntityOfPage\":{\"@id\":\"https:\\\/\\\/ferabrajan.com\\\/portal\\\/2026\\\/07\\\/15\\\/cae-presunto-tirador-de-la-via-atlixcayotl-tras-operativo-en-cholula\\\/\"},\"wordCount\":263,\"publisher\":{\"@id\":\"https:\\\/\\\/ferabrajan.com\\\/portal\\\/#organization\"},\"image\":{\"@id\":\"https:\\\/\\\/ferabrajan.com\\\/portal\\\/2026\\\/07\\\/15\\\/cae-presunto-tirador-de-la-via-atlixcayotl-tras-operativo-en-cholula\\\/#primaryimage\"},\"thumbnailUrl\":\"https:\\\/\\\/ferabrajan.com\\\/portal\\\/wp-content\\\/uploads\\\/2026\\\/07\\\/SSP_1407_4.jpeg\",\"keywords\":[\"Defensa Nacional\",\"FGE\",\"SSP\",\"V\u00eda Atlixc\u00e1yotl\"],\"articleSection\":[\"Principal\",\"Puebla\"],\"inLanguage\":\"es\"},{\"@type\":\"WebPage\",\"@id\":\"https:\\\/\\\/ferabrajan.com\\\/portal\\\/2026\\\/07\\\/15\\\/cae-presunto-tirador-de-la-via-atlixcayotl-tras-operativo-en-cholula\\\/\",\"url\":\"https:\\\/\\\/ferabrajan.com\\\/portal\\\/2026\\\/07\\\/15\\\/cae-presunto-tirador-de-la-via-atlixcayotl-tras-operativo-en-cholula\\\/\",\"name\":\"Cae presunto tirador de la V\u00eda Atlixc\u00e1yotl tras operativo en Cholula - Fer Abrajan\",\"isPartOf\":{\"@id\":\"https:\\\/\\\/ferabrajan.com\\\/portal\\\/#website\"},\"primaryImageOfPage\":{\"@id\":\"https:\\\/\\\/ferabrajan.com\\\/portal\\\/2026\\\/07\\\/15\\\/cae-presunto-tirador-de-la-via-atlixcayotl-tras-operativo-en-cholula\\\/#primaryimage\"},\"image\":{\"@id\":\"https:\\\/\\\/ferabrajan.com\\\/portal\\\/2026\\\/07\\\/15\\\/cae-presunto-tirador-de-la-via-atlixcayotl-tras-operativo-en-cholula\\\/#primaryimage\"},\"thumbnailUrl\":\"https:\\\/\\\/ferabrajan.com\\\/portal\\\/wp-content\\\/uploads\\\/2026\\\/07\\\/SSP_1407_4.jpeg\",\"datePublished\":\"2026-07-15T14:32:59+00:00\",\"dateModified\":\"2026-07-15T15:59:09+00:00\",\"breadcrumb\":{\"@id\":\"https:\\\/\\\/ferabrajan.com\\\/portal\\\/2026\\\/07\\\/15\\\/cae-presunto-tirador-de-la-via-atlixcayotl-tras-operativo-en-cholula\\\/#breadcrumb\"},\"inLanguage\":\"es\",\"potentialAction\":[{\"@type\":\"ReadAction\",\"target\":[\"https:\\\/\\\/ferabrajan.com\\\/portal\\\/2026\\\/07\\\/15\\\/cae-presunto-tirador-de-la-via-atlixcayotl-tras-operativo-en-cholula\\\/\"]}]},{\"@type\":\"ImageObject\",\"inLanguage\":\"es\",\"@id\":\"https:\\\/\\\/ferabrajan.com\\\/portal\\\/2026\\\/07\\\/15\\\/cae-presunto-tirador-de-la-via-atlixcayotl-tras-operativo-en-cholula\\\/#primaryimage\",\"url\":\"https:\\\/\\\/ferabrajan.com\\\/portal\\\/wp-content\\\/uploads\\\/2026\\\/07\\\/SSP_1407_4.jpeg\",\"contentUrl\":\"https:\\\/\\\/ferabrajan.com\\\/portal\\\/wp-content\\\/uploads\\\/2026\\\/07\\\/SSP_1407_4.jpeg\",\"width\":1280,\"height\":855},{\"@type\":\"BreadcrumbList\",\"@id\":\"https:\\\/\\\/ferabrajan.com\\\/portal\\\/2026\\\/07\\\/15\\\/cae-presunto-tirador-de-la-via-atlixcayotl-tras-operativo-en-cholula\\\/#breadcrumb\",\"itemListElement\":[{\"@type\":\"ListItem\",\"position\":1,\"name\":\"Portada\",\"item\":\"https:\\\/\\\/ferabrajan.com\\\/portal\\\/\"},{\"@type\":\"ListItem\",\"position\":2,\"name\":\"Cae presunto tirador de la V\u00eda Atlixc\u00e1yotl tras operativo en Cholula\"}]},{\"@type\":\"WebSite\",\"@id\":\"https:\\\/\\\/ferabrajan.com\\\/portal\\\/#website\",\"url\":\"https:\\\/\\\/ferabrajan.com\\\/portal\\\/\",\"name\":\"Fer Abrajan\",\"description\":\"Noticias de Puebla, opini\u00f3n y radio en vivo\",\"publisher\":{\"@id\":\"https:\\\/\\\/ferabrajan.com\\\/portal\\\/#organization\"},\"potentialAction\":[{\"@type\":\"SearchAction\",\"target\":{\"@type\":\"EntryPoint\",\"urlTemplate\":\"https:\\\/\\\/ferabrajan.com\\\/portal\\\/?s={search_term_string}\"},\"query-input\":{\"@type\":\"PropertyValueSpecification\",\"valueRequired\":true,\"valueName\":\"search_term_string\"}}],\"inLanguage\":\"es\"},{\"@type\":\"Organization\",\"@id\":\"https:\\\/\\\/ferabrajan.com\\\/portal\\\/#organization\",\"name\":\"Fer Abrajan\",\"url\":\"https:\\\/\\\/ferabrajan.com\\\/portal\\\/\",\"logo\":{\"@type\":\"ImageObject\",\"inLanguage\":\"es\",\"@id\":\"https:\\\/\\\/ferabrajan.com\\\/portal\\\/#\\\/schema\\\/logo\\\/image\\\/\",\"url\":\"https:\\\/\\\/ferabrajan.com\\\/portal\\\/wp-content\\\/uploads\\\/2024\\\/10\\\/cropped-logo.jpeg\",\"contentUrl\":\"https:\\\/\\\/ferabrajan.com\\\/portal\\\/wp-content\\\/uploads\\\/2024\\\/10\\\/cropped-logo.jpeg\",\"width\":500,\"height\":250,\"caption\":\"Fer Abrajan\"},\"image\":{\"@id\":\"https:\\\/\\\/ferabrajan.com\\\/portal\\\/#\\\/schema\\\/logo\\\/image\\\/\"},\"sameAs\":[\"https:\\\/\\\/www.facebook.com\\\/NoticiasconFerAbrajan\\\/\",\"https:\\\/\\\/x.com\\\/ferabrajan1\"]},{\"@type\":\"Person\",\"@id\":\"https:\\\/\\\/ferabrajan.com\\\/portal\\\/#\\\/schema\\\/person\\\/a79364e0091921e733584c4833bc7a50\",\"name\":\"Rebeca N\u00fa\u00f1ez\",\"image\":{\"@type\":\"ImageObject\",\"inLanguage\":\"es\",\"@id\":\"https:\\\/\\\/secure.gravatar.com\\\/avatar\\\/c9cbf721287e849268cd37eca93cf4be51b2eed9e71c8d0c6825bd912000b74e?s=96&d=mm&r=g\",\"url\":\"https:\\\/\\\/secure.gravatar.com\\\/avatar\\\/c9cbf721287e849268cd37eca93cf4be51b2eed9e71c8d0c6825bd912000b74e?s=96&d=mm&r=g\",\"contentUrl\":\"https:\\\/\\\/secure.gravatar.com\\\/avatar\\\/c9cbf721287e849268cd37eca93cf4be51b2eed9e71c8d0c6825bd912000b74e?s=96&d=mm&r=g\",\"caption\":\"Rebeca N\u00fa\u00f1ez\"},\"url\":\"https:\\\/\\\/ferabrajan.com\\\/portal\\\/author\\\/rebeca\\\/\"}]}<\/script>\n<!-- \/ Yoast SEO plugin. -->","yoast_head_json":{"title":"Cae presunto tirador de la V\u00eda Atlixc\u00e1yotl tras operativo en Cholula - Fer Abrajan","robots":{"index":"index","follow":"follow","max-snippet":"max-snippet:-1","max-image-preview":"max-image-preview:large","max-video-preview":"max-video-preview:-1"},"canonical":"https:\/\/ferabrajan.com\/portal\/2026\/07\/15\/cae-presunto-tirador-de-la-via-atlixcayotl-tras-operativo-en-cholula\/","og_locale":"es_ES","og_type":"article","og_title":"Cae presunto tirador de la V\u00eda Atlixc\u00e1yotl tras operativo en Cholula - Fer Abrajan","og_description":"Un operativo conjunto entre la Fiscal\u00eda General del Estado (FGE), la Secretar\u00eda de Seguridad P\u00fablica (SSP) y la Secretar\u00eda de la Defensa Nacional (Defensa) permiti\u00f3 la captura de Rafael N., se\u00f1alado como el probable responsable de realizar disparos contra veh\u00edculos que circulaban sobre la V\u00eda Atlixc\u00e1yotl y zonas aleda\u00f1as. La detenci\u00f3n se llev\u00f3 a cabo durante un cateo en el fraccionamiento Santa Fe, en San Andr\u00e9s Cholula, donde, de acuerdo con las autoridades, el sospechoso abri\u00f3 fuego contra los agentes que cumplimentaban una orden de aprehensi\u00f3n. La agresi\u00f3n fue repelida y el operativo concluy\u00f3 con el aseguramiento del inmueble. En el primer cateo fueron decomisadas tres armas de fuego, cartuchos \u00fatiles y una camioneta GMC Denali. De forma paralela, un segundo cateo realizado en la colonia Anzures, en la ciudad de Puebla, permiti\u00f3 el aseguramiento de dos armas calibre .22, m\u00e1s de 550 cartuchos, equipos de c\u00f3mputo, dispositivos de almacenamiento y cerca de 730 mil pesos en efectivo. La investigaci\u00f3n, desarrollada mediante labores de inteligencia, an\u00e1lisis bal\u00edstico, videovigilancia y reconstrucci\u00f3n de los hechos, permiti\u00f3 relacionar diversas denuncias por disparos registrados en la V\u00eda Atlixc\u00e1yotl y establecer la probable participaci\u00f3n del detenido. La Fiscal\u00eda inform\u00f3 que ser\u00e1 el Poder Judicial quien determine la situaci\u00f3n jur\u00eddica de Rafael N., mientras el Gobierno del Estado afirm\u00f3 que continuar\u00e1 con las acciones coordinadas para mantener la estrategia de cero impunidad en Puebla.","og_url":"https:\/\/ferabrajan.com\/portal\/2026\/07\/15\/cae-presunto-tirador-de-la-via-atlixcayotl-tras-operativo-en-cholula\/","og_site_name":"Fer Abrajan","article_publisher":"https:\/\/www.facebook.com\/NoticiasconFerAbrajan\/","article_published_time":"2026-07-15T14:32:59+00:00","article_modified_time":"2026-07-15T15:59:09+00:00","og_image":[{"width":1280,"height":855,"url":"https:\/\/ferabrajan.com\/portal\/wp-content\/uploads\/2026\/07\/SSP_1407_4.jpeg","type":"image\/jpeg"}],"author":"Rebeca N\u00fa\u00f1ez","twitter_card":"summary_large_image","twitter_creator":"@ferabrajan1","twitter_site":"@ferabrajan1","twitter_misc":{"Escrito por":"Rebeca N\u00fa\u00f1ez","Tiempo de lectura":"2 minutos"},"schema":{"@context":"https:\/\/schema.org","@graph":[{"@type":"Article","@id":"https:\/\/ferabrajan.com\/portal\/2026\/07\/15\/cae-presunto-tirador-de-la-via-atlixcayotl-tras-operativo-en-cholula\/#article","isPartOf":{"@id":"https:\/\/ferabrajan.com\/portal\/2026\/07\/15\/cae-presunto-tirador-de-la-via-atlixcayotl-tras-operativo-en-cholula\/"},"author":{"name":"Rebeca N\u00fa\u00f1ez","@id":"https:\/\/ferabrajan.com\/portal\/#\/schema\/person\/a79364e0091921e733584c4833bc7a50"},"headline":"Cae presunto tirador de la V\u00eda Atlixc\u00e1yotl tras operativo en Cholula","datePublished":"2026-07-15T14:32:59+00:00","dateModified":"2026-07-15T15:59:09+00:00","mainEntityOfPage":{"@id":"https:\/\/ferabrajan.com\/portal\/2026\/07\/15\/cae-presunto-tirador-de-la-via-atlixcayotl-tras-operativo-en-cholula\/"},"wordCount":263,"publisher":{"@id":"https:\/\/ferabrajan.com\/portal\/#organization"},"image":{"@id":"https:\/\/ferabrajan.com\/portal\/2026\/07\/15\/cae-presunto-tirador-de-la-via-atlixcayotl-tras-operativo-en-cholula\/#primaryimage"},"thumbnailUrl":"https:\/\/ferabrajan.com\/portal\/wp-content\/uploads\/2026\/07\/SSP_1407_4.jpeg","keywords":["Defensa Nacional","FGE","SSP","V\u00eda Atlixc\u00e1yotl"],"articleSection":["Principal","Puebla"],"inLanguage":"es"},{"@type":"WebPage","@id":"https:\/\/ferabrajan.com\/portal\/2026\/07\/15\/cae-presunto-tirador-de-la-via-atlixcayotl-tras-operativo-en-cholula\/","url":"https:\/\/ferabrajan.com\/portal\/2026\/07\/15\/cae-presunto-tirador-de-la-via-atlixcayotl-tras-operativo-en-cholula\/","name":"Cae presunto tirador de la V\u00eda Atlixc\u00e1yotl tras operativo en Cholula - Fer Abrajan","isPartOf":{"@id":"https:\/\/ferabrajan.com\/portal\/#website"},"primaryImageOfPage":{"@id":"https:\/\/ferabrajan.com\/portal\/2026\/07\/15\/cae-presunto-tirador-de-la-via-atlixcayotl-tras-operativo-en-cholula\/#primaryimage"},"image":{"@id":"https:\/\/ferabrajan.com\/portal\/2026\/07\/15\/cae-presunto-tirador-de-la-via-atlixcayotl-tras-operativo-en-cholula\/#primaryimage"},"thumbnailUrl":"https:\/\/ferabrajan.com\/portal\/wp-content\/uploads\/2026\/07\/SSP_1407_4.jpeg","datePublished":"2026-07-15T14:32:59+00:00","dateModified":"2026-07-15T15:59:09+00:00","breadcrumb":{"@id":"https:\/\/ferabrajan.com\/portal\/2026\/07\/15\/cae-presunto-tirador-de-la-via-atlixcayotl-tras-operativo-en-cholula\/#breadcrumb"},"inLanguage":"es","potentialAction":[{"@type":"ReadAction","target":["https:\/\/ferabrajan.com\/portal\/2026\/07\/15\/cae-presunto-tirador-de-la-via-atlixcayotl-tras-operativo-en-cholula\/"]}]},{"@type":"ImageObject","inLanguage":"es","@id":"https:\/\/ferabrajan.com\/portal\/2026\/07\/15\/cae-presunto-tirador-de-la-via-atlixcayotl-tras-operativo-en-cholula\/#primaryimage","url":"https:\/\/ferabrajan.com\/portal\/wp-content\/uploads\/2026\/07\/SSP_1407_4.jpeg","contentUrl":"https:\/\/ferabrajan.com\/portal\/wp-content\/uploads\/2026\/07\/SSP_1407_4.jpeg","width":1280,"height":855},{"@type":"BreadcrumbList","@id":"https:\/\/ferabrajan.com\/portal\/2026\/07\/15\/cae-presunto-tirador-de-la-via-atlixcayotl-tras-operativo-en-cholula\/#breadcrumb","itemListElement":[{"@type":"ListItem","position":1,"name":"Portada","item":"https:\/\/ferabrajan.com\/portal\/"},{"@type":"ListItem","position":2,"name":"Cae presunto tirador de la V\u00eda Atlixc\u00e1yotl tras operativo en Cholula"}]},{"@type":"WebSite","@id":"https:\/\/ferabrajan.com\/portal\/#website","url":"https:\/\/ferabrajan.com\/portal\/","name":"Fer Abrajan","description":"Noticias de Puebla, opini\u00f3n y radio en vivo","publisher":{"@id":"https:\/\/ferabrajan.com\/portal\/#organization"},"potentialAction":[{"@type":"SearchAction","target":{"@type":"EntryPoint","urlTemplate":"https:\/\/ferabrajan.com\/portal\/?s={search_term_string}"},"query-input":{"@type":"PropertyValueSpecification","valueRequired":true,"valueName":"search_term_string"}}],"inLanguage":"es"},{"@type":"Organization","@id":"https:\/\/ferabrajan.com\/portal\/#organization","name":"Fer Abrajan","url":"https:\/\/ferabrajan.com\/portal\/","logo":{"@type":"ImageObject","inLanguage":"es","@id":"https:\/\/ferabrajan.com\/portal\/#\/schema\/logo\/image\/","url":"https:\/\/ferabrajan.com\/portal\/wp-content\/uploads\/2024\/10\/cropped-logo.jpeg","contentUrl":"https:\/\/ferabrajan.com\/portal\/wp-content\/uploads\/2024\/10\/cropped-logo.jpeg","width":500,"height":250,"caption":"Fer Abrajan"},"image":{"@id":"https:\/\/ferabrajan.com\/portal\/#\/schema\/logo\/image\/"},"sameAs":["https:\/\/www.facebook.com\/NoticiasconFerAbrajan\/","https:\/\/x.com\/ferabrajan1"]},{"@type":"Person","@id":"https:\/\/ferabrajan.com\/portal\/#\/schema\/person\/a79364e0091921e733584c4833bc7a50","name":"Rebeca N\u00fa\u00f1ez","image":{"@type":"ImageObject","inLanguage":"es","@id":"https:\/\/secure.gravatar.com\/avatar\/c9cbf721287e849268cd37eca93cf4be51b2eed9e71c8d0c6825bd912000b74e?s=96&d=mm&r=g","url":"https:\/\/secure.gravatar.com\/avatar\/c9cbf721287e849268cd37eca93cf4be51b2eed9e71c8d0c6825bd912000b74e?s=96&d=mm&r=g","contentUrl":"https:\/\/secure.gravatar.com\/avatar\/c9cbf721287e849268cd37eca93cf4be51b2eed9e71c8d0c6825bd912000b74e?s=96&d=mm&r=g","caption":"Rebeca N\u00fa\u00f1ez"},"url":"https:\/\/ferabrajan.com\/portal\/author\/rebeca\/"}]}},"_links":{"self":[{"href":"https:\/\/ferabrajan.com\/portal\/wp-json\/wp\/v2\/posts\/83256","targetHints":{"allow":["GET"]}}],"collection":[{"href":"https:\/\/ferabrajan.com\/portal\/wp-json\/wp\/v2\/posts"}],"about":[{"href":"https:\/\/ferabrajan.com\/portal\/wp-json\/wp\/v2\/types\/post"}],"author":[{"embeddable":true,"href":"https:\/\/ferabrajan.com\/portal\/wp-json\/wp\/v2\/users\/3"}],"replies":[{"embeddable":true,"href":"https:\/\/ferabrajan.com\/portal\/wp-json\/wp\/v2\/comments?post=83256"}],"version-history":[{"count":1,"href":"https:\/\/ferabrajan.com\/portal\/wp-json\/wp\/v2\/posts\/83256\/revisions"}],"predecessor-version":[{"id":83257,"href":"https:\/\/ferabrajan.com\/portal\/wp-json\/wp\/v2\/posts\/83256\/revisions\/83257"}],"wp:featuredmedia":[{"embeddable":true,"href":"https:\/\/ferabrajan.com\/portal\/wp-json\/wp\/v2\/media\/83273"}],"wp:attachment":[{"href":"https:\/\/ferabrajan.com\/portal\/wp-json\/wp\/v2\/media?parent=83256"}],"wp:term":[{"taxonomy":"category","embeddable":true,"href":"https:\/\/ferabrajan.com\/portal\/wp-json\/wp\/v2\/categories?post=83256"},{"taxonomy":"post_tag","embeddable":true,"href":"https:\/\/ferabrajan.com\/portal\/wp-json\/wp\/v2\/tags?post=83256"}],"curies":[{"name":"wp","href":"https:\/\/api.w.org\/{rel}","templated":true}]}}