{"id":83243,"date":"2026-07-14T16:01:07","date_gmt":"2026-07-14T16:01:07","guid":{"rendered":"https:\/\/ferabrajan.com\/portal\/?p=83243"},"modified":"2026-07-14T18:11:20","modified_gmt":"2026-07-14T18:11:20","slug":"rosa-icela-rodriguez-informa-sobre-medidas-contra-el-reclutamiento-criminal-en-escuelas","status":"publish","type":"post","link":"https:\/\/ferabrajan.com\/portal\/2026\/07\/14\/rosa-icela-rodriguez-informa-sobre-medidas-contra-el-reclutamiento-criminal-en-escuelas\/","title":{"rendered":"Rosa Icela Rodr\u00edguez informa sobre medidas contra el reclutamiento criminal en escuelas"},"content":{"rendered":"<p>&nbsp;<\/p>\n<p><strong>Rosa Icela Rodr\u00edguez Vel\u00e1zquez<\/strong>, secretaria de\u00a0<strong>Gobernaci\u00f3n<\/strong>, se\u00f1al\u00f3 que aunque hay menos narco\u00a0<strong>reclutamiento j\u00f3venes<\/strong>, es una pr\u00e1ctica que a\u00fan se realiza por lo que se informar\u00e1 a la sociedad de los riesgos. En la conferencia en Palacio Nacional, Omar Garc\u00eda Harfuch, secretario de\u00a0<strong>Seguridad y Protecci\u00f3n Ciudadana<\/strong>, inform\u00f3 que se alista un informe sobre el tema.<\/p>\n<p>La secretaria de\u00a0<strong>Gobernaci\u00f3n<\/strong>\u00a0explic\u00f3 que se llevan a cabo acciones de prevenci\u00f3n como parte de la atenci\u00f3n de las causas de la Estrategia Nacional de Seguridad, adem\u00e1s de la informaci\u00f3n que se brinda en las escuelas y desde las mismas\u00a0<strong>familias<\/strong>.<\/p>\n<blockquote><p>\u201cEn una cuesti\u00f3n muy preventiva, y para eso es tambi\u00e9n todo lo que se est\u00e1 haciendo en atenci\u00f3n a las causas, no solamente las familias, no solamente la escuela, la educaci\u00f3n, sino tambi\u00e9n la formaci\u00f3n que vayan teniendo sobre el tema de las redes sociales, todos los j\u00f3venes del pa\u00eds de manera preventiva\u201d, indic\u00f3.<\/p><\/blockquote>\n<p>\u201cVa en estos d\u00edas a salir m\u00e1s informaci\u00f3n en las redes sociales de parte de la Comisi\u00f3n Nacional de B\u00fasqueda, precisamente con informaci\u00f3n al respecto, porque cada d\u00eda hay menos reclutamiento, pero todav\u00eda persiste el tema en que, por desgracia, a veces caen en estas en esta cooptaci\u00f3n. Entonces, vamos a seguir trabajando de manera preventiva en en el tema\u201d, enfatiz\u00f3.<\/p>\n<p>&nbsp;<\/p>\n<h2>Seis j\u00f3venes\u00a0secuestrados en Guadalajara regresaron a salvo<\/h2>\n<p>El secretario de Seguridad inform\u00f3 que los casos recientes de seis j\u00f3venes presuntamente enganchados, regresaron bien a sus hogares, y contin\u00faan las investigaciones y detenciones.<\/p>\n<figure class=\"image\"><img fetchpriority=\"high\" decoding=\"async\" src=\"https:\/\/heraldodemexico.com.mx\/u\/fotografias\/m\/2026\/4\/21\/f768x1-1274551_1274678_5050.jpg\" alt=\"\" width=\"768\" height=\"497\" \/><figcaption>FOTO: Especial<\/figcaption><\/figure>\n<p>\u201cLos 6 j\u00f3venes se encuentran con bien, primero regresaron, son 3 mujeres y 3 hombres, primero regresaron las 3 jovencitas, hay una investigaci\u00f3n en curso, ah\u00ed dir\u00edamos evidentemente un poco de sigilo. Tenemos una buena investigaci\u00f3n sobre el reclutamiento que tambi\u00e9n vamos a presentar aqu\u00ed. Aqu\u00ed mismo se ha presentado, hemos tenido varias detenciones, incluyendo del m\u00e1s importante, que fue una operaci\u00f3n del ej\u00e9rcito donde se detuvo al comandante Lastra, era el principal reclutador de de cartel Jalisco. Despu\u00e9s de eso, se han venido dando otra serie de detenciones\u201d, inform\u00f3.<\/p>\n<p>\u201cLos 6 j\u00f3venes se encuentran bien, primero regresan las 3 jovencitas, y posteriormente los 3 j\u00f3venes. De ese caso, ya hay una investigaci\u00f3n donde estamos participando de manera directa, adem\u00e1s de las fiscal\u00edas de los estados. Tambi\u00e9n el gabinete de seguridad est\u00e1 participando de manera directa en las investigaciones para detener a los responsables\u201d, a\u00f1adi\u00f3.<\/p>\n<h2>\u00abNo vamos a cubrir a nadie\u00bb, afirma Sheinbaum<\/h2>\n<p>La presidenta\u00a0Claudia Sheinbaum\u00a0reiter\u00f3 su posici\u00f3n sobre el caso de\u00a0<strong>Rub\u00e9n Rocha Moya<\/strong>, gobernador con licencia en\u00a0Sinaloa.<br \/>\n\u201cPersonalmente no he hablado con \u00e9l. Habl\u00e9 el primer d\u00eda cuando sali\u00f3 esta solicitud de Estados Unidos. despu\u00e9s no he hablado con \u00e9l. Y vamos a esperar, no nos adelantemos. Como hemos dicho, nosotros no vamos a cubrir a nadie, eso es muy importante, pero tampoco vamos a acusar a nadie sin pruebas.<\/p>\n<p>\u201cY para eso hay una instituci\u00f3n de la Rep\u00fablica que se encarga de ello, que es la fiscal\u00eda General de la Rep\u00fablica\u201d, afirm\u00f3 en la Ma\u00f1anera de este 14 de julio en\u00a0<strong>Palacio Nacional<\/strong>.<\/p>\n<figure class=\"image\"><img decoding=\"async\" src=\"https:\/\/heraldodemexico.com.mx\/u\/fotografias\/m\/2026\/5\/23\/f768x1-1287373_1287500_5050.jpg\" alt=\"\" width=\"768\" height=\"432\" \/><figcaption>FOTO: Cuartoscuro<\/figcaption><\/figure>\n<p>Sobre el plazo de los 60 d\u00edas, tras la solicitud de licencia de Rocha,\u00a0<strong>Sheinbaum<\/strong>\u00a0explic\u00f3 que no hay lapso espec\u00edfico en la Constituci\u00f3n local.<\/p>\n<p>\u201cNo hay plazo espec\u00edfico en el Gobierno de sinaloa y tendr\u00e1 que tomar sus propias decisiones\u201d, sostuvo.<\/p>\n<p>El Departamento de Justicia acus\u00f3 a Rocha Moya de estar relacionado con el tr\u00e1fico de drogas. El Secretario de Seguridad, Omar Garc\u00eda Harfuch, inform\u00f3 que la Fiscal\u00eda pronto dar\u00e1 informaci\u00f3n sobre todo lo que rodea este caso.<\/p>\n<p>Con Informaci\u00f3n de: <a href=\"https:\/\/heraldodemexico.com.mx\/nacional\/2026\/7\/14\/rosa-icela-rodriguez-informa-sobre-medidas-contra-el-reclutamiento-criminal-en-escuelas-familias-849313.html\">Rosa Icela Rodr\u00edguez informa sobre medidas contra el reclutamiento criminal en escuelas y familias &#8211; El Heraldo de M\u00e9xico<\/a><\/p>\n<div class=\"teads-inread sm-screen\">\n<div>\n<div class=\"teads-ui-components-adchoices\"><\/div>\n<\/div>\n<\/div>\n","protected":false},"excerpt":{"rendered":"<p>&nbsp; Rosa Icela Rodr\u00edguez Vel\u00e1zquez, secretaria de\u00a0Gobernaci\u00f3n, se\u00f1al\u00f3 que aunque hay menos narco\u00a0reclutamiento j\u00f3venes, es una pr\u00e1ctica que a\u00fan se realiza por lo que se informar\u00e1 a la sociedad de los riesgos. En la conferencia en Palacio Nacional, Omar Garc\u00eda Harfuch, secretario de\u00a0Seguridad y Protecci\u00f3n Ciudadana, inform\u00f3 que se alista un informe sobre el tema. La secretaria de\u00a0Gobernaci\u00f3n\u00a0explic\u00f3 que se llevan a cabo acciones de prevenci\u00f3n como parte de la atenci\u00f3n de las causas de la Estrategia Nacional de Seguridad, adem\u00e1s de la informaci\u00f3n que se brinda en las escuelas y desde las mismas\u00a0familias. \u201cEn una cuesti\u00f3n muy preventiva, y para eso es tambi\u00e9n todo lo que se est\u00e1 haciendo en atenci\u00f3n a las causas, no solamente las familias, no solamente la escuela, la educaci\u00f3n, sino tambi\u00e9n la formaci\u00f3n que vayan teniendo sobre el tema de las redes sociales, todos los j\u00f3venes del pa\u00eds de manera preventiva\u201d, indic\u00f3. \u201cVa en estos d\u00edas a salir m\u00e1s informaci\u00f3n en las redes sociales de parte de la Comisi\u00f3n Nacional de B\u00fasqueda, precisamente con informaci\u00f3n al respecto, porque cada d\u00eda hay menos reclutamiento, pero todav\u00eda persiste el tema en que, por desgracia, a veces caen en estas en esta cooptaci\u00f3n. Entonces, vamos a seguir trabajando de manera preventiva en en el tema\u201d, enfatiz\u00f3. &nbsp; Seis j\u00f3venes\u00a0secuestrados en Guadalajara regresaron a salvo El secretario de Seguridad inform\u00f3 que los casos recientes de seis j\u00f3venes presuntamente enganchados, regresaron bien a sus hogares, y contin\u00faan las investigaciones y detenciones. FOTO: Especial \u201cLos 6 j\u00f3venes se encuentran con bien, primero regresaron, son 3 mujeres y 3 hombres, primero regresaron las 3 jovencitas, hay una investigaci\u00f3n en curso, ah\u00ed dir\u00edamos evidentemente un poco de sigilo. Tenemos una buena investigaci\u00f3n sobre el reclutamiento que tambi\u00e9n vamos a presentar aqu\u00ed. Aqu\u00ed mismo se ha presentado, hemos tenido varias detenciones, incluyendo del m\u00e1s importante, que fue una operaci\u00f3n del ej\u00e9rcito donde se detuvo al comandante Lastra, era el principal reclutador de de cartel Jalisco. Despu\u00e9s de eso, se han venido dando otra serie de detenciones\u201d, inform\u00f3. \u201cLos 6 j\u00f3venes se encuentran bien, primero regresan las 3 jovencitas, y posteriormente los 3 j\u00f3venes. De ese caso, ya hay una investigaci\u00f3n donde estamos participando de manera directa, adem\u00e1s de las fiscal\u00edas de los estados. Tambi\u00e9n el gabinete de seguridad est\u00e1 participando de manera directa en las investigaciones para detener a los responsables\u201d, a\u00f1adi\u00f3. \u00abNo vamos a cubrir a nadie\u00bb, afirma Sheinbaum La presidenta\u00a0Claudia Sheinbaum\u00a0reiter\u00f3 su posici\u00f3n sobre el caso de\u00a0Rub\u00e9n Rocha Moya, gobernador con licencia en\u00a0Sinaloa. \u201cPersonalmente no he hablado con \u00e9l. Habl\u00e9 el primer d\u00eda cuando sali\u00f3 esta solicitud de Estados Unidos. despu\u00e9s no he hablado con \u00e9l. Y vamos a esperar, no nos adelantemos. Como hemos dicho, nosotros no vamos a cubrir a nadie, eso es muy importante, pero tampoco vamos a acusar a nadie sin pruebas. \u201cY para eso hay una instituci\u00f3n de la Rep\u00fablica que se encarga de ello, que es la fiscal\u00eda General de la Rep\u00fablica\u201d, afirm\u00f3 en la Ma\u00f1anera de este 14 de julio en\u00a0Palacio Nacional. FOTO: Cuartoscuro Sobre el plazo de los 60 d\u00edas, tras la solicitud de licencia de Rocha,\u00a0Sheinbaum\u00a0explic\u00f3 que no hay lapso espec\u00edfico en la Constituci\u00f3n local. \u201cNo hay plazo espec\u00edfico en el Gobierno de sinaloa y tendr\u00e1 que tomar sus propias decisiones\u201d, sostuvo. El Departamento de Justicia acus\u00f3 a Rocha Moya de estar relacionado con el tr\u00e1fico de drogas. El Secretario de Seguridad, Omar Garc\u00eda Harfuch, inform\u00f3 que la Fiscal\u00eda pronto dar\u00e1 informaci\u00f3n sobre todo lo que rodea este caso. Con Informaci\u00f3n de: Rosa Icela Rodr\u00edguez informa sobre medidas contra el reclutamiento criminal en escuelas y familias &#8211; El Heraldo de M\u00e9xico<\/p>\n","protected":false},"author":1,"featured_media":83244,"comment_status":"closed","ping_status":"closed","sticky":false,"template":"","format":"standard","meta":{"_monsterinsights_skip_tracking":false,"_uf_show_specific_survey":0,"_uf_disable_surveys":false,"footnotes":""},"categories":[52,585],"tags":[3654,1311,3710,1334],"class_list":["post-83243","post","type-post","status-publish","format-standard","has-post-thumbnail","hentry","category-nacional","category-principal","tag-jovenes","tag-reclutamiento","tag-rosa-icela-rodriguez-velazquez","tag-secretaria-de-gobernacion"],"yoast_head":"<!-- This site is optimized with the Yoast SEO plugin v27.5 - https:\/\/yoast.com\/product\/yoast-seo-wordpress\/ -->\n<title>Rosa Icela Rodr\u00edguez informa sobre medidas contra el reclutamiento criminal en escuelas - Fer Abrajan<\/title>\n<meta name=\"robots\" content=\"index, follow, max-snippet:-1, max-image-preview:large, max-video-preview:-1\" \/>\n<link rel=\"canonical\" href=\"https:\/\/ferabrajan.com\/portal\/2026\/07\/14\/rosa-icela-rodriguez-informa-sobre-medidas-contra-el-reclutamiento-criminal-en-escuelas\/\" \/>\n<meta property=\"og:locale\" content=\"es_ES\" \/>\n<meta property=\"og:type\" content=\"article\" \/>\n<meta property=\"og:title\" content=\"Rosa Icela Rodr\u00edguez informa sobre medidas contra el reclutamiento criminal en escuelas - Fer Abrajan\" \/>\n<meta property=\"og:description\" content=\"&nbsp; Rosa Icela Rodr\u00edguez Vel\u00e1zquez, secretaria de\u00a0Gobernaci\u00f3n, se\u00f1al\u00f3 que aunque hay menos narco\u00a0reclutamiento j\u00f3venes, es una pr\u00e1ctica que a\u00fan se realiza por lo que se informar\u00e1 a la sociedad de los riesgos. En la conferencia en Palacio Nacional, Omar Garc\u00eda Harfuch, secretario de\u00a0Seguridad y Protecci\u00f3n Ciudadana, inform\u00f3 que se alista un informe sobre el tema. La secretaria de\u00a0Gobernaci\u00f3n\u00a0explic\u00f3 que se llevan a cabo acciones de prevenci\u00f3n como parte de la atenci\u00f3n de las causas de la Estrategia Nacional de Seguridad, adem\u00e1s de la informaci\u00f3n que se brinda en las escuelas y desde las mismas\u00a0familias. \u201cEn una cuesti\u00f3n muy preventiva, y para eso es tambi\u00e9n todo lo que se est\u00e1 haciendo en atenci\u00f3n a las causas, no solamente las familias, no solamente la escuela, la educaci\u00f3n, sino tambi\u00e9n la formaci\u00f3n que vayan teniendo sobre el tema de las redes sociales, todos los j\u00f3venes del pa\u00eds de manera preventiva\u201d, indic\u00f3. \u201cVa en estos d\u00edas a salir m\u00e1s informaci\u00f3n en las redes sociales de parte de la Comisi\u00f3n Nacional de B\u00fasqueda, precisamente con informaci\u00f3n al respecto, porque cada d\u00eda hay menos reclutamiento, pero todav\u00eda persiste el tema en que, por desgracia, a veces caen en estas en esta cooptaci\u00f3n. Entonces, vamos a seguir trabajando de manera preventiva en en el tema\u201d, enfatiz\u00f3. &nbsp; Seis j\u00f3venes\u00a0secuestrados en Guadalajara regresaron a salvo El secretario de Seguridad inform\u00f3 que los casos recientes de seis j\u00f3venes presuntamente enganchados, regresaron bien a sus hogares, y contin\u00faan las investigaciones y detenciones. FOTO: Especial \u201cLos 6 j\u00f3venes se encuentran con bien, primero regresaron, son 3 mujeres y 3 hombres, primero regresaron las 3 jovencitas, hay una investigaci\u00f3n en curso, ah\u00ed dir\u00edamos evidentemente un poco de sigilo. Tenemos una buena investigaci\u00f3n sobre el reclutamiento que tambi\u00e9n vamos a presentar aqu\u00ed. Aqu\u00ed mismo se ha presentado, hemos tenido varias detenciones, incluyendo del m\u00e1s importante, que fue una operaci\u00f3n del ej\u00e9rcito donde se detuvo al comandante Lastra, era el principal reclutador de de cartel Jalisco. Despu\u00e9s de eso, se han venido dando otra serie de detenciones\u201d, inform\u00f3. \u201cLos 6 j\u00f3venes se encuentran bien, primero regresan las 3 jovencitas, y posteriormente los 3 j\u00f3venes. De ese caso, ya hay una investigaci\u00f3n donde estamos participando de manera directa, adem\u00e1s de las fiscal\u00edas de los estados. Tambi\u00e9n el gabinete de seguridad est\u00e1 participando de manera directa en las investigaciones para detener a los responsables\u201d, a\u00f1adi\u00f3. \u00abNo vamos a cubrir a nadie\u00bb, afirma Sheinbaum La presidenta\u00a0Claudia Sheinbaum\u00a0reiter\u00f3 su posici\u00f3n sobre el caso de\u00a0Rub\u00e9n Rocha Moya, gobernador con licencia en\u00a0Sinaloa. \u201cPersonalmente no he hablado con \u00e9l. Habl\u00e9 el primer d\u00eda cuando sali\u00f3 esta solicitud de Estados Unidos. despu\u00e9s no he hablado con \u00e9l. Y vamos a esperar, no nos adelantemos. Como hemos dicho, nosotros no vamos a cubrir a nadie, eso es muy importante, pero tampoco vamos a acusar a nadie sin pruebas. \u201cY para eso hay una instituci\u00f3n de la Rep\u00fablica que se encarga de ello, que es la fiscal\u00eda General de la Rep\u00fablica\u201d, afirm\u00f3 en la Ma\u00f1anera de este 14 de julio en\u00a0Palacio Nacional. FOTO: Cuartoscuro Sobre el plazo de los 60 d\u00edas, tras la solicitud de licencia de Rocha,\u00a0Sheinbaum\u00a0explic\u00f3 que no hay lapso espec\u00edfico en la Constituci\u00f3n local. \u201cNo hay plazo espec\u00edfico en el Gobierno de sinaloa y tendr\u00e1 que tomar sus propias decisiones\u201d, sostuvo. El Departamento de Justicia acus\u00f3 a Rocha Moya de estar relacionado con el tr\u00e1fico de drogas. El Secretario de Seguridad, Omar Garc\u00eda Harfuch, inform\u00f3 que la Fiscal\u00eda pronto dar\u00e1 informaci\u00f3n sobre todo lo que rodea este caso. Con Informaci\u00f3n de: Rosa Icela Rodr\u00edguez informa sobre medidas contra el reclutamiento criminal en escuelas y familias &#8211; El Heraldo de M\u00e9xico\" \/>\n<meta property=\"og:url\" content=\"https:\/\/ferabrajan.com\/portal\/2026\/07\/14\/rosa-icela-rodriguez-informa-sobre-medidas-contra-el-reclutamiento-criminal-en-escuelas\/\" \/>\n<meta property=\"og:site_name\" content=\"Fer Abrajan\" \/>\n<meta property=\"article:publisher\" content=\"https:\/\/www.facebook.com\/NoticiasconFerAbrajan\/\" \/>\n<meta property=\"article:published_time\" content=\"2026-07-14T16:01:07+00:00\" \/>\n<meta property=\"article:modified_time\" content=\"2026-07-14T18:11:20+00:00\" \/>\n<meta property=\"og:image\" content=\"https:\/\/ferabrajan.com\/portal\/wp-content\/uploads\/2026\/07\/Rosa-Icela.webp\" \/>\n\t<meta property=\"og:image:width\" content=\"848\" \/>\n\t<meta property=\"og:image:height\" content=\"477\" \/>\n\t<meta property=\"og:image:type\" content=\"image\/webp\" \/>\n<meta name=\"author\" content=\"admin\" \/>\n<meta name=\"twitter:card\" content=\"summary_large_image\" \/>\n<meta name=\"twitter:creator\" content=\"@ferabrajan1\" \/>\n<meta name=\"twitter:site\" content=\"@ferabrajan1\" \/>\n<meta name=\"twitter:label1\" content=\"Escrito por\" \/>\n\t<meta name=\"twitter:data1\" content=\"admin\" \/>\n\t<meta name=\"twitter:label2\" content=\"Tiempo de lectura\" \/>\n\t<meta name=\"twitter:data2\" content=\"4 minutos\" \/>\n<script type=\"application\/ld+json\" class=\"yoast-schema-graph\">{\"@context\":\"https:\\\/\\\/schema.org\",\"@graph\":[{\"@type\":\"Article\",\"@id\":\"https:\\\/\\\/ferabrajan.com\\\/portal\\\/2026\\\/07\\\/14\\\/rosa-icela-rodriguez-informa-sobre-medidas-contra-el-reclutamiento-criminal-en-escuelas\\\/#article\",\"isPartOf\":{\"@id\":\"https:\\\/\\\/ferabrajan.com\\\/portal\\\/2026\\\/07\\\/14\\\/rosa-icela-rodriguez-informa-sobre-medidas-contra-el-reclutamiento-criminal-en-escuelas\\\/\"},\"author\":{\"name\":\"admin\",\"@id\":\"https:\\\/\\\/ferabrajan.com\\\/portal\\\/#\\\/schema\\\/person\\\/f6113b3cb1e036d5c6a9505685b257ba\"},\"headline\":\"Rosa Icela Rodr\u00edguez informa sobre medidas contra el reclutamiento criminal en escuelas\",\"datePublished\":\"2026-07-14T16:01:07+00:00\",\"dateModified\":\"2026-07-14T18:11:20+00:00\",\"mainEntityOfPage\":{\"@id\":\"https:\\\/\\\/ferabrajan.com\\\/portal\\\/2026\\\/07\\\/14\\\/rosa-icela-rodriguez-informa-sobre-medidas-contra-el-reclutamiento-criminal-en-escuelas\\\/\"},\"wordCount\":687,\"publisher\":{\"@id\":\"https:\\\/\\\/ferabrajan.com\\\/portal\\\/#organization\"},\"image\":{\"@id\":\"https:\\\/\\\/ferabrajan.com\\\/portal\\\/2026\\\/07\\\/14\\\/rosa-icela-rodriguez-informa-sobre-medidas-contra-el-reclutamiento-criminal-en-escuelas\\\/#primaryimage\"},\"thumbnailUrl\":\"https:\\\/\\\/ferabrajan.com\\\/portal\\\/wp-content\\\/uploads\\\/2026\\\/07\\\/Rosa-Icela.webp\",\"keywords\":[\"Jovenes\",\"reclutamiento\",\"Rosa Icela Rodr\u00edguez Vel\u00e1zquez\",\"Secretar\u00eda de Gobernaci\u00f3n\"],\"articleSection\":[\"Nacional\",\"Principal\"],\"inLanguage\":\"es\"},{\"@type\":\"WebPage\",\"@id\":\"https:\\\/\\\/ferabrajan.com\\\/portal\\\/2026\\\/07\\\/14\\\/rosa-icela-rodriguez-informa-sobre-medidas-contra-el-reclutamiento-criminal-en-escuelas\\\/\",\"url\":\"https:\\\/\\\/ferabrajan.com\\\/portal\\\/2026\\\/07\\\/14\\\/rosa-icela-rodriguez-informa-sobre-medidas-contra-el-reclutamiento-criminal-en-escuelas\\\/\",\"name\":\"Rosa Icela Rodr\u00edguez informa sobre medidas contra el reclutamiento criminal en escuelas - Fer Abrajan\",\"isPartOf\":{\"@id\":\"https:\\\/\\\/ferabrajan.com\\\/portal\\\/#website\"},\"primaryImageOfPage\":{\"@id\":\"https:\\\/\\\/ferabrajan.com\\\/portal\\\/2026\\\/07\\\/14\\\/rosa-icela-rodriguez-informa-sobre-medidas-contra-el-reclutamiento-criminal-en-escuelas\\\/#primaryimage\"},\"image\":{\"@id\":\"https:\\\/\\\/ferabrajan.com\\\/portal\\\/2026\\\/07\\\/14\\\/rosa-icela-rodriguez-informa-sobre-medidas-contra-el-reclutamiento-criminal-en-escuelas\\\/#primaryimage\"},\"thumbnailUrl\":\"https:\\\/\\\/ferabrajan.com\\\/portal\\\/wp-content\\\/uploads\\\/2026\\\/07\\\/Rosa-Icela.webp\",\"datePublished\":\"2026-07-14T16:01:07+00:00\",\"dateModified\":\"2026-07-14T18:11:20+00:00\",\"breadcrumb\":{\"@id\":\"https:\\\/\\\/ferabrajan.com\\\/portal\\\/2026\\\/07\\\/14\\\/rosa-icela-rodriguez-informa-sobre-medidas-contra-el-reclutamiento-criminal-en-escuelas\\\/#breadcrumb\"},\"inLanguage\":\"es\",\"potentialAction\":[{\"@type\":\"ReadAction\",\"target\":[\"https:\\\/\\\/ferabrajan.com\\\/portal\\\/2026\\\/07\\\/14\\\/rosa-icela-rodriguez-informa-sobre-medidas-contra-el-reclutamiento-criminal-en-escuelas\\\/\"]}]},{\"@type\":\"ImageObject\",\"inLanguage\":\"es\",\"@id\":\"https:\\\/\\\/ferabrajan.com\\\/portal\\\/2026\\\/07\\\/14\\\/rosa-icela-rodriguez-informa-sobre-medidas-contra-el-reclutamiento-criminal-en-escuelas\\\/#primaryimage\",\"url\":\"https:\\\/\\\/ferabrajan.com\\\/portal\\\/wp-content\\\/uploads\\\/2026\\\/07\\\/Rosa-Icela.webp\",\"contentUrl\":\"https:\\\/\\\/ferabrajan.com\\\/portal\\\/wp-content\\\/uploads\\\/2026\\\/07\\\/Rosa-Icela.webp\",\"width\":848,\"height\":477},{\"@type\":\"BreadcrumbList\",\"@id\":\"https:\\\/\\\/ferabrajan.com\\\/portal\\\/2026\\\/07\\\/14\\\/rosa-icela-rodriguez-informa-sobre-medidas-contra-el-reclutamiento-criminal-en-escuelas\\\/#breadcrumb\",\"itemListElement\":[{\"@type\":\"ListItem\",\"position\":1,\"name\":\"Portada\",\"item\":\"https:\\\/\\\/ferabrajan.com\\\/portal\\\/\"},{\"@type\":\"ListItem\",\"position\":2,\"name\":\"Rosa Icela Rodr\u00edguez informa sobre medidas contra el reclutamiento criminal en escuelas\"}]},{\"@type\":\"WebSite\",\"@id\":\"https:\\\/\\\/ferabrajan.com\\\/portal\\\/#website\",\"url\":\"https:\\\/\\\/ferabrajan.com\\\/portal\\\/\",\"name\":\"Fer Abrajan\",\"description\":\"Noticias de Puebla, opini\u00f3n y radio en vivo\",\"publisher\":{\"@id\":\"https:\\\/\\\/ferabrajan.com\\\/portal\\\/#organization\"},\"potentialAction\":[{\"@type\":\"SearchAction\",\"target\":{\"@type\":\"EntryPoint\",\"urlTemplate\":\"https:\\\/\\\/ferabrajan.com\\\/portal\\\/?s={search_term_string}\"},\"query-input\":{\"@type\":\"PropertyValueSpecification\",\"valueRequired\":true,\"valueName\":\"search_term_string\"}}],\"inLanguage\":\"es\"},{\"@type\":\"Organization\",\"@id\":\"https:\\\/\\\/ferabrajan.com\\\/portal\\\/#organization\",\"name\":\"Fer Abrajan\",\"url\":\"https:\\\/\\\/ferabrajan.com\\\/portal\\\/\",\"logo\":{\"@type\":\"ImageObject\",\"inLanguage\":\"es\",\"@id\":\"https:\\\/\\\/ferabrajan.com\\\/portal\\\/#\\\/schema\\\/logo\\\/image\\\/\",\"url\":\"https:\\\/\\\/ferabrajan.com\\\/portal\\\/wp-content\\\/uploads\\\/2024\\\/10\\\/cropped-logo.jpeg\",\"contentUrl\":\"https:\\\/\\\/ferabrajan.com\\\/portal\\\/wp-content\\\/uploads\\\/2024\\\/10\\\/cropped-logo.jpeg\",\"width\":500,\"height\":250,\"caption\":\"Fer Abrajan\"},\"image\":{\"@id\":\"https:\\\/\\\/ferabrajan.com\\\/portal\\\/#\\\/schema\\\/logo\\\/image\\\/\"},\"sameAs\":[\"https:\\\/\\\/www.facebook.com\\\/NoticiasconFerAbrajan\\\/\",\"https:\\\/\\\/x.com\\\/ferabrajan1\"]},{\"@type\":\"Person\",\"@id\":\"https:\\\/\\\/ferabrajan.com\\\/portal\\\/#\\\/schema\\\/person\\\/f6113b3cb1e036d5c6a9505685b257ba\",\"name\":\"admin\",\"image\":{\"@type\":\"ImageObject\",\"inLanguage\":\"es\",\"@id\":\"https:\\\/\\\/secure.gravatar.com\\\/avatar\\\/072baa72775aad53c748dfc5d3048578e01b6c087eef335459ebfa04344e2d18?s=96&d=mm&r=g\",\"url\":\"https:\\\/\\\/secure.gravatar.com\\\/avatar\\\/072baa72775aad53c748dfc5d3048578e01b6c087eef335459ebfa04344e2d18?s=96&d=mm&r=g\",\"contentUrl\":\"https:\\\/\\\/secure.gravatar.com\\\/avatar\\\/072baa72775aad53c748dfc5d3048578e01b6c087eef335459ebfa04344e2d18?s=96&d=mm&r=g\",\"caption\":\"admin\"},\"sameAs\":[\"https:\\\/\\\/ferabrajan.com\\\/portal\"],\"url\":\"https:\\\/\\\/ferabrajan.com\\\/portal\\\/author\\\/admin\\\/\"}]}<\/script>\n<!-- \/ Yoast SEO plugin. -->","yoast_head_json":{"title":"Rosa Icela Rodr\u00edguez informa sobre medidas contra el reclutamiento criminal en escuelas - Fer Abrajan","robots":{"index":"index","follow":"follow","max-snippet":"max-snippet:-1","max-image-preview":"max-image-preview:large","max-video-preview":"max-video-preview:-1"},"canonical":"https:\/\/ferabrajan.com\/portal\/2026\/07\/14\/rosa-icela-rodriguez-informa-sobre-medidas-contra-el-reclutamiento-criminal-en-escuelas\/","og_locale":"es_ES","og_type":"article","og_title":"Rosa Icela Rodr\u00edguez informa sobre medidas contra el reclutamiento criminal en escuelas - Fer Abrajan","og_description":"&nbsp; Rosa Icela Rodr\u00edguez Vel\u00e1zquez, secretaria de\u00a0Gobernaci\u00f3n, se\u00f1al\u00f3 que aunque hay menos narco\u00a0reclutamiento j\u00f3venes, es una pr\u00e1ctica que a\u00fan se realiza por lo que se informar\u00e1 a la sociedad de los riesgos. En la conferencia en Palacio Nacional, Omar Garc\u00eda Harfuch, secretario de\u00a0Seguridad y Protecci\u00f3n Ciudadana, inform\u00f3 que se alista un informe sobre el tema. La secretaria de\u00a0Gobernaci\u00f3n\u00a0explic\u00f3 que se llevan a cabo acciones de prevenci\u00f3n como parte de la atenci\u00f3n de las causas de la Estrategia Nacional de Seguridad, adem\u00e1s de la informaci\u00f3n que se brinda en las escuelas y desde las mismas\u00a0familias. \u201cEn una cuesti\u00f3n muy preventiva, y para eso es tambi\u00e9n todo lo que se est\u00e1 haciendo en atenci\u00f3n a las causas, no solamente las familias, no solamente la escuela, la educaci\u00f3n, sino tambi\u00e9n la formaci\u00f3n que vayan teniendo sobre el tema de las redes sociales, todos los j\u00f3venes del pa\u00eds de manera preventiva\u201d, indic\u00f3. \u201cVa en estos d\u00edas a salir m\u00e1s informaci\u00f3n en las redes sociales de parte de la Comisi\u00f3n Nacional de B\u00fasqueda, precisamente con informaci\u00f3n al respecto, porque cada d\u00eda hay menos reclutamiento, pero todav\u00eda persiste el tema en que, por desgracia, a veces caen en estas en esta cooptaci\u00f3n. Entonces, vamos a seguir trabajando de manera preventiva en en el tema\u201d, enfatiz\u00f3. &nbsp; Seis j\u00f3venes\u00a0secuestrados en Guadalajara regresaron a salvo El secretario de Seguridad inform\u00f3 que los casos recientes de seis j\u00f3venes presuntamente enganchados, regresaron bien a sus hogares, y contin\u00faan las investigaciones y detenciones. FOTO: Especial \u201cLos 6 j\u00f3venes se encuentran con bien, primero regresaron, son 3 mujeres y 3 hombres, primero regresaron las 3 jovencitas, hay una investigaci\u00f3n en curso, ah\u00ed dir\u00edamos evidentemente un poco de sigilo. Tenemos una buena investigaci\u00f3n sobre el reclutamiento que tambi\u00e9n vamos a presentar aqu\u00ed. Aqu\u00ed mismo se ha presentado, hemos tenido varias detenciones, incluyendo del m\u00e1s importante, que fue una operaci\u00f3n del ej\u00e9rcito donde se detuvo al comandante Lastra, era el principal reclutador de de cartel Jalisco. Despu\u00e9s de eso, se han venido dando otra serie de detenciones\u201d, inform\u00f3. \u201cLos 6 j\u00f3venes se encuentran bien, primero regresan las 3 jovencitas, y posteriormente los 3 j\u00f3venes. De ese caso, ya hay una investigaci\u00f3n donde estamos participando de manera directa, adem\u00e1s de las fiscal\u00edas de los estados. Tambi\u00e9n el gabinete de seguridad est\u00e1 participando de manera directa en las investigaciones para detener a los responsables\u201d, a\u00f1adi\u00f3. \u00abNo vamos a cubrir a nadie\u00bb, afirma Sheinbaum La presidenta\u00a0Claudia Sheinbaum\u00a0reiter\u00f3 su posici\u00f3n sobre el caso de\u00a0Rub\u00e9n Rocha Moya, gobernador con licencia en\u00a0Sinaloa. \u201cPersonalmente no he hablado con \u00e9l. Habl\u00e9 el primer d\u00eda cuando sali\u00f3 esta solicitud de Estados Unidos. despu\u00e9s no he hablado con \u00e9l. Y vamos a esperar, no nos adelantemos. Como hemos dicho, nosotros no vamos a cubrir a nadie, eso es muy importante, pero tampoco vamos a acusar a nadie sin pruebas. \u201cY para eso hay una instituci\u00f3n de la Rep\u00fablica que se encarga de ello, que es la fiscal\u00eda General de la Rep\u00fablica\u201d, afirm\u00f3 en la Ma\u00f1anera de este 14 de julio en\u00a0Palacio Nacional. FOTO: Cuartoscuro Sobre el plazo de los 60 d\u00edas, tras la solicitud de licencia de Rocha,\u00a0Sheinbaum\u00a0explic\u00f3 que no hay lapso espec\u00edfico en la Constituci\u00f3n local. \u201cNo hay plazo espec\u00edfico en el Gobierno de sinaloa y tendr\u00e1 que tomar sus propias decisiones\u201d, sostuvo. El Departamento de Justicia acus\u00f3 a Rocha Moya de estar relacionado con el tr\u00e1fico de drogas. El Secretario de Seguridad, Omar Garc\u00eda Harfuch, inform\u00f3 que la Fiscal\u00eda pronto dar\u00e1 informaci\u00f3n sobre todo lo que rodea este caso. Con Informaci\u00f3n de: Rosa Icela Rodr\u00edguez informa sobre medidas contra el reclutamiento criminal en escuelas y familias &#8211; El Heraldo de M\u00e9xico","og_url":"https:\/\/ferabrajan.com\/portal\/2026\/07\/14\/rosa-icela-rodriguez-informa-sobre-medidas-contra-el-reclutamiento-criminal-en-escuelas\/","og_site_name":"Fer Abrajan","article_publisher":"https:\/\/www.facebook.com\/NoticiasconFerAbrajan\/","article_published_time":"2026-07-14T16:01:07+00:00","article_modified_time":"2026-07-14T18:11:20+00:00","og_image":[{"width":848,"height":477,"url":"https:\/\/ferabrajan.com\/portal\/wp-content\/uploads\/2026\/07\/Rosa-Icela.webp","type":"image\/webp"}],"author":"admin","twitter_card":"summary_large_image","twitter_creator":"@ferabrajan1","twitter_site":"@ferabrajan1","twitter_misc":{"Escrito por":"admin","Tiempo de lectura":"4 minutos"},"schema":{"@context":"https:\/\/schema.org","@graph":[{"@type":"Article","@id":"https:\/\/ferabrajan.com\/portal\/2026\/07\/14\/rosa-icela-rodriguez-informa-sobre-medidas-contra-el-reclutamiento-criminal-en-escuelas\/#article","isPartOf":{"@id":"https:\/\/ferabrajan.com\/portal\/2026\/07\/14\/rosa-icela-rodriguez-informa-sobre-medidas-contra-el-reclutamiento-criminal-en-escuelas\/"},"author":{"name":"admin","@id":"https:\/\/ferabrajan.com\/portal\/#\/schema\/person\/f6113b3cb1e036d5c6a9505685b257ba"},"headline":"Rosa Icela Rodr\u00edguez informa sobre medidas contra el reclutamiento criminal en escuelas","datePublished":"2026-07-14T16:01:07+00:00","dateModified":"2026-07-14T18:11:20+00:00","mainEntityOfPage":{"@id":"https:\/\/ferabrajan.com\/portal\/2026\/07\/14\/rosa-icela-rodriguez-informa-sobre-medidas-contra-el-reclutamiento-criminal-en-escuelas\/"},"wordCount":687,"publisher":{"@id":"https:\/\/ferabrajan.com\/portal\/#organization"},"image":{"@id":"https:\/\/ferabrajan.com\/portal\/2026\/07\/14\/rosa-icela-rodriguez-informa-sobre-medidas-contra-el-reclutamiento-criminal-en-escuelas\/#primaryimage"},"thumbnailUrl":"https:\/\/ferabrajan.com\/portal\/wp-content\/uploads\/2026\/07\/Rosa-Icela.webp","keywords":["Jovenes","reclutamiento","Rosa Icela Rodr\u00edguez Vel\u00e1zquez","Secretar\u00eda de Gobernaci\u00f3n"],"articleSection":["Nacional","Principal"],"inLanguage":"es"},{"@type":"WebPage","@id":"https:\/\/ferabrajan.com\/portal\/2026\/07\/14\/rosa-icela-rodriguez-informa-sobre-medidas-contra-el-reclutamiento-criminal-en-escuelas\/","url":"https:\/\/ferabrajan.com\/portal\/2026\/07\/14\/rosa-icela-rodriguez-informa-sobre-medidas-contra-el-reclutamiento-criminal-en-escuelas\/","name":"Rosa Icela Rodr\u00edguez informa sobre medidas contra el reclutamiento criminal en escuelas - Fer Abrajan","isPartOf":{"@id":"https:\/\/ferabrajan.com\/portal\/#website"},"primaryImageOfPage":{"@id":"https:\/\/ferabrajan.com\/portal\/2026\/07\/14\/rosa-icela-rodriguez-informa-sobre-medidas-contra-el-reclutamiento-criminal-en-escuelas\/#primaryimage"},"image":{"@id":"https:\/\/ferabrajan.com\/portal\/2026\/07\/14\/rosa-icela-rodriguez-informa-sobre-medidas-contra-el-reclutamiento-criminal-en-escuelas\/#primaryimage"},"thumbnailUrl":"https:\/\/ferabrajan.com\/portal\/wp-content\/uploads\/2026\/07\/Rosa-Icela.webp","datePublished":"2026-07-14T16:01:07+00:00","dateModified":"2026-07-14T18:11:20+00:00","breadcrumb":{"@id":"https:\/\/ferabrajan.com\/portal\/2026\/07\/14\/rosa-icela-rodriguez-informa-sobre-medidas-contra-el-reclutamiento-criminal-en-escuelas\/#breadcrumb"},"inLanguage":"es","potentialAction":[{"@type":"ReadAction","target":["https:\/\/ferabrajan.com\/portal\/2026\/07\/14\/rosa-icela-rodriguez-informa-sobre-medidas-contra-el-reclutamiento-criminal-en-escuelas\/"]}]},{"@type":"ImageObject","inLanguage":"es","@id":"https:\/\/ferabrajan.com\/portal\/2026\/07\/14\/rosa-icela-rodriguez-informa-sobre-medidas-contra-el-reclutamiento-criminal-en-escuelas\/#primaryimage","url":"https:\/\/ferabrajan.com\/portal\/wp-content\/uploads\/2026\/07\/Rosa-Icela.webp","contentUrl":"https:\/\/ferabrajan.com\/portal\/wp-content\/uploads\/2026\/07\/Rosa-Icela.webp","width":848,"height":477},{"@type":"BreadcrumbList","@id":"https:\/\/ferabrajan.com\/portal\/2026\/07\/14\/rosa-icela-rodriguez-informa-sobre-medidas-contra-el-reclutamiento-criminal-en-escuelas\/#breadcrumb","itemListElement":[{"@type":"ListItem","position":1,"name":"Portada","item":"https:\/\/ferabrajan.com\/portal\/"},{"@type":"ListItem","position":2,"name":"Rosa Icela Rodr\u00edguez informa sobre medidas contra el reclutamiento criminal en escuelas"}]},{"@type":"WebSite","@id":"https:\/\/ferabrajan.com\/portal\/#website","url":"https:\/\/ferabrajan.com\/portal\/","name":"Fer Abrajan","description":"Noticias de Puebla, opini\u00f3n y radio en vivo","publisher":{"@id":"https:\/\/ferabrajan.com\/portal\/#organization"},"potentialAction":[{"@type":"SearchAction","target":{"@type":"EntryPoint","urlTemplate":"https:\/\/ferabrajan.com\/portal\/?s={search_term_string}"},"query-input":{"@type":"PropertyValueSpecification","valueRequired":true,"valueName":"search_term_string"}}],"inLanguage":"es"},{"@type":"Organization","@id":"https:\/\/ferabrajan.com\/portal\/#organization","name":"Fer Abrajan","url":"https:\/\/ferabrajan.com\/portal\/","logo":{"@type":"ImageObject","inLanguage":"es","@id":"https:\/\/ferabrajan.com\/portal\/#\/schema\/logo\/image\/","url":"https:\/\/ferabrajan.com\/portal\/wp-content\/uploads\/2024\/10\/cropped-logo.jpeg","contentUrl":"https:\/\/ferabrajan.com\/portal\/wp-content\/uploads\/2024\/10\/cropped-logo.jpeg","width":500,"height":250,"caption":"Fer Abrajan"},"image":{"@id":"https:\/\/ferabrajan.com\/portal\/#\/schema\/logo\/image\/"},"sameAs":["https:\/\/www.facebook.com\/NoticiasconFerAbrajan\/","https:\/\/x.com\/ferabrajan1"]},{"@type":"Person","@id":"https:\/\/ferabrajan.com\/portal\/#\/schema\/person\/f6113b3cb1e036d5c6a9505685b257ba","name":"admin","image":{"@type":"ImageObject","inLanguage":"es","@id":"https:\/\/secure.gravatar.com\/avatar\/072baa72775aad53c748dfc5d3048578e01b6c087eef335459ebfa04344e2d18?s=96&d=mm&r=g","url":"https:\/\/secure.gravatar.com\/avatar\/072baa72775aad53c748dfc5d3048578e01b6c087eef335459ebfa04344e2d18?s=96&d=mm&r=g","contentUrl":"https:\/\/secure.gravatar.com\/avatar\/072baa72775aad53c748dfc5d3048578e01b6c087eef335459ebfa04344e2d18?s=96&d=mm&r=g","caption":"admin"},"sameAs":["https:\/\/ferabrajan.com\/portal"],"url":"https:\/\/ferabrajan.com\/portal\/author\/admin\/"}]}},"_links":{"self":[{"href":"https:\/\/ferabrajan.com\/portal\/wp-json\/wp\/v2\/posts\/83243","targetHints":{"allow":["GET"]}}],"collection":[{"href":"https:\/\/ferabrajan.com\/portal\/wp-json\/wp\/v2\/posts"}],"about":[{"href":"https:\/\/ferabrajan.com\/portal\/wp-json\/wp\/v2\/types\/post"}],"author":[{"embeddable":true,"href":"https:\/\/ferabrajan.com\/portal\/wp-json\/wp\/v2\/users\/1"}],"replies":[{"embeddable":true,"href":"https:\/\/ferabrajan.com\/portal\/wp-json\/wp\/v2\/comments?post=83243"}],"version-history":[{"count":2,"href":"https:\/\/ferabrajan.com\/portal\/wp-json\/wp\/v2\/posts\/83243\/revisions"}],"predecessor-version":[{"id":83249,"href":"https:\/\/ferabrajan.com\/portal\/wp-json\/wp\/v2\/posts\/83243\/revisions\/83249"}],"wp:featuredmedia":[{"embeddable":true,"href":"https:\/\/ferabrajan.com\/portal\/wp-json\/wp\/v2\/media\/83244"}],"wp:attachment":[{"href":"https:\/\/ferabrajan.com\/portal\/wp-json\/wp\/v2\/media?parent=83243"}],"wp:term":[{"taxonomy":"category","embeddable":true,"href":"https:\/\/ferabrajan.com\/portal\/wp-json\/wp\/v2\/categories?post=83243"},{"taxonomy":"post_tag","embeddable":true,"href":"https:\/\/ferabrajan.com\/portal\/wp-json\/wp\/v2\/tags?post=83243"}],"curies":[{"name":"wp","href":"https:\/\/api.w.org\/{rel}","templated":true}]}}