{"id":83236,"date":"2026-07-14T15:24:01","date_gmt":"2026-07-14T15:24:01","guid":{"rendered":"https:\/\/ferabrajan.com\/portal\/?p=83236"},"modified":"2026-07-14T15:24:01","modified_gmt":"2026-07-14T15:24:01","slug":"cae-presunto-tirador-de-la-via-atlixcayotl-tras-operativo-en-santa-fe","status":"publish","type":"post","link":"https:\/\/ferabrajan.com\/portal\/2026\/07\/14\/cae-presunto-tirador-de-la-via-atlixcayotl-tras-operativo-en-santa-fe\/","title":{"rendered":"Cae presunto tirador de la V\u00eda Atlixc\u00e1yotl tras operativo en Santa Fe"},"content":{"rendered":"<p class=\"PDq2pG_selectionAnchorContainer\" data-start=\"106\" data-end=\"516\">Un intenso operativo encabezado por elementos de la <strong data-start=\"158\" data-end=\"193\">Secretar\u00eda de Seguridad P\u00fablica<\/strong>, la <strong data-start=\"198\" data-end=\"229\">Fiscal\u00eda General del Estado<\/strong> y la <strong data-start=\"235\" data-end=\"255\">Guardia Nacional<\/strong> se llev\u00f3 a cabo este domingo en el fraccionamiento <strong data-start=\"307\" data-end=\"319\">Santa Fe<\/strong>, ubicado sobre la <strong data-start=\"338\" data-end=\"357\">V\u00eda Atlixc\u00e1yotl<\/strong>, donde fue detenido <strong data-start=\"378\" data-end=\"392\">Rafael \u00abN\u00bb<\/strong>, identificado de manera preliminar como el presunto responsable del ataque armado registrado recientemente en esa vialidad.<\/p>\n<p data-start=\"518\" data-end=\"774\">De acuerdo con los primeros reportes, durante la intervenci\u00f3n agentes ministeriales y elementos de la <strong data-start=\"620\" data-end=\"657\">Secretar\u00eda de la Defensa Nacional<\/strong> habr\u00edan sido recibidos con disparos de arma de fuego, por lo que repelieron la agresi\u00f3n para controlar la situaci\u00f3n.<\/p>\n<p data-start=\"776\" data-end=\"893\">Hasta el momento, las autoridades mantienen presencia en la zona mientras contin\u00faan las diligencias correspondientes.<\/p>\n<p data-start=\"895\" data-end=\"1074\">La <strong data-start=\"898\" data-end=\"939\">Fiscal\u00eda General del Estado de Puebla<\/strong> inform\u00f3 que ofrecer\u00e1 una conferencia de prensa en las pr\u00f3ximas horas para dar a conocer los detalles del operativo y la investigaci\u00f3n.<\/p>\n<p data-start=\"1076\" data-end=\"1106\" data-is-last-node=\"\" data-is-only-node=\"\"><strong data-start=\"1076\" data-end=\"1106\" data-is-last-node=\"\">Informaci\u00f3n en desarrollo.<\/strong><\/p>\n<p data-start=\"1076\" data-end=\"1106\" data-is-last-node=\"\" data-is-only-node=\"\"><img decoding=\"async\" class=\"alignnone size-medium wp-image-83237\" src=\"https:\/\/ferabrajan.com\/portal\/wp-content\/uploads\/2026\/07\/Captura-de-pantalla_14-7-2026_91510_x.com_-300x156.jpeg\" alt=\"\" width=\"300\" height=\"156\" srcset=\"https:\/\/ferabrajan.com\/portal\/wp-content\/uploads\/2026\/07\/Captura-de-pantalla_14-7-2026_91510_x.com_-300x156.jpeg 300w, https:\/\/ferabrajan.com\/portal\/wp-content\/uploads\/2026\/07\/Captura-de-pantalla_14-7-2026_91510_x.com_-1024x531.jpeg 1024w, https:\/\/ferabrajan.com\/portal\/wp-content\/uploads\/2026\/07\/Captura-de-pantalla_14-7-2026_91510_x.com_-768x398.jpeg 768w, https:\/\/ferabrajan.com\/portal\/wp-content\/uploads\/2026\/07\/Captura-de-pantalla_14-7-2026_91510_x.com_.jpeg 1443w\" sizes=\"(max-width: 300px) 100vw, 300px\" \/> <img decoding=\"async\" class=\"alignnone size-medium wp-image-83238\" src=\"https:\/\/ferabrajan.com\/portal\/wp-content\/uploads\/2026\/07\/Captura-de-pantalla_14-7-2026_91451_x.com_-300x159.jpeg\" alt=\"\" width=\"300\" height=\"159\" srcset=\"https:\/\/ferabrajan.com\/portal\/wp-content\/uploads\/2026\/07\/Captura-de-pantalla_14-7-2026_91451_x.com_-300x159.jpeg 300w, https:\/\/ferabrajan.com\/portal\/wp-content\/uploads\/2026\/07\/Captura-de-pantalla_14-7-2026_91451_x.com_-1024x544.jpeg 1024w, https:\/\/ferabrajan.com\/portal\/wp-content\/uploads\/2026\/07\/Captura-de-pantalla_14-7-2026_91451_x.com_-768x408.jpeg 768w, https:\/\/ferabrajan.com\/portal\/wp-content\/uploads\/2026\/07\/Captura-de-pantalla_14-7-2026_91451_x.com_.jpeg 1444w\" sizes=\"(max-width: 300px) 100vw, 300px\" \/><\/p>\n","protected":false},"excerpt":{"rendered":"<p>Un intenso operativo encabezado por elementos de la Secretar\u00eda de Seguridad P\u00fablica, la Fiscal\u00eda General del Estado y la Guardia Nacional se llev\u00f3 a cabo este domingo en el fraccionamiento Santa Fe, ubicado sobre la V\u00eda Atlixc\u00e1yotl, donde fue detenido Rafael \u00abN\u00bb, identificado de manera preliminar como el presunto responsable del ataque armado registrado recientemente en esa vialidad. De acuerdo con los primeros reportes, durante la intervenci\u00f3n agentes ministeriales y elementos de la Secretar\u00eda de la Defensa Nacional habr\u00edan sido recibidos con disparos de arma de fuego, por lo que repelieron la agresi\u00f3n para controlar la situaci\u00f3n. Hasta el momento, las autoridades mantienen presencia en la zona mientras contin\u00faan las diligencias correspondientes. La Fiscal\u00eda General del Estado de Puebla inform\u00f3 que ofrecer\u00e1 una conferencia de prensa en las pr\u00f3ximas horas para dar a conocer los detalles del operativo y la investigaci\u00f3n. Informaci\u00f3n en desarrollo.<\/p>\n","protected":false},"author":1,"featured_media":83239,"comment_status":"closed","ping_status":"closed","sticky":false,"template":"","format":"standard","meta":{"_monsterinsights_skip_tracking":false,"_uf_show_specific_survey":0,"_uf_disable_surveys":false,"footnotes":""},"categories":[53,585],"tags":[4505,238,441,4940,4939,1260],"class_list":["post-83236","post","type-post","status-publish","format-standard","has-post-thumbnail","hentry","category-local","category-principal","tag-ecretaria-de-seguridad-publica","tag-fge","tag-guardia-nacional","tag-santa-fe","tag-tirador","tag-via-atlixcayotl"],"yoast_head":"<!-- This site is optimized with the Yoast SEO plugin v27.5 - https:\/\/yoast.com\/product\/yoast-seo-wordpress\/ -->\n<title>Cae presunto tirador de la V\u00eda Atlixc\u00e1yotl tras operativo en Santa Fe - Fer Abrajan<\/title>\n<meta name=\"robots\" content=\"index, follow, max-snippet:-1, max-image-preview:large, max-video-preview:-1\" \/>\n<link rel=\"canonical\" href=\"https:\/\/ferabrajan.com\/portal\/2026\/07\/14\/cae-presunto-tirador-de-la-via-atlixcayotl-tras-operativo-en-santa-fe\/\" \/>\n<meta property=\"og:locale\" content=\"es_ES\" \/>\n<meta property=\"og:type\" content=\"article\" \/>\n<meta property=\"og:title\" content=\"Cae presunto tirador de la V\u00eda Atlixc\u00e1yotl tras operativo en Santa Fe - Fer Abrajan\" \/>\n<meta property=\"og:description\" content=\"Un intenso operativo encabezado por elementos de la Secretar\u00eda de Seguridad P\u00fablica, la Fiscal\u00eda General del Estado y la Guardia Nacional se llev\u00f3 a cabo este domingo en el fraccionamiento Santa Fe, ubicado sobre la V\u00eda Atlixc\u00e1yotl, donde fue detenido Rafael \u00abN\u00bb, identificado de manera preliminar como el presunto responsable del ataque armado registrado recientemente en esa vialidad. De acuerdo con los primeros reportes, durante la intervenci\u00f3n agentes ministeriales y elementos de la Secretar\u00eda de la Defensa Nacional habr\u00edan sido recibidos con disparos de arma de fuego, por lo que repelieron la agresi\u00f3n para controlar la situaci\u00f3n. Hasta el momento, las autoridades mantienen presencia en la zona mientras contin\u00faan las diligencias correspondientes. La Fiscal\u00eda General del Estado de Puebla inform\u00f3 que ofrecer\u00e1 una conferencia de prensa en las pr\u00f3ximas horas para dar a conocer los detalles del operativo y la investigaci\u00f3n. Informaci\u00f3n en desarrollo.\" \/>\n<meta property=\"og:url\" content=\"https:\/\/ferabrajan.com\/portal\/2026\/07\/14\/cae-presunto-tirador-de-la-via-atlixcayotl-tras-operativo-en-santa-fe\/\" \/>\n<meta property=\"og:site_name\" content=\"Fer Abrajan\" \/>\n<meta property=\"article:publisher\" content=\"https:\/\/www.facebook.com\/NoticiasconFerAbrajan\/\" \/>\n<meta property=\"article:published_time\" content=\"2026-07-14T15:24:01+00:00\" \/>\n<meta property=\"og:image\" content=\"https:\/\/ferabrajan.com\/portal\/wp-content\/uploads\/2026\/07\/Fotos-sitio-web-FER-4.png\" \/>\n\t<meta property=\"og:image:width\" content=\"1024\" \/>\n\t<meta property=\"og:image:height\" content=\"683\" \/>\n\t<meta property=\"og:image:type\" content=\"image\/png\" \/>\n<meta name=\"author\" content=\"admin\" \/>\n<meta name=\"twitter:card\" content=\"summary_large_image\" \/>\n<meta name=\"twitter:creator\" content=\"@ferabrajan1\" \/>\n<meta name=\"twitter:site\" content=\"@ferabrajan1\" \/>\n<meta name=\"twitter:label1\" content=\"Escrito por\" \/>\n\t<meta name=\"twitter:data1\" content=\"admin\" \/>\n\t<meta name=\"twitter:label2\" content=\"Tiempo de lectura\" \/>\n\t<meta name=\"twitter:data2\" content=\"2 minutos\" \/>\n<script type=\"application\/ld+json\" class=\"yoast-schema-graph\">{\"@context\":\"https:\\\/\\\/schema.org\",\"@graph\":[{\"@type\":\"Article\",\"@id\":\"https:\\\/\\\/ferabrajan.com\\\/portal\\\/2026\\\/07\\\/14\\\/cae-presunto-tirador-de-la-via-atlixcayotl-tras-operativo-en-santa-fe\\\/#article\",\"isPartOf\":{\"@id\":\"https:\\\/\\\/ferabrajan.com\\\/portal\\\/2026\\\/07\\\/14\\\/cae-presunto-tirador-de-la-via-atlixcayotl-tras-operativo-en-santa-fe\\\/\"},\"author\":{\"name\":\"admin\",\"@id\":\"https:\\\/\\\/ferabrajan.com\\\/portal\\\/#\\\/schema\\\/person\\\/f6113b3cb1e036d5c6a9505685b257ba\"},\"headline\":\"Cae presunto tirador de la V\u00eda Atlixc\u00e1yotl tras operativo en Santa Fe\",\"datePublished\":\"2026-07-14T15:24:01+00:00\",\"mainEntityOfPage\":{\"@id\":\"https:\\\/\\\/ferabrajan.com\\\/portal\\\/2026\\\/07\\\/14\\\/cae-presunto-tirador-de-la-via-atlixcayotl-tras-operativo-en-santa-fe\\\/\"},\"wordCount\":173,\"publisher\":{\"@id\":\"https:\\\/\\\/ferabrajan.com\\\/portal\\\/#organization\"},\"image\":{\"@id\":\"https:\\\/\\\/ferabrajan.com\\\/portal\\\/2026\\\/07\\\/14\\\/cae-presunto-tirador-de-la-via-atlixcayotl-tras-operativo-en-santa-fe\\\/#primaryimage\"},\"thumbnailUrl\":\"https:\\\/\\\/ferabrajan.com\\\/portal\\\/wp-content\\\/uploads\\\/2026\\\/07\\\/Fotos-sitio-web-FER-4.png\",\"keywords\":[\"ecretar\u00eda de Seguridad P\u00fablica\",\"FGE\",\"Guardia nacional\",\"Santa Fe\",\"Tirador\",\"V\u00eda Atlixc\u00e1yotl\"],\"articleSection\":[\"Local\",\"Principal\"],\"inLanguage\":\"es\"},{\"@type\":\"WebPage\",\"@id\":\"https:\\\/\\\/ferabrajan.com\\\/portal\\\/2026\\\/07\\\/14\\\/cae-presunto-tirador-de-la-via-atlixcayotl-tras-operativo-en-santa-fe\\\/\",\"url\":\"https:\\\/\\\/ferabrajan.com\\\/portal\\\/2026\\\/07\\\/14\\\/cae-presunto-tirador-de-la-via-atlixcayotl-tras-operativo-en-santa-fe\\\/\",\"name\":\"Cae presunto tirador de la V\u00eda Atlixc\u00e1yotl tras operativo en Santa Fe - Fer Abrajan\",\"isPartOf\":{\"@id\":\"https:\\\/\\\/ferabrajan.com\\\/portal\\\/#website\"},\"primaryImageOfPage\":{\"@id\":\"https:\\\/\\\/ferabrajan.com\\\/portal\\\/2026\\\/07\\\/14\\\/cae-presunto-tirador-de-la-via-atlixcayotl-tras-operativo-en-santa-fe\\\/#primaryimage\"},\"image\":{\"@id\":\"https:\\\/\\\/ferabrajan.com\\\/portal\\\/2026\\\/07\\\/14\\\/cae-presunto-tirador-de-la-via-atlixcayotl-tras-operativo-en-santa-fe\\\/#primaryimage\"},\"thumbnailUrl\":\"https:\\\/\\\/ferabrajan.com\\\/portal\\\/wp-content\\\/uploads\\\/2026\\\/07\\\/Fotos-sitio-web-FER-4.png\",\"datePublished\":\"2026-07-14T15:24:01+00:00\",\"breadcrumb\":{\"@id\":\"https:\\\/\\\/ferabrajan.com\\\/portal\\\/2026\\\/07\\\/14\\\/cae-presunto-tirador-de-la-via-atlixcayotl-tras-operativo-en-santa-fe\\\/#breadcrumb\"},\"inLanguage\":\"es\",\"potentialAction\":[{\"@type\":\"ReadAction\",\"target\":[\"https:\\\/\\\/ferabrajan.com\\\/portal\\\/2026\\\/07\\\/14\\\/cae-presunto-tirador-de-la-via-atlixcayotl-tras-operativo-en-santa-fe\\\/\"]}]},{\"@type\":\"ImageObject\",\"inLanguage\":\"es\",\"@id\":\"https:\\\/\\\/ferabrajan.com\\\/portal\\\/2026\\\/07\\\/14\\\/cae-presunto-tirador-de-la-via-atlixcayotl-tras-operativo-en-santa-fe\\\/#primaryimage\",\"url\":\"https:\\\/\\\/ferabrajan.com\\\/portal\\\/wp-content\\\/uploads\\\/2026\\\/07\\\/Fotos-sitio-web-FER-4.png\",\"contentUrl\":\"https:\\\/\\\/ferabrajan.com\\\/portal\\\/wp-content\\\/uploads\\\/2026\\\/07\\\/Fotos-sitio-web-FER-4.png\",\"width\":1024,\"height\":683},{\"@type\":\"BreadcrumbList\",\"@id\":\"https:\\\/\\\/ferabrajan.com\\\/portal\\\/2026\\\/07\\\/14\\\/cae-presunto-tirador-de-la-via-atlixcayotl-tras-operativo-en-santa-fe\\\/#breadcrumb\",\"itemListElement\":[{\"@type\":\"ListItem\",\"position\":1,\"name\":\"Portada\",\"item\":\"https:\\\/\\\/ferabrajan.com\\\/portal\\\/\"},{\"@type\":\"ListItem\",\"position\":2,\"name\":\"Cae presunto tirador de la V\u00eda Atlixc\u00e1yotl tras operativo en Santa Fe\"}]},{\"@type\":\"WebSite\",\"@id\":\"https:\\\/\\\/ferabrajan.com\\\/portal\\\/#website\",\"url\":\"https:\\\/\\\/ferabrajan.com\\\/portal\\\/\",\"name\":\"Fer Abrajan\",\"description\":\"Noticias de Puebla, opini\u00f3n y radio en vivo\",\"publisher\":{\"@id\":\"https:\\\/\\\/ferabrajan.com\\\/portal\\\/#organization\"},\"potentialAction\":[{\"@type\":\"SearchAction\",\"target\":{\"@type\":\"EntryPoint\",\"urlTemplate\":\"https:\\\/\\\/ferabrajan.com\\\/portal\\\/?s={search_term_string}\"},\"query-input\":{\"@type\":\"PropertyValueSpecification\",\"valueRequired\":true,\"valueName\":\"search_term_string\"}}],\"inLanguage\":\"es\"},{\"@type\":\"Organization\",\"@id\":\"https:\\\/\\\/ferabrajan.com\\\/portal\\\/#organization\",\"name\":\"Fer Abrajan\",\"url\":\"https:\\\/\\\/ferabrajan.com\\\/portal\\\/\",\"logo\":{\"@type\":\"ImageObject\",\"inLanguage\":\"es\",\"@id\":\"https:\\\/\\\/ferabrajan.com\\\/portal\\\/#\\\/schema\\\/logo\\\/image\\\/\",\"url\":\"https:\\\/\\\/ferabrajan.com\\\/portal\\\/wp-content\\\/uploads\\\/2024\\\/10\\\/cropped-logo.jpeg\",\"contentUrl\":\"https:\\\/\\\/ferabrajan.com\\\/portal\\\/wp-content\\\/uploads\\\/2024\\\/10\\\/cropped-logo.jpeg\",\"width\":500,\"height\":250,\"caption\":\"Fer Abrajan\"},\"image\":{\"@id\":\"https:\\\/\\\/ferabrajan.com\\\/portal\\\/#\\\/schema\\\/logo\\\/image\\\/\"},\"sameAs\":[\"https:\\\/\\\/www.facebook.com\\\/NoticiasconFerAbrajan\\\/\",\"https:\\\/\\\/x.com\\\/ferabrajan1\"]},{\"@type\":\"Person\",\"@id\":\"https:\\\/\\\/ferabrajan.com\\\/portal\\\/#\\\/schema\\\/person\\\/f6113b3cb1e036d5c6a9505685b257ba\",\"name\":\"admin\",\"image\":{\"@type\":\"ImageObject\",\"inLanguage\":\"es\",\"@id\":\"https:\\\/\\\/secure.gravatar.com\\\/avatar\\\/072baa72775aad53c748dfc5d3048578e01b6c087eef335459ebfa04344e2d18?s=96&d=mm&r=g\",\"url\":\"https:\\\/\\\/secure.gravatar.com\\\/avatar\\\/072baa72775aad53c748dfc5d3048578e01b6c087eef335459ebfa04344e2d18?s=96&d=mm&r=g\",\"contentUrl\":\"https:\\\/\\\/secure.gravatar.com\\\/avatar\\\/072baa72775aad53c748dfc5d3048578e01b6c087eef335459ebfa04344e2d18?s=96&d=mm&r=g\",\"caption\":\"admin\"},\"sameAs\":[\"https:\\\/\\\/ferabrajan.com\\\/portal\"],\"url\":\"https:\\\/\\\/ferabrajan.com\\\/portal\\\/author\\\/admin\\\/\"}]}<\/script>\n<!-- \/ Yoast SEO plugin. -->","yoast_head_json":{"title":"Cae presunto tirador de la V\u00eda Atlixc\u00e1yotl tras operativo en Santa Fe - Fer Abrajan","robots":{"index":"index","follow":"follow","max-snippet":"max-snippet:-1","max-image-preview":"max-image-preview:large","max-video-preview":"max-video-preview:-1"},"canonical":"https:\/\/ferabrajan.com\/portal\/2026\/07\/14\/cae-presunto-tirador-de-la-via-atlixcayotl-tras-operativo-en-santa-fe\/","og_locale":"es_ES","og_type":"article","og_title":"Cae presunto tirador de la V\u00eda Atlixc\u00e1yotl tras operativo en Santa Fe - Fer Abrajan","og_description":"Un intenso operativo encabezado por elementos de la Secretar\u00eda de Seguridad P\u00fablica, la Fiscal\u00eda General del Estado y la Guardia Nacional se llev\u00f3 a cabo este domingo en el fraccionamiento Santa Fe, ubicado sobre la V\u00eda Atlixc\u00e1yotl, donde fue detenido Rafael \u00abN\u00bb, identificado de manera preliminar como el presunto responsable del ataque armado registrado recientemente en esa vialidad. De acuerdo con los primeros reportes, durante la intervenci\u00f3n agentes ministeriales y elementos de la Secretar\u00eda de la Defensa Nacional habr\u00edan sido recibidos con disparos de arma de fuego, por lo que repelieron la agresi\u00f3n para controlar la situaci\u00f3n. Hasta el momento, las autoridades mantienen presencia en la zona mientras contin\u00faan las diligencias correspondientes. La Fiscal\u00eda General del Estado de Puebla inform\u00f3 que ofrecer\u00e1 una conferencia de prensa en las pr\u00f3ximas horas para dar a conocer los detalles del operativo y la investigaci\u00f3n. Informaci\u00f3n en desarrollo.","og_url":"https:\/\/ferabrajan.com\/portal\/2026\/07\/14\/cae-presunto-tirador-de-la-via-atlixcayotl-tras-operativo-en-santa-fe\/","og_site_name":"Fer Abrajan","article_publisher":"https:\/\/www.facebook.com\/NoticiasconFerAbrajan\/","article_published_time":"2026-07-14T15:24:01+00:00","og_image":[{"width":1024,"height":683,"url":"https:\/\/ferabrajan.com\/portal\/wp-content\/uploads\/2026\/07\/Fotos-sitio-web-FER-4.png","type":"image\/png"}],"author":"admin","twitter_card":"summary_large_image","twitter_creator":"@ferabrajan1","twitter_site":"@ferabrajan1","twitter_misc":{"Escrito por":"admin","Tiempo de lectura":"2 minutos"},"schema":{"@context":"https:\/\/schema.org","@graph":[{"@type":"Article","@id":"https:\/\/ferabrajan.com\/portal\/2026\/07\/14\/cae-presunto-tirador-de-la-via-atlixcayotl-tras-operativo-en-santa-fe\/#article","isPartOf":{"@id":"https:\/\/ferabrajan.com\/portal\/2026\/07\/14\/cae-presunto-tirador-de-la-via-atlixcayotl-tras-operativo-en-santa-fe\/"},"author":{"name":"admin","@id":"https:\/\/ferabrajan.com\/portal\/#\/schema\/person\/f6113b3cb1e036d5c6a9505685b257ba"},"headline":"Cae presunto tirador de la V\u00eda Atlixc\u00e1yotl tras operativo en Santa Fe","datePublished":"2026-07-14T15:24:01+00:00","mainEntityOfPage":{"@id":"https:\/\/ferabrajan.com\/portal\/2026\/07\/14\/cae-presunto-tirador-de-la-via-atlixcayotl-tras-operativo-en-santa-fe\/"},"wordCount":173,"publisher":{"@id":"https:\/\/ferabrajan.com\/portal\/#organization"},"image":{"@id":"https:\/\/ferabrajan.com\/portal\/2026\/07\/14\/cae-presunto-tirador-de-la-via-atlixcayotl-tras-operativo-en-santa-fe\/#primaryimage"},"thumbnailUrl":"https:\/\/ferabrajan.com\/portal\/wp-content\/uploads\/2026\/07\/Fotos-sitio-web-FER-4.png","keywords":["ecretar\u00eda de Seguridad P\u00fablica","FGE","Guardia nacional","Santa Fe","Tirador","V\u00eda Atlixc\u00e1yotl"],"articleSection":["Local","Principal"],"inLanguage":"es"},{"@type":"WebPage","@id":"https:\/\/ferabrajan.com\/portal\/2026\/07\/14\/cae-presunto-tirador-de-la-via-atlixcayotl-tras-operativo-en-santa-fe\/","url":"https:\/\/ferabrajan.com\/portal\/2026\/07\/14\/cae-presunto-tirador-de-la-via-atlixcayotl-tras-operativo-en-santa-fe\/","name":"Cae presunto tirador de la V\u00eda Atlixc\u00e1yotl tras operativo en Santa Fe - Fer Abrajan","isPartOf":{"@id":"https:\/\/ferabrajan.com\/portal\/#website"},"primaryImageOfPage":{"@id":"https:\/\/ferabrajan.com\/portal\/2026\/07\/14\/cae-presunto-tirador-de-la-via-atlixcayotl-tras-operativo-en-santa-fe\/#primaryimage"},"image":{"@id":"https:\/\/ferabrajan.com\/portal\/2026\/07\/14\/cae-presunto-tirador-de-la-via-atlixcayotl-tras-operativo-en-santa-fe\/#primaryimage"},"thumbnailUrl":"https:\/\/ferabrajan.com\/portal\/wp-content\/uploads\/2026\/07\/Fotos-sitio-web-FER-4.png","datePublished":"2026-07-14T15:24:01+00:00","breadcrumb":{"@id":"https:\/\/ferabrajan.com\/portal\/2026\/07\/14\/cae-presunto-tirador-de-la-via-atlixcayotl-tras-operativo-en-santa-fe\/#breadcrumb"},"inLanguage":"es","potentialAction":[{"@type":"ReadAction","target":["https:\/\/ferabrajan.com\/portal\/2026\/07\/14\/cae-presunto-tirador-de-la-via-atlixcayotl-tras-operativo-en-santa-fe\/"]}]},{"@type":"ImageObject","inLanguage":"es","@id":"https:\/\/ferabrajan.com\/portal\/2026\/07\/14\/cae-presunto-tirador-de-la-via-atlixcayotl-tras-operativo-en-santa-fe\/#primaryimage","url":"https:\/\/ferabrajan.com\/portal\/wp-content\/uploads\/2026\/07\/Fotos-sitio-web-FER-4.png","contentUrl":"https:\/\/ferabrajan.com\/portal\/wp-content\/uploads\/2026\/07\/Fotos-sitio-web-FER-4.png","width":1024,"height":683},{"@type":"BreadcrumbList","@id":"https:\/\/ferabrajan.com\/portal\/2026\/07\/14\/cae-presunto-tirador-de-la-via-atlixcayotl-tras-operativo-en-santa-fe\/#breadcrumb","itemListElement":[{"@type":"ListItem","position":1,"name":"Portada","item":"https:\/\/ferabrajan.com\/portal\/"},{"@type":"ListItem","position":2,"name":"Cae presunto tirador de la V\u00eda Atlixc\u00e1yotl tras operativo en Santa Fe"}]},{"@type":"WebSite","@id":"https:\/\/ferabrajan.com\/portal\/#website","url":"https:\/\/ferabrajan.com\/portal\/","name":"Fer Abrajan","description":"Noticias de Puebla, opini\u00f3n y radio en vivo","publisher":{"@id":"https:\/\/ferabrajan.com\/portal\/#organization"},"potentialAction":[{"@type":"SearchAction","target":{"@type":"EntryPoint","urlTemplate":"https:\/\/ferabrajan.com\/portal\/?s={search_term_string}"},"query-input":{"@type":"PropertyValueSpecification","valueRequired":true,"valueName":"search_term_string"}}],"inLanguage":"es"},{"@type":"Organization","@id":"https:\/\/ferabrajan.com\/portal\/#organization","name":"Fer Abrajan","url":"https:\/\/ferabrajan.com\/portal\/","logo":{"@type":"ImageObject","inLanguage":"es","@id":"https:\/\/ferabrajan.com\/portal\/#\/schema\/logo\/image\/","url":"https:\/\/ferabrajan.com\/portal\/wp-content\/uploads\/2024\/10\/cropped-logo.jpeg","contentUrl":"https:\/\/ferabrajan.com\/portal\/wp-content\/uploads\/2024\/10\/cropped-logo.jpeg","width":500,"height":250,"caption":"Fer Abrajan"},"image":{"@id":"https:\/\/ferabrajan.com\/portal\/#\/schema\/logo\/image\/"},"sameAs":["https:\/\/www.facebook.com\/NoticiasconFerAbrajan\/","https:\/\/x.com\/ferabrajan1"]},{"@type":"Person","@id":"https:\/\/ferabrajan.com\/portal\/#\/schema\/person\/f6113b3cb1e036d5c6a9505685b257ba","name":"admin","image":{"@type":"ImageObject","inLanguage":"es","@id":"https:\/\/secure.gravatar.com\/avatar\/072baa72775aad53c748dfc5d3048578e01b6c087eef335459ebfa04344e2d18?s=96&d=mm&r=g","url":"https:\/\/secure.gravatar.com\/avatar\/072baa72775aad53c748dfc5d3048578e01b6c087eef335459ebfa04344e2d18?s=96&d=mm&r=g","contentUrl":"https:\/\/secure.gravatar.com\/avatar\/072baa72775aad53c748dfc5d3048578e01b6c087eef335459ebfa04344e2d18?s=96&d=mm&r=g","caption":"admin"},"sameAs":["https:\/\/ferabrajan.com\/portal"],"url":"https:\/\/ferabrajan.com\/portal\/author\/admin\/"}]}},"_links":{"self":[{"href":"https:\/\/ferabrajan.com\/portal\/wp-json\/wp\/v2\/posts\/83236","targetHints":{"allow":["GET"]}}],"collection":[{"href":"https:\/\/ferabrajan.com\/portal\/wp-json\/wp\/v2\/posts"}],"about":[{"href":"https:\/\/ferabrajan.com\/portal\/wp-json\/wp\/v2\/types\/post"}],"author":[{"embeddable":true,"href":"https:\/\/ferabrajan.com\/portal\/wp-json\/wp\/v2\/users\/1"}],"replies":[{"embeddable":true,"href":"https:\/\/ferabrajan.com\/portal\/wp-json\/wp\/v2\/comments?post=83236"}],"version-history":[{"count":1,"href":"https:\/\/ferabrajan.com\/portal\/wp-json\/wp\/v2\/posts\/83236\/revisions"}],"predecessor-version":[{"id":83240,"href":"https:\/\/ferabrajan.com\/portal\/wp-json\/wp\/v2\/posts\/83236\/revisions\/83240"}],"wp:featuredmedia":[{"embeddable":true,"href":"https:\/\/ferabrajan.com\/portal\/wp-json\/wp\/v2\/media\/83239"}],"wp:attachment":[{"href":"https:\/\/ferabrajan.com\/portal\/wp-json\/wp\/v2\/media?parent=83236"}],"wp:term":[{"taxonomy":"category","embeddable":true,"href":"https:\/\/ferabrajan.com\/portal\/wp-json\/wp\/v2\/categories?post=83236"},{"taxonomy":"post_tag","embeddable":true,"href":"https:\/\/ferabrajan.com\/portal\/wp-json\/wp\/v2\/tags?post=83236"}],"curies":[{"name":"wp","href":"https:\/\/api.w.org\/{rel}","templated":true}]}}