{"id":83227,"date":"2026-07-14T15:07:28","date_gmt":"2026-07-14T15:07:28","guid":{"rendered":"https:\/\/ferabrajan.com\/portal\/?p=83227"},"modified":"2026-07-14T15:52:21","modified_gmt":"2026-07-14T15:52:21","slug":"mas-de-3-mil-policias-reforzaran-seguridad-en-vacaciones-en-puebla","status":"publish","type":"post","link":"https:\/\/ferabrajan.com\/portal\/2026\/07\/14\/mas-de-3-mil-policias-reforzaran-seguridad-en-vacaciones-en-puebla\/","title":{"rendered":"M\u00e1s de 3 mil polic\u00edas reforzar\u00e1n seguridad en vacaciones en Puebla"},"content":{"rendered":"<p class=\"PDq2pG_selectionAnchorContainer\" data-start=\"76\" data-end=\"333\">Con el arranque del operativo <strong data-start=\"106\" data-end=\"135\">\u00abVacaciones Seguras 2026\u00bb<\/strong>, la <strong data-start=\"140\" data-end=\"170\">Polic\u00eda Auxiliar de Puebla<\/strong> desplegar\u00e1 <strong data-start=\"182\" data-end=\"212\">m\u00e1s de 3 mil 600 elementos<\/strong> para reforzar la vigilancia durante el periodo vacacional de verano y fortalecer las acciones preventivas en la entidad.<\/p>\n<p data-start=\"335\" data-end=\"572\">Los guardias policiales tendr\u00e1n presencia en <strong data-start=\"380\" data-end=\"501\">centrales de autobuses, museos, plazas comerciales, parques, zonas tur\u00edsticas, oficinas p\u00fablicas y eventos deportivos<\/strong>, con el objetivo de brindar mayor seguridad a habitantes y visitantes.<\/p>\n<p data-start=\"335\" data-end=\"572\"><img fetchpriority=\"high\" decoding=\"async\" class=\"alignnone size-medium wp-image-83231\" src=\"https:\/\/ferabrajan.com\/portal\/wp-content\/uploads\/2026\/07\/capu-1-300x200.jpeg\" alt=\"\" width=\"300\" height=\"200\" srcset=\"https:\/\/ferabrajan.com\/portal\/wp-content\/uploads\/2026\/07\/capu-1-300x200.jpeg 300w, https:\/\/ferabrajan.com\/portal\/wp-content\/uploads\/2026\/07\/capu-1-1024x682.jpeg 1024w, https:\/\/ferabrajan.com\/portal\/wp-content\/uploads\/2026\/07\/capu-1-768x512.jpeg 768w, https:\/\/ferabrajan.com\/portal\/wp-content\/uploads\/2026\/07\/capu-1-1536x1023.jpeg 1536w, https:\/\/ferabrajan.com\/portal\/wp-content\/uploads\/2026\/07\/capu-1.jpeg 1600w\" sizes=\"(max-width: 300px) 100vw, 300px\" \/> <img decoding=\"async\" class=\"alignnone size-medium wp-image-83233\" src=\"https:\/\/ferabrajan.com\/portal\/wp-content\/uploads\/2026\/07\/turista-2-300x200.jpeg\" alt=\"\" width=\"300\" height=\"200\" srcset=\"https:\/\/ferabrajan.com\/portal\/wp-content\/uploads\/2026\/07\/turista-2-300x200.jpeg 300w, https:\/\/ferabrajan.com\/portal\/wp-content\/uploads\/2026\/07\/turista-2-1024x682.jpeg 1024w, https:\/\/ferabrajan.com\/portal\/wp-content\/uploads\/2026\/07\/turista-2-768x512.jpeg 768w, https:\/\/ferabrajan.com\/portal\/wp-content\/uploads\/2026\/07\/turista-2-1536x1023.jpeg 1536w, https:\/\/ferabrajan.com\/portal\/wp-content\/uploads\/2026\/07\/turista-2.jpeg 1600w\" sizes=\"(max-width: 300px) 100vw, 300px\" \/> <img decoding=\"async\" class=\"alignnone size-medium wp-image-83234\" src=\"https:\/\/ferabrajan.com\/portal\/wp-content\/uploads\/2026\/07\/capu1-1-300x200.jpeg\" alt=\"\" width=\"300\" height=\"200\" srcset=\"https:\/\/ferabrajan.com\/portal\/wp-content\/uploads\/2026\/07\/capu1-1-300x200.jpeg 300w, https:\/\/ferabrajan.com\/portal\/wp-content\/uploads\/2026\/07\/capu1-1-1024x682.jpeg 1024w, https:\/\/ferabrajan.com\/portal\/wp-content\/uploads\/2026\/07\/capu1-1-768x512.jpeg 768w, https:\/\/ferabrajan.com\/portal\/wp-content\/uploads\/2026\/07\/capu1-1-1536x1023.jpeg 1536w, https:\/\/ferabrajan.com\/portal\/wp-content\/uploads\/2026\/07\/capu1-1.jpeg 1600w\" sizes=\"(max-width: 300px) 100vw, 300px\" \/><\/p>\n<p data-start=\"574\" data-end=\"898\">La corporaci\u00f3n trabajar\u00e1 de manera coordinada con la <strong data-start=\"627\" data-end=\"637\">Marina<\/strong>, <strong data-start=\"639\" data-end=\"650\">Defensa<\/strong>, <strong data-start=\"652\" data-end=\"672\">Guardia Nacional<\/strong>, <strong data-start=\"674\" data-end=\"709\">Secretar\u00eda de Seguridad P\u00fablica<\/strong> y polic\u00edas municipales, adem\u00e1s de mantener comunicaci\u00f3n permanente con el <strong data-start=\"784\" data-end=\"841\">Centro de Informaci\u00f3n y Coordinaci\u00f3n Policial (CICOP)<\/strong> y el <strong data-start=\"847\" data-end=\"854\">C5i<\/strong> para atender emergencias de forma oportuna.<\/p>\n<p data-start=\"900\" data-end=\"1184\" data-is-last-node=\"\" data-is-only-node=\"\">El Gobierno del Estado inform\u00f3 que el operativo abarcar\u00e1 el \u00e1rea metropolitana y delegaciones regionales como <strong data-start=\"1010\" data-end=\"1090\">Atlixco, Huauchinango, San Mart\u00edn Texmelucan, Tehuac\u00e1n, Teziutl\u00e1n y Zacatl\u00e1n<\/strong>, entre otras, con el prop\u00f3sito de ofrecer un periodo vacacional m\u00e1s seguro para la poblaci\u00f3n.<\/p>\n<p data-start=\"900\" data-end=\"1184\" data-is-last-node=\"\" data-is-only-node=\"\">\n","protected":false},"excerpt":{"rendered":"<p>M\u00e1s de 3 mil 600 guardias policiales mantendr\u00e1n presencia operativa en puntos estrat\u00e9gicos para fortalecer las tareas preventivas y brindar tranquilidad a la poblaci\u00f3n.<\/p>\n","protected":false},"author":3,"featured_media":83241,"comment_status":"closed","ping_status":"closed","sticky":false,"template":"","format":"standard","meta":{"_monsterinsights_skip_tracking":false,"_uf_show_specific_survey":0,"_uf_disable_surveys":false,"footnotes":""},"categories":[585,34],"tags":[4937,4938],"class_list":["post-83227","post","type-post","status-publish","format-standard","has-post-thumbnail","hentry","category-principal","category-puebla","tag-policia-auxiliar-de-puebla","tag-vacaciones-seguras-2026"],"yoast_head":"<!-- This site is optimized with the Yoast SEO plugin v27.5 - https:\/\/yoast.com\/product\/yoast-seo-wordpress\/ -->\n<title>M\u00e1s de 3 mil polic\u00edas reforzar\u00e1n seguridad en vacaciones en Puebla - Fer Abrajan<\/title>\n<meta name=\"robots\" content=\"index, follow, max-snippet:-1, max-image-preview:large, max-video-preview:-1\" \/>\n<link rel=\"canonical\" href=\"https:\/\/ferabrajan.com\/portal\/2026\/07\/14\/mas-de-3-mil-policias-reforzaran-seguridad-en-vacaciones-en-puebla\/\" \/>\n<meta property=\"og:locale\" content=\"es_ES\" \/>\n<meta property=\"og:type\" content=\"article\" \/>\n<meta property=\"og:title\" content=\"M\u00e1s de 3 mil polic\u00edas reforzar\u00e1n seguridad en vacaciones en Puebla - Fer Abrajan\" \/>\n<meta property=\"og:description\" content=\"M\u00e1s de 3 mil 600 guardias policiales mantendr\u00e1n presencia operativa en puntos estrat\u00e9gicos para fortalecer las tareas preventivas y brindar tranquilidad a la poblaci\u00f3n.\" \/>\n<meta property=\"og:url\" content=\"https:\/\/ferabrajan.com\/portal\/2026\/07\/14\/mas-de-3-mil-policias-reforzaran-seguridad-en-vacaciones-en-puebla\/\" \/>\n<meta property=\"og:site_name\" content=\"Fer Abrajan\" \/>\n<meta property=\"article:publisher\" content=\"https:\/\/www.facebook.com\/NoticiasconFerAbrajan\/\" \/>\n<meta property=\"article:published_time\" content=\"2026-07-14T15:07:28+00:00\" \/>\n<meta property=\"article:modified_time\" content=\"2026-07-14T15:52:21+00:00\" \/>\n<meta property=\"og:image\" content=\"https:\/\/ferabrajan.com\/portal\/wp-content\/uploads\/2026\/07\/turista-3.jpeg\" \/>\n\t<meta property=\"og:image:width\" content=\"1600\" \/>\n\t<meta property=\"og:image:height\" content=\"1066\" \/>\n\t<meta property=\"og:image:type\" content=\"image\/jpeg\" \/>\n<meta name=\"author\" content=\"Rebeca N\u00fa\u00f1ez\" \/>\n<meta name=\"twitter:card\" content=\"summary_large_image\" \/>\n<meta name=\"twitter:creator\" content=\"@ferabrajan1\" \/>\n<meta name=\"twitter:site\" content=\"@ferabrajan1\" \/>\n<meta name=\"twitter:label1\" content=\"Escrito por\" \/>\n\t<meta name=\"twitter:data1\" content=\"Rebeca N\u00fa\u00f1ez\" \/>\n\t<meta name=\"twitter:label2\" content=\"Tiempo de lectura\" \/>\n\t<meta name=\"twitter:data2\" content=\"2 minutos\" \/>\n<script type=\"application\/ld+json\" class=\"yoast-schema-graph\">{\"@context\":\"https:\\\/\\\/schema.org\",\"@graph\":[{\"@type\":\"Article\",\"@id\":\"https:\\\/\\\/ferabrajan.com\\\/portal\\\/2026\\\/07\\\/14\\\/mas-de-3-mil-policias-reforzaran-seguridad-en-vacaciones-en-puebla\\\/#article\",\"isPartOf\":{\"@id\":\"https:\\\/\\\/ferabrajan.com\\\/portal\\\/2026\\\/07\\\/14\\\/mas-de-3-mil-policias-reforzaran-seguridad-en-vacaciones-en-puebla\\\/\"},\"author\":{\"name\":\"Rebeca N\u00fa\u00f1ez\",\"@id\":\"https:\\\/\\\/ferabrajan.com\\\/portal\\\/#\\\/schema\\\/person\\\/a79364e0091921e733584c4833bc7a50\"},\"headline\":\"M\u00e1s de 3 mil polic\u00edas reforzar\u00e1n seguridad en vacaciones en Puebla\",\"datePublished\":\"2026-07-14T15:07:28+00:00\",\"dateModified\":\"2026-07-14T15:52:21+00:00\",\"mainEntityOfPage\":{\"@id\":\"https:\\\/\\\/ferabrajan.com\\\/portal\\\/2026\\\/07\\\/14\\\/mas-de-3-mil-policias-reforzaran-seguridad-en-vacaciones-en-puebla\\\/\"},\"wordCount\":182,\"publisher\":{\"@id\":\"https:\\\/\\\/ferabrajan.com\\\/portal\\\/#organization\"},\"image\":{\"@id\":\"https:\\\/\\\/ferabrajan.com\\\/portal\\\/2026\\\/07\\\/14\\\/mas-de-3-mil-policias-reforzaran-seguridad-en-vacaciones-en-puebla\\\/#primaryimage\"},\"thumbnailUrl\":\"https:\\\/\\\/ferabrajan.com\\\/portal\\\/wp-content\\\/uploads\\\/2026\\\/07\\\/turista-3.jpeg\",\"keywords\":[\"Polic\u00eda Auxiliar de Puebla\",\"Vacaciones Seguras 2026\"],\"articleSection\":[\"Principal\",\"Puebla\"],\"inLanguage\":\"es\"},{\"@type\":\"WebPage\",\"@id\":\"https:\\\/\\\/ferabrajan.com\\\/portal\\\/2026\\\/07\\\/14\\\/mas-de-3-mil-policias-reforzaran-seguridad-en-vacaciones-en-puebla\\\/\",\"url\":\"https:\\\/\\\/ferabrajan.com\\\/portal\\\/2026\\\/07\\\/14\\\/mas-de-3-mil-policias-reforzaran-seguridad-en-vacaciones-en-puebla\\\/\",\"name\":\"M\u00e1s de 3 mil polic\u00edas reforzar\u00e1n seguridad en vacaciones en Puebla - Fer Abrajan\",\"isPartOf\":{\"@id\":\"https:\\\/\\\/ferabrajan.com\\\/portal\\\/#website\"},\"primaryImageOfPage\":{\"@id\":\"https:\\\/\\\/ferabrajan.com\\\/portal\\\/2026\\\/07\\\/14\\\/mas-de-3-mil-policias-reforzaran-seguridad-en-vacaciones-en-puebla\\\/#primaryimage\"},\"image\":{\"@id\":\"https:\\\/\\\/ferabrajan.com\\\/portal\\\/2026\\\/07\\\/14\\\/mas-de-3-mil-policias-reforzaran-seguridad-en-vacaciones-en-puebla\\\/#primaryimage\"},\"thumbnailUrl\":\"https:\\\/\\\/ferabrajan.com\\\/portal\\\/wp-content\\\/uploads\\\/2026\\\/07\\\/turista-3.jpeg\",\"datePublished\":\"2026-07-14T15:07:28+00:00\",\"dateModified\":\"2026-07-14T15:52:21+00:00\",\"breadcrumb\":{\"@id\":\"https:\\\/\\\/ferabrajan.com\\\/portal\\\/2026\\\/07\\\/14\\\/mas-de-3-mil-policias-reforzaran-seguridad-en-vacaciones-en-puebla\\\/#breadcrumb\"},\"inLanguage\":\"es\",\"potentialAction\":[{\"@type\":\"ReadAction\",\"target\":[\"https:\\\/\\\/ferabrajan.com\\\/portal\\\/2026\\\/07\\\/14\\\/mas-de-3-mil-policias-reforzaran-seguridad-en-vacaciones-en-puebla\\\/\"]}]},{\"@type\":\"ImageObject\",\"inLanguage\":\"es\",\"@id\":\"https:\\\/\\\/ferabrajan.com\\\/portal\\\/2026\\\/07\\\/14\\\/mas-de-3-mil-policias-reforzaran-seguridad-en-vacaciones-en-puebla\\\/#primaryimage\",\"url\":\"https:\\\/\\\/ferabrajan.com\\\/portal\\\/wp-content\\\/uploads\\\/2026\\\/07\\\/turista-3.jpeg\",\"contentUrl\":\"https:\\\/\\\/ferabrajan.com\\\/portal\\\/wp-content\\\/uploads\\\/2026\\\/07\\\/turista-3.jpeg\",\"width\":1600,\"height\":1066},{\"@type\":\"BreadcrumbList\",\"@id\":\"https:\\\/\\\/ferabrajan.com\\\/portal\\\/2026\\\/07\\\/14\\\/mas-de-3-mil-policias-reforzaran-seguridad-en-vacaciones-en-puebla\\\/#breadcrumb\",\"itemListElement\":[{\"@type\":\"ListItem\",\"position\":1,\"name\":\"Portada\",\"item\":\"https:\\\/\\\/ferabrajan.com\\\/portal\\\/\"},{\"@type\":\"ListItem\",\"position\":2,\"name\":\"M\u00e1s de 3 mil polic\u00edas reforzar\u00e1n seguridad en vacaciones en Puebla\"}]},{\"@type\":\"WebSite\",\"@id\":\"https:\\\/\\\/ferabrajan.com\\\/portal\\\/#website\",\"url\":\"https:\\\/\\\/ferabrajan.com\\\/portal\\\/\",\"name\":\"Fer Abrajan\",\"description\":\"Noticias de Puebla, opini\u00f3n y radio en vivo\",\"publisher\":{\"@id\":\"https:\\\/\\\/ferabrajan.com\\\/portal\\\/#organization\"},\"potentialAction\":[{\"@type\":\"SearchAction\",\"target\":{\"@type\":\"EntryPoint\",\"urlTemplate\":\"https:\\\/\\\/ferabrajan.com\\\/portal\\\/?s={search_term_string}\"},\"query-input\":{\"@type\":\"PropertyValueSpecification\",\"valueRequired\":true,\"valueName\":\"search_term_string\"}}],\"inLanguage\":\"es\"},{\"@type\":\"Organization\",\"@id\":\"https:\\\/\\\/ferabrajan.com\\\/portal\\\/#organization\",\"name\":\"Fer Abrajan\",\"url\":\"https:\\\/\\\/ferabrajan.com\\\/portal\\\/\",\"logo\":{\"@type\":\"ImageObject\",\"inLanguage\":\"es\",\"@id\":\"https:\\\/\\\/ferabrajan.com\\\/portal\\\/#\\\/schema\\\/logo\\\/image\\\/\",\"url\":\"https:\\\/\\\/ferabrajan.com\\\/portal\\\/wp-content\\\/uploads\\\/2024\\\/10\\\/cropped-logo.jpeg\",\"contentUrl\":\"https:\\\/\\\/ferabrajan.com\\\/portal\\\/wp-content\\\/uploads\\\/2024\\\/10\\\/cropped-logo.jpeg\",\"width\":500,\"height\":250,\"caption\":\"Fer Abrajan\"},\"image\":{\"@id\":\"https:\\\/\\\/ferabrajan.com\\\/portal\\\/#\\\/schema\\\/logo\\\/image\\\/\"},\"sameAs\":[\"https:\\\/\\\/www.facebook.com\\\/NoticiasconFerAbrajan\\\/\",\"https:\\\/\\\/x.com\\\/ferabrajan1\"]},{\"@type\":\"Person\",\"@id\":\"https:\\\/\\\/ferabrajan.com\\\/portal\\\/#\\\/schema\\\/person\\\/a79364e0091921e733584c4833bc7a50\",\"name\":\"Rebeca N\u00fa\u00f1ez\",\"image\":{\"@type\":\"ImageObject\",\"inLanguage\":\"es\",\"@id\":\"https:\\\/\\\/secure.gravatar.com\\\/avatar\\\/c9cbf721287e849268cd37eca93cf4be51b2eed9e71c8d0c6825bd912000b74e?s=96&d=mm&r=g\",\"url\":\"https:\\\/\\\/secure.gravatar.com\\\/avatar\\\/c9cbf721287e849268cd37eca93cf4be51b2eed9e71c8d0c6825bd912000b74e?s=96&d=mm&r=g\",\"contentUrl\":\"https:\\\/\\\/secure.gravatar.com\\\/avatar\\\/c9cbf721287e849268cd37eca93cf4be51b2eed9e71c8d0c6825bd912000b74e?s=96&d=mm&r=g\",\"caption\":\"Rebeca N\u00fa\u00f1ez\"},\"url\":\"https:\\\/\\\/ferabrajan.com\\\/portal\\\/author\\\/rebeca\\\/\"}]}<\/script>\n<!-- \/ Yoast SEO plugin. -->","yoast_head_json":{"title":"M\u00e1s de 3 mil polic\u00edas reforzar\u00e1n seguridad en vacaciones en Puebla - Fer Abrajan","robots":{"index":"index","follow":"follow","max-snippet":"max-snippet:-1","max-image-preview":"max-image-preview:large","max-video-preview":"max-video-preview:-1"},"canonical":"https:\/\/ferabrajan.com\/portal\/2026\/07\/14\/mas-de-3-mil-policias-reforzaran-seguridad-en-vacaciones-en-puebla\/","og_locale":"es_ES","og_type":"article","og_title":"M\u00e1s de 3 mil polic\u00edas reforzar\u00e1n seguridad en vacaciones en Puebla - Fer Abrajan","og_description":"M\u00e1s de 3 mil 600 guardias policiales mantendr\u00e1n presencia operativa en puntos estrat\u00e9gicos para fortalecer las tareas preventivas y brindar tranquilidad a la poblaci\u00f3n.","og_url":"https:\/\/ferabrajan.com\/portal\/2026\/07\/14\/mas-de-3-mil-policias-reforzaran-seguridad-en-vacaciones-en-puebla\/","og_site_name":"Fer Abrajan","article_publisher":"https:\/\/www.facebook.com\/NoticiasconFerAbrajan\/","article_published_time":"2026-07-14T15:07:28+00:00","article_modified_time":"2026-07-14T15:52:21+00:00","og_image":[{"width":1600,"height":1066,"url":"https:\/\/ferabrajan.com\/portal\/wp-content\/uploads\/2026\/07\/turista-3.jpeg","type":"image\/jpeg"}],"author":"Rebeca N\u00fa\u00f1ez","twitter_card":"summary_large_image","twitter_creator":"@ferabrajan1","twitter_site":"@ferabrajan1","twitter_misc":{"Escrito por":"Rebeca N\u00fa\u00f1ez","Tiempo de lectura":"2 minutos"},"schema":{"@context":"https:\/\/schema.org","@graph":[{"@type":"Article","@id":"https:\/\/ferabrajan.com\/portal\/2026\/07\/14\/mas-de-3-mil-policias-reforzaran-seguridad-en-vacaciones-en-puebla\/#article","isPartOf":{"@id":"https:\/\/ferabrajan.com\/portal\/2026\/07\/14\/mas-de-3-mil-policias-reforzaran-seguridad-en-vacaciones-en-puebla\/"},"author":{"name":"Rebeca N\u00fa\u00f1ez","@id":"https:\/\/ferabrajan.com\/portal\/#\/schema\/person\/a79364e0091921e733584c4833bc7a50"},"headline":"M\u00e1s de 3 mil polic\u00edas reforzar\u00e1n seguridad en vacaciones en Puebla","datePublished":"2026-07-14T15:07:28+00:00","dateModified":"2026-07-14T15:52:21+00:00","mainEntityOfPage":{"@id":"https:\/\/ferabrajan.com\/portal\/2026\/07\/14\/mas-de-3-mil-policias-reforzaran-seguridad-en-vacaciones-en-puebla\/"},"wordCount":182,"publisher":{"@id":"https:\/\/ferabrajan.com\/portal\/#organization"},"image":{"@id":"https:\/\/ferabrajan.com\/portal\/2026\/07\/14\/mas-de-3-mil-policias-reforzaran-seguridad-en-vacaciones-en-puebla\/#primaryimage"},"thumbnailUrl":"https:\/\/ferabrajan.com\/portal\/wp-content\/uploads\/2026\/07\/turista-3.jpeg","keywords":["Polic\u00eda Auxiliar de Puebla","Vacaciones Seguras 2026"],"articleSection":["Principal","Puebla"],"inLanguage":"es"},{"@type":"WebPage","@id":"https:\/\/ferabrajan.com\/portal\/2026\/07\/14\/mas-de-3-mil-policias-reforzaran-seguridad-en-vacaciones-en-puebla\/","url":"https:\/\/ferabrajan.com\/portal\/2026\/07\/14\/mas-de-3-mil-policias-reforzaran-seguridad-en-vacaciones-en-puebla\/","name":"M\u00e1s de 3 mil polic\u00edas reforzar\u00e1n seguridad en vacaciones en Puebla - Fer Abrajan","isPartOf":{"@id":"https:\/\/ferabrajan.com\/portal\/#website"},"primaryImageOfPage":{"@id":"https:\/\/ferabrajan.com\/portal\/2026\/07\/14\/mas-de-3-mil-policias-reforzaran-seguridad-en-vacaciones-en-puebla\/#primaryimage"},"image":{"@id":"https:\/\/ferabrajan.com\/portal\/2026\/07\/14\/mas-de-3-mil-policias-reforzaran-seguridad-en-vacaciones-en-puebla\/#primaryimage"},"thumbnailUrl":"https:\/\/ferabrajan.com\/portal\/wp-content\/uploads\/2026\/07\/turista-3.jpeg","datePublished":"2026-07-14T15:07:28+00:00","dateModified":"2026-07-14T15:52:21+00:00","breadcrumb":{"@id":"https:\/\/ferabrajan.com\/portal\/2026\/07\/14\/mas-de-3-mil-policias-reforzaran-seguridad-en-vacaciones-en-puebla\/#breadcrumb"},"inLanguage":"es","potentialAction":[{"@type":"ReadAction","target":["https:\/\/ferabrajan.com\/portal\/2026\/07\/14\/mas-de-3-mil-policias-reforzaran-seguridad-en-vacaciones-en-puebla\/"]}]},{"@type":"ImageObject","inLanguage":"es","@id":"https:\/\/ferabrajan.com\/portal\/2026\/07\/14\/mas-de-3-mil-policias-reforzaran-seguridad-en-vacaciones-en-puebla\/#primaryimage","url":"https:\/\/ferabrajan.com\/portal\/wp-content\/uploads\/2026\/07\/turista-3.jpeg","contentUrl":"https:\/\/ferabrajan.com\/portal\/wp-content\/uploads\/2026\/07\/turista-3.jpeg","width":1600,"height":1066},{"@type":"BreadcrumbList","@id":"https:\/\/ferabrajan.com\/portal\/2026\/07\/14\/mas-de-3-mil-policias-reforzaran-seguridad-en-vacaciones-en-puebla\/#breadcrumb","itemListElement":[{"@type":"ListItem","position":1,"name":"Portada","item":"https:\/\/ferabrajan.com\/portal\/"},{"@type":"ListItem","position":2,"name":"M\u00e1s de 3 mil polic\u00edas reforzar\u00e1n seguridad en vacaciones en Puebla"}]},{"@type":"WebSite","@id":"https:\/\/ferabrajan.com\/portal\/#website","url":"https:\/\/ferabrajan.com\/portal\/","name":"Fer Abrajan","description":"Noticias de Puebla, opini\u00f3n y radio en vivo","publisher":{"@id":"https:\/\/ferabrajan.com\/portal\/#organization"},"potentialAction":[{"@type":"SearchAction","target":{"@type":"EntryPoint","urlTemplate":"https:\/\/ferabrajan.com\/portal\/?s={search_term_string}"},"query-input":{"@type":"PropertyValueSpecification","valueRequired":true,"valueName":"search_term_string"}}],"inLanguage":"es"},{"@type":"Organization","@id":"https:\/\/ferabrajan.com\/portal\/#organization","name":"Fer Abrajan","url":"https:\/\/ferabrajan.com\/portal\/","logo":{"@type":"ImageObject","inLanguage":"es","@id":"https:\/\/ferabrajan.com\/portal\/#\/schema\/logo\/image\/","url":"https:\/\/ferabrajan.com\/portal\/wp-content\/uploads\/2024\/10\/cropped-logo.jpeg","contentUrl":"https:\/\/ferabrajan.com\/portal\/wp-content\/uploads\/2024\/10\/cropped-logo.jpeg","width":500,"height":250,"caption":"Fer Abrajan"},"image":{"@id":"https:\/\/ferabrajan.com\/portal\/#\/schema\/logo\/image\/"},"sameAs":["https:\/\/www.facebook.com\/NoticiasconFerAbrajan\/","https:\/\/x.com\/ferabrajan1"]},{"@type":"Person","@id":"https:\/\/ferabrajan.com\/portal\/#\/schema\/person\/a79364e0091921e733584c4833bc7a50","name":"Rebeca N\u00fa\u00f1ez","image":{"@type":"ImageObject","inLanguage":"es","@id":"https:\/\/secure.gravatar.com\/avatar\/c9cbf721287e849268cd37eca93cf4be51b2eed9e71c8d0c6825bd912000b74e?s=96&d=mm&r=g","url":"https:\/\/secure.gravatar.com\/avatar\/c9cbf721287e849268cd37eca93cf4be51b2eed9e71c8d0c6825bd912000b74e?s=96&d=mm&r=g","contentUrl":"https:\/\/secure.gravatar.com\/avatar\/c9cbf721287e849268cd37eca93cf4be51b2eed9e71c8d0c6825bd912000b74e?s=96&d=mm&r=g","caption":"Rebeca N\u00fa\u00f1ez"},"url":"https:\/\/ferabrajan.com\/portal\/author\/rebeca\/"}]}},"_links":{"self":[{"href":"https:\/\/ferabrajan.com\/portal\/wp-json\/wp\/v2\/posts\/83227","targetHints":{"allow":["GET"]}}],"collection":[{"href":"https:\/\/ferabrajan.com\/portal\/wp-json\/wp\/v2\/posts"}],"about":[{"href":"https:\/\/ferabrajan.com\/portal\/wp-json\/wp\/v2\/types\/post"}],"author":[{"embeddable":true,"href":"https:\/\/ferabrajan.com\/portal\/wp-json\/wp\/v2\/users\/3"}],"replies":[{"embeddable":true,"href":"https:\/\/ferabrajan.com\/portal\/wp-json\/wp\/v2\/comments?post=83227"}],"version-history":[{"count":2,"href":"https:\/\/ferabrajan.com\/portal\/wp-json\/wp\/v2\/posts\/83227\/revisions"}],"predecessor-version":[{"id":83242,"href":"https:\/\/ferabrajan.com\/portal\/wp-json\/wp\/v2\/posts\/83227\/revisions\/83242"}],"wp:featuredmedia":[{"embeddable":true,"href":"https:\/\/ferabrajan.com\/portal\/wp-json\/wp\/v2\/media\/83241"}],"wp:attachment":[{"href":"https:\/\/ferabrajan.com\/portal\/wp-json\/wp\/v2\/media?parent=83227"}],"wp:term":[{"taxonomy":"category","embeddable":true,"href":"https:\/\/ferabrajan.com\/portal\/wp-json\/wp\/v2\/categories?post=83227"},{"taxonomy":"post_tag","embeddable":true,"href":"https:\/\/ferabrajan.com\/portal\/wp-json\/wp\/v2\/tags?post=83227"}],"curies":[{"name":"wp","href":"https:\/\/api.w.org\/{rel}","templated":true}]}}