{"id":83216,"date":"2026-07-13T15:40:35","date_gmt":"2026-07-13T15:40:35","guid":{"rendered":"https:\/\/ferabrajan.com\/portal\/?p=83216"},"modified":"2026-07-13T15:40:35","modified_gmt":"2026-07-13T15:40:35","slug":"habra-menos-vacaciones-estos-alumnos-regresarian-antes-a-clases","status":"publish","type":"post","link":"https:\/\/ferabrajan.com\/portal\/2026\/07\/13\/habra-menos-vacaciones-estos-alumnos-regresarian-antes-a-clases\/","title":{"rendered":"\u00bfHabr\u00e1 menos vacaciones? Estos alumnos regresar\u00edan antes a clases"},"content":{"rendered":"<p>El proyecto del\u00a0<strong>calendario escolar 2026-2027<\/strong>\u00a0publicado por la Secretar\u00eda de Educaci\u00f3n P\u00fablica (<strong>SEP<\/strong>) ha comenzado a generar dudas entre madres, padres de familia y estudiantes debido a un cambio que podr\u00eda\u00a0<strong>reducir el periodo de vacaciones de invierno<\/strong>. Aunque el documento todav\u00eda no entra en vigor y deber\u00e1 publicarse en el Diario Oficial de la Federaci\u00f3n (DOF) para convertirse en oficial, uno de los aspectos que m\u00e1s ha llamado la atenci\u00f3n es que los alumnos\u00a0<strong>regresar\u00edan a las aulas<\/strong>\u00a0unos d\u00edas antes de lo que ocurri\u00f3 en ciclos escolares recientes.<\/p>\n<p>El ajuste llam\u00f3 la atenci\u00f3n porque, aunque la\u00a0<strong>SEP<\/strong>\u00a0<strong>no elimina las vacaciones de invierno<\/strong>, s\u00ed modifica su duraci\u00f3n. Esto ha provocado dudas entre madres y padres de familia, quienes comenzaron a preguntarse si el descanso de diciembre ser\u00e1 m\u00e1s corto para millones de estudiantes de educaci\u00f3n b\u00e1sica.<\/p>\n<p>La propuesta todav\u00eda no es definitiva, ya que forma parte del proceso previo a su publicaci\u00f3n en el Diario Oficial de la Federaci\u00f3n (DOF). Hasta que eso ocurra, las fechas pueden cambiar antes de convertirse en el\u00a0<strong>calendario oficial del ciclo escolar 2026-2027<\/strong>.<\/p>\n<p>Lo que s\u00ed muestra el proyecto es que el\u00a0<strong>periodo vacacional de invierno<\/strong>\u00a0abarcar\u00eda del 21 de diciembre de 2026 al 6 de enero de 2027, por lo que los estudiantes regresar\u00edan a clases el jueves 7 de enero, un par de d\u00edas antes de lo que ocurri\u00f3 en\u00a0<strong>calendarios<\/strong>\u00a0recientes.<\/p>\n<h2>As\u00ed quedar\u00edan las vacaciones del pr\u00f3ximo ciclo escolar<\/h2>\n<figure class=\"image\"><img fetchpriority=\"high\" decoding=\"async\" src=\"https:\/\/heraldodemexico.com.mx\/u\/fotografias\/m\/2025\/10\/15\/f768x1-1196793_1196920_4633.jpeg\" alt=\"\" width=\"768\" height=\"435\" \/><figcaption>El proyecto tambi\u00e9n mantiene los 185 d\u00edas efectivos de clases | Archivo<\/figcaption><\/figure>\n<p>Si la\u00a0<strong>SEP<\/strong>\u00a0publica el\u00a0<strong>calendario<\/strong>\u00a0sin modificaciones, las\u00a0<strong>vacaciones de invierno<\/strong>\u00a0ser\u00edan las \u00fanicas que presentar\u00edan un ajuste respecto a a\u00f1os anteriores. En cambio, el descanso de Semana Santa permanecer\u00eda del 29 de marzo al 9 de abril de 2027, mientras que las\u00a0<strong>vacaciones de verano<\/strong>\u00a0comenzar\u00edan una vez que concluya el\u00a0<strong>ciclo escolar<\/strong>\u00a0el 9 de julio de 2027.<\/p>\n<p>El proyecto tambi\u00e9n mantiene los 185 d\u00edas efectivos de clases para preescolar, primaria y secundaria, por lo que el cambio no representa un aumento en la cantidad de d\u00edas que los alumnos deber\u00e1n asistir a la escuela. Lo que cambia es \u00fanicamente la forma en que se distribuyen dentro del\u00a0<strong>calendario<\/strong>.<\/p>\n<p>Adem\u00e1s de los periodos\u00a0<strong>vacacionales<\/strong>, la propuesta conserva los Consejos T\u00e9cnicos Escolares, las suspensiones por d\u00edas festivos oficiales y las jornadas de registro de calificaciones, por lo que la estructura general del ciclo escolar pr\u00e1cticamente no tendr\u00eda modificaciones.<\/p>\n<h2>El calendario a\u00fan no es oficial<\/h2>\n<figure class=\"image\"><img decoding=\"async\" src=\"https:\/\/heraldodemexico.com.mx\/u\/fotografias\/m\/2025\/9\/10\/f768x1-1181393_1181520_5050.jpg\" alt=\"\" width=\"768\" height=\"435\" \/><figcaption>Las autoridades educativas recomiendan esperar la versi\u00f3n definitiva del calendario | Archivo<\/figcaption><\/figure>\n<p>Aunque el documento ya fue difundido por la\u00a0<strong>SEP<\/strong>, todav\u00eda se encuentra en la etapa final del proceso regulatorio. Ser\u00e1 hasta su publicaci\u00f3n en el Diario Oficial de la Federaci\u00f3n cuando las fechas queden oficialmente aprobadas y entren en vigor para todas las escuelas p\u00fablicas y particulares incorporadas al Sistema Educativo Nacional.<\/p>\n<p>Por ello, las autoridades educativas recomiendan esperar la versi\u00f3n definitiva del calendario y consultar \u00fanicamente los canales oficiales, ya que el proyecto a\u00fan puede sufrir ajustes antes de convertirse en el\u00a0<strong>calendario escolar que regir\u00e1 el ciclo 2026-2027<\/strong>.<\/p>\n<p>Con Informaci\u00f3n de: <a href=\"https:\/\/heraldodemexico.com.mx\/nacional\/2026\/7\/13\/habra-menos-vacaciones-estos-alumnos-regresarian-antes-clases-segun-el-calendario-escolar-2026-2027-propuesto-por-la-sep-848696.html\">\u00bfHabr\u00e1 menos vacaciones? Estos alumnos regresar\u00edan antes a clases seg\u00fan el calendario escolar 2026 &#8211; 2027 propuesto por la SEP &#8211; El Heraldo de M\u00e9xico<\/a><\/p>\n","protected":false},"excerpt":{"rendered":"<p>El proyecto tambi\u00e9n mantiene los 185 d\u00edas efectivos de clases para preescolar, primaria y secundaria, por lo que el cambio no representa un aumento en los d\u00edas de clases<\/p>\n","protected":false},"author":1,"featured_media":83217,"comment_status":"closed","ping_status":"closed","sticky":false,"template":"","format":"standard","meta":{"_monsterinsights_skip_tracking":false,"_uf_show_specific_survey":0,"_uf_disable_surveys":false,"footnotes":""},"categories":[52,585],"tags":[1526,94,991],"class_list":["post-83216","post","type-post","status-publish","format-standard","has-post-thumbnail","hentry","category-nacional","category-principal","tag-calendario-escolar","tag-sep","tag-vacaciones"],"yoast_head":"<!-- This site is optimized with the Yoast SEO plugin v27.5 - https:\/\/yoast.com\/product\/yoast-seo-wordpress\/ -->\n<title>\u00bfHabr\u00e1 menos vacaciones? Estos alumnos regresar\u00edan antes a clases - Fer Abrajan<\/title>\n<meta name=\"robots\" content=\"index, follow, max-snippet:-1, max-image-preview:large, max-video-preview:-1\" \/>\n<link rel=\"canonical\" href=\"https:\/\/ferabrajan.com\/portal\/2026\/07\/13\/habra-menos-vacaciones-estos-alumnos-regresarian-antes-a-clases\/\" \/>\n<meta property=\"og:locale\" content=\"es_ES\" \/>\n<meta property=\"og:type\" content=\"article\" \/>\n<meta property=\"og:title\" content=\"\u00bfHabr\u00e1 menos vacaciones? Estos alumnos regresar\u00edan antes a clases - Fer Abrajan\" \/>\n<meta property=\"og:description\" content=\"El proyecto tambi\u00e9n mantiene los 185 d\u00edas efectivos de clases para preescolar, primaria y secundaria, por lo que el cambio no representa un aumento en los d\u00edas de clases\" \/>\n<meta property=\"og:url\" content=\"https:\/\/ferabrajan.com\/portal\/2026\/07\/13\/habra-menos-vacaciones-estos-alumnos-regresarian-antes-a-clases\/\" \/>\n<meta property=\"og:site_name\" content=\"Fer Abrajan\" \/>\n<meta property=\"article:publisher\" content=\"https:\/\/www.facebook.com\/NoticiasconFerAbrajan\/\" \/>\n<meta property=\"article:published_time\" content=\"2026-07-13T15:40:35+00:00\" \/>\n<meta property=\"og:image\" content=\"https:\/\/ferabrajan.com\/portal\/wp-content\/uploads\/2026\/07\/clases.webp\" \/>\n\t<meta property=\"og:image:width\" content=\"848\" \/>\n\t<meta property=\"og:image:height\" content=\"477\" \/>\n\t<meta property=\"og:image:type\" content=\"image\/webp\" \/>\n<meta name=\"author\" content=\"admin\" \/>\n<meta name=\"twitter:card\" content=\"summary_large_image\" \/>\n<meta name=\"twitter:creator\" content=\"@ferabrajan1\" \/>\n<meta name=\"twitter:site\" content=\"@ferabrajan1\" \/>\n<meta name=\"twitter:label1\" content=\"Escrito por\" \/>\n\t<meta name=\"twitter:data1\" content=\"admin\" \/>\n\t<meta name=\"twitter:label2\" content=\"Tiempo de lectura\" \/>\n\t<meta name=\"twitter:data2\" content=\"4 minutos\" \/>\n<script type=\"application\/ld+json\" class=\"yoast-schema-graph\">{\"@context\":\"https:\\\/\\\/schema.org\",\"@graph\":[{\"@type\":\"Article\",\"@id\":\"https:\\\/\\\/ferabrajan.com\\\/portal\\\/2026\\\/07\\\/13\\\/habra-menos-vacaciones-estos-alumnos-regresarian-antes-a-clases\\\/#article\",\"isPartOf\":{\"@id\":\"https:\\\/\\\/ferabrajan.com\\\/portal\\\/2026\\\/07\\\/13\\\/habra-menos-vacaciones-estos-alumnos-regresarian-antes-a-clases\\\/\"},\"author\":{\"name\":\"admin\",\"@id\":\"https:\\\/\\\/ferabrajan.com\\\/portal\\\/#\\\/schema\\\/person\\\/f6113b3cb1e036d5c6a9505685b257ba\"},\"headline\":\"\u00bfHabr\u00e1 menos vacaciones? Estos alumnos regresar\u00edan antes a clases\",\"datePublished\":\"2026-07-13T15:40:35+00:00\",\"mainEntityOfPage\":{\"@id\":\"https:\\\/\\\/ferabrajan.com\\\/portal\\\/2026\\\/07\\\/13\\\/habra-menos-vacaciones-estos-alumnos-regresarian-antes-a-clases\\\/\"},\"wordCount\":584,\"publisher\":{\"@id\":\"https:\\\/\\\/ferabrajan.com\\\/portal\\\/#organization\"},\"image\":{\"@id\":\"https:\\\/\\\/ferabrajan.com\\\/portal\\\/2026\\\/07\\\/13\\\/habra-menos-vacaciones-estos-alumnos-regresarian-antes-a-clases\\\/#primaryimage\"},\"thumbnailUrl\":\"https:\\\/\\\/ferabrajan.com\\\/portal\\\/wp-content\\\/uploads\\\/2026\\\/07\\\/clases.webp\",\"keywords\":[\"Calendario escolar\",\"SEP\",\"vacaciones\"],\"articleSection\":[\"Nacional\",\"Principal\"],\"inLanguage\":\"es\"},{\"@type\":\"WebPage\",\"@id\":\"https:\\\/\\\/ferabrajan.com\\\/portal\\\/2026\\\/07\\\/13\\\/habra-menos-vacaciones-estos-alumnos-regresarian-antes-a-clases\\\/\",\"url\":\"https:\\\/\\\/ferabrajan.com\\\/portal\\\/2026\\\/07\\\/13\\\/habra-menos-vacaciones-estos-alumnos-regresarian-antes-a-clases\\\/\",\"name\":\"\u00bfHabr\u00e1 menos vacaciones? Estos alumnos regresar\u00edan antes a clases - Fer Abrajan\",\"isPartOf\":{\"@id\":\"https:\\\/\\\/ferabrajan.com\\\/portal\\\/#website\"},\"primaryImageOfPage\":{\"@id\":\"https:\\\/\\\/ferabrajan.com\\\/portal\\\/2026\\\/07\\\/13\\\/habra-menos-vacaciones-estos-alumnos-regresarian-antes-a-clases\\\/#primaryimage\"},\"image\":{\"@id\":\"https:\\\/\\\/ferabrajan.com\\\/portal\\\/2026\\\/07\\\/13\\\/habra-menos-vacaciones-estos-alumnos-regresarian-antes-a-clases\\\/#primaryimage\"},\"thumbnailUrl\":\"https:\\\/\\\/ferabrajan.com\\\/portal\\\/wp-content\\\/uploads\\\/2026\\\/07\\\/clases.webp\",\"datePublished\":\"2026-07-13T15:40:35+00:00\",\"breadcrumb\":{\"@id\":\"https:\\\/\\\/ferabrajan.com\\\/portal\\\/2026\\\/07\\\/13\\\/habra-menos-vacaciones-estos-alumnos-regresarian-antes-a-clases\\\/#breadcrumb\"},\"inLanguage\":\"es\",\"potentialAction\":[{\"@type\":\"ReadAction\",\"target\":[\"https:\\\/\\\/ferabrajan.com\\\/portal\\\/2026\\\/07\\\/13\\\/habra-menos-vacaciones-estos-alumnos-regresarian-antes-a-clases\\\/\"]}]},{\"@type\":\"ImageObject\",\"inLanguage\":\"es\",\"@id\":\"https:\\\/\\\/ferabrajan.com\\\/portal\\\/2026\\\/07\\\/13\\\/habra-menos-vacaciones-estos-alumnos-regresarian-antes-a-clases\\\/#primaryimage\",\"url\":\"https:\\\/\\\/ferabrajan.com\\\/portal\\\/wp-content\\\/uploads\\\/2026\\\/07\\\/clases.webp\",\"contentUrl\":\"https:\\\/\\\/ferabrajan.com\\\/portal\\\/wp-content\\\/uploads\\\/2026\\\/07\\\/clases.webp\",\"width\":848,\"height\":477},{\"@type\":\"BreadcrumbList\",\"@id\":\"https:\\\/\\\/ferabrajan.com\\\/portal\\\/2026\\\/07\\\/13\\\/habra-menos-vacaciones-estos-alumnos-regresarian-antes-a-clases\\\/#breadcrumb\",\"itemListElement\":[{\"@type\":\"ListItem\",\"position\":1,\"name\":\"Portada\",\"item\":\"https:\\\/\\\/ferabrajan.com\\\/portal\\\/\"},{\"@type\":\"ListItem\",\"position\":2,\"name\":\"\u00bfHabr\u00e1 menos vacaciones? Estos alumnos regresar\u00edan antes a clases\"}]},{\"@type\":\"WebSite\",\"@id\":\"https:\\\/\\\/ferabrajan.com\\\/portal\\\/#website\",\"url\":\"https:\\\/\\\/ferabrajan.com\\\/portal\\\/\",\"name\":\"Fer Abrajan\",\"description\":\"Noticias de Puebla, opini\u00f3n y radio en vivo\",\"publisher\":{\"@id\":\"https:\\\/\\\/ferabrajan.com\\\/portal\\\/#organization\"},\"potentialAction\":[{\"@type\":\"SearchAction\",\"target\":{\"@type\":\"EntryPoint\",\"urlTemplate\":\"https:\\\/\\\/ferabrajan.com\\\/portal\\\/?s={search_term_string}\"},\"query-input\":{\"@type\":\"PropertyValueSpecification\",\"valueRequired\":true,\"valueName\":\"search_term_string\"}}],\"inLanguage\":\"es\"},{\"@type\":\"Organization\",\"@id\":\"https:\\\/\\\/ferabrajan.com\\\/portal\\\/#organization\",\"name\":\"Fer Abrajan\",\"url\":\"https:\\\/\\\/ferabrajan.com\\\/portal\\\/\",\"logo\":{\"@type\":\"ImageObject\",\"inLanguage\":\"es\",\"@id\":\"https:\\\/\\\/ferabrajan.com\\\/portal\\\/#\\\/schema\\\/logo\\\/image\\\/\",\"url\":\"https:\\\/\\\/ferabrajan.com\\\/portal\\\/wp-content\\\/uploads\\\/2024\\\/10\\\/cropped-logo.jpeg\",\"contentUrl\":\"https:\\\/\\\/ferabrajan.com\\\/portal\\\/wp-content\\\/uploads\\\/2024\\\/10\\\/cropped-logo.jpeg\",\"width\":500,\"height\":250,\"caption\":\"Fer Abrajan\"},\"image\":{\"@id\":\"https:\\\/\\\/ferabrajan.com\\\/portal\\\/#\\\/schema\\\/logo\\\/image\\\/\"},\"sameAs\":[\"https:\\\/\\\/www.facebook.com\\\/NoticiasconFerAbrajan\\\/\",\"https:\\\/\\\/x.com\\\/ferabrajan1\"]},{\"@type\":\"Person\",\"@id\":\"https:\\\/\\\/ferabrajan.com\\\/portal\\\/#\\\/schema\\\/person\\\/f6113b3cb1e036d5c6a9505685b257ba\",\"name\":\"admin\",\"image\":{\"@type\":\"ImageObject\",\"inLanguage\":\"es\",\"@id\":\"https:\\\/\\\/secure.gravatar.com\\\/avatar\\\/072baa72775aad53c748dfc5d3048578e01b6c087eef335459ebfa04344e2d18?s=96&d=mm&r=g\",\"url\":\"https:\\\/\\\/secure.gravatar.com\\\/avatar\\\/072baa72775aad53c748dfc5d3048578e01b6c087eef335459ebfa04344e2d18?s=96&d=mm&r=g\",\"contentUrl\":\"https:\\\/\\\/secure.gravatar.com\\\/avatar\\\/072baa72775aad53c748dfc5d3048578e01b6c087eef335459ebfa04344e2d18?s=96&d=mm&r=g\",\"caption\":\"admin\"},\"sameAs\":[\"https:\\\/\\\/ferabrajan.com\\\/portal\"],\"url\":\"https:\\\/\\\/ferabrajan.com\\\/portal\\\/author\\\/admin\\\/\"}]}<\/script>\n<!-- \/ Yoast SEO plugin. -->","yoast_head_json":{"title":"\u00bfHabr\u00e1 menos vacaciones? Estos alumnos regresar\u00edan antes a clases - Fer Abrajan","robots":{"index":"index","follow":"follow","max-snippet":"max-snippet:-1","max-image-preview":"max-image-preview:large","max-video-preview":"max-video-preview:-1"},"canonical":"https:\/\/ferabrajan.com\/portal\/2026\/07\/13\/habra-menos-vacaciones-estos-alumnos-regresarian-antes-a-clases\/","og_locale":"es_ES","og_type":"article","og_title":"\u00bfHabr\u00e1 menos vacaciones? Estos alumnos regresar\u00edan antes a clases - Fer Abrajan","og_description":"El proyecto tambi\u00e9n mantiene los 185 d\u00edas efectivos de clases para preescolar, primaria y secundaria, por lo que el cambio no representa un aumento en los d\u00edas de clases","og_url":"https:\/\/ferabrajan.com\/portal\/2026\/07\/13\/habra-menos-vacaciones-estos-alumnos-regresarian-antes-a-clases\/","og_site_name":"Fer Abrajan","article_publisher":"https:\/\/www.facebook.com\/NoticiasconFerAbrajan\/","article_published_time":"2026-07-13T15:40:35+00:00","og_image":[{"width":848,"height":477,"url":"https:\/\/ferabrajan.com\/portal\/wp-content\/uploads\/2026\/07\/clases.webp","type":"image\/webp"}],"author":"admin","twitter_card":"summary_large_image","twitter_creator":"@ferabrajan1","twitter_site":"@ferabrajan1","twitter_misc":{"Escrito por":"admin","Tiempo de lectura":"4 minutos"},"schema":{"@context":"https:\/\/schema.org","@graph":[{"@type":"Article","@id":"https:\/\/ferabrajan.com\/portal\/2026\/07\/13\/habra-menos-vacaciones-estos-alumnos-regresarian-antes-a-clases\/#article","isPartOf":{"@id":"https:\/\/ferabrajan.com\/portal\/2026\/07\/13\/habra-menos-vacaciones-estos-alumnos-regresarian-antes-a-clases\/"},"author":{"name":"admin","@id":"https:\/\/ferabrajan.com\/portal\/#\/schema\/person\/f6113b3cb1e036d5c6a9505685b257ba"},"headline":"\u00bfHabr\u00e1 menos vacaciones? Estos alumnos regresar\u00edan antes a clases","datePublished":"2026-07-13T15:40:35+00:00","mainEntityOfPage":{"@id":"https:\/\/ferabrajan.com\/portal\/2026\/07\/13\/habra-menos-vacaciones-estos-alumnos-regresarian-antes-a-clases\/"},"wordCount":584,"publisher":{"@id":"https:\/\/ferabrajan.com\/portal\/#organization"},"image":{"@id":"https:\/\/ferabrajan.com\/portal\/2026\/07\/13\/habra-menos-vacaciones-estos-alumnos-regresarian-antes-a-clases\/#primaryimage"},"thumbnailUrl":"https:\/\/ferabrajan.com\/portal\/wp-content\/uploads\/2026\/07\/clases.webp","keywords":["Calendario escolar","SEP","vacaciones"],"articleSection":["Nacional","Principal"],"inLanguage":"es"},{"@type":"WebPage","@id":"https:\/\/ferabrajan.com\/portal\/2026\/07\/13\/habra-menos-vacaciones-estos-alumnos-regresarian-antes-a-clases\/","url":"https:\/\/ferabrajan.com\/portal\/2026\/07\/13\/habra-menos-vacaciones-estos-alumnos-regresarian-antes-a-clases\/","name":"\u00bfHabr\u00e1 menos vacaciones? Estos alumnos regresar\u00edan antes a clases - Fer Abrajan","isPartOf":{"@id":"https:\/\/ferabrajan.com\/portal\/#website"},"primaryImageOfPage":{"@id":"https:\/\/ferabrajan.com\/portal\/2026\/07\/13\/habra-menos-vacaciones-estos-alumnos-regresarian-antes-a-clases\/#primaryimage"},"image":{"@id":"https:\/\/ferabrajan.com\/portal\/2026\/07\/13\/habra-menos-vacaciones-estos-alumnos-regresarian-antes-a-clases\/#primaryimage"},"thumbnailUrl":"https:\/\/ferabrajan.com\/portal\/wp-content\/uploads\/2026\/07\/clases.webp","datePublished":"2026-07-13T15:40:35+00:00","breadcrumb":{"@id":"https:\/\/ferabrajan.com\/portal\/2026\/07\/13\/habra-menos-vacaciones-estos-alumnos-regresarian-antes-a-clases\/#breadcrumb"},"inLanguage":"es","potentialAction":[{"@type":"ReadAction","target":["https:\/\/ferabrajan.com\/portal\/2026\/07\/13\/habra-menos-vacaciones-estos-alumnos-regresarian-antes-a-clases\/"]}]},{"@type":"ImageObject","inLanguage":"es","@id":"https:\/\/ferabrajan.com\/portal\/2026\/07\/13\/habra-menos-vacaciones-estos-alumnos-regresarian-antes-a-clases\/#primaryimage","url":"https:\/\/ferabrajan.com\/portal\/wp-content\/uploads\/2026\/07\/clases.webp","contentUrl":"https:\/\/ferabrajan.com\/portal\/wp-content\/uploads\/2026\/07\/clases.webp","width":848,"height":477},{"@type":"BreadcrumbList","@id":"https:\/\/ferabrajan.com\/portal\/2026\/07\/13\/habra-menos-vacaciones-estos-alumnos-regresarian-antes-a-clases\/#breadcrumb","itemListElement":[{"@type":"ListItem","position":1,"name":"Portada","item":"https:\/\/ferabrajan.com\/portal\/"},{"@type":"ListItem","position":2,"name":"\u00bfHabr\u00e1 menos vacaciones? Estos alumnos regresar\u00edan antes a clases"}]},{"@type":"WebSite","@id":"https:\/\/ferabrajan.com\/portal\/#website","url":"https:\/\/ferabrajan.com\/portal\/","name":"Fer Abrajan","description":"Noticias de Puebla, opini\u00f3n y radio en vivo","publisher":{"@id":"https:\/\/ferabrajan.com\/portal\/#organization"},"potentialAction":[{"@type":"SearchAction","target":{"@type":"EntryPoint","urlTemplate":"https:\/\/ferabrajan.com\/portal\/?s={search_term_string}"},"query-input":{"@type":"PropertyValueSpecification","valueRequired":true,"valueName":"search_term_string"}}],"inLanguage":"es"},{"@type":"Organization","@id":"https:\/\/ferabrajan.com\/portal\/#organization","name":"Fer Abrajan","url":"https:\/\/ferabrajan.com\/portal\/","logo":{"@type":"ImageObject","inLanguage":"es","@id":"https:\/\/ferabrajan.com\/portal\/#\/schema\/logo\/image\/","url":"https:\/\/ferabrajan.com\/portal\/wp-content\/uploads\/2024\/10\/cropped-logo.jpeg","contentUrl":"https:\/\/ferabrajan.com\/portal\/wp-content\/uploads\/2024\/10\/cropped-logo.jpeg","width":500,"height":250,"caption":"Fer Abrajan"},"image":{"@id":"https:\/\/ferabrajan.com\/portal\/#\/schema\/logo\/image\/"},"sameAs":["https:\/\/www.facebook.com\/NoticiasconFerAbrajan\/","https:\/\/x.com\/ferabrajan1"]},{"@type":"Person","@id":"https:\/\/ferabrajan.com\/portal\/#\/schema\/person\/f6113b3cb1e036d5c6a9505685b257ba","name":"admin","image":{"@type":"ImageObject","inLanguage":"es","@id":"https:\/\/secure.gravatar.com\/avatar\/072baa72775aad53c748dfc5d3048578e01b6c087eef335459ebfa04344e2d18?s=96&d=mm&r=g","url":"https:\/\/secure.gravatar.com\/avatar\/072baa72775aad53c748dfc5d3048578e01b6c087eef335459ebfa04344e2d18?s=96&d=mm&r=g","contentUrl":"https:\/\/secure.gravatar.com\/avatar\/072baa72775aad53c748dfc5d3048578e01b6c087eef335459ebfa04344e2d18?s=96&d=mm&r=g","caption":"admin"},"sameAs":["https:\/\/ferabrajan.com\/portal"],"url":"https:\/\/ferabrajan.com\/portal\/author\/admin\/"}]}},"_links":{"self":[{"href":"https:\/\/ferabrajan.com\/portal\/wp-json\/wp\/v2\/posts\/83216","targetHints":{"allow":["GET"]}}],"collection":[{"href":"https:\/\/ferabrajan.com\/portal\/wp-json\/wp\/v2\/posts"}],"about":[{"href":"https:\/\/ferabrajan.com\/portal\/wp-json\/wp\/v2\/types\/post"}],"author":[{"embeddable":true,"href":"https:\/\/ferabrajan.com\/portal\/wp-json\/wp\/v2\/users\/1"}],"replies":[{"embeddable":true,"href":"https:\/\/ferabrajan.com\/portal\/wp-json\/wp\/v2\/comments?post=83216"}],"version-history":[{"count":1,"href":"https:\/\/ferabrajan.com\/portal\/wp-json\/wp\/v2\/posts\/83216\/revisions"}],"predecessor-version":[{"id":83218,"href":"https:\/\/ferabrajan.com\/portal\/wp-json\/wp\/v2\/posts\/83216\/revisions\/83218"}],"wp:featuredmedia":[{"embeddable":true,"href":"https:\/\/ferabrajan.com\/portal\/wp-json\/wp\/v2\/media\/83217"}],"wp:attachment":[{"href":"https:\/\/ferabrajan.com\/portal\/wp-json\/wp\/v2\/media?parent=83216"}],"wp:term":[{"taxonomy":"category","embeddable":true,"href":"https:\/\/ferabrajan.com\/portal\/wp-json\/wp\/v2\/categories?post=83216"},{"taxonomy":"post_tag","embeddable":true,"href":"https:\/\/ferabrajan.com\/portal\/wp-json\/wp\/v2\/tags?post=83216"}],"curies":[{"name":"wp","href":"https:\/\/api.w.org\/{rel}","templated":true}]}}