{"id":82771,"date":"2026-06-23T15:33:43","date_gmt":"2026-06-23T15:33:43","guid":{"rendered":"https:\/\/ferabrajan.com\/portal\/?p=82771"},"modified":"2026-06-23T15:33:43","modified_gmt":"2026-06-23T15:33:43","slug":"festival-de-motociclismo-espera-reunir-a-mas-de-25-mil-visitantes-en-puebla","status":"publish","type":"post","link":"https:\/\/ferabrajan.com\/portal\/2026\/06\/23\/festival-de-motociclismo-espera-reunir-a-mas-de-25-mil-visitantes-en-puebla\/","title":{"rendered":"Festival de Motociclismo espera reunir a m\u00e1s de 25 mil visitantes en Puebla"},"content":{"rendered":"<p class=\"isSelectedEnd\">En entrevista con <strong>Fer Abraj\u00e1n<\/strong> para el <strong>Informativo NTR de W Radio Puebla<\/strong>, la directora ejecutiva de Convenciones y Parques, <strong>Michelle Talavera Herrera<\/strong>, inform\u00f3 que el <strong>Festival Internacional de Cultura y Motociclismo M\u00e9xico 2026<\/strong> se realizar\u00e1 los d\u00edas <strong>15 y 16 de agosto<\/strong> en el <strong>Centro Expositor de Puebla<\/strong>, con una expectativa de <strong>m\u00e1s de 25 mil asistentes<\/strong> y la participaci\u00f3n de <strong>m\u00e1s de 600 clubes de motociclistas<\/strong> de todo el pa\u00eds.<\/p>\n<p class=\"isSelectedEnd\">La funcionaria se\u00f1al\u00f3 que este tipo de eventos consolidan a Puebla como un destino con la infraestructura necesaria para albergar actividades de gran escala, lo que se traduce en beneficios para el turismo, la cultura y la econom\u00eda local.<\/p>\n<p class=\"isSelectedEnd\">Destac\u00f3 que el festival contar\u00e1 con <strong>exhibiciones de marcas nacionales e internacionales<\/strong>, espect\u00e1culos de <strong>freestyle y motocross<\/strong>, presentaciones musicales \u2014entre ellas la de <strong>Pante\u00f3n Rococ\u00f3<\/strong>\u2014, adem\u00e1s de una zona gastron\u00f3mica y espacios de convivencia familiar.<\/p>\n<p class=\"isSelectedEnd\">Michelle Talavera indic\u00f3 que se prev\u00e9 una <strong>derrama econ\u00f3mica superior a los 60 millones de pesos<\/strong> y una ocupaci\u00f3n estimada de <strong>5 mil habitaciones de hotel<\/strong> durante el fin de semana del evento.<\/p>\n<p>Asimismo, subray\u00f3 que el motociclismo representa una cultura que va m\u00e1s all\u00e1 del entretenimiento, pues para muchas personas tambi\u00e9n es un medio de transporte. En ese sentido, adelant\u00f3 que <strong>en dos semanas<\/strong> se llevar\u00e1 a cabo una <strong>mesa de trabajo para promover la concientizaci\u00f3n sobre el motociclismo<\/strong>, en la que se prev\u00e9 la participaci\u00f3n de la <strong>Secretar\u00eda de Movilidad<\/strong> y otros actores involucrados.<\/p>\n","protected":false},"excerpt":{"rendered":"<p>El Festival Internacional de Cultura y Motociclismo M\u00e9xico 2026 se realizar\u00e1 los d\u00edas 15 y 16 de agosto en el Centro Expositor de Puebla,<\/p>\n","protected":false},"author":1,"featured_media":82772,"comment_status":"closed","ping_status":"closed","sticky":false,"template":"","format":"standard","meta":{"_monsterinsights_skip_tracking":false,"_uf_show_specific_survey":0,"_uf_disable_surveys":false,"footnotes":""},"categories":[585,34],"tags":[4811,4809,4810],"class_list":["post-82771","post","type-post","status-publish","format-standard","has-post-thumbnail","hentry","category-principal","category-puebla","tag-festival-de-motociclismo","tag-michelle-talavera-herrera","tag-motociclistas"],"yoast_head":"<!-- This site is optimized with the Yoast SEO plugin v27.5 - https:\/\/yoast.com\/product\/yoast-seo-wordpress\/ -->\n<title>Festival de Motociclismo espera reunir a m\u00e1s de 25 mil visitantes en Puebla - Fer Abrajan<\/title>\n<meta name=\"robots\" content=\"index, follow, max-snippet:-1, max-image-preview:large, max-video-preview:-1\" \/>\n<link rel=\"canonical\" href=\"https:\/\/ferabrajan.com\/portal\/2026\/06\/23\/festival-de-motociclismo-espera-reunir-a-mas-de-25-mil-visitantes-en-puebla\/\" \/>\n<meta property=\"og:locale\" content=\"es_ES\" \/>\n<meta property=\"og:type\" content=\"article\" \/>\n<meta property=\"og:title\" content=\"Festival de Motociclismo espera reunir a m\u00e1s de 25 mil visitantes en Puebla - Fer Abrajan\" \/>\n<meta property=\"og:description\" content=\"El Festival Internacional de Cultura y Motociclismo M\u00e9xico 2026 se realizar\u00e1 los d\u00edas 15 y 16 de agosto en el Centro Expositor de Puebla,\" \/>\n<meta property=\"og:url\" content=\"https:\/\/ferabrajan.com\/portal\/2026\/06\/23\/festival-de-motociclismo-espera-reunir-a-mas-de-25-mil-visitantes-en-puebla\/\" \/>\n<meta property=\"og:site_name\" content=\"Fer Abrajan\" \/>\n<meta property=\"article:publisher\" content=\"https:\/\/www.facebook.com\/NoticiasconFerAbrajan\/\" \/>\n<meta property=\"article:published_time\" content=\"2026-06-23T15:33:43+00:00\" \/>\n<meta property=\"og:image\" content=\"https:\/\/ferabrajan.com\/portal\/wp-content\/uploads\/2026\/06\/Fotos-sitio-web-FER-7.png\" \/>\n\t<meta property=\"og:image:width\" content=\"1024\" \/>\n\t<meta property=\"og:image:height\" content=\"683\" \/>\n\t<meta property=\"og:image:type\" content=\"image\/png\" \/>\n<meta name=\"author\" content=\"admin\" \/>\n<meta name=\"twitter:card\" content=\"summary_large_image\" \/>\n<meta name=\"twitter:creator\" content=\"@ferabrajan1\" \/>\n<meta name=\"twitter:site\" content=\"@ferabrajan1\" \/>\n<meta name=\"twitter:label1\" content=\"Escrito por\" \/>\n\t<meta name=\"twitter:data1\" content=\"admin\" \/>\n\t<meta name=\"twitter:label2\" content=\"Tiempo de lectura\" \/>\n\t<meta name=\"twitter:data2\" content=\"2 minutos\" \/>\n<script type=\"application\/ld+json\" class=\"yoast-schema-graph\">{\"@context\":\"https:\\\/\\\/schema.org\",\"@graph\":[{\"@type\":\"Article\",\"@id\":\"https:\\\/\\\/ferabrajan.com\\\/portal\\\/2026\\\/06\\\/23\\\/festival-de-motociclismo-espera-reunir-a-mas-de-25-mil-visitantes-en-puebla\\\/#article\",\"isPartOf\":{\"@id\":\"https:\\\/\\\/ferabrajan.com\\\/portal\\\/2026\\\/06\\\/23\\\/festival-de-motociclismo-espera-reunir-a-mas-de-25-mil-visitantes-en-puebla\\\/\"},\"author\":{\"name\":\"admin\",\"@id\":\"https:\\\/\\\/ferabrajan.com\\\/portal\\\/#\\\/schema\\\/person\\\/f6113b3cb1e036d5c6a9505685b257ba\"},\"headline\":\"Festival de Motociclismo espera reunir a m\u00e1s de 25 mil visitantes en Puebla\",\"datePublished\":\"2026-06-23T15:33:43+00:00\",\"mainEntityOfPage\":{\"@id\":\"https:\\\/\\\/ferabrajan.com\\\/portal\\\/2026\\\/06\\\/23\\\/festival-de-motociclismo-espera-reunir-a-mas-de-25-mil-visitantes-en-puebla\\\/\"},\"wordCount\":268,\"publisher\":{\"@id\":\"https:\\\/\\\/ferabrajan.com\\\/portal\\\/#organization\"},\"image\":{\"@id\":\"https:\\\/\\\/ferabrajan.com\\\/portal\\\/2026\\\/06\\\/23\\\/festival-de-motociclismo-espera-reunir-a-mas-de-25-mil-visitantes-en-puebla\\\/#primaryimage\"},\"thumbnailUrl\":\"https:\\\/\\\/ferabrajan.com\\\/portal\\\/wp-content\\\/uploads\\\/2026\\\/06\\\/Fotos-sitio-web-FER-7.png\",\"keywords\":[\"Festival de Motociclismo\",\"Michelle Talavera Herrera\",\"motociclistas\"],\"articleSection\":[\"Principal\",\"Puebla\"],\"inLanguage\":\"es\"},{\"@type\":\"WebPage\",\"@id\":\"https:\\\/\\\/ferabrajan.com\\\/portal\\\/2026\\\/06\\\/23\\\/festival-de-motociclismo-espera-reunir-a-mas-de-25-mil-visitantes-en-puebla\\\/\",\"url\":\"https:\\\/\\\/ferabrajan.com\\\/portal\\\/2026\\\/06\\\/23\\\/festival-de-motociclismo-espera-reunir-a-mas-de-25-mil-visitantes-en-puebla\\\/\",\"name\":\"Festival de Motociclismo espera reunir a m\u00e1s de 25 mil visitantes en Puebla - Fer Abrajan\",\"isPartOf\":{\"@id\":\"https:\\\/\\\/ferabrajan.com\\\/portal\\\/#website\"},\"primaryImageOfPage\":{\"@id\":\"https:\\\/\\\/ferabrajan.com\\\/portal\\\/2026\\\/06\\\/23\\\/festival-de-motociclismo-espera-reunir-a-mas-de-25-mil-visitantes-en-puebla\\\/#primaryimage\"},\"image\":{\"@id\":\"https:\\\/\\\/ferabrajan.com\\\/portal\\\/2026\\\/06\\\/23\\\/festival-de-motociclismo-espera-reunir-a-mas-de-25-mil-visitantes-en-puebla\\\/#primaryimage\"},\"thumbnailUrl\":\"https:\\\/\\\/ferabrajan.com\\\/portal\\\/wp-content\\\/uploads\\\/2026\\\/06\\\/Fotos-sitio-web-FER-7.png\",\"datePublished\":\"2026-06-23T15:33:43+00:00\",\"breadcrumb\":{\"@id\":\"https:\\\/\\\/ferabrajan.com\\\/portal\\\/2026\\\/06\\\/23\\\/festival-de-motociclismo-espera-reunir-a-mas-de-25-mil-visitantes-en-puebla\\\/#breadcrumb\"},\"inLanguage\":\"es\",\"potentialAction\":[{\"@type\":\"ReadAction\",\"target\":[\"https:\\\/\\\/ferabrajan.com\\\/portal\\\/2026\\\/06\\\/23\\\/festival-de-motociclismo-espera-reunir-a-mas-de-25-mil-visitantes-en-puebla\\\/\"]}]},{\"@type\":\"ImageObject\",\"inLanguage\":\"es\",\"@id\":\"https:\\\/\\\/ferabrajan.com\\\/portal\\\/2026\\\/06\\\/23\\\/festival-de-motociclismo-espera-reunir-a-mas-de-25-mil-visitantes-en-puebla\\\/#primaryimage\",\"url\":\"https:\\\/\\\/ferabrajan.com\\\/portal\\\/wp-content\\\/uploads\\\/2026\\\/06\\\/Fotos-sitio-web-FER-7.png\",\"contentUrl\":\"https:\\\/\\\/ferabrajan.com\\\/portal\\\/wp-content\\\/uploads\\\/2026\\\/06\\\/Fotos-sitio-web-FER-7.png\",\"width\":1024,\"height\":683},{\"@type\":\"BreadcrumbList\",\"@id\":\"https:\\\/\\\/ferabrajan.com\\\/portal\\\/2026\\\/06\\\/23\\\/festival-de-motociclismo-espera-reunir-a-mas-de-25-mil-visitantes-en-puebla\\\/#breadcrumb\",\"itemListElement\":[{\"@type\":\"ListItem\",\"position\":1,\"name\":\"Portada\",\"item\":\"https:\\\/\\\/ferabrajan.com\\\/portal\\\/\"},{\"@type\":\"ListItem\",\"position\":2,\"name\":\"Festival de Motociclismo espera reunir a m\u00e1s de 25 mil visitantes en Puebla\"}]},{\"@type\":\"WebSite\",\"@id\":\"https:\\\/\\\/ferabrajan.com\\\/portal\\\/#website\",\"url\":\"https:\\\/\\\/ferabrajan.com\\\/portal\\\/\",\"name\":\"Fer Abrajan\",\"description\":\"Noticias de Puebla, opini\u00f3n y radio en vivo\",\"publisher\":{\"@id\":\"https:\\\/\\\/ferabrajan.com\\\/portal\\\/#organization\"},\"potentialAction\":[{\"@type\":\"SearchAction\",\"target\":{\"@type\":\"EntryPoint\",\"urlTemplate\":\"https:\\\/\\\/ferabrajan.com\\\/portal\\\/?s={search_term_string}\"},\"query-input\":{\"@type\":\"PropertyValueSpecification\",\"valueRequired\":true,\"valueName\":\"search_term_string\"}}],\"inLanguage\":\"es\"},{\"@type\":\"Organization\",\"@id\":\"https:\\\/\\\/ferabrajan.com\\\/portal\\\/#organization\",\"name\":\"Fer Abrajan\",\"url\":\"https:\\\/\\\/ferabrajan.com\\\/portal\\\/\",\"logo\":{\"@type\":\"ImageObject\",\"inLanguage\":\"es\",\"@id\":\"https:\\\/\\\/ferabrajan.com\\\/portal\\\/#\\\/schema\\\/logo\\\/image\\\/\",\"url\":\"https:\\\/\\\/ferabrajan.com\\\/portal\\\/wp-content\\\/uploads\\\/2024\\\/10\\\/cropped-logo.jpeg\",\"contentUrl\":\"https:\\\/\\\/ferabrajan.com\\\/portal\\\/wp-content\\\/uploads\\\/2024\\\/10\\\/cropped-logo.jpeg\",\"width\":500,\"height\":250,\"caption\":\"Fer Abrajan\"},\"image\":{\"@id\":\"https:\\\/\\\/ferabrajan.com\\\/portal\\\/#\\\/schema\\\/logo\\\/image\\\/\"},\"sameAs\":[\"https:\\\/\\\/www.facebook.com\\\/NoticiasconFerAbrajan\\\/\",\"https:\\\/\\\/x.com\\\/ferabrajan1\"]},{\"@type\":\"Person\",\"@id\":\"https:\\\/\\\/ferabrajan.com\\\/portal\\\/#\\\/schema\\\/person\\\/f6113b3cb1e036d5c6a9505685b257ba\",\"name\":\"admin\",\"image\":{\"@type\":\"ImageObject\",\"inLanguage\":\"es\",\"@id\":\"https:\\\/\\\/secure.gravatar.com\\\/avatar\\\/072baa72775aad53c748dfc5d3048578e01b6c087eef335459ebfa04344e2d18?s=96&d=mm&r=g\",\"url\":\"https:\\\/\\\/secure.gravatar.com\\\/avatar\\\/072baa72775aad53c748dfc5d3048578e01b6c087eef335459ebfa04344e2d18?s=96&d=mm&r=g\",\"contentUrl\":\"https:\\\/\\\/secure.gravatar.com\\\/avatar\\\/072baa72775aad53c748dfc5d3048578e01b6c087eef335459ebfa04344e2d18?s=96&d=mm&r=g\",\"caption\":\"admin\"},\"sameAs\":[\"https:\\\/\\\/ferabrajan.com\\\/portal\"],\"url\":\"https:\\\/\\\/ferabrajan.com\\\/portal\\\/author\\\/admin\\\/\"}]}<\/script>\n<!-- \/ Yoast SEO plugin. -->","yoast_head_json":{"title":"Festival de Motociclismo espera reunir a m\u00e1s de 25 mil visitantes en Puebla - Fer Abrajan","robots":{"index":"index","follow":"follow","max-snippet":"max-snippet:-1","max-image-preview":"max-image-preview:large","max-video-preview":"max-video-preview:-1"},"canonical":"https:\/\/ferabrajan.com\/portal\/2026\/06\/23\/festival-de-motociclismo-espera-reunir-a-mas-de-25-mil-visitantes-en-puebla\/","og_locale":"es_ES","og_type":"article","og_title":"Festival de Motociclismo espera reunir a m\u00e1s de 25 mil visitantes en Puebla - Fer Abrajan","og_description":"El Festival Internacional de Cultura y Motociclismo M\u00e9xico 2026 se realizar\u00e1 los d\u00edas 15 y 16 de agosto en el Centro Expositor de Puebla,","og_url":"https:\/\/ferabrajan.com\/portal\/2026\/06\/23\/festival-de-motociclismo-espera-reunir-a-mas-de-25-mil-visitantes-en-puebla\/","og_site_name":"Fer Abrajan","article_publisher":"https:\/\/www.facebook.com\/NoticiasconFerAbrajan\/","article_published_time":"2026-06-23T15:33:43+00:00","og_image":[{"width":1024,"height":683,"url":"https:\/\/ferabrajan.com\/portal\/wp-content\/uploads\/2026\/06\/Fotos-sitio-web-FER-7.png","type":"image\/png"}],"author":"admin","twitter_card":"summary_large_image","twitter_creator":"@ferabrajan1","twitter_site":"@ferabrajan1","twitter_misc":{"Escrito por":"admin","Tiempo de lectura":"2 minutos"},"schema":{"@context":"https:\/\/schema.org","@graph":[{"@type":"Article","@id":"https:\/\/ferabrajan.com\/portal\/2026\/06\/23\/festival-de-motociclismo-espera-reunir-a-mas-de-25-mil-visitantes-en-puebla\/#article","isPartOf":{"@id":"https:\/\/ferabrajan.com\/portal\/2026\/06\/23\/festival-de-motociclismo-espera-reunir-a-mas-de-25-mil-visitantes-en-puebla\/"},"author":{"name":"admin","@id":"https:\/\/ferabrajan.com\/portal\/#\/schema\/person\/f6113b3cb1e036d5c6a9505685b257ba"},"headline":"Festival de Motociclismo espera reunir a m\u00e1s de 25 mil visitantes en Puebla","datePublished":"2026-06-23T15:33:43+00:00","mainEntityOfPage":{"@id":"https:\/\/ferabrajan.com\/portal\/2026\/06\/23\/festival-de-motociclismo-espera-reunir-a-mas-de-25-mil-visitantes-en-puebla\/"},"wordCount":268,"publisher":{"@id":"https:\/\/ferabrajan.com\/portal\/#organization"},"image":{"@id":"https:\/\/ferabrajan.com\/portal\/2026\/06\/23\/festival-de-motociclismo-espera-reunir-a-mas-de-25-mil-visitantes-en-puebla\/#primaryimage"},"thumbnailUrl":"https:\/\/ferabrajan.com\/portal\/wp-content\/uploads\/2026\/06\/Fotos-sitio-web-FER-7.png","keywords":["Festival de Motociclismo","Michelle Talavera Herrera","motociclistas"],"articleSection":["Principal","Puebla"],"inLanguage":"es"},{"@type":"WebPage","@id":"https:\/\/ferabrajan.com\/portal\/2026\/06\/23\/festival-de-motociclismo-espera-reunir-a-mas-de-25-mil-visitantes-en-puebla\/","url":"https:\/\/ferabrajan.com\/portal\/2026\/06\/23\/festival-de-motociclismo-espera-reunir-a-mas-de-25-mil-visitantes-en-puebla\/","name":"Festival de Motociclismo espera reunir a m\u00e1s de 25 mil visitantes en Puebla - Fer Abrajan","isPartOf":{"@id":"https:\/\/ferabrajan.com\/portal\/#website"},"primaryImageOfPage":{"@id":"https:\/\/ferabrajan.com\/portal\/2026\/06\/23\/festival-de-motociclismo-espera-reunir-a-mas-de-25-mil-visitantes-en-puebla\/#primaryimage"},"image":{"@id":"https:\/\/ferabrajan.com\/portal\/2026\/06\/23\/festival-de-motociclismo-espera-reunir-a-mas-de-25-mil-visitantes-en-puebla\/#primaryimage"},"thumbnailUrl":"https:\/\/ferabrajan.com\/portal\/wp-content\/uploads\/2026\/06\/Fotos-sitio-web-FER-7.png","datePublished":"2026-06-23T15:33:43+00:00","breadcrumb":{"@id":"https:\/\/ferabrajan.com\/portal\/2026\/06\/23\/festival-de-motociclismo-espera-reunir-a-mas-de-25-mil-visitantes-en-puebla\/#breadcrumb"},"inLanguage":"es","potentialAction":[{"@type":"ReadAction","target":["https:\/\/ferabrajan.com\/portal\/2026\/06\/23\/festival-de-motociclismo-espera-reunir-a-mas-de-25-mil-visitantes-en-puebla\/"]}]},{"@type":"ImageObject","inLanguage":"es","@id":"https:\/\/ferabrajan.com\/portal\/2026\/06\/23\/festival-de-motociclismo-espera-reunir-a-mas-de-25-mil-visitantes-en-puebla\/#primaryimage","url":"https:\/\/ferabrajan.com\/portal\/wp-content\/uploads\/2026\/06\/Fotos-sitio-web-FER-7.png","contentUrl":"https:\/\/ferabrajan.com\/portal\/wp-content\/uploads\/2026\/06\/Fotos-sitio-web-FER-7.png","width":1024,"height":683},{"@type":"BreadcrumbList","@id":"https:\/\/ferabrajan.com\/portal\/2026\/06\/23\/festival-de-motociclismo-espera-reunir-a-mas-de-25-mil-visitantes-en-puebla\/#breadcrumb","itemListElement":[{"@type":"ListItem","position":1,"name":"Portada","item":"https:\/\/ferabrajan.com\/portal\/"},{"@type":"ListItem","position":2,"name":"Festival de Motociclismo espera reunir a m\u00e1s de 25 mil visitantes en Puebla"}]},{"@type":"WebSite","@id":"https:\/\/ferabrajan.com\/portal\/#website","url":"https:\/\/ferabrajan.com\/portal\/","name":"Fer Abrajan","description":"Noticias de Puebla, opini\u00f3n y radio en vivo","publisher":{"@id":"https:\/\/ferabrajan.com\/portal\/#organization"},"potentialAction":[{"@type":"SearchAction","target":{"@type":"EntryPoint","urlTemplate":"https:\/\/ferabrajan.com\/portal\/?s={search_term_string}"},"query-input":{"@type":"PropertyValueSpecification","valueRequired":true,"valueName":"search_term_string"}}],"inLanguage":"es"},{"@type":"Organization","@id":"https:\/\/ferabrajan.com\/portal\/#organization","name":"Fer Abrajan","url":"https:\/\/ferabrajan.com\/portal\/","logo":{"@type":"ImageObject","inLanguage":"es","@id":"https:\/\/ferabrajan.com\/portal\/#\/schema\/logo\/image\/","url":"https:\/\/ferabrajan.com\/portal\/wp-content\/uploads\/2024\/10\/cropped-logo.jpeg","contentUrl":"https:\/\/ferabrajan.com\/portal\/wp-content\/uploads\/2024\/10\/cropped-logo.jpeg","width":500,"height":250,"caption":"Fer Abrajan"},"image":{"@id":"https:\/\/ferabrajan.com\/portal\/#\/schema\/logo\/image\/"},"sameAs":["https:\/\/www.facebook.com\/NoticiasconFerAbrajan\/","https:\/\/x.com\/ferabrajan1"]},{"@type":"Person","@id":"https:\/\/ferabrajan.com\/portal\/#\/schema\/person\/f6113b3cb1e036d5c6a9505685b257ba","name":"admin","image":{"@type":"ImageObject","inLanguage":"es","@id":"https:\/\/secure.gravatar.com\/avatar\/072baa72775aad53c748dfc5d3048578e01b6c087eef335459ebfa04344e2d18?s=96&d=mm&r=g","url":"https:\/\/secure.gravatar.com\/avatar\/072baa72775aad53c748dfc5d3048578e01b6c087eef335459ebfa04344e2d18?s=96&d=mm&r=g","contentUrl":"https:\/\/secure.gravatar.com\/avatar\/072baa72775aad53c748dfc5d3048578e01b6c087eef335459ebfa04344e2d18?s=96&d=mm&r=g","caption":"admin"},"sameAs":["https:\/\/ferabrajan.com\/portal"],"url":"https:\/\/ferabrajan.com\/portal\/author\/admin\/"}]}},"_links":{"self":[{"href":"https:\/\/ferabrajan.com\/portal\/wp-json\/wp\/v2\/posts\/82771","targetHints":{"allow":["GET"]}}],"collection":[{"href":"https:\/\/ferabrajan.com\/portal\/wp-json\/wp\/v2\/posts"}],"about":[{"href":"https:\/\/ferabrajan.com\/portal\/wp-json\/wp\/v2\/types\/post"}],"author":[{"embeddable":true,"href":"https:\/\/ferabrajan.com\/portal\/wp-json\/wp\/v2\/users\/1"}],"replies":[{"embeddable":true,"href":"https:\/\/ferabrajan.com\/portal\/wp-json\/wp\/v2\/comments?post=82771"}],"version-history":[{"count":1,"href":"https:\/\/ferabrajan.com\/portal\/wp-json\/wp\/v2\/posts\/82771\/revisions"}],"predecessor-version":[{"id":82773,"href":"https:\/\/ferabrajan.com\/portal\/wp-json\/wp\/v2\/posts\/82771\/revisions\/82773"}],"wp:featuredmedia":[{"embeddable":true,"href":"https:\/\/ferabrajan.com\/portal\/wp-json\/wp\/v2\/media\/82772"}],"wp:attachment":[{"href":"https:\/\/ferabrajan.com\/portal\/wp-json\/wp\/v2\/media?parent=82771"}],"wp:term":[{"taxonomy":"category","embeddable":true,"href":"https:\/\/ferabrajan.com\/portal\/wp-json\/wp\/v2\/categories?post=82771"},{"taxonomy":"post_tag","embeddable":true,"href":"https:\/\/ferabrajan.com\/portal\/wp-json\/wp\/v2\/tags?post=82771"}],"curies":[{"name":"wp","href":"https:\/\/api.w.org\/{rel}","templated":true}]}}