{"id":81711,"date":"2026-05-08T16:17:09","date_gmt":"2026-05-08T16:17:09","guid":{"rendered":"https:\/\/ferabrajan.com\/portal\/?p=81711"},"modified":"2026-05-08T16:17:09","modified_gmt":"2026-05-08T16:17:09","slug":"san-pedro-cholula-celebrara-a-las-mamas-con-concierto-y-regalos","status":"publish","type":"post","link":"https:\/\/ferabrajan.com\/portal\/2026\/05\/08\/san-pedro-cholula-celebrara-a-las-mamas-con-concierto-y-regalos\/","title":{"rendered":"San Pedro Cholula celebrar\u00e1 a las mam\u00e1s con concierto y regalos"},"content":{"rendered":"<p data-start=\"74\" data-end=\"291\"><strong data-start=\"74\" data-end=\"102\">SAN PEDRO CHOLULA, Pue.-<\/strong> El Gobierno Municipal de <strong data-start=\"128\" data-end=\"149\">San Pedro Cholula<\/strong> anunci\u00f3 un festejo especial por el <strong data-start=\"185\" data-end=\"206\">D\u00eda de las Madres<\/strong>, que incluir\u00e1 m\u00fasica en vivo, rifas y diversas sorpresas para las mam\u00e1s cholultecas.<\/p>\n<p data-start=\"295\" data-end=\"472\">La presidenta municipal, <strong data-start=\"320\" data-end=\"343\">Tonantzin Fern\u00e1ndez<\/strong>, inform\u00f3 que el festival se realizar\u00e1 el pr\u00f3ximo <strong data-start=\"393\" data-end=\"406\">9 de mayo<\/strong> en la <strong data-start=\"413\" data-end=\"438\">Plaza de la Concordia<\/strong>, a partir de las <strong data-start=\"456\" data-end=\"471\">18:00 horas<\/strong>.<\/p>\n<p data-start=\"476\" data-end=\"650\">Durante el evento se llevar\u00e1 a cabo una <strong data-start=\"516\" data-end=\"529\">Gran Rifa<\/strong> programada para las 19:00 horas, donde las asistentes podr\u00e1n participar por distintos premios tras realizar su registro.<\/p>\n<p data-start=\"654\" data-end=\"793\">Como parte del cierre de la celebraci\u00f3n, se presentar\u00e1 la agrupaci\u00f3n <strong data-start=\"723\" data-end=\"749\">\u201cLos Hijos del Pueblo\u201d<\/strong>, que amenizar\u00e1 la noche con m\u00fasica en vivo.<\/p>\n<p data-start=\"797\" data-end=\"970\">Tonantzin Fern\u00e1ndez destac\u00f3 que estas actividades buscan fortalecer la convivencia familiar y reconocer el papel de las mujeres en la sociedad y en las familias cholultecas.<\/p>\n<p data-start=\"974\" data-end=\"1108\" data-is-last-node=\"\" data-is-only-node=\"\">Finalmente, invit\u00f3 a todas las madres del municipio a disfrutar de esta celebraci\u00f3n organizada por el Ayuntamiento y el DIF Municipal.<\/p>\n","protected":false},"excerpt":{"rendered":"<p>SAN PEDRO CHOLULA, Pue.- El Gobierno Municipal de San Pedro Cholula anunci\u00f3 un festejo especial por el D\u00eda de las Madres, que incluir\u00e1 m\u00fasica en vivo, rifas y diversas sorpresas para las mam\u00e1s cholultecas. La presidenta municipal, Tonantzin Fern\u00e1ndez, inform\u00f3 que el festival se realizar\u00e1 el pr\u00f3ximo 9 de mayo en la Plaza de la Concordia, a partir de las 18:00 horas. Durante el evento se llevar\u00e1 a cabo una Gran Rifa programada para las 19:00 horas, donde las asistentes podr\u00e1n participar por distintos premios tras realizar su registro. Como parte del cierre de la celebraci\u00f3n, se presentar\u00e1 la agrupaci\u00f3n \u201cLos Hijos del Pueblo\u201d, que amenizar\u00e1 la noche con m\u00fasica en vivo. Tonantzin Fern\u00e1ndez destac\u00f3 que estas actividades buscan fortalecer la convivencia familiar y reconocer el papel de las mujeres en la sociedad y en las familias cholultecas. Finalmente, invit\u00f3 a todas las madres del municipio a disfrutar de esta celebraci\u00f3n organizada por el Ayuntamiento y el DIF Municipal.<\/p>\n","protected":false},"author":3,"featured_media":81712,"comment_status":"closed","ping_status":"closed","sticky":false,"template":"","format":"standard","meta":{"_monsterinsights_skip_tracking":false,"_uf_show_specific_survey":0,"_uf_disable_surveys":false,"footnotes":""},"categories":[53,585],"tags":[776,1434,4549,29,1397],"class_list":["post-81711","post","type-post","status-publish","format-standard","has-post-thumbnail","hentry","category-local","category-principal","tag-concierto","tag-dia-de-las-madres","tag-rifas","tag-san-pedro-cholula","tag-tonantzin-fernandez"],"yoast_head":"<!-- This site is optimized with the Yoast SEO plugin v27.5 - https:\/\/yoast.com\/product\/yoast-seo-wordpress\/ -->\n<title>San Pedro Cholula celebrar\u00e1 a las mam\u00e1s con concierto y regalos - Fer Abrajan<\/title>\n<meta name=\"robots\" content=\"index, follow, max-snippet:-1, max-image-preview:large, max-video-preview:-1\" \/>\n<link rel=\"canonical\" href=\"https:\/\/ferabrajan.com\/portal\/2026\/05\/08\/san-pedro-cholula-celebrara-a-las-mamas-con-concierto-y-regalos\/\" \/>\n<meta property=\"og:locale\" content=\"es_ES\" \/>\n<meta property=\"og:type\" content=\"article\" \/>\n<meta property=\"og:title\" content=\"San Pedro Cholula celebrar\u00e1 a las mam\u00e1s con concierto y regalos - Fer Abrajan\" \/>\n<meta property=\"og:description\" content=\"SAN PEDRO CHOLULA, Pue.- El Gobierno Municipal de San Pedro Cholula anunci\u00f3 un festejo especial por el D\u00eda de las Madres, que incluir\u00e1 m\u00fasica en vivo, rifas y diversas sorpresas para las mam\u00e1s cholultecas. La presidenta municipal, Tonantzin Fern\u00e1ndez, inform\u00f3 que el festival se realizar\u00e1 el pr\u00f3ximo 9 de mayo en la Plaza de la Concordia, a partir de las 18:00 horas. Durante el evento se llevar\u00e1 a cabo una Gran Rifa programada para las 19:00 horas, donde las asistentes podr\u00e1n participar por distintos premios tras realizar su registro. Como parte del cierre de la celebraci\u00f3n, se presentar\u00e1 la agrupaci\u00f3n \u201cLos Hijos del Pueblo\u201d, que amenizar\u00e1 la noche con m\u00fasica en vivo. Tonantzin Fern\u00e1ndez destac\u00f3 que estas actividades buscan fortalecer la convivencia familiar y reconocer el papel de las mujeres en la sociedad y en las familias cholultecas. Finalmente, invit\u00f3 a todas las madres del municipio a disfrutar de esta celebraci\u00f3n organizada por el Ayuntamiento y el DIF Municipal.\" \/>\n<meta property=\"og:url\" content=\"https:\/\/ferabrajan.com\/portal\/2026\/05\/08\/san-pedro-cholula-celebrara-a-las-mamas-con-concierto-y-regalos\/\" \/>\n<meta property=\"og:site_name\" content=\"Fer Abrajan\" \/>\n<meta property=\"article:publisher\" content=\"https:\/\/www.facebook.com\/NoticiasconFerAbrajan\/\" \/>\n<meta property=\"article:published_time\" content=\"2026-05-08T16:17:09+00:00\" \/>\n<meta property=\"og:image\" content=\"https:\/\/ferabrajan.com\/portal\/wp-content\/uploads\/2026\/05\/34a76dcd-21b8-48ab-98f3-7ffcb87209dd.jpg\" \/>\n\t<meta property=\"og:image:width\" content=\"1500\" \/>\n\t<meta property=\"og:image:height\" content=\"1000\" \/>\n\t<meta property=\"og:image:type\" content=\"image\/jpeg\" \/>\n<meta name=\"author\" content=\"Rebeca N\u00fa\u00f1ez\" \/>\n<meta name=\"twitter:card\" content=\"summary_large_image\" \/>\n<meta name=\"twitter:creator\" content=\"@ferabrajan1\" \/>\n<meta name=\"twitter:site\" content=\"@ferabrajan1\" \/>\n<meta name=\"twitter:label1\" content=\"Escrito por\" \/>\n\t<meta name=\"twitter:data1\" content=\"Rebeca N\u00fa\u00f1ez\" \/>\n\t<meta name=\"twitter:label2\" content=\"Tiempo de lectura\" \/>\n\t<meta name=\"twitter:data2\" content=\"1 minuto\" \/>\n<script type=\"application\/ld+json\" class=\"yoast-schema-graph\">{\"@context\":\"https:\\\/\\\/schema.org\",\"@graph\":[{\"@type\":\"Article\",\"@id\":\"https:\\\/\\\/ferabrajan.com\\\/portal\\\/2026\\\/05\\\/08\\\/san-pedro-cholula-celebrara-a-las-mamas-con-concierto-y-regalos\\\/#article\",\"isPartOf\":{\"@id\":\"https:\\\/\\\/ferabrajan.com\\\/portal\\\/2026\\\/05\\\/08\\\/san-pedro-cholula-celebrara-a-las-mamas-con-concierto-y-regalos\\\/\"},\"author\":{\"name\":\"Rebeca N\u00fa\u00f1ez\",\"@id\":\"https:\\\/\\\/ferabrajan.com\\\/portal\\\/#\\\/schema\\\/person\\\/a79364e0091921e733584c4833bc7a50\"},\"headline\":\"San Pedro Cholula celebrar\u00e1 a las mam\u00e1s con concierto y regalos\",\"datePublished\":\"2026-05-08T16:17:09+00:00\",\"mainEntityOfPage\":{\"@id\":\"https:\\\/\\\/ferabrajan.com\\\/portal\\\/2026\\\/05\\\/08\\\/san-pedro-cholula-celebrara-a-las-mamas-con-concierto-y-regalos\\\/\"},\"wordCount\":180,\"publisher\":{\"@id\":\"https:\\\/\\\/ferabrajan.com\\\/portal\\\/#organization\"},\"image\":{\"@id\":\"https:\\\/\\\/ferabrajan.com\\\/portal\\\/2026\\\/05\\\/08\\\/san-pedro-cholula-celebrara-a-las-mamas-con-concierto-y-regalos\\\/#primaryimage\"},\"thumbnailUrl\":\"https:\\\/\\\/ferabrajan.com\\\/portal\\\/wp-content\\\/uploads\\\/2026\\\/05\\\/34a76dcd-21b8-48ab-98f3-7ffcb87209dd.jpg\",\"keywords\":[\"concierto\",\"D\u00eda de las madres\",\"rifas\",\"San Pedro Cholula\",\"Tonantzin Fern\u00e1ndez\"],\"articleSection\":[\"Local\",\"Principal\"],\"inLanguage\":\"es\"},{\"@type\":\"WebPage\",\"@id\":\"https:\\\/\\\/ferabrajan.com\\\/portal\\\/2026\\\/05\\\/08\\\/san-pedro-cholula-celebrara-a-las-mamas-con-concierto-y-regalos\\\/\",\"url\":\"https:\\\/\\\/ferabrajan.com\\\/portal\\\/2026\\\/05\\\/08\\\/san-pedro-cholula-celebrara-a-las-mamas-con-concierto-y-regalos\\\/\",\"name\":\"San Pedro Cholula celebrar\u00e1 a las mam\u00e1s con concierto y regalos - Fer Abrajan\",\"isPartOf\":{\"@id\":\"https:\\\/\\\/ferabrajan.com\\\/portal\\\/#website\"},\"primaryImageOfPage\":{\"@id\":\"https:\\\/\\\/ferabrajan.com\\\/portal\\\/2026\\\/05\\\/08\\\/san-pedro-cholula-celebrara-a-las-mamas-con-concierto-y-regalos\\\/#primaryimage\"},\"image\":{\"@id\":\"https:\\\/\\\/ferabrajan.com\\\/portal\\\/2026\\\/05\\\/08\\\/san-pedro-cholula-celebrara-a-las-mamas-con-concierto-y-regalos\\\/#primaryimage\"},\"thumbnailUrl\":\"https:\\\/\\\/ferabrajan.com\\\/portal\\\/wp-content\\\/uploads\\\/2026\\\/05\\\/34a76dcd-21b8-48ab-98f3-7ffcb87209dd.jpg\",\"datePublished\":\"2026-05-08T16:17:09+00:00\",\"breadcrumb\":{\"@id\":\"https:\\\/\\\/ferabrajan.com\\\/portal\\\/2026\\\/05\\\/08\\\/san-pedro-cholula-celebrara-a-las-mamas-con-concierto-y-regalos\\\/#breadcrumb\"},\"inLanguage\":\"es\",\"potentialAction\":[{\"@type\":\"ReadAction\",\"target\":[\"https:\\\/\\\/ferabrajan.com\\\/portal\\\/2026\\\/05\\\/08\\\/san-pedro-cholula-celebrara-a-las-mamas-con-concierto-y-regalos\\\/\"]}]},{\"@type\":\"ImageObject\",\"inLanguage\":\"es\",\"@id\":\"https:\\\/\\\/ferabrajan.com\\\/portal\\\/2026\\\/05\\\/08\\\/san-pedro-cholula-celebrara-a-las-mamas-con-concierto-y-regalos\\\/#primaryimage\",\"url\":\"https:\\\/\\\/ferabrajan.com\\\/portal\\\/wp-content\\\/uploads\\\/2026\\\/05\\\/34a76dcd-21b8-48ab-98f3-7ffcb87209dd.jpg\",\"contentUrl\":\"https:\\\/\\\/ferabrajan.com\\\/portal\\\/wp-content\\\/uploads\\\/2026\\\/05\\\/34a76dcd-21b8-48ab-98f3-7ffcb87209dd.jpg\",\"width\":1500,\"height\":1000},{\"@type\":\"BreadcrumbList\",\"@id\":\"https:\\\/\\\/ferabrajan.com\\\/portal\\\/2026\\\/05\\\/08\\\/san-pedro-cholula-celebrara-a-las-mamas-con-concierto-y-regalos\\\/#breadcrumb\",\"itemListElement\":[{\"@type\":\"ListItem\",\"position\":1,\"name\":\"Portada\",\"item\":\"https:\\\/\\\/ferabrajan.com\\\/portal\\\/\"},{\"@type\":\"ListItem\",\"position\":2,\"name\":\"San Pedro Cholula celebrar\u00e1 a las mam\u00e1s con concierto y regalos\"}]},{\"@type\":\"WebSite\",\"@id\":\"https:\\\/\\\/ferabrajan.com\\\/portal\\\/#website\",\"url\":\"https:\\\/\\\/ferabrajan.com\\\/portal\\\/\",\"name\":\"Fer Abrajan\",\"description\":\"Noticias de Puebla, opini\u00f3n y radio en vivo\",\"publisher\":{\"@id\":\"https:\\\/\\\/ferabrajan.com\\\/portal\\\/#organization\"},\"potentialAction\":[{\"@type\":\"SearchAction\",\"target\":{\"@type\":\"EntryPoint\",\"urlTemplate\":\"https:\\\/\\\/ferabrajan.com\\\/portal\\\/?s={search_term_string}\"},\"query-input\":{\"@type\":\"PropertyValueSpecification\",\"valueRequired\":true,\"valueName\":\"search_term_string\"}}],\"inLanguage\":\"es\"},{\"@type\":\"Organization\",\"@id\":\"https:\\\/\\\/ferabrajan.com\\\/portal\\\/#organization\",\"name\":\"Fer Abrajan\",\"url\":\"https:\\\/\\\/ferabrajan.com\\\/portal\\\/\",\"logo\":{\"@type\":\"ImageObject\",\"inLanguage\":\"es\",\"@id\":\"https:\\\/\\\/ferabrajan.com\\\/portal\\\/#\\\/schema\\\/logo\\\/image\\\/\",\"url\":\"https:\\\/\\\/ferabrajan.com\\\/portal\\\/wp-content\\\/uploads\\\/2024\\\/10\\\/cropped-logo.jpeg\",\"contentUrl\":\"https:\\\/\\\/ferabrajan.com\\\/portal\\\/wp-content\\\/uploads\\\/2024\\\/10\\\/cropped-logo.jpeg\",\"width\":500,\"height\":250,\"caption\":\"Fer Abrajan\"},\"image\":{\"@id\":\"https:\\\/\\\/ferabrajan.com\\\/portal\\\/#\\\/schema\\\/logo\\\/image\\\/\"},\"sameAs\":[\"https:\\\/\\\/www.facebook.com\\\/NoticiasconFerAbrajan\\\/\",\"https:\\\/\\\/x.com\\\/ferabrajan1\"]},{\"@type\":\"Person\",\"@id\":\"https:\\\/\\\/ferabrajan.com\\\/portal\\\/#\\\/schema\\\/person\\\/a79364e0091921e733584c4833bc7a50\",\"name\":\"Rebeca N\u00fa\u00f1ez\",\"image\":{\"@type\":\"ImageObject\",\"inLanguage\":\"es\",\"@id\":\"https:\\\/\\\/secure.gravatar.com\\\/avatar\\\/c9cbf721287e849268cd37eca93cf4be51b2eed9e71c8d0c6825bd912000b74e?s=96&d=mm&r=g\",\"url\":\"https:\\\/\\\/secure.gravatar.com\\\/avatar\\\/c9cbf721287e849268cd37eca93cf4be51b2eed9e71c8d0c6825bd912000b74e?s=96&d=mm&r=g\",\"contentUrl\":\"https:\\\/\\\/secure.gravatar.com\\\/avatar\\\/c9cbf721287e849268cd37eca93cf4be51b2eed9e71c8d0c6825bd912000b74e?s=96&d=mm&r=g\",\"caption\":\"Rebeca N\u00fa\u00f1ez\"},\"url\":\"https:\\\/\\\/ferabrajan.com\\\/portal\\\/author\\\/rebeca\\\/\"}]}<\/script>\n<!-- \/ Yoast SEO plugin. -->","yoast_head_json":{"title":"San Pedro Cholula celebrar\u00e1 a las mam\u00e1s con concierto y regalos - Fer Abrajan","robots":{"index":"index","follow":"follow","max-snippet":"max-snippet:-1","max-image-preview":"max-image-preview:large","max-video-preview":"max-video-preview:-1"},"canonical":"https:\/\/ferabrajan.com\/portal\/2026\/05\/08\/san-pedro-cholula-celebrara-a-las-mamas-con-concierto-y-regalos\/","og_locale":"es_ES","og_type":"article","og_title":"San Pedro Cholula celebrar\u00e1 a las mam\u00e1s con concierto y regalos - Fer Abrajan","og_description":"SAN PEDRO CHOLULA, Pue.- El Gobierno Municipal de San Pedro Cholula anunci\u00f3 un festejo especial por el D\u00eda de las Madres, que incluir\u00e1 m\u00fasica en vivo, rifas y diversas sorpresas para las mam\u00e1s cholultecas. La presidenta municipal, Tonantzin Fern\u00e1ndez, inform\u00f3 que el festival se realizar\u00e1 el pr\u00f3ximo 9 de mayo en la Plaza de la Concordia, a partir de las 18:00 horas. Durante el evento se llevar\u00e1 a cabo una Gran Rifa programada para las 19:00 horas, donde las asistentes podr\u00e1n participar por distintos premios tras realizar su registro. Como parte del cierre de la celebraci\u00f3n, se presentar\u00e1 la agrupaci\u00f3n \u201cLos Hijos del Pueblo\u201d, que amenizar\u00e1 la noche con m\u00fasica en vivo. Tonantzin Fern\u00e1ndez destac\u00f3 que estas actividades buscan fortalecer la convivencia familiar y reconocer el papel de las mujeres en la sociedad y en las familias cholultecas. Finalmente, invit\u00f3 a todas las madres del municipio a disfrutar de esta celebraci\u00f3n organizada por el Ayuntamiento y el DIF Municipal.","og_url":"https:\/\/ferabrajan.com\/portal\/2026\/05\/08\/san-pedro-cholula-celebrara-a-las-mamas-con-concierto-y-regalos\/","og_site_name":"Fer Abrajan","article_publisher":"https:\/\/www.facebook.com\/NoticiasconFerAbrajan\/","article_published_time":"2026-05-08T16:17:09+00:00","og_image":[{"width":1500,"height":1000,"url":"https:\/\/ferabrajan.com\/portal\/wp-content\/uploads\/2026\/05\/34a76dcd-21b8-48ab-98f3-7ffcb87209dd.jpg","type":"image\/jpeg"}],"author":"Rebeca N\u00fa\u00f1ez","twitter_card":"summary_large_image","twitter_creator":"@ferabrajan1","twitter_site":"@ferabrajan1","twitter_misc":{"Escrito por":"Rebeca N\u00fa\u00f1ez","Tiempo de lectura":"1 minuto"},"schema":{"@context":"https:\/\/schema.org","@graph":[{"@type":"Article","@id":"https:\/\/ferabrajan.com\/portal\/2026\/05\/08\/san-pedro-cholula-celebrara-a-las-mamas-con-concierto-y-regalos\/#article","isPartOf":{"@id":"https:\/\/ferabrajan.com\/portal\/2026\/05\/08\/san-pedro-cholula-celebrara-a-las-mamas-con-concierto-y-regalos\/"},"author":{"name":"Rebeca N\u00fa\u00f1ez","@id":"https:\/\/ferabrajan.com\/portal\/#\/schema\/person\/a79364e0091921e733584c4833bc7a50"},"headline":"San Pedro Cholula celebrar\u00e1 a las mam\u00e1s con concierto y regalos","datePublished":"2026-05-08T16:17:09+00:00","mainEntityOfPage":{"@id":"https:\/\/ferabrajan.com\/portal\/2026\/05\/08\/san-pedro-cholula-celebrara-a-las-mamas-con-concierto-y-regalos\/"},"wordCount":180,"publisher":{"@id":"https:\/\/ferabrajan.com\/portal\/#organization"},"image":{"@id":"https:\/\/ferabrajan.com\/portal\/2026\/05\/08\/san-pedro-cholula-celebrara-a-las-mamas-con-concierto-y-regalos\/#primaryimage"},"thumbnailUrl":"https:\/\/ferabrajan.com\/portal\/wp-content\/uploads\/2026\/05\/34a76dcd-21b8-48ab-98f3-7ffcb87209dd.jpg","keywords":["concierto","D\u00eda de las madres","rifas","San Pedro Cholula","Tonantzin Fern\u00e1ndez"],"articleSection":["Local","Principal"],"inLanguage":"es"},{"@type":"WebPage","@id":"https:\/\/ferabrajan.com\/portal\/2026\/05\/08\/san-pedro-cholula-celebrara-a-las-mamas-con-concierto-y-regalos\/","url":"https:\/\/ferabrajan.com\/portal\/2026\/05\/08\/san-pedro-cholula-celebrara-a-las-mamas-con-concierto-y-regalos\/","name":"San Pedro Cholula celebrar\u00e1 a las mam\u00e1s con concierto y regalos - Fer Abrajan","isPartOf":{"@id":"https:\/\/ferabrajan.com\/portal\/#website"},"primaryImageOfPage":{"@id":"https:\/\/ferabrajan.com\/portal\/2026\/05\/08\/san-pedro-cholula-celebrara-a-las-mamas-con-concierto-y-regalos\/#primaryimage"},"image":{"@id":"https:\/\/ferabrajan.com\/portal\/2026\/05\/08\/san-pedro-cholula-celebrara-a-las-mamas-con-concierto-y-regalos\/#primaryimage"},"thumbnailUrl":"https:\/\/ferabrajan.com\/portal\/wp-content\/uploads\/2026\/05\/34a76dcd-21b8-48ab-98f3-7ffcb87209dd.jpg","datePublished":"2026-05-08T16:17:09+00:00","breadcrumb":{"@id":"https:\/\/ferabrajan.com\/portal\/2026\/05\/08\/san-pedro-cholula-celebrara-a-las-mamas-con-concierto-y-regalos\/#breadcrumb"},"inLanguage":"es","potentialAction":[{"@type":"ReadAction","target":["https:\/\/ferabrajan.com\/portal\/2026\/05\/08\/san-pedro-cholula-celebrara-a-las-mamas-con-concierto-y-regalos\/"]}]},{"@type":"ImageObject","inLanguage":"es","@id":"https:\/\/ferabrajan.com\/portal\/2026\/05\/08\/san-pedro-cholula-celebrara-a-las-mamas-con-concierto-y-regalos\/#primaryimage","url":"https:\/\/ferabrajan.com\/portal\/wp-content\/uploads\/2026\/05\/34a76dcd-21b8-48ab-98f3-7ffcb87209dd.jpg","contentUrl":"https:\/\/ferabrajan.com\/portal\/wp-content\/uploads\/2026\/05\/34a76dcd-21b8-48ab-98f3-7ffcb87209dd.jpg","width":1500,"height":1000},{"@type":"BreadcrumbList","@id":"https:\/\/ferabrajan.com\/portal\/2026\/05\/08\/san-pedro-cholula-celebrara-a-las-mamas-con-concierto-y-regalos\/#breadcrumb","itemListElement":[{"@type":"ListItem","position":1,"name":"Portada","item":"https:\/\/ferabrajan.com\/portal\/"},{"@type":"ListItem","position":2,"name":"San Pedro Cholula celebrar\u00e1 a las mam\u00e1s con concierto y regalos"}]},{"@type":"WebSite","@id":"https:\/\/ferabrajan.com\/portal\/#website","url":"https:\/\/ferabrajan.com\/portal\/","name":"Fer Abrajan","description":"Noticias de Puebla, opini\u00f3n y radio en vivo","publisher":{"@id":"https:\/\/ferabrajan.com\/portal\/#organization"},"potentialAction":[{"@type":"SearchAction","target":{"@type":"EntryPoint","urlTemplate":"https:\/\/ferabrajan.com\/portal\/?s={search_term_string}"},"query-input":{"@type":"PropertyValueSpecification","valueRequired":true,"valueName":"search_term_string"}}],"inLanguage":"es"},{"@type":"Organization","@id":"https:\/\/ferabrajan.com\/portal\/#organization","name":"Fer Abrajan","url":"https:\/\/ferabrajan.com\/portal\/","logo":{"@type":"ImageObject","inLanguage":"es","@id":"https:\/\/ferabrajan.com\/portal\/#\/schema\/logo\/image\/","url":"https:\/\/ferabrajan.com\/portal\/wp-content\/uploads\/2024\/10\/cropped-logo.jpeg","contentUrl":"https:\/\/ferabrajan.com\/portal\/wp-content\/uploads\/2024\/10\/cropped-logo.jpeg","width":500,"height":250,"caption":"Fer Abrajan"},"image":{"@id":"https:\/\/ferabrajan.com\/portal\/#\/schema\/logo\/image\/"},"sameAs":["https:\/\/www.facebook.com\/NoticiasconFerAbrajan\/","https:\/\/x.com\/ferabrajan1"]},{"@type":"Person","@id":"https:\/\/ferabrajan.com\/portal\/#\/schema\/person\/a79364e0091921e733584c4833bc7a50","name":"Rebeca N\u00fa\u00f1ez","image":{"@type":"ImageObject","inLanguage":"es","@id":"https:\/\/secure.gravatar.com\/avatar\/c9cbf721287e849268cd37eca93cf4be51b2eed9e71c8d0c6825bd912000b74e?s=96&d=mm&r=g","url":"https:\/\/secure.gravatar.com\/avatar\/c9cbf721287e849268cd37eca93cf4be51b2eed9e71c8d0c6825bd912000b74e?s=96&d=mm&r=g","contentUrl":"https:\/\/secure.gravatar.com\/avatar\/c9cbf721287e849268cd37eca93cf4be51b2eed9e71c8d0c6825bd912000b74e?s=96&d=mm&r=g","caption":"Rebeca N\u00fa\u00f1ez"},"url":"https:\/\/ferabrajan.com\/portal\/author\/rebeca\/"}]}},"_links":{"self":[{"href":"https:\/\/ferabrajan.com\/portal\/wp-json\/wp\/v2\/posts\/81711","targetHints":{"allow":["GET"]}}],"collection":[{"href":"https:\/\/ferabrajan.com\/portal\/wp-json\/wp\/v2\/posts"}],"about":[{"href":"https:\/\/ferabrajan.com\/portal\/wp-json\/wp\/v2\/types\/post"}],"author":[{"embeddable":true,"href":"https:\/\/ferabrajan.com\/portal\/wp-json\/wp\/v2\/users\/3"}],"replies":[{"embeddable":true,"href":"https:\/\/ferabrajan.com\/portal\/wp-json\/wp\/v2\/comments?post=81711"}],"version-history":[{"count":1,"href":"https:\/\/ferabrajan.com\/portal\/wp-json\/wp\/v2\/posts\/81711\/revisions"}],"predecessor-version":[{"id":81713,"href":"https:\/\/ferabrajan.com\/portal\/wp-json\/wp\/v2\/posts\/81711\/revisions\/81713"}],"wp:featuredmedia":[{"embeddable":true,"href":"https:\/\/ferabrajan.com\/portal\/wp-json\/wp\/v2\/media\/81712"}],"wp:attachment":[{"href":"https:\/\/ferabrajan.com\/portal\/wp-json\/wp\/v2\/media?parent=81711"}],"wp:term":[{"taxonomy":"category","embeddable":true,"href":"https:\/\/ferabrajan.com\/portal\/wp-json\/wp\/v2\/categories?post=81711"},{"taxonomy":"post_tag","embeddable":true,"href":"https:\/\/ferabrajan.com\/portal\/wp-json\/wp\/v2\/tags?post=81711"}],"curies":[{"name":"wp","href":"https:\/\/api.w.org\/{rel}","templated":true}]}}