{"id":81708,"date":"2026-05-08T16:13:54","date_gmt":"2026-05-08T16:13:54","guid":{"rendered":"https:\/\/ferabrajan.com\/portal\/?p=81708"},"modified":"2026-05-08T16:13:54","modified_gmt":"2026-05-08T16:13:54","slug":"dan-40-anos-de-carcel-a-feminicida-en-puebla","status":"publish","type":"post","link":"https:\/\/ferabrajan.com\/portal\/2026\/05\/08\/dan-40-anos-de-carcel-a-feminicida-en-puebla\/","title":{"rendered":"Dan 40 a\u00f1os de c\u00e1rcel a feminicida en Puebla"},"content":{"rendered":"<section class=\"text-token-text-primary w-full focus:outline-none [--shadow-height:45px] has-data-writing-block:pointer-events-none has-data-writing-block:-mt-(--shadow-height) has-data-writing-block:pt-(--shadow-height) [&amp;:has([data-writing-block])&gt;*]:pointer-events-auto [content-visibility:auto] supports-[content-visibility:auto]:[contain-intrinsic-size:auto_100lvh] R6Vx5W_threadScrollVars scroll-mb-[calc(var(--scroll-root-safe-area-inset-bottom,0px)+var(--thread-response-height))] scroll-mt-[calc(var(--header-height)+min(200px,max(70px,20svh)))]\" dir=\"auto\" data-turn-id=\"request-69fca71b-7888-83e8-aa9d-2a730ed712bc-7\" data-testid=\"conversation-turn-32\" data-scroll-anchor=\"false\" data-turn=\"assistant\">\n<div class=\"text-base my-auto mx-auto pb-10 [--thread-content-margin:var(--thread-content-margin-xs,calc(var(--spacing)*4))] @w-sm\/main:[--thread-content-margin:var(--thread-content-margin-sm,calc(var(--spacing)*6))] @w-lg\/main:[--thread-content-margin:var(--thread-content-margin-lg,calc(var(--spacing)*16))] px-(--thread-content-margin)\">\n<div class=\"[--thread-content-max-width:40rem] @w-lg\/main:[--thread-content-max-width:48rem] mx-auto max-w-(--thread-content-max-width) flex-1 group\/turn-messages focus-visible:outline-hidden relative flex w-full min-w-0 flex-col agent-turn\">\n<div class=\"flex max-w-full flex-col gap-4 grow\">\n<div class=\"min-h-8 text-message relative flex w-full flex-col items-end gap-2 text-start break-words whitespace-normal outline-none keyboard-focused:focus-ring [.text-message+&amp;]:mt-1\" dir=\"auto\" tabindex=\"0\" data-message-author-role=\"assistant\" data-message-id=\"c4a9c03f-1c81-4595-b47a-7fbcc27e5ccb\" data-message-model-slug=\"gpt-5-5\" data-turn-start-message=\"true\">\n<div class=\"flex w-full flex-col gap-1 empty:hidden\">\n<div class=\"markdown prose dark:prose-invert wrap-break-word w-full light markdown-new-styling\">\n<p data-start=\"55\" data-end=\"257\"><strong data-start=\"55\" data-end=\"72\">PUEBLA, Pue.-<\/strong> La Fiscal\u00eda General del Estado obtuvo una sentencia de <strong data-start=\"128\" data-end=\"150\">40 a\u00f1os de prisi\u00f3n<\/strong> contra <strong data-start=\"158\" data-end=\"172\">Alberto N.<\/strong>, declarado responsable del delito de <strong data-start=\"210\" data-end=\"225\">feminicidio<\/strong> ocurrido en la capital poblana.<\/p>\n<p data-start=\"261\" data-end=\"456\">De acuerdo con las investigaciones, los hechos ocurrieron entre la noche del <strong data-start=\"338\" data-end=\"361\">22 de junio de 2023<\/strong> y la madrugada del d\u00eda siguiente, en un domicilio de la colonia <strong data-start=\"426\" data-end=\"455\">San Ram\u00f3n Segunda Secci\u00f3n<\/strong>.<\/p>\n<p data-start=\"460\" data-end=\"668\">La v\u00edctima se encontraba en compa\u00f1\u00eda de su hija cuando Alberto N. lleg\u00f3 al inmueble. Horas m\u00e1s tarde, la agredi\u00f3 con un objeto punzocortante, provoc\u00e1ndole heridas en t\u00f3rax y abdomen que le causaron la muerte.<\/p>\n<p data-start=\"672\" data-end=\"857\">Durante el proceso judicial, el Ministerio P\u00fablico present\u00f3 pruebas que permitieron acreditar la responsabilidad del acusado, por lo que la autoridad judicial emiti\u00f3 fallo condenatorio.<\/p>\n<p data-start=\"861\" data-end=\"997\">Adem\u00e1s de la pena privativa de libertad, el responsable deber\u00e1 pagar una multa equivalente a <strong data-start=\"954\" data-end=\"996\">500 unidades de medida y actualizaci\u00f3n<\/strong>.<\/p>\n<p data-start=\"1001\" data-end=\"1191\" data-is-last-node=\"\" data-is-only-node=\"\">La Fiscal\u00eda estatal reiter\u00f3 que mantiene acciones permanentes para investigar y sancionar delitos cometidos contra mujeres y garantizar acceso a la justicia para las v\u00edctimas y sus familias.<\/p>\n<\/div>\n<\/div>\n<\/div>\n<\/div>\n<div class=\"z-0 flex min-h-[46px] justify-start\"><\/div>\n<div class=\"mt-3 w-full empty:hidden\">\n<div class=\"text-center\"><\/div>\n<\/div>\n<\/div>\n<\/div>\n<\/section>\n<div class=\"pointer-events-none -mt-px h-px translate-y-[calc(var(--scroll-root-safe-area-inset-bottom)-14*var(--spacing))]\" aria-hidden=\"true\"><\/div>\n","protected":false},"excerpt":{"rendered":"<p>PUEBLA, Pue.- La Fiscal\u00eda General del Estado obtuvo una sentencia de 40 a\u00f1os de prisi\u00f3n contra Alberto N., declarado responsable del delito de feminicidio ocurrido en la capital poblana. De acuerdo con las investigaciones, los hechos ocurrieron entre la noche del 22 de junio de 2023 y la madrugada del d\u00eda siguiente, en un domicilio de la colonia San Ram\u00f3n Segunda Secci\u00f3n. La v\u00edctima se encontraba en compa\u00f1\u00eda de su hija cuando Alberto N. lleg\u00f3 al inmueble. Horas m\u00e1s tarde, la agredi\u00f3 con un objeto punzocortante, provoc\u00e1ndole heridas en t\u00f3rax y abdomen que le causaron la muerte. Durante el proceso judicial, el Ministerio P\u00fablico present\u00f3 pruebas que permitieron acreditar la responsabilidad del acusado, por lo que la autoridad judicial emiti\u00f3 fallo condenatorio. Adem\u00e1s de la pena privativa de libertad, el responsable deber\u00e1 pagar una multa equivalente a 500 unidades de medida y actualizaci\u00f3n. La Fiscal\u00eda estatal reiter\u00f3 que mantiene acciones permanentes para investigar y sancionar delitos cometidos contra mujeres y garantizar acceso a la justicia para las v\u00edctimas y sus familias.<\/p>\n","protected":false},"author":4,"featured_media":81709,"comment_status":"closed","ping_status":"closed","sticky":false,"template":"","format":"standard","meta":{"_monsterinsights_skip_tracking":false,"_uf_show_specific_survey":0,"_uf_disable_surveys":false,"footnotes":""},"categories":[53,585],"tags":[2498,238,2370],"class_list":["post-81708","post","type-post","status-publish","format-standard","has-post-thumbnail","hentry","category-local","category-principal","tag-feminicida","tag-fge","tag-sentencia"],"yoast_head":"<!-- This site is optimized with the Yoast SEO plugin v27.5 - https:\/\/yoast.com\/product\/yoast-seo-wordpress\/ -->\n<title>Dan 40 a\u00f1os de c\u00e1rcel a feminicida en Puebla - Fer Abrajan<\/title>\n<meta name=\"robots\" content=\"index, follow, max-snippet:-1, max-image-preview:large, max-video-preview:-1\" \/>\n<link rel=\"canonical\" href=\"https:\/\/ferabrajan.com\/portal\/2026\/05\/08\/dan-40-anos-de-carcel-a-feminicida-en-puebla\/\" \/>\n<meta property=\"og:locale\" content=\"es_ES\" \/>\n<meta property=\"og:type\" content=\"article\" \/>\n<meta property=\"og:title\" content=\"Dan 40 a\u00f1os de c\u00e1rcel a feminicida en Puebla - Fer Abrajan\" \/>\n<meta property=\"og:description\" content=\"PUEBLA, Pue.- La Fiscal\u00eda General del Estado obtuvo una sentencia de 40 a\u00f1os de prisi\u00f3n contra Alberto N., declarado responsable del delito de feminicidio ocurrido en la capital poblana. De acuerdo con las investigaciones, los hechos ocurrieron entre la noche del 22 de junio de 2023 y la madrugada del d\u00eda siguiente, en un domicilio de la colonia San Ram\u00f3n Segunda Secci\u00f3n. La v\u00edctima se encontraba en compa\u00f1\u00eda de su hija cuando Alberto N. lleg\u00f3 al inmueble. Horas m\u00e1s tarde, la agredi\u00f3 con un objeto punzocortante, provoc\u00e1ndole heridas en t\u00f3rax y abdomen que le causaron la muerte. Durante el proceso judicial, el Ministerio P\u00fablico present\u00f3 pruebas que permitieron acreditar la responsabilidad del acusado, por lo que la autoridad judicial emiti\u00f3 fallo condenatorio. Adem\u00e1s de la pena privativa de libertad, el responsable deber\u00e1 pagar una multa equivalente a 500 unidades de medida y actualizaci\u00f3n. La Fiscal\u00eda estatal reiter\u00f3 que mantiene acciones permanentes para investigar y sancionar delitos cometidos contra mujeres y garantizar acceso a la justicia para las v\u00edctimas y sus familias.\" \/>\n<meta property=\"og:url\" content=\"https:\/\/ferabrajan.com\/portal\/2026\/05\/08\/dan-40-anos-de-carcel-a-feminicida-en-puebla\/\" \/>\n<meta property=\"og:site_name\" content=\"Fer Abrajan\" \/>\n<meta property=\"article:publisher\" content=\"https:\/\/www.facebook.com\/NoticiasconFerAbrajan\/\" \/>\n<meta property=\"article:published_time\" content=\"2026-05-08T16:13:54+00:00\" \/>\n<meta property=\"og:image\" content=\"https:\/\/ferabrajan.com\/portal\/wp-content\/uploads\/2026\/05\/Fotografia-boletin-de-prensa-no.-222-001.jpeg\" \/>\n\t<meta property=\"og:image:width\" content=\"1280\" \/>\n\t<meta property=\"og:image:height\" content=\"720\" \/>\n\t<meta property=\"og:image:type\" content=\"image\/jpeg\" \/>\n<meta name=\"author\" content=\"Ismael Rojas\" \/>\n<meta name=\"twitter:card\" content=\"summary_large_image\" \/>\n<meta name=\"twitter:creator\" content=\"@ferabrajan1\" \/>\n<meta name=\"twitter:site\" content=\"@ferabrajan1\" \/>\n<meta name=\"twitter:label1\" content=\"Escrito por\" \/>\n\t<meta name=\"twitter:data1\" content=\"Ismael Rojas\" \/>\n\t<meta name=\"twitter:label2\" content=\"Tiempo de lectura\" \/>\n\t<meta name=\"twitter:data2\" content=\"2 minutos\" \/>\n<script type=\"application\/ld+json\" class=\"yoast-schema-graph\">{\"@context\":\"https:\\\/\\\/schema.org\",\"@graph\":[{\"@type\":\"Article\",\"@id\":\"https:\\\/\\\/ferabrajan.com\\\/portal\\\/2026\\\/05\\\/08\\\/dan-40-anos-de-carcel-a-feminicida-en-puebla\\\/#article\",\"isPartOf\":{\"@id\":\"https:\\\/\\\/ferabrajan.com\\\/portal\\\/2026\\\/05\\\/08\\\/dan-40-anos-de-carcel-a-feminicida-en-puebla\\\/\"},\"author\":{\"name\":\"Ismael Rojas\",\"@id\":\"https:\\\/\\\/ferabrajan.com\\\/portal\\\/#\\\/schema\\\/person\\\/83ed4fff5d7e4c8edf481fa39f71acb2\"},\"headline\":\"Dan 40 a\u00f1os de c\u00e1rcel a feminicida en Puebla\",\"datePublished\":\"2026-05-08T16:13:54+00:00\",\"mainEntityOfPage\":{\"@id\":\"https:\\\/\\\/ferabrajan.com\\\/portal\\\/2026\\\/05\\\/08\\\/dan-40-anos-de-carcel-a-feminicida-en-puebla\\\/\"},\"wordCount\":194,\"publisher\":{\"@id\":\"https:\\\/\\\/ferabrajan.com\\\/portal\\\/#organization\"},\"image\":{\"@id\":\"https:\\\/\\\/ferabrajan.com\\\/portal\\\/2026\\\/05\\\/08\\\/dan-40-anos-de-carcel-a-feminicida-en-puebla\\\/#primaryimage\"},\"thumbnailUrl\":\"https:\\\/\\\/ferabrajan.com\\\/portal\\\/wp-content\\\/uploads\\\/2026\\\/05\\\/Fotografia-boletin-de-prensa-no.-222-001.jpeg\",\"keywords\":[\"Feminicida\",\"FGE\",\"Sentencia\"],\"articleSection\":[\"Local\",\"Principal\"],\"inLanguage\":\"es\"},{\"@type\":\"WebPage\",\"@id\":\"https:\\\/\\\/ferabrajan.com\\\/portal\\\/2026\\\/05\\\/08\\\/dan-40-anos-de-carcel-a-feminicida-en-puebla\\\/\",\"url\":\"https:\\\/\\\/ferabrajan.com\\\/portal\\\/2026\\\/05\\\/08\\\/dan-40-anos-de-carcel-a-feminicida-en-puebla\\\/\",\"name\":\"Dan 40 a\u00f1os de c\u00e1rcel a feminicida en Puebla - Fer Abrajan\",\"isPartOf\":{\"@id\":\"https:\\\/\\\/ferabrajan.com\\\/portal\\\/#website\"},\"primaryImageOfPage\":{\"@id\":\"https:\\\/\\\/ferabrajan.com\\\/portal\\\/2026\\\/05\\\/08\\\/dan-40-anos-de-carcel-a-feminicida-en-puebla\\\/#primaryimage\"},\"image\":{\"@id\":\"https:\\\/\\\/ferabrajan.com\\\/portal\\\/2026\\\/05\\\/08\\\/dan-40-anos-de-carcel-a-feminicida-en-puebla\\\/#primaryimage\"},\"thumbnailUrl\":\"https:\\\/\\\/ferabrajan.com\\\/portal\\\/wp-content\\\/uploads\\\/2026\\\/05\\\/Fotografia-boletin-de-prensa-no.-222-001.jpeg\",\"datePublished\":\"2026-05-08T16:13:54+00:00\",\"breadcrumb\":{\"@id\":\"https:\\\/\\\/ferabrajan.com\\\/portal\\\/2026\\\/05\\\/08\\\/dan-40-anos-de-carcel-a-feminicida-en-puebla\\\/#breadcrumb\"},\"inLanguage\":\"es\",\"potentialAction\":[{\"@type\":\"ReadAction\",\"target\":[\"https:\\\/\\\/ferabrajan.com\\\/portal\\\/2026\\\/05\\\/08\\\/dan-40-anos-de-carcel-a-feminicida-en-puebla\\\/\"]}]},{\"@type\":\"ImageObject\",\"inLanguage\":\"es\",\"@id\":\"https:\\\/\\\/ferabrajan.com\\\/portal\\\/2026\\\/05\\\/08\\\/dan-40-anos-de-carcel-a-feminicida-en-puebla\\\/#primaryimage\",\"url\":\"https:\\\/\\\/ferabrajan.com\\\/portal\\\/wp-content\\\/uploads\\\/2026\\\/05\\\/Fotografia-boletin-de-prensa-no.-222-001.jpeg\",\"contentUrl\":\"https:\\\/\\\/ferabrajan.com\\\/portal\\\/wp-content\\\/uploads\\\/2026\\\/05\\\/Fotografia-boletin-de-prensa-no.-222-001.jpeg\",\"width\":1280,\"height\":720},{\"@type\":\"BreadcrumbList\",\"@id\":\"https:\\\/\\\/ferabrajan.com\\\/portal\\\/2026\\\/05\\\/08\\\/dan-40-anos-de-carcel-a-feminicida-en-puebla\\\/#breadcrumb\",\"itemListElement\":[{\"@type\":\"ListItem\",\"position\":1,\"name\":\"Portada\",\"item\":\"https:\\\/\\\/ferabrajan.com\\\/portal\\\/\"},{\"@type\":\"ListItem\",\"position\":2,\"name\":\"Dan 40 a\u00f1os de c\u00e1rcel a feminicida en Puebla\"}]},{\"@type\":\"WebSite\",\"@id\":\"https:\\\/\\\/ferabrajan.com\\\/portal\\\/#website\",\"url\":\"https:\\\/\\\/ferabrajan.com\\\/portal\\\/\",\"name\":\"Fer Abrajan\",\"description\":\"Noticias de Puebla, opini\u00f3n y radio en vivo\",\"publisher\":{\"@id\":\"https:\\\/\\\/ferabrajan.com\\\/portal\\\/#organization\"},\"potentialAction\":[{\"@type\":\"SearchAction\",\"target\":{\"@type\":\"EntryPoint\",\"urlTemplate\":\"https:\\\/\\\/ferabrajan.com\\\/portal\\\/?s={search_term_string}\"},\"query-input\":{\"@type\":\"PropertyValueSpecification\",\"valueRequired\":true,\"valueName\":\"search_term_string\"}}],\"inLanguage\":\"es\"},{\"@type\":\"Organization\",\"@id\":\"https:\\\/\\\/ferabrajan.com\\\/portal\\\/#organization\",\"name\":\"Fer Abrajan\",\"url\":\"https:\\\/\\\/ferabrajan.com\\\/portal\\\/\",\"logo\":{\"@type\":\"ImageObject\",\"inLanguage\":\"es\",\"@id\":\"https:\\\/\\\/ferabrajan.com\\\/portal\\\/#\\\/schema\\\/logo\\\/image\\\/\",\"url\":\"https:\\\/\\\/ferabrajan.com\\\/portal\\\/wp-content\\\/uploads\\\/2024\\\/10\\\/cropped-logo.jpeg\",\"contentUrl\":\"https:\\\/\\\/ferabrajan.com\\\/portal\\\/wp-content\\\/uploads\\\/2024\\\/10\\\/cropped-logo.jpeg\",\"width\":500,\"height\":250,\"caption\":\"Fer Abrajan\"},\"image\":{\"@id\":\"https:\\\/\\\/ferabrajan.com\\\/portal\\\/#\\\/schema\\\/logo\\\/image\\\/\"},\"sameAs\":[\"https:\\\/\\\/www.facebook.com\\\/NoticiasconFerAbrajan\\\/\",\"https:\\\/\\\/x.com\\\/ferabrajan1\"]},{\"@type\":\"Person\",\"@id\":\"https:\\\/\\\/ferabrajan.com\\\/portal\\\/#\\\/schema\\\/person\\\/83ed4fff5d7e4c8edf481fa39f71acb2\",\"name\":\"Ismael Rojas\",\"image\":{\"@type\":\"ImageObject\",\"inLanguage\":\"es\",\"@id\":\"https:\\\/\\\/secure.gravatar.com\\\/avatar\\\/e4a9cb58548fedeb6143fa536c79b44c34454539235177c55c5819d74963e9d6?s=96&d=mm&r=g\",\"url\":\"https:\\\/\\\/secure.gravatar.com\\\/avatar\\\/e4a9cb58548fedeb6143fa536c79b44c34454539235177c55c5819d74963e9d6?s=96&d=mm&r=g\",\"contentUrl\":\"https:\\\/\\\/secure.gravatar.com\\\/avatar\\\/e4a9cb58548fedeb6143fa536c79b44c34454539235177c55c5819d74963e9d6?s=96&d=mm&r=g\",\"caption\":\"Ismael Rojas\"},\"url\":\"https:\\\/\\\/ferabrajan.com\\\/portal\\\/author\\\/ismael\\\/\"}]}<\/script>\n<!-- \/ Yoast SEO plugin. -->","yoast_head_json":{"title":"Dan 40 a\u00f1os de c\u00e1rcel a feminicida en Puebla - Fer Abrajan","robots":{"index":"index","follow":"follow","max-snippet":"max-snippet:-1","max-image-preview":"max-image-preview:large","max-video-preview":"max-video-preview:-1"},"canonical":"https:\/\/ferabrajan.com\/portal\/2026\/05\/08\/dan-40-anos-de-carcel-a-feminicida-en-puebla\/","og_locale":"es_ES","og_type":"article","og_title":"Dan 40 a\u00f1os de c\u00e1rcel a feminicida en Puebla - Fer Abrajan","og_description":"PUEBLA, Pue.- La Fiscal\u00eda General del Estado obtuvo una sentencia de 40 a\u00f1os de prisi\u00f3n contra Alberto N., declarado responsable del delito de feminicidio ocurrido en la capital poblana. De acuerdo con las investigaciones, los hechos ocurrieron entre la noche del 22 de junio de 2023 y la madrugada del d\u00eda siguiente, en un domicilio de la colonia San Ram\u00f3n Segunda Secci\u00f3n. La v\u00edctima se encontraba en compa\u00f1\u00eda de su hija cuando Alberto N. lleg\u00f3 al inmueble. Horas m\u00e1s tarde, la agredi\u00f3 con un objeto punzocortante, provoc\u00e1ndole heridas en t\u00f3rax y abdomen que le causaron la muerte. Durante el proceso judicial, el Ministerio P\u00fablico present\u00f3 pruebas que permitieron acreditar la responsabilidad del acusado, por lo que la autoridad judicial emiti\u00f3 fallo condenatorio. Adem\u00e1s de la pena privativa de libertad, el responsable deber\u00e1 pagar una multa equivalente a 500 unidades de medida y actualizaci\u00f3n. La Fiscal\u00eda estatal reiter\u00f3 que mantiene acciones permanentes para investigar y sancionar delitos cometidos contra mujeres y garantizar acceso a la justicia para las v\u00edctimas y sus familias.","og_url":"https:\/\/ferabrajan.com\/portal\/2026\/05\/08\/dan-40-anos-de-carcel-a-feminicida-en-puebla\/","og_site_name":"Fer Abrajan","article_publisher":"https:\/\/www.facebook.com\/NoticiasconFerAbrajan\/","article_published_time":"2026-05-08T16:13:54+00:00","og_image":[{"width":1280,"height":720,"url":"https:\/\/ferabrajan.com\/portal\/wp-content\/uploads\/2026\/05\/Fotografia-boletin-de-prensa-no.-222-001.jpeg","type":"image\/jpeg"}],"author":"Ismael Rojas","twitter_card":"summary_large_image","twitter_creator":"@ferabrajan1","twitter_site":"@ferabrajan1","twitter_misc":{"Escrito por":"Ismael Rojas","Tiempo de lectura":"2 minutos"},"schema":{"@context":"https:\/\/schema.org","@graph":[{"@type":"Article","@id":"https:\/\/ferabrajan.com\/portal\/2026\/05\/08\/dan-40-anos-de-carcel-a-feminicida-en-puebla\/#article","isPartOf":{"@id":"https:\/\/ferabrajan.com\/portal\/2026\/05\/08\/dan-40-anos-de-carcel-a-feminicida-en-puebla\/"},"author":{"name":"Ismael Rojas","@id":"https:\/\/ferabrajan.com\/portal\/#\/schema\/person\/83ed4fff5d7e4c8edf481fa39f71acb2"},"headline":"Dan 40 a\u00f1os de c\u00e1rcel a feminicida en Puebla","datePublished":"2026-05-08T16:13:54+00:00","mainEntityOfPage":{"@id":"https:\/\/ferabrajan.com\/portal\/2026\/05\/08\/dan-40-anos-de-carcel-a-feminicida-en-puebla\/"},"wordCount":194,"publisher":{"@id":"https:\/\/ferabrajan.com\/portal\/#organization"},"image":{"@id":"https:\/\/ferabrajan.com\/portal\/2026\/05\/08\/dan-40-anos-de-carcel-a-feminicida-en-puebla\/#primaryimage"},"thumbnailUrl":"https:\/\/ferabrajan.com\/portal\/wp-content\/uploads\/2026\/05\/Fotografia-boletin-de-prensa-no.-222-001.jpeg","keywords":["Feminicida","FGE","Sentencia"],"articleSection":["Local","Principal"],"inLanguage":"es"},{"@type":"WebPage","@id":"https:\/\/ferabrajan.com\/portal\/2026\/05\/08\/dan-40-anos-de-carcel-a-feminicida-en-puebla\/","url":"https:\/\/ferabrajan.com\/portal\/2026\/05\/08\/dan-40-anos-de-carcel-a-feminicida-en-puebla\/","name":"Dan 40 a\u00f1os de c\u00e1rcel a feminicida en Puebla - Fer Abrajan","isPartOf":{"@id":"https:\/\/ferabrajan.com\/portal\/#website"},"primaryImageOfPage":{"@id":"https:\/\/ferabrajan.com\/portal\/2026\/05\/08\/dan-40-anos-de-carcel-a-feminicida-en-puebla\/#primaryimage"},"image":{"@id":"https:\/\/ferabrajan.com\/portal\/2026\/05\/08\/dan-40-anos-de-carcel-a-feminicida-en-puebla\/#primaryimage"},"thumbnailUrl":"https:\/\/ferabrajan.com\/portal\/wp-content\/uploads\/2026\/05\/Fotografia-boletin-de-prensa-no.-222-001.jpeg","datePublished":"2026-05-08T16:13:54+00:00","breadcrumb":{"@id":"https:\/\/ferabrajan.com\/portal\/2026\/05\/08\/dan-40-anos-de-carcel-a-feminicida-en-puebla\/#breadcrumb"},"inLanguage":"es","potentialAction":[{"@type":"ReadAction","target":["https:\/\/ferabrajan.com\/portal\/2026\/05\/08\/dan-40-anos-de-carcel-a-feminicida-en-puebla\/"]}]},{"@type":"ImageObject","inLanguage":"es","@id":"https:\/\/ferabrajan.com\/portal\/2026\/05\/08\/dan-40-anos-de-carcel-a-feminicida-en-puebla\/#primaryimage","url":"https:\/\/ferabrajan.com\/portal\/wp-content\/uploads\/2026\/05\/Fotografia-boletin-de-prensa-no.-222-001.jpeg","contentUrl":"https:\/\/ferabrajan.com\/portal\/wp-content\/uploads\/2026\/05\/Fotografia-boletin-de-prensa-no.-222-001.jpeg","width":1280,"height":720},{"@type":"BreadcrumbList","@id":"https:\/\/ferabrajan.com\/portal\/2026\/05\/08\/dan-40-anos-de-carcel-a-feminicida-en-puebla\/#breadcrumb","itemListElement":[{"@type":"ListItem","position":1,"name":"Portada","item":"https:\/\/ferabrajan.com\/portal\/"},{"@type":"ListItem","position":2,"name":"Dan 40 a\u00f1os de c\u00e1rcel a feminicida en Puebla"}]},{"@type":"WebSite","@id":"https:\/\/ferabrajan.com\/portal\/#website","url":"https:\/\/ferabrajan.com\/portal\/","name":"Fer Abrajan","description":"Noticias de Puebla, opini\u00f3n y radio en vivo","publisher":{"@id":"https:\/\/ferabrajan.com\/portal\/#organization"},"potentialAction":[{"@type":"SearchAction","target":{"@type":"EntryPoint","urlTemplate":"https:\/\/ferabrajan.com\/portal\/?s={search_term_string}"},"query-input":{"@type":"PropertyValueSpecification","valueRequired":true,"valueName":"search_term_string"}}],"inLanguage":"es"},{"@type":"Organization","@id":"https:\/\/ferabrajan.com\/portal\/#organization","name":"Fer Abrajan","url":"https:\/\/ferabrajan.com\/portal\/","logo":{"@type":"ImageObject","inLanguage":"es","@id":"https:\/\/ferabrajan.com\/portal\/#\/schema\/logo\/image\/","url":"https:\/\/ferabrajan.com\/portal\/wp-content\/uploads\/2024\/10\/cropped-logo.jpeg","contentUrl":"https:\/\/ferabrajan.com\/portal\/wp-content\/uploads\/2024\/10\/cropped-logo.jpeg","width":500,"height":250,"caption":"Fer Abrajan"},"image":{"@id":"https:\/\/ferabrajan.com\/portal\/#\/schema\/logo\/image\/"},"sameAs":["https:\/\/www.facebook.com\/NoticiasconFerAbrajan\/","https:\/\/x.com\/ferabrajan1"]},{"@type":"Person","@id":"https:\/\/ferabrajan.com\/portal\/#\/schema\/person\/83ed4fff5d7e4c8edf481fa39f71acb2","name":"Ismael Rojas","image":{"@type":"ImageObject","inLanguage":"es","@id":"https:\/\/secure.gravatar.com\/avatar\/e4a9cb58548fedeb6143fa536c79b44c34454539235177c55c5819d74963e9d6?s=96&d=mm&r=g","url":"https:\/\/secure.gravatar.com\/avatar\/e4a9cb58548fedeb6143fa536c79b44c34454539235177c55c5819d74963e9d6?s=96&d=mm&r=g","contentUrl":"https:\/\/secure.gravatar.com\/avatar\/e4a9cb58548fedeb6143fa536c79b44c34454539235177c55c5819d74963e9d6?s=96&d=mm&r=g","caption":"Ismael Rojas"},"url":"https:\/\/ferabrajan.com\/portal\/author\/ismael\/"}]}},"_links":{"self":[{"href":"https:\/\/ferabrajan.com\/portal\/wp-json\/wp\/v2\/posts\/81708","targetHints":{"allow":["GET"]}}],"collection":[{"href":"https:\/\/ferabrajan.com\/portal\/wp-json\/wp\/v2\/posts"}],"about":[{"href":"https:\/\/ferabrajan.com\/portal\/wp-json\/wp\/v2\/types\/post"}],"author":[{"embeddable":true,"href":"https:\/\/ferabrajan.com\/portal\/wp-json\/wp\/v2\/users\/4"}],"replies":[{"embeddable":true,"href":"https:\/\/ferabrajan.com\/portal\/wp-json\/wp\/v2\/comments?post=81708"}],"version-history":[{"count":1,"href":"https:\/\/ferabrajan.com\/portal\/wp-json\/wp\/v2\/posts\/81708\/revisions"}],"predecessor-version":[{"id":81710,"href":"https:\/\/ferabrajan.com\/portal\/wp-json\/wp\/v2\/posts\/81708\/revisions\/81710"}],"wp:featuredmedia":[{"embeddable":true,"href":"https:\/\/ferabrajan.com\/portal\/wp-json\/wp\/v2\/media\/81709"}],"wp:attachment":[{"href":"https:\/\/ferabrajan.com\/portal\/wp-json\/wp\/v2\/media?parent=81708"}],"wp:term":[{"taxonomy":"category","embeddable":true,"href":"https:\/\/ferabrajan.com\/portal\/wp-json\/wp\/v2\/categories?post=81708"},{"taxonomy":"post_tag","embeddable":true,"href":"https:\/\/ferabrajan.com\/portal\/wp-json\/wp\/v2\/tags?post=81708"}],"curies":[{"name":"wp","href":"https:\/\/api.w.org\/{rel}","templated":true}]}}