{"id":81535,"date":"2026-04-30T14:53:20","date_gmt":"2026-04-30T14:53:20","guid":{"rendered":"https:\/\/ferabrajan.com\/portal\/?p=81535"},"modified":"2026-04-30T14:53:20","modified_gmt":"2026-04-30T14:53:20","slug":"detienen-a-312-personas-en-abril-y-reportan-baja-en-percepcion-de-inseguridad","status":"publish","type":"post","link":"https:\/\/ferabrajan.com\/portal\/2026\/04\/30\/detienen-a-312-personas-en-abril-y-reportan-baja-en-percepcion-de-inseguridad\/","title":{"rendered":"Detienen a 312 personas en abril y reportan baja en percepci\u00f3n de inseguridad"},"content":{"rendered":"<p data-start=\"83\" data-end=\"287\"><strong data-start=\"83\" data-end=\"107\">CUAUTLANCINGO, Pue.\u2013<\/strong> Autoridades de los tres \u00f3rdenes de gobierno reportaron la <strong data-start=\"166\" data-end=\"209\">detenci\u00f3n de 312 personas durante abril<\/strong>, como parte de las acciones coordinadas para reforzar la seguridad en Puebla.<\/p>\n<p data-start=\"289\" data-end=\"609\">El titular de la Secretar\u00eda de Seguridad P\u00fablica, <strong data-start=\"339\" data-end=\"369\">Francisco S\u00e1nchez Gonz\u00e1lez<\/strong>, inform\u00f3 que entre los resultados destacan la <strong data-start=\"416\" data-end=\"459\">inhabilitaci\u00f3n de 17 tomas clandestinas<\/strong>, el aseguramiento de <strong data-start=\"481\" data-end=\"530\">m\u00e1s de 44 mil litros de hidrocarburo y gas LP<\/strong>, as\u00ed como el decomiso de <strong data-start=\"556\" data-end=\"608\">armas, cartuchos, droga y 700 plantas de amapola<\/strong>.<\/p>\n<p data-start=\"611\" data-end=\"847\">Adem\u00e1s, se retiraron de circulaci\u00f3n <strong data-start=\"647\" data-end=\"685\">366 equipos telef\u00f3nicos y 64 chips<\/strong> en centros penitenciarios para evitar extorsiones, y mediante la l\u00ednea 089 se atendieron <strong data-start=\"775\" data-end=\"800\">m\u00e1s de 8 mil llamadas<\/strong>, logrando impedir miles de intentos de delito.<\/p>\n<p data-start=\"849\" data-end=\"1051\">Por su parte, el fiscal de Investigaci\u00f3n Metropolitana, <strong data-start=\"905\" data-end=\"937\">Jos\u00e9 Luis Hern\u00e1ndez Gonz\u00e1lez<\/strong>, se\u00f1al\u00f3 que la <strong data-start=\"953\" data-end=\"995\">percepci\u00f3n de inseguridad disminuy\u00f3 3%<\/strong> en el primer trimestre de 2026, de acuerdo con la ENSU.<\/p>\n<p data-start=\"1053\" data-end=\"1310\">En el \u00e1mbito municipal, el titular de la Secretar\u00eda de Seguridad Ciudadana, <strong data-start=\"1129\" data-end=\"1155\">F\u00e9lix Pallares Miranda<\/strong>, destac\u00f3 que la estrategia <strong data-start=\"1183\" data-end=\"1202\">\u201cUnidos Por Ti\u201d<\/strong> ha permitido <strong data-start=\"1216\" data-end=\"1309\">reforzar la vigilancia en comercios, bancos, transporte p\u00fablico y zonas de alta afluencia<\/strong>.<\/p>\n<p data-start=\"1312\" data-end=\"1479\" data-is-last-node=\"\" data-is-only-node=\"\">Las autoridades coincidieron en que la <strong data-start=\"1351\" data-end=\"1386\">coordinaci\u00f3n interinstitucional<\/strong> ha sido clave para mejorar las condiciones de seguridad y fortalecer la confianza ciudadana.<\/p>\n","protected":false},"excerpt":{"rendered":"<p>El vicealmirante Francisco S\u00e1nchez Gonz\u00e1lez inform\u00f3 la detenci\u00f3n de 312 personas, entre ellas objetivos prioritarios y generadores de violencia, durante el mes de abril.<\/p>\n","protected":false},"author":3,"featured_media":81536,"comment_status":"closed","ping_status":"closed","sticky":false,"template":"","format":"standard","meta":{"_monsterinsights_skip_tracking":false,"_uf_show_specific_survey":0,"_uf_disable_surveys":false,"footnotes":""},"categories":[585,34],"tags":[4505,4506,3930,4507],"class_list":["post-81535","post","type-post","status-publish","format-standard","has-post-thumbnail","hentry","category-principal","category-puebla","tag-ecretaria-de-seguridad-publica","tag-fiscal-de-investigacion-metropolitana","tag-francisco-sanchez-gonzalez","tag-jose-luis-hernandez-gonzalez"],"yoast_head":"<!-- This site is optimized with the Yoast SEO plugin v27.5 - https:\/\/yoast.com\/product\/yoast-seo-wordpress\/ -->\n<title>Detienen a 312 personas en abril y reportan baja en percepci\u00f3n de inseguridad - Fer Abrajan<\/title>\n<meta name=\"robots\" content=\"index, follow, max-snippet:-1, max-image-preview:large, max-video-preview:-1\" \/>\n<link rel=\"canonical\" href=\"https:\/\/ferabrajan.com\/portal\/2026\/04\/30\/detienen-a-312-personas-en-abril-y-reportan-baja-en-percepcion-de-inseguridad\/\" \/>\n<meta property=\"og:locale\" content=\"es_ES\" \/>\n<meta property=\"og:type\" content=\"article\" \/>\n<meta property=\"og:title\" content=\"Detienen a 312 personas en abril y reportan baja en percepci\u00f3n de inseguridad - Fer Abrajan\" \/>\n<meta property=\"og:description\" content=\"El vicealmirante Francisco S\u00e1nchez Gonz\u00e1lez inform\u00f3 la detenci\u00f3n de 312 personas, entre ellas objetivos prioritarios y generadores de violencia, durante el mes de abril.\" \/>\n<meta property=\"og:url\" content=\"https:\/\/ferabrajan.com\/portal\/2026\/04\/30\/detienen-a-312-personas-en-abril-y-reportan-baja-en-percepcion-de-inseguridad\/\" \/>\n<meta property=\"og:site_name\" content=\"Fer Abrajan\" \/>\n<meta property=\"article:publisher\" content=\"https:\/\/www.facebook.com\/NoticiasconFerAbrajan\/\" \/>\n<meta property=\"article:published_time\" content=\"2026-04-30T14:53:20+00:00\" \/>\n<meta property=\"og:image\" content=\"https:\/\/ferabrajan.com\/portal\/wp-content\/uploads\/2026\/04\/SSP_2904_1.jpeg\" \/>\n\t<meta property=\"og:image:width\" content=\"1280\" \/>\n\t<meta property=\"og:image:height\" content=\"853\" \/>\n\t<meta property=\"og:image:type\" content=\"image\/jpeg\" \/>\n<meta name=\"author\" content=\"Rebeca N\u00fa\u00f1ez\" \/>\n<meta name=\"twitter:card\" content=\"summary_large_image\" \/>\n<meta name=\"twitter:creator\" content=\"@ferabrajan1\" \/>\n<meta name=\"twitter:site\" content=\"@ferabrajan1\" \/>\n<meta name=\"twitter:label1\" content=\"Escrito por\" \/>\n\t<meta name=\"twitter:data1\" content=\"Rebeca N\u00fa\u00f1ez\" \/>\n\t<meta name=\"twitter:label2\" content=\"Tiempo de lectura\" \/>\n\t<meta name=\"twitter:data2\" content=\"2 minutos\" \/>\n<script type=\"application\/ld+json\" class=\"yoast-schema-graph\">{\"@context\":\"https:\\\/\\\/schema.org\",\"@graph\":[{\"@type\":\"Article\",\"@id\":\"https:\\\/\\\/ferabrajan.com\\\/portal\\\/2026\\\/04\\\/30\\\/detienen-a-312-personas-en-abril-y-reportan-baja-en-percepcion-de-inseguridad\\\/#article\",\"isPartOf\":{\"@id\":\"https:\\\/\\\/ferabrajan.com\\\/portal\\\/2026\\\/04\\\/30\\\/detienen-a-312-personas-en-abril-y-reportan-baja-en-percepcion-de-inseguridad\\\/\"},\"author\":{\"name\":\"Rebeca N\u00fa\u00f1ez\",\"@id\":\"https:\\\/\\\/ferabrajan.com\\\/portal\\\/#\\\/schema\\\/person\\\/a79364e0091921e733584c4833bc7a50\"},\"headline\":\"Detienen a 312 personas en abril y reportan baja en percepci\u00f3n de inseguridad\",\"datePublished\":\"2026-04-30T14:53:20+00:00\",\"mainEntityOfPage\":{\"@id\":\"https:\\\/\\\/ferabrajan.com\\\/portal\\\/2026\\\/04\\\/30\\\/detienen-a-312-personas-en-abril-y-reportan-baja-en-percepcion-de-inseguridad\\\/\"},\"wordCount\":228,\"publisher\":{\"@id\":\"https:\\\/\\\/ferabrajan.com\\\/portal\\\/#organization\"},\"image\":{\"@id\":\"https:\\\/\\\/ferabrajan.com\\\/portal\\\/2026\\\/04\\\/30\\\/detienen-a-312-personas-en-abril-y-reportan-baja-en-percepcion-de-inseguridad\\\/#primaryimage\"},\"thumbnailUrl\":\"https:\\\/\\\/ferabrajan.com\\\/portal\\\/wp-content\\\/uploads\\\/2026\\\/04\\\/SSP_2904_1.jpeg\",\"keywords\":[\"ecretar\u00eda de Seguridad P\u00fablica\",\"fiscal de Investigaci\u00f3n Metropolitana\",\"Francisco S\u00e1nchez Gonz\u00e1lez\",\"Jos\u00e9 Luis Hern\u00e1ndez Gonz\u00e1lez\"],\"articleSection\":[\"Principal\",\"Puebla\"],\"inLanguage\":\"es\"},{\"@type\":\"WebPage\",\"@id\":\"https:\\\/\\\/ferabrajan.com\\\/portal\\\/2026\\\/04\\\/30\\\/detienen-a-312-personas-en-abril-y-reportan-baja-en-percepcion-de-inseguridad\\\/\",\"url\":\"https:\\\/\\\/ferabrajan.com\\\/portal\\\/2026\\\/04\\\/30\\\/detienen-a-312-personas-en-abril-y-reportan-baja-en-percepcion-de-inseguridad\\\/\",\"name\":\"Detienen a 312 personas en abril y reportan baja en percepci\u00f3n de inseguridad - Fer Abrajan\",\"isPartOf\":{\"@id\":\"https:\\\/\\\/ferabrajan.com\\\/portal\\\/#website\"},\"primaryImageOfPage\":{\"@id\":\"https:\\\/\\\/ferabrajan.com\\\/portal\\\/2026\\\/04\\\/30\\\/detienen-a-312-personas-en-abril-y-reportan-baja-en-percepcion-de-inseguridad\\\/#primaryimage\"},\"image\":{\"@id\":\"https:\\\/\\\/ferabrajan.com\\\/portal\\\/2026\\\/04\\\/30\\\/detienen-a-312-personas-en-abril-y-reportan-baja-en-percepcion-de-inseguridad\\\/#primaryimage\"},\"thumbnailUrl\":\"https:\\\/\\\/ferabrajan.com\\\/portal\\\/wp-content\\\/uploads\\\/2026\\\/04\\\/SSP_2904_1.jpeg\",\"datePublished\":\"2026-04-30T14:53:20+00:00\",\"breadcrumb\":{\"@id\":\"https:\\\/\\\/ferabrajan.com\\\/portal\\\/2026\\\/04\\\/30\\\/detienen-a-312-personas-en-abril-y-reportan-baja-en-percepcion-de-inseguridad\\\/#breadcrumb\"},\"inLanguage\":\"es\",\"potentialAction\":[{\"@type\":\"ReadAction\",\"target\":[\"https:\\\/\\\/ferabrajan.com\\\/portal\\\/2026\\\/04\\\/30\\\/detienen-a-312-personas-en-abril-y-reportan-baja-en-percepcion-de-inseguridad\\\/\"]}]},{\"@type\":\"ImageObject\",\"inLanguage\":\"es\",\"@id\":\"https:\\\/\\\/ferabrajan.com\\\/portal\\\/2026\\\/04\\\/30\\\/detienen-a-312-personas-en-abril-y-reportan-baja-en-percepcion-de-inseguridad\\\/#primaryimage\",\"url\":\"https:\\\/\\\/ferabrajan.com\\\/portal\\\/wp-content\\\/uploads\\\/2026\\\/04\\\/SSP_2904_1.jpeg\",\"contentUrl\":\"https:\\\/\\\/ferabrajan.com\\\/portal\\\/wp-content\\\/uploads\\\/2026\\\/04\\\/SSP_2904_1.jpeg\",\"width\":1280,\"height\":853},{\"@type\":\"BreadcrumbList\",\"@id\":\"https:\\\/\\\/ferabrajan.com\\\/portal\\\/2026\\\/04\\\/30\\\/detienen-a-312-personas-en-abril-y-reportan-baja-en-percepcion-de-inseguridad\\\/#breadcrumb\",\"itemListElement\":[{\"@type\":\"ListItem\",\"position\":1,\"name\":\"Portada\",\"item\":\"https:\\\/\\\/ferabrajan.com\\\/portal\\\/\"},{\"@type\":\"ListItem\",\"position\":2,\"name\":\"Detienen a 312 personas en abril y reportan baja en percepci\u00f3n de inseguridad\"}]},{\"@type\":\"WebSite\",\"@id\":\"https:\\\/\\\/ferabrajan.com\\\/portal\\\/#website\",\"url\":\"https:\\\/\\\/ferabrajan.com\\\/portal\\\/\",\"name\":\"Fer Abrajan\",\"description\":\"Noticias de Puebla, opini\u00f3n y radio en vivo\",\"publisher\":{\"@id\":\"https:\\\/\\\/ferabrajan.com\\\/portal\\\/#organization\"},\"potentialAction\":[{\"@type\":\"SearchAction\",\"target\":{\"@type\":\"EntryPoint\",\"urlTemplate\":\"https:\\\/\\\/ferabrajan.com\\\/portal\\\/?s={search_term_string}\"},\"query-input\":{\"@type\":\"PropertyValueSpecification\",\"valueRequired\":true,\"valueName\":\"search_term_string\"}}],\"inLanguage\":\"es\"},{\"@type\":\"Organization\",\"@id\":\"https:\\\/\\\/ferabrajan.com\\\/portal\\\/#organization\",\"name\":\"Fer Abrajan\",\"url\":\"https:\\\/\\\/ferabrajan.com\\\/portal\\\/\",\"logo\":{\"@type\":\"ImageObject\",\"inLanguage\":\"es\",\"@id\":\"https:\\\/\\\/ferabrajan.com\\\/portal\\\/#\\\/schema\\\/logo\\\/image\\\/\",\"url\":\"https:\\\/\\\/ferabrajan.com\\\/portal\\\/wp-content\\\/uploads\\\/2024\\\/10\\\/cropped-logo.jpeg\",\"contentUrl\":\"https:\\\/\\\/ferabrajan.com\\\/portal\\\/wp-content\\\/uploads\\\/2024\\\/10\\\/cropped-logo.jpeg\",\"width\":500,\"height\":250,\"caption\":\"Fer Abrajan\"},\"image\":{\"@id\":\"https:\\\/\\\/ferabrajan.com\\\/portal\\\/#\\\/schema\\\/logo\\\/image\\\/\"},\"sameAs\":[\"https:\\\/\\\/www.facebook.com\\\/NoticiasconFerAbrajan\\\/\",\"https:\\\/\\\/x.com\\\/ferabrajan1\"]},{\"@type\":\"Person\",\"@id\":\"https:\\\/\\\/ferabrajan.com\\\/portal\\\/#\\\/schema\\\/person\\\/a79364e0091921e733584c4833bc7a50\",\"name\":\"Rebeca N\u00fa\u00f1ez\",\"image\":{\"@type\":\"ImageObject\",\"inLanguage\":\"es\",\"@id\":\"https:\\\/\\\/secure.gravatar.com\\\/avatar\\\/c9cbf721287e849268cd37eca93cf4be51b2eed9e71c8d0c6825bd912000b74e?s=96&d=mm&r=g\",\"url\":\"https:\\\/\\\/secure.gravatar.com\\\/avatar\\\/c9cbf721287e849268cd37eca93cf4be51b2eed9e71c8d0c6825bd912000b74e?s=96&d=mm&r=g\",\"contentUrl\":\"https:\\\/\\\/secure.gravatar.com\\\/avatar\\\/c9cbf721287e849268cd37eca93cf4be51b2eed9e71c8d0c6825bd912000b74e?s=96&d=mm&r=g\",\"caption\":\"Rebeca N\u00fa\u00f1ez\"},\"url\":\"https:\\\/\\\/ferabrajan.com\\\/portal\\\/author\\\/rebeca\\\/\"}]}<\/script>\n<!-- \/ Yoast SEO plugin. -->","yoast_head_json":{"title":"Detienen a 312 personas en abril y reportan baja en percepci\u00f3n de inseguridad - Fer Abrajan","robots":{"index":"index","follow":"follow","max-snippet":"max-snippet:-1","max-image-preview":"max-image-preview:large","max-video-preview":"max-video-preview:-1"},"canonical":"https:\/\/ferabrajan.com\/portal\/2026\/04\/30\/detienen-a-312-personas-en-abril-y-reportan-baja-en-percepcion-de-inseguridad\/","og_locale":"es_ES","og_type":"article","og_title":"Detienen a 312 personas en abril y reportan baja en percepci\u00f3n de inseguridad - Fer Abrajan","og_description":"El vicealmirante Francisco S\u00e1nchez Gonz\u00e1lez inform\u00f3 la detenci\u00f3n de 312 personas, entre ellas objetivos prioritarios y generadores de violencia, durante el mes de abril.","og_url":"https:\/\/ferabrajan.com\/portal\/2026\/04\/30\/detienen-a-312-personas-en-abril-y-reportan-baja-en-percepcion-de-inseguridad\/","og_site_name":"Fer Abrajan","article_publisher":"https:\/\/www.facebook.com\/NoticiasconFerAbrajan\/","article_published_time":"2026-04-30T14:53:20+00:00","og_image":[{"width":1280,"height":853,"url":"https:\/\/ferabrajan.com\/portal\/wp-content\/uploads\/2026\/04\/SSP_2904_1.jpeg","type":"image\/jpeg"}],"author":"Rebeca N\u00fa\u00f1ez","twitter_card":"summary_large_image","twitter_creator":"@ferabrajan1","twitter_site":"@ferabrajan1","twitter_misc":{"Escrito por":"Rebeca N\u00fa\u00f1ez","Tiempo de lectura":"2 minutos"},"schema":{"@context":"https:\/\/schema.org","@graph":[{"@type":"Article","@id":"https:\/\/ferabrajan.com\/portal\/2026\/04\/30\/detienen-a-312-personas-en-abril-y-reportan-baja-en-percepcion-de-inseguridad\/#article","isPartOf":{"@id":"https:\/\/ferabrajan.com\/portal\/2026\/04\/30\/detienen-a-312-personas-en-abril-y-reportan-baja-en-percepcion-de-inseguridad\/"},"author":{"name":"Rebeca N\u00fa\u00f1ez","@id":"https:\/\/ferabrajan.com\/portal\/#\/schema\/person\/a79364e0091921e733584c4833bc7a50"},"headline":"Detienen a 312 personas en abril y reportan baja en percepci\u00f3n de inseguridad","datePublished":"2026-04-30T14:53:20+00:00","mainEntityOfPage":{"@id":"https:\/\/ferabrajan.com\/portal\/2026\/04\/30\/detienen-a-312-personas-en-abril-y-reportan-baja-en-percepcion-de-inseguridad\/"},"wordCount":228,"publisher":{"@id":"https:\/\/ferabrajan.com\/portal\/#organization"},"image":{"@id":"https:\/\/ferabrajan.com\/portal\/2026\/04\/30\/detienen-a-312-personas-en-abril-y-reportan-baja-en-percepcion-de-inseguridad\/#primaryimage"},"thumbnailUrl":"https:\/\/ferabrajan.com\/portal\/wp-content\/uploads\/2026\/04\/SSP_2904_1.jpeg","keywords":["ecretar\u00eda de Seguridad P\u00fablica","fiscal de Investigaci\u00f3n Metropolitana","Francisco S\u00e1nchez Gonz\u00e1lez","Jos\u00e9 Luis Hern\u00e1ndez Gonz\u00e1lez"],"articleSection":["Principal","Puebla"],"inLanguage":"es"},{"@type":"WebPage","@id":"https:\/\/ferabrajan.com\/portal\/2026\/04\/30\/detienen-a-312-personas-en-abril-y-reportan-baja-en-percepcion-de-inseguridad\/","url":"https:\/\/ferabrajan.com\/portal\/2026\/04\/30\/detienen-a-312-personas-en-abril-y-reportan-baja-en-percepcion-de-inseguridad\/","name":"Detienen a 312 personas en abril y reportan baja en percepci\u00f3n de inseguridad - Fer Abrajan","isPartOf":{"@id":"https:\/\/ferabrajan.com\/portal\/#website"},"primaryImageOfPage":{"@id":"https:\/\/ferabrajan.com\/portal\/2026\/04\/30\/detienen-a-312-personas-en-abril-y-reportan-baja-en-percepcion-de-inseguridad\/#primaryimage"},"image":{"@id":"https:\/\/ferabrajan.com\/portal\/2026\/04\/30\/detienen-a-312-personas-en-abril-y-reportan-baja-en-percepcion-de-inseguridad\/#primaryimage"},"thumbnailUrl":"https:\/\/ferabrajan.com\/portal\/wp-content\/uploads\/2026\/04\/SSP_2904_1.jpeg","datePublished":"2026-04-30T14:53:20+00:00","breadcrumb":{"@id":"https:\/\/ferabrajan.com\/portal\/2026\/04\/30\/detienen-a-312-personas-en-abril-y-reportan-baja-en-percepcion-de-inseguridad\/#breadcrumb"},"inLanguage":"es","potentialAction":[{"@type":"ReadAction","target":["https:\/\/ferabrajan.com\/portal\/2026\/04\/30\/detienen-a-312-personas-en-abril-y-reportan-baja-en-percepcion-de-inseguridad\/"]}]},{"@type":"ImageObject","inLanguage":"es","@id":"https:\/\/ferabrajan.com\/portal\/2026\/04\/30\/detienen-a-312-personas-en-abril-y-reportan-baja-en-percepcion-de-inseguridad\/#primaryimage","url":"https:\/\/ferabrajan.com\/portal\/wp-content\/uploads\/2026\/04\/SSP_2904_1.jpeg","contentUrl":"https:\/\/ferabrajan.com\/portal\/wp-content\/uploads\/2026\/04\/SSP_2904_1.jpeg","width":1280,"height":853},{"@type":"BreadcrumbList","@id":"https:\/\/ferabrajan.com\/portal\/2026\/04\/30\/detienen-a-312-personas-en-abril-y-reportan-baja-en-percepcion-de-inseguridad\/#breadcrumb","itemListElement":[{"@type":"ListItem","position":1,"name":"Portada","item":"https:\/\/ferabrajan.com\/portal\/"},{"@type":"ListItem","position":2,"name":"Detienen a 312 personas en abril y reportan baja en percepci\u00f3n de inseguridad"}]},{"@type":"WebSite","@id":"https:\/\/ferabrajan.com\/portal\/#website","url":"https:\/\/ferabrajan.com\/portal\/","name":"Fer Abrajan","description":"Noticias de Puebla, opini\u00f3n y radio en vivo","publisher":{"@id":"https:\/\/ferabrajan.com\/portal\/#organization"},"potentialAction":[{"@type":"SearchAction","target":{"@type":"EntryPoint","urlTemplate":"https:\/\/ferabrajan.com\/portal\/?s={search_term_string}"},"query-input":{"@type":"PropertyValueSpecification","valueRequired":true,"valueName":"search_term_string"}}],"inLanguage":"es"},{"@type":"Organization","@id":"https:\/\/ferabrajan.com\/portal\/#organization","name":"Fer Abrajan","url":"https:\/\/ferabrajan.com\/portal\/","logo":{"@type":"ImageObject","inLanguage":"es","@id":"https:\/\/ferabrajan.com\/portal\/#\/schema\/logo\/image\/","url":"https:\/\/ferabrajan.com\/portal\/wp-content\/uploads\/2024\/10\/cropped-logo.jpeg","contentUrl":"https:\/\/ferabrajan.com\/portal\/wp-content\/uploads\/2024\/10\/cropped-logo.jpeg","width":500,"height":250,"caption":"Fer Abrajan"},"image":{"@id":"https:\/\/ferabrajan.com\/portal\/#\/schema\/logo\/image\/"},"sameAs":["https:\/\/www.facebook.com\/NoticiasconFerAbrajan\/","https:\/\/x.com\/ferabrajan1"]},{"@type":"Person","@id":"https:\/\/ferabrajan.com\/portal\/#\/schema\/person\/a79364e0091921e733584c4833bc7a50","name":"Rebeca N\u00fa\u00f1ez","image":{"@type":"ImageObject","inLanguage":"es","@id":"https:\/\/secure.gravatar.com\/avatar\/c9cbf721287e849268cd37eca93cf4be51b2eed9e71c8d0c6825bd912000b74e?s=96&d=mm&r=g","url":"https:\/\/secure.gravatar.com\/avatar\/c9cbf721287e849268cd37eca93cf4be51b2eed9e71c8d0c6825bd912000b74e?s=96&d=mm&r=g","contentUrl":"https:\/\/secure.gravatar.com\/avatar\/c9cbf721287e849268cd37eca93cf4be51b2eed9e71c8d0c6825bd912000b74e?s=96&d=mm&r=g","caption":"Rebeca N\u00fa\u00f1ez"},"url":"https:\/\/ferabrajan.com\/portal\/author\/rebeca\/"}]}},"_links":{"self":[{"href":"https:\/\/ferabrajan.com\/portal\/wp-json\/wp\/v2\/posts\/81535","targetHints":{"allow":["GET"]}}],"collection":[{"href":"https:\/\/ferabrajan.com\/portal\/wp-json\/wp\/v2\/posts"}],"about":[{"href":"https:\/\/ferabrajan.com\/portal\/wp-json\/wp\/v2\/types\/post"}],"author":[{"embeddable":true,"href":"https:\/\/ferabrajan.com\/portal\/wp-json\/wp\/v2\/users\/3"}],"replies":[{"embeddable":true,"href":"https:\/\/ferabrajan.com\/portal\/wp-json\/wp\/v2\/comments?post=81535"}],"version-history":[{"count":1,"href":"https:\/\/ferabrajan.com\/portal\/wp-json\/wp\/v2\/posts\/81535\/revisions"}],"predecessor-version":[{"id":81537,"href":"https:\/\/ferabrajan.com\/portal\/wp-json\/wp\/v2\/posts\/81535\/revisions\/81537"}],"wp:featuredmedia":[{"embeddable":true,"href":"https:\/\/ferabrajan.com\/portal\/wp-json\/wp\/v2\/media\/81536"}],"wp:attachment":[{"href":"https:\/\/ferabrajan.com\/portal\/wp-json\/wp\/v2\/media?parent=81535"}],"wp:term":[{"taxonomy":"category","embeddable":true,"href":"https:\/\/ferabrajan.com\/portal\/wp-json\/wp\/v2\/categories?post=81535"},{"taxonomy":"post_tag","embeddable":true,"href":"https:\/\/ferabrajan.com\/portal\/wp-json\/wp\/v2\/tags?post=81535"}],"curies":[{"name":"wp","href":"https:\/\/api.w.org\/{rel}","templated":true}]}}