{"id":81428,"date":"2026-04-24T16:03:59","date_gmt":"2026-04-24T16:03:59","guid":{"rendered":"https:\/\/ferabrajan.com\/portal\/?p=81428"},"modified":"2026-04-24T16:03:59","modified_gmt":"2026-04-24T16:03:59","slug":"arranca-en-atlixco-jornada-de-vacunacion-con-servicios-medicos-gratuitos","status":"publish","type":"post","link":"https:\/\/ferabrajan.com\/portal\/2026\/04\/24\/arranca-en-atlixco-jornada-de-vacunacion-con-servicios-medicos-gratuitos\/","title":{"rendered":"Arranca en Atlixco jornada de vacunaci\u00f3n con servicios m\u00e9dicos gratuitos"},"content":{"rendered":"<p data-start=\"78\" data-end=\"327\"><strong data-start=\"78\" data-end=\"96\">ATLIXCO, Pue.\u2013<\/strong> La Secretar\u00eda de Salud del Estado inici\u00f3 la <strong data-start=\"141\" data-end=\"187\">Primera Semana Nacional de Vacunaci\u00f3n 2026<\/strong> durante una <strong data-start=\"200\" data-end=\"233\">Jornada de Atenci\u00f3n Ciudadana<\/strong>, con el objetivo de <strong data-start=\"254\" data-end=\"310\">reforzar la prevenci\u00f3n y ampliar la cobertura m\u00e9dica<\/strong> en la poblaci\u00f3n.<\/p>\n<p data-start=\"329\" data-end=\"561\">La campa\u00f1a se desarrollar\u00e1 del <strong data-start=\"360\" data-end=\"388\">25 de abril al 2 de mayo<\/strong>, inform\u00f3 el subsecretario de Salud Zona \u201cA\u201d, <strong data-start=\"434\" data-end=\"465\">Jorge David Gonz\u00e1lez Garc\u00eda<\/strong>, quien llam\u00f3 a la ciudadan\u00eda a <strong data-start=\"497\" data-end=\"524\">sumarse a la vacunaci\u00f3n<\/strong> para reducir riesgos y enfermedades.<\/p>\n<p data-start=\"563\" data-end=\"812\">Durante la jornada, habitantes del municipio accedieron a <strong data-start=\"621\" data-end=\"652\">servicios m\u00e9dicos gratuitos<\/strong> como <strong data-start=\"658\" data-end=\"761\">medicina general, laboratorio cl\u00ednico, atenci\u00f3n dental, electrocardiogramas, mastograf\u00edas y rayos X<\/strong>, adem\u00e1s de la entrega de <strong data-start=\"787\" data-end=\"811\">aparatos ortop\u00e9dicos<\/strong>.<\/p>\n<p data-start=\"814\" data-end=\"1024\">Autoridades estatales destacaron que estas acciones forman parte de una estrategia para <strong data-start=\"902\" data-end=\"947\">disminuir brechas en el acceso a la salud<\/strong> y garantizar atenci\u00f3n integral, mediante la coordinaci\u00f3n entre dependencias.<\/p>\n<p data-start=\"1026\" data-end=\"1216\">El evento reuni\u00f3 a <strong data-start=\"1045\" data-end=\"1068\">cientos de personas<\/strong> en Atlixco, como parte de las jornadas que se realizan en las <strong data-start=\"1131\" data-end=\"1163\">31 microrregiones del estado<\/strong>, acercando servicios directamente a las comunidades.<\/p>\n<p data-start=\"1218\" data-end=\"1372\" data-is-last-node=\"\" data-is-only-node=\"\">El gobierno estatal reiter\u00f3 que estas iniciativas buscan <strong data-start=\"1275\" data-end=\"1341\">fortalecer la prevenci\u00f3n y mejorar la atenci\u00f3n m\u00e9dica oportuna<\/strong> en todo el territorio poblano.<\/p>\n","protected":false},"excerpt":{"rendered":"<p>Medicina general, laboratorio cl\u00ednico, atenci\u00f3n dental, electrocardiogramas, mastograf\u00edas, rayos X y m\u00e1s servicios llegaron al municipio.<\/p>\n","protected":false},"author":4,"featured_media":81429,"comment_status":"closed","ping_status":"closed","sticky":false,"template":"","format":"standard","meta":{"_crdt_document":"","_monsterinsights_skip_tracking":false,"_monsterinsights_sitenote_active":false,"_monsterinsights_sitenote_note":"","_monsterinsights_sitenote_category":0,"_uf_show_specific_survey":0,"_uf_disable_surveys":false,"footnotes":""},"categories":[585,34],"tags":[4476,237,4475,4474,4473],"class_list":["post-81428","post","type-post","status-publish","format-standard","has-post-thumbnail","hentry","category-principal","category-puebla","tag-atencion-dental","tag-jornada-de-atencion-ciudadana","tag-laboratorio-clinico","tag-medicina-general","tag-primera-semana-nacional-de-vacunacion-2026"],"yoast_head":"<!-- This site is optimized with the Yoast SEO plugin v27.3 - https:\/\/yoast.com\/product\/yoast-seo-wordpress\/ -->\n<title>Arranca en Atlixco jornada de vacunaci\u00f3n con servicios m\u00e9dicos gratuitos - Fer Abrajan<\/title>\n<meta name=\"robots\" content=\"index, follow, max-snippet:-1, max-image-preview:large, max-video-preview:-1\" \/>\n<link rel=\"canonical\" href=\"https:\/\/ferabrajan.com\/portal\/2026\/04\/24\/arranca-en-atlixco-jornada-de-vacunacion-con-servicios-medicos-gratuitos\/\" \/>\n<meta property=\"og:locale\" content=\"es_ES\" \/>\n<meta property=\"og:type\" content=\"article\" \/>\n<meta property=\"og:title\" content=\"Arranca en Atlixco jornada de vacunaci\u00f3n con servicios m\u00e9dicos gratuitos - Fer Abrajan\" \/>\n<meta property=\"og:description\" content=\"Medicina general, laboratorio cl\u00ednico, atenci\u00f3n dental, electrocardiogramas, mastograf\u00edas, rayos X y m\u00e1s servicios llegaron al municipio.\" \/>\n<meta property=\"og:url\" content=\"https:\/\/ferabrajan.com\/portal\/2026\/04\/24\/arranca-en-atlixco-jornada-de-vacunacion-con-servicios-medicos-gratuitos\/\" \/>\n<meta property=\"og:site_name\" content=\"Fer Abrajan\" \/>\n<meta property=\"article:publisher\" content=\"https:\/\/www.facebook.com\/NoticiasconFerAbrajan\/\" \/>\n<meta property=\"article:published_time\" content=\"2026-04-24T16:03:59+00:00\" \/>\n<meta property=\"og:image\" content=\"https:\/\/ferabrajan.com\/portal\/wp-content\/uploads\/2026\/04\/WhatsApp_Image_2026-04-23_at_17.25.03_1.jpeg\" \/>\n\t<meta property=\"og:image:width\" content=\"1280\" \/>\n\t<meta property=\"og:image:height\" content=\"852\" \/>\n\t<meta property=\"og:image:type\" content=\"image\/jpeg\" \/>\n<meta name=\"author\" content=\"Ismael Rojas\" \/>\n<meta name=\"twitter:card\" content=\"summary_large_image\" \/>\n<meta name=\"twitter:creator\" content=\"@ferabrajan1\" \/>\n<meta name=\"twitter:site\" content=\"@ferabrajan1\" \/>\n<meta name=\"twitter:label1\" content=\"Escrito por\" \/>\n\t<meta name=\"twitter:data1\" content=\"Ismael Rojas\" \/>\n\t<meta name=\"twitter:label2\" content=\"Tiempo de lectura\" \/>\n\t<meta name=\"twitter:data2\" content=\"2 minutos\" \/>\n<script type=\"application\/ld+json\" class=\"yoast-schema-graph\">{\"@context\":\"https:\\\/\\\/schema.org\",\"@graph\":[{\"@type\":\"Article\",\"@id\":\"https:\\\/\\\/ferabrajan.com\\\/portal\\\/2026\\\/04\\\/24\\\/arranca-en-atlixco-jornada-de-vacunacion-con-servicios-medicos-gratuitos\\\/#article\",\"isPartOf\":{\"@id\":\"https:\\\/\\\/ferabrajan.com\\\/portal\\\/2026\\\/04\\\/24\\\/arranca-en-atlixco-jornada-de-vacunacion-con-servicios-medicos-gratuitos\\\/\"},\"author\":{\"name\":\"Ismael Rojas\",\"@id\":\"https:\\\/\\\/ferabrajan.com\\\/portal\\\/#\\\/schema\\\/person\\\/83ed4fff5d7e4c8edf481fa39f71acb2\"},\"headline\":\"Arranca en Atlixco jornada de vacunaci\u00f3n con servicios m\u00e9dicos gratuitos\",\"datePublished\":\"2026-04-24T16:03:59+00:00\",\"mainEntityOfPage\":{\"@id\":\"https:\\\/\\\/ferabrajan.com\\\/portal\\\/2026\\\/04\\\/24\\\/arranca-en-atlixco-jornada-de-vacunacion-con-servicios-medicos-gratuitos\\\/\"},\"wordCount\":215,\"publisher\":{\"@id\":\"https:\\\/\\\/ferabrajan.com\\\/portal\\\/#organization\"},\"image\":{\"@id\":\"https:\\\/\\\/ferabrajan.com\\\/portal\\\/2026\\\/04\\\/24\\\/arranca-en-atlixco-jornada-de-vacunacion-con-servicios-medicos-gratuitos\\\/#primaryimage\"},\"thumbnailUrl\":\"https:\\\/\\\/ferabrajan.com\\\/portal\\\/wp-content\\\/uploads\\\/2026\\\/04\\\/WhatsApp_Image_2026-04-23_at_17.25.03_1.jpeg\",\"keywords\":[\"atenci\u00f3n dental\",\"Jornada de Atenci\u00f3n Ciudadana\",\"laboratorio cl\u00ednico\",\"medicina general\",\"Primera Semana Nacional de Vacunaci\u00f3n 2026\"],\"articleSection\":[\"Principal\",\"Puebla\"],\"inLanguage\":\"es\"},{\"@type\":\"WebPage\",\"@id\":\"https:\\\/\\\/ferabrajan.com\\\/portal\\\/2026\\\/04\\\/24\\\/arranca-en-atlixco-jornada-de-vacunacion-con-servicios-medicos-gratuitos\\\/\",\"url\":\"https:\\\/\\\/ferabrajan.com\\\/portal\\\/2026\\\/04\\\/24\\\/arranca-en-atlixco-jornada-de-vacunacion-con-servicios-medicos-gratuitos\\\/\",\"name\":\"Arranca en Atlixco jornada de vacunaci\u00f3n con servicios m\u00e9dicos gratuitos - Fer Abrajan\",\"isPartOf\":{\"@id\":\"https:\\\/\\\/ferabrajan.com\\\/portal\\\/#website\"},\"primaryImageOfPage\":{\"@id\":\"https:\\\/\\\/ferabrajan.com\\\/portal\\\/2026\\\/04\\\/24\\\/arranca-en-atlixco-jornada-de-vacunacion-con-servicios-medicos-gratuitos\\\/#primaryimage\"},\"image\":{\"@id\":\"https:\\\/\\\/ferabrajan.com\\\/portal\\\/2026\\\/04\\\/24\\\/arranca-en-atlixco-jornada-de-vacunacion-con-servicios-medicos-gratuitos\\\/#primaryimage\"},\"thumbnailUrl\":\"https:\\\/\\\/ferabrajan.com\\\/portal\\\/wp-content\\\/uploads\\\/2026\\\/04\\\/WhatsApp_Image_2026-04-23_at_17.25.03_1.jpeg\",\"datePublished\":\"2026-04-24T16:03:59+00:00\",\"breadcrumb\":{\"@id\":\"https:\\\/\\\/ferabrajan.com\\\/portal\\\/2026\\\/04\\\/24\\\/arranca-en-atlixco-jornada-de-vacunacion-con-servicios-medicos-gratuitos\\\/#breadcrumb\"},\"inLanguage\":\"es\",\"potentialAction\":[{\"@type\":\"ReadAction\",\"target\":[\"https:\\\/\\\/ferabrajan.com\\\/portal\\\/2026\\\/04\\\/24\\\/arranca-en-atlixco-jornada-de-vacunacion-con-servicios-medicos-gratuitos\\\/\"]}]},{\"@type\":\"ImageObject\",\"inLanguage\":\"es\",\"@id\":\"https:\\\/\\\/ferabrajan.com\\\/portal\\\/2026\\\/04\\\/24\\\/arranca-en-atlixco-jornada-de-vacunacion-con-servicios-medicos-gratuitos\\\/#primaryimage\",\"url\":\"https:\\\/\\\/ferabrajan.com\\\/portal\\\/wp-content\\\/uploads\\\/2026\\\/04\\\/WhatsApp_Image_2026-04-23_at_17.25.03_1.jpeg\",\"contentUrl\":\"https:\\\/\\\/ferabrajan.com\\\/portal\\\/wp-content\\\/uploads\\\/2026\\\/04\\\/WhatsApp_Image_2026-04-23_at_17.25.03_1.jpeg\",\"width\":1280,\"height\":852},{\"@type\":\"BreadcrumbList\",\"@id\":\"https:\\\/\\\/ferabrajan.com\\\/portal\\\/2026\\\/04\\\/24\\\/arranca-en-atlixco-jornada-de-vacunacion-con-servicios-medicos-gratuitos\\\/#breadcrumb\",\"itemListElement\":[{\"@type\":\"ListItem\",\"position\":1,\"name\":\"Portada\",\"item\":\"https:\\\/\\\/ferabrajan.com\\\/portal\\\/\"},{\"@type\":\"ListItem\",\"position\":2,\"name\":\"Arranca en Atlixco jornada de vacunaci\u00f3n con servicios m\u00e9dicos gratuitos\"}]},{\"@type\":\"WebSite\",\"@id\":\"https:\\\/\\\/ferabrajan.com\\\/portal\\\/#website\",\"url\":\"https:\\\/\\\/ferabrajan.com\\\/portal\\\/\",\"name\":\"Fer Abrajan\",\"description\":\"Noticias de Puebla, opini\u00f3n y radio en vivo\",\"publisher\":{\"@id\":\"https:\\\/\\\/ferabrajan.com\\\/portal\\\/#organization\"},\"potentialAction\":[{\"@type\":\"SearchAction\",\"target\":{\"@type\":\"EntryPoint\",\"urlTemplate\":\"https:\\\/\\\/ferabrajan.com\\\/portal\\\/?s={search_term_string}\"},\"query-input\":{\"@type\":\"PropertyValueSpecification\",\"valueRequired\":true,\"valueName\":\"search_term_string\"}}],\"inLanguage\":\"es\"},{\"@type\":\"Organization\",\"@id\":\"https:\\\/\\\/ferabrajan.com\\\/portal\\\/#organization\",\"name\":\"Fer Abrajan\",\"url\":\"https:\\\/\\\/ferabrajan.com\\\/portal\\\/\",\"logo\":{\"@type\":\"ImageObject\",\"inLanguage\":\"es\",\"@id\":\"https:\\\/\\\/ferabrajan.com\\\/portal\\\/#\\\/schema\\\/logo\\\/image\\\/\",\"url\":\"https:\\\/\\\/ferabrajan.com\\\/portal\\\/wp-content\\\/uploads\\\/2024\\\/10\\\/cropped-logo.jpeg\",\"contentUrl\":\"https:\\\/\\\/ferabrajan.com\\\/portal\\\/wp-content\\\/uploads\\\/2024\\\/10\\\/cropped-logo.jpeg\",\"width\":500,\"height\":250,\"caption\":\"Fer Abrajan\"},\"image\":{\"@id\":\"https:\\\/\\\/ferabrajan.com\\\/portal\\\/#\\\/schema\\\/logo\\\/image\\\/\"},\"sameAs\":[\"https:\\\/\\\/www.facebook.com\\\/NoticiasconFerAbrajan\\\/\",\"https:\\\/\\\/x.com\\\/ferabrajan1\"]},{\"@type\":\"Person\",\"@id\":\"https:\\\/\\\/ferabrajan.com\\\/portal\\\/#\\\/schema\\\/person\\\/83ed4fff5d7e4c8edf481fa39f71acb2\",\"name\":\"Ismael Rojas\",\"image\":{\"@type\":\"ImageObject\",\"inLanguage\":\"es\",\"@id\":\"https:\\\/\\\/secure.gravatar.com\\\/avatar\\\/e4a9cb58548fedeb6143fa536c79b44c34454539235177c55c5819d74963e9d6?s=96&d=mm&r=g\",\"url\":\"https:\\\/\\\/secure.gravatar.com\\\/avatar\\\/e4a9cb58548fedeb6143fa536c79b44c34454539235177c55c5819d74963e9d6?s=96&d=mm&r=g\",\"contentUrl\":\"https:\\\/\\\/secure.gravatar.com\\\/avatar\\\/e4a9cb58548fedeb6143fa536c79b44c34454539235177c55c5819d74963e9d6?s=96&d=mm&r=g\",\"caption\":\"Ismael Rojas\"},\"url\":\"https:\\\/\\\/ferabrajan.com\\\/portal\\\/author\\\/ismael\\\/\"}]}<\/script>\n<!-- \/ Yoast SEO plugin. -->","yoast_head_json":{"title":"Arranca en Atlixco jornada de vacunaci\u00f3n con servicios m\u00e9dicos gratuitos - Fer Abrajan","robots":{"index":"index","follow":"follow","max-snippet":"max-snippet:-1","max-image-preview":"max-image-preview:large","max-video-preview":"max-video-preview:-1"},"canonical":"https:\/\/ferabrajan.com\/portal\/2026\/04\/24\/arranca-en-atlixco-jornada-de-vacunacion-con-servicios-medicos-gratuitos\/","og_locale":"es_ES","og_type":"article","og_title":"Arranca en Atlixco jornada de vacunaci\u00f3n con servicios m\u00e9dicos gratuitos - Fer Abrajan","og_description":"Medicina general, laboratorio cl\u00ednico, atenci\u00f3n dental, electrocardiogramas, mastograf\u00edas, rayos X y m\u00e1s servicios llegaron al municipio.","og_url":"https:\/\/ferabrajan.com\/portal\/2026\/04\/24\/arranca-en-atlixco-jornada-de-vacunacion-con-servicios-medicos-gratuitos\/","og_site_name":"Fer Abrajan","article_publisher":"https:\/\/www.facebook.com\/NoticiasconFerAbrajan\/","article_published_time":"2026-04-24T16:03:59+00:00","og_image":[{"width":1280,"height":852,"url":"https:\/\/ferabrajan.com\/portal\/wp-content\/uploads\/2026\/04\/WhatsApp_Image_2026-04-23_at_17.25.03_1.jpeg","type":"image\/jpeg"}],"author":"Ismael Rojas","twitter_card":"summary_large_image","twitter_creator":"@ferabrajan1","twitter_site":"@ferabrajan1","twitter_misc":{"Escrito por":"Ismael Rojas","Tiempo de lectura":"2 minutos"},"schema":{"@context":"https:\/\/schema.org","@graph":[{"@type":"Article","@id":"https:\/\/ferabrajan.com\/portal\/2026\/04\/24\/arranca-en-atlixco-jornada-de-vacunacion-con-servicios-medicos-gratuitos\/#article","isPartOf":{"@id":"https:\/\/ferabrajan.com\/portal\/2026\/04\/24\/arranca-en-atlixco-jornada-de-vacunacion-con-servicios-medicos-gratuitos\/"},"author":{"name":"Ismael Rojas","@id":"https:\/\/ferabrajan.com\/portal\/#\/schema\/person\/83ed4fff5d7e4c8edf481fa39f71acb2"},"headline":"Arranca en Atlixco jornada de vacunaci\u00f3n con servicios m\u00e9dicos gratuitos","datePublished":"2026-04-24T16:03:59+00:00","mainEntityOfPage":{"@id":"https:\/\/ferabrajan.com\/portal\/2026\/04\/24\/arranca-en-atlixco-jornada-de-vacunacion-con-servicios-medicos-gratuitos\/"},"wordCount":215,"publisher":{"@id":"https:\/\/ferabrajan.com\/portal\/#organization"},"image":{"@id":"https:\/\/ferabrajan.com\/portal\/2026\/04\/24\/arranca-en-atlixco-jornada-de-vacunacion-con-servicios-medicos-gratuitos\/#primaryimage"},"thumbnailUrl":"https:\/\/ferabrajan.com\/portal\/wp-content\/uploads\/2026\/04\/WhatsApp_Image_2026-04-23_at_17.25.03_1.jpeg","keywords":["atenci\u00f3n dental","Jornada de Atenci\u00f3n Ciudadana","laboratorio cl\u00ednico","medicina general","Primera Semana Nacional de Vacunaci\u00f3n 2026"],"articleSection":["Principal","Puebla"],"inLanguage":"es"},{"@type":"WebPage","@id":"https:\/\/ferabrajan.com\/portal\/2026\/04\/24\/arranca-en-atlixco-jornada-de-vacunacion-con-servicios-medicos-gratuitos\/","url":"https:\/\/ferabrajan.com\/portal\/2026\/04\/24\/arranca-en-atlixco-jornada-de-vacunacion-con-servicios-medicos-gratuitos\/","name":"Arranca en Atlixco jornada de vacunaci\u00f3n con servicios m\u00e9dicos gratuitos - Fer Abrajan","isPartOf":{"@id":"https:\/\/ferabrajan.com\/portal\/#website"},"primaryImageOfPage":{"@id":"https:\/\/ferabrajan.com\/portal\/2026\/04\/24\/arranca-en-atlixco-jornada-de-vacunacion-con-servicios-medicos-gratuitos\/#primaryimage"},"image":{"@id":"https:\/\/ferabrajan.com\/portal\/2026\/04\/24\/arranca-en-atlixco-jornada-de-vacunacion-con-servicios-medicos-gratuitos\/#primaryimage"},"thumbnailUrl":"https:\/\/ferabrajan.com\/portal\/wp-content\/uploads\/2026\/04\/WhatsApp_Image_2026-04-23_at_17.25.03_1.jpeg","datePublished":"2026-04-24T16:03:59+00:00","breadcrumb":{"@id":"https:\/\/ferabrajan.com\/portal\/2026\/04\/24\/arranca-en-atlixco-jornada-de-vacunacion-con-servicios-medicos-gratuitos\/#breadcrumb"},"inLanguage":"es","potentialAction":[{"@type":"ReadAction","target":["https:\/\/ferabrajan.com\/portal\/2026\/04\/24\/arranca-en-atlixco-jornada-de-vacunacion-con-servicios-medicos-gratuitos\/"]}]},{"@type":"ImageObject","inLanguage":"es","@id":"https:\/\/ferabrajan.com\/portal\/2026\/04\/24\/arranca-en-atlixco-jornada-de-vacunacion-con-servicios-medicos-gratuitos\/#primaryimage","url":"https:\/\/ferabrajan.com\/portal\/wp-content\/uploads\/2026\/04\/WhatsApp_Image_2026-04-23_at_17.25.03_1.jpeg","contentUrl":"https:\/\/ferabrajan.com\/portal\/wp-content\/uploads\/2026\/04\/WhatsApp_Image_2026-04-23_at_17.25.03_1.jpeg","width":1280,"height":852},{"@type":"BreadcrumbList","@id":"https:\/\/ferabrajan.com\/portal\/2026\/04\/24\/arranca-en-atlixco-jornada-de-vacunacion-con-servicios-medicos-gratuitos\/#breadcrumb","itemListElement":[{"@type":"ListItem","position":1,"name":"Portada","item":"https:\/\/ferabrajan.com\/portal\/"},{"@type":"ListItem","position":2,"name":"Arranca en Atlixco jornada de vacunaci\u00f3n con servicios m\u00e9dicos gratuitos"}]},{"@type":"WebSite","@id":"https:\/\/ferabrajan.com\/portal\/#website","url":"https:\/\/ferabrajan.com\/portal\/","name":"Fer Abrajan","description":"Noticias de Puebla, opini\u00f3n y radio en vivo","publisher":{"@id":"https:\/\/ferabrajan.com\/portal\/#organization"},"potentialAction":[{"@type":"SearchAction","target":{"@type":"EntryPoint","urlTemplate":"https:\/\/ferabrajan.com\/portal\/?s={search_term_string}"},"query-input":{"@type":"PropertyValueSpecification","valueRequired":true,"valueName":"search_term_string"}}],"inLanguage":"es"},{"@type":"Organization","@id":"https:\/\/ferabrajan.com\/portal\/#organization","name":"Fer Abrajan","url":"https:\/\/ferabrajan.com\/portal\/","logo":{"@type":"ImageObject","inLanguage":"es","@id":"https:\/\/ferabrajan.com\/portal\/#\/schema\/logo\/image\/","url":"https:\/\/ferabrajan.com\/portal\/wp-content\/uploads\/2024\/10\/cropped-logo.jpeg","contentUrl":"https:\/\/ferabrajan.com\/portal\/wp-content\/uploads\/2024\/10\/cropped-logo.jpeg","width":500,"height":250,"caption":"Fer Abrajan"},"image":{"@id":"https:\/\/ferabrajan.com\/portal\/#\/schema\/logo\/image\/"},"sameAs":["https:\/\/www.facebook.com\/NoticiasconFerAbrajan\/","https:\/\/x.com\/ferabrajan1"]},{"@type":"Person","@id":"https:\/\/ferabrajan.com\/portal\/#\/schema\/person\/83ed4fff5d7e4c8edf481fa39f71acb2","name":"Ismael Rojas","image":{"@type":"ImageObject","inLanguage":"es","@id":"https:\/\/secure.gravatar.com\/avatar\/e4a9cb58548fedeb6143fa536c79b44c34454539235177c55c5819d74963e9d6?s=96&d=mm&r=g","url":"https:\/\/secure.gravatar.com\/avatar\/e4a9cb58548fedeb6143fa536c79b44c34454539235177c55c5819d74963e9d6?s=96&d=mm&r=g","contentUrl":"https:\/\/secure.gravatar.com\/avatar\/e4a9cb58548fedeb6143fa536c79b44c34454539235177c55c5819d74963e9d6?s=96&d=mm&r=g","caption":"Ismael Rojas"},"url":"https:\/\/ferabrajan.com\/portal\/author\/ismael\/"}]}},"_links":{"self":[{"href":"https:\/\/ferabrajan.com\/portal\/wp-json\/wp\/v2\/posts\/81428","targetHints":{"allow":["GET"]}}],"collection":[{"href":"https:\/\/ferabrajan.com\/portal\/wp-json\/wp\/v2\/posts"}],"about":[{"href":"https:\/\/ferabrajan.com\/portal\/wp-json\/wp\/v2\/types\/post"}],"author":[{"embeddable":true,"href":"https:\/\/ferabrajan.com\/portal\/wp-json\/wp\/v2\/users\/4"}],"replies":[{"embeddable":true,"href":"https:\/\/ferabrajan.com\/portal\/wp-json\/wp\/v2\/comments?post=81428"}],"version-history":[{"count":1,"href":"https:\/\/ferabrajan.com\/portal\/wp-json\/wp\/v2\/posts\/81428\/revisions"}],"predecessor-version":[{"id":81430,"href":"https:\/\/ferabrajan.com\/portal\/wp-json\/wp\/v2\/posts\/81428\/revisions\/81430"}],"wp:featuredmedia":[{"embeddable":true,"href":"https:\/\/ferabrajan.com\/portal\/wp-json\/wp\/v2\/media\/81429"}],"wp:attachment":[{"href":"https:\/\/ferabrajan.com\/portal\/wp-json\/wp\/v2\/media?parent=81428"}],"wp:term":[{"taxonomy":"category","embeddable":true,"href":"https:\/\/ferabrajan.com\/portal\/wp-json\/wp\/v2\/categories?post=81428"},{"taxonomy":"post_tag","embeddable":true,"href":"https:\/\/ferabrajan.com\/portal\/wp-json\/wp\/v2\/tags?post=81428"}],"curies":[{"name":"wp","href":"https:\/\/api.w.org\/{rel}","templated":true}]}}