{"id":81419,"date":"2026-04-24T15:54:42","date_gmt":"2026-04-24T15:54:42","guid":{"rendered":"https:\/\/ferabrajan.com\/portal\/?p=81419"},"modified":"2026-04-24T15:54:42","modified_gmt":"2026-04-24T15:54:42","slug":"invierten-211-mdp-para-rescatar-el-rio-atoyac-en-puebla","status":"publish","type":"post","link":"https:\/\/ferabrajan.com\/portal\/2026\/04\/24\/invierten-211-mdp-para-rescatar-el-rio-atoyac-en-puebla\/","title":{"rendered":"Invierten 211 mdp para rescatar el r\u00edo Atoyac en Puebla"},"content":{"rendered":"<p data-start=\"61\" data-end=\"331\"><strong data-start=\"61\" data-end=\"88\">CIUDAD DE PUEBLA, Pue.\u2013<\/strong> Con una inversi\u00f3n de <strong data-start=\"110\" data-end=\"135\">211 millones de pesos<\/strong>, los gobiernos federal y estatal impulsan un <strong data-start=\"181\" data-end=\"232\">proyecto integral de saneamiento del r\u00edo Atoyac<\/strong>, que incluye infraestructura hidr\u00e1ulica y acciones ambientales para recuperar este cuerpo de agua.<\/p>\n<p data-start=\"333\" data-end=\"610\">El gobernador <strong data-start=\"347\" data-end=\"373\">Alejandro Armenta Mier<\/strong> explic\u00f3 que el plan contempla <strong data-start=\"404\" data-end=\"454\">plantas de tratamiento, colectores y humedales<\/strong>, con intervenci\u00f3n desde el nacimiento del r\u00edo hasta el lago de Valsequillo, adem\u00e1s de beneficiar zonas agr\u00edcolas como el <strong data-start=\"576\" data-end=\"609\">distrito de riego de Tehuac\u00e1n<\/strong>.<\/p>\n<p data-start=\"612\" data-end=\"827\">De acuerdo con autoridades, el proyecto incluye la <strong data-start=\"663\" data-end=\"762\">construcci\u00f3n de una planta tratadora, nueve humedales, cuatro colectores y cuatro subcolectores<\/strong>, principalmente en la microrregi\u00f3n de <strong data-start=\"801\" data-end=\"826\">San Mart\u00edn Texmelucan<\/strong>.<\/p>\n<p data-start=\"829\" data-end=\"1067\">La secretaria de Medio Ambiente, <strong data-start=\"862\" data-end=\"890\">Mayra Orellana Caballero<\/strong>, inform\u00f3 que hasta ahora se han atendido <strong data-start=\"932\" data-end=\"968\">30 de los 109 kil\u00f3metros del r\u00edo<\/strong>, como parte de una estrategia transversal para mejorar la <strong data-start=\"1027\" data-end=\"1066\">distribuci\u00f3n y saneamiento del agua<\/strong>.<\/p>\n<p data-start=\"1069\" data-end=\"1232\">En coordinaci\u00f3n con instancias federales como <strong data-start=\"1115\" data-end=\"1137\">SEMARNAT y CONAFOR<\/strong>, el gobierno estatal refuerza acciones de <strong data-start=\"1180\" data-end=\"1218\">monitoreo y restauraci\u00f3n ambiental<\/strong> en la cuenca.<\/p>\n<p data-start=\"1234\" data-end=\"1526\">Por su parte, la titular de la <strong data-start=\"1265\" data-end=\"1276\">CEASPUE<\/strong>, <strong data-start=\"1278\" data-end=\"1308\">Rebeca Ba\u00f1uelos Guadarrama<\/strong>, detall\u00f3 que en 2025 se invirtieron <strong data-start=\"1345\" data-end=\"1388\">m\u00e1s de 60 millones de pesos adicionales<\/strong> en biodigestores y rehabilitaci\u00f3n de drenaje, adem\u00e1s de que contin\u00faa la construcci\u00f3n de una <strong data-start=\"1481\" data-end=\"1525\">planta de tratamiento en Ju\u00e1rez Coronaco<\/strong>.<\/p>\n<p data-start=\"1528\" data-end=\"1685\" data-is-last-node=\"\" data-is-only-node=\"\">El proyecto busca <strong data-start=\"1546\" data-end=\"1635\">reducir la contaminaci\u00f3n, mejorar el uso del agua y recuperar el equilibrio ambiental<\/strong> en una de las cuencas m\u00e1s importantes del estado.<\/p>\n","protected":false},"excerpt":{"rendered":"<p>En los m\u00e1rgenes del r\u00edo Atoyac a la fecha fueron atendidos los primeros 30 kil\u00f3metros de su recorrido total de 109.<\/p>\n","protected":false},"author":4,"featured_media":81420,"comment_status":"closed","ping_status":"closed","sticky":false,"template":"","format":"standard","meta":{"_crdt_document":"","_monsterinsights_skip_tracking":false,"_monsterinsights_sitenote_active":false,"_monsterinsights_sitenote_note":"","_monsterinsights_sitenote_category":0,"_uf_show_specific_survey":0,"_uf_disable_surveys":false,"footnotes":""},"categories":[585,34],"tags":[4089,1991,976],"class_list":["post-81419","post","type-post","status-publish","format-standard","has-post-thumbnail","hentry","category-principal","category-puebla","tag-alejandro-armenta-mier","tag-rio-atoyac","tag-saneamiento"],"yoast_head":"<!-- This site is optimized with the Yoast SEO plugin v27.3 - https:\/\/yoast.com\/product\/yoast-seo-wordpress\/ -->\n<title>Invierten 211 mdp para rescatar el r\u00edo Atoyac en Puebla - Fer Abrajan<\/title>\n<meta name=\"robots\" content=\"index, follow, max-snippet:-1, max-image-preview:large, max-video-preview:-1\" \/>\n<link rel=\"canonical\" href=\"https:\/\/ferabrajan.com\/portal\/2026\/04\/24\/invierten-211-mdp-para-rescatar-el-rio-atoyac-en-puebla\/\" \/>\n<meta property=\"og:locale\" content=\"es_ES\" \/>\n<meta property=\"og:type\" content=\"article\" \/>\n<meta property=\"og:title\" content=\"Invierten 211 mdp para rescatar el r\u00edo Atoyac en Puebla - Fer Abrajan\" \/>\n<meta property=\"og:description\" content=\"En los m\u00e1rgenes del r\u00edo Atoyac a la fecha fueron atendidos los primeros 30 kil\u00f3metros de su recorrido total de 109.\" \/>\n<meta property=\"og:url\" content=\"https:\/\/ferabrajan.com\/portal\/2026\/04\/24\/invierten-211-mdp-para-rescatar-el-rio-atoyac-en-puebla\/\" \/>\n<meta property=\"og:site_name\" content=\"Fer Abrajan\" \/>\n<meta property=\"article:publisher\" content=\"https:\/\/www.facebook.com\/NoticiasconFerAbrajan\/\" \/>\n<meta property=\"article:published_time\" content=\"2026-04-24T15:54:42+00:00\" \/>\n<meta property=\"og:image\" content=\"https:\/\/ferabrajan.com\/portal\/wp-content\/uploads\/2026\/04\/AA_2404_1_6.jpeg\" \/>\n\t<meta property=\"og:image:width\" content=\"1280\" \/>\n\t<meta property=\"og:image:height\" content=\"854\" \/>\n\t<meta property=\"og:image:type\" content=\"image\/jpeg\" \/>\n<meta name=\"author\" content=\"Ismael Rojas\" \/>\n<meta name=\"twitter:card\" content=\"summary_large_image\" \/>\n<meta name=\"twitter:creator\" content=\"@ferabrajan1\" \/>\n<meta name=\"twitter:site\" content=\"@ferabrajan1\" \/>\n<meta name=\"twitter:label1\" content=\"Escrito por\" \/>\n\t<meta name=\"twitter:data1\" content=\"Ismael Rojas\" \/>\n\t<meta name=\"twitter:label2\" content=\"Tiempo de lectura\" \/>\n\t<meta name=\"twitter:data2\" content=\"2 minutos\" \/>\n<script type=\"application\/ld+json\" class=\"yoast-schema-graph\">{\"@context\":\"https:\\\/\\\/schema.org\",\"@graph\":[{\"@type\":\"Article\",\"@id\":\"https:\\\/\\\/ferabrajan.com\\\/portal\\\/2026\\\/04\\\/24\\\/invierten-211-mdp-para-rescatar-el-rio-atoyac-en-puebla\\\/#article\",\"isPartOf\":{\"@id\":\"https:\\\/\\\/ferabrajan.com\\\/portal\\\/2026\\\/04\\\/24\\\/invierten-211-mdp-para-rescatar-el-rio-atoyac-en-puebla\\\/\"},\"author\":{\"name\":\"Ismael Rojas\",\"@id\":\"https:\\\/\\\/ferabrajan.com\\\/portal\\\/#\\\/schema\\\/person\\\/83ed4fff5d7e4c8edf481fa39f71acb2\"},\"headline\":\"Invierten 211 mdp para rescatar el r\u00edo Atoyac en Puebla\",\"datePublished\":\"2026-04-24T15:54:42+00:00\",\"mainEntityOfPage\":{\"@id\":\"https:\\\/\\\/ferabrajan.com\\\/portal\\\/2026\\\/04\\\/24\\\/invierten-211-mdp-para-rescatar-el-rio-atoyac-en-puebla\\\/\"},\"wordCount\":264,\"publisher\":{\"@id\":\"https:\\\/\\\/ferabrajan.com\\\/portal\\\/#organization\"},\"image\":{\"@id\":\"https:\\\/\\\/ferabrajan.com\\\/portal\\\/2026\\\/04\\\/24\\\/invierten-211-mdp-para-rescatar-el-rio-atoyac-en-puebla\\\/#primaryimage\"},\"thumbnailUrl\":\"https:\\\/\\\/ferabrajan.com\\\/portal\\\/wp-content\\\/uploads\\\/2026\\\/04\\\/AA_2404_1_6.jpeg\",\"keywords\":[\"Alejandro Armenta Mier\",\"R\u00edo Atoyac\",\"saneamiento\"],\"articleSection\":[\"Principal\",\"Puebla\"],\"inLanguage\":\"es\"},{\"@type\":\"WebPage\",\"@id\":\"https:\\\/\\\/ferabrajan.com\\\/portal\\\/2026\\\/04\\\/24\\\/invierten-211-mdp-para-rescatar-el-rio-atoyac-en-puebla\\\/\",\"url\":\"https:\\\/\\\/ferabrajan.com\\\/portal\\\/2026\\\/04\\\/24\\\/invierten-211-mdp-para-rescatar-el-rio-atoyac-en-puebla\\\/\",\"name\":\"Invierten 211 mdp para rescatar el r\u00edo Atoyac en Puebla - Fer Abrajan\",\"isPartOf\":{\"@id\":\"https:\\\/\\\/ferabrajan.com\\\/portal\\\/#website\"},\"primaryImageOfPage\":{\"@id\":\"https:\\\/\\\/ferabrajan.com\\\/portal\\\/2026\\\/04\\\/24\\\/invierten-211-mdp-para-rescatar-el-rio-atoyac-en-puebla\\\/#primaryimage\"},\"image\":{\"@id\":\"https:\\\/\\\/ferabrajan.com\\\/portal\\\/2026\\\/04\\\/24\\\/invierten-211-mdp-para-rescatar-el-rio-atoyac-en-puebla\\\/#primaryimage\"},\"thumbnailUrl\":\"https:\\\/\\\/ferabrajan.com\\\/portal\\\/wp-content\\\/uploads\\\/2026\\\/04\\\/AA_2404_1_6.jpeg\",\"datePublished\":\"2026-04-24T15:54:42+00:00\",\"breadcrumb\":{\"@id\":\"https:\\\/\\\/ferabrajan.com\\\/portal\\\/2026\\\/04\\\/24\\\/invierten-211-mdp-para-rescatar-el-rio-atoyac-en-puebla\\\/#breadcrumb\"},\"inLanguage\":\"es\",\"potentialAction\":[{\"@type\":\"ReadAction\",\"target\":[\"https:\\\/\\\/ferabrajan.com\\\/portal\\\/2026\\\/04\\\/24\\\/invierten-211-mdp-para-rescatar-el-rio-atoyac-en-puebla\\\/\"]}]},{\"@type\":\"ImageObject\",\"inLanguage\":\"es\",\"@id\":\"https:\\\/\\\/ferabrajan.com\\\/portal\\\/2026\\\/04\\\/24\\\/invierten-211-mdp-para-rescatar-el-rio-atoyac-en-puebla\\\/#primaryimage\",\"url\":\"https:\\\/\\\/ferabrajan.com\\\/portal\\\/wp-content\\\/uploads\\\/2026\\\/04\\\/AA_2404_1_6.jpeg\",\"contentUrl\":\"https:\\\/\\\/ferabrajan.com\\\/portal\\\/wp-content\\\/uploads\\\/2026\\\/04\\\/AA_2404_1_6.jpeg\",\"width\":1280,\"height\":854},{\"@type\":\"BreadcrumbList\",\"@id\":\"https:\\\/\\\/ferabrajan.com\\\/portal\\\/2026\\\/04\\\/24\\\/invierten-211-mdp-para-rescatar-el-rio-atoyac-en-puebla\\\/#breadcrumb\",\"itemListElement\":[{\"@type\":\"ListItem\",\"position\":1,\"name\":\"Portada\",\"item\":\"https:\\\/\\\/ferabrajan.com\\\/portal\\\/\"},{\"@type\":\"ListItem\",\"position\":2,\"name\":\"Invierten 211 mdp para rescatar el r\u00edo Atoyac en Puebla\"}]},{\"@type\":\"WebSite\",\"@id\":\"https:\\\/\\\/ferabrajan.com\\\/portal\\\/#website\",\"url\":\"https:\\\/\\\/ferabrajan.com\\\/portal\\\/\",\"name\":\"Fer Abrajan\",\"description\":\"Noticias de Puebla, opini\u00f3n y radio en vivo\",\"publisher\":{\"@id\":\"https:\\\/\\\/ferabrajan.com\\\/portal\\\/#organization\"},\"potentialAction\":[{\"@type\":\"SearchAction\",\"target\":{\"@type\":\"EntryPoint\",\"urlTemplate\":\"https:\\\/\\\/ferabrajan.com\\\/portal\\\/?s={search_term_string}\"},\"query-input\":{\"@type\":\"PropertyValueSpecification\",\"valueRequired\":true,\"valueName\":\"search_term_string\"}}],\"inLanguage\":\"es\"},{\"@type\":\"Organization\",\"@id\":\"https:\\\/\\\/ferabrajan.com\\\/portal\\\/#organization\",\"name\":\"Fer Abrajan\",\"url\":\"https:\\\/\\\/ferabrajan.com\\\/portal\\\/\",\"logo\":{\"@type\":\"ImageObject\",\"inLanguage\":\"es\",\"@id\":\"https:\\\/\\\/ferabrajan.com\\\/portal\\\/#\\\/schema\\\/logo\\\/image\\\/\",\"url\":\"https:\\\/\\\/ferabrajan.com\\\/portal\\\/wp-content\\\/uploads\\\/2024\\\/10\\\/cropped-logo.jpeg\",\"contentUrl\":\"https:\\\/\\\/ferabrajan.com\\\/portal\\\/wp-content\\\/uploads\\\/2024\\\/10\\\/cropped-logo.jpeg\",\"width\":500,\"height\":250,\"caption\":\"Fer Abrajan\"},\"image\":{\"@id\":\"https:\\\/\\\/ferabrajan.com\\\/portal\\\/#\\\/schema\\\/logo\\\/image\\\/\"},\"sameAs\":[\"https:\\\/\\\/www.facebook.com\\\/NoticiasconFerAbrajan\\\/\",\"https:\\\/\\\/x.com\\\/ferabrajan1\"]},{\"@type\":\"Person\",\"@id\":\"https:\\\/\\\/ferabrajan.com\\\/portal\\\/#\\\/schema\\\/person\\\/83ed4fff5d7e4c8edf481fa39f71acb2\",\"name\":\"Ismael Rojas\",\"image\":{\"@type\":\"ImageObject\",\"inLanguage\":\"es\",\"@id\":\"https:\\\/\\\/secure.gravatar.com\\\/avatar\\\/e4a9cb58548fedeb6143fa536c79b44c34454539235177c55c5819d74963e9d6?s=96&d=mm&r=g\",\"url\":\"https:\\\/\\\/secure.gravatar.com\\\/avatar\\\/e4a9cb58548fedeb6143fa536c79b44c34454539235177c55c5819d74963e9d6?s=96&d=mm&r=g\",\"contentUrl\":\"https:\\\/\\\/secure.gravatar.com\\\/avatar\\\/e4a9cb58548fedeb6143fa536c79b44c34454539235177c55c5819d74963e9d6?s=96&d=mm&r=g\",\"caption\":\"Ismael Rojas\"},\"url\":\"https:\\\/\\\/ferabrajan.com\\\/portal\\\/author\\\/ismael\\\/\"}]}<\/script>\n<!-- \/ Yoast SEO plugin. -->","yoast_head_json":{"title":"Invierten 211 mdp para rescatar el r\u00edo Atoyac en Puebla - Fer Abrajan","robots":{"index":"index","follow":"follow","max-snippet":"max-snippet:-1","max-image-preview":"max-image-preview:large","max-video-preview":"max-video-preview:-1"},"canonical":"https:\/\/ferabrajan.com\/portal\/2026\/04\/24\/invierten-211-mdp-para-rescatar-el-rio-atoyac-en-puebla\/","og_locale":"es_ES","og_type":"article","og_title":"Invierten 211 mdp para rescatar el r\u00edo Atoyac en Puebla - Fer Abrajan","og_description":"En los m\u00e1rgenes del r\u00edo Atoyac a la fecha fueron atendidos los primeros 30 kil\u00f3metros de su recorrido total de 109.","og_url":"https:\/\/ferabrajan.com\/portal\/2026\/04\/24\/invierten-211-mdp-para-rescatar-el-rio-atoyac-en-puebla\/","og_site_name":"Fer Abrajan","article_publisher":"https:\/\/www.facebook.com\/NoticiasconFerAbrajan\/","article_published_time":"2026-04-24T15:54:42+00:00","og_image":[{"width":1280,"height":854,"url":"https:\/\/ferabrajan.com\/portal\/wp-content\/uploads\/2026\/04\/AA_2404_1_6.jpeg","type":"image\/jpeg"}],"author":"Ismael Rojas","twitter_card":"summary_large_image","twitter_creator":"@ferabrajan1","twitter_site":"@ferabrajan1","twitter_misc":{"Escrito por":"Ismael Rojas","Tiempo de lectura":"2 minutos"},"schema":{"@context":"https:\/\/schema.org","@graph":[{"@type":"Article","@id":"https:\/\/ferabrajan.com\/portal\/2026\/04\/24\/invierten-211-mdp-para-rescatar-el-rio-atoyac-en-puebla\/#article","isPartOf":{"@id":"https:\/\/ferabrajan.com\/portal\/2026\/04\/24\/invierten-211-mdp-para-rescatar-el-rio-atoyac-en-puebla\/"},"author":{"name":"Ismael Rojas","@id":"https:\/\/ferabrajan.com\/portal\/#\/schema\/person\/83ed4fff5d7e4c8edf481fa39f71acb2"},"headline":"Invierten 211 mdp para rescatar el r\u00edo Atoyac en Puebla","datePublished":"2026-04-24T15:54:42+00:00","mainEntityOfPage":{"@id":"https:\/\/ferabrajan.com\/portal\/2026\/04\/24\/invierten-211-mdp-para-rescatar-el-rio-atoyac-en-puebla\/"},"wordCount":264,"publisher":{"@id":"https:\/\/ferabrajan.com\/portal\/#organization"},"image":{"@id":"https:\/\/ferabrajan.com\/portal\/2026\/04\/24\/invierten-211-mdp-para-rescatar-el-rio-atoyac-en-puebla\/#primaryimage"},"thumbnailUrl":"https:\/\/ferabrajan.com\/portal\/wp-content\/uploads\/2026\/04\/AA_2404_1_6.jpeg","keywords":["Alejandro Armenta Mier","R\u00edo Atoyac","saneamiento"],"articleSection":["Principal","Puebla"],"inLanguage":"es"},{"@type":"WebPage","@id":"https:\/\/ferabrajan.com\/portal\/2026\/04\/24\/invierten-211-mdp-para-rescatar-el-rio-atoyac-en-puebla\/","url":"https:\/\/ferabrajan.com\/portal\/2026\/04\/24\/invierten-211-mdp-para-rescatar-el-rio-atoyac-en-puebla\/","name":"Invierten 211 mdp para rescatar el r\u00edo Atoyac en Puebla - Fer Abrajan","isPartOf":{"@id":"https:\/\/ferabrajan.com\/portal\/#website"},"primaryImageOfPage":{"@id":"https:\/\/ferabrajan.com\/portal\/2026\/04\/24\/invierten-211-mdp-para-rescatar-el-rio-atoyac-en-puebla\/#primaryimage"},"image":{"@id":"https:\/\/ferabrajan.com\/portal\/2026\/04\/24\/invierten-211-mdp-para-rescatar-el-rio-atoyac-en-puebla\/#primaryimage"},"thumbnailUrl":"https:\/\/ferabrajan.com\/portal\/wp-content\/uploads\/2026\/04\/AA_2404_1_6.jpeg","datePublished":"2026-04-24T15:54:42+00:00","breadcrumb":{"@id":"https:\/\/ferabrajan.com\/portal\/2026\/04\/24\/invierten-211-mdp-para-rescatar-el-rio-atoyac-en-puebla\/#breadcrumb"},"inLanguage":"es","potentialAction":[{"@type":"ReadAction","target":["https:\/\/ferabrajan.com\/portal\/2026\/04\/24\/invierten-211-mdp-para-rescatar-el-rio-atoyac-en-puebla\/"]}]},{"@type":"ImageObject","inLanguage":"es","@id":"https:\/\/ferabrajan.com\/portal\/2026\/04\/24\/invierten-211-mdp-para-rescatar-el-rio-atoyac-en-puebla\/#primaryimage","url":"https:\/\/ferabrajan.com\/portal\/wp-content\/uploads\/2026\/04\/AA_2404_1_6.jpeg","contentUrl":"https:\/\/ferabrajan.com\/portal\/wp-content\/uploads\/2026\/04\/AA_2404_1_6.jpeg","width":1280,"height":854},{"@type":"BreadcrumbList","@id":"https:\/\/ferabrajan.com\/portal\/2026\/04\/24\/invierten-211-mdp-para-rescatar-el-rio-atoyac-en-puebla\/#breadcrumb","itemListElement":[{"@type":"ListItem","position":1,"name":"Portada","item":"https:\/\/ferabrajan.com\/portal\/"},{"@type":"ListItem","position":2,"name":"Invierten 211 mdp para rescatar el r\u00edo Atoyac en Puebla"}]},{"@type":"WebSite","@id":"https:\/\/ferabrajan.com\/portal\/#website","url":"https:\/\/ferabrajan.com\/portal\/","name":"Fer Abrajan","description":"Noticias de Puebla, opini\u00f3n y radio en vivo","publisher":{"@id":"https:\/\/ferabrajan.com\/portal\/#organization"},"potentialAction":[{"@type":"SearchAction","target":{"@type":"EntryPoint","urlTemplate":"https:\/\/ferabrajan.com\/portal\/?s={search_term_string}"},"query-input":{"@type":"PropertyValueSpecification","valueRequired":true,"valueName":"search_term_string"}}],"inLanguage":"es"},{"@type":"Organization","@id":"https:\/\/ferabrajan.com\/portal\/#organization","name":"Fer Abrajan","url":"https:\/\/ferabrajan.com\/portal\/","logo":{"@type":"ImageObject","inLanguage":"es","@id":"https:\/\/ferabrajan.com\/portal\/#\/schema\/logo\/image\/","url":"https:\/\/ferabrajan.com\/portal\/wp-content\/uploads\/2024\/10\/cropped-logo.jpeg","contentUrl":"https:\/\/ferabrajan.com\/portal\/wp-content\/uploads\/2024\/10\/cropped-logo.jpeg","width":500,"height":250,"caption":"Fer Abrajan"},"image":{"@id":"https:\/\/ferabrajan.com\/portal\/#\/schema\/logo\/image\/"},"sameAs":["https:\/\/www.facebook.com\/NoticiasconFerAbrajan\/","https:\/\/x.com\/ferabrajan1"]},{"@type":"Person","@id":"https:\/\/ferabrajan.com\/portal\/#\/schema\/person\/83ed4fff5d7e4c8edf481fa39f71acb2","name":"Ismael Rojas","image":{"@type":"ImageObject","inLanguage":"es","@id":"https:\/\/secure.gravatar.com\/avatar\/e4a9cb58548fedeb6143fa536c79b44c34454539235177c55c5819d74963e9d6?s=96&d=mm&r=g","url":"https:\/\/secure.gravatar.com\/avatar\/e4a9cb58548fedeb6143fa536c79b44c34454539235177c55c5819d74963e9d6?s=96&d=mm&r=g","contentUrl":"https:\/\/secure.gravatar.com\/avatar\/e4a9cb58548fedeb6143fa536c79b44c34454539235177c55c5819d74963e9d6?s=96&d=mm&r=g","caption":"Ismael Rojas"},"url":"https:\/\/ferabrajan.com\/portal\/author\/ismael\/"}]}},"_links":{"self":[{"href":"https:\/\/ferabrajan.com\/portal\/wp-json\/wp\/v2\/posts\/81419","targetHints":{"allow":["GET"]}}],"collection":[{"href":"https:\/\/ferabrajan.com\/portal\/wp-json\/wp\/v2\/posts"}],"about":[{"href":"https:\/\/ferabrajan.com\/portal\/wp-json\/wp\/v2\/types\/post"}],"author":[{"embeddable":true,"href":"https:\/\/ferabrajan.com\/portal\/wp-json\/wp\/v2\/users\/4"}],"replies":[{"embeddable":true,"href":"https:\/\/ferabrajan.com\/portal\/wp-json\/wp\/v2\/comments?post=81419"}],"version-history":[{"count":1,"href":"https:\/\/ferabrajan.com\/portal\/wp-json\/wp\/v2\/posts\/81419\/revisions"}],"predecessor-version":[{"id":81421,"href":"https:\/\/ferabrajan.com\/portal\/wp-json\/wp\/v2\/posts\/81419\/revisions\/81421"}],"wp:featuredmedia":[{"embeddable":true,"href":"https:\/\/ferabrajan.com\/portal\/wp-json\/wp\/v2\/media\/81420"}],"wp:attachment":[{"href":"https:\/\/ferabrajan.com\/portal\/wp-json\/wp\/v2\/media?parent=81419"}],"wp:term":[{"taxonomy":"category","embeddable":true,"href":"https:\/\/ferabrajan.com\/portal\/wp-json\/wp\/v2\/categories?post=81419"},{"taxonomy":"post_tag","embeddable":true,"href":"https:\/\/ferabrajan.com\/portal\/wp-json\/wp\/v2\/tags?post=81419"}],"curies":[{"name":"wp","href":"https:\/\/api.w.org\/{rel}","templated":true}]}}