{"id":81310,"date":"2026-04-20T15:46:47","date_gmt":"2026-04-20T15:46:47","guid":{"rendered":"https:\/\/ferabrajan.com\/portal\/?p=81310"},"modified":"2026-04-20T15:46:47","modified_gmt":"2026-04-20T15:46:47","slug":"lanzan-programa-para-regularizar-predios-sin-registro-en-puebla","status":"publish","type":"post","link":"https:\/\/ferabrajan.com\/portal\/2026\/04\/20\/lanzan-programa-para-regularizar-predios-sin-registro-en-puebla\/","title":{"rendered":"Lanzan programa para regularizar predios sin registro en Puebla"},"content":{"rendered":"<p data-start=\"69\" data-end=\"433\">El Gobierno de <span class=\"hover:entity-accent entity-underline inline cursor-pointer align-baseline\"><span class=\"whitespace-normal\">Puebla<\/span><\/span> puso en marcha un <strong data-start=\"140\" data-end=\"212\">programa de regularizaci\u00f3n de predios r\u00fasticos, urbanos y suburbanos<\/strong>, dirigido a personas que <strong data-start=\"238\" data-end=\"307\">no cuentan con inscripci\u00f3n en el Registro P\u00fablico de la Propiedad<\/strong>, inform\u00f3 <strong data-start=\"317\" data-end=\"345\">Paola Mayte Gorzo Lozada<\/strong>, directora de Tenencia de la Tierra y Poblaci\u00f3n, en entrevista para el Informativo NTR.<\/p>\n<p data-start=\"435\" data-end=\"731\">La funcionaria explic\u00f3 que el programa, activo desde el <strong data-start=\"491\" data-end=\"506\">17 de abril<\/strong>, busca otorgar <strong data-start=\"522\" data-end=\"542\">certeza jur\u00eddica<\/strong> a quienes poseen inmuebles sin registro, siempre que sean de <strong data-start=\"604\" data-end=\"625\">modalidad privada<\/strong>, ya que quedan excluidos terrenos ejidales, zonas de riesgo o propiedades que superen el valor permitido.<\/p>\n<p data-start=\"733\" data-end=\"915\">Detall\u00f3 que las primeras ventanillas se instalaron en <span class=\"hover:entity-accent entity-underline inline cursor-pointer align-baseline\"><span class=\"whitespace-normal\">Tecali de Herrera<\/span><\/span> y que el esquema ya opera mediante convenios con <strong data-start=\"874\" data-end=\"903\">214 de los 217 municipios<\/strong> del estado.<\/p>\n<p data-start=\"917\" data-end=\"1196\">Entre los beneficios, destac\u00f3 que el tr\u00e1mite tiene un <strong data-start=\"971\" data-end=\"990\">costo accesible<\/strong>, con un monto m\u00e1ximo aproximado de <strong data-start=\"1026\" data-end=\"1045\">3 mil 220 pesos<\/strong> para el levantamiento t\u00e9cnico en municipios centralizados, lo que representa una alternativa m\u00e1s econ\u00f3mica frente a procesos notariales tradicionales.<\/p>\n<p data-start=\"1198\" data-end=\"1388\">Para iniciar el proceso, las y los interesados deben presentar <strong data-start=\"1261\" data-end=\"1349\">acta de nacimiento, credencial de elector, croquis del predio, datos de colindancias<\/strong> y, en su caso, <strong data-start=\"1365\" data-end=\"1387\">acta de matrimonio<\/strong>.<\/p>\n<p data-start=\"1390\" data-end=\"1627\" data-is-last-node=\"\" data-is-only-node=\"\">Gorzo Lozada subray\u00f3 que se trata de un <strong data-start=\"1430\" data-end=\"1471\">tr\u00e1mite personal y sin intermediarios<\/strong>, por lo que la atenci\u00f3n se brinda directamente en las ventanillas municipales, con el objetivo de evitar gestores y garantizar transparencia en el proceso.<\/p>\n","protected":false},"excerpt":{"rendered":"<p>el programa, activo desde el 17 de abril, busca otorgar certeza jur\u00eddica a quienes poseen inmuebles sin registro<\/p>\n","protected":false},"author":1,"featured_media":81311,"comment_status":"closed","ping_status":"closed","sticky":false,"template":"","format":"standard","meta":{"_monsterinsights_skip_tracking":false,"_uf_show_specific_survey":0,"_uf_disable_surveys":false,"footnotes":""},"categories":[585,34],"tags":[110,4437,4439,4438],"class_list":["post-81310","post","type-post","status-publish","format-standard","has-post-thumbnail","hentry","category-principal","category-puebla","tag-predios-rusticos","tag-programa-de-regularizacion","tag-suburbanos","tag-urbanos"],"yoast_head":"<!-- This site is optimized with the Yoast SEO plugin v27.5 - https:\/\/yoast.com\/product\/yoast-seo-wordpress\/ -->\n<title>Lanzan programa para regularizar predios sin registro en Puebla - Fer Abrajan<\/title>\n<meta name=\"robots\" content=\"index, follow, max-snippet:-1, max-image-preview:large, max-video-preview:-1\" \/>\n<link rel=\"canonical\" href=\"https:\/\/ferabrajan.com\/portal\/2026\/04\/20\/lanzan-programa-para-regularizar-predios-sin-registro-en-puebla\/\" \/>\n<meta property=\"og:locale\" content=\"es_ES\" \/>\n<meta property=\"og:type\" content=\"article\" \/>\n<meta property=\"og:title\" content=\"Lanzan programa para regularizar predios sin registro en Puebla - Fer Abrajan\" \/>\n<meta property=\"og:description\" content=\"el programa, activo desde el 17 de abril, busca otorgar certeza jur\u00eddica a quienes poseen inmuebles sin registro\" \/>\n<meta property=\"og:url\" content=\"https:\/\/ferabrajan.com\/portal\/2026\/04\/20\/lanzan-programa-para-regularizar-predios-sin-registro-en-puebla\/\" \/>\n<meta property=\"og:site_name\" content=\"Fer Abrajan\" \/>\n<meta property=\"article:publisher\" content=\"https:\/\/www.facebook.com\/NoticiasconFerAbrajan\/\" \/>\n<meta property=\"article:published_time\" content=\"2026-04-20T15:46:47+00:00\" \/>\n<meta property=\"og:image\" content=\"https:\/\/ferabrajan.com\/portal\/wp-content\/uploads\/2026\/04\/Captura-de-pantalla_20-4-2026_94411_www.facebook.com_.jpeg\" \/>\n\t<meta property=\"og:image:width\" content=\"1424\" \/>\n\t<meta property=\"og:image:height\" content=\"833\" \/>\n\t<meta property=\"og:image:type\" content=\"image\/jpeg\" \/>\n<meta name=\"author\" content=\"admin\" \/>\n<meta name=\"twitter:card\" content=\"summary_large_image\" \/>\n<meta name=\"twitter:creator\" content=\"@ferabrajan1\" \/>\n<meta name=\"twitter:site\" content=\"@ferabrajan1\" \/>\n<meta name=\"twitter:label1\" content=\"Escrito por\" \/>\n\t<meta name=\"twitter:data1\" content=\"admin\" \/>\n\t<meta name=\"twitter:label2\" content=\"Tiempo de lectura\" \/>\n\t<meta name=\"twitter:data2\" content=\"2 minutos\" \/>\n<script type=\"application\/ld+json\" class=\"yoast-schema-graph\">{\"@context\":\"https:\\\/\\\/schema.org\",\"@graph\":[{\"@type\":\"Article\",\"@id\":\"https:\\\/\\\/ferabrajan.com\\\/portal\\\/2026\\\/04\\\/20\\\/lanzan-programa-para-regularizar-predios-sin-registro-en-puebla\\\/#article\",\"isPartOf\":{\"@id\":\"https:\\\/\\\/ferabrajan.com\\\/portal\\\/2026\\\/04\\\/20\\\/lanzan-programa-para-regularizar-predios-sin-registro-en-puebla\\\/\"},\"author\":{\"name\":\"admin\",\"@id\":\"https:\\\/\\\/ferabrajan.com\\\/portal\\\/#\\\/schema\\\/person\\\/f6113b3cb1e036d5c6a9505685b257ba\"},\"headline\":\"Lanzan programa para regularizar predios sin registro en Puebla\",\"datePublished\":\"2026-04-20T15:46:47+00:00\",\"mainEntityOfPage\":{\"@id\":\"https:\\\/\\\/ferabrajan.com\\\/portal\\\/2026\\\/04\\\/20\\\/lanzan-programa-para-regularizar-predios-sin-registro-en-puebla\\\/\"},\"wordCount\":245,\"publisher\":{\"@id\":\"https:\\\/\\\/ferabrajan.com\\\/portal\\\/#organization\"},\"image\":{\"@id\":\"https:\\\/\\\/ferabrajan.com\\\/portal\\\/2026\\\/04\\\/20\\\/lanzan-programa-para-regularizar-predios-sin-registro-en-puebla\\\/#primaryimage\"},\"thumbnailUrl\":\"https:\\\/\\\/ferabrajan.com\\\/portal\\\/wp-content\\\/uploads\\\/2026\\\/04\\\/Captura-de-pantalla_20-4-2026_94411_www.facebook.com_.jpeg\",\"keywords\":[\"Predios r\u00fasticos\",\"programa de regularizaci\u00f3n\",\"suburbanos\",\"urbanos\"],\"articleSection\":[\"Principal\",\"Puebla\"],\"inLanguage\":\"es\"},{\"@type\":\"WebPage\",\"@id\":\"https:\\\/\\\/ferabrajan.com\\\/portal\\\/2026\\\/04\\\/20\\\/lanzan-programa-para-regularizar-predios-sin-registro-en-puebla\\\/\",\"url\":\"https:\\\/\\\/ferabrajan.com\\\/portal\\\/2026\\\/04\\\/20\\\/lanzan-programa-para-regularizar-predios-sin-registro-en-puebla\\\/\",\"name\":\"Lanzan programa para regularizar predios sin registro en Puebla - Fer Abrajan\",\"isPartOf\":{\"@id\":\"https:\\\/\\\/ferabrajan.com\\\/portal\\\/#website\"},\"primaryImageOfPage\":{\"@id\":\"https:\\\/\\\/ferabrajan.com\\\/portal\\\/2026\\\/04\\\/20\\\/lanzan-programa-para-regularizar-predios-sin-registro-en-puebla\\\/#primaryimage\"},\"image\":{\"@id\":\"https:\\\/\\\/ferabrajan.com\\\/portal\\\/2026\\\/04\\\/20\\\/lanzan-programa-para-regularizar-predios-sin-registro-en-puebla\\\/#primaryimage\"},\"thumbnailUrl\":\"https:\\\/\\\/ferabrajan.com\\\/portal\\\/wp-content\\\/uploads\\\/2026\\\/04\\\/Captura-de-pantalla_20-4-2026_94411_www.facebook.com_.jpeg\",\"datePublished\":\"2026-04-20T15:46:47+00:00\",\"breadcrumb\":{\"@id\":\"https:\\\/\\\/ferabrajan.com\\\/portal\\\/2026\\\/04\\\/20\\\/lanzan-programa-para-regularizar-predios-sin-registro-en-puebla\\\/#breadcrumb\"},\"inLanguage\":\"es\",\"potentialAction\":[{\"@type\":\"ReadAction\",\"target\":[\"https:\\\/\\\/ferabrajan.com\\\/portal\\\/2026\\\/04\\\/20\\\/lanzan-programa-para-regularizar-predios-sin-registro-en-puebla\\\/\"]}]},{\"@type\":\"ImageObject\",\"inLanguage\":\"es\",\"@id\":\"https:\\\/\\\/ferabrajan.com\\\/portal\\\/2026\\\/04\\\/20\\\/lanzan-programa-para-regularizar-predios-sin-registro-en-puebla\\\/#primaryimage\",\"url\":\"https:\\\/\\\/ferabrajan.com\\\/portal\\\/wp-content\\\/uploads\\\/2026\\\/04\\\/Captura-de-pantalla_20-4-2026_94411_www.facebook.com_.jpeg\",\"contentUrl\":\"https:\\\/\\\/ferabrajan.com\\\/portal\\\/wp-content\\\/uploads\\\/2026\\\/04\\\/Captura-de-pantalla_20-4-2026_94411_www.facebook.com_.jpeg\",\"width\":1424,\"height\":833},{\"@type\":\"BreadcrumbList\",\"@id\":\"https:\\\/\\\/ferabrajan.com\\\/portal\\\/2026\\\/04\\\/20\\\/lanzan-programa-para-regularizar-predios-sin-registro-en-puebla\\\/#breadcrumb\",\"itemListElement\":[{\"@type\":\"ListItem\",\"position\":1,\"name\":\"Portada\",\"item\":\"https:\\\/\\\/ferabrajan.com\\\/portal\\\/\"},{\"@type\":\"ListItem\",\"position\":2,\"name\":\"Lanzan programa para regularizar predios sin registro en Puebla\"}]},{\"@type\":\"WebSite\",\"@id\":\"https:\\\/\\\/ferabrajan.com\\\/portal\\\/#website\",\"url\":\"https:\\\/\\\/ferabrajan.com\\\/portal\\\/\",\"name\":\"Fer Abrajan\",\"description\":\"Noticias de Puebla, opini\u00f3n y radio en vivo\",\"publisher\":{\"@id\":\"https:\\\/\\\/ferabrajan.com\\\/portal\\\/#organization\"},\"potentialAction\":[{\"@type\":\"SearchAction\",\"target\":{\"@type\":\"EntryPoint\",\"urlTemplate\":\"https:\\\/\\\/ferabrajan.com\\\/portal\\\/?s={search_term_string}\"},\"query-input\":{\"@type\":\"PropertyValueSpecification\",\"valueRequired\":true,\"valueName\":\"search_term_string\"}}],\"inLanguage\":\"es\"},{\"@type\":\"Organization\",\"@id\":\"https:\\\/\\\/ferabrajan.com\\\/portal\\\/#organization\",\"name\":\"Fer Abrajan\",\"url\":\"https:\\\/\\\/ferabrajan.com\\\/portal\\\/\",\"logo\":{\"@type\":\"ImageObject\",\"inLanguage\":\"es\",\"@id\":\"https:\\\/\\\/ferabrajan.com\\\/portal\\\/#\\\/schema\\\/logo\\\/image\\\/\",\"url\":\"https:\\\/\\\/ferabrajan.com\\\/portal\\\/wp-content\\\/uploads\\\/2024\\\/10\\\/cropped-logo.jpeg\",\"contentUrl\":\"https:\\\/\\\/ferabrajan.com\\\/portal\\\/wp-content\\\/uploads\\\/2024\\\/10\\\/cropped-logo.jpeg\",\"width\":500,\"height\":250,\"caption\":\"Fer Abrajan\"},\"image\":{\"@id\":\"https:\\\/\\\/ferabrajan.com\\\/portal\\\/#\\\/schema\\\/logo\\\/image\\\/\"},\"sameAs\":[\"https:\\\/\\\/www.facebook.com\\\/NoticiasconFerAbrajan\\\/\",\"https:\\\/\\\/x.com\\\/ferabrajan1\"]},{\"@type\":\"Person\",\"@id\":\"https:\\\/\\\/ferabrajan.com\\\/portal\\\/#\\\/schema\\\/person\\\/f6113b3cb1e036d5c6a9505685b257ba\",\"name\":\"admin\",\"image\":{\"@type\":\"ImageObject\",\"inLanguage\":\"es\",\"@id\":\"https:\\\/\\\/secure.gravatar.com\\\/avatar\\\/072baa72775aad53c748dfc5d3048578e01b6c087eef335459ebfa04344e2d18?s=96&d=mm&r=g\",\"url\":\"https:\\\/\\\/secure.gravatar.com\\\/avatar\\\/072baa72775aad53c748dfc5d3048578e01b6c087eef335459ebfa04344e2d18?s=96&d=mm&r=g\",\"contentUrl\":\"https:\\\/\\\/secure.gravatar.com\\\/avatar\\\/072baa72775aad53c748dfc5d3048578e01b6c087eef335459ebfa04344e2d18?s=96&d=mm&r=g\",\"caption\":\"admin\"},\"sameAs\":[\"https:\\\/\\\/ferabrajan.com\\\/portal\"],\"url\":\"https:\\\/\\\/ferabrajan.com\\\/portal\\\/author\\\/admin\\\/\"}]}<\/script>\n<!-- \/ Yoast SEO plugin. -->","yoast_head_json":{"title":"Lanzan programa para regularizar predios sin registro en Puebla - Fer Abrajan","robots":{"index":"index","follow":"follow","max-snippet":"max-snippet:-1","max-image-preview":"max-image-preview:large","max-video-preview":"max-video-preview:-1"},"canonical":"https:\/\/ferabrajan.com\/portal\/2026\/04\/20\/lanzan-programa-para-regularizar-predios-sin-registro-en-puebla\/","og_locale":"es_ES","og_type":"article","og_title":"Lanzan programa para regularizar predios sin registro en Puebla - Fer Abrajan","og_description":"el programa, activo desde el 17 de abril, busca otorgar certeza jur\u00eddica a quienes poseen inmuebles sin registro","og_url":"https:\/\/ferabrajan.com\/portal\/2026\/04\/20\/lanzan-programa-para-regularizar-predios-sin-registro-en-puebla\/","og_site_name":"Fer Abrajan","article_publisher":"https:\/\/www.facebook.com\/NoticiasconFerAbrajan\/","article_published_time":"2026-04-20T15:46:47+00:00","og_image":[{"width":1424,"height":833,"url":"https:\/\/ferabrajan.com\/portal\/wp-content\/uploads\/2026\/04\/Captura-de-pantalla_20-4-2026_94411_www.facebook.com_.jpeg","type":"image\/jpeg"}],"author":"admin","twitter_card":"summary_large_image","twitter_creator":"@ferabrajan1","twitter_site":"@ferabrajan1","twitter_misc":{"Escrito por":"admin","Tiempo de lectura":"2 minutos"},"schema":{"@context":"https:\/\/schema.org","@graph":[{"@type":"Article","@id":"https:\/\/ferabrajan.com\/portal\/2026\/04\/20\/lanzan-programa-para-regularizar-predios-sin-registro-en-puebla\/#article","isPartOf":{"@id":"https:\/\/ferabrajan.com\/portal\/2026\/04\/20\/lanzan-programa-para-regularizar-predios-sin-registro-en-puebla\/"},"author":{"name":"admin","@id":"https:\/\/ferabrajan.com\/portal\/#\/schema\/person\/f6113b3cb1e036d5c6a9505685b257ba"},"headline":"Lanzan programa para regularizar predios sin registro en Puebla","datePublished":"2026-04-20T15:46:47+00:00","mainEntityOfPage":{"@id":"https:\/\/ferabrajan.com\/portal\/2026\/04\/20\/lanzan-programa-para-regularizar-predios-sin-registro-en-puebla\/"},"wordCount":245,"publisher":{"@id":"https:\/\/ferabrajan.com\/portal\/#organization"},"image":{"@id":"https:\/\/ferabrajan.com\/portal\/2026\/04\/20\/lanzan-programa-para-regularizar-predios-sin-registro-en-puebla\/#primaryimage"},"thumbnailUrl":"https:\/\/ferabrajan.com\/portal\/wp-content\/uploads\/2026\/04\/Captura-de-pantalla_20-4-2026_94411_www.facebook.com_.jpeg","keywords":["Predios r\u00fasticos","programa de regularizaci\u00f3n","suburbanos","urbanos"],"articleSection":["Principal","Puebla"],"inLanguage":"es"},{"@type":"WebPage","@id":"https:\/\/ferabrajan.com\/portal\/2026\/04\/20\/lanzan-programa-para-regularizar-predios-sin-registro-en-puebla\/","url":"https:\/\/ferabrajan.com\/portal\/2026\/04\/20\/lanzan-programa-para-regularizar-predios-sin-registro-en-puebla\/","name":"Lanzan programa para regularizar predios sin registro en Puebla - Fer Abrajan","isPartOf":{"@id":"https:\/\/ferabrajan.com\/portal\/#website"},"primaryImageOfPage":{"@id":"https:\/\/ferabrajan.com\/portal\/2026\/04\/20\/lanzan-programa-para-regularizar-predios-sin-registro-en-puebla\/#primaryimage"},"image":{"@id":"https:\/\/ferabrajan.com\/portal\/2026\/04\/20\/lanzan-programa-para-regularizar-predios-sin-registro-en-puebla\/#primaryimage"},"thumbnailUrl":"https:\/\/ferabrajan.com\/portal\/wp-content\/uploads\/2026\/04\/Captura-de-pantalla_20-4-2026_94411_www.facebook.com_.jpeg","datePublished":"2026-04-20T15:46:47+00:00","breadcrumb":{"@id":"https:\/\/ferabrajan.com\/portal\/2026\/04\/20\/lanzan-programa-para-regularizar-predios-sin-registro-en-puebla\/#breadcrumb"},"inLanguage":"es","potentialAction":[{"@type":"ReadAction","target":["https:\/\/ferabrajan.com\/portal\/2026\/04\/20\/lanzan-programa-para-regularizar-predios-sin-registro-en-puebla\/"]}]},{"@type":"ImageObject","inLanguage":"es","@id":"https:\/\/ferabrajan.com\/portal\/2026\/04\/20\/lanzan-programa-para-regularizar-predios-sin-registro-en-puebla\/#primaryimage","url":"https:\/\/ferabrajan.com\/portal\/wp-content\/uploads\/2026\/04\/Captura-de-pantalla_20-4-2026_94411_www.facebook.com_.jpeg","contentUrl":"https:\/\/ferabrajan.com\/portal\/wp-content\/uploads\/2026\/04\/Captura-de-pantalla_20-4-2026_94411_www.facebook.com_.jpeg","width":1424,"height":833},{"@type":"BreadcrumbList","@id":"https:\/\/ferabrajan.com\/portal\/2026\/04\/20\/lanzan-programa-para-regularizar-predios-sin-registro-en-puebla\/#breadcrumb","itemListElement":[{"@type":"ListItem","position":1,"name":"Portada","item":"https:\/\/ferabrajan.com\/portal\/"},{"@type":"ListItem","position":2,"name":"Lanzan programa para regularizar predios sin registro en Puebla"}]},{"@type":"WebSite","@id":"https:\/\/ferabrajan.com\/portal\/#website","url":"https:\/\/ferabrajan.com\/portal\/","name":"Fer Abrajan","description":"Noticias de Puebla, opini\u00f3n y radio en vivo","publisher":{"@id":"https:\/\/ferabrajan.com\/portal\/#organization"},"potentialAction":[{"@type":"SearchAction","target":{"@type":"EntryPoint","urlTemplate":"https:\/\/ferabrajan.com\/portal\/?s={search_term_string}"},"query-input":{"@type":"PropertyValueSpecification","valueRequired":true,"valueName":"search_term_string"}}],"inLanguage":"es"},{"@type":"Organization","@id":"https:\/\/ferabrajan.com\/portal\/#organization","name":"Fer Abrajan","url":"https:\/\/ferabrajan.com\/portal\/","logo":{"@type":"ImageObject","inLanguage":"es","@id":"https:\/\/ferabrajan.com\/portal\/#\/schema\/logo\/image\/","url":"https:\/\/ferabrajan.com\/portal\/wp-content\/uploads\/2024\/10\/cropped-logo.jpeg","contentUrl":"https:\/\/ferabrajan.com\/portal\/wp-content\/uploads\/2024\/10\/cropped-logo.jpeg","width":500,"height":250,"caption":"Fer Abrajan"},"image":{"@id":"https:\/\/ferabrajan.com\/portal\/#\/schema\/logo\/image\/"},"sameAs":["https:\/\/www.facebook.com\/NoticiasconFerAbrajan\/","https:\/\/x.com\/ferabrajan1"]},{"@type":"Person","@id":"https:\/\/ferabrajan.com\/portal\/#\/schema\/person\/f6113b3cb1e036d5c6a9505685b257ba","name":"admin","image":{"@type":"ImageObject","inLanguage":"es","@id":"https:\/\/secure.gravatar.com\/avatar\/072baa72775aad53c748dfc5d3048578e01b6c087eef335459ebfa04344e2d18?s=96&d=mm&r=g","url":"https:\/\/secure.gravatar.com\/avatar\/072baa72775aad53c748dfc5d3048578e01b6c087eef335459ebfa04344e2d18?s=96&d=mm&r=g","contentUrl":"https:\/\/secure.gravatar.com\/avatar\/072baa72775aad53c748dfc5d3048578e01b6c087eef335459ebfa04344e2d18?s=96&d=mm&r=g","caption":"admin"},"sameAs":["https:\/\/ferabrajan.com\/portal"],"url":"https:\/\/ferabrajan.com\/portal\/author\/admin\/"}]}},"_links":{"self":[{"href":"https:\/\/ferabrajan.com\/portal\/wp-json\/wp\/v2\/posts\/81310","targetHints":{"allow":["GET"]}}],"collection":[{"href":"https:\/\/ferabrajan.com\/portal\/wp-json\/wp\/v2\/posts"}],"about":[{"href":"https:\/\/ferabrajan.com\/portal\/wp-json\/wp\/v2\/types\/post"}],"author":[{"embeddable":true,"href":"https:\/\/ferabrajan.com\/portal\/wp-json\/wp\/v2\/users\/1"}],"replies":[{"embeddable":true,"href":"https:\/\/ferabrajan.com\/portal\/wp-json\/wp\/v2\/comments?post=81310"}],"version-history":[{"count":1,"href":"https:\/\/ferabrajan.com\/portal\/wp-json\/wp\/v2\/posts\/81310\/revisions"}],"predecessor-version":[{"id":81312,"href":"https:\/\/ferabrajan.com\/portal\/wp-json\/wp\/v2\/posts\/81310\/revisions\/81312"}],"wp:featuredmedia":[{"embeddable":true,"href":"https:\/\/ferabrajan.com\/portal\/wp-json\/wp\/v2\/media\/81311"}],"wp:attachment":[{"href":"https:\/\/ferabrajan.com\/portal\/wp-json\/wp\/v2\/media?parent=81310"}],"wp:term":[{"taxonomy":"category","embeddable":true,"href":"https:\/\/ferabrajan.com\/portal\/wp-json\/wp\/v2\/categories?post=81310"},{"taxonomy":"post_tag","embeddable":true,"href":"https:\/\/ferabrajan.com\/portal\/wp-json\/wp\/v2\/tags?post=81310"}],"curies":[{"name":"wp","href":"https:\/\/api.w.org\/{rel}","templated":true}]}}