{"id":81307,"date":"2026-04-20T15:06:11","date_gmt":"2026-04-20T15:06:11","guid":{"rendered":"https:\/\/ferabrajan.com\/portal\/?p=81307"},"modified":"2026-04-20T15:06:11","modified_gmt":"2026-04-20T15:06:11","slug":"dan-30-anos-de-prision-por-intento-de-feminicidio-en-puebla","status":"publish","type":"post","link":"https:\/\/ferabrajan.com\/portal\/2026\/04\/20\/dan-30-anos-de-prision-por-intento-de-feminicidio-en-puebla\/","title":{"rendered":"Dan 30 a\u00f1os de prisi\u00f3n por intento de feminicidio en Puebla"},"content":{"rendered":"<p data-start=\"65\" data-end=\"252\">Un tribunal dict\u00f3 <strong data-start=\"83\" data-end=\"127\">30 a\u00f1os de prisi\u00f3n contra Ever Ubaldo N.<\/strong> por el delito de <strong data-start=\"145\" data-end=\"182\">feminicidio en grado de tentativa<\/strong>, tras una agresi\u00f3n ocurrida en <span class=\"hover:entity-accent entity-underline inline cursor-pointer align-baseline\"><span class=\"whitespace-normal\">San Mart\u00edn Texmelucan<\/span><\/span>.<\/p>\n<p data-start=\"254\" data-end=\"602\">De acuerdo con la <span class=\"hover:entity-accent entity-underline inline cursor-pointer align-baseline\"><span class=\"whitespace-normal\">Fiscal\u00eda General del Estado de Puebla<\/span><\/span>, los hechos se registraron el <strong data-start=\"340\" data-end=\"362\">7 de abril de 2023<\/strong>, cuando la v\u00edctima fue atacada dentro de su domicilio. El agresor la golpe\u00f3 y posteriormente le roci\u00f3 un <strong data-start=\"468\" data-end=\"511\">l\u00edquido inflamable para prenderle fuego<\/strong>, provoc\u00e1ndole lesiones graves. La agresi\u00f3n fue detenida por la intervenci\u00f3n de familiares.<\/p>\n<p data-start=\"604\" data-end=\"765\">Durante el juicio oral, el Tribunal de Enjuiciamiento determin\u00f3 la <strong data-start=\"671\" data-end=\"702\">responsabilidad del acusado<\/strong> con base en las pruebas presentadas por el Ministerio P\u00fablico.<\/p>\n<p data-start=\"767\" data-end=\"985\">La sentencia, emitida el <strong data-start=\"792\" data-end=\"815\">14 de abril de 2026<\/strong>, incluye adem\u00e1s una <strong data-start=\"836\" data-end=\"887\">multa de 416 Unidades de Medida y Actualizaci\u00f3n<\/strong>, as\u00ed como el pago de la <strong data-start=\"912\" data-end=\"944\">reparaci\u00f3n integral del da\u00f1o<\/strong>, que se definir\u00e1 en una etapa posterior.<\/p>\n<p data-start=\"987\" data-end=\"1110\">Como parte de las medidas, el sentenciado deber\u00e1 participar en <strong data-start=\"1050\" data-end=\"1109\">cursos de perspectiva de g\u00e9nero y nuevas masculinidades<\/strong>.<\/p>\n<p data-start=\"1112\" data-end=\"1267\" data-is-last-node=\"\" data-is-only-node=\"\">La Fiscal\u00eda estatal reiter\u00f3 su compromiso de <strong data-start=\"1157\" data-end=\"1215\">investigar y sancionar la violencia contra las mujeres<\/strong>, as\u00ed como de garantizar justicia para las v\u00edctimas.<\/p>\n","protected":false},"excerpt":{"rendered":"<p>Un tribunal dict\u00f3 30 a\u00f1os de prisi\u00f3n contra Ever Ubaldo N. por el delito de feminicidio en grado de tentativa, tras una agresi\u00f3n ocurrida en San Mart\u00edn Texmelucan. De acuerdo con la Fiscal\u00eda General del Estado de Puebla, los hechos se registraron el 7 de abril de 2023, cuando la v\u00edctima fue atacada dentro de su domicilio. El agresor la golpe\u00f3 y posteriormente le roci\u00f3 un l\u00edquido inflamable para prenderle fuego, provoc\u00e1ndole lesiones graves. La agresi\u00f3n fue detenida por la intervenci\u00f3n de familiares. Durante el juicio oral, el Tribunal de Enjuiciamiento determin\u00f3 la responsabilidad del acusado con base en las pruebas presentadas por el Ministerio P\u00fablico. La sentencia, emitida el 14 de abril de 2026, incluye adem\u00e1s una multa de 416 Unidades de Medida y Actualizaci\u00f3n, as\u00ed como el pago de la reparaci\u00f3n integral del da\u00f1o, que se definir\u00e1 en una etapa posterior. Como parte de las medidas, el sentenciado deber\u00e1 participar en cursos de perspectiva de g\u00e9nero y nuevas masculinidades. La Fiscal\u00eda estatal reiter\u00f3 su compromiso de investigar y sancionar la violencia contra las mujeres, as\u00ed como de garantizar justicia para las v\u00edctimas.<\/p>\n","protected":false},"author":3,"featured_media":81308,"comment_status":"closed","ping_status":"closed","sticky":false,"template":"","format":"standard","meta":{"_monsterinsights_skip_tracking":false,"_uf_show_specific_survey":0,"_uf_disable_surveys":false,"footnotes":""},"categories":[585,34],"tags":[103,238],"class_list":["post-81307","post","type-post","status-publish","format-standard","has-post-thumbnail","hentry","category-principal","category-puebla","tag-feminicidio","tag-fge"],"yoast_head":"<!-- This site is optimized with the Yoast SEO plugin v27.5 - https:\/\/yoast.com\/product\/yoast-seo-wordpress\/ -->\n<title>Dan 30 a\u00f1os de prisi\u00f3n por intento de feminicidio en Puebla - Fer Abrajan<\/title>\n<meta name=\"robots\" content=\"index, follow, max-snippet:-1, max-image-preview:large, max-video-preview:-1\" \/>\n<link rel=\"canonical\" href=\"https:\/\/ferabrajan.com\/portal\/2026\/04\/20\/dan-30-anos-de-prision-por-intento-de-feminicidio-en-puebla\/\" \/>\n<meta property=\"og:locale\" content=\"es_ES\" \/>\n<meta property=\"og:type\" content=\"article\" \/>\n<meta property=\"og:title\" content=\"Dan 30 a\u00f1os de prisi\u00f3n por intento de feminicidio en Puebla - Fer Abrajan\" \/>\n<meta property=\"og:description\" content=\"Un tribunal dict\u00f3 30 a\u00f1os de prisi\u00f3n contra Ever Ubaldo N. por el delito de feminicidio en grado de tentativa, tras una agresi\u00f3n ocurrida en San Mart\u00edn Texmelucan. De acuerdo con la Fiscal\u00eda General del Estado de Puebla, los hechos se registraron el 7 de abril de 2023, cuando la v\u00edctima fue atacada dentro de su domicilio. El agresor la golpe\u00f3 y posteriormente le roci\u00f3 un l\u00edquido inflamable para prenderle fuego, provoc\u00e1ndole lesiones graves. La agresi\u00f3n fue detenida por la intervenci\u00f3n de familiares. Durante el juicio oral, el Tribunal de Enjuiciamiento determin\u00f3 la responsabilidad del acusado con base en las pruebas presentadas por el Ministerio P\u00fablico. La sentencia, emitida el 14 de abril de 2026, incluye adem\u00e1s una multa de 416 Unidades de Medida y Actualizaci\u00f3n, as\u00ed como el pago de la reparaci\u00f3n integral del da\u00f1o, que se definir\u00e1 en una etapa posterior. Como parte de las medidas, el sentenciado deber\u00e1 participar en cursos de perspectiva de g\u00e9nero y nuevas masculinidades. La Fiscal\u00eda estatal reiter\u00f3 su compromiso de investigar y sancionar la violencia contra las mujeres, as\u00ed como de garantizar justicia para las v\u00edctimas.\" \/>\n<meta property=\"og:url\" content=\"https:\/\/ferabrajan.com\/portal\/2026\/04\/20\/dan-30-anos-de-prision-por-intento-de-feminicidio-en-puebla\/\" \/>\n<meta property=\"og:site_name\" content=\"Fer Abrajan\" \/>\n<meta property=\"article:publisher\" content=\"https:\/\/www.facebook.com\/NoticiasconFerAbrajan\/\" \/>\n<meta property=\"article:published_time\" content=\"2026-04-20T15:06:11+00:00\" \/>\n<meta property=\"og:image\" content=\"https:\/\/ferabrajan.com\/portal\/wp-content\/uploads\/2026\/04\/WhatsApp-Image-2026-04-20-at-8.09.10-AM.jpeg\" \/>\n\t<meta property=\"og:image:width\" content=\"1280\" \/>\n\t<meta property=\"og:image:height\" content=\"720\" \/>\n\t<meta property=\"og:image:type\" content=\"image\/jpeg\" \/>\n<meta name=\"author\" content=\"Rebeca N\u00fa\u00f1ez\" \/>\n<meta name=\"twitter:card\" content=\"summary_large_image\" \/>\n<meta name=\"twitter:creator\" content=\"@ferabrajan1\" \/>\n<meta name=\"twitter:site\" content=\"@ferabrajan1\" \/>\n<meta name=\"twitter:label1\" content=\"Escrito por\" \/>\n\t<meta name=\"twitter:data1\" content=\"Rebeca N\u00fa\u00f1ez\" \/>\n\t<meta name=\"twitter:label2\" content=\"Tiempo de lectura\" \/>\n\t<meta name=\"twitter:data2\" content=\"2 minutos\" \/>\n<script type=\"application\/ld+json\" class=\"yoast-schema-graph\">{\"@context\":\"https:\\\/\\\/schema.org\",\"@graph\":[{\"@type\":\"Article\",\"@id\":\"https:\\\/\\\/ferabrajan.com\\\/portal\\\/2026\\\/04\\\/20\\\/dan-30-anos-de-prision-por-intento-de-feminicidio-en-puebla\\\/#article\",\"isPartOf\":{\"@id\":\"https:\\\/\\\/ferabrajan.com\\\/portal\\\/2026\\\/04\\\/20\\\/dan-30-anos-de-prision-por-intento-de-feminicidio-en-puebla\\\/\"},\"author\":{\"name\":\"Rebeca N\u00fa\u00f1ez\",\"@id\":\"https:\\\/\\\/ferabrajan.com\\\/portal\\\/#\\\/schema\\\/person\\\/a79364e0091921e733584c4833bc7a50\"},\"headline\":\"Dan 30 a\u00f1os de prisi\u00f3n por intento de feminicidio en Puebla\",\"datePublished\":\"2026-04-20T15:06:11+00:00\",\"mainEntityOfPage\":{\"@id\":\"https:\\\/\\\/ferabrajan.com\\\/portal\\\/2026\\\/04\\\/20\\\/dan-30-anos-de-prision-por-intento-de-feminicidio-en-puebla\\\/\"},\"wordCount\":208,\"publisher\":{\"@id\":\"https:\\\/\\\/ferabrajan.com\\\/portal\\\/#organization\"},\"image\":{\"@id\":\"https:\\\/\\\/ferabrajan.com\\\/portal\\\/2026\\\/04\\\/20\\\/dan-30-anos-de-prision-por-intento-de-feminicidio-en-puebla\\\/#primaryimage\"},\"thumbnailUrl\":\"https:\\\/\\\/ferabrajan.com\\\/portal\\\/wp-content\\\/uploads\\\/2026\\\/04\\\/WhatsApp-Image-2026-04-20-at-8.09.10-AM.jpeg\",\"keywords\":[\"Feminicidio\",\"FGE\"],\"articleSection\":[\"Principal\",\"Puebla\"],\"inLanguage\":\"es\"},{\"@type\":\"WebPage\",\"@id\":\"https:\\\/\\\/ferabrajan.com\\\/portal\\\/2026\\\/04\\\/20\\\/dan-30-anos-de-prision-por-intento-de-feminicidio-en-puebla\\\/\",\"url\":\"https:\\\/\\\/ferabrajan.com\\\/portal\\\/2026\\\/04\\\/20\\\/dan-30-anos-de-prision-por-intento-de-feminicidio-en-puebla\\\/\",\"name\":\"Dan 30 a\u00f1os de prisi\u00f3n por intento de feminicidio en Puebla - Fer Abrajan\",\"isPartOf\":{\"@id\":\"https:\\\/\\\/ferabrajan.com\\\/portal\\\/#website\"},\"primaryImageOfPage\":{\"@id\":\"https:\\\/\\\/ferabrajan.com\\\/portal\\\/2026\\\/04\\\/20\\\/dan-30-anos-de-prision-por-intento-de-feminicidio-en-puebla\\\/#primaryimage\"},\"image\":{\"@id\":\"https:\\\/\\\/ferabrajan.com\\\/portal\\\/2026\\\/04\\\/20\\\/dan-30-anos-de-prision-por-intento-de-feminicidio-en-puebla\\\/#primaryimage\"},\"thumbnailUrl\":\"https:\\\/\\\/ferabrajan.com\\\/portal\\\/wp-content\\\/uploads\\\/2026\\\/04\\\/WhatsApp-Image-2026-04-20-at-8.09.10-AM.jpeg\",\"datePublished\":\"2026-04-20T15:06:11+00:00\",\"breadcrumb\":{\"@id\":\"https:\\\/\\\/ferabrajan.com\\\/portal\\\/2026\\\/04\\\/20\\\/dan-30-anos-de-prision-por-intento-de-feminicidio-en-puebla\\\/#breadcrumb\"},\"inLanguage\":\"es\",\"potentialAction\":[{\"@type\":\"ReadAction\",\"target\":[\"https:\\\/\\\/ferabrajan.com\\\/portal\\\/2026\\\/04\\\/20\\\/dan-30-anos-de-prision-por-intento-de-feminicidio-en-puebla\\\/\"]}]},{\"@type\":\"ImageObject\",\"inLanguage\":\"es\",\"@id\":\"https:\\\/\\\/ferabrajan.com\\\/portal\\\/2026\\\/04\\\/20\\\/dan-30-anos-de-prision-por-intento-de-feminicidio-en-puebla\\\/#primaryimage\",\"url\":\"https:\\\/\\\/ferabrajan.com\\\/portal\\\/wp-content\\\/uploads\\\/2026\\\/04\\\/WhatsApp-Image-2026-04-20-at-8.09.10-AM.jpeg\",\"contentUrl\":\"https:\\\/\\\/ferabrajan.com\\\/portal\\\/wp-content\\\/uploads\\\/2026\\\/04\\\/WhatsApp-Image-2026-04-20-at-8.09.10-AM.jpeg\",\"width\":1280,\"height\":720},{\"@type\":\"BreadcrumbList\",\"@id\":\"https:\\\/\\\/ferabrajan.com\\\/portal\\\/2026\\\/04\\\/20\\\/dan-30-anos-de-prision-por-intento-de-feminicidio-en-puebla\\\/#breadcrumb\",\"itemListElement\":[{\"@type\":\"ListItem\",\"position\":1,\"name\":\"Portada\",\"item\":\"https:\\\/\\\/ferabrajan.com\\\/portal\\\/\"},{\"@type\":\"ListItem\",\"position\":2,\"name\":\"Dan 30 a\u00f1os de prisi\u00f3n por intento de feminicidio en Puebla\"}]},{\"@type\":\"WebSite\",\"@id\":\"https:\\\/\\\/ferabrajan.com\\\/portal\\\/#website\",\"url\":\"https:\\\/\\\/ferabrajan.com\\\/portal\\\/\",\"name\":\"Fer Abrajan\",\"description\":\"Noticias de Puebla, opini\u00f3n y radio en vivo\",\"publisher\":{\"@id\":\"https:\\\/\\\/ferabrajan.com\\\/portal\\\/#organization\"},\"potentialAction\":[{\"@type\":\"SearchAction\",\"target\":{\"@type\":\"EntryPoint\",\"urlTemplate\":\"https:\\\/\\\/ferabrajan.com\\\/portal\\\/?s={search_term_string}\"},\"query-input\":{\"@type\":\"PropertyValueSpecification\",\"valueRequired\":true,\"valueName\":\"search_term_string\"}}],\"inLanguage\":\"es\"},{\"@type\":\"Organization\",\"@id\":\"https:\\\/\\\/ferabrajan.com\\\/portal\\\/#organization\",\"name\":\"Fer Abrajan\",\"url\":\"https:\\\/\\\/ferabrajan.com\\\/portal\\\/\",\"logo\":{\"@type\":\"ImageObject\",\"inLanguage\":\"es\",\"@id\":\"https:\\\/\\\/ferabrajan.com\\\/portal\\\/#\\\/schema\\\/logo\\\/image\\\/\",\"url\":\"https:\\\/\\\/ferabrajan.com\\\/portal\\\/wp-content\\\/uploads\\\/2024\\\/10\\\/cropped-logo.jpeg\",\"contentUrl\":\"https:\\\/\\\/ferabrajan.com\\\/portal\\\/wp-content\\\/uploads\\\/2024\\\/10\\\/cropped-logo.jpeg\",\"width\":500,\"height\":250,\"caption\":\"Fer Abrajan\"},\"image\":{\"@id\":\"https:\\\/\\\/ferabrajan.com\\\/portal\\\/#\\\/schema\\\/logo\\\/image\\\/\"},\"sameAs\":[\"https:\\\/\\\/www.facebook.com\\\/NoticiasconFerAbrajan\\\/\",\"https:\\\/\\\/x.com\\\/ferabrajan1\"]},{\"@type\":\"Person\",\"@id\":\"https:\\\/\\\/ferabrajan.com\\\/portal\\\/#\\\/schema\\\/person\\\/a79364e0091921e733584c4833bc7a50\",\"name\":\"Rebeca N\u00fa\u00f1ez\",\"image\":{\"@type\":\"ImageObject\",\"inLanguage\":\"es\",\"@id\":\"https:\\\/\\\/secure.gravatar.com\\\/avatar\\\/c9cbf721287e849268cd37eca93cf4be51b2eed9e71c8d0c6825bd912000b74e?s=96&d=mm&r=g\",\"url\":\"https:\\\/\\\/secure.gravatar.com\\\/avatar\\\/c9cbf721287e849268cd37eca93cf4be51b2eed9e71c8d0c6825bd912000b74e?s=96&d=mm&r=g\",\"contentUrl\":\"https:\\\/\\\/secure.gravatar.com\\\/avatar\\\/c9cbf721287e849268cd37eca93cf4be51b2eed9e71c8d0c6825bd912000b74e?s=96&d=mm&r=g\",\"caption\":\"Rebeca N\u00fa\u00f1ez\"},\"url\":\"https:\\\/\\\/ferabrajan.com\\\/portal\\\/author\\\/rebeca\\\/\"}]}<\/script>\n<!-- \/ Yoast SEO plugin. -->","yoast_head_json":{"title":"Dan 30 a\u00f1os de prisi\u00f3n por intento de feminicidio en Puebla - Fer Abrajan","robots":{"index":"index","follow":"follow","max-snippet":"max-snippet:-1","max-image-preview":"max-image-preview:large","max-video-preview":"max-video-preview:-1"},"canonical":"https:\/\/ferabrajan.com\/portal\/2026\/04\/20\/dan-30-anos-de-prision-por-intento-de-feminicidio-en-puebla\/","og_locale":"es_ES","og_type":"article","og_title":"Dan 30 a\u00f1os de prisi\u00f3n por intento de feminicidio en Puebla - Fer Abrajan","og_description":"Un tribunal dict\u00f3 30 a\u00f1os de prisi\u00f3n contra Ever Ubaldo N. por el delito de feminicidio en grado de tentativa, tras una agresi\u00f3n ocurrida en San Mart\u00edn Texmelucan. De acuerdo con la Fiscal\u00eda General del Estado de Puebla, los hechos se registraron el 7 de abril de 2023, cuando la v\u00edctima fue atacada dentro de su domicilio. El agresor la golpe\u00f3 y posteriormente le roci\u00f3 un l\u00edquido inflamable para prenderle fuego, provoc\u00e1ndole lesiones graves. La agresi\u00f3n fue detenida por la intervenci\u00f3n de familiares. Durante el juicio oral, el Tribunal de Enjuiciamiento determin\u00f3 la responsabilidad del acusado con base en las pruebas presentadas por el Ministerio P\u00fablico. La sentencia, emitida el 14 de abril de 2026, incluye adem\u00e1s una multa de 416 Unidades de Medida y Actualizaci\u00f3n, as\u00ed como el pago de la reparaci\u00f3n integral del da\u00f1o, que se definir\u00e1 en una etapa posterior. Como parte de las medidas, el sentenciado deber\u00e1 participar en cursos de perspectiva de g\u00e9nero y nuevas masculinidades. La Fiscal\u00eda estatal reiter\u00f3 su compromiso de investigar y sancionar la violencia contra las mujeres, as\u00ed como de garantizar justicia para las v\u00edctimas.","og_url":"https:\/\/ferabrajan.com\/portal\/2026\/04\/20\/dan-30-anos-de-prision-por-intento-de-feminicidio-en-puebla\/","og_site_name":"Fer Abrajan","article_publisher":"https:\/\/www.facebook.com\/NoticiasconFerAbrajan\/","article_published_time":"2026-04-20T15:06:11+00:00","og_image":[{"width":1280,"height":720,"url":"https:\/\/ferabrajan.com\/portal\/wp-content\/uploads\/2026\/04\/WhatsApp-Image-2026-04-20-at-8.09.10-AM.jpeg","type":"image\/jpeg"}],"author":"Rebeca N\u00fa\u00f1ez","twitter_card":"summary_large_image","twitter_creator":"@ferabrajan1","twitter_site":"@ferabrajan1","twitter_misc":{"Escrito por":"Rebeca N\u00fa\u00f1ez","Tiempo de lectura":"2 minutos"},"schema":{"@context":"https:\/\/schema.org","@graph":[{"@type":"Article","@id":"https:\/\/ferabrajan.com\/portal\/2026\/04\/20\/dan-30-anos-de-prision-por-intento-de-feminicidio-en-puebla\/#article","isPartOf":{"@id":"https:\/\/ferabrajan.com\/portal\/2026\/04\/20\/dan-30-anos-de-prision-por-intento-de-feminicidio-en-puebla\/"},"author":{"name":"Rebeca N\u00fa\u00f1ez","@id":"https:\/\/ferabrajan.com\/portal\/#\/schema\/person\/a79364e0091921e733584c4833bc7a50"},"headline":"Dan 30 a\u00f1os de prisi\u00f3n por intento de feminicidio en Puebla","datePublished":"2026-04-20T15:06:11+00:00","mainEntityOfPage":{"@id":"https:\/\/ferabrajan.com\/portal\/2026\/04\/20\/dan-30-anos-de-prision-por-intento-de-feminicidio-en-puebla\/"},"wordCount":208,"publisher":{"@id":"https:\/\/ferabrajan.com\/portal\/#organization"},"image":{"@id":"https:\/\/ferabrajan.com\/portal\/2026\/04\/20\/dan-30-anos-de-prision-por-intento-de-feminicidio-en-puebla\/#primaryimage"},"thumbnailUrl":"https:\/\/ferabrajan.com\/portal\/wp-content\/uploads\/2026\/04\/WhatsApp-Image-2026-04-20-at-8.09.10-AM.jpeg","keywords":["Feminicidio","FGE"],"articleSection":["Principal","Puebla"],"inLanguage":"es"},{"@type":"WebPage","@id":"https:\/\/ferabrajan.com\/portal\/2026\/04\/20\/dan-30-anos-de-prision-por-intento-de-feminicidio-en-puebla\/","url":"https:\/\/ferabrajan.com\/portal\/2026\/04\/20\/dan-30-anos-de-prision-por-intento-de-feminicidio-en-puebla\/","name":"Dan 30 a\u00f1os de prisi\u00f3n por intento de feminicidio en Puebla - Fer Abrajan","isPartOf":{"@id":"https:\/\/ferabrajan.com\/portal\/#website"},"primaryImageOfPage":{"@id":"https:\/\/ferabrajan.com\/portal\/2026\/04\/20\/dan-30-anos-de-prision-por-intento-de-feminicidio-en-puebla\/#primaryimage"},"image":{"@id":"https:\/\/ferabrajan.com\/portal\/2026\/04\/20\/dan-30-anos-de-prision-por-intento-de-feminicidio-en-puebla\/#primaryimage"},"thumbnailUrl":"https:\/\/ferabrajan.com\/portal\/wp-content\/uploads\/2026\/04\/WhatsApp-Image-2026-04-20-at-8.09.10-AM.jpeg","datePublished":"2026-04-20T15:06:11+00:00","breadcrumb":{"@id":"https:\/\/ferabrajan.com\/portal\/2026\/04\/20\/dan-30-anos-de-prision-por-intento-de-feminicidio-en-puebla\/#breadcrumb"},"inLanguage":"es","potentialAction":[{"@type":"ReadAction","target":["https:\/\/ferabrajan.com\/portal\/2026\/04\/20\/dan-30-anos-de-prision-por-intento-de-feminicidio-en-puebla\/"]}]},{"@type":"ImageObject","inLanguage":"es","@id":"https:\/\/ferabrajan.com\/portal\/2026\/04\/20\/dan-30-anos-de-prision-por-intento-de-feminicidio-en-puebla\/#primaryimage","url":"https:\/\/ferabrajan.com\/portal\/wp-content\/uploads\/2026\/04\/WhatsApp-Image-2026-04-20-at-8.09.10-AM.jpeg","contentUrl":"https:\/\/ferabrajan.com\/portal\/wp-content\/uploads\/2026\/04\/WhatsApp-Image-2026-04-20-at-8.09.10-AM.jpeg","width":1280,"height":720},{"@type":"BreadcrumbList","@id":"https:\/\/ferabrajan.com\/portal\/2026\/04\/20\/dan-30-anos-de-prision-por-intento-de-feminicidio-en-puebla\/#breadcrumb","itemListElement":[{"@type":"ListItem","position":1,"name":"Portada","item":"https:\/\/ferabrajan.com\/portal\/"},{"@type":"ListItem","position":2,"name":"Dan 30 a\u00f1os de prisi\u00f3n por intento de feminicidio en Puebla"}]},{"@type":"WebSite","@id":"https:\/\/ferabrajan.com\/portal\/#website","url":"https:\/\/ferabrajan.com\/portal\/","name":"Fer Abrajan","description":"Noticias de Puebla, opini\u00f3n y radio en vivo","publisher":{"@id":"https:\/\/ferabrajan.com\/portal\/#organization"},"potentialAction":[{"@type":"SearchAction","target":{"@type":"EntryPoint","urlTemplate":"https:\/\/ferabrajan.com\/portal\/?s={search_term_string}"},"query-input":{"@type":"PropertyValueSpecification","valueRequired":true,"valueName":"search_term_string"}}],"inLanguage":"es"},{"@type":"Organization","@id":"https:\/\/ferabrajan.com\/portal\/#organization","name":"Fer Abrajan","url":"https:\/\/ferabrajan.com\/portal\/","logo":{"@type":"ImageObject","inLanguage":"es","@id":"https:\/\/ferabrajan.com\/portal\/#\/schema\/logo\/image\/","url":"https:\/\/ferabrajan.com\/portal\/wp-content\/uploads\/2024\/10\/cropped-logo.jpeg","contentUrl":"https:\/\/ferabrajan.com\/portal\/wp-content\/uploads\/2024\/10\/cropped-logo.jpeg","width":500,"height":250,"caption":"Fer Abrajan"},"image":{"@id":"https:\/\/ferabrajan.com\/portal\/#\/schema\/logo\/image\/"},"sameAs":["https:\/\/www.facebook.com\/NoticiasconFerAbrajan\/","https:\/\/x.com\/ferabrajan1"]},{"@type":"Person","@id":"https:\/\/ferabrajan.com\/portal\/#\/schema\/person\/a79364e0091921e733584c4833bc7a50","name":"Rebeca N\u00fa\u00f1ez","image":{"@type":"ImageObject","inLanguage":"es","@id":"https:\/\/secure.gravatar.com\/avatar\/c9cbf721287e849268cd37eca93cf4be51b2eed9e71c8d0c6825bd912000b74e?s=96&d=mm&r=g","url":"https:\/\/secure.gravatar.com\/avatar\/c9cbf721287e849268cd37eca93cf4be51b2eed9e71c8d0c6825bd912000b74e?s=96&d=mm&r=g","contentUrl":"https:\/\/secure.gravatar.com\/avatar\/c9cbf721287e849268cd37eca93cf4be51b2eed9e71c8d0c6825bd912000b74e?s=96&d=mm&r=g","caption":"Rebeca N\u00fa\u00f1ez"},"url":"https:\/\/ferabrajan.com\/portal\/author\/rebeca\/"}]}},"_links":{"self":[{"href":"https:\/\/ferabrajan.com\/portal\/wp-json\/wp\/v2\/posts\/81307","targetHints":{"allow":["GET"]}}],"collection":[{"href":"https:\/\/ferabrajan.com\/portal\/wp-json\/wp\/v2\/posts"}],"about":[{"href":"https:\/\/ferabrajan.com\/portal\/wp-json\/wp\/v2\/types\/post"}],"author":[{"embeddable":true,"href":"https:\/\/ferabrajan.com\/portal\/wp-json\/wp\/v2\/users\/3"}],"replies":[{"embeddable":true,"href":"https:\/\/ferabrajan.com\/portal\/wp-json\/wp\/v2\/comments?post=81307"}],"version-history":[{"count":1,"href":"https:\/\/ferabrajan.com\/portal\/wp-json\/wp\/v2\/posts\/81307\/revisions"}],"predecessor-version":[{"id":81309,"href":"https:\/\/ferabrajan.com\/portal\/wp-json\/wp\/v2\/posts\/81307\/revisions\/81309"}],"wp:featuredmedia":[{"embeddable":true,"href":"https:\/\/ferabrajan.com\/portal\/wp-json\/wp\/v2\/media\/81308"}],"wp:attachment":[{"href":"https:\/\/ferabrajan.com\/portal\/wp-json\/wp\/v2\/media?parent=81307"}],"wp:term":[{"taxonomy":"category","embeddable":true,"href":"https:\/\/ferabrajan.com\/portal\/wp-json\/wp\/v2\/categories?post=81307"},{"taxonomy":"post_tag","embeddable":true,"href":"https:\/\/ferabrajan.com\/portal\/wp-json\/wp\/v2\/tags?post=81307"}],"curies":[{"name":"wp","href":"https:\/\/api.w.org\/{rel}","templated":true}]}}