{"id":81302,"date":"2026-04-20T14:46:08","date_gmt":"2026-04-20T14:46:08","guid":{"rendered":"https:\/\/ferabrajan.com\/portal\/?p=81302"},"modified":"2026-04-20T14:46:08","modified_gmt":"2026-04-20T14:46:08","slug":"maria-jose-estrada-da-a-puebla-su-primer-oro-en-la-conade-2026","status":"publish","type":"post","link":"https:\/\/ferabrajan.com\/portal\/2026\/04\/20\/maria-jose-estrada-da-a-puebla-su-primer-oro-en-la-conade-2026\/","title":{"rendered":"Mar\u00eda Jos\u00e9 Estrada da a Puebla su primer oro en la CONADE 2026"},"content":{"rendered":"<div class=\"flex flex-col text-sm pb-25\">\n<section class=\"text-token-text-primary w-full focus:outline-none [--shadow-height:45px] has-data-writing-block:pointer-events-none has-data-writing-block:-mt-(--shadow-height) has-data-writing-block:pt-(--shadow-height) [&amp;:has([data-writing-block])&gt;*]:pointer-events-auto scroll-mt-[calc(var(--header-height)+min(200px,max(70px,20svh)))]\" dir=\"auto\" data-turn-id=\"request-69dd118a-5f58-83e8-9950-ae7e4a01718f-2\" data-testid=\"conversation-turn-90\" data-scroll-anchor=\"true\" data-turn=\"assistant\">\n<div class=\"text-base my-auto mx-auto pb-10 [--thread-content-margin:var(--thread-content-margin-xs,calc(var(--spacing)*4))] @w-sm\/main:[--thread-content-margin:var(--thread-content-margin-sm,calc(var(--spacing)*6))] @w-lg\/main:[--thread-content-margin:var(--thread-content-margin-lg,calc(var(--spacing)*16))] px-(--thread-content-margin)\">\n<div class=\"[--thread-content-max-width:40rem] @w-lg\/main:[--thread-content-max-width:48rem] mx-auto max-w-(--thread-content-max-width) flex-1 group\/turn-messages focus-visible:outline-hidden relative flex w-full min-w-0 flex-col agent-turn\">\n<div class=\"flex max-w-full flex-col gap-4 grow\">\n<div class=\"min-h-8 text-message relative flex w-full flex-col items-end gap-2 text-start break-words whitespace-normal outline-none keyboard-focused:focus-ring [.text-message+&amp;]:mt-1\" dir=\"auto\" tabindex=\"0\" data-message-author-role=\"assistant\" data-message-id=\"86a21b43-9570-41e0-9b64-78952b534597\" data-message-model-slug=\"gpt-5-3\" data-turn-start-message=\"true\">\n<div class=\"flex w-full flex-col gap-1 empty:hidden\">\n<div class=\"markdown prose dark:prose-invert w-full wrap-break-word light markdown-new-styling\">\n<p data-start=\"68\" data-end=\"297\"><span class=\"hover:entity-accent entity-underline inline cursor-pointer align-baseline\"><span class=\"whitespace-normal\">Puebla<\/span><\/span> consigui\u00f3 su <strong data-start=\"119\" data-end=\"182\">primera medalla de oro en la Olimpiada Nacional CONADE 2026<\/strong> gracias a la actuaci\u00f3n de <strong data-start=\"209\" data-end=\"239\">Mar\u00eda Jos\u00e9 Estrada Planell<\/strong>, quien se coron\u00f3 en <strong data-start=\"260\" data-end=\"296\">escalada deportiva categor\u00eda U19<\/strong>.<\/p>\n<p data-start=\"299\" data-end=\"479\">La atleta poblana se impuso con <strong data-start=\"331\" data-end=\"367\">destreza, concentraci\u00f3n y fuerza<\/strong> ante competidoras de <strong data-start=\"389\" data-end=\"421\">Nuevo Le\u00f3n, Jalisco y Oaxaca<\/strong>, logrando as\u00ed colocar al estado en el medallero nacional.<\/p>\n<p data-start=\"481\" data-end=\"666\">La delegaci\u00f3n poblana tambi\u00e9n destac\u00f3 con la participaci\u00f3n de <strong data-start=\"543\" data-end=\"564\">Mariam de la Vega<\/strong>, quien alcanz\u00f3 la final en la misma disciplina, consolidando un desempe\u00f1o competitivo en esta prueba.<\/p>\n<p data-start=\"481\" data-end=\"666\"><img fetchpriority=\"high\" decoding=\"async\" class=\"alignnone size-medium wp-image-81303\" src=\"https:\/\/ferabrajan.com\/portal\/wp-content\/uploads\/2026\/04\/IMG_3904-300x200.jpeg\" alt=\"\" width=\"300\" height=\"200\" srcset=\"https:\/\/ferabrajan.com\/portal\/wp-content\/uploads\/2026\/04\/IMG_3904-300x200.jpeg 300w, https:\/\/ferabrajan.com\/portal\/wp-content\/uploads\/2026\/04\/IMG_3904-1024x682.jpeg 1024w, https:\/\/ferabrajan.com\/portal\/wp-content\/uploads\/2026\/04\/IMG_3904-768x512.jpeg 768w, https:\/\/ferabrajan.com\/portal\/wp-content\/uploads\/2026\/04\/IMG_3904.jpeg 1280w\" sizes=\"(max-width: 300px) 100vw, 300px\" \/> <img decoding=\"async\" class=\"alignnone size-medium wp-image-81304\" src=\"https:\/\/ferabrajan.com\/portal\/wp-content\/uploads\/2026\/04\/IMG_3901-300x198.jpeg\" alt=\"\" width=\"300\" height=\"198\" srcset=\"https:\/\/ferabrajan.com\/portal\/wp-content\/uploads\/2026\/04\/IMG_3901-300x198.jpeg 300w, https:\/\/ferabrajan.com\/portal\/wp-content\/uploads\/2026\/04\/IMG_3901-1024x675.jpeg 1024w, https:\/\/ferabrajan.com\/portal\/wp-content\/uploads\/2026\/04\/IMG_3901-768x506.jpeg 768w, https:\/\/ferabrajan.com\/portal\/wp-content\/uploads\/2026\/04\/IMG_3901.jpeg 1280w\" sizes=\"(max-width: 300px) 100vw, 300px\" \/> <img decoding=\"async\" class=\"alignnone size-medium wp-image-81305\" src=\"https:\/\/ferabrajan.com\/portal\/wp-content\/uploads\/2026\/04\/IMG_3899-300x208.jpeg\" alt=\"\" width=\"300\" height=\"208\" srcset=\"https:\/\/ferabrajan.com\/portal\/wp-content\/uploads\/2026\/04\/IMG_3899-300x208.jpeg 300w, https:\/\/ferabrajan.com\/portal\/wp-content\/uploads\/2026\/04\/IMG_3899-1024x710.jpeg 1024w, https:\/\/ferabrajan.com\/portal\/wp-content\/uploads\/2026\/04\/IMG_3899-768x533.jpeg 768w, https:\/\/ferabrajan.com\/portal\/wp-content\/uploads\/2026\/04\/IMG_3899.jpeg 1280w\" sizes=\"(max-width: 300px) 100vw, 300px\" \/><\/p>\n<p data-start=\"668\" data-end=\"858\">El entrenador <strong data-start=\"682\" data-end=\"697\">Marco Mu\u00f1oz<\/strong> resalt\u00f3 el nivel mostrado por ambas atletas y se\u00f1al\u00f3 que existe un proyecto para impulsarlas hacia <strong data-start=\"797\" data-end=\"829\">competencias internacionales<\/strong>, con respaldo institucional.<\/p>\n<p data-start=\"860\" data-end=\"1066\">Tras su triunfo, Mar\u00eda Jos\u00e9 Estrada expres\u00f3 su entusiasmo y adelant\u00f3 que competir\u00e1 en <strong data-start=\"946\" data-end=\"992\">Copas del Mundo en China, Espa\u00f1a y Austria<\/strong>, con el objetivo de sumar puntos rumbo al <strong data-start=\"1035\" data-end=\"1065\">Panamericano de Lima, Per\u00fa<\/strong>.<\/p>\n<p data-start=\"1068\" data-end=\"1230\" data-is-last-node=\"\" data-is-only-node=\"\">La actividad contin\u00faa para Puebla, que buscar\u00e1 ampliar su medallero con la participaci\u00f3n de atletas en la categor\u00eda U21 durante la jornada en <strong data-start=\"1210\" data-end=\"1229\">Adamanta Puebla<\/strong>.<\/p>\n<\/div>\n<\/div>\n<\/div>\n<\/div>\n<div class=\"z-0 flex min-h-[46px] justify-start\"><\/div>\n<div class=\"mt-3 w-full empty:hidden\">\n<div class=\"text-center\"><\/div>\n<\/div>\n<\/div>\n<\/div>\n<\/section>\n<\/div>\n<div class=\"pointer-events-none h-px w-px absolute bottom-0\" aria-hidden=\"true\" data-edge=\"true\"><\/div>\n","protected":false},"excerpt":{"rendered":"<p>Puebla, Jalisco y Nuevo Le\u00f3n suben al podio en escalada deportiva.<\/p>\n","protected":false},"author":4,"featured_media":81305,"comment_status":"closed","ping_status":"closed","sticky":false,"template":"","format":"standard","meta":{"_monsterinsights_skip_tracking":false,"_uf_show_specific_survey":0,"_uf_disable_surveys":false,"footnotes":""},"categories":[53,585,34],"tags":[4435,4434,4417,4436],"class_list":["post-81302","post","type-post","status-publish","format-standard","has-post-thumbnail","hentry","category-local","category-principal","category-puebla","tag-escalada-deportiva","tag-maria-jose-estrada-planell","tag-olimpiada-nacional-conade-2026","tag-oro"],"yoast_head":"<!-- This site is optimized with the Yoast SEO plugin v27.5 - https:\/\/yoast.com\/product\/yoast-seo-wordpress\/ -->\n<title>Mar\u00eda Jos\u00e9 Estrada da a Puebla su primer oro en la CONADE 2026 - Fer Abrajan<\/title>\n<meta name=\"robots\" content=\"index, follow, max-snippet:-1, max-image-preview:large, max-video-preview:-1\" \/>\n<link rel=\"canonical\" href=\"https:\/\/ferabrajan.com\/portal\/2026\/04\/20\/maria-jose-estrada-da-a-puebla-su-primer-oro-en-la-conade-2026\/\" \/>\n<meta property=\"og:locale\" content=\"es_ES\" \/>\n<meta property=\"og:type\" content=\"article\" \/>\n<meta property=\"og:title\" content=\"Mar\u00eda Jos\u00e9 Estrada da a Puebla su primer oro en la CONADE 2026 - Fer Abrajan\" \/>\n<meta property=\"og:description\" content=\"Puebla, Jalisco y Nuevo Le\u00f3n suben al podio en escalada deportiva.\" \/>\n<meta property=\"og:url\" content=\"https:\/\/ferabrajan.com\/portal\/2026\/04\/20\/maria-jose-estrada-da-a-puebla-su-primer-oro-en-la-conade-2026\/\" \/>\n<meta property=\"og:site_name\" content=\"Fer Abrajan\" \/>\n<meta property=\"article:publisher\" content=\"https:\/\/www.facebook.com\/NoticiasconFerAbrajan\/\" \/>\n<meta property=\"article:published_time\" content=\"2026-04-20T14:46:08+00:00\" \/>\n<meta property=\"og:image\" content=\"https:\/\/ferabrajan.com\/portal\/wp-content\/uploads\/2026\/04\/IMG_3899.jpeg\" \/>\n\t<meta property=\"og:image:width\" content=\"1280\" \/>\n\t<meta property=\"og:image:height\" content=\"888\" \/>\n\t<meta property=\"og:image:type\" content=\"image\/jpeg\" \/>\n<meta name=\"author\" content=\"Ismael Rojas\" \/>\n<meta name=\"twitter:card\" content=\"summary_large_image\" \/>\n<meta name=\"twitter:creator\" content=\"@ferabrajan1\" \/>\n<meta name=\"twitter:site\" content=\"@ferabrajan1\" \/>\n<meta name=\"twitter:label1\" content=\"Escrito por\" \/>\n\t<meta name=\"twitter:data1\" content=\"Ismael Rojas\" \/>\n\t<meta name=\"twitter:label2\" content=\"Tiempo de lectura\" \/>\n\t<meta name=\"twitter:data2\" content=\"2 minutos\" \/>\n<script type=\"application\/ld+json\" class=\"yoast-schema-graph\">{\"@context\":\"https:\\\/\\\/schema.org\",\"@graph\":[{\"@type\":\"Article\",\"@id\":\"https:\\\/\\\/ferabrajan.com\\\/portal\\\/2026\\\/04\\\/20\\\/maria-jose-estrada-da-a-puebla-su-primer-oro-en-la-conade-2026\\\/#article\",\"isPartOf\":{\"@id\":\"https:\\\/\\\/ferabrajan.com\\\/portal\\\/2026\\\/04\\\/20\\\/maria-jose-estrada-da-a-puebla-su-primer-oro-en-la-conade-2026\\\/\"},\"author\":{\"name\":\"Ismael Rojas\",\"@id\":\"https:\\\/\\\/ferabrajan.com\\\/portal\\\/#\\\/schema\\\/person\\\/83ed4fff5d7e4c8edf481fa39f71acb2\"},\"headline\":\"Mar\u00eda Jos\u00e9 Estrada da a Puebla su primer oro en la CONADE 2026\",\"datePublished\":\"2026-04-20T14:46:08+00:00\",\"mainEntityOfPage\":{\"@id\":\"https:\\\/\\\/ferabrajan.com\\\/portal\\\/2026\\\/04\\\/20\\\/maria-jose-estrada-da-a-puebla-su-primer-oro-en-la-conade-2026\\\/\"},\"wordCount\":197,\"publisher\":{\"@id\":\"https:\\\/\\\/ferabrajan.com\\\/portal\\\/#organization\"},\"image\":{\"@id\":\"https:\\\/\\\/ferabrajan.com\\\/portal\\\/2026\\\/04\\\/20\\\/maria-jose-estrada-da-a-puebla-su-primer-oro-en-la-conade-2026\\\/#primaryimage\"},\"thumbnailUrl\":\"https:\\\/\\\/ferabrajan.com\\\/portal\\\/wp-content\\\/uploads\\\/2026\\\/04\\\/IMG_3899.jpeg\",\"keywords\":[\"escalada deportiva\",\"Mar\u00eda Jos\u00e9 Estrada Planell\",\"Olimpiada Nacional CONADE 2026\",\"oro\"],\"articleSection\":[\"Local\",\"Principal\",\"Puebla\"],\"inLanguage\":\"es\"},{\"@type\":\"WebPage\",\"@id\":\"https:\\\/\\\/ferabrajan.com\\\/portal\\\/2026\\\/04\\\/20\\\/maria-jose-estrada-da-a-puebla-su-primer-oro-en-la-conade-2026\\\/\",\"url\":\"https:\\\/\\\/ferabrajan.com\\\/portal\\\/2026\\\/04\\\/20\\\/maria-jose-estrada-da-a-puebla-su-primer-oro-en-la-conade-2026\\\/\",\"name\":\"Mar\u00eda Jos\u00e9 Estrada da a Puebla su primer oro en la CONADE 2026 - Fer Abrajan\",\"isPartOf\":{\"@id\":\"https:\\\/\\\/ferabrajan.com\\\/portal\\\/#website\"},\"primaryImageOfPage\":{\"@id\":\"https:\\\/\\\/ferabrajan.com\\\/portal\\\/2026\\\/04\\\/20\\\/maria-jose-estrada-da-a-puebla-su-primer-oro-en-la-conade-2026\\\/#primaryimage\"},\"image\":{\"@id\":\"https:\\\/\\\/ferabrajan.com\\\/portal\\\/2026\\\/04\\\/20\\\/maria-jose-estrada-da-a-puebla-su-primer-oro-en-la-conade-2026\\\/#primaryimage\"},\"thumbnailUrl\":\"https:\\\/\\\/ferabrajan.com\\\/portal\\\/wp-content\\\/uploads\\\/2026\\\/04\\\/IMG_3899.jpeg\",\"datePublished\":\"2026-04-20T14:46:08+00:00\",\"breadcrumb\":{\"@id\":\"https:\\\/\\\/ferabrajan.com\\\/portal\\\/2026\\\/04\\\/20\\\/maria-jose-estrada-da-a-puebla-su-primer-oro-en-la-conade-2026\\\/#breadcrumb\"},\"inLanguage\":\"es\",\"potentialAction\":[{\"@type\":\"ReadAction\",\"target\":[\"https:\\\/\\\/ferabrajan.com\\\/portal\\\/2026\\\/04\\\/20\\\/maria-jose-estrada-da-a-puebla-su-primer-oro-en-la-conade-2026\\\/\"]}]},{\"@type\":\"ImageObject\",\"inLanguage\":\"es\",\"@id\":\"https:\\\/\\\/ferabrajan.com\\\/portal\\\/2026\\\/04\\\/20\\\/maria-jose-estrada-da-a-puebla-su-primer-oro-en-la-conade-2026\\\/#primaryimage\",\"url\":\"https:\\\/\\\/ferabrajan.com\\\/portal\\\/wp-content\\\/uploads\\\/2026\\\/04\\\/IMG_3899.jpeg\",\"contentUrl\":\"https:\\\/\\\/ferabrajan.com\\\/portal\\\/wp-content\\\/uploads\\\/2026\\\/04\\\/IMG_3899.jpeg\",\"width\":1280,\"height\":888},{\"@type\":\"BreadcrumbList\",\"@id\":\"https:\\\/\\\/ferabrajan.com\\\/portal\\\/2026\\\/04\\\/20\\\/maria-jose-estrada-da-a-puebla-su-primer-oro-en-la-conade-2026\\\/#breadcrumb\",\"itemListElement\":[{\"@type\":\"ListItem\",\"position\":1,\"name\":\"Portada\",\"item\":\"https:\\\/\\\/ferabrajan.com\\\/portal\\\/\"},{\"@type\":\"ListItem\",\"position\":2,\"name\":\"Mar\u00eda Jos\u00e9 Estrada da a Puebla su primer oro en la CONADE 2026\"}]},{\"@type\":\"WebSite\",\"@id\":\"https:\\\/\\\/ferabrajan.com\\\/portal\\\/#website\",\"url\":\"https:\\\/\\\/ferabrajan.com\\\/portal\\\/\",\"name\":\"Fer Abrajan\",\"description\":\"Noticias de Puebla, opini\u00f3n y radio en vivo\",\"publisher\":{\"@id\":\"https:\\\/\\\/ferabrajan.com\\\/portal\\\/#organization\"},\"potentialAction\":[{\"@type\":\"SearchAction\",\"target\":{\"@type\":\"EntryPoint\",\"urlTemplate\":\"https:\\\/\\\/ferabrajan.com\\\/portal\\\/?s={search_term_string}\"},\"query-input\":{\"@type\":\"PropertyValueSpecification\",\"valueRequired\":true,\"valueName\":\"search_term_string\"}}],\"inLanguage\":\"es\"},{\"@type\":\"Organization\",\"@id\":\"https:\\\/\\\/ferabrajan.com\\\/portal\\\/#organization\",\"name\":\"Fer Abrajan\",\"url\":\"https:\\\/\\\/ferabrajan.com\\\/portal\\\/\",\"logo\":{\"@type\":\"ImageObject\",\"inLanguage\":\"es\",\"@id\":\"https:\\\/\\\/ferabrajan.com\\\/portal\\\/#\\\/schema\\\/logo\\\/image\\\/\",\"url\":\"https:\\\/\\\/ferabrajan.com\\\/portal\\\/wp-content\\\/uploads\\\/2024\\\/10\\\/cropped-logo.jpeg\",\"contentUrl\":\"https:\\\/\\\/ferabrajan.com\\\/portal\\\/wp-content\\\/uploads\\\/2024\\\/10\\\/cropped-logo.jpeg\",\"width\":500,\"height\":250,\"caption\":\"Fer Abrajan\"},\"image\":{\"@id\":\"https:\\\/\\\/ferabrajan.com\\\/portal\\\/#\\\/schema\\\/logo\\\/image\\\/\"},\"sameAs\":[\"https:\\\/\\\/www.facebook.com\\\/NoticiasconFerAbrajan\\\/\",\"https:\\\/\\\/x.com\\\/ferabrajan1\"]},{\"@type\":\"Person\",\"@id\":\"https:\\\/\\\/ferabrajan.com\\\/portal\\\/#\\\/schema\\\/person\\\/83ed4fff5d7e4c8edf481fa39f71acb2\",\"name\":\"Ismael Rojas\",\"image\":{\"@type\":\"ImageObject\",\"inLanguage\":\"es\",\"@id\":\"https:\\\/\\\/secure.gravatar.com\\\/avatar\\\/e4a9cb58548fedeb6143fa536c79b44c34454539235177c55c5819d74963e9d6?s=96&d=mm&r=g\",\"url\":\"https:\\\/\\\/secure.gravatar.com\\\/avatar\\\/e4a9cb58548fedeb6143fa536c79b44c34454539235177c55c5819d74963e9d6?s=96&d=mm&r=g\",\"contentUrl\":\"https:\\\/\\\/secure.gravatar.com\\\/avatar\\\/e4a9cb58548fedeb6143fa536c79b44c34454539235177c55c5819d74963e9d6?s=96&d=mm&r=g\",\"caption\":\"Ismael Rojas\"},\"url\":\"https:\\\/\\\/ferabrajan.com\\\/portal\\\/author\\\/ismael\\\/\"}]}<\/script>\n<!-- \/ Yoast SEO plugin. -->","yoast_head_json":{"title":"Mar\u00eda Jos\u00e9 Estrada da a Puebla su primer oro en la CONADE 2026 - Fer Abrajan","robots":{"index":"index","follow":"follow","max-snippet":"max-snippet:-1","max-image-preview":"max-image-preview:large","max-video-preview":"max-video-preview:-1"},"canonical":"https:\/\/ferabrajan.com\/portal\/2026\/04\/20\/maria-jose-estrada-da-a-puebla-su-primer-oro-en-la-conade-2026\/","og_locale":"es_ES","og_type":"article","og_title":"Mar\u00eda Jos\u00e9 Estrada da a Puebla su primer oro en la CONADE 2026 - Fer Abrajan","og_description":"Puebla, Jalisco y Nuevo Le\u00f3n suben al podio en escalada deportiva.","og_url":"https:\/\/ferabrajan.com\/portal\/2026\/04\/20\/maria-jose-estrada-da-a-puebla-su-primer-oro-en-la-conade-2026\/","og_site_name":"Fer Abrajan","article_publisher":"https:\/\/www.facebook.com\/NoticiasconFerAbrajan\/","article_published_time":"2026-04-20T14:46:08+00:00","og_image":[{"width":1280,"height":888,"url":"https:\/\/ferabrajan.com\/portal\/wp-content\/uploads\/2026\/04\/IMG_3899.jpeg","type":"image\/jpeg"}],"author":"Ismael Rojas","twitter_card":"summary_large_image","twitter_creator":"@ferabrajan1","twitter_site":"@ferabrajan1","twitter_misc":{"Escrito por":"Ismael Rojas","Tiempo de lectura":"2 minutos"},"schema":{"@context":"https:\/\/schema.org","@graph":[{"@type":"Article","@id":"https:\/\/ferabrajan.com\/portal\/2026\/04\/20\/maria-jose-estrada-da-a-puebla-su-primer-oro-en-la-conade-2026\/#article","isPartOf":{"@id":"https:\/\/ferabrajan.com\/portal\/2026\/04\/20\/maria-jose-estrada-da-a-puebla-su-primer-oro-en-la-conade-2026\/"},"author":{"name":"Ismael Rojas","@id":"https:\/\/ferabrajan.com\/portal\/#\/schema\/person\/83ed4fff5d7e4c8edf481fa39f71acb2"},"headline":"Mar\u00eda Jos\u00e9 Estrada da a Puebla su primer oro en la CONADE 2026","datePublished":"2026-04-20T14:46:08+00:00","mainEntityOfPage":{"@id":"https:\/\/ferabrajan.com\/portal\/2026\/04\/20\/maria-jose-estrada-da-a-puebla-su-primer-oro-en-la-conade-2026\/"},"wordCount":197,"publisher":{"@id":"https:\/\/ferabrajan.com\/portal\/#organization"},"image":{"@id":"https:\/\/ferabrajan.com\/portal\/2026\/04\/20\/maria-jose-estrada-da-a-puebla-su-primer-oro-en-la-conade-2026\/#primaryimage"},"thumbnailUrl":"https:\/\/ferabrajan.com\/portal\/wp-content\/uploads\/2026\/04\/IMG_3899.jpeg","keywords":["escalada deportiva","Mar\u00eda Jos\u00e9 Estrada Planell","Olimpiada Nacional CONADE 2026","oro"],"articleSection":["Local","Principal","Puebla"],"inLanguage":"es"},{"@type":"WebPage","@id":"https:\/\/ferabrajan.com\/portal\/2026\/04\/20\/maria-jose-estrada-da-a-puebla-su-primer-oro-en-la-conade-2026\/","url":"https:\/\/ferabrajan.com\/portal\/2026\/04\/20\/maria-jose-estrada-da-a-puebla-su-primer-oro-en-la-conade-2026\/","name":"Mar\u00eda Jos\u00e9 Estrada da a Puebla su primer oro en la CONADE 2026 - Fer Abrajan","isPartOf":{"@id":"https:\/\/ferabrajan.com\/portal\/#website"},"primaryImageOfPage":{"@id":"https:\/\/ferabrajan.com\/portal\/2026\/04\/20\/maria-jose-estrada-da-a-puebla-su-primer-oro-en-la-conade-2026\/#primaryimage"},"image":{"@id":"https:\/\/ferabrajan.com\/portal\/2026\/04\/20\/maria-jose-estrada-da-a-puebla-su-primer-oro-en-la-conade-2026\/#primaryimage"},"thumbnailUrl":"https:\/\/ferabrajan.com\/portal\/wp-content\/uploads\/2026\/04\/IMG_3899.jpeg","datePublished":"2026-04-20T14:46:08+00:00","breadcrumb":{"@id":"https:\/\/ferabrajan.com\/portal\/2026\/04\/20\/maria-jose-estrada-da-a-puebla-su-primer-oro-en-la-conade-2026\/#breadcrumb"},"inLanguage":"es","potentialAction":[{"@type":"ReadAction","target":["https:\/\/ferabrajan.com\/portal\/2026\/04\/20\/maria-jose-estrada-da-a-puebla-su-primer-oro-en-la-conade-2026\/"]}]},{"@type":"ImageObject","inLanguage":"es","@id":"https:\/\/ferabrajan.com\/portal\/2026\/04\/20\/maria-jose-estrada-da-a-puebla-su-primer-oro-en-la-conade-2026\/#primaryimage","url":"https:\/\/ferabrajan.com\/portal\/wp-content\/uploads\/2026\/04\/IMG_3899.jpeg","contentUrl":"https:\/\/ferabrajan.com\/portal\/wp-content\/uploads\/2026\/04\/IMG_3899.jpeg","width":1280,"height":888},{"@type":"BreadcrumbList","@id":"https:\/\/ferabrajan.com\/portal\/2026\/04\/20\/maria-jose-estrada-da-a-puebla-su-primer-oro-en-la-conade-2026\/#breadcrumb","itemListElement":[{"@type":"ListItem","position":1,"name":"Portada","item":"https:\/\/ferabrajan.com\/portal\/"},{"@type":"ListItem","position":2,"name":"Mar\u00eda Jos\u00e9 Estrada da a Puebla su primer oro en la CONADE 2026"}]},{"@type":"WebSite","@id":"https:\/\/ferabrajan.com\/portal\/#website","url":"https:\/\/ferabrajan.com\/portal\/","name":"Fer Abrajan","description":"Noticias de Puebla, opini\u00f3n y radio en vivo","publisher":{"@id":"https:\/\/ferabrajan.com\/portal\/#organization"},"potentialAction":[{"@type":"SearchAction","target":{"@type":"EntryPoint","urlTemplate":"https:\/\/ferabrajan.com\/portal\/?s={search_term_string}"},"query-input":{"@type":"PropertyValueSpecification","valueRequired":true,"valueName":"search_term_string"}}],"inLanguage":"es"},{"@type":"Organization","@id":"https:\/\/ferabrajan.com\/portal\/#organization","name":"Fer Abrajan","url":"https:\/\/ferabrajan.com\/portal\/","logo":{"@type":"ImageObject","inLanguage":"es","@id":"https:\/\/ferabrajan.com\/portal\/#\/schema\/logo\/image\/","url":"https:\/\/ferabrajan.com\/portal\/wp-content\/uploads\/2024\/10\/cropped-logo.jpeg","contentUrl":"https:\/\/ferabrajan.com\/portal\/wp-content\/uploads\/2024\/10\/cropped-logo.jpeg","width":500,"height":250,"caption":"Fer Abrajan"},"image":{"@id":"https:\/\/ferabrajan.com\/portal\/#\/schema\/logo\/image\/"},"sameAs":["https:\/\/www.facebook.com\/NoticiasconFerAbrajan\/","https:\/\/x.com\/ferabrajan1"]},{"@type":"Person","@id":"https:\/\/ferabrajan.com\/portal\/#\/schema\/person\/83ed4fff5d7e4c8edf481fa39f71acb2","name":"Ismael Rojas","image":{"@type":"ImageObject","inLanguage":"es","@id":"https:\/\/secure.gravatar.com\/avatar\/e4a9cb58548fedeb6143fa536c79b44c34454539235177c55c5819d74963e9d6?s=96&d=mm&r=g","url":"https:\/\/secure.gravatar.com\/avatar\/e4a9cb58548fedeb6143fa536c79b44c34454539235177c55c5819d74963e9d6?s=96&d=mm&r=g","contentUrl":"https:\/\/secure.gravatar.com\/avatar\/e4a9cb58548fedeb6143fa536c79b44c34454539235177c55c5819d74963e9d6?s=96&d=mm&r=g","caption":"Ismael Rojas"},"url":"https:\/\/ferabrajan.com\/portal\/author\/ismael\/"}]}},"_links":{"self":[{"href":"https:\/\/ferabrajan.com\/portal\/wp-json\/wp\/v2\/posts\/81302","targetHints":{"allow":["GET"]}}],"collection":[{"href":"https:\/\/ferabrajan.com\/portal\/wp-json\/wp\/v2\/posts"}],"about":[{"href":"https:\/\/ferabrajan.com\/portal\/wp-json\/wp\/v2\/types\/post"}],"author":[{"embeddable":true,"href":"https:\/\/ferabrajan.com\/portal\/wp-json\/wp\/v2\/users\/4"}],"replies":[{"embeddable":true,"href":"https:\/\/ferabrajan.com\/portal\/wp-json\/wp\/v2\/comments?post=81302"}],"version-history":[{"count":1,"href":"https:\/\/ferabrajan.com\/portal\/wp-json\/wp\/v2\/posts\/81302\/revisions"}],"predecessor-version":[{"id":81306,"href":"https:\/\/ferabrajan.com\/portal\/wp-json\/wp\/v2\/posts\/81302\/revisions\/81306"}],"wp:featuredmedia":[{"embeddable":true,"href":"https:\/\/ferabrajan.com\/portal\/wp-json\/wp\/v2\/media\/81305"}],"wp:attachment":[{"href":"https:\/\/ferabrajan.com\/portal\/wp-json\/wp\/v2\/media?parent=81302"}],"wp:term":[{"taxonomy":"category","embeddable":true,"href":"https:\/\/ferabrajan.com\/portal\/wp-json\/wp\/v2\/categories?post=81302"},{"taxonomy":"post_tag","embeddable":true,"href":"https:\/\/ferabrajan.com\/portal\/wp-json\/wp\/v2\/tags?post=81302"}],"curies":[{"name":"wp","href":"https:\/\/api.w.org\/{rel}","templated":true}]}}