{"id":81298,"date":"2026-04-20T14:39:19","date_gmt":"2026-04-20T14:39:19","guid":{"rendered":"https:\/\/ferabrajan.com\/portal\/?p=81298"},"modified":"2026-04-20T14:39:19","modified_gmt":"2026-04-20T14:39:19","slug":"productos-poblanos-llegan-a-mercados-de-eu","status":"publish","type":"post","link":"https:\/\/ferabrajan.com\/portal\/2026\/04\/20\/productos-poblanos-llegan-a-mercados-de-eu\/","title":{"rendered":"Productos poblanos llegan a mercados de EU"},"content":{"rendered":"<p data-start=\"48\" data-end=\"296\">El Gobierno de <span class=\"hover:entity-accent entity-underline inline cursor-pointer align-baseline\"><span class=\"whitespace-normal\">Puebla<\/span><\/span> impulsa la presencia internacional de la marca <strong data-start=\"148\" data-end=\"172\">Puebla Cinco de Mayo<\/strong>, mediante alianzas con migrantes y empresarios en Estados Unidos para <strong data-start=\"243\" data-end=\"295\">abrir nuevos mercados y fortalecer exportaciones<\/strong>.<\/p>\n<p data-start=\"298\" data-end=\"576\">El titular de la <span class=\"hover:entity-accent entity-underline inline cursor-pointer align-baseline\"><span class=\"whitespace-normal\">Secretar\u00eda de Desarrollo Econ\u00f3mico y Trabajo de Puebla<\/span><\/span>, <strong data-start=\"354\" data-end=\"381\">V\u00edctor Gabriel Chedraui<\/strong>, inform\u00f3 que esta estrategia busca posicionar productos poblanos con <strong data-start=\"451\" data-end=\"507\">est\u00e1ndares de calidad y competitividad internacional<\/strong>, facilitando su integraci\u00f3n en cadenas comerciales en el extranjero.<\/p>\n<p data-start=\"578\" data-end=\"784\">La iniciativa contempla <strong data-start=\"602\" data-end=\"655\">asesor\u00eda t\u00e9cnica, certificaci\u00f3n y apoyo log\u00edstico<\/strong> para empresas locales, con el fin de garantizar el cumplimiento de normas internacionales y mejorar su capacidad de exportaci\u00f3n.<\/p>\n<p data-start=\"578\" data-end=\"784\"><img fetchpriority=\"high\" decoding=\"async\" class=\"alignnone size-medium wp-image-81299\" src=\"https:\/\/ferabrajan.com\/portal\/wp-content\/uploads\/2026\/04\/WhatsApp_Image_2026-04-19_at_1.45.05_PM-300x200.jpeg\" alt=\"\" width=\"300\" height=\"200\" srcset=\"https:\/\/ferabrajan.com\/portal\/wp-content\/uploads\/2026\/04\/WhatsApp_Image_2026-04-19_at_1.45.05_PM-300x200.jpeg 300w, https:\/\/ferabrajan.com\/portal\/wp-content\/uploads\/2026\/04\/WhatsApp_Image_2026-04-19_at_1.45.05_PM-1024x682.jpeg 1024w, https:\/\/ferabrajan.com\/portal\/wp-content\/uploads\/2026\/04\/WhatsApp_Image_2026-04-19_at_1.45.05_PM-768x512.jpeg 768w, https:\/\/ferabrajan.com\/portal\/wp-content\/uploads\/2026\/04\/WhatsApp_Image_2026-04-19_at_1.45.05_PM.jpeg 1280w\" sizes=\"(max-width: 300px) 100vw, 300px\" \/> <img decoding=\"async\" class=\"alignnone size-medium wp-image-81300\" src=\"https:\/\/ferabrajan.com\/portal\/wp-content\/uploads\/2026\/04\/WhatsApp_Image_2026-04-19_at_1.45.05_PM_1-300x200.jpeg\" alt=\"\" width=\"300\" height=\"200\" srcset=\"https:\/\/ferabrajan.com\/portal\/wp-content\/uploads\/2026\/04\/WhatsApp_Image_2026-04-19_at_1.45.05_PM_1-300x200.jpeg 300w, https:\/\/ferabrajan.com\/portal\/wp-content\/uploads\/2026\/04\/WhatsApp_Image_2026-04-19_at_1.45.05_PM_1-1024x682.jpeg 1024w, https:\/\/ferabrajan.com\/portal\/wp-content\/uploads\/2026\/04\/WhatsApp_Image_2026-04-19_at_1.45.05_PM_1-768x512.jpeg 768w, https:\/\/ferabrajan.com\/portal\/wp-content\/uploads\/2026\/04\/WhatsApp_Image_2026-04-19_at_1.45.05_PM_1.jpeg 1280w\" sizes=\"(max-width: 300px) 100vw, 300px\" \/><\/p>\n<p data-start=\"786\" data-end=\"973\">Adem\u00e1s, se consolidan rutas comerciales para <strong data-start=\"831\" data-end=\"871\">alimentos, bebidas y otros productos<\/strong>, resultado del trabajo conjunto entre autoridades estatales y la comunidad poblana en Estados Unidos.<\/p>\n<p data-start=\"975\" data-end=\"1202\" data-is-last-node=\"\" data-is-only-node=\"\">Con esta pol\u00edtica, el gobierno estatal busca <strong data-start=\"1020\" data-end=\"1138\">incrementar los ingresos de productores, fortalecer la econom\u00eda local y promover el orgullo por lo hecho en Puebla<\/strong>, posicionando la marca como una plataforma de expansi\u00f3n global.<\/p>\n","protected":false},"excerpt":{"rendered":"<p>Se consolidan alianzas con poblanos en Estados Unidos para abrir mercados.<\/p>\n","protected":false},"author":3,"featured_media":81299,"comment_status":"closed","ping_status":"closed","sticky":false,"template":"","format":"standard","meta":{"_monsterinsights_skip_tracking":false,"_uf_show_specific_survey":0,"_uf_disable_surveys":false,"footnotes":""},"categories":[585,34],"tags":[4432,4433,3875],"class_list":["post-81298","post","type-post","status-publish","format-standard","has-post-thumbnail","hentry","category-principal","category-puebla","tag-puebla-cinco-de-mayo","tag-secretaria-de-desarrollo-economico-y-trabajo-de-puebla","tag-victor-gabriel-chedraui"],"yoast_head":"<!-- This site is optimized with the Yoast SEO plugin v27.5 - https:\/\/yoast.com\/product\/yoast-seo-wordpress\/ -->\n<title>Productos poblanos llegan a mercados de EU - Fer Abrajan<\/title>\n<meta name=\"robots\" content=\"index, follow, max-snippet:-1, max-image-preview:large, max-video-preview:-1\" \/>\n<link rel=\"canonical\" href=\"https:\/\/ferabrajan.com\/portal\/2026\/04\/20\/productos-poblanos-llegan-a-mercados-de-eu\/\" \/>\n<meta property=\"og:locale\" content=\"es_ES\" \/>\n<meta property=\"og:type\" content=\"article\" \/>\n<meta property=\"og:title\" content=\"Productos poblanos llegan a mercados de EU - Fer Abrajan\" \/>\n<meta property=\"og:description\" content=\"Se consolidan alianzas con poblanos en Estados Unidos para abrir mercados.\" \/>\n<meta property=\"og:url\" content=\"https:\/\/ferabrajan.com\/portal\/2026\/04\/20\/productos-poblanos-llegan-a-mercados-de-eu\/\" \/>\n<meta property=\"og:site_name\" content=\"Fer Abrajan\" \/>\n<meta property=\"article:publisher\" content=\"https:\/\/www.facebook.com\/NoticiasconFerAbrajan\/\" \/>\n<meta property=\"article:published_time\" content=\"2026-04-20T14:39:19+00:00\" \/>\n<meta property=\"og:image\" content=\"https:\/\/ferabrajan.com\/portal\/wp-content\/uploads\/2026\/04\/WhatsApp_Image_2026-04-19_at_1.45.05_PM.jpeg\" \/>\n\t<meta property=\"og:image:width\" content=\"1280\" \/>\n\t<meta property=\"og:image:height\" content=\"853\" \/>\n\t<meta property=\"og:image:type\" content=\"image\/jpeg\" \/>\n<meta name=\"author\" content=\"Rebeca N\u00fa\u00f1ez\" \/>\n<meta name=\"twitter:card\" content=\"summary_large_image\" \/>\n<meta name=\"twitter:creator\" content=\"@ferabrajan1\" \/>\n<meta name=\"twitter:site\" content=\"@ferabrajan1\" \/>\n<meta name=\"twitter:label1\" content=\"Escrito por\" \/>\n\t<meta name=\"twitter:data1\" content=\"Rebeca N\u00fa\u00f1ez\" \/>\n\t<meta name=\"twitter:label2\" content=\"Tiempo de lectura\" \/>\n\t<meta name=\"twitter:data2\" content=\"2 minutos\" \/>\n<script type=\"application\/ld+json\" class=\"yoast-schema-graph\">{\"@context\":\"https:\\\/\\\/schema.org\",\"@graph\":[{\"@type\":\"Article\",\"@id\":\"https:\\\/\\\/ferabrajan.com\\\/portal\\\/2026\\\/04\\\/20\\\/productos-poblanos-llegan-a-mercados-de-eu\\\/#article\",\"isPartOf\":{\"@id\":\"https:\\\/\\\/ferabrajan.com\\\/portal\\\/2026\\\/04\\\/20\\\/productos-poblanos-llegan-a-mercados-de-eu\\\/\"},\"author\":{\"name\":\"Rebeca N\u00fa\u00f1ez\",\"@id\":\"https:\\\/\\\/ferabrajan.com\\\/portal\\\/#\\\/schema\\\/person\\\/a79364e0091921e733584c4833bc7a50\"},\"headline\":\"Productos poblanos llegan a mercados de EU\",\"datePublished\":\"2026-04-20T14:39:19+00:00\",\"mainEntityOfPage\":{\"@id\":\"https:\\\/\\\/ferabrajan.com\\\/portal\\\/2026\\\/04\\\/20\\\/productos-poblanos-llegan-a-mercados-de-eu\\\/\"},\"wordCount\":178,\"publisher\":{\"@id\":\"https:\\\/\\\/ferabrajan.com\\\/portal\\\/#organization\"},\"image\":{\"@id\":\"https:\\\/\\\/ferabrajan.com\\\/portal\\\/2026\\\/04\\\/20\\\/productos-poblanos-llegan-a-mercados-de-eu\\\/#primaryimage\"},\"thumbnailUrl\":\"https:\\\/\\\/ferabrajan.com\\\/portal\\\/wp-content\\\/uploads\\\/2026\\\/04\\\/WhatsApp_Image_2026-04-19_at_1.45.05_PM.jpeg\",\"keywords\":[\"Puebla Cinco de Mayo\",\"Secretar\u00eda de Desarrollo Econ\u00f3mico y Trabajo de Puebla\",\"V\u00edctor Gabriel Chedraui\"],\"articleSection\":[\"Principal\",\"Puebla\"],\"inLanguage\":\"es\"},{\"@type\":\"WebPage\",\"@id\":\"https:\\\/\\\/ferabrajan.com\\\/portal\\\/2026\\\/04\\\/20\\\/productos-poblanos-llegan-a-mercados-de-eu\\\/\",\"url\":\"https:\\\/\\\/ferabrajan.com\\\/portal\\\/2026\\\/04\\\/20\\\/productos-poblanos-llegan-a-mercados-de-eu\\\/\",\"name\":\"Productos poblanos llegan a mercados de EU - Fer Abrajan\",\"isPartOf\":{\"@id\":\"https:\\\/\\\/ferabrajan.com\\\/portal\\\/#website\"},\"primaryImageOfPage\":{\"@id\":\"https:\\\/\\\/ferabrajan.com\\\/portal\\\/2026\\\/04\\\/20\\\/productos-poblanos-llegan-a-mercados-de-eu\\\/#primaryimage\"},\"image\":{\"@id\":\"https:\\\/\\\/ferabrajan.com\\\/portal\\\/2026\\\/04\\\/20\\\/productos-poblanos-llegan-a-mercados-de-eu\\\/#primaryimage\"},\"thumbnailUrl\":\"https:\\\/\\\/ferabrajan.com\\\/portal\\\/wp-content\\\/uploads\\\/2026\\\/04\\\/WhatsApp_Image_2026-04-19_at_1.45.05_PM.jpeg\",\"datePublished\":\"2026-04-20T14:39:19+00:00\",\"breadcrumb\":{\"@id\":\"https:\\\/\\\/ferabrajan.com\\\/portal\\\/2026\\\/04\\\/20\\\/productos-poblanos-llegan-a-mercados-de-eu\\\/#breadcrumb\"},\"inLanguage\":\"es\",\"potentialAction\":[{\"@type\":\"ReadAction\",\"target\":[\"https:\\\/\\\/ferabrajan.com\\\/portal\\\/2026\\\/04\\\/20\\\/productos-poblanos-llegan-a-mercados-de-eu\\\/\"]}]},{\"@type\":\"ImageObject\",\"inLanguage\":\"es\",\"@id\":\"https:\\\/\\\/ferabrajan.com\\\/portal\\\/2026\\\/04\\\/20\\\/productos-poblanos-llegan-a-mercados-de-eu\\\/#primaryimage\",\"url\":\"https:\\\/\\\/ferabrajan.com\\\/portal\\\/wp-content\\\/uploads\\\/2026\\\/04\\\/WhatsApp_Image_2026-04-19_at_1.45.05_PM.jpeg\",\"contentUrl\":\"https:\\\/\\\/ferabrajan.com\\\/portal\\\/wp-content\\\/uploads\\\/2026\\\/04\\\/WhatsApp_Image_2026-04-19_at_1.45.05_PM.jpeg\",\"width\":1280,\"height\":853},{\"@type\":\"BreadcrumbList\",\"@id\":\"https:\\\/\\\/ferabrajan.com\\\/portal\\\/2026\\\/04\\\/20\\\/productos-poblanos-llegan-a-mercados-de-eu\\\/#breadcrumb\",\"itemListElement\":[{\"@type\":\"ListItem\",\"position\":1,\"name\":\"Portada\",\"item\":\"https:\\\/\\\/ferabrajan.com\\\/portal\\\/\"},{\"@type\":\"ListItem\",\"position\":2,\"name\":\"Productos poblanos llegan a mercados de EU\"}]},{\"@type\":\"WebSite\",\"@id\":\"https:\\\/\\\/ferabrajan.com\\\/portal\\\/#website\",\"url\":\"https:\\\/\\\/ferabrajan.com\\\/portal\\\/\",\"name\":\"Fer Abrajan\",\"description\":\"Noticias de Puebla, opini\u00f3n y radio en vivo\",\"publisher\":{\"@id\":\"https:\\\/\\\/ferabrajan.com\\\/portal\\\/#organization\"},\"potentialAction\":[{\"@type\":\"SearchAction\",\"target\":{\"@type\":\"EntryPoint\",\"urlTemplate\":\"https:\\\/\\\/ferabrajan.com\\\/portal\\\/?s={search_term_string}\"},\"query-input\":{\"@type\":\"PropertyValueSpecification\",\"valueRequired\":true,\"valueName\":\"search_term_string\"}}],\"inLanguage\":\"es\"},{\"@type\":\"Organization\",\"@id\":\"https:\\\/\\\/ferabrajan.com\\\/portal\\\/#organization\",\"name\":\"Fer Abrajan\",\"url\":\"https:\\\/\\\/ferabrajan.com\\\/portal\\\/\",\"logo\":{\"@type\":\"ImageObject\",\"inLanguage\":\"es\",\"@id\":\"https:\\\/\\\/ferabrajan.com\\\/portal\\\/#\\\/schema\\\/logo\\\/image\\\/\",\"url\":\"https:\\\/\\\/ferabrajan.com\\\/portal\\\/wp-content\\\/uploads\\\/2024\\\/10\\\/cropped-logo.jpeg\",\"contentUrl\":\"https:\\\/\\\/ferabrajan.com\\\/portal\\\/wp-content\\\/uploads\\\/2024\\\/10\\\/cropped-logo.jpeg\",\"width\":500,\"height\":250,\"caption\":\"Fer Abrajan\"},\"image\":{\"@id\":\"https:\\\/\\\/ferabrajan.com\\\/portal\\\/#\\\/schema\\\/logo\\\/image\\\/\"},\"sameAs\":[\"https:\\\/\\\/www.facebook.com\\\/NoticiasconFerAbrajan\\\/\",\"https:\\\/\\\/x.com\\\/ferabrajan1\"]},{\"@type\":\"Person\",\"@id\":\"https:\\\/\\\/ferabrajan.com\\\/portal\\\/#\\\/schema\\\/person\\\/a79364e0091921e733584c4833bc7a50\",\"name\":\"Rebeca N\u00fa\u00f1ez\",\"image\":{\"@type\":\"ImageObject\",\"inLanguage\":\"es\",\"@id\":\"https:\\\/\\\/secure.gravatar.com\\\/avatar\\\/c9cbf721287e849268cd37eca93cf4be51b2eed9e71c8d0c6825bd912000b74e?s=96&d=mm&r=g\",\"url\":\"https:\\\/\\\/secure.gravatar.com\\\/avatar\\\/c9cbf721287e849268cd37eca93cf4be51b2eed9e71c8d0c6825bd912000b74e?s=96&d=mm&r=g\",\"contentUrl\":\"https:\\\/\\\/secure.gravatar.com\\\/avatar\\\/c9cbf721287e849268cd37eca93cf4be51b2eed9e71c8d0c6825bd912000b74e?s=96&d=mm&r=g\",\"caption\":\"Rebeca N\u00fa\u00f1ez\"},\"url\":\"https:\\\/\\\/ferabrajan.com\\\/portal\\\/author\\\/rebeca\\\/\"}]}<\/script>\n<!-- \/ Yoast SEO plugin. -->","yoast_head_json":{"title":"Productos poblanos llegan a mercados de EU - Fer Abrajan","robots":{"index":"index","follow":"follow","max-snippet":"max-snippet:-1","max-image-preview":"max-image-preview:large","max-video-preview":"max-video-preview:-1"},"canonical":"https:\/\/ferabrajan.com\/portal\/2026\/04\/20\/productos-poblanos-llegan-a-mercados-de-eu\/","og_locale":"es_ES","og_type":"article","og_title":"Productos poblanos llegan a mercados de EU - Fer Abrajan","og_description":"Se consolidan alianzas con poblanos en Estados Unidos para abrir mercados.","og_url":"https:\/\/ferabrajan.com\/portal\/2026\/04\/20\/productos-poblanos-llegan-a-mercados-de-eu\/","og_site_name":"Fer Abrajan","article_publisher":"https:\/\/www.facebook.com\/NoticiasconFerAbrajan\/","article_published_time":"2026-04-20T14:39:19+00:00","og_image":[{"width":1280,"height":853,"url":"https:\/\/ferabrajan.com\/portal\/wp-content\/uploads\/2026\/04\/WhatsApp_Image_2026-04-19_at_1.45.05_PM.jpeg","type":"image\/jpeg"}],"author":"Rebeca N\u00fa\u00f1ez","twitter_card":"summary_large_image","twitter_creator":"@ferabrajan1","twitter_site":"@ferabrajan1","twitter_misc":{"Escrito por":"Rebeca N\u00fa\u00f1ez","Tiempo de lectura":"2 minutos"},"schema":{"@context":"https:\/\/schema.org","@graph":[{"@type":"Article","@id":"https:\/\/ferabrajan.com\/portal\/2026\/04\/20\/productos-poblanos-llegan-a-mercados-de-eu\/#article","isPartOf":{"@id":"https:\/\/ferabrajan.com\/portal\/2026\/04\/20\/productos-poblanos-llegan-a-mercados-de-eu\/"},"author":{"name":"Rebeca N\u00fa\u00f1ez","@id":"https:\/\/ferabrajan.com\/portal\/#\/schema\/person\/a79364e0091921e733584c4833bc7a50"},"headline":"Productos poblanos llegan a mercados de EU","datePublished":"2026-04-20T14:39:19+00:00","mainEntityOfPage":{"@id":"https:\/\/ferabrajan.com\/portal\/2026\/04\/20\/productos-poblanos-llegan-a-mercados-de-eu\/"},"wordCount":178,"publisher":{"@id":"https:\/\/ferabrajan.com\/portal\/#organization"},"image":{"@id":"https:\/\/ferabrajan.com\/portal\/2026\/04\/20\/productos-poblanos-llegan-a-mercados-de-eu\/#primaryimage"},"thumbnailUrl":"https:\/\/ferabrajan.com\/portal\/wp-content\/uploads\/2026\/04\/WhatsApp_Image_2026-04-19_at_1.45.05_PM.jpeg","keywords":["Puebla Cinco de Mayo","Secretar\u00eda de Desarrollo Econ\u00f3mico y Trabajo de Puebla","V\u00edctor Gabriel Chedraui"],"articleSection":["Principal","Puebla"],"inLanguage":"es"},{"@type":"WebPage","@id":"https:\/\/ferabrajan.com\/portal\/2026\/04\/20\/productos-poblanos-llegan-a-mercados-de-eu\/","url":"https:\/\/ferabrajan.com\/portal\/2026\/04\/20\/productos-poblanos-llegan-a-mercados-de-eu\/","name":"Productos poblanos llegan a mercados de EU - Fer Abrajan","isPartOf":{"@id":"https:\/\/ferabrajan.com\/portal\/#website"},"primaryImageOfPage":{"@id":"https:\/\/ferabrajan.com\/portal\/2026\/04\/20\/productos-poblanos-llegan-a-mercados-de-eu\/#primaryimage"},"image":{"@id":"https:\/\/ferabrajan.com\/portal\/2026\/04\/20\/productos-poblanos-llegan-a-mercados-de-eu\/#primaryimage"},"thumbnailUrl":"https:\/\/ferabrajan.com\/portal\/wp-content\/uploads\/2026\/04\/WhatsApp_Image_2026-04-19_at_1.45.05_PM.jpeg","datePublished":"2026-04-20T14:39:19+00:00","breadcrumb":{"@id":"https:\/\/ferabrajan.com\/portal\/2026\/04\/20\/productos-poblanos-llegan-a-mercados-de-eu\/#breadcrumb"},"inLanguage":"es","potentialAction":[{"@type":"ReadAction","target":["https:\/\/ferabrajan.com\/portal\/2026\/04\/20\/productos-poblanos-llegan-a-mercados-de-eu\/"]}]},{"@type":"ImageObject","inLanguage":"es","@id":"https:\/\/ferabrajan.com\/portal\/2026\/04\/20\/productos-poblanos-llegan-a-mercados-de-eu\/#primaryimage","url":"https:\/\/ferabrajan.com\/portal\/wp-content\/uploads\/2026\/04\/WhatsApp_Image_2026-04-19_at_1.45.05_PM.jpeg","contentUrl":"https:\/\/ferabrajan.com\/portal\/wp-content\/uploads\/2026\/04\/WhatsApp_Image_2026-04-19_at_1.45.05_PM.jpeg","width":1280,"height":853},{"@type":"BreadcrumbList","@id":"https:\/\/ferabrajan.com\/portal\/2026\/04\/20\/productos-poblanos-llegan-a-mercados-de-eu\/#breadcrumb","itemListElement":[{"@type":"ListItem","position":1,"name":"Portada","item":"https:\/\/ferabrajan.com\/portal\/"},{"@type":"ListItem","position":2,"name":"Productos poblanos llegan a mercados de EU"}]},{"@type":"WebSite","@id":"https:\/\/ferabrajan.com\/portal\/#website","url":"https:\/\/ferabrajan.com\/portal\/","name":"Fer Abrajan","description":"Noticias de Puebla, opini\u00f3n y radio en vivo","publisher":{"@id":"https:\/\/ferabrajan.com\/portal\/#organization"},"potentialAction":[{"@type":"SearchAction","target":{"@type":"EntryPoint","urlTemplate":"https:\/\/ferabrajan.com\/portal\/?s={search_term_string}"},"query-input":{"@type":"PropertyValueSpecification","valueRequired":true,"valueName":"search_term_string"}}],"inLanguage":"es"},{"@type":"Organization","@id":"https:\/\/ferabrajan.com\/portal\/#organization","name":"Fer Abrajan","url":"https:\/\/ferabrajan.com\/portal\/","logo":{"@type":"ImageObject","inLanguage":"es","@id":"https:\/\/ferabrajan.com\/portal\/#\/schema\/logo\/image\/","url":"https:\/\/ferabrajan.com\/portal\/wp-content\/uploads\/2024\/10\/cropped-logo.jpeg","contentUrl":"https:\/\/ferabrajan.com\/portal\/wp-content\/uploads\/2024\/10\/cropped-logo.jpeg","width":500,"height":250,"caption":"Fer Abrajan"},"image":{"@id":"https:\/\/ferabrajan.com\/portal\/#\/schema\/logo\/image\/"},"sameAs":["https:\/\/www.facebook.com\/NoticiasconFerAbrajan\/","https:\/\/x.com\/ferabrajan1"]},{"@type":"Person","@id":"https:\/\/ferabrajan.com\/portal\/#\/schema\/person\/a79364e0091921e733584c4833bc7a50","name":"Rebeca N\u00fa\u00f1ez","image":{"@type":"ImageObject","inLanguage":"es","@id":"https:\/\/secure.gravatar.com\/avatar\/c9cbf721287e849268cd37eca93cf4be51b2eed9e71c8d0c6825bd912000b74e?s=96&d=mm&r=g","url":"https:\/\/secure.gravatar.com\/avatar\/c9cbf721287e849268cd37eca93cf4be51b2eed9e71c8d0c6825bd912000b74e?s=96&d=mm&r=g","contentUrl":"https:\/\/secure.gravatar.com\/avatar\/c9cbf721287e849268cd37eca93cf4be51b2eed9e71c8d0c6825bd912000b74e?s=96&d=mm&r=g","caption":"Rebeca N\u00fa\u00f1ez"},"url":"https:\/\/ferabrajan.com\/portal\/author\/rebeca\/"}]}},"_links":{"self":[{"href":"https:\/\/ferabrajan.com\/portal\/wp-json\/wp\/v2\/posts\/81298","targetHints":{"allow":["GET"]}}],"collection":[{"href":"https:\/\/ferabrajan.com\/portal\/wp-json\/wp\/v2\/posts"}],"about":[{"href":"https:\/\/ferabrajan.com\/portal\/wp-json\/wp\/v2\/types\/post"}],"author":[{"embeddable":true,"href":"https:\/\/ferabrajan.com\/portal\/wp-json\/wp\/v2\/users\/3"}],"replies":[{"embeddable":true,"href":"https:\/\/ferabrajan.com\/portal\/wp-json\/wp\/v2\/comments?post=81298"}],"version-history":[{"count":1,"href":"https:\/\/ferabrajan.com\/portal\/wp-json\/wp\/v2\/posts\/81298\/revisions"}],"predecessor-version":[{"id":81301,"href":"https:\/\/ferabrajan.com\/portal\/wp-json\/wp\/v2\/posts\/81298\/revisions\/81301"}],"wp:featuredmedia":[{"embeddable":true,"href":"https:\/\/ferabrajan.com\/portal\/wp-json\/wp\/v2\/media\/81299"}],"wp:attachment":[{"href":"https:\/\/ferabrajan.com\/portal\/wp-json\/wp\/v2\/media?parent=81298"}],"wp:term":[{"taxonomy":"category","embeddable":true,"href":"https:\/\/ferabrajan.com\/portal\/wp-json\/wp\/v2\/categories?post=81298"},{"taxonomy":"post_tag","embeddable":true,"href":"https:\/\/ferabrajan.com\/portal\/wp-json\/wp\/v2\/tags?post=81298"}],"curies":[{"name":"wp","href":"https:\/\/api.w.org\/{rel}","templated":true}]}}