{"id":81265,"date":"2026-04-17T15:37:07","date_gmt":"2026-04-17T15:37:07","guid":{"rendered":"https:\/\/ferabrajan.com\/portal\/?p=81265"},"modified":"2026-04-17T15:54:38","modified_gmt":"2026-04-17T15:54:38","slug":"fge-puebla-refuerza-investigacion-forense-con-apoyo-internacional","status":"publish","type":"post","link":"https:\/\/ferabrajan.com\/portal\/2026\/04\/17\/fge-puebla-refuerza-investigacion-forense-con-apoyo-internacional\/","title":{"rendered":"FGE Puebla refuerza investigaci\u00f3n forense con apoyo internacional"},"content":{"rendered":"<p data-start=\"71\" data-end=\"381\">La <span class=\"hover:entity-accent entity-underline inline cursor-pointer align-baseline\"><span class=\"whitespace-normal\">Fiscal\u00eda General del Estado de Puebla<\/span><\/span> fortaleci\u00f3 sus capacidades forenses mediante un esquema de colaboraci\u00f3n con la <strong data-start=\"191\" data-end=\"231\">Embajada de Estados Unidos en M\u00e9xico<\/strong>, a trav\u00e9s de la Oficina de Asuntos Antinarc\u00f3ticos y Aplicaci\u00f3n de la Ley (INL), con el objetivo de mejorar la investigaci\u00f3n de delitos en la entidad.<\/p>\n<p data-start=\"383\" data-end=\"649\">Este acuerdo impulsa la <strong data-start=\"407\" data-end=\"481\">capacitaci\u00f3n continua, asesor\u00eda t\u00e9cnica y acreditaci\u00f3n de laboratorios<\/strong> del Instituto de Ciencias Forenses en \u00e1reas clave como <strong data-start=\"537\" data-end=\"615\">bal\u00edstica, gen\u00e9tica, qu\u00edmica forense, criminal\u00edstica de campo y lofoscop\u00eda<\/strong>, bajo est\u00e1ndares internacionales.<\/p>\n<p data-start=\"651\" data-end=\"908\">Adem\u00e1s, el programa contempla la <strong data-start=\"684\" data-end=\"722\">certificaci\u00f3n de personal pericial<\/strong>, la incorporaci\u00f3n de <strong data-start=\"744\" data-end=\"772\">tecnolog\u00eda especializada<\/strong> y el fortalecimiento del an\u00e1lisis cient\u00edfico de evidencia, lo que permitir\u00e1 robustecer los procesos de investigaci\u00f3n y judicializaci\u00f3n.<\/p>\n<p data-start=\"910\" data-end=\"1104\">El Instituto de Ciencias Forenses, encabezado por <strong data-start=\"960\" data-end=\"988\">Alejo Rogelio Carpio R\u00edo<\/strong>, ser\u00e1 pieza clave en la implementaci\u00f3n de este modelo, enfocado en la evidencia cient\u00edfica y la profesionalizaci\u00f3n.<\/p>\n<p data-start=\"1106\" data-end=\"1280\" data-is-last-node=\"\" data-is-only-node=\"\">Con estas acciones, la Fiscal\u00eda busca consolidar una instituci\u00f3n <strong data-start=\"1171\" data-end=\"1215\">m\u00e1s eficiente, especializada y confiable<\/strong>, que garantice mejores resultados en la procuraci\u00f3n de justicia.<\/p>\n<figure id=\"attachment_81266\" aria-describedby=\"caption-attachment-81266\" style=\"width: 300px\" class=\"wp-caption alignnone\"><img fetchpriority=\"high\" decoding=\"async\" class=\"size-medium wp-image-81266\" src=\"https:\/\/ferabrajan.com\/portal\/wp-content\/uploads\/2026\/04\/IMG_8260-300x209.jpg\" alt=\"\" width=\"300\" height=\"209\" srcset=\"https:\/\/ferabrajan.com\/portal\/wp-content\/uploads\/2026\/04\/IMG_8260-300x209.jpg 300w, https:\/\/ferabrajan.com\/portal\/wp-content\/uploads\/2026\/04\/IMG_8260-1024x713.jpg 1024w, https:\/\/ferabrajan.com\/portal\/wp-content\/uploads\/2026\/04\/IMG_8260-768x535.jpg 768w, https:\/\/ferabrajan.com\/portal\/wp-content\/uploads\/2026\/04\/IMG_8260.jpg 1169w\" sizes=\"(max-width: 300px) 100vw, 300px\" \/><figcaption id=\"caption-attachment-81266\" class=\"wp-caption-text\">Screenshot<\/figcaption><\/figure>\n<figure id=\"attachment_81267\" aria-describedby=\"caption-attachment-81267\" style=\"width: 300px\" class=\"wp-caption alignnone\"><img decoding=\"async\" class=\"size-medium wp-image-81267\" src=\"https:\/\/ferabrajan.com\/portal\/wp-content\/uploads\/2026\/04\/IMG_8261-300x216.jpg\" alt=\"\" width=\"300\" height=\"216\" srcset=\"https:\/\/ferabrajan.com\/portal\/wp-content\/uploads\/2026\/04\/IMG_8261-300x216.jpg 300w, https:\/\/ferabrajan.com\/portal\/wp-content\/uploads\/2026\/04\/IMG_8261-1024x737.jpg 1024w, https:\/\/ferabrajan.com\/portal\/wp-content\/uploads\/2026\/04\/IMG_8261-768x553.jpg 768w, https:\/\/ferabrajan.com\/portal\/wp-content\/uploads\/2026\/04\/IMG_8261.jpg 1169w\" sizes=\"(max-width: 300px) 100vw, 300px\" \/><figcaption id=\"caption-attachment-81267\" class=\"wp-caption-text\">Screenshot<\/figcaption><\/figure>\n<figure id=\"attachment_81268\" aria-describedby=\"caption-attachment-81268\" style=\"width: 300px\" class=\"wp-caption alignnone\"><img decoding=\"async\" class=\"size-medium wp-image-81268\" src=\"https:\/\/ferabrajan.com\/portal\/wp-content\/uploads\/2026\/04\/IMG_8262-300x221.jpg\" alt=\"\" width=\"300\" height=\"221\" srcset=\"https:\/\/ferabrajan.com\/portal\/wp-content\/uploads\/2026\/04\/IMG_8262-300x221.jpg 300w, https:\/\/ferabrajan.com\/portal\/wp-content\/uploads\/2026\/04\/IMG_8262-1024x754.jpg 1024w, https:\/\/ferabrajan.com\/portal\/wp-content\/uploads\/2026\/04\/IMG_8262-768x565.jpg 768w, https:\/\/ferabrajan.com\/portal\/wp-content\/uploads\/2026\/04\/IMG_8262.jpg 1170w\" sizes=\"(max-width: 300px) 100vw, 300px\" \/><figcaption id=\"caption-attachment-81268\" class=\"wp-caption-text\">Screenshot<\/figcaption><\/figure>\n","protected":false},"excerpt":{"rendered":"<p>La Fiscal\u00eda General del Estado de Puebla fortaleci\u00f3 sus capacidades forenses mediante un esquema de colaboraci\u00f3n con la Embajada de Estados Unidos en M\u00e9xico, a trav\u00e9s de la Oficina de Asuntos Antinarc\u00f3ticos y Aplicaci\u00f3n de la Ley (INL), con el objetivo de mejorar la investigaci\u00f3n de delitos en la entidad. Este acuerdo impulsa la capacitaci\u00f3n continua, asesor\u00eda t\u00e9cnica y acreditaci\u00f3n de laboratorios del Instituto de Ciencias Forenses en \u00e1reas clave como bal\u00edstica, gen\u00e9tica, qu\u00edmica forense, criminal\u00edstica de campo y lofoscop\u00eda, bajo est\u00e1ndares internacionales. Adem\u00e1s, el programa contempla la certificaci\u00f3n de personal pericial, la incorporaci\u00f3n de tecnolog\u00eda especializada y el fortalecimiento del an\u00e1lisis cient\u00edfico de evidencia, lo que permitir\u00e1 robustecer los procesos de investigaci\u00f3n y judicializaci\u00f3n. El Instituto de Ciencias Forenses, encabezado por Alejo Rogelio Carpio R\u00edo, ser\u00e1 pieza clave en la implementaci\u00f3n de este modelo, enfocado en la evidencia cient\u00edfica y la profesionalizaci\u00f3n. Con estas acciones, la Fiscal\u00eda busca consolidar una instituci\u00f3n m\u00e1s eficiente, especializada y confiable, que garantice mejores resultados en la procuraci\u00f3n de justicia.<\/p>\n","protected":false},"author":1,"featured_media":81268,"comment_status":"closed","ping_status":"closed","sticky":false,"template":"","format":"standard","meta":{"_monsterinsights_skip_tracking":false,"_uf_show_specific_survey":0,"_uf_disable_surveys":false,"footnotes":""},"categories":[53,585,34],"tags":[4427,238,3338],"class_list":["post-81265","post","type-post","status-publish","format-standard","has-post-thumbnail","hentry","category-local","category-principal","category-puebla","tag-embajada-de-estados-unidos-en-mexico","tag-fge","tag-idamis-pastor-betancourt"],"yoast_head":"<!-- This site is optimized with the Yoast SEO plugin v27.5 - https:\/\/yoast.com\/product\/yoast-seo-wordpress\/ -->\n<title>FGE Puebla refuerza investigaci\u00f3n forense con apoyo internacional - Fer Abrajan<\/title>\n<meta name=\"robots\" content=\"index, follow, max-snippet:-1, max-image-preview:large, max-video-preview:-1\" \/>\n<link rel=\"canonical\" href=\"https:\/\/ferabrajan.com\/portal\/2026\/04\/17\/fge-puebla-refuerza-investigacion-forense-con-apoyo-internacional\/\" \/>\n<meta property=\"og:locale\" content=\"es_ES\" \/>\n<meta property=\"og:type\" content=\"article\" \/>\n<meta property=\"og:title\" content=\"FGE Puebla refuerza investigaci\u00f3n forense con apoyo internacional - Fer Abrajan\" \/>\n<meta property=\"og:description\" content=\"La Fiscal\u00eda General del Estado de Puebla fortaleci\u00f3 sus capacidades forenses mediante un esquema de colaboraci\u00f3n con la Embajada de Estados Unidos en M\u00e9xico, a trav\u00e9s de la Oficina de Asuntos Antinarc\u00f3ticos y Aplicaci\u00f3n de la Ley (INL), con el objetivo de mejorar la investigaci\u00f3n de delitos en la entidad. Este acuerdo impulsa la capacitaci\u00f3n continua, asesor\u00eda t\u00e9cnica y acreditaci\u00f3n de laboratorios del Instituto de Ciencias Forenses en \u00e1reas clave como bal\u00edstica, gen\u00e9tica, qu\u00edmica forense, criminal\u00edstica de campo y lofoscop\u00eda, bajo est\u00e1ndares internacionales. Adem\u00e1s, el programa contempla la certificaci\u00f3n de personal pericial, la incorporaci\u00f3n de tecnolog\u00eda especializada y el fortalecimiento del an\u00e1lisis cient\u00edfico de evidencia, lo que permitir\u00e1 robustecer los procesos de investigaci\u00f3n y judicializaci\u00f3n. El Instituto de Ciencias Forenses, encabezado por Alejo Rogelio Carpio R\u00edo, ser\u00e1 pieza clave en la implementaci\u00f3n de este modelo, enfocado en la evidencia cient\u00edfica y la profesionalizaci\u00f3n. Con estas acciones, la Fiscal\u00eda busca consolidar una instituci\u00f3n m\u00e1s eficiente, especializada y confiable, que garantice mejores resultados en la procuraci\u00f3n de justicia.\" \/>\n<meta property=\"og:url\" content=\"https:\/\/ferabrajan.com\/portal\/2026\/04\/17\/fge-puebla-refuerza-investigacion-forense-con-apoyo-internacional\/\" \/>\n<meta property=\"og:site_name\" content=\"Fer Abrajan\" \/>\n<meta property=\"article:publisher\" content=\"https:\/\/www.facebook.com\/NoticiasconFerAbrajan\/\" \/>\n<meta property=\"article:published_time\" content=\"2026-04-17T15:37:07+00:00\" \/>\n<meta property=\"article:modified_time\" content=\"2026-04-17T15:54:38+00:00\" \/>\n<meta property=\"og:image\" content=\"https:\/\/ferabrajan.com\/portal\/wp-content\/uploads\/2026\/04\/IMG_8262.jpg\" \/>\n\t<meta property=\"og:image:width\" content=\"1170\" \/>\n\t<meta property=\"og:image:height\" content=\"861\" \/>\n\t<meta property=\"og:image:type\" content=\"image\/jpeg\" \/>\n<meta name=\"author\" content=\"admin\" \/>\n<meta name=\"twitter:card\" content=\"summary_large_image\" \/>\n<meta name=\"twitter:creator\" content=\"@ferabrajan1\" \/>\n<meta name=\"twitter:site\" content=\"@ferabrajan1\" \/>\n<meta name=\"twitter:label1\" content=\"Escrito por\" \/>\n\t<meta name=\"twitter:data1\" content=\"admin\" \/>\n\t<meta name=\"twitter:label2\" content=\"Tiempo de lectura\" \/>\n\t<meta name=\"twitter:data2\" content=\"2 minutos\" \/>\n<script type=\"application\/ld+json\" class=\"yoast-schema-graph\">{\"@context\":\"https:\\\/\\\/schema.org\",\"@graph\":[{\"@type\":\"Article\",\"@id\":\"https:\\\/\\\/ferabrajan.com\\\/portal\\\/2026\\\/04\\\/17\\\/fge-puebla-refuerza-investigacion-forense-con-apoyo-internacional\\\/#article\",\"isPartOf\":{\"@id\":\"https:\\\/\\\/ferabrajan.com\\\/portal\\\/2026\\\/04\\\/17\\\/fge-puebla-refuerza-investigacion-forense-con-apoyo-internacional\\\/\"},\"author\":{\"name\":\"admin\",\"@id\":\"https:\\\/\\\/ferabrajan.com\\\/portal\\\/#\\\/schema\\\/person\\\/f6113b3cb1e036d5c6a9505685b257ba\"},\"headline\":\"FGE Puebla refuerza investigaci\u00f3n forense con apoyo internacional\",\"datePublished\":\"2026-04-17T15:37:07+00:00\",\"dateModified\":\"2026-04-17T15:54:38+00:00\",\"mainEntityOfPage\":{\"@id\":\"https:\\\/\\\/ferabrajan.com\\\/portal\\\/2026\\\/04\\\/17\\\/fge-puebla-refuerza-investigacion-forense-con-apoyo-internacional\\\/\"},\"wordCount\":232,\"publisher\":{\"@id\":\"https:\\\/\\\/ferabrajan.com\\\/portal\\\/#organization\"},\"image\":{\"@id\":\"https:\\\/\\\/ferabrajan.com\\\/portal\\\/2026\\\/04\\\/17\\\/fge-puebla-refuerza-investigacion-forense-con-apoyo-internacional\\\/#primaryimage\"},\"thumbnailUrl\":\"https:\\\/\\\/ferabrajan.com\\\/portal\\\/wp-content\\\/uploads\\\/2026\\\/04\\\/IMG_8262.jpg\",\"keywords\":[\"Embajada de Estados Unidos en M\u00e9xico\",\"FGE\",\"Idamis Pastor Betancourt\"],\"articleSection\":[\"Local\",\"Principal\",\"Puebla\"],\"inLanguage\":\"es\"},{\"@type\":\"WebPage\",\"@id\":\"https:\\\/\\\/ferabrajan.com\\\/portal\\\/2026\\\/04\\\/17\\\/fge-puebla-refuerza-investigacion-forense-con-apoyo-internacional\\\/\",\"url\":\"https:\\\/\\\/ferabrajan.com\\\/portal\\\/2026\\\/04\\\/17\\\/fge-puebla-refuerza-investigacion-forense-con-apoyo-internacional\\\/\",\"name\":\"FGE Puebla refuerza investigaci\u00f3n forense con apoyo internacional - Fer Abrajan\",\"isPartOf\":{\"@id\":\"https:\\\/\\\/ferabrajan.com\\\/portal\\\/#website\"},\"primaryImageOfPage\":{\"@id\":\"https:\\\/\\\/ferabrajan.com\\\/portal\\\/2026\\\/04\\\/17\\\/fge-puebla-refuerza-investigacion-forense-con-apoyo-internacional\\\/#primaryimage\"},\"image\":{\"@id\":\"https:\\\/\\\/ferabrajan.com\\\/portal\\\/2026\\\/04\\\/17\\\/fge-puebla-refuerza-investigacion-forense-con-apoyo-internacional\\\/#primaryimage\"},\"thumbnailUrl\":\"https:\\\/\\\/ferabrajan.com\\\/portal\\\/wp-content\\\/uploads\\\/2026\\\/04\\\/IMG_8262.jpg\",\"datePublished\":\"2026-04-17T15:37:07+00:00\",\"dateModified\":\"2026-04-17T15:54:38+00:00\",\"breadcrumb\":{\"@id\":\"https:\\\/\\\/ferabrajan.com\\\/portal\\\/2026\\\/04\\\/17\\\/fge-puebla-refuerza-investigacion-forense-con-apoyo-internacional\\\/#breadcrumb\"},\"inLanguage\":\"es\",\"potentialAction\":[{\"@type\":\"ReadAction\",\"target\":[\"https:\\\/\\\/ferabrajan.com\\\/portal\\\/2026\\\/04\\\/17\\\/fge-puebla-refuerza-investigacion-forense-con-apoyo-internacional\\\/\"]}]},{\"@type\":\"ImageObject\",\"inLanguage\":\"es\",\"@id\":\"https:\\\/\\\/ferabrajan.com\\\/portal\\\/2026\\\/04\\\/17\\\/fge-puebla-refuerza-investigacion-forense-con-apoyo-internacional\\\/#primaryimage\",\"url\":\"https:\\\/\\\/ferabrajan.com\\\/portal\\\/wp-content\\\/uploads\\\/2026\\\/04\\\/IMG_8262.jpg\",\"contentUrl\":\"https:\\\/\\\/ferabrajan.com\\\/portal\\\/wp-content\\\/uploads\\\/2026\\\/04\\\/IMG_8262.jpg\",\"width\":1170,\"height\":861,\"caption\":\"Screenshot\"},{\"@type\":\"BreadcrumbList\",\"@id\":\"https:\\\/\\\/ferabrajan.com\\\/portal\\\/2026\\\/04\\\/17\\\/fge-puebla-refuerza-investigacion-forense-con-apoyo-internacional\\\/#breadcrumb\",\"itemListElement\":[{\"@type\":\"ListItem\",\"position\":1,\"name\":\"Portada\",\"item\":\"https:\\\/\\\/ferabrajan.com\\\/portal\\\/\"},{\"@type\":\"ListItem\",\"position\":2,\"name\":\"FGE Puebla refuerza investigaci\u00f3n forense con apoyo internacional\"}]},{\"@type\":\"WebSite\",\"@id\":\"https:\\\/\\\/ferabrajan.com\\\/portal\\\/#website\",\"url\":\"https:\\\/\\\/ferabrajan.com\\\/portal\\\/\",\"name\":\"Fer Abrajan\",\"description\":\"Noticias de Puebla, opini\u00f3n y radio en vivo\",\"publisher\":{\"@id\":\"https:\\\/\\\/ferabrajan.com\\\/portal\\\/#organization\"},\"potentialAction\":[{\"@type\":\"SearchAction\",\"target\":{\"@type\":\"EntryPoint\",\"urlTemplate\":\"https:\\\/\\\/ferabrajan.com\\\/portal\\\/?s={search_term_string}\"},\"query-input\":{\"@type\":\"PropertyValueSpecification\",\"valueRequired\":true,\"valueName\":\"search_term_string\"}}],\"inLanguage\":\"es\"},{\"@type\":\"Organization\",\"@id\":\"https:\\\/\\\/ferabrajan.com\\\/portal\\\/#organization\",\"name\":\"Fer Abrajan\",\"url\":\"https:\\\/\\\/ferabrajan.com\\\/portal\\\/\",\"logo\":{\"@type\":\"ImageObject\",\"inLanguage\":\"es\",\"@id\":\"https:\\\/\\\/ferabrajan.com\\\/portal\\\/#\\\/schema\\\/logo\\\/image\\\/\",\"url\":\"https:\\\/\\\/ferabrajan.com\\\/portal\\\/wp-content\\\/uploads\\\/2024\\\/10\\\/cropped-logo.jpeg\",\"contentUrl\":\"https:\\\/\\\/ferabrajan.com\\\/portal\\\/wp-content\\\/uploads\\\/2024\\\/10\\\/cropped-logo.jpeg\",\"width\":500,\"height\":250,\"caption\":\"Fer Abrajan\"},\"image\":{\"@id\":\"https:\\\/\\\/ferabrajan.com\\\/portal\\\/#\\\/schema\\\/logo\\\/image\\\/\"},\"sameAs\":[\"https:\\\/\\\/www.facebook.com\\\/NoticiasconFerAbrajan\\\/\",\"https:\\\/\\\/x.com\\\/ferabrajan1\"]},{\"@type\":\"Person\",\"@id\":\"https:\\\/\\\/ferabrajan.com\\\/portal\\\/#\\\/schema\\\/person\\\/f6113b3cb1e036d5c6a9505685b257ba\",\"name\":\"admin\",\"image\":{\"@type\":\"ImageObject\",\"inLanguage\":\"es\",\"@id\":\"https:\\\/\\\/secure.gravatar.com\\\/avatar\\\/072baa72775aad53c748dfc5d3048578e01b6c087eef335459ebfa04344e2d18?s=96&d=mm&r=g\",\"url\":\"https:\\\/\\\/secure.gravatar.com\\\/avatar\\\/072baa72775aad53c748dfc5d3048578e01b6c087eef335459ebfa04344e2d18?s=96&d=mm&r=g\",\"contentUrl\":\"https:\\\/\\\/secure.gravatar.com\\\/avatar\\\/072baa72775aad53c748dfc5d3048578e01b6c087eef335459ebfa04344e2d18?s=96&d=mm&r=g\",\"caption\":\"admin\"},\"sameAs\":[\"https:\\\/\\\/ferabrajan.com\\\/portal\"],\"url\":\"https:\\\/\\\/ferabrajan.com\\\/portal\\\/author\\\/admin\\\/\"}]}<\/script>\n<!-- \/ Yoast SEO plugin. -->","yoast_head_json":{"title":"FGE Puebla refuerza investigaci\u00f3n forense con apoyo internacional - Fer Abrajan","robots":{"index":"index","follow":"follow","max-snippet":"max-snippet:-1","max-image-preview":"max-image-preview:large","max-video-preview":"max-video-preview:-1"},"canonical":"https:\/\/ferabrajan.com\/portal\/2026\/04\/17\/fge-puebla-refuerza-investigacion-forense-con-apoyo-internacional\/","og_locale":"es_ES","og_type":"article","og_title":"FGE Puebla refuerza investigaci\u00f3n forense con apoyo internacional - Fer Abrajan","og_description":"La Fiscal\u00eda General del Estado de Puebla fortaleci\u00f3 sus capacidades forenses mediante un esquema de colaboraci\u00f3n con la Embajada de Estados Unidos en M\u00e9xico, a trav\u00e9s de la Oficina de Asuntos Antinarc\u00f3ticos y Aplicaci\u00f3n de la Ley (INL), con el objetivo de mejorar la investigaci\u00f3n de delitos en la entidad. Este acuerdo impulsa la capacitaci\u00f3n continua, asesor\u00eda t\u00e9cnica y acreditaci\u00f3n de laboratorios del Instituto de Ciencias Forenses en \u00e1reas clave como bal\u00edstica, gen\u00e9tica, qu\u00edmica forense, criminal\u00edstica de campo y lofoscop\u00eda, bajo est\u00e1ndares internacionales. Adem\u00e1s, el programa contempla la certificaci\u00f3n de personal pericial, la incorporaci\u00f3n de tecnolog\u00eda especializada y el fortalecimiento del an\u00e1lisis cient\u00edfico de evidencia, lo que permitir\u00e1 robustecer los procesos de investigaci\u00f3n y judicializaci\u00f3n. El Instituto de Ciencias Forenses, encabezado por Alejo Rogelio Carpio R\u00edo, ser\u00e1 pieza clave en la implementaci\u00f3n de este modelo, enfocado en la evidencia cient\u00edfica y la profesionalizaci\u00f3n. Con estas acciones, la Fiscal\u00eda busca consolidar una instituci\u00f3n m\u00e1s eficiente, especializada y confiable, que garantice mejores resultados en la procuraci\u00f3n de justicia.","og_url":"https:\/\/ferabrajan.com\/portal\/2026\/04\/17\/fge-puebla-refuerza-investigacion-forense-con-apoyo-internacional\/","og_site_name":"Fer Abrajan","article_publisher":"https:\/\/www.facebook.com\/NoticiasconFerAbrajan\/","article_published_time":"2026-04-17T15:37:07+00:00","article_modified_time":"2026-04-17T15:54:38+00:00","og_image":[{"width":1170,"height":861,"url":"https:\/\/ferabrajan.com\/portal\/wp-content\/uploads\/2026\/04\/IMG_8262.jpg","type":"image\/jpeg"}],"author":"admin","twitter_card":"summary_large_image","twitter_creator":"@ferabrajan1","twitter_site":"@ferabrajan1","twitter_misc":{"Escrito por":"admin","Tiempo de lectura":"2 minutos"},"schema":{"@context":"https:\/\/schema.org","@graph":[{"@type":"Article","@id":"https:\/\/ferabrajan.com\/portal\/2026\/04\/17\/fge-puebla-refuerza-investigacion-forense-con-apoyo-internacional\/#article","isPartOf":{"@id":"https:\/\/ferabrajan.com\/portal\/2026\/04\/17\/fge-puebla-refuerza-investigacion-forense-con-apoyo-internacional\/"},"author":{"name":"admin","@id":"https:\/\/ferabrajan.com\/portal\/#\/schema\/person\/f6113b3cb1e036d5c6a9505685b257ba"},"headline":"FGE Puebla refuerza investigaci\u00f3n forense con apoyo internacional","datePublished":"2026-04-17T15:37:07+00:00","dateModified":"2026-04-17T15:54:38+00:00","mainEntityOfPage":{"@id":"https:\/\/ferabrajan.com\/portal\/2026\/04\/17\/fge-puebla-refuerza-investigacion-forense-con-apoyo-internacional\/"},"wordCount":232,"publisher":{"@id":"https:\/\/ferabrajan.com\/portal\/#organization"},"image":{"@id":"https:\/\/ferabrajan.com\/portal\/2026\/04\/17\/fge-puebla-refuerza-investigacion-forense-con-apoyo-internacional\/#primaryimage"},"thumbnailUrl":"https:\/\/ferabrajan.com\/portal\/wp-content\/uploads\/2026\/04\/IMG_8262.jpg","keywords":["Embajada de Estados Unidos en M\u00e9xico","FGE","Idamis Pastor Betancourt"],"articleSection":["Local","Principal","Puebla"],"inLanguage":"es"},{"@type":"WebPage","@id":"https:\/\/ferabrajan.com\/portal\/2026\/04\/17\/fge-puebla-refuerza-investigacion-forense-con-apoyo-internacional\/","url":"https:\/\/ferabrajan.com\/portal\/2026\/04\/17\/fge-puebla-refuerza-investigacion-forense-con-apoyo-internacional\/","name":"FGE Puebla refuerza investigaci\u00f3n forense con apoyo internacional - Fer Abrajan","isPartOf":{"@id":"https:\/\/ferabrajan.com\/portal\/#website"},"primaryImageOfPage":{"@id":"https:\/\/ferabrajan.com\/portal\/2026\/04\/17\/fge-puebla-refuerza-investigacion-forense-con-apoyo-internacional\/#primaryimage"},"image":{"@id":"https:\/\/ferabrajan.com\/portal\/2026\/04\/17\/fge-puebla-refuerza-investigacion-forense-con-apoyo-internacional\/#primaryimage"},"thumbnailUrl":"https:\/\/ferabrajan.com\/portal\/wp-content\/uploads\/2026\/04\/IMG_8262.jpg","datePublished":"2026-04-17T15:37:07+00:00","dateModified":"2026-04-17T15:54:38+00:00","breadcrumb":{"@id":"https:\/\/ferabrajan.com\/portal\/2026\/04\/17\/fge-puebla-refuerza-investigacion-forense-con-apoyo-internacional\/#breadcrumb"},"inLanguage":"es","potentialAction":[{"@type":"ReadAction","target":["https:\/\/ferabrajan.com\/portal\/2026\/04\/17\/fge-puebla-refuerza-investigacion-forense-con-apoyo-internacional\/"]}]},{"@type":"ImageObject","inLanguage":"es","@id":"https:\/\/ferabrajan.com\/portal\/2026\/04\/17\/fge-puebla-refuerza-investigacion-forense-con-apoyo-internacional\/#primaryimage","url":"https:\/\/ferabrajan.com\/portal\/wp-content\/uploads\/2026\/04\/IMG_8262.jpg","contentUrl":"https:\/\/ferabrajan.com\/portal\/wp-content\/uploads\/2026\/04\/IMG_8262.jpg","width":1170,"height":861,"caption":"Screenshot"},{"@type":"BreadcrumbList","@id":"https:\/\/ferabrajan.com\/portal\/2026\/04\/17\/fge-puebla-refuerza-investigacion-forense-con-apoyo-internacional\/#breadcrumb","itemListElement":[{"@type":"ListItem","position":1,"name":"Portada","item":"https:\/\/ferabrajan.com\/portal\/"},{"@type":"ListItem","position":2,"name":"FGE Puebla refuerza investigaci\u00f3n forense con apoyo internacional"}]},{"@type":"WebSite","@id":"https:\/\/ferabrajan.com\/portal\/#website","url":"https:\/\/ferabrajan.com\/portal\/","name":"Fer Abrajan","description":"Noticias de Puebla, opini\u00f3n y radio en vivo","publisher":{"@id":"https:\/\/ferabrajan.com\/portal\/#organization"},"potentialAction":[{"@type":"SearchAction","target":{"@type":"EntryPoint","urlTemplate":"https:\/\/ferabrajan.com\/portal\/?s={search_term_string}"},"query-input":{"@type":"PropertyValueSpecification","valueRequired":true,"valueName":"search_term_string"}}],"inLanguage":"es"},{"@type":"Organization","@id":"https:\/\/ferabrajan.com\/portal\/#organization","name":"Fer Abrajan","url":"https:\/\/ferabrajan.com\/portal\/","logo":{"@type":"ImageObject","inLanguage":"es","@id":"https:\/\/ferabrajan.com\/portal\/#\/schema\/logo\/image\/","url":"https:\/\/ferabrajan.com\/portal\/wp-content\/uploads\/2024\/10\/cropped-logo.jpeg","contentUrl":"https:\/\/ferabrajan.com\/portal\/wp-content\/uploads\/2024\/10\/cropped-logo.jpeg","width":500,"height":250,"caption":"Fer Abrajan"},"image":{"@id":"https:\/\/ferabrajan.com\/portal\/#\/schema\/logo\/image\/"},"sameAs":["https:\/\/www.facebook.com\/NoticiasconFerAbrajan\/","https:\/\/x.com\/ferabrajan1"]},{"@type":"Person","@id":"https:\/\/ferabrajan.com\/portal\/#\/schema\/person\/f6113b3cb1e036d5c6a9505685b257ba","name":"admin","image":{"@type":"ImageObject","inLanguage":"es","@id":"https:\/\/secure.gravatar.com\/avatar\/072baa72775aad53c748dfc5d3048578e01b6c087eef335459ebfa04344e2d18?s=96&d=mm&r=g","url":"https:\/\/secure.gravatar.com\/avatar\/072baa72775aad53c748dfc5d3048578e01b6c087eef335459ebfa04344e2d18?s=96&d=mm&r=g","contentUrl":"https:\/\/secure.gravatar.com\/avatar\/072baa72775aad53c748dfc5d3048578e01b6c087eef335459ebfa04344e2d18?s=96&d=mm&r=g","caption":"admin"},"sameAs":["https:\/\/ferabrajan.com\/portal"],"url":"https:\/\/ferabrajan.com\/portal\/author\/admin\/"}]}},"_links":{"self":[{"href":"https:\/\/ferabrajan.com\/portal\/wp-json\/wp\/v2\/posts\/81265","targetHints":{"allow":["GET"]}}],"collection":[{"href":"https:\/\/ferabrajan.com\/portal\/wp-json\/wp\/v2\/posts"}],"about":[{"href":"https:\/\/ferabrajan.com\/portal\/wp-json\/wp\/v2\/types\/post"}],"author":[{"embeddable":true,"href":"https:\/\/ferabrajan.com\/portal\/wp-json\/wp\/v2\/users\/1"}],"replies":[{"embeddable":true,"href":"https:\/\/ferabrajan.com\/portal\/wp-json\/wp\/v2\/comments?post=81265"}],"version-history":[{"count":1,"href":"https:\/\/ferabrajan.com\/portal\/wp-json\/wp\/v2\/posts\/81265\/revisions"}],"predecessor-version":[{"id":81269,"href":"https:\/\/ferabrajan.com\/portal\/wp-json\/wp\/v2\/posts\/81265\/revisions\/81269"}],"wp:featuredmedia":[{"embeddable":true,"href":"https:\/\/ferabrajan.com\/portal\/wp-json\/wp\/v2\/media\/81268"}],"wp:attachment":[{"href":"https:\/\/ferabrajan.com\/portal\/wp-json\/wp\/v2\/media?parent=81265"}],"wp:term":[{"taxonomy":"category","embeddable":true,"href":"https:\/\/ferabrajan.com\/portal\/wp-json\/wp\/v2\/categories?post=81265"},{"taxonomy":"post_tag","embeddable":true,"href":"https:\/\/ferabrajan.com\/portal\/wp-json\/wp\/v2\/tags?post=81265"}],"curies":[{"name":"wp","href":"https:\/\/api.w.org\/{rel}","templated":true}]}}