{"id":79943,"date":"2026-02-23T16:35:49","date_gmt":"2026-02-23T16:35:49","guid":{"rendered":"https:\/\/ferabrajan.com\/portal\/?p=79943"},"modified":"2026-02-23T16:35:49","modified_gmt":"2026-02-23T16:35:49","slug":"mas-de-50-actos-de-investigacion-confirman-que-homicidio-de-karina-y-alexandro-ocurrio-en-tlaxcala","status":"publish","type":"post","link":"https:\/\/ferabrajan.com\/portal\/2026\/02\/23\/mas-de-50-actos-de-investigacion-confirman-que-homicidio-de-karina-y-alexandro-ocurrio-en-tlaxcala\/","title":{"rendered":"M\u00e1s de 50 actos de investigaci\u00f3n confirman que homicidio de Karina y Alexandro ocurri\u00f3 en Tlaxcala"},"content":{"rendered":"<p data-start=\"259\" data-end=\"517\">La <strong data-start=\"262\" data-end=\"299\">Fiscal\u00eda General del Estado (FGE)<\/strong> inform\u00f3 que, a la fecha, <strong data-start=\"325\" data-end=\"432\">se han realizado m\u00e1s de 50 actos de investigaci\u00f3n en coordinaci\u00f3n con autoridades estatales y federales<\/strong>, lo que permiti\u00f3 establecer que <strong data-start=\"465\" data-end=\"516\">los hechos ocurrieron en territorio tlaxcalteca<\/strong>.<\/p>\n<p data-start=\"519\" data-end=\"839\">Desde el reporte de no localizaci\u00f3n de <strong data-start=\"558\" data-end=\"586\">Karina N. y Alexandro N.<\/strong>, ocurrido el <strong data-start=\"600\" data-end=\"634\">19 de febrero del presente a\u00f1o<\/strong>, la FGE ha trabajado en <strong data-start=\"659\" data-end=\"751\">absoluta coordinaci\u00f3n con la Fiscal\u00eda General de Justicia del Estado de Tlaxcala (FGJET)<\/strong>, luego de que se tuvo conocimiento de que ambas v\u00edctimas se dirig\u00edan hacia esa entidad.<\/p>\n<p data-start=\"841\" data-end=\"1062\">Como parte de las diligencias, tambi\u00e9n intervino la <strong data-start=\"893\" data-end=\"935\">Fiscal\u00eda General de la Rep\u00fablica (FGR)<\/strong>, a trav\u00e9s de unidades especializadas, manteni\u00e9ndose la colaboraci\u00f3n interinstitucional para determinar el m\u00f3vil de los hechos.<\/p>\n<p data-start=\"1064\" data-end=\"1211\">Derivado de las investigaciones, se confirm\u00f3 el <strong data-start=\"1112\" data-end=\"1210\">hallazgo sin vida de ambas personas en un paraje cercano a los l\u00edmites entre Puebla y Tlaxcala<\/strong>.<\/p>\n<p data-start=\"1213\" data-end=\"1410\">La FGE reiter\u00f3 que mantiene la <strong data-start=\"1244\" data-end=\"1304\">coadyuvancia y coordinaci\u00f3n absoluta entre instituciones<\/strong>, con el objetivo de lograr el <strong data-start=\"1335\" data-end=\"1409\">esclarecimiento total del caso y la identificaci\u00f3n de los responsables<\/strong>.<\/p>\n","protected":false},"excerpt":{"rendered":"<p>La Fiscal\u00eda General del Estado (FGE) inform\u00f3 que, a la fecha, se han realizado m\u00e1s de 50 actos de investigaci\u00f3n en coordinaci\u00f3n con autoridades estatales y federales, lo que permiti\u00f3 establecer que los hechos ocurrieron en territorio tlaxcalteca. Desde el reporte de no localizaci\u00f3n de Karina N. y Alexandro N., ocurrido el 19 de febrero del presente a\u00f1o, la FGE ha trabajado en absoluta coordinaci\u00f3n con la Fiscal\u00eda General de Justicia del Estado de Tlaxcala (FGJET), luego de que se tuvo conocimiento de que ambas v\u00edctimas se dirig\u00edan hacia esa entidad. Como parte de las diligencias, tambi\u00e9n intervino la Fiscal\u00eda General de la Rep\u00fablica (FGR), a trav\u00e9s de unidades especializadas, manteni\u00e9ndose la colaboraci\u00f3n interinstitucional para determinar el m\u00f3vil de los hechos. Derivado de las investigaciones, se confirm\u00f3 el hallazgo sin vida de ambas personas en un paraje cercano a los l\u00edmites entre Puebla y Tlaxcala. La FGE reiter\u00f3 que mantiene la coadyuvancia y coordinaci\u00f3n absoluta entre instituciones, con el objetivo de lograr el esclarecimiento total del caso y la identificaci\u00f3n de los responsables.<\/p>\n","protected":false},"author":2,"featured_media":79944,"comment_status":"closed","ping_status":"closed","sticky":false,"template":"","format":"standard","meta":{"_monsterinsights_skip_tracking":false,"_uf_show_specific_survey":0,"_uf_disable_surveys":false,"footnotes":""},"categories":[585,34],"tags":[4147,238,4148,4149],"class_list":["post-79943","post","type-post","status-publish","format-standard","has-post-thumbnail","hentry","category-principal","category-puebla","tag-actos-de-investigacion","tag-fge","tag-fgjet","tag-homicidio-de-karina-y-alexandro"],"yoast_head":"<!-- This site is optimized with the Yoast SEO plugin v27.5 - https:\/\/yoast.com\/product\/yoast-seo-wordpress\/ -->\n<title>M\u00e1s de 50 actos de investigaci\u00f3n confirman que homicidio de Karina y Alexandro ocurri\u00f3 en Tlaxcala - Fer Abrajan<\/title>\n<meta name=\"robots\" content=\"index, follow, max-snippet:-1, max-image-preview:large, max-video-preview:-1\" \/>\n<link rel=\"canonical\" href=\"https:\/\/ferabrajan.com\/portal\/2026\/02\/23\/mas-de-50-actos-de-investigacion-confirman-que-homicidio-de-karina-y-alexandro-ocurrio-en-tlaxcala\/\" \/>\n<meta property=\"og:locale\" content=\"es_ES\" \/>\n<meta property=\"og:type\" content=\"article\" \/>\n<meta property=\"og:title\" content=\"M\u00e1s de 50 actos de investigaci\u00f3n confirman que homicidio de Karina y Alexandro ocurri\u00f3 en Tlaxcala - Fer Abrajan\" \/>\n<meta property=\"og:description\" content=\"La Fiscal\u00eda General del Estado (FGE) inform\u00f3 que, a la fecha, se han realizado m\u00e1s de 50 actos de investigaci\u00f3n en coordinaci\u00f3n con autoridades estatales y federales, lo que permiti\u00f3 establecer que los hechos ocurrieron en territorio tlaxcalteca. Desde el reporte de no localizaci\u00f3n de Karina N. y Alexandro N., ocurrido el 19 de febrero del presente a\u00f1o, la FGE ha trabajado en absoluta coordinaci\u00f3n con la Fiscal\u00eda General de Justicia del Estado de Tlaxcala (FGJET), luego de que se tuvo conocimiento de que ambas v\u00edctimas se dirig\u00edan hacia esa entidad. Como parte de las diligencias, tambi\u00e9n intervino la Fiscal\u00eda General de la Rep\u00fablica (FGR), a trav\u00e9s de unidades especializadas, manteni\u00e9ndose la colaboraci\u00f3n interinstitucional para determinar el m\u00f3vil de los hechos. Derivado de las investigaciones, se confirm\u00f3 el hallazgo sin vida de ambas personas en un paraje cercano a los l\u00edmites entre Puebla y Tlaxcala. La FGE reiter\u00f3 que mantiene la coadyuvancia y coordinaci\u00f3n absoluta entre instituciones, con el objetivo de lograr el esclarecimiento total del caso y la identificaci\u00f3n de los responsables.\" \/>\n<meta property=\"og:url\" content=\"https:\/\/ferabrajan.com\/portal\/2026\/02\/23\/mas-de-50-actos-de-investigacion-confirman-que-homicidio-de-karina-y-alexandro-ocurrio-en-tlaxcala\/\" \/>\n<meta property=\"og:site_name\" content=\"Fer Abrajan\" \/>\n<meta property=\"article:publisher\" content=\"https:\/\/www.facebook.com\/NoticiasconFerAbrajan\/\" \/>\n<meta property=\"article:published_time\" content=\"2026-02-23T16:35:49+00:00\" \/>\n<meta property=\"og:image\" content=\"https:\/\/ferabrajan.com\/portal\/wp-content\/uploads\/2026\/02\/Fotos-sitio-web-FER-2-2.jpg\" \/>\n\t<meta property=\"og:image:width\" content=\"1024\" \/>\n\t<meta property=\"og:image:height\" content=\"683\" \/>\n\t<meta property=\"og:image:type\" content=\"image\/jpeg\" \/>\n<meta name=\"author\" content=\"Fer Abrajan\" \/>\n<meta name=\"twitter:card\" content=\"summary_large_image\" \/>\n<meta name=\"twitter:creator\" content=\"@ferabrajan1\" \/>\n<meta name=\"twitter:site\" content=\"@ferabrajan1\" \/>\n<meta name=\"twitter:label1\" content=\"Escrito por\" \/>\n\t<meta name=\"twitter:data1\" content=\"Fer Abrajan\" \/>\n\t<meta name=\"twitter:label2\" content=\"Tiempo de lectura\" \/>\n\t<meta name=\"twitter:data2\" content=\"1 minuto\" \/>\n<script type=\"application\/ld+json\" class=\"yoast-schema-graph\">{\"@context\":\"https:\\\/\\\/schema.org\",\"@graph\":[{\"@type\":\"Article\",\"@id\":\"https:\\\/\\\/ferabrajan.com\\\/portal\\\/2026\\\/02\\\/23\\\/mas-de-50-actos-de-investigacion-confirman-que-homicidio-de-karina-y-alexandro-ocurrio-en-tlaxcala\\\/#article\",\"isPartOf\":{\"@id\":\"https:\\\/\\\/ferabrajan.com\\\/portal\\\/2026\\\/02\\\/23\\\/mas-de-50-actos-de-investigacion-confirman-que-homicidio-de-karina-y-alexandro-ocurrio-en-tlaxcala\\\/\"},\"author\":{\"name\":\"Fer Abrajan\",\"@id\":\"https:\\\/\\\/ferabrajan.com\\\/portal\\\/#\\\/schema\\\/person\\\/409810f04ae2414635b53953eb892c6a\"},\"headline\":\"M\u00e1s de 50 actos de investigaci\u00f3n confirman que homicidio de Karina y Alexandro ocurri\u00f3 en Tlaxcala\",\"datePublished\":\"2026-02-23T16:35:49+00:00\",\"mainEntityOfPage\":{\"@id\":\"https:\\\/\\\/ferabrajan.com\\\/portal\\\/2026\\\/02\\\/23\\\/mas-de-50-actos-de-investigacion-confirman-que-homicidio-de-karina-y-alexandro-ocurrio-en-tlaxcala\\\/\"},\"wordCount\":208,\"publisher\":{\"@id\":\"https:\\\/\\\/ferabrajan.com\\\/portal\\\/#organization\"},\"image\":{\"@id\":\"https:\\\/\\\/ferabrajan.com\\\/portal\\\/2026\\\/02\\\/23\\\/mas-de-50-actos-de-investigacion-confirman-que-homicidio-de-karina-y-alexandro-ocurrio-en-tlaxcala\\\/#primaryimage\"},\"thumbnailUrl\":\"https:\\\/\\\/ferabrajan.com\\\/portal\\\/wp-content\\\/uploads\\\/2026\\\/02\\\/Fotos-sitio-web-FER-2-2.jpg\",\"keywords\":[\"actos de investigaci\u00f3n\",\"FGE\",\"FGJET\",\"homicidio de Karina y Alexandro\"],\"articleSection\":[\"Principal\",\"Puebla\"],\"inLanguage\":\"es\"},{\"@type\":\"WebPage\",\"@id\":\"https:\\\/\\\/ferabrajan.com\\\/portal\\\/2026\\\/02\\\/23\\\/mas-de-50-actos-de-investigacion-confirman-que-homicidio-de-karina-y-alexandro-ocurrio-en-tlaxcala\\\/\",\"url\":\"https:\\\/\\\/ferabrajan.com\\\/portal\\\/2026\\\/02\\\/23\\\/mas-de-50-actos-de-investigacion-confirman-que-homicidio-de-karina-y-alexandro-ocurrio-en-tlaxcala\\\/\",\"name\":\"M\u00e1s de 50 actos de investigaci\u00f3n confirman que homicidio de Karina y Alexandro ocurri\u00f3 en Tlaxcala - Fer Abrajan\",\"isPartOf\":{\"@id\":\"https:\\\/\\\/ferabrajan.com\\\/portal\\\/#website\"},\"primaryImageOfPage\":{\"@id\":\"https:\\\/\\\/ferabrajan.com\\\/portal\\\/2026\\\/02\\\/23\\\/mas-de-50-actos-de-investigacion-confirman-que-homicidio-de-karina-y-alexandro-ocurrio-en-tlaxcala\\\/#primaryimage\"},\"image\":{\"@id\":\"https:\\\/\\\/ferabrajan.com\\\/portal\\\/2026\\\/02\\\/23\\\/mas-de-50-actos-de-investigacion-confirman-que-homicidio-de-karina-y-alexandro-ocurrio-en-tlaxcala\\\/#primaryimage\"},\"thumbnailUrl\":\"https:\\\/\\\/ferabrajan.com\\\/portal\\\/wp-content\\\/uploads\\\/2026\\\/02\\\/Fotos-sitio-web-FER-2-2.jpg\",\"datePublished\":\"2026-02-23T16:35:49+00:00\",\"breadcrumb\":{\"@id\":\"https:\\\/\\\/ferabrajan.com\\\/portal\\\/2026\\\/02\\\/23\\\/mas-de-50-actos-de-investigacion-confirman-que-homicidio-de-karina-y-alexandro-ocurrio-en-tlaxcala\\\/#breadcrumb\"},\"inLanguage\":\"es\",\"potentialAction\":[{\"@type\":\"ReadAction\",\"target\":[\"https:\\\/\\\/ferabrajan.com\\\/portal\\\/2026\\\/02\\\/23\\\/mas-de-50-actos-de-investigacion-confirman-que-homicidio-de-karina-y-alexandro-ocurrio-en-tlaxcala\\\/\"]}]},{\"@type\":\"ImageObject\",\"inLanguage\":\"es\",\"@id\":\"https:\\\/\\\/ferabrajan.com\\\/portal\\\/2026\\\/02\\\/23\\\/mas-de-50-actos-de-investigacion-confirman-que-homicidio-de-karina-y-alexandro-ocurrio-en-tlaxcala\\\/#primaryimage\",\"url\":\"https:\\\/\\\/ferabrajan.com\\\/portal\\\/wp-content\\\/uploads\\\/2026\\\/02\\\/Fotos-sitio-web-FER-2-2.jpg\",\"contentUrl\":\"https:\\\/\\\/ferabrajan.com\\\/portal\\\/wp-content\\\/uploads\\\/2026\\\/02\\\/Fotos-sitio-web-FER-2-2.jpg\",\"width\":1024,\"height\":683},{\"@type\":\"BreadcrumbList\",\"@id\":\"https:\\\/\\\/ferabrajan.com\\\/portal\\\/2026\\\/02\\\/23\\\/mas-de-50-actos-de-investigacion-confirman-que-homicidio-de-karina-y-alexandro-ocurrio-en-tlaxcala\\\/#breadcrumb\",\"itemListElement\":[{\"@type\":\"ListItem\",\"position\":1,\"name\":\"Portada\",\"item\":\"https:\\\/\\\/ferabrajan.com\\\/portal\\\/\"},{\"@type\":\"ListItem\",\"position\":2,\"name\":\"M\u00e1s de 50 actos de investigaci\u00f3n confirman que homicidio de Karina y Alexandro ocurri\u00f3 en Tlaxcala\"}]},{\"@type\":\"WebSite\",\"@id\":\"https:\\\/\\\/ferabrajan.com\\\/portal\\\/#website\",\"url\":\"https:\\\/\\\/ferabrajan.com\\\/portal\\\/\",\"name\":\"Fer Abrajan\",\"description\":\"Noticias de Puebla, opini\u00f3n y radio en vivo\",\"publisher\":{\"@id\":\"https:\\\/\\\/ferabrajan.com\\\/portal\\\/#organization\"},\"potentialAction\":[{\"@type\":\"SearchAction\",\"target\":{\"@type\":\"EntryPoint\",\"urlTemplate\":\"https:\\\/\\\/ferabrajan.com\\\/portal\\\/?s={search_term_string}\"},\"query-input\":{\"@type\":\"PropertyValueSpecification\",\"valueRequired\":true,\"valueName\":\"search_term_string\"}}],\"inLanguage\":\"es\"},{\"@type\":\"Organization\",\"@id\":\"https:\\\/\\\/ferabrajan.com\\\/portal\\\/#organization\",\"name\":\"Fer Abrajan\",\"url\":\"https:\\\/\\\/ferabrajan.com\\\/portal\\\/\",\"logo\":{\"@type\":\"ImageObject\",\"inLanguage\":\"es\",\"@id\":\"https:\\\/\\\/ferabrajan.com\\\/portal\\\/#\\\/schema\\\/logo\\\/image\\\/\",\"url\":\"https:\\\/\\\/ferabrajan.com\\\/portal\\\/wp-content\\\/uploads\\\/2024\\\/10\\\/cropped-logo.jpeg\",\"contentUrl\":\"https:\\\/\\\/ferabrajan.com\\\/portal\\\/wp-content\\\/uploads\\\/2024\\\/10\\\/cropped-logo.jpeg\",\"width\":500,\"height\":250,\"caption\":\"Fer Abrajan\"},\"image\":{\"@id\":\"https:\\\/\\\/ferabrajan.com\\\/portal\\\/#\\\/schema\\\/logo\\\/image\\\/\"},\"sameAs\":[\"https:\\\/\\\/www.facebook.com\\\/NoticiasconFerAbrajan\\\/\",\"https:\\\/\\\/x.com\\\/ferabrajan1\"]},{\"@type\":\"Person\",\"@id\":\"https:\\\/\\\/ferabrajan.com\\\/portal\\\/#\\\/schema\\\/person\\\/409810f04ae2414635b53953eb892c6a\",\"name\":\"Fer Abrajan\",\"image\":{\"@type\":\"ImageObject\",\"inLanguage\":\"es\",\"@id\":\"https:\\\/\\\/secure.gravatar.com\\\/avatar\\\/14a22c98926007f26dad1674f7e574700703d917b7db6886c7b50d7a6d983fca?s=96&d=mm&r=g\",\"url\":\"https:\\\/\\\/secure.gravatar.com\\\/avatar\\\/14a22c98926007f26dad1674f7e574700703d917b7db6886c7b50d7a6d983fca?s=96&d=mm&r=g\",\"contentUrl\":\"https:\\\/\\\/secure.gravatar.com\\\/avatar\\\/14a22c98926007f26dad1674f7e574700703d917b7db6886c7b50d7a6d983fca?s=96&d=mm&r=g\",\"caption\":\"Fer Abrajan\"},\"url\":\"https:\\\/\\\/ferabrajan.com\\\/portal\\\/author\\\/fabrajan\\\/\"}]}<\/script>\n<!-- \/ Yoast SEO plugin. -->","yoast_head_json":{"title":"M\u00e1s de 50 actos de investigaci\u00f3n confirman que homicidio de Karina y Alexandro ocurri\u00f3 en Tlaxcala - Fer Abrajan","robots":{"index":"index","follow":"follow","max-snippet":"max-snippet:-1","max-image-preview":"max-image-preview:large","max-video-preview":"max-video-preview:-1"},"canonical":"https:\/\/ferabrajan.com\/portal\/2026\/02\/23\/mas-de-50-actos-de-investigacion-confirman-que-homicidio-de-karina-y-alexandro-ocurrio-en-tlaxcala\/","og_locale":"es_ES","og_type":"article","og_title":"M\u00e1s de 50 actos de investigaci\u00f3n confirman que homicidio de Karina y Alexandro ocurri\u00f3 en Tlaxcala - Fer Abrajan","og_description":"La Fiscal\u00eda General del Estado (FGE) inform\u00f3 que, a la fecha, se han realizado m\u00e1s de 50 actos de investigaci\u00f3n en coordinaci\u00f3n con autoridades estatales y federales, lo que permiti\u00f3 establecer que los hechos ocurrieron en territorio tlaxcalteca. Desde el reporte de no localizaci\u00f3n de Karina N. y Alexandro N., ocurrido el 19 de febrero del presente a\u00f1o, la FGE ha trabajado en absoluta coordinaci\u00f3n con la Fiscal\u00eda General de Justicia del Estado de Tlaxcala (FGJET), luego de que se tuvo conocimiento de que ambas v\u00edctimas se dirig\u00edan hacia esa entidad. Como parte de las diligencias, tambi\u00e9n intervino la Fiscal\u00eda General de la Rep\u00fablica (FGR), a trav\u00e9s de unidades especializadas, manteni\u00e9ndose la colaboraci\u00f3n interinstitucional para determinar el m\u00f3vil de los hechos. Derivado de las investigaciones, se confirm\u00f3 el hallazgo sin vida de ambas personas en un paraje cercano a los l\u00edmites entre Puebla y Tlaxcala. La FGE reiter\u00f3 que mantiene la coadyuvancia y coordinaci\u00f3n absoluta entre instituciones, con el objetivo de lograr el esclarecimiento total del caso y la identificaci\u00f3n de los responsables.","og_url":"https:\/\/ferabrajan.com\/portal\/2026\/02\/23\/mas-de-50-actos-de-investigacion-confirman-que-homicidio-de-karina-y-alexandro-ocurrio-en-tlaxcala\/","og_site_name":"Fer Abrajan","article_publisher":"https:\/\/www.facebook.com\/NoticiasconFerAbrajan\/","article_published_time":"2026-02-23T16:35:49+00:00","og_image":[{"width":1024,"height":683,"url":"https:\/\/ferabrajan.com\/portal\/wp-content\/uploads\/2026\/02\/Fotos-sitio-web-FER-2-2.jpg","type":"image\/jpeg"}],"author":"Fer Abrajan","twitter_card":"summary_large_image","twitter_creator":"@ferabrajan1","twitter_site":"@ferabrajan1","twitter_misc":{"Escrito por":"Fer Abrajan","Tiempo de lectura":"1 minuto"},"schema":{"@context":"https:\/\/schema.org","@graph":[{"@type":"Article","@id":"https:\/\/ferabrajan.com\/portal\/2026\/02\/23\/mas-de-50-actos-de-investigacion-confirman-que-homicidio-de-karina-y-alexandro-ocurrio-en-tlaxcala\/#article","isPartOf":{"@id":"https:\/\/ferabrajan.com\/portal\/2026\/02\/23\/mas-de-50-actos-de-investigacion-confirman-que-homicidio-de-karina-y-alexandro-ocurrio-en-tlaxcala\/"},"author":{"name":"Fer Abrajan","@id":"https:\/\/ferabrajan.com\/portal\/#\/schema\/person\/409810f04ae2414635b53953eb892c6a"},"headline":"M\u00e1s de 50 actos de investigaci\u00f3n confirman que homicidio de Karina y Alexandro ocurri\u00f3 en Tlaxcala","datePublished":"2026-02-23T16:35:49+00:00","mainEntityOfPage":{"@id":"https:\/\/ferabrajan.com\/portal\/2026\/02\/23\/mas-de-50-actos-de-investigacion-confirman-que-homicidio-de-karina-y-alexandro-ocurrio-en-tlaxcala\/"},"wordCount":208,"publisher":{"@id":"https:\/\/ferabrajan.com\/portal\/#organization"},"image":{"@id":"https:\/\/ferabrajan.com\/portal\/2026\/02\/23\/mas-de-50-actos-de-investigacion-confirman-que-homicidio-de-karina-y-alexandro-ocurrio-en-tlaxcala\/#primaryimage"},"thumbnailUrl":"https:\/\/ferabrajan.com\/portal\/wp-content\/uploads\/2026\/02\/Fotos-sitio-web-FER-2-2.jpg","keywords":["actos de investigaci\u00f3n","FGE","FGJET","homicidio de Karina y Alexandro"],"articleSection":["Principal","Puebla"],"inLanguage":"es"},{"@type":"WebPage","@id":"https:\/\/ferabrajan.com\/portal\/2026\/02\/23\/mas-de-50-actos-de-investigacion-confirman-que-homicidio-de-karina-y-alexandro-ocurrio-en-tlaxcala\/","url":"https:\/\/ferabrajan.com\/portal\/2026\/02\/23\/mas-de-50-actos-de-investigacion-confirman-que-homicidio-de-karina-y-alexandro-ocurrio-en-tlaxcala\/","name":"M\u00e1s de 50 actos de investigaci\u00f3n confirman que homicidio de Karina y Alexandro ocurri\u00f3 en Tlaxcala - Fer Abrajan","isPartOf":{"@id":"https:\/\/ferabrajan.com\/portal\/#website"},"primaryImageOfPage":{"@id":"https:\/\/ferabrajan.com\/portal\/2026\/02\/23\/mas-de-50-actos-de-investigacion-confirman-que-homicidio-de-karina-y-alexandro-ocurrio-en-tlaxcala\/#primaryimage"},"image":{"@id":"https:\/\/ferabrajan.com\/portal\/2026\/02\/23\/mas-de-50-actos-de-investigacion-confirman-que-homicidio-de-karina-y-alexandro-ocurrio-en-tlaxcala\/#primaryimage"},"thumbnailUrl":"https:\/\/ferabrajan.com\/portal\/wp-content\/uploads\/2026\/02\/Fotos-sitio-web-FER-2-2.jpg","datePublished":"2026-02-23T16:35:49+00:00","breadcrumb":{"@id":"https:\/\/ferabrajan.com\/portal\/2026\/02\/23\/mas-de-50-actos-de-investigacion-confirman-que-homicidio-de-karina-y-alexandro-ocurrio-en-tlaxcala\/#breadcrumb"},"inLanguage":"es","potentialAction":[{"@type":"ReadAction","target":["https:\/\/ferabrajan.com\/portal\/2026\/02\/23\/mas-de-50-actos-de-investigacion-confirman-que-homicidio-de-karina-y-alexandro-ocurrio-en-tlaxcala\/"]}]},{"@type":"ImageObject","inLanguage":"es","@id":"https:\/\/ferabrajan.com\/portal\/2026\/02\/23\/mas-de-50-actos-de-investigacion-confirman-que-homicidio-de-karina-y-alexandro-ocurrio-en-tlaxcala\/#primaryimage","url":"https:\/\/ferabrajan.com\/portal\/wp-content\/uploads\/2026\/02\/Fotos-sitio-web-FER-2-2.jpg","contentUrl":"https:\/\/ferabrajan.com\/portal\/wp-content\/uploads\/2026\/02\/Fotos-sitio-web-FER-2-2.jpg","width":1024,"height":683},{"@type":"BreadcrumbList","@id":"https:\/\/ferabrajan.com\/portal\/2026\/02\/23\/mas-de-50-actos-de-investigacion-confirman-que-homicidio-de-karina-y-alexandro-ocurrio-en-tlaxcala\/#breadcrumb","itemListElement":[{"@type":"ListItem","position":1,"name":"Portada","item":"https:\/\/ferabrajan.com\/portal\/"},{"@type":"ListItem","position":2,"name":"M\u00e1s de 50 actos de investigaci\u00f3n confirman que homicidio de Karina y Alexandro ocurri\u00f3 en Tlaxcala"}]},{"@type":"WebSite","@id":"https:\/\/ferabrajan.com\/portal\/#website","url":"https:\/\/ferabrajan.com\/portal\/","name":"Fer Abrajan","description":"Noticias de Puebla, opini\u00f3n y radio en vivo","publisher":{"@id":"https:\/\/ferabrajan.com\/portal\/#organization"},"potentialAction":[{"@type":"SearchAction","target":{"@type":"EntryPoint","urlTemplate":"https:\/\/ferabrajan.com\/portal\/?s={search_term_string}"},"query-input":{"@type":"PropertyValueSpecification","valueRequired":true,"valueName":"search_term_string"}}],"inLanguage":"es"},{"@type":"Organization","@id":"https:\/\/ferabrajan.com\/portal\/#organization","name":"Fer Abrajan","url":"https:\/\/ferabrajan.com\/portal\/","logo":{"@type":"ImageObject","inLanguage":"es","@id":"https:\/\/ferabrajan.com\/portal\/#\/schema\/logo\/image\/","url":"https:\/\/ferabrajan.com\/portal\/wp-content\/uploads\/2024\/10\/cropped-logo.jpeg","contentUrl":"https:\/\/ferabrajan.com\/portal\/wp-content\/uploads\/2024\/10\/cropped-logo.jpeg","width":500,"height":250,"caption":"Fer Abrajan"},"image":{"@id":"https:\/\/ferabrajan.com\/portal\/#\/schema\/logo\/image\/"},"sameAs":["https:\/\/www.facebook.com\/NoticiasconFerAbrajan\/","https:\/\/x.com\/ferabrajan1"]},{"@type":"Person","@id":"https:\/\/ferabrajan.com\/portal\/#\/schema\/person\/409810f04ae2414635b53953eb892c6a","name":"Fer Abrajan","image":{"@type":"ImageObject","inLanguage":"es","@id":"https:\/\/secure.gravatar.com\/avatar\/14a22c98926007f26dad1674f7e574700703d917b7db6886c7b50d7a6d983fca?s=96&d=mm&r=g","url":"https:\/\/secure.gravatar.com\/avatar\/14a22c98926007f26dad1674f7e574700703d917b7db6886c7b50d7a6d983fca?s=96&d=mm&r=g","contentUrl":"https:\/\/secure.gravatar.com\/avatar\/14a22c98926007f26dad1674f7e574700703d917b7db6886c7b50d7a6d983fca?s=96&d=mm&r=g","caption":"Fer Abrajan"},"url":"https:\/\/ferabrajan.com\/portal\/author\/fabrajan\/"}]}},"_links":{"self":[{"href":"https:\/\/ferabrajan.com\/portal\/wp-json\/wp\/v2\/posts\/79943","targetHints":{"allow":["GET"]}}],"collection":[{"href":"https:\/\/ferabrajan.com\/portal\/wp-json\/wp\/v2\/posts"}],"about":[{"href":"https:\/\/ferabrajan.com\/portal\/wp-json\/wp\/v2\/types\/post"}],"author":[{"embeddable":true,"href":"https:\/\/ferabrajan.com\/portal\/wp-json\/wp\/v2\/users\/2"}],"replies":[{"embeddable":true,"href":"https:\/\/ferabrajan.com\/portal\/wp-json\/wp\/v2\/comments?post=79943"}],"version-history":[{"count":1,"href":"https:\/\/ferabrajan.com\/portal\/wp-json\/wp\/v2\/posts\/79943\/revisions"}],"predecessor-version":[{"id":79945,"href":"https:\/\/ferabrajan.com\/portal\/wp-json\/wp\/v2\/posts\/79943\/revisions\/79945"}],"wp:featuredmedia":[{"embeddable":true,"href":"https:\/\/ferabrajan.com\/portal\/wp-json\/wp\/v2\/media\/79944"}],"wp:attachment":[{"href":"https:\/\/ferabrajan.com\/portal\/wp-json\/wp\/v2\/media?parent=79943"}],"wp:term":[{"taxonomy":"category","embeddable":true,"href":"https:\/\/ferabrajan.com\/portal\/wp-json\/wp\/v2\/categories?post=79943"},{"taxonomy":"post_tag","embeddable":true,"href":"https:\/\/ferabrajan.com\/portal\/wp-json\/wp\/v2\/tags?post=79943"}],"curies":[{"name":"wp","href":"https:\/\/api.w.org\/{rel}","templated":true}]}}