{"id":79937,"date":"2026-02-23T16:04:39","date_gmt":"2026-02-23T16:04:39","guid":{"rendered":"https:\/\/ferabrajan.com\/portal\/?p=79937"},"modified":"2026-02-23T16:04:39","modified_gmt":"2026-02-23T16:04:39","slug":"el-gabinete-de-seguridad-esta-preparado-para-cualquier-reaccion-o-reestructuracion-en-el-cjng-garcia-harfuch","status":"publish","type":"post","link":"https:\/\/ferabrajan.com\/portal\/2026\/02\/23\/el-gabinete-de-seguridad-esta-preparado-para-cualquier-reaccion-o-reestructuracion-en-el-cjng-garcia-harfuch\/","title":{"rendered":"El Gabinete de Seguridad est\u00e1 preparado para cualquier reacci\u00f3n o reestructuraci\u00f3n en el CJNG: Garc\u00eda Harfuch"},"content":{"rendered":"<p><strong>Omar Garc\u00eda Harfuch<\/strong>, secretario de\u00a0<strong>Seguridad y Protecci\u00f3n Ciudadana<\/strong>, se\u00f1al\u00f3 que en el\u00a0<strong>Gabinete de Seguridad<\/strong>\u00a0est\u00e1n preparados ante cualquier\u00a0<strong>reajuste<\/strong>\u00a0del\u00a0<strong>Cartel Jalisco Nueva Generaci\u00f3n<\/strong>\u00a0(CJNG) tras el abatimiento de su l\u00edder\u00a0<strong>Nemesio Oseguera Cervantes, alias \u201cEl Mencho\u201d<\/strong>.<\/p>\n<p>En la conferencia de prensa, se\u00f1al\u00f3 que tienen seguimiento a las\u00a0<strong>actividades<\/strong>\u00a0de los mandos se esta\u00a0<strong>organizaci\u00f3n criminal.<\/strong><\/p>\n<p><strong>\u201c<\/strong>El Gabinete de Seguridad est\u00e1 trabajando en primero, estar preparados para cualquier tipo de eventualidad como ya lo dijo la se\u00f1ora presidenta, la prioridad es la protecci\u00f3n de la ciudadan\u00eda, estamos muy atentos con el Centro de Mando instalado de cualquier tipo de reacci\u00f3n que haya o de reestructuraci\u00f3n dentro del cartel, primero que vaya a ser violento, entonces estamos preparados para eso y estamos trabajando en el reforzamiento tambi\u00e9n de la zona\u201d, se\u00f1al\u00f3.<\/p>\n<h2>Prev\u00e9n reacomodo en el CJNG<\/h2>\n<p>El secretario de Seguridad previ\u00f3 que se tenga un reacomodo en la\u00a0<strong>organizaci\u00f3n criminal<\/strong>\u00a0y no una expansi\u00f3n de otros\u00a0<strong>c\u00e1rteles<\/strong>.<\/p>\n<blockquote><p>\u201cEn este caso m\u00e1s bien ser\u00eda lo que menciona usted, reacomodo dentro de este grupo delincuencial en el estado de Jalisco.<\/p><\/blockquote>\n<p>\u201cHay un seguimiento particular ya de varios mandos de esta organizaci\u00f3n criminal\u201d, recalc\u00f3.<\/p>\n<p>Con Informaci\u00f3n de: <a href=\"https:\/\/heraldodemexico.com.mx\/nacional\/2026\/2\/23\/el-gabinete-de-seguridad-esta-preparado-para-cualquier-reaccion-reestructuracion-en-el-cjng-garcia-harfuch-772613.html\">El Gabinete de Seguridad est\u00e1 preparado para cualquier reacci\u00f3n o reestructuraci\u00f3n en el CJNG: Garc\u00eda Harfuch &#8211; El Heraldo de M\u00e9xico<\/a><\/p>\n<div class=\"image-align-center\">\n<figure class=\"image\"><img fetchpriority=\"high\" decoding=\"async\" src=\"https:\/\/heraldodemexico.com.mx\/u\/fotografias\/m\/2026\/2\/23\/f768x1-1250026_1250153_5050.jpg\" alt=\"\" width=\"768\" height=\"435\" \/><\/figure>\n<\/div>\n","protected":false},"excerpt":{"rendered":"<p>El secretario de Seguridad, Omar Garc\u00eda Harfuch, previ\u00f3 que se tenga un reacomodo en la organizaci\u00f3n criminal y no una expansi\u00f3n de otros c\u00e1rteles<\/p>\n","protected":false},"author":1,"featured_media":79938,"comment_status":"closed","ping_status":"closed","sticky":false,"template":"","format":"standard","meta":{"_monsterinsights_skip_tracking":false,"_uf_show_specific_survey":0,"_uf_disable_surveys":false,"footnotes":""},"categories":[52,585],"tags":[4144,1804,4145],"class_list":["post-79937","post","type-post","status-publish","format-standard","has-post-thumbnail","hentry","category-nacional","category-principal","tag-gabinete-de-seguridad","tag-omar-garcia-harfuch","tag-el-mencho"],"yoast_head":"<!-- This site is optimized with the Yoast SEO plugin v27.5 - https:\/\/yoast.com\/product\/yoast-seo-wordpress\/ -->\n<title>El Gabinete de Seguridad est\u00e1 preparado para cualquier reacci\u00f3n o reestructuraci\u00f3n en el CJNG: Garc\u00eda Harfuch - Fer Abrajan<\/title>\n<meta name=\"robots\" content=\"index, follow, max-snippet:-1, max-image-preview:large, max-video-preview:-1\" \/>\n<link rel=\"canonical\" href=\"https:\/\/ferabrajan.com\/portal\/2026\/02\/23\/el-gabinete-de-seguridad-esta-preparado-para-cualquier-reaccion-o-reestructuracion-en-el-cjng-garcia-harfuch\/\" \/>\n<meta property=\"og:locale\" content=\"es_ES\" \/>\n<meta property=\"og:type\" content=\"article\" \/>\n<meta property=\"og:title\" content=\"El Gabinete de Seguridad est\u00e1 preparado para cualquier reacci\u00f3n o reestructuraci\u00f3n en el CJNG: Garc\u00eda Harfuch - Fer Abrajan\" \/>\n<meta property=\"og:description\" content=\"El secretario de Seguridad, Omar Garc\u00eda Harfuch, previ\u00f3 que se tenga un reacomodo en la organizaci\u00f3n criminal y no una expansi\u00f3n de otros c\u00e1rteles\" \/>\n<meta property=\"og:url\" content=\"https:\/\/ferabrajan.com\/portal\/2026\/02\/23\/el-gabinete-de-seguridad-esta-preparado-para-cualquier-reaccion-o-reestructuracion-en-el-cjng-garcia-harfuch\/\" \/>\n<meta property=\"og:site_name\" content=\"Fer Abrajan\" \/>\n<meta property=\"article:publisher\" content=\"https:\/\/www.facebook.com\/NoticiasconFerAbrajan\/\" \/>\n<meta property=\"article:published_time\" content=\"2026-02-23T16:04:39+00:00\" \/>\n<meta property=\"og:image\" content=\"https:\/\/ferabrajan.com\/portal\/wp-content\/uploads\/2026\/02\/f848x477-1250034_1307837_5824.jpg\" \/>\n\t<meta property=\"og:image:width\" content=\"848\" \/>\n\t<meta property=\"og:image:height\" content=\"477\" \/>\n\t<meta property=\"og:image:type\" content=\"image\/jpeg\" \/>\n<meta name=\"author\" content=\"admin\" \/>\n<meta name=\"twitter:card\" content=\"summary_large_image\" \/>\n<meta name=\"twitter:creator\" content=\"@ferabrajan1\" \/>\n<meta name=\"twitter:site\" content=\"@ferabrajan1\" \/>\n<meta name=\"twitter:label1\" content=\"Escrito por\" \/>\n\t<meta name=\"twitter:data1\" content=\"admin\" \/>\n\t<meta name=\"twitter:label2\" content=\"Tiempo de lectura\" \/>\n\t<meta name=\"twitter:data2\" content=\"2 minutos\" \/>\n<script type=\"application\/ld+json\" class=\"yoast-schema-graph\">{\"@context\":\"https:\\\/\\\/schema.org\",\"@graph\":[{\"@type\":\"Article\",\"@id\":\"https:\\\/\\\/ferabrajan.com\\\/portal\\\/2026\\\/02\\\/23\\\/el-gabinete-de-seguridad-esta-preparado-para-cualquier-reaccion-o-reestructuracion-en-el-cjng-garcia-harfuch\\\/#article\",\"isPartOf\":{\"@id\":\"https:\\\/\\\/ferabrajan.com\\\/portal\\\/2026\\\/02\\\/23\\\/el-gabinete-de-seguridad-esta-preparado-para-cualquier-reaccion-o-reestructuracion-en-el-cjng-garcia-harfuch\\\/\"},\"author\":{\"name\":\"admin\",\"@id\":\"https:\\\/\\\/ferabrajan.com\\\/portal\\\/#\\\/schema\\\/person\\\/f6113b3cb1e036d5c6a9505685b257ba\"},\"headline\":\"El Gabinete de Seguridad est\u00e1 preparado para cualquier reacci\u00f3n o reestructuraci\u00f3n en el CJNG: Garc\u00eda Harfuch\",\"datePublished\":\"2026-02-23T16:04:39+00:00\",\"mainEntityOfPage\":{\"@id\":\"https:\\\/\\\/ferabrajan.com\\\/portal\\\/2026\\\/02\\\/23\\\/el-gabinete-de-seguridad-esta-preparado-para-cualquier-reaccion-o-reestructuracion-en-el-cjng-garcia-harfuch\\\/\"},\"wordCount\":262,\"publisher\":{\"@id\":\"https:\\\/\\\/ferabrajan.com\\\/portal\\\/#organization\"},\"image\":{\"@id\":\"https:\\\/\\\/ferabrajan.com\\\/portal\\\/2026\\\/02\\\/23\\\/el-gabinete-de-seguridad-esta-preparado-para-cualquier-reaccion-o-reestructuracion-en-el-cjng-garcia-harfuch\\\/#primaryimage\"},\"thumbnailUrl\":\"https:\\\/\\\/ferabrajan.com\\\/portal\\\/wp-content\\\/uploads\\\/2026\\\/02\\\/f848x477-1250034_1307837_5824.jpg\",\"keywords\":[\"Gabinete de Seguridad\",\"Omar Garc\u00eda Harfuch\",\"\u201cEl Mencho\u201d\"],\"articleSection\":[\"Nacional\",\"Principal\"],\"inLanguage\":\"es\"},{\"@type\":\"WebPage\",\"@id\":\"https:\\\/\\\/ferabrajan.com\\\/portal\\\/2026\\\/02\\\/23\\\/el-gabinete-de-seguridad-esta-preparado-para-cualquier-reaccion-o-reestructuracion-en-el-cjng-garcia-harfuch\\\/\",\"url\":\"https:\\\/\\\/ferabrajan.com\\\/portal\\\/2026\\\/02\\\/23\\\/el-gabinete-de-seguridad-esta-preparado-para-cualquier-reaccion-o-reestructuracion-en-el-cjng-garcia-harfuch\\\/\",\"name\":\"El Gabinete de Seguridad est\u00e1 preparado para cualquier reacci\u00f3n o reestructuraci\u00f3n en el CJNG: Garc\u00eda Harfuch - Fer Abrajan\",\"isPartOf\":{\"@id\":\"https:\\\/\\\/ferabrajan.com\\\/portal\\\/#website\"},\"primaryImageOfPage\":{\"@id\":\"https:\\\/\\\/ferabrajan.com\\\/portal\\\/2026\\\/02\\\/23\\\/el-gabinete-de-seguridad-esta-preparado-para-cualquier-reaccion-o-reestructuracion-en-el-cjng-garcia-harfuch\\\/#primaryimage\"},\"image\":{\"@id\":\"https:\\\/\\\/ferabrajan.com\\\/portal\\\/2026\\\/02\\\/23\\\/el-gabinete-de-seguridad-esta-preparado-para-cualquier-reaccion-o-reestructuracion-en-el-cjng-garcia-harfuch\\\/#primaryimage\"},\"thumbnailUrl\":\"https:\\\/\\\/ferabrajan.com\\\/portal\\\/wp-content\\\/uploads\\\/2026\\\/02\\\/f848x477-1250034_1307837_5824.jpg\",\"datePublished\":\"2026-02-23T16:04:39+00:00\",\"breadcrumb\":{\"@id\":\"https:\\\/\\\/ferabrajan.com\\\/portal\\\/2026\\\/02\\\/23\\\/el-gabinete-de-seguridad-esta-preparado-para-cualquier-reaccion-o-reestructuracion-en-el-cjng-garcia-harfuch\\\/#breadcrumb\"},\"inLanguage\":\"es\",\"potentialAction\":[{\"@type\":\"ReadAction\",\"target\":[\"https:\\\/\\\/ferabrajan.com\\\/portal\\\/2026\\\/02\\\/23\\\/el-gabinete-de-seguridad-esta-preparado-para-cualquier-reaccion-o-reestructuracion-en-el-cjng-garcia-harfuch\\\/\"]}]},{\"@type\":\"ImageObject\",\"inLanguage\":\"es\",\"@id\":\"https:\\\/\\\/ferabrajan.com\\\/portal\\\/2026\\\/02\\\/23\\\/el-gabinete-de-seguridad-esta-preparado-para-cualquier-reaccion-o-reestructuracion-en-el-cjng-garcia-harfuch\\\/#primaryimage\",\"url\":\"https:\\\/\\\/ferabrajan.com\\\/portal\\\/wp-content\\\/uploads\\\/2026\\\/02\\\/f848x477-1250034_1307837_5824.jpg\",\"contentUrl\":\"https:\\\/\\\/ferabrajan.com\\\/portal\\\/wp-content\\\/uploads\\\/2026\\\/02\\\/f848x477-1250034_1307837_5824.jpg\",\"width\":848,\"height\":477},{\"@type\":\"BreadcrumbList\",\"@id\":\"https:\\\/\\\/ferabrajan.com\\\/portal\\\/2026\\\/02\\\/23\\\/el-gabinete-de-seguridad-esta-preparado-para-cualquier-reaccion-o-reestructuracion-en-el-cjng-garcia-harfuch\\\/#breadcrumb\",\"itemListElement\":[{\"@type\":\"ListItem\",\"position\":1,\"name\":\"Portada\",\"item\":\"https:\\\/\\\/ferabrajan.com\\\/portal\\\/\"},{\"@type\":\"ListItem\",\"position\":2,\"name\":\"El Gabinete de Seguridad est\u00e1 preparado para cualquier reacci\u00f3n o reestructuraci\u00f3n en el CJNG: Garc\u00eda Harfuch\"}]},{\"@type\":\"WebSite\",\"@id\":\"https:\\\/\\\/ferabrajan.com\\\/portal\\\/#website\",\"url\":\"https:\\\/\\\/ferabrajan.com\\\/portal\\\/\",\"name\":\"Fer Abrajan\",\"description\":\"Noticias de Puebla, opini\u00f3n y radio en vivo\",\"publisher\":{\"@id\":\"https:\\\/\\\/ferabrajan.com\\\/portal\\\/#organization\"},\"potentialAction\":[{\"@type\":\"SearchAction\",\"target\":{\"@type\":\"EntryPoint\",\"urlTemplate\":\"https:\\\/\\\/ferabrajan.com\\\/portal\\\/?s={search_term_string}\"},\"query-input\":{\"@type\":\"PropertyValueSpecification\",\"valueRequired\":true,\"valueName\":\"search_term_string\"}}],\"inLanguage\":\"es\"},{\"@type\":\"Organization\",\"@id\":\"https:\\\/\\\/ferabrajan.com\\\/portal\\\/#organization\",\"name\":\"Fer Abrajan\",\"url\":\"https:\\\/\\\/ferabrajan.com\\\/portal\\\/\",\"logo\":{\"@type\":\"ImageObject\",\"inLanguage\":\"es\",\"@id\":\"https:\\\/\\\/ferabrajan.com\\\/portal\\\/#\\\/schema\\\/logo\\\/image\\\/\",\"url\":\"https:\\\/\\\/ferabrajan.com\\\/portal\\\/wp-content\\\/uploads\\\/2024\\\/10\\\/cropped-logo.jpeg\",\"contentUrl\":\"https:\\\/\\\/ferabrajan.com\\\/portal\\\/wp-content\\\/uploads\\\/2024\\\/10\\\/cropped-logo.jpeg\",\"width\":500,\"height\":250,\"caption\":\"Fer Abrajan\"},\"image\":{\"@id\":\"https:\\\/\\\/ferabrajan.com\\\/portal\\\/#\\\/schema\\\/logo\\\/image\\\/\"},\"sameAs\":[\"https:\\\/\\\/www.facebook.com\\\/NoticiasconFerAbrajan\\\/\",\"https:\\\/\\\/x.com\\\/ferabrajan1\"]},{\"@type\":\"Person\",\"@id\":\"https:\\\/\\\/ferabrajan.com\\\/portal\\\/#\\\/schema\\\/person\\\/f6113b3cb1e036d5c6a9505685b257ba\",\"name\":\"admin\",\"image\":{\"@type\":\"ImageObject\",\"inLanguage\":\"es\",\"@id\":\"https:\\\/\\\/secure.gravatar.com\\\/avatar\\\/072baa72775aad53c748dfc5d3048578e01b6c087eef335459ebfa04344e2d18?s=96&d=mm&r=g\",\"url\":\"https:\\\/\\\/secure.gravatar.com\\\/avatar\\\/072baa72775aad53c748dfc5d3048578e01b6c087eef335459ebfa04344e2d18?s=96&d=mm&r=g\",\"contentUrl\":\"https:\\\/\\\/secure.gravatar.com\\\/avatar\\\/072baa72775aad53c748dfc5d3048578e01b6c087eef335459ebfa04344e2d18?s=96&d=mm&r=g\",\"caption\":\"admin\"},\"sameAs\":[\"https:\\\/\\\/ferabrajan.com\\\/portal\"],\"url\":\"https:\\\/\\\/ferabrajan.com\\\/portal\\\/author\\\/admin\\\/\"}]}<\/script>\n<!-- \/ Yoast SEO plugin. -->","yoast_head_json":{"title":"El Gabinete de Seguridad est\u00e1 preparado para cualquier reacci\u00f3n o reestructuraci\u00f3n en el CJNG: Garc\u00eda Harfuch - Fer Abrajan","robots":{"index":"index","follow":"follow","max-snippet":"max-snippet:-1","max-image-preview":"max-image-preview:large","max-video-preview":"max-video-preview:-1"},"canonical":"https:\/\/ferabrajan.com\/portal\/2026\/02\/23\/el-gabinete-de-seguridad-esta-preparado-para-cualquier-reaccion-o-reestructuracion-en-el-cjng-garcia-harfuch\/","og_locale":"es_ES","og_type":"article","og_title":"El Gabinete de Seguridad est\u00e1 preparado para cualquier reacci\u00f3n o reestructuraci\u00f3n en el CJNG: Garc\u00eda Harfuch - Fer Abrajan","og_description":"El secretario de Seguridad, Omar Garc\u00eda Harfuch, previ\u00f3 que se tenga un reacomodo en la organizaci\u00f3n criminal y no una expansi\u00f3n de otros c\u00e1rteles","og_url":"https:\/\/ferabrajan.com\/portal\/2026\/02\/23\/el-gabinete-de-seguridad-esta-preparado-para-cualquier-reaccion-o-reestructuracion-en-el-cjng-garcia-harfuch\/","og_site_name":"Fer Abrajan","article_publisher":"https:\/\/www.facebook.com\/NoticiasconFerAbrajan\/","article_published_time":"2026-02-23T16:04:39+00:00","og_image":[{"width":848,"height":477,"url":"https:\/\/ferabrajan.com\/portal\/wp-content\/uploads\/2026\/02\/f848x477-1250034_1307837_5824.jpg","type":"image\/jpeg"}],"author":"admin","twitter_card":"summary_large_image","twitter_creator":"@ferabrajan1","twitter_site":"@ferabrajan1","twitter_misc":{"Escrito por":"admin","Tiempo de lectura":"2 minutos"},"schema":{"@context":"https:\/\/schema.org","@graph":[{"@type":"Article","@id":"https:\/\/ferabrajan.com\/portal\/2026\/02\/23\/el-gabinete-de-seguridad-esta-preparado-para-cualquier-reaccion-o-reestructuracion-en-el-cjng-garcia-harfuch\/#article","isPartOf":{"@id":"https:\/\/ferabrajan.com\/portal\/2026\/02\/23\/el-gabinete-de-seguridad-esta-preparado-para-cualquier-reaccion-o-reestructuracion-en-el-cjng-garcia-harfuch\/"},"author":{"name":"admin","@id":"https:\/\/ferabrajan.com\/portal\/#\/schema\/person\/f6113b3cb1e036d5c6a9505685b257ba"},"headline":"El Gabinete de Seguridad est\u00e1 preparado para cualquier reacci\u00f3n o reestructuraci\u00f3n en el CJNG: Garc\u00eda Harfuch","datePublished":"2026-02-23T16:04:39+00:00","mainEntityOfPage":{"@id":"https:\/\/ferabrajan.com\/portal\/2026\/02\/23\/el-gabinete-de-seguridad-esta-preparado-para-cualquier-reaccion-o-reestructuracion-en-el-cjng-garcia-harfuch\/"},"wordCount":262,"publisher":{"@id":"https:\/\/ferabrajan.com\/portal\/#organization"},"image":{"@id":"https:\/\/ferabrajan.com\/portal\/2026\/02\/23\/el-gabinete-de-seguridad-esta-preparado-para-cualquier-reaccion-o-reestructuracion-en-el-cjng-garcia-harfuch\/#primaryimage"},"thumbnailUrl":"https:\/\/ferabrajan.com\/portal\/wp-content\/uploads\/2026\/02\/f848x477-1250034_1307837_5824.jpg","keywords":["Gabinete de Seguridad","Omar Garc\u00eda Harfuch","\u201cEl Mencho\u201d"],"articleSection":["Nacional","Principal"],"inLanguage":"es"},{"@type":"WebPage","@id":"https:\/\/ferabrajan.com\/portal\/2026\/02\/23\/el-gabinete-de-seguridad-esta-preparado-para-cualquier-reaccion-o-reestructuracion-en-el-cjng-garcia-harfuch\/","url":"https:\/\/ferabrajan.com\/portal\/2026\/02\/23\/el-gabinete-de-seguridad-esta-preparado-para-cualquier-reaccion-o-reestructuracion-en-el-cjng-garcia-harfuch\/","name":"El Gabinete de Seguridad est\u00e1 preparado para cualquier reacci\u00f3n o reestructuraci\u00f3n en el CJNG: Garc\u00eda Harfuch - Fer Abrajan","isPartOf":{"@id":"https:\/\/ferabrajan.com\/portal\/#website"},"primaryImageOfPage":{"@id":"https:\/\/ferabrajan.com\/portal\/2026\/02\/23\/el-gabinete-de-seguridad-esta-preparado-para-cualquier-reaccion-o-reestructuracion-en-el-cjng-garcia-harfuch\/#primaryimage"},"image":{"@id":"https:\/\/ferabrajan.com\/portal\/2026\/02\/23\/el-gabinete-de-seguridad-esta-preparado-para-cualquier-reaccion-o-reestructuracion-en-el-cjng-garcia-harfuch\/#primaryimage"},"thumbnailUrl":"https:\/\/ferabrajan.com\/portal\/wp-content\/uploads\/2026\/02\/f848x477-1250034_1307837_5824.jpg","datePublished":"2026-02-23T16:04:39+00:00","breadcrumb":{"@id":"https:\/\/ferabrajan.com\/portal\/2026\/02\/23\/el-gabinete-de-seguridad-esta-preparado-para-cualquier-reaccion-o-reestructuracion-en-el-cjng-garcia-harfuch\/#breadcrumb"},"inLanguage":"es","potentialAction":[{"@type":"ReadAction","target":["https:\/\/ferabrajan.com\/portal\/2026\/02\/23\/el-gabinete-de-seguridad-esta-preparado-para-cualquier-reaccion-o-reestructuracion-en-el-cjng-garcia-harfuch\/"]}]},{"@type":"ImageObject","inLanguage":"es","@id":"https:\/\/ferabrajan.com\/portal\/2026\/02\/23\/el-gabinete-de-seguridad-esta-preparado-para-cualquier-reaccion-o-reestructuracion-en-el-cjng-garcia-harfuch\/#primaryimage","url":"https:\/\/ferabrajan.com\/portal\/wp-content\/uploads\/2026\/02\/f848x477-1250034_1307837_5824.jpg","contentUrl":"https:\/\/ferabrajan.com\/portal\/wp-content\/uploads\/2026\/02\/f848x477-1250034_1307837_5824.jpg","width":848,"height":477},{"@type":"BreadcrumbList","@id":"https:\/\/ferabrajan.com\/portal\/2026\/02\/23\/el-gabinete-de-seguridad-esta-preparado-para-cualquier-reaccion-o-reestructuracion-en-el-cjng-garcia-harfuch\/#breadcrumb","itemListElement":[{"@type":"ListItem","position":1,"name":"Portada","item":"https:\/\/ferabrajan.com\/portal\/"},{"@type":"ListItem","position":2,"name":"El Gabinete de Seguridad est\u00e1 preparado para cualquier reacci\u00f3n o reestructuraci\u00f3n en el CJNG: Garc\u00eda Harfuch"}]},{"@type":"WebSite","@id":"https:\/\/ferabrajan.com\/portal\/#website","url":"https:\/\/ferabrajan.com\/portal\/","name":"Fer Abrajan","description":"Noticias de Puebla, opini\u00f3n y radio en vivo","publisher":{"@id":"https:\/\/ferabrajan.com\/portal\/#organization"},"potentialAction":[{"@type":"SearchAction","target":{"@type":"EntryPoint","urlTemplate":"https:\/\/ferabrajan.com\/portal\/?s={search_term_string}"},"query-input":{"@type":"PropertyValueSpecification","valueRequired":true,"valueName":"search_term_string"}}],"inLanguage":"es"},{"@type":"Organization","@id":"https:\/\/ferabrajan.com\/portal\/#organization","name":"Fer Abrajan","url":"https:\/\/ferabrajan.com\/portal\/","logo":{"@type":"ImageObject","inLanguage":"es","@id":"https:\/\/ferabrajan.com\/portal\/#\/schema\/logo\/image\/","url":"https:\/\/ferabrajan.com\/portal\/wp-content\/uploads\/2024\/10\/cropped-logo.jpeg","contentUrl":"https:\/\/ferabrajan.com\/portal\/wp-content\/uploads\/2024\/10\/cropped-logo.jpeg","width":500,"height":250,"caption":"Fer Abrajan"},"image":{"@id":"https:\/\/ferabrajan.com\/portal\/#\/schema\/logo\/image\/"},"sameAs":["https:\/\/www.facebook.com\/NoticiasconFerAbrajan\/","https:\/\/x.com\/ferabrajan1"]},{"@type":"Person","@id":"https:\/\/ferabrajan.com\/portal\/#\/schema\/person\/f6113b3cb1e036d5c6a9505685b257ba","name":"admin","image":{"@type":"ImageObject","inLanguage":"es","@id":"https:\/\/secure.gravatar.com\/avatar\/072baa72775aad53c748dfc5d3048578e01b6c087eef335459ebfa04344e2d18?s=96&d=mm&r=g","url":"https:\/\/secure.gravatar.com\/avatar\/072baa72775aad53c748dfc5d3048578e01b6c087eef335459ebfa04344e2d18?s=96&d=mm&r=g","contentUrl":"https:\/\/secure.gravatar.com\/avatar\/072baa72775aad53c748dfc5d3048578e01b6c087eef335459ebfa04344e2d18?s=96&d=mm&r=g","caption":"admin"},"sameAs":["https:\/\/ferabrajan.com\/portal"],"url":"https:\/\/ferabrajan.com\/portal\/author\/admin\/"}]}},"_links":{"self":[{"href":"https:\/\/ferabrajan.com\/portal\/wp-json\/wp\/v2\/posts\/79937","targetHints":{"allow":["GET"]}}],"collection":[{"href":"https:\/\/ferabrajan.com\/portal\/wp-json\/wp\/v2\/posts"}],"about":[{"href":"https:\/\/ferabrajan.com\/portal\/wp-json\/wp\/v2\/types\/post"}],"author":[{"embeddable":true,"href":"https:\/\/ferabrajan.com\/portal\/wp-json\/wp\/v2\/users\/1"}],"replies":[{"embeddable":true,"href":"https:\/\/ferabrajan.com\/portal\/wp-json\/wp\/v2\/comments?post=79937"}],"version-history":[{"count":1,"href":"https:\/\/ferabrajan.com\/portal\/wp-json\/wp\/v2\/posts\/79937\/revisions"}],"predecessor-version":[{"id":79939,"href":"https:\/\/ferabrajan.com\/portal\/wp-json\/wp\/v2\/posts\/79937\/revisions\/79939"}],"wp:featuredmedia":[{"embeddable":true,"href":"https:\/\/ferabrajan.com\/portal\/wp-json\/wp\/v2\/media\/79938"}],"wp:attachment":[{"href":"https:\/\/ferabrajan.com\/portal\/wp-json\/wp\/v2\/media?parent=79937"}],"wp:term":[{"taxonomy":"category","embeddable":true,"href":"https:\/\/ferabrajan.com\/portal\/wp-json\/wp\/v2\/categories?post=79937"},{"taxonomy":"post_tag","embeddable":true,"href":"https:\/\/ferabrajan.com\/portal\/wp-json\/wp\/v2\/tags?post=79937"}],"curies":[{"name":"wp","href":"https:\/\/api.w.org\/{rel}","templated":true}]}}