{"id":79934,"date":"2026-02-23T15:57:44","date_gmt":"2026-02-23T15:57:44","guid":{"rendered":"https:\/\/ferabrajan.com\/portal\/?p=79934"},"modified":"2026-02-23T15:57:44","modified_gmt":"2026-02-23T15:57:44","slug":"pareja-sentimental-de-el-mencho-fue-clave-para-dar-con-su-ubicacion-defensa-narra-paso-a-paso-su-captura","status":"publish","type":"post","link":"https:\/\/ferabrajan.com\/portal\/2026\/02\/23\/pareja-sentimental-de-el-mencho-fue-clave-para-dar-con-su-ubicacion-defensa-narra-paso-a-paso-su-captura\/","title":{"rendered":"Pareja sentimental de &#8216;El Mencho&#8217; fue clave para dar con su ubicaci\u00f3n; Defensa narra paso a paso su captura"},"content":{"rendered":"<p>Este lunes 23 de febrero, el general\u00a0<strong>Ricardo Trevilla Trejo<\/strong>, secretario de la\u00a0<strong>Defensa Nacional<\/strong>, inform\u00f3 que\u00a0<strong>Nemesio Oseguera \u00abEl Mencho\u00bb\u00a0<\/strong>fue capturado<strong>\u00a0<\/strong>gracias a los trabajos de\u00a0inteligencia militar central e informaci\u00f3n complementaria de instituciones de<strong>\u00a0Estados Unidos<\/strong>.<\/p>\n<p>Destac\u00f3 que la\u00a0<strong>Defensa<\/strong>\u00a0hizo seguimiento<strong>\u00a0<\/strong>a la\u00a0<strong>red de v\u00ednculos\u00a0<\/strong>de ese l\u00edder del narcotr\u00e1fico hasta que se dieron las condiciones para su\u00a0<strong>detenci\u00f3n,\u00a0<\/strong>en la que fue clave una de las parejas sentimentales del l\u00edder del\u00a0<strong>C\u00e1rtel Jalisco Nueva Generaci\u00f3n<\/strong>\u00a0(<strong>CJNG<\/strong>).<\/p>\n<p>&nbsp;<\/p>\n<blockquote><p>\u00abEl 20 de febrero mediante trabajaos de inteligencia militar central se ubic\u00f3 a un hombre de confianza de una de las parejas sentimentales del Mencho que la traslad\u00f3 a una instalaci\u00f3n en el poblado de Tapalpa, Jalisco\u00bb.<\/p><\/blockquote>\n<p>La mujer se reuni\u00f3\u00a0con \u00ab<strong>El Mencho\u00bb\u00a0<\/strong>y se retir\u00f3\u00a0el 21 de febrero del inmueble, pero el l\u00edder de esa organizaci\u00f3n delictiva\u00a0permaneci\u00f3\u00a0all\u00ed con un c\u00edrculo de seguridad, por lo que\u00a0las\u00a0fuerzas especiales del Ej\u00e9rcito y de la Guardia Nacional, as\u00ed como\u00a0aeronaves de la Fuerza A\u00e9rea Mexicana,\u00a0se encargaron de planear\u00a0la operaci\u00f3n.<\/p>\n<div class=\"image-align-center\">\n<figure class=\"image\"><img fetchpriority=\"high\" decoding=\"async\" src=\"https:\/\/heraldodemexico.com.mx\/u\/fotografias\/m\/2026\/2\/23\/f768x1-1250002_1250129_5050.png\" alt=\"\" width=\"768\" height=\"439\" \/><figcaption>Desarrollo del operativo. Foto: Gobierno de M\u00e9xico<\/figcaption><\/figure>\n<\/div>\n<p>Tras corroborarse\u00a0que el \u201cEl Mencho\u201d segu\u00eda en el lugar,\u00a0la fuerza operativa terrestre se desplaz\u00f3 hacia el inmueble para detenerlo; sin embargo,\u00a0el c\u00edrculo de seguridad del l\u00edder criminal abri\u00f3 fuego en contra de los soldados y guardias nacionales, lo que deriv\u00f3 en un enfrentamiento.<\/p>\n<blockquote><p>\u00abRealmente fue un ataque muy violento, el que realiz\u00f3 el personal de la delincuencia organizada y el personal militar de fuerzas especiales repele la acci\u00f3n\u00bb, dijo.<\/p><\/blockquote>\n<h2>\u2018El Mencho\u2019 huy\u00f3 a una zona boscosa y se\u00a0ocult\u00f3\u00a0en la maleza<\/h2>\n<p>El\u00a0cofundador del\u00a0<strong>Cartel Jalisco Nueva Generaci\u00f3n<\/strong>\u00a0y su c\u00edrculo cercano huyeron a una zona boscosa, pero fue encontrado entre la maleza en\u00a0Tapalpa.<\/p>\n<p>De acuerdo con informaci\u00f3n del\u00a0<strong>Gobierno de M\u00e9xico<\/strong>, debido a\u00a0las lesiones causadas durante el enfrentamiento,\u00a0fue necesario la evacuaci\u00f3n a una instalaci\u00f3n m\u00e9dica en Jalisco, pero \u201cEl Mencho\u201d y sus escoltas fallecieron en el trayecto. Primero fueron\u00a0trasladados\u00a0a Morelia\u00a0y, posteriormente, a Ciudad de M\u00e9xico.<\/p>\n<p>Adem\u00e1s, con\u00a0Inteligencia Militar Central, se identific\u00f3\u00a0a Hugo \u201cH\u201d alias \u00abTuli\u201d, operador financiero, quien estaba\u00a0en El Grullo, Jalisco y\u00a0tambi\u00e9n fue abatido.<\/p>\n<p>Trevilla Trejo aclar\u00f3 que en\u00a0total fueron ocho delincuentes los que perdieron la vida en la operaci\u00f3n, y\u00a0se aseguraron 7 armas largas, 2 lanzacohetes , 8 veh\u00edculos, 2 racer, cartuchos y cargadores, asimismo, 2 militares fueron heridos.<\/p>\n<p>Con Informaci\u00f3n de; <a href=\"https:\/\/heraldodemexico.com.mx\/nacional\/2026\/2\/23\/pareja-sentimental-de-el-mencho-fue-clave-para-dar-con-su-ubicacion-defensa-narra-paso-paso-su-captura-772592.html\">Pareja sentimental de &#8216;El Mencho&#8217; fue clave para dar con su ubicaci\u00f3n; Defensa narra paso a paso su captura &#8211; El Heraldo de M\u00e9xico<\/a><\/p>\n<p>&nbsp;<\/p>\n<aside class=\"htmlinline\">\n<div id=\"div-gpt-ad-interarticle(1)\" data-google-query-id=\"CMD7hcv875IDFYzh_QUdUUQwWg\">\n<div id=\"google_ads_iframe_\/21791093160\/interarticle(1)_0__container__\"><\/div>\n<\/div>\n<\/aside>\n","protected":false},"excerpt":{"rendered":"<p>El general Ricardo Trevilla Trejo, secretario de la Defensa Nacional, brind\u00f3 detalles sobre el operativo en el que fue abatido el l\u00edder del CJNG<\/p>\n","protected":false},"author":1,"featured_media":79935,"comment_status":"closed","ping_status":"closed","sticky":false,"template":"","format":"standard","meta":{"_monsterinsights_skip_tracking":false,"_uf_show_specific_survey":0,"_uf_disable_surveys":false,"footnotes":""},"categories":[52,585],"tags":[2341,4142,4143],"class_list":["post-79934","post","type-post","status-publish","format-standard","has-post-thumbnail","hentry","category-nacional","category-principal","tag-defensa-nacional","tag-general-ricardo-trevilla-trejo","tag-nemesio-oseguera-el-mencho"],"yoast_head":"<!-- This site is optimized with the Yoast SEO plugin v27.5 - https:\/\/yoast.com\/product\/yoast-seo-wordpress\/ -->\n<title>Pareja sentimental de &#039;El Mencho&#039; fue clave para dar con su ubicaci\u00f3n; Defensa narra paso a paso su captura - Fer Abrajan<\/title>\n<meta name=\"robots\" content=\"index, follow, max-snippet:-1, max-image-preview:large, max-video-preview:-1\" \/>\n<link rel=\"canonical\" href=\"https:\/\/ferabrajan.com\/portal\/2026\/02\/23\/pareja-sentimental-de-el-mencho-fue-clave-para-dar-con-su-ubicacion-defensa-narra-paso-a-paso-su-captura\/\" \/>\n<meta property=\"og:locale\" content=\"es_ES\" \/>\n<meta property=\"og:type\" content=\"article\" \/>\n<meta property=\"og:title\" content=\"Pareja sentimental de &#039;El Mencho&#039; fue clave para dar con su ubicaci\u00f3n; Defensa narra paso a paso su captura - Fer Abrajan\" \/>\n<meta property=\"og:description\" content=\"El general Ricardo Trevilla Trejo, secretario de la Defensa Nacional, brind\u00f3 detalles sobre el operativo en el que fue abatido el l\u00edder del CJNG\" \/>\n<meta property=\"og:url\" content=\"https:\/\/ferabrajan.com\/portal\/2026\/02\/23\/pareja-sentimental-de-el-mencho-fue-clave-para-dar-con-su-ubicacion-defensa-narra-paso-a-paso-su-captura\/\" \/>\n<meta property=\"og:site_name\" content=\"Fer Abrajan\" \/>\n<meta property=\"article:publisher\" content=\"https:\/\/www.facebook.com\/NoticiasconFerAbrajan\/\" \/>\n<meta property=\"article:published_time\" content=\"2026-02-23T15:57:44+00:00\" \/>\n<meta property=\"og:image\" content=\"https:\/\/ferabrajan.com\/portal\/wp-content\/uploads\/2026\/02\/f848x477-1249991_1307794_5050.jpeg\" \/>\n\t<meta property=\"og:image:width\" content=\"848\" \/>\n\t<meta property=\"og:image:height\" content=\"477\" \/>\n\t<meta property=\"og:image:type\" content=\"image\/jpeg\" \/>\n<meta name=\"author\" content=\"admin\" \/>\n<meta name=\"twitter:card\" content=\"summary_large_image\" \/>\n<meta name=\"twitter:creator\" content=\"@ferabrajan1\" \/>\n<meta name=\"twitter:site\" content=\"@ferabrajan1\" \/>\n<meta name=\"twitter:label1\" content=\"Escrito por\" \/>\n\t<meta name=\"twitter:data1\" content=\"admin\" \/>\n\t<meta name=\"twitter:label2\" content=\"Tiempo de lectura\" \/>\n\t<meta name=\"twitter:data2\" content=\"3 minutos\" \/>\n<script type=\"application\/ld+json\" class=\"yoast-schema-graph\">{\"@context\":\"https:\\\/\\\/schema.org\",\"@graph\":[{\"@type\":\"Article\",\"@id\":\"https:\\\/\\\/ferabrajan.com\\\/portal\\\/2026\\\/02\\\/23\\\/pareja-sentimental-de-el-mencho-fue-clave-para-dar-con-su-ubicacion-defensa-narra-paso-a-paso-su-captura\\\/#article\",\"isPartOf\":{\"@id\":\"https:\\\/\\\/ferabrajan.com\\\/portal\\\/2026\\\/02\\\/23\\\/pareja-sentimental-de-el-mencho-fue-clave-para-dar-con-su-ubicacion-defensa-narra-paso-a-paso-su-captura\\\/\"},\"author\":{\"name\":\"admin\",\"@id\":\"https:\\\/\\\/ferabrajan.com\\\/portal\\\/#\\\/schema\\\/person\\\/f6113b3cb1e036d5c6a9505685b257ba\"},\"headline\":\"Pareja sentimental de &#8216;El Mencho&#8217; fue clave para dar con su ubicaci\u00f3n; Defensa narra paso a paso su captura\",\"datePublished\":\"2026-02-23T15:57:44+00:00\",\"mainEntityOfPage\":{\"@id\":\"https:\\\/\\\/ferabrajan.com\\\/portal\\\/2026\\\/02\\\/23\\\/pareja-sentimental-de-el-mencho-fue-clave-para-dar-con-su-ubicacion-defensa-narra-paso-a-paso-su-captura\\\/\"},\"wordCount\":476,\"publisher\":{\"@id\":\"https:\\\/\\\/ferabrajan.com\\\/portal\\\/#organization\"},\"image\":{\"@id\":\"https:\\\/\\\/ferabrajan.com\\\/portal\\\/2026\\\/02\\\/23\\\/pareja-sentimental-de-el-mencho-fue-clave-para-dar-con-su-ubicacion-defensa-narra-paso-a-paso-su-captura\\\/#primaryimage\"},\"thumbnailUrl\":\"https:\\\/\\\/ferabrajan.com\\\/portal\\\/wp-content\\\/uploads\\\/2026\\\/02\\\/f848x477-1249991_1307794_5050.jpeg\",\"keywords\":[\"Defensa Nacional\",\"general\u00a0Ricardo Trevilla Trejo\",\"Nemesio Oseguera \\\"El Mencho\\\"\"],\"articleSection\":[\"Nacional\",\"Principal\"],\"inLanguage\":\"es\"},{\"@type\":\"WebPage\",\"@id\":\"https:\\\/\\\/ferabrajan.com\\\/portal\\\/2026\\\/02\\\/23\\\/pareja-sentimental-de-el-mencho-fue-clave-para-dar-con-su-ubicacion-defensa-narra-paso-a-paso-su-captura\\\/\",\"url\":\"https:\\\/\\\/ferabrajan.com\\\/portal\\\/2026\\\/02\\\/23\\\/pareja-sentimental-de-el-mencho-fue-clave-para-dar-con-su-ubicacion-defensa-narra-paso-a-paso-su-captura\\\/\",\"name\":\"Pareja sentimental de 'El Mencho' fue clave para dar con su ubicaci\u00f3n; Defensa narra paso a paso su captura - Fer Abrajan\",\"isPartOf\":{\"@id\":\"https:\\\/\\\/ferabrajan.com\\\/portal\\\/#website\"},\"primaryImageOfPage\":{\"@id\":\"https:\\\/\\\/ferabrajan.com\\\/portal\\\/2026\\\/02\\\/23\\\/pareja-sentimental-de-el-mencho-fue-clave-para-dar-con-su-ubicacion-defensa-narra-paso-a-paso-su-captura\\\/#primaryimage\"},\"image\":{\"@id\":\"https:\\\/\\\/ferabrajan.com\\\/portal\\\/2026\\\/02\\\/23\\\/pareja-sentimental-de-el-mencho-fue-clave-para-dar-con-su-ubicacion-defensa-narra-paso-a-paso-su-captura\\\/#primaryimage\"},\"thumbnailUrl\":\"https:\\\/\\\/ferabrajan.com\\\/portal\\\/wp-content\\\/uploads\\\/2026\\\/02\\\/f848x477-1249991_1307794_5050.jpeg\",\"datePublished\":\"2026-02-23T15:57:44+00:00\",\"breadcrumb\":{\"@id\":\"https:\\\/\\\/ferabrajan.com\\\/portal\\\/2026\\\/02\\\/23\\\/pareja-sentimental-de-el-mencho-fue-clave-para-dar-con-su-ubicacion-defensa-narra-paso-a-paso-su-captura\\\/#breadcrumb\"},\"inLanguage\":\"es\",\"potentialAction\":[{\"@type\":\"ReadAction\",\"target\":[\"https:\\\/\\\/ferabrajan.com\\\/portal\\\/2026\\\/02\\\/23\\\/pareja-sentimental-de-el-mencho-fue-clave-para-dar-con-su-ubicacion-defensa-narra-paso-a-paso-su-captura\\\/\"]}]},{\"@type\":\"ImageObject\",\"inLanguage\":\"es\",\"@id\":\"https:\\\/\\\/ferabrajan.com\\\/portal\\\/2026\\\/02\\\/23\\\/pareja-sentimental-de-el-mencho-fue-clave-para-dar-con-su-ubicacion-defensa-narra-paso-a-paso-su-captura\\\/#primaryimage\",\"url\":\"https:\\\/\\\/ferabrajan.com\\\/portal\\\/wp-content\\\/uploads\\\/2026\\\/02\\\/f848x477-1249991_1307794_5050.jpeg\",\"contentUrl\":\"https:\\\/\\\/ferabrajan.com\\\/portal\\\/wp-content\\\/uploads\\\/2026\\\/02\\\/f848x477-1249991_1307794_5050.jpeg\",\"width\":848,\"height\":477},{\"@type\":\"BreadcrumbList\",\"@id\":\"https:\\\/\\\/ferabrajan.com\\\/portal\\\/2026\\\/02\\\/23\\\/pareja-sentimental-de-el-mencho-fue-clave-para-dar-con-su-ubicacion-defensa-narra-paso-a-paso-su-captura\\\/#breadcrumb\",\"itemListElement\":[{\"@type\":\"ListItem\",\"position\":1,\"name\":\"Portada\",\"item\":\"https:\\\/\\\/ferabrajan.com\\\/portal\\\/\"},{\"@type\":\"ListItem\",\"position\":2,\"name\":\"Pareja sentimental de &#8216;El Mencho&#8217; fue clave para dar con su ubicaci\u00f3n; Defensa narra paso a paso su captura\"}]},{\"@type\":\"WebSite\",\"@id\":\"https:\\\/\\\/ferabrajan.com\\\/portal\\\/#website\",\"url\":\"https:\\\/\\\/ferabrajan.com\\\/portal\\\/\",\"name\":\"Fer Abrajan\",\"description\":\"Noticias de Puebla, opini\u00f3n y radio en vivo\",\"publisher\":{\"@id\":\"https:\\\/\\\/ferabrajan.com\\\/portal\\\/#organization\"},\"potentialAction\":[{\"@type\":\"SearchAction\",\"target\":{\"@type\":\"EntryPoint\",\"urlTemplate\":\"https:\\\/\\\/ferabrajan.com\\\/portal\\\/?s={search_term_string}\"},\"query-input\":{\"@type\":\"PropertyValueSpecification\",\"valueRequired\":true,\"valueName\":\"search_term_string\"}}],\"inLanguage\":\"es\"},{\"@type\":\"Organization\",\"@id\":\"https:\\\/\\\/ferabrajan.com\\\/portal\\\/#organization\",\"name\":\"Fer Abrajan\",\"url\":\"https:\\\/\\\/ferabrajan.com\\\/portal\\\/\",\"logo\":{\"@type\":\"ImageObject\",\"inLanguage\":\"es\",\"@id\":\"https:\\\/\\\/ferabrajan.com\\\/portal\\\/#\\\/schema\\\/logo\\\/image\\\/\",\"url\":\"https:\\\/\\\/ferabrajan.com\\\/portal\\\/wp-content\\\/uploads\\\/2024\\\/10\\\/cropped-logo.jpeg\",\"contentUrl\":\"https:\\\/\\\/ferabrajan.com\\\/portal\\\/wp-content\\\/uploads\\\/2024\\\/10\\\/cropped-logo.jpeg\",\"width\":500,\"height\":250,\"caption\":\"Fer Abrajan\"},\"image\":{\"@id\":\"https:\\\/\\\/ferabrajan.com\\\/portal\\\/#\\\/schema\\\/logo\\\/image\\\/\"},\"sameAs\":[\"https:\\\/\\\/www.facebook.com\\\/NoticiasconFerAbrajan\\\/\",\"https:\\\/\\\/x.com\\\/ferabrajan1\"]},{\"@type\":\"Person\",\"@id\":\"https:\\\/\\\/ferabrajan.com\\\/portal\\\/#\\\/schema\\\/person\\\/f6113b3cb1e036d5c6a9505685b257ba\",\"name\":\"admin\",\"image\":{\"@type\":\"ImageObject\",\"inLanguage\":\"es\",\"@id\":\"https:\\\/\\\/secure.gravatar.com\\\/avatar\\\/072baa72775aad53c748dfc5d3048578e01b6c087eef335459ebfa04344e2d18?s=96&d=mm&r=g\",\"url\":\"https:\\\/\\\/secure.gravatar.com\\\/avatar\\\/072baa72775aad53c748dfc5d3048578e01b6c087eef335459ebfa04344e2d18?s=96&d=mm&r=g\",\"contentUrl\":\"https:\\\/\\\/secure.gravatar.com\\\/avatar\\\/072baa72775aad53c748dfc5d3048578e01b6c087eef335459ebfa04344e2d18?s=96&d=mm&r=g\",\"caption\":\"admin\"},\"sameAs\":[\"https:\\\/\\\/ferabrajan.com\\\/portal\"],\"url\":\"https:\\\/\\\/ferabrajan.com\\\/portal\\\/author\\\/admin\\\/\"}]}<\/script>\n<!-- \/ Yoast SEO plugin. -->","yoast_head_json":{"title":"Pareja sentimental de 'El Mencho' fue clave para dar con su ubicaci\u00f3n; Defensa narra paso a paso su captura - Fer Abrajan","robots":{"index":"index","follow":"follow","max-snippet":"max-snippet:-1","max-image-preview":"max-image-preview:large","max-video-preview":"max-video-preview:-1"},"canonical":"https:\/\/ferabrajan.com\/portal\/2026\/02\/23\/pareja-sentimental-de-el-mencho-fue-clave-para-dar-con-su-ubicacion-defensa-narra-paso-a-paso-su-captura\/","og_locale":"es_ES","og_type":"article","og_title":"Pareja sentimental de 'El Mencho' fue clave para dar con su ubicaci\u00f3n; Defensa narra paso a paso su captura - Fer Abrajan","og_description":"El general Ricardo Trevilla Trejo, secretario de la Defensa Nacional, brind\u00f3 detalles sobre el operativo en el que fue abatido el l\u00edder del CJNG","og_url":"https:\/\/ferabrajan.com\/portal\/2026\/02\/23\/pareja-sentimental-de-el-mencho-fue-clave-para-dar-con-su-ubicacion-defensa-narra-paso-a-paso-su-captura\/","og_site_name":"Fer Abrajan","article_publisher":"https:\/\/www.facebook.com\/NoticiasconFerAbrajan\/","article_published_time":"2026-02-23T15:57:44+00:00","og_image":[{"width":848,"height":477,"url":"https:\/\/ferabrajan.com\/portal\/wp-content\/uploads\/2026\/02\/f848x477-1249991_1307794_5050.jpeg","type":"image\/jpeg"}],"author":"admin","twitter_card":"summary_large_image","twitter_creator":"@ferabrajan1","twitter_site":"@ferabrajan1","twitter_misc":{"Escrito por":"admin","Tiempo de lectura":"3 minutos"},"schema":{"@context":"https:\/\/schema.org","@graph":[{"@type":"Article","@id":"https:\/\/ferabrajan.com\/portal\/2026\/02\/23\/pareja-sentimental-de-el-mencho-fue-clave-para-dar-con-su-ubicacion-defensa-narra-paso-a-paso-su-captura\/#article","isPartOf":{"@id":"https:\/\/ferabrajan.com\/portal\/2026\/02\/23\/pareja-sentimental-de-el-mencho-fue-clave-para-dar-con-su-ubicacion-defensa-narra-paso-a-paso-su-captura\/"},"author":{"name":"admin","@id":"https:\/\/ferabrajan.com\/portal\/#\/schema\/person\/f6113b3cb1e036d5c6a9505685b257ba"},"headline":"Pareja sentimental de &#8216;El Mencho&#8217; fue clave para dar con su ubicaci\u00f3n; Defensa narra paso a paso su captura","datePublished":"2026-02-23T15:57:44+00:00","mainEntityOfPage":{"@id":"https:\/\/ferabrajan.com\/portal\/2026\/02\/23\/pareja-sentimental-de-el-mencho-fue-clave-para-dar-con-su-ubicacion-defensa-narra-paso-a-paso-su-captura\/"},"wordCount":476,"publisher":{"@id":"https:\/\/ferabrajan.com\/portal\/#organization"},"image":{"@id":"https:\/\/ferabrajan.com\/portal\/2026\/02\/23\/pareja-sentimental-de-el-mencho-fue-clave-para-dar-con-su-ubicacion-defensa-narra-paso-a-paso-su-captura\/#primaryimage"},"thumbnailUrl":"https:\/\/ferabrajan.com\/portal\/wp-content\/uploads\/2026\/02\/f848x477-1249991_1307794_5050.jpeg","keywords":["Defensa Nacional","general\u00a0Ricardo Trevilla Trejo","Nemesio Oseguera \"El Mencho\""],"articleSection":["Nacional","Principal"],"inLanguage":"es"},{"@type":"WebPage","@id":"https:\/\/ferabrajan.com\/portal\/2026\/02\/23\/pareja-sentimental-de-el-mencho-fue-clave-para-dar-con-su-ubicacion-defensa-narra-paso-a-paso-su-captura\/","url":"https:\/\/ferabrajan.com\/portal\/2026\/02\/23\/pareja-sentimental-de-el-mencho-fue-clave-para-dar-con-su-ubicacion-defensa-narra-paso-a-paso-su-captura\/","name":"Pareja sentimental de 'El Mencho' fue clave para dar con su ubicaci\u00f3n; Defensa narra paso a paso su captura - Fer Abrajan","isPartOf":{"@id":"https:\/\/ferabrajan.com\/portal\/#website"},"primaryImageOfPage":{"@id":"https:\/\/ferabrajan.com\/portal\/2026\/02\/23\/pareja-sentimental-de-el-mencho-fue-clave-para-dar-con-su-ubicacion-defensa-narra-paso-a-paso-su-captura\/#primaryimage"},"image":{"@id":"https:\/\/ferabrajan.com\/portal\/2026\/02\/23\/pareja-sentimental-de-el-mencho-fue-clave-para-dar-con-su-ubicacion-defensa-narra-paso-a-paso-su-captura\/#primaryimage"},"thumbnailUrl":"https:\/\/ferabrajan.com\/portal\/wp-content\/uploads\/2026\/02\/f848x477-1249991_1307794_5050.jpeg","datePublished":"2026-02-23T15:57:44+00:00","breadcrumb":{"@id":"https:\/\/ferabrajan.com\/portal\/2026\/02\/23\/pareja-sentimental-de-el-mencho-fue-clave-para-dar-con-su-ubicacion-defensa-narra-paso-a-paso-su-captura\/#breadcrumb"},"inLanguage":"es","potentialAction":[{"@type":"ReadAction","target":["https:\/\/ferabrajan.com\/portal\/2026\/02\/23\/pareja-sentimental-de-el-mencho-fue-clave-para-dar-con-su-ubicacion-defensa-narra-paso-a-paso-su-captura\/"]}]},{"@type":"ImageObject","inLanguage":"es","@id":"https:\/\/ferabrajan.com\/portal\/2026\/02\/23\/pareja-sentimental-de-el-mencho-fue-clave-para-dar-con-su-ubicacion-defensa-narra-paso-a-paso-su-captura\/#primaryimage","url":"https:\/\/ferabrajan.com\/portal\/wp-content\/uploads\/2026\/02\/f848x477-1249991_1307794_5050.jpeg","contentUrl":"https:\/\/ferabrajan.com\/portal\/wp-content\/uploads\/2026\/02\/f848x477-1249991_1307794_5050.jpeg","width":848,"height":477},{"@type":"BreadcrumbList","@id":"https:\/\/ferabrajan.com\/portal\/2026\/02\/23\/pareja-sentimental-de-el-mencho-fue-clave-para-dar-con-su-ubicacion-defensa-narra-paso-a-paso-su-captura\/#breadcrumb","itemListElement":[{"@type":"ListItem","position":1,"name":"Portada","item":"https:\/\/ferabrajan.com\/portal\/"},{"@type":"ListItem","position":2,"name":"Pareja sentimental de &#8216;El Mencho&#8217; fue clave para dar con su ubicaci\u00f3n; Defensa narra paso a paso su captura"}]},{"@type":"WebSite","@id":"https:\/\/ferabrajan.com\/portal\/#website","url":"https:\/\/ferabrajan.com\/portal\/","name":"Fer Abrajan","description":"Noticias de Puebla, opini\u00f3n y radio en vivo","publisher":{"@id":"https:\/\/ferabrajan.com\/portal\/#organization"},"potentialAction":[{"@type":"SearchAction","target":{"@type":"EntryPoint","urlTemplate":"https:\/\/ferabrajan.com\/portal\/?s={search_term_string}"},"query-input":{"@type":"PropertyValueSpecification","valueRequired":true,"valueName":"search_term_string"}}],"inLanguage":"es"},{"@type":"Organization","@id":"https:\/\/ferabrajan.com\/portal\/#organization","name":"Fer Abrajan","url":"https:\/\/ferabrajan.com\/portal\/","logo":{"@type":"ImageObject","inLanguage":"es","@id":"https:\/\/ferabrajan.com\/portal\/#\/schema\/logo\/image\/","url":"https:\/\/ferabrajan.com\/portal\/wp-content\/uploads\/2024\/10\/cropped-logo.jpeg","contentUrl":"https:\/\/ferabrajan.com\/portal\/wp-content\/uploads\/2024\/10\/cropped-logo.jpeg","width":500,"height":250,"caption":"Fer Abrajan"},"image":{"@id":"https:\/\/ferabrajan.com\/portal\/#\/schema\/logo\/image\/"},"sameAs":["https:\/\/www.facebook.com\/NoticiasconFerAbrajan\/","https:\/\/x.com\/ferabrajan1"]},{"@type":"Person","@id":"https:\/\/ferabrajan.com\/portal\/#\/schema\/person\/f6113b3cb1e036d5c6a9505685b257ba","name":"admin","image":{"@type":"ImageObject","inLanguage":"es","@id":"https:\/\/secure.gravatar.com\/avatar\/072baa72775aad53c748dfc5d3048578e01b6c087eef335459ebfa04344e2d18?s=96&d=mm&r=g","url":"https:\/\/secure.gravatar.com\/avatar\/072baa72775aad53c748dfc5d3048578e01b6c087eef335459ebfa04344e2d18?s=96&d=mm&r=g","contentUrl":"https:\/\/secure.gravatar.com\/avatar\/072baa72775aad53c748dfc5d3048578e01b6c087eef335459ebfa04344e2d18?s=96&d=mm&r=g","caption":"admin"},"sameAs":["https:\/\/ferabrajan.com\/portal"],"url":"https:\/\/ferabrajan.com\/portal\/author\/admin\/"}]}},"_links":{"self":[{"href":"https:\/\/ferabrajan.com\/portal\/wp-json\/wp\/v2\/posts\/79934","targetHints":{"allow":["GET"]}}],"collection":[{"href":"https:\/\/ferabrajan.com\/portal\/wp-json\/wp\/v2\/posts"}],"about":[{"href":"https:\/\/ferabrajan.com\/portal\/wp-json\/wp\/v2\/types\/post"}],"author":[{"embeddable":true,"href":"https:\/\/ferabrajan.com\/portal\/wp-json\/wp\/v2\/users\/1"}],"replies":[{"embeddable":true,"href":"https:\/\/ferabrajan.com\/portal\/wp-json\/wp\/v2\/comments?post=79934"}],"version-history":[{"count":1,"href":"https:\/\/ferabrajan.com\/portal\/wp-json\/wp\/v2\/posts\/79934\/revisions"}],"predecessor-version":[{"id":79936,"href":"https:\/\/ferabrajan.com\/portal\/wp-json\/wp\/v2\/posts\/79934\/revisions\/79936"}],"wp:featuredmedia":[{"embeddable":true,"href":"https:\/\/ferabrajan.com\/portal\/wp-json\/wp\/v2\/media\/79935"}],"wp:attachment":[{"href":"https:\/\/ferabrajan.com\/portal\/wp-json\/wp\/v2\/media?parent=79934"}],"wp:term":[{"taxonomy":"category","embeddable":true,"href":"https:\/\/ferabrajan.com\/portal\/wp-json\/wp\/v2\/categories?post=79934"},{"taxonomy":"post_tag","embeddable":true,"href":"https:\/\/ferabrajan.com\/portal\/wp-json\/wp\/v2\/tags?post=79934"}],"curies":[{"name":"wp","href":"https:\/\/api.w.org\/{rel}","templated":true}]}}